{"id":12296,"date":"2026-01-21T13:17:24","date_gmt":"2026-01-21T12:17:24","guid":{"rendered":"https:\/\/vieassociative.be\/actualites\/lunion-saint-gilloise-recoit-aujourdhui-le-fc-bayern-de-vincent-kompany-il-ny-a-pas-de-plus-gros-match\/"},"modified":"2026-01-21T13:17:24","modified_gmt":"2026-01-21T12:17:24","slug":"lunion-saint-gilloise-recoit-aujourdhui-le-fc-bayern-de-vincent-kompany-il-ny-a-pas-de-plus-gros-match","status":"publish","type":"post","link":"https:\/\/vieassociative.be\/actualites\/lunion-saint-gilloise-recoit-aujourdhui-le-fc-bayern-de-vincent-kompany-il-ny-a-pas-de-plus-gros-match\/","title":{"rendered":"L&rsquo;Union Saint-Gilloise re\u00e7oit aujourd&rsquo;hui le FC Bayern de Vincent Kompany : \u00ab\u00a0Il n&rsquo;y a pas de plus gros match\u00a0\u00bb"},"content":{"rendered":"<p><strong>A l&rsquo;issue de la saison 2020\/2021, la Royale Union Saint-Gilloise est promue en Jupiler Pro League, en 2022\/2023 l&rsquo;\u00e9quipe bruxelloise atteint les quarts de finale de la Ligue Europa, en 2024 elle remporte la coupe nationale et en 2025 elle devient championne nationale. Ce mercredi, ils vivront le prochain moment fort.<\/strong><\/p>\n<p><span id=\"more-434199\"><\/span>Pour la Royale Union Saint-Gilloise, championne de Belgique, il n&rsquo;y a \u00ab pas de match plus important \u00bb que celui de Munich contre le FC Bayern. L&rsquo;analyse de toutes les forces et qualit\u00e9s des champions allemands du record a pris un temps inhabituellement long \u00e0 l&rsquo;entra\u00eeneur de l&rsquo;Union, David Hubert.<\/p>\n<p>Le joueur de 37 ans l&rsquo;a r\u00e9v\u00e9l\u00e9 avant le duel de la Ligue des champions belge avec l&rsquo;ensemble des stars munichoises autour du buteur Harry Kane ce mercredi (21h\/live en Belgique sur RTL Club et Proximus Pickx) \u00e0 l&rsquo;Allianz Arena.<\/p>\n<div id=\"attachment_434208\" class=\"wp-caption alignleft\" style=\"max-width: 300px\"><img fetchpriority=\"high\" decoding=\"async\" class=\"wp-image-434208 size-medium\" src=\"https:\/\/vieassociative.be\/actualites\/wp-content\/uploads\/2026\/01\/LUnion-Saint-Gilloise-recoit-aujourdhui-le-FC-Bayern-de-Vincent-Kompany.jpg\" alt=\"\" width=\"300\" height=\"200\"><\/div>\n<p>\u00ab\u00a0Le danger au Bayern vient de partout. Normalement, il me faut deux heures pour analyser l&rsquo;adversaire. Celui-ci a pris deux jours\u00a0\u00bb, a rapport\u00e9 Hubert lors de la conf\u00e9rence de presse au stade de Munich. \u00ab\u00a0On peut dire qu&rsquo;il n&rsquo;y a pas de plus grand match. Il n&rsquo;y a presque pas de plus grand d\u00e9fi que de jouer ici contre le Bayern Munich\u00a0\u00bb, a d\u00e9clar\u00e9 Hubert. Il a fait remarquer en plaisantant que m\u00eame les microphones du podium dans la salle de presse \u00e9taient ici particuli\u00e8rement grands.<\/p>\n<p>Malgr\u00e9 toute l&rsquo;appr\u00e9ciation port\u00e9e \u00e0 l&rsquo;\u00e9quipe de son compatriote Vincent Kompany, ils veulent toujours affronter la t\u00e2che hercul\u00e9enne en tant qu&rsquo;outsider. \u00ab\u00a0Nous avons une immense envie, une immense faim de d\u00e9fier le Bayern\u00a0\u00bb, a d\u00e9clar\u00e9 le jeune entra\u00eeneur.<\/p>\n<p><strong>\u2013 Kompany pr\u00e9vient :<\/strong> L&rsquo;entra\u00eeneur du Bayern Vincent Kompany a sa propre histoire avec l&rsquo;Union Saint-Gilloise. En tant qu&rsquo;entra\u00eeneur du RSC Anderlecht, champion de Belgique record, il a perdu quatre matchs sur cinq dans son pays d&rsquo;origine contre l&rsquo;actuel champion de Belgique. Il y aura d\u00e9sormais des retrouvailles en Ligue des champions mercredi \u2013 mais dans des circonstances diff\u00e9rentes.<\/p>\n<p>\u00ab\u00a0C&rsquo;\u00e9tait une autre \u00e9poque, maintenant c&rsquo;est une autre situation\u00a0\u00bb, a d\u00e9clar\u00e9 Kompany avant le premier duel du FC Bayern Munich avec l&rsquo;\u00e9quipe saint-gilloise. Le r\u00f4le de favori revient clairement aux champions allemands du record, qui veulent \u00e9galement \u00eatre aussi clairs que possible \u00e0 domicile pour se qualifier pour les huiti\u00e8mes de finale.<\/p>\n<div id=\"attachment_434205\" class=\"wp-caption alignleft\" style=\"max-width: 300px\"><img decoding=\"async\" class=\"wp-image-434205 size-medium\" src=\"https:\/\/vieassociative.be\/actualites\/wp-content\/uploads\/2026\/01\/1768997844_135_LUnion-Saint-Gilloise-recoit-aujourdhui-le-FC-Bayern-de-Vincent-Kompany.jpg\" alt=\"\" width=\"300\" height=\"200\"><\/div>\n<p>Kompany a exprim\u00e9 son grand respect pour le bon travail constant r\u00e9alis\u00e9 \u00e0 l&rsquo;Union Saint-Gilloise. \u00ab\u00a0Et c&rsquo;est un club qui conna\u00eet le r\u00f4le d&rsquo;outsider\u00a0\u00bb, a d\u00e9clar\u00e9 le Belge de 39 ans. \u00ab\u00a0Ce n&rsquo;est pas un adversaire facile. Ils font un tr\u00e8s bon travail et ont des joueurs super talentueux.\u00a0\u00bb<\/p>\n<p>Lors de la saison en cours, le Bayern a d\u00e9j\u00e0 affront\u00e9 un adversaire belge : l&rsquo;\u00e9quipe munichoise s&rsquo;est impos\u00e9e 4-0 contre le Club Bruges \u00e0 l&rsquo;Allianz Arena en octobre dernier. L&rsquo;Union Saint-Gilloise devrait obtenir un meilleur r\u00e9sultat.<\/p>\n<p>Kevin Rodriguez est absent bless\u00e9 \u00e0 la Saint-Gilloise. \u00abIl est rest\u00e9 en Belgique\u00bb, pr\u00e9cise Hubert. Raul Florucz pourrait jouer pour l\u2019avant-centre \u00e9quatorien. En r\u00e9ponse \u00e0 une question d&rsquo;un journaliste, l&rsquo;Autrichien de 24 ans a admis que dans sa jeunesse, contrairement \u00e0 beaucoup de ses compatriotes, il n&rsquo;\u00e9tait \u00ab\u00a0pas un fan du Bayern Munich\u00a0\u00bb : \u00ab\u00a0J&rsquo;\u00e9tais plus concentr\u00e9 sur le FC Barcelone\u00a0\u00bb.<\/p>\n<p>L&rsquo;attaquant sait aussi \u00e0 quel point la t\u00e2che est difficile, surtout au vu de l&rsquo;offensive du Bayern : \u00ab\u00a0Bien s\u00fbr, ce sont tous des joueurs de classe mondiale, sinon ils ne joueraient pas au Bayern Munich. Leurs r\u00e9sultats parlent d&rsquo;eux-m\u00eames.\u00a0\u00bb (dpa\/cr\u00e9)<\/p>\n<p><em><strong>Sur le sujet, voir aussi l&rsquo;article suivant sur l&rsquo;OD :<\/strong><\/em><\/p>\n<div class=\"responsive-embed widescreen\">\n<blockquote class=\"wp-embedded-content\" data-secret=\"Ipu0gT2mce\">\n<p>Pour le FC Bruges, le vol a \u00e9t\u00e9 plus \u00e9prouvant que le match &#8211; Vanaken &#038; Co. a gagn\u00e9 4-1 au Kazakhstan contre le Kairat Almaty<\/p>\n<\/blockquote>\n<p><iframe loading=\"lazy\" class=\"wp-embedded-content\" sandbox=\"allow-scripts\" security=\"restricted\" style=\"position: absolute; visibility: hidden;\" title=\"\u201eF\u00fcr FC Br\u00fcgge war der Flug anstrengender als das Spiel \u2013 Vanaken &amp; Co. gewinnen 4:1 in Kasachstan gegen Kairat Almaty\u201c \u2013 Ostbelgien Direkt\" src=\"https:\/\/ostbelgiendirekt.be\/about:blank\" data-secret=\"Ipu0gT2mce\" width=\"500\" height=\"282\" frameborder=\"0\" marginwidth=\"0\" marginheight=\"0\" scrolling=\"no\" data-rocket-lazyload=\"fitvidscompatible\" data-lazy-src=\"https:\/\/ostbelgiendirekt.be\/bruegge-bei-kairat-almaty-434183\/embed#?secret=uQSVcyACo1#?secret=Ipu0gT2mce\"><\/iframe><noscript><iframe class=\"wp-embedded-content\" sandbox=\"allow-scripts\" security=\"restricted\" style=\"position: absolute; visibility: hidden;\" title=\"\u201eF\u00fcr FC Br\u00fcgge war der Flug anstrengender als das Spiel \u2013 Vanaken &amp; Co. gewinnen 4:1 in Kasachstan gegen Kairat Almaty\u201c \u2013 Ostbelgien Direkt\" src=\"https:\/\/ostbelgiendirekt.be\/bruegge-bei-kairat-almaty-434183\/embed#?secret=uQSVcyACo1#?secret=Ipu0gT2mce\" data-secret=\"Ipu0gT2mce\" width=\"500\" height=\"282\" frameborder=\"0\" marginwidth=\"0\" marginheight=\"0\" scrolling=\"no\"><\/iframe><\/noscript><\/p>\n<\/div>\n","protected":false},"excerpt":{"rendered":"<p>A l&rsquo;issue de la saison 2020\/2021, la Royale Union Saint-Gilloise est promue en Jupiler Pro League, en 2022\/2023 l&rsquo;\u00e9quipe bruxelloise atteint les quarts de finale<\/p>\n","protected":false},"author":1,"featured_media":12297,"comment_status":"","ping_status":"","sticky":false,"template":"","format":"standard","meta":{"footnotes":""},"categories":[298],"tags":[2330,2298,3696,4024,1143,2685,126,4129,2502,4513],"class_list":["post-12296","post","type-post","status-publish","format-standard","has-post-thumbnail","hentry","category-belgique","tag-aujourdhui","tag-bayern","tag-gros","tag-kompany","tag-lunion","tag-match","tag-pas","tag-recoit","tag-saintgilloise","tag-vincent","generate-columns","tablet-grid-50","mobile-grid-100","grid-parent","grid-33"],"yoast_head":"<!-- This site is optimized with the Yoast SEO plugin v24.0 - https:\/\/yoast.com\/wordpress\/plugins\/seo\/ -->\n<title>L&#039;Union Saint-Gilloise re\u00e7oit aujourd&#039;hui le FC Bayern de Vincent Kompany : &quot;Il n&#039;y a pas de plus gros match&quot; | Vie Associative<\/title>\n<meta name=\"robots\" content=\"index, follow, max-snippet:-1, max-image-preview:large, max-video-preview:-1\" \/>\n<link rel=\"canonical\" href=\"https:\/\/vieassociative.be\/actualites\/lunion-saint-gilloise-recoit-aujourdhui-le-fc-bayern-de-vincent-kompany-il-ny-a-pas-de-plus-gros-match\/\" \/>\n<meta property=\"og:locale\" content=\"fr_FR\" \/>\n<meta property=\"og:type\" content=\"article\" \/>\n<meta property=\"og:title\" content=\"L&#039;Union Saint-Gilloise re\u00e7oit aujourd&#039;hui le FC Bayern de Vincent Kompany : &quot;Il n&#039;y a pas de plus gros match&quot; | Vie Associative\" \/>\n<meta property=\"og:description\" content=\"A l&rsquo;issue de la saison 2020\/2021, la Royale Union Saint-Gilloise est promue en Jupiler Pro League, en 2022\/2023 l&rsquo;\u00e9quipe bruxelloise atteint les quarts de finale\" \/>\n<meta property=\"og:url\" content=\"https:\/\/vieassociative.be\/actualites\/lunion-saint-gilloise-recoit-aujourdhui-le-fc-bayern-de-vincent-kompany-il-ny-a-pas-de-plus-gros-match\/\" \/>\n<meta property=\"og:site_name\" content=\"Vie Associative\" \/>\n<meta property=\"article:published_time\" content=\"2026-01-21T12:17:24+00:00\" \/>\n<meta property=\"og:image\" content=\"https:\/\/vieassociative.be\/actualites\/wp-content\/uploads\/2024\/09\/header_backgroundk-01-e1726694325946.png\" \/>\n\t<meta property=\"og:image:width\" content=\"279\" \/>\n\t<meta property=\"og:image:height\" content=\"92\" \/>\n\t<meta property=\"og:image:type\" content=\"image\/png\" \/>\n<meta name=\"author\" content=\"Julien\" \/>\n<meta name=\"twitter:card\" content=\"summary_large_image\" \/>\n<meta name=\"twitter:label1\" content=\"\u00c9crit par\" \/>\n\t<meta name=\"twitter:data1\" content=\"Julien\" \/>\n\t<meta name=\"twitter:label2\" content=\"Dur\u00e9e de lecture est.\" \/>\n\t<meta name=\"twitter:data2\" content=\"3 minutes\" \/>\n<script type=\"application\/ld+json\" class=\"yoast-schema-graph\">{\"@context\":\"https:\/\/schema.org\",\"@graph\":[{\"@type\":\"Article\",\"@id\":\"https:\/\/vieassociative.be\/actualites\/lunion-saint-gilloise-recoit-aujourdhui-le-fc-bayern-de-vincent-kompany-il-ny-a-pas-de-plus-gros-match\/#article\",\"isPartOf\":{\"@id\":\"https:\/\/vieassociative.be\/actualites\/lunion-saint-gilloise-recoit-aujourdhui-le-fc-bayern-de-vincent-kompany-il-ny-a-pas-de-plus-gros-match\/\"},\"author\":{\"name\":\"Julien\",\"@id\":\"https:\/\/vieassociative.be\/actualites\/#\/schema\/person\/b87ac4f82f9d4e7b7cec7395b679edc4\"},\"headline\":\"L&rsquo;Union Saint-Gilloise re\u00e7oit aujourd&rsquo;hui le FC Bayern de Vincent Kompany : \u00ab\u00a0Il n&rsquo;y a pas de plus gros match\u00a0\u00bb\",\"datePublished\":\"2026-01-21T12:17:24+00:00\",\"dateModified\":\"2026-01-21T12:17:24+00:00\",\"mainEntityOfPage\":{\"@id\":\"https:\/\/vieassociative.be\/actualites\/lunion-saint-gilloise-recoit-aujourdhui-le-fc-bayern-de-vincent-kompany-il-ny-a-pas-de-plus-gros-match\/\"},\"wordCount\":677,\"publisher\":{\"@id\":\"https:\/\/vieassociative.be\/actualites\/#organization\"},\"image\":{\"@id\":\"https:\/\/vieassociative.be\/actualites\/lunion-saint-gilloise-recoit-aujourdhui-le-fc-bayern-de-vincent-kompany-il-ny-a-pas-de-plus-gros-match\/#primaryimage\"},\"thumbnailUrl\":\"https:\/\/vieassociative.be\/actualites\/wp-content\/uploads\/2026\/01\/1768997845_LUnion-Saint-Gilloise-recoit-aujourdhui-le-FC-Bayern-de-Vincent-Kompany.jpg\",\"keywords\":[\"aujourdhui\",\"Bayern\",\"gros\",\"Kompany\",\"lUnion\",\"match\",\"pas\",\"re\u00e7oit\",\"SaintGilloise\",\"Vincent\"],\"articleSection\":[\"Belgique\"],\"inLanguage\":\"fr-BE\"},{\"@type\":\"WebPage\",\"@id\":\"https:\/\/vieassociative.be\/actualites\/lunion-saint-gilloise-recoit-aujourdhui-le-fc-bayern-de-vincent-kompany-il-ny-a-pas-de-plus-gros-match\/\",\"url\":\"https:\/\/vieassociative.be\/actualites\/lunion-saint-gilloise-recoit-aujourdhui-le-fc-bayern-de-vincent-kompany-il-ny-a-pas-de-plus-gros-match\/\",\"name\":\"L'Union Saint-Gilloise re\u00e7oit aujourd'hui le FC Bayern de Vincent Kompany : \\\"Il n'y a pas de plus gros match\\\" | Vie Associative\",\"isPartOf\":{\"@id\":\"https:\/\/vieassociative.be\/actualites\/#website\"},\"primaryImageOfPage\":{\"@id\":\"https:\/\/vieassociative.be\/actualites\/lunion-saint-gilloise-recoit-aujourdhui-le-fc-bayern-de-vincent-kompany-il-ny-a-pas-de-plus-gros-match\/#primaryimage\"},\"image\":{\"@id\":\"https:\/\/vieassociative.be\/actualites\/lunion-saint-gilloise-recoit-aujourdhui-le-fc-bayern-de-vincent-kompany-il-ny-a-pas-de-plus-gros-match\/#primaryimage\"},\"thumbnailUrl\":\"https:\/\/vieassociative.be\/actualites\/wp-content\/uploads\/2026\/01\/1768997845_LUnion-Saint-Gilloise-recoit-aujourdhui-le-FC-Bayern-de-Vincent-Kompany.jpg\",\"datePublished\":\"2026-01-21T12:17:24+00:00\",\"dateModified\":\"2026-01-21T12:17:24+00:00\",\"breadcrumb\":{\"@id\":\"https:\/\/vieassociative.be\/actualites\/lunion-saint-gilloise-recoit-aujourdhui-le-fc-bayern-de-vincent-kompany-il-ny-a-pas-de-plus-gros-match\/#breadcrumb\"},\"inLanguage\":\"fr-BE\",\"potentialAction\":[{\"@type\":\"ReadAction\",\"target\":[\"https:\/\/vieassociative.be\/actualites\/lunion-saint-gilloise-recoit-aujourdhui-le-fc-bayern-de-vincent-kompany-il-ny-a-pas-de-plus-gros-match\/\"]}]},{\"@type\":\"ImageObject\",\"inLanguage\":\"fr-BE\",\"@id\":\"https:\/\/vieassociative.be\/actualites\/lunion-saint-gilloise-recoit-aujourdhui-le-fc-bayern-de-vincent-kompany-il-ny-a-pas-de-plus-gros-match\/#primaryimage\",\"url\":\"https:\/\/vieassociative.be\/actualites\/wp-content\/uploads\/2026\/01\/1768997845_LUnion-Saint-Gilloise-recoit-aujourdhui-le-FC-Bayern-de-Vincent-Kompany.jpg\",\"contentUrl\":\"https:\/\/vieassociative.be\/actualites\/wp-content\/uploads\/2026\/01\/1768997845_LUnion-Saint-Gilloise-recoit-aujourdhui-le-FC-Bayern-de-Vincent-Kompany.jpg\",\"width\":1200,\"height\":800,\"caption\":\"L'Union Saint-Gilloise re\u00e7oit aujourd'hui le FC Bayern de Vincent Kompany : \\\"Il n'y a pas de plus gros match\\\"\"},{\"@type\":\"BreadcrumbList\",\"@id\":\"https:\/\/vieassociative.be\/actualites\/lunion-saint-gilloise-recoit-aujourdhui-le-fc-bayern-de-vincent-kompany-il-ny-a-pas-de-plus-gros-match\/#breadcrumb\",\"itemListElement\":[{\"@type\":\"ListItem\",\"position\":1,\"name\":\"Accueil\",\"item\":\"https:\/\/vieassociative.be\/actualites\/\"},{\"@type\":\"ListItem\",\"position\":2,\"name\":\"L&rsquo;Union Saint-Gilloise re\u00e7oit aujourd&rsquo;hui le FC Bayern de Vincent Kompany : \u00ab\u00a0Il n&rsquo;y a pas de plus gros match\u00a0\u00bb\"}]},{\"@type\":\"WebSite\",\"@id\":\"https:\/\/vieassociative.be\/actualites\/#website\",\"url\":\"https:\/\/vieassociative.be\/actualites\/\",\"name\":\"Vie Associative\",\"description\":\"\",\"publisher\":{\"@id\":\"https:\/\/vieassociative.be\/actualites\/#organization\"},\"potentialAction\":[{\"@type\":\"SearchAction\",\"target\":{\"@type\":\"EntryPoint\",\"urlTemplate\":\"https:\/\/vieassociative.be\/actualites\/?s={search_term_string}\"},\"query-input\":{\"@type\":\"PropertyValueSpecification\",\"valueRequired\":true,\"valueName\":\"search_term_string\"}}],\"inLanguage\":\"fr-BE\"},{\"@type\":\"Organization\",\"@id\":\"https:\/\/vieassociative.be\/actualites\/#organization\",\"name\":\"Vie Associative\",\"url\":\"https:\/\/vieassociative.be\/actualites\/\",\"logo\":{\"@type\":\"ImageObject\",\"inLanguage\":\"fr-BE\",\"@id\":\"https:\/\/vieassociative.be\/actualites\/#\/schema\/logo\/image\/\",\"url\":\"https:\/\/vieassociative.be\/actualites\/wp-content\/uploads\/2024\/09\/cropped-vieassociative_favicon.ico.png\",\"contentUrl\":\"https:\/\/vieassociative.be\/actualites\/wp-content\/uploads\/2024\/09\/cropped-vieassociative_favicon.ico.png\",\"width\":512,\"height\":512,\"caption\":\"Vie Associative\"},\"image\":{\"@id\":\"https:\/\/vieassociative.be\/actualites\/#\/schema\/logo\/image\/\"}},{\"@type\":\"Person\",\"@id\":\"https:\/\/vieassociative.be\/actualites\/#\/schema\/person\/b87ac4f82f9d4e7b7cec7395b679edc4\",\"name\":\"Julien\",\"image\":{\"@type\":\"ImageObject\",\"inLanguage\":\"fr-BE\",\"@id\":\"https:\/\/vieassociative.be\/actualites\/#\/schema\/person\/image\/\",\"url\":\"https:\/\/vieassociative.be\/actualites\/wp-content\/uploads\/2024\/09\/vie-associative-1-150x150.jpg\",\"contentUrl\":\"https:\/\/vieassociative.be\/actualites\/wp-content\/uploads\/2024\/09\/vie-associative-1-150x150.jpg\",\"caption\":\"Julien\"},\"description\":\"Je suis Julien, r\u00e9dacteur pour Vie Associative. Passionn\u00e9 par le monde associatif depuis plus de 10 ans, j'ai \u00e0 c\u0153ur de partager des histoires inspirantes et de mettre en lumi\u00e8re les initiatives locales. Mon objectif est de sensibiliser et d'encourager l'engagement communautaire \u00e0 travers mes articles.\",\"sameAs\":[\"https:\/\/vieassociative.be\/\"]}]}<\/script>\n<!-- \/ Yoast SEO plugin. -->","yoast_head_json":{"title":"L'Union Saint-Gilloise re\u00e7oit aujourd'hui le FC Bayern de Vincent Kompany : \"Il n'y a pas de plus gros match\" | Vie Associative","robots":{"index":"index","follow":"follow","max-snippet":"max-snippet:-1","max-image-preview":"max-image-preview:large","max-video-preview":"max-video-preview:-1"},"canonical":"https:\/\/vieassociative.be\/actualites\/lunion-saint-gilloise-recoit-aujourdhui-le-fc-bayern-de-vincent-kompany-il-ny-a-pas-de-plus-gros-match\/","og_locale":"fr_FR","og_type":"article","og_title":"L'Union Saint-Gilloise re\u00e7oit aujourd'hui le FC Bayern de Vincent Kompany : \"Il n'y a pas de plus gros match\" | Vie Associative","og_description":"A l&rsquo;issue de la saison 2020\/2021, la Royale Union Saint-Gilloise est promue en Jupiler Pro League, en 2022\/2023 l&rsquo;\u00e9quipe bruxelloise atteint les quarts de finale","og_url":"https:\/\/vieassociative.be\/actualites\/lunion-saint-gilloise-recoit-aujourdhui-le-fc-bayern-de-vincent-kompany-il-ny-a-pas-de-plus-gros-match\/","og_site_name":"Vie Associative","article_published_time":"2026-01-21T12:17:24+00:00","og_image":[{"width":279,"height":92,"url":"https:\/\/vieassociative.be\/actualites\/wp-content\/uploads\/2024\/09\/header_backgroundk-01-e1726694325946.png","type":"image\/png"}],"author":"Julien","twitter_card":"summary_large_image","twitter_misc":{"\u00c9crit par":"Julien","Dur\u00e9e de lecture est.":"3 minutes"},"schema":{"@context":"https:\/\/schema.org","@graph":[{"@type":"Article","@id":"https:\/\/vieassociative.be\/actualites\/lunion-saint-gilloise-recoit-aujourdhui-le-fc-bayern-de-vincent-kompany-il-ny-a-pas-de-plus-gros-match\/#article","isPartOf":{"@id":"https:\/\/vieassociative.be\/actualites\/lunion-saint-gilloise-recoit-aujourdhui-le-fc-bayern-de-vincent-kompany-il-ny-a-pas-de-plus-gros-match\/"},"author":{"name":"Julien","@id":"https:\/\/vieassociative.be\/actualites\/#\/schema\/person\/b87ac4f82f9d4e7b7cec7395b679edc4"},"headline":"L&rsquo;Union Saint-Gilloise re\u00e7oit aujourd&rsquo;hui le FC Bayern de Vincent Kompany : \u00ab\u00a0Il n&rsquo;y a pas de plus gros match\u00a0\u00bb","datePublished":"2026-01-21T12:17:24+00:00","dateModified":"2026-01-21T12:17:24+00:00","mainEntityOfPage":{"@id":"https:\/\/vieassociative.be\/actualites\/lunion-saint-gilloise-recoit-aujourdhui-le-fc-bayern-de-vincent-kompany-il-ny-a-pas-de-plus-gros-match\/"},"wordCount":677,"publisher":{"@id":"https:\/\/vieassociative.be\/actualites\/#organization"},"image":{"@id":"https:\/\/vieassociative.be\/actualites\/lunion-saint-gilloise-recoit-aujourdhui-le-fc-bayern-de-vincent-kompany-il-ny-a-pas-de-plus-gros-match\/#primaryimage"},"thumbnailUrl":"https:\/\/vieassociative.be\/actualites\/wp-content\/uploads\/2026\/01\/1768997845_LUnion-Saint-Gilloise-recoit-aujourdhui-le-FC-Bayern-de-Vincent-Kompany.jpg","keywords":["aujourdhui","Bayern","gros","Kompany","lUnion","match","pas","re\u00e7oit","SaintGilloise","Vincent"],"articleSection":["Belgique"],"inLanguage":"fr-BE"},{"@type":"WebPage","@id":"https:\/\/vieassociative.be\/actualites\/lunion-saint-gilloise-recoit-aujourdhui-le-fc-bayern-de-vincent-kompany-il-ny-a-pas-de-plus-gros-match\/","url":"https:\/\/vieassociative.be\/actualites\/lunion-saint-gilloise-recoit-aujourdhui-le-fc-bayern-de-vincent-kompany-il-ny-a-pas-de-plus-gros-match\/","name":"L'Union Saint-Gilloise re\u00e7oit aujourd'hui le FC Bayern de Vincent Kompany : \"Il n'y a pas de plus gros match\" | Vie Associative","isPartOf":{"@id":"https:\/\/vieassociative.be\/actualites\/#website"},"primaryImageOfPage":{"@id":"https:\/\/vieassociative.be\/actualites\/lunion-saint-gilloise-recoit-aujourdhui-le-fc-bayern-de-vincent-kompany-il-ny-a-pas-de-plus-gros-match\/#primaryimage"},"image":{"@id":"https:\/\/vieassociative.be\/actualites\/lunion-saint-gilloise-recoit-aujourdhui-le-fc-bayern-de-vincent-kompany-il-ny-a-pas-de-plus-gros-match\/#primaryimage"},"thumbnailUrl":"https:\/\/vieassociative.be\/actualites\/wp-content\/uploads\/2026\/01\/1768997845_LUnion-Saint-Gilloise-recoit-aujourdhui-le-FC-Bayern-de-Vincent-Kompany.jpg","datePublished":"2026-01-21T12:17:24+00:00","dateModified":"2026-01-21T12:17:24+00:00","breadcrumb":{"@id":"https:\/\/vieassociative.be\/actualites\/lunion-saint-gilloise-recoit-aujourdhui-le-fc-bayern-de-vincent-kompany-il-ny-a-pas-de-plus-gros-match\/#breadcrumb"},"inLanguage":"fr-BE","potentialAction":[{"@type":"ReadAction","target":["https:\/\/vieassociative.be\/actualites\/lunion-saint-gilloise-recoit-aujourdhui-le-fc-bayern-de-vincent-kompany-il-ny-a-pas-de-plus-gros-match\/"]}]},{"@type":"ImageObject","inLanguage":"fr-BE","@id":"https:\/\/vieassociative.be\/actualites\/lunion-saint-gilloise-recoit-aujourdhui-le-fc-bayern-de-vincent-kompany-il-ny-a-pas-de-plus-gros-match\/#primaryimage","url":"https:\/\/vieassociative.be\/actualites\/wp-content\/uploads\/2026\/01\/1768997845_LUnion-Saint-Gilloise-recoit-aujourdhui-le-FC-Bayern-de-Vincent-Kompany.jpg","contentUrl":"https:\/\/vieassociative.be\/actualites\/wp-content\/uploads\/2026\/01\/1768997845_LUnion-Saint-Gilloise-recoit-aujourdhui-le-FC-Bayern-de-Vincent-Kompany.jpg","width":1200,"height":800,"caption":"L'Union Saint-Gilloise re\u00e7oit aujourd'hui le FC Bayern de Vincent Kompany : \"Il n'y a pas de plus gros match\""},{"@type":"BreadcrumbList","@id":"https:\/\/vieassociative.be\/actualites\/lunion-saint-gilloise-recoit-aujourdhui-le-fc-bayern-de-vincent-kompany-il-ny-a-pas-de-plus-gros-match\/#breadcrumb","itemListElement":[{"@type":"ListItem","position":1,"name":"Accueil","item":"https:\/\/vieassociative.be\/actualites\/"},{"@type":"ListItem","position":2,"name":"L&rsquo;Union Saint-Gilloise re\u00e7oit aujourd&rsquo;hui le FC Bayern de Vincent Kompany : \u00ab\u00a0Il n&rsquo;y a pas de plus gros match\u00a0\u00bb"}]},{"@type":"WebSite","@id":"https:\/\/vieassociative.be\/actualites\/#website","url":"https:\/\/vieassociative.be\/actualites\/","name":"Vie Associative","description":"","publisher":{"@id":"https:\/\/vieassociative.be\/actualites\/#organization"},"potentialAction":[{"@type":"SearchAction","target":{"@type":"EntryPoint","urlTemplate":"https:\/\/vieassociative.be\/actualites\/?s={search_term_string}"},"query-input":{"@type":"PropertyValueSpecification","valueRequired":true,"valueName":"search_term_string"}}],"inLanguage":"fr-BE"},{"@type":"Organization","@id":"https:\/\/vieassociative.be\/actualites\/#organization","name":"Vie Associative","url":"https:\/\/vieassociative.be\/actualites\/","logo":{"@type":"ImageObject","inLanguage":"fr-BE","@id":"https:\/\/vieassociative.be\/actualites\/#\/schema\/logo\/image\/","url":"https:\/\/vieassociative.be\/actualites\/wp-content\/uploads\/2024\/09\/cropped-vieassociative_favicon.ico.png","contentUrl":"https:\/\/vieassociative.be\/actualites\/wp-content\/uploads\/2024\/09\/cropped-vieassociative_favicon.ico.png","width":512,"height":512,"caption":"Vie Associative"},"image":{"@id":"https:\/\/vieassociative.be\/actualites\/#\/schema\/logo\/image\/"}},{"@type":"Person","@id":"https:\/\/vieassociative.be\/actualites\/#\/schema\/person\/b87ac4f82f9d4e7b7cec7395b679edc4","name":"Julien","image":{"@type":"ImageObject","inLanguage":"fr-BE","@id":"https:\/\/vieassociative.be\/actualites\/#\/schema\/person\/image\/","url":"https:\/\/vieassociative.be\/actualites\/wp-content\/uploads\/2024\/09\/vie-associative-1-150x150.jpg","contentUrl":"https:\/\/vieassociative.be\/actualites\/wp-content\/uploads\/2024\/09\/vie-associative-1-150x150.jpg","caption":"Julien"},"description":"Je suis Julien, r\u00e9dacteur pour Vie Associative. Passionn\u00e9 par le monde associatif depuis plus de 10 ans, j'ai \u00e0 c\u0153ur de partager des histoires inspirantes et de mettre en lumi\u00e8re les initiatives locales. Mon objectif est de sensibiliser et d'encourager l'engagement communautaire \u00e0 travers mes articles.","sameAs":["https:\/\/vieassociative.be\/"]}]}},"_links":{"self":[{"href":"https:\/\/vieassociative.be\/actualites\/wp-json\/wp\/v2\/posts\/12296"}],"collection":[{"href":"https:\/\/vieassociative.be\/actualites\/wp-json\/wp\/v2\/posts"}],"about":[{"href":"https:\/\/vieassociative.be\/actualites\/wp-json\/wp\/v2\/types\/post"}],"author":[{"embeddable":true,"href":"https:\/\/vieassociative.be\/actualites\/wp-json\/wp\/v2\/users\/1"}],"replies":[{"embeddable":true,"href":"https:\/\/vieassociative.be\/actualites\/wp-json\/wp\/v2\/comments?post=12296"}],"version-history":[{"count":0,"href":"https:\/\/vieassociative.be\/actualites\/wp-json\/wp\/v2\/posts\/12296\/revisions"}],"wp:featuredmedia":[{"embeddable":true,"href":"https:\/\/vieassociative.be\/actualites\/wp-json\/wp\/v2\/media\/12297"}],"wp:attachment":[{"href":"https:\/\/vieassociative.be\/actualites\/wp-json\/wp\/v2\/media?parent=12296"}],"wp:term":[{"taxonomy":"category","embeddable":true,"href":"https:\/\/vieassociative.be\/actualites\/wp-json\/wp\/v2\/categories?post=12296"},{"taxonomy":"post_tag","embeddable":true,"href":"https:\/\/vieassociative.be\/actualites\/wp-json\/wp\/v2\/tags?post=12296"}],"curies":[{"name":"wp","href":"https:\/\/api.w.org\/{rel}","templated":true}]}}