{"id":12292,"date":"2026-01-21T06:18:32","date_gmt":"2026-01-21T05:18:32","guid":{"rendered":"https:\/\/vieassociative.be\/actualites\/chatgpt-prend-le-train-de-la-verification-de-lage-de-lia\/"},"modified":"2026-01-21T06:18:32","modified_gmt":"2026-01-21T05:18:32","slug":"chatgpt-prend-le-train-de-la-verification-de-lage-de-lia","status":"publish","type":"post","link":"https:\/\/vieassociative.be\/actualites\/chatgpt-prend-le-train-de-la-verification-de-lage-de-lia\/","title":{"rendered":"ChatGPT prend le train de la v\u00e9rification de l&rsquo;\u00e2ge de l&rsquo;IA"},"content":{"rendered":"<p>Lorsque OpenAI a annonc\u00e9 pour la premi\u00e8re fois GPT-5.2 le mois dernier, il a discr\u00e8tement divulgu\u00e9 une nouvelle fonctionnalit\u00e9 de s\u00e9curit\u00e9 appel\u00e9e \u00ab\u00a0pr\u00e9diction de l&rsquo;\u00e2ge\u00a0\u00bb. \u00c9tant donn\u00e9 que ChatGPT \u00e0 proprement parler n\u2019est pas exactement un outil \u00ab pour tous les \u00e2ges \u00bb, il est logique que les utilisateurs de moins de 18 ans disposent de protections pour les prot\u00e9ger des contenus nuisibles. La soci\u00e9t\u00e9 affirme que les utilisateurs qui indiquent qu&rsquo;ils ont moins de 18 ans b\u00e9n\u00e9ficient d\u00e9j\u00e0 d&rsquo;une exp\u00e9rience modifi\u00e9e pour \u00ab r\u00e9duire l&rsquo;exposition \u00e0 des contenus sensibles ou potentiellement dangereux \u00bb, mais si l&rsquo;utilisateur ne partage pas volontairement son \u00e2ge avec OpenAI, comment la soci\u00e9t\u00e9 applique-t-elle ces protections ? C&rsquo;est ici qu&rsquo;intervient la pr\u00e9diction de l&rsquo;\u00e2ge.<\/p>\n<h2 id=\"how-age-prediction-for-chatgpt-works\">Comment fonctionne la pr\u00e9diction de l&rsquo;\u00e2ge pour ChatGPT<\/h2>\n<p>Mardi, OpenAI a officiellement annonc\u00e9 sa nouvelle politique de pr\u00e9diction de l&rsquo;\u00e2ge, qui, comme d&rsquo;autres syst\u00e8mes de v\u00e9rification de l&rsquo;\u00e2ge utilis\u00e9s par Roblox, utilise l&rsquo;IA pour deviner l&rsquo;\u00e2ge d&rsquo;un utilisateur. Si le syst\u00e8me d\u00e9cide qu&rsquo;un utilisateur particulier a moins de 18 ans, OpenAI ajustera l&rsquo;exp\u00e9rience en cons\u00e9quence, dans le but de maintenir toutes les interactions adapt\u00e9es \u00e0 son \u00e2ge.<\/p>\n<p>Voici comment cela fonctionne\u00a0: le nouveau mod\u00e8le de pr\u00e9diction de l&rsquo;\u00e2ge examine \u00e0 la fois les comportements de l&rsquo;utilisateur au sein de l&rsquo;application, ainsi que les donn\u00e9es g\u00e9n\u00e9rales du compte. Cela inclut des \u00e9l\u00e9ments tels que l&rsquo;\u00e2ge du compte, les heures de la journ\u00e9e auxquelles l&rsquo;utilisateur acc\u00e8de \u00e0 ChatGPT, les mod\u00e8les d&rsquo;utilisation, ainsi que, bien s\u00fbr, l&rsquo;\u00e2ge de l&rsquo;utilisateur. <em>dit<\/em> ils sont. En examinant toutes ces donn\u00e9es, le mod\u00e8le d\u00e9termine l\u2019\u00e2ge probable de l\u2019utilisateur. Si le mod\u00e8le pense qu&rsquo;il a plus de 18 ans, il b\u00e9n\u00e9ficiera de l&rsquo;exp\u00e9rience compl\u00e8te\u00a0; si le mod\u00e8le pense qu&rsquo;il a moins de 18 ans, il b\u00e9n\u00e9ficiera d&rsquo;une \u00ab exp\u00e9rience plus s\u00fbre \u00bb. Si le mod\u00e8le n&rsquo;est pas confiant, il opte par d\u00e9faut pour cette exp\u00e9rience plus s\u00fbre.<\/p>\n<h3>Ce qui est restreint dans la version \u00ab plus s\u00fbre \u00bb de ChatGPT<\/h3>\n<p>Cette exp\u00e9rience limit\u00e9e signifie qu&rsquo;une personne que le mod\u00e8le pense avoir moins de 18 ans tentera de r\u00e9duire les types de contenu suivants\u00a0:<\/p>\n<ul>\n<li>\n<p>Violence graphique ou gore<\/p>\n<\/li>\n<li>\n<p>Des d\u00e9fis viraux qui pourraient inspirer des \u00ab\u00a0comportements \u00e0 risque ou nuisibles\u00a0\u00bb<\/p>\n<\/li>\n<li>\n<p>Jeu de r\u00f4le de nature sexuelle, romantique ou violente<\/p>\n<\/li>\n<li>\n<p>Descriptions de l&rsquo;automutilation<\/p>\n<\/li>\n<li>\n<p>Contenu promouvant des normes de beaut\u00e9 \u00ab extr\u00eames \u00bb, un r\u00e9gime alimentaire malsain ou une honte corporelle <\/p>\n<\/li>\n<\/ul>\n<p>La soci\u00e9t\u00e9 affirme que son approche s&rsquo;appuie sur \u00ab l&rsquo;apport d&rsquo;experts \u00bb ainsi que sur la litt\u00e9rature traitant de la science du d\u00e9veloppement de l&rsquo;enfant. (Il n&rsquo;est pas clair si la part de cette contribution provient d&rsquo;entretiens directs et de coordination avec des experts, et quelle part, le cas \u00e9ch\u00e9ant, provient de recherches ind\u00e9pendantes.) La soci\u00e9t\u00e9 reconna\u00eet \u00e9galement \u00ab\u00a0les diff\u00e9rences connues des adolescents en mati\u00e8re de perception du risque, de contr\u00f4le des impulsions, d&rsquo;influence des pairs et de r\u00e9gulation \u00e9motionnelle\u00a0\u00bb par rapport aux adultes.<\/p>\n<h2 id=\"ai-isnt-always-great-at-age-prediction\">L&rsquo;IA n&rsquo;est pas toujours dou\u00e9e pour pr\u00e9dire l&rsquo;\u00e2ge<\/h2>\n<p>Le plus grand risque avec chacun de ces mod\u00e8les de pr\u00e9diction de l\u2019\u00e2ge est qu\u2019ils se trompent parfois : l\u2019hallucination est une habitude malheureuse que partagent tous les mod\u00e8les d\u2019IA. Cela va dans les deux sens : vous ne voulez pas qu&rsquo;une personne trop jeune acc\u00e8de \u00e0 un contenu inappropri\u00e9 dans ChatGPT, mais vous ne voulez pas non plus qu&rsquo;une personne de plus de 18 ans se retrouve coinc\u00e9e avec un compte limit\u00e9 sans raison. Si vous rencontrez cette derni\u00e8re situation, OpenAI a une solution pour vous : la v\u00e9rification directe de l&rsquo;\u00e2ge via Persona. Il s&rsquo;agit du m\u00eame tiers que Roblox utilise pour sa v\u00e9rification de l&rsquo;\u00e2ge, ce qui ne s&rsquo;est pas tr\u00e8s bien pass\u00e9 jusqu&rsquo;\u00e0 pr\u00e9sent.<\/p>\n<p>Cela ne signifie pas n\u00e9cessairement une catastrophe pour OpenAI. Roblox a essay\u00e9 de r\u00e9viser son syst\u00e8me de v\u00e9rification de l&rsquo;\u00e2ge pour une base d&rsquo;utilisateurs massive tous habitu\u00e9s \u00e0 un certain type d&rsquo;exp\u00e9rience multijoueur, ce qui a emp\u00each\u00e9 les utilisateurs de discuter avec d&rsquo;autres utilisateurs dans des cat\u00e9gories d&rsquo;\u00e2ge nouvellement attribu\u00e9es, qui \u00e9taient souvent incorrectes. Pendant ce temps, la pr\u00e9diction de l&rsquo;\u00e2ge de ChatGPT ne contr\u00f4le que l&rsquo;exp\u00e9rience d&rsquo;un utilisateur \u00e0 la fois. \u00c0 cette fin, OpenAI vous permettra de t\u00e9l\u00e9charger un selfie comme \u00e9tape de v\u00e9rification suppl\u00e9mentaire si le mod\u00e8le de pr\u00e9diction seul ne suffit pas. Il est int\u00e9ressant de noter qu&rsquo;OpenAI ne dit rien sur la possibilit\u00e9 de t\u00e9l\u00e9charger un identifiant pour v\u00e9rification, propos\u00e9e par d&rsquo;autres soci\u00e9t\u00e9s, comme Google.<\/p>\n<p>Je ne suis pas n\u00e9cessairement fan des mod\u00e8les de pr\u00e9diction de l&rsquo;\u00e2ge, car je pense qu&rsquo;ils sacrifient souvent la confidentialit\u00e9 des utilisateurs au nom de la cr\u00e9ation d&rsquo;exp\u00e9riences adapt\u00e9es \u00e0 leur \u00e2ge. Mais il ne fait aucun doute qu&rsquo;OpenAI a un r\u00f4le \u00e0 jouer <em>quelque chose<\/em> pour limiter l&rsquo;exp\u00e9rience ChatGPT compl\u00e8te aux jeunes utilisateurs. De nombreux utilisateurs de ChatGPT ont moins de 18 ans et la plupart des contenus auxquels ils sont confront\u00e9s sont extr\u00eamement inappropri\u00e9s, qu&rsquo;il s&rsquo;agisse d&rsquo;instructions pour se d\u00e9foncer ou de conseils pour r\u00e9diger des notes de suicide. Dans certains cas tragiques, des mineurs se sont suicid\u00e9s apr\u00e8s des discussions avec ChatGPT, conduisant \u00e0 des poursuites judiciaires contre OpenAI.<\/p>\n<p>Je n&rsquo;ai pas de bonnes r\u00e9ponses ici. Nous devrons simplement voir comment ce nouveau mod\u00e8le de pr\u00e9diction de l&rsquo;\u00e2ge affecte l&rsquo;exp\u00e9rience utilisateur des mineurs et des adultes, et s&rsquo;il parvient r\u00e9ellement \u00e0 cr\u00e9er une exp\u00e9rience plus s\u00fbre pour les utilisateurs plus jeunes et plus impressionnables.<\/p>\n","protected":false},"excerpt":{"rendered":"<p>Lorsque OpenAI a annonc\u00e9 pour la premi\u00e8re fois GPT-5.2 le mois dernier, il a discr\u00e8tement divulgu\u00e9 une nouvelle fonctionnalit\u00e9 de s\u00e9curit\u00e9 appel\u00e9e \u00ab\u00a0pr\u00e9diction de l&rsquo;\u00e2ge\u00a0\u00bb.<\/p>\n","protected":false},"author":1,"featured_media":12293,"comment_status":"","ping_status":"","sticky":false,"template":"","format":"standard","meta":{"footnotes":""},"categories":[1],"tags":[1177,501,155,3315,3026,1417],"class_list":["post-12292","post","type-post","status-publish","format-standard","has-post-thumbnail","hentry","category-non-classe","tag-chatgpt","tag-lage","tag-lia","tag-prend","tag-train","tag-verification","generate-columns","tablet-grid-50","mobile-grid-100","grid-parent","grid-33"],"yoast_head":"<!-- This site is optimized with the Yoast SEO plugin v24.0 - https:\/\/yoast.com\/wordpress\/plugins\/seo\/ -->\n<title>ChatGPT prend le train de la v\u00e9rification de l&#039;\u00e2ge de l&#039;IA | Vie Associative<\/title>\n<meta name=\"robots\" content=\"index, follow, max-snippet:-1, max-image-preview:large, max-video-preview:-1\" \/>\n<link rel=\"canonical\" href=\"https:\/\/vieassociative.be\/actualites\/chatgpt-prend-le-train-de-la-verification-de-lage-de-lia\/\" \/>\n<meta property=\"og:locale\" content=\"fr_FR\" \/>\n<meta property=\"og:type\" content=\"article\" \/>\n<meta property=\"og:title\" content=\"ChatGPT prend le train de la v\u00e9rification de l&#039;\u00e2ge de l&#039;IA | Vie Associative\" \/>\n<meta property=\"og:description\" content=\"Lorsque OpenAI a annonc\u00e9 pour la premi\u00e8re fois GPT-5.2 le mois dernier, il a discr\u00e8tement divulgu\u00e9 une nouvelle fonctionnalit\u00e9 de s\u00e9curit\u00e9 appel\u00e9e \u00ab\u00a0pr\u00e9diction de l&rsquo;\u00e2ge\u00a0\u00bb.\" \/>\n<meta property=\"og:url\" content=\"https:\/\/vieassociative.be\/actualites\/chatgpt-prend-le-train-de-la-verification-de-lage-de-lia\/\" \/>\n<meta property=\"og:site_name\" content=\"Vie Associative\" \/>\n<meta property=\"article:published_time\" content=\"2026-01-21T05:18:32+00:00\" \/>\n<meta property=\"og:image\" content=\"https:\/\/vieassociative.be\/actualites\/wp-content\/uploads\/2024\/09\/header_backgroundk-01-e1726694325946.png\" \/>\n\t<meta property=\"og:image:width\" content=\"279\" \/>\n\t<meta property=\"og:image:height\" content=\"92\" \/>\n\t<meta property=\"og:image:type\" content=\"image\/png\" \/>\n<meta name=\"author\" content=\"Julien\" \/>\n<meta name=\"twitter:card\" content=\"summary_large_image\" \/>\n<meta name=\"twitter:label1\" content=\"\u00c9crit par\" \/>\n\t<meta name=\"twitter:data1\" content=\"Julien\" \/>\n\t<meta name=\"twitter:label2\" content=\"Dur\u00e9e de lecture est.\" \/>\n\t<meta name=\"twitter:data2\" content=\"5 minutes\" \/>\n<script type=\"application\/ld+json\" class=\"yoast-schema-graph\">{\"@context\":\"https:\/\/schema.org\",\"@graph\":[{\"@type\":\"Article\",\"@id\":\"https:\/\/vieassociative.be\/actualites\/chatgpt-prend-le-train-de-la-verification-de-lage-de-lia\/#article\",\"isPartOf\":{\"@id\":\"https:\/\/vieassociative.be\/actualites\/chatgpt-prend-le-train-de-la-verification-de-lage-de-lia\/\"},\"author\":{\"name\":\"Julien\",\"@id\":\"https:\/\/vieassociative.be\/actualites\/#\/schema\/person\/b87ac4f82f9d4e7b7cec7395b679edc4\"},\"headline\":\"ChatGPT prend le train de la v\u00e9rification de l&rsquo;\u00e2ge de l&rsquo;IA\",\"datePublished\":\"2026-01-21T05:18:32+00:00\",\"dateModified\":\"2026-01-21T05:18:32+00:00\",\"mainEntityOfPage\":{\"@id\":\"https:\/\/vieassociative.be\/actualites\/chatgpt-prend-le-train-de-la-verification-de-lage-de-lia\/\"},\"wordCount\":1063,\"publisher\":{\"@id\":\"https:\/\/vieassociative.be\/actualites\/#organization\"},\"image\":{\"@id\":\"https:\/\/vieassociative.be\/actualites\/chatgpt-prend-le-train-de-la-verification-de-lage-de-lia\/#primaryimage\"},\"thumbnailUrl\":\"https:\/\/vieassociative.be\/actualites\/wp-content\/uploads\/2026\/01\/ChatGPT-prend-le-train-de-la-verification-de-lage-de.jpg\",\"keywords\":[\"ChatGPT\",\"l\u00e2ge\",\"lIA\",\"prend\",\"Train\",\"v\u00e9rification\"],\"inLanguage\":\"fr-BE\"},{\"@type\":\"WebPage\",\"@id\":\"https:\/\/vieassociative.be\/actualites\/chatgpt-prend-le-train-de-la-verification-de-lage-de-lia\/\",\"url\":\"https:\/\/vieassociative.be\/actualites\/chatgpt-prend-le-train-de-la-verification-de-lage-de-lia\/\",\"name\":\"ChatGPT prend le train de la v\u00e9rification de l'\u00e2ge de l'IA | Vie Associative\",\"isPartOf\":{\"@id\":\"https:\/\/vieassociative.be\/actualites\/#website\"},\"primaryImageOfPage\":{\"@id\":\"https:\/\/vieassociative.be\/actualites\/chatgpt-prend-le-train-de-la-verification-de-lage-de-lia\/#primaryimage\"},\"image\":{\"@id\":\"https:\/\/vieassociative.be\/actualites\/chatgpt-prend-le-train-de-la-verification-de-lage-de-lia\/#primaryimage\"},\"thumbnailUrl\":\"https:\/\/vieassociative.be\/actualites\/wp-content\/uploads\/2026\/01\/ChatGPT-prend-le-train-de-la-verification-de-lage-de.jpg\",\"datePublished\":\"2026-01-21T05:18:32+00:00\",\"dateModified\":\"2026-01-21T05:18:32+00:00\",\"breadcrumb\":{\"@id\":\"https:\/\/vieassociative.be\/actualites\/chatgpt-prend-le-train-de-la-verification-de-lage-de-lia\/#breadcrumb\"},\"inLanguage\":\"fr-BE\",\"potentialAction\":[{\"@type\":\"ReadAction\",\"target\":[\"https:\/\/vieassociative.be\/actualites\/chatgpt-prend-le-train-de-la-verification-de-lage-de-lia\/\"]}]},{\"@type\":\"ImageObject\",\"inLanguage\":\"fr-BE\",\"@id\":\"https:\/\/vieassociative.be\/actualites\/chatgpt-prend-le-train-de-la-verification-de-lage-de-lia\/#primaryimage\",\"url\":\"https:\/\/vieassociative.be\/actualites\/wp-content\/uploads\/2026\/01\/ChatGPT-prend-le-train-de-la-verification-de-lage-de.jpg\",\"contentUrl\":\"https:\/\/vieassociative.be\/actualites\/wp-content\/uploads\/2026\/01\/ChatGPT-prend-le-train-de-la-verification-de-lage-de.jpg\",\"width\":1200,\"height\":675,\"caption\":\"ChatGPT prend le train de la v\u00e9rification de l'\u00e2ge de l'IA\"},{\"@type\":\"BreadcrumbList\",\"@id\":\"https:\/\/vieassociative.be\/actualites\/chatgpt-prend-le-train-de-la-verification-de-lage-de-lia\/#breadcrumb\",\"itemListElement\":[{\"@type\":\"ListItem\",\"position\":1,\"name\":\"Accueil\",\"item\":\"https:\/\/vieassociative.be\/actualites\/\"},{\"@type\":\"ListItem\",\"position\":2,\"name\":\"ChatGPT prend le train de la v\u00e9rification de l&rsquo;\u00e2ge de l&rsquo;IA\"}]},{\"@type\":\"WebSite\",\"@id\":\"https:\/\/vieassociative.be\/actualites\/#website\",\"url\":\"https:\/\/vieassociative.be\/actualites\/\",\"name\":\"Vie Associative\",\"description\":\"\",\"publisher\":{\"@id\":\"https:\/\/vieassociative.be\/actualites\/#organization\"},\"potentialAction\":[{\"@type\":\"SearchAction\",\"target\":{\"@type\":\"EntryPoint\",\"urlTemplate\":\"https:\/\/vieassociative.be\/actualites\/?s={search_term_string}\"},\"query-input\":{\"@type\":\"PropertyValueSpecification\",\"valueRequired\":true,\"valueName\":\"search_term_string\"}}],\"inLanguage\":\"fr-BE\"},{\"@type\":\"Organization\",\"@id\":\"https:\/\/vieassociative.be\/actualites\/#organization\",\"name\":\"Vie Associative\",\"url\":\"https:\/\/vieassociative.be\/actualites\/\",\"logo\":{\"@type\":\"ImageObject\",\"inLanguage\":\"fr-BE\",\"@id\":\"https:\/\/vieassociative.be\/actualites\/#\/schema\/logo\/image\/\",\"url\":\"https:\/\/vieassociative.be\/actualites\/wp-content\/uploads\/2024\/09\/cropped-vieassociative_favicon.ico.png\",\"contentUrl\":\"https:\/\/vieassociative.be\/actualites\/wp-content\/uploads\/2024\/09\/cropped-vieassociative_favicon.ico.png\",\"width\":512,\"height\":512,\"caption\":\"Vie Associative\"},\"image\":{\"@id\":\"https:\/\/vieassociative.be\/actualites\/#\/schema\/logo\/image\/\"}},{\"@type\":\"Person\",\"@id\":\"https:\/\/vieassociative.be\/actualites\/#\/schema\/person\/b87ac4f82f9d4e7b7cec7395b679edc4\",\"name\":\"Julien\",\"image\":{\"@type\":\"ImageObject\",\"inLanguage\":\"fr-BE\",\"@id\":\"https:\/\/vieassociative.be\/actualites\/#\/schema\/person\/image\/\",\"url\":\"https:\/\/vieassociative.be\/actualites\/wp-content\/uploads\/2024\/09\/vie-associative-1-150x150.jpg\",\"contentUrl\":\"https:\/\/vieassociative.be\/actualites\/wp-content\/uploads\/2024\/09\/vie-associative-1-150x150.jpg\",\"caption\":\"Julien\"},\"description\":\"Je suis Julien, r\u00e9dacteur pour Vie Associative. Passionn\u00e9 par le monde associatif depuis plus de 10 ans, j'ai \u00e0 c\u0153ur de partager des histoires inspirantes et de mettre en lumi\u00e8re les initiatives locales. Mon objectif est de sensibiliser et d'encourager l'engagement communautaire \u00e0 travers mes articles.\",\"sameAs\":[\"https:\/\/vieassociative.be\/\"]}]}<\/script>\n<!-- \/ Yoast SEO plugin. -->","yoast_head_json":{"title":"ChatGPT prend le train de la v\u00e9rification de l'\u00e2ge de l'IA | Vie Associative","robots":{"index":"index","follow":"follow","max-snippet":"max-snippet:-1","max-image-preview":"max-image-preview:large","max-video-preview":"max-video-preview:-1"},"canonical":"https:\/\/vieassociative.be\/actualites\/chatgpt-prend-le-train-de-la-verification-de-lage-de-lia\/","og_locale":"fr_FR","og_type":"article","og_title":"ChatGPT prend le train de la v\u00e9rification de l'\u00e2ge de l'IA | Vie Associative","og_description":"Lorsque OpenAI a annonc\u00e9 pour la premi\u00e8re fois GPT-5.2 le mois dernier, il a discr\u00e8tement divulgu\u00e9 une nouvelle fonctionnalit\u00e9 de s\u00e9curit\u00e9 appel\u00e9e \u00ab\u00a0pr\u00e9diction de l&rsquo;\u00e2ge\u00a0\u00bb.","og_url":"https:\/\/vieassociative.be\/actualites\/chatgpt-prend-le-train-de-la-verification-de-lage-de-lia\/","og_site_name":"Vie Associative","article_published_time":"2026-01-21T05:18:32+00:00","og_image":[{"width":279,"height":92,"url":"https:\/\/vieassociative.be\/actualites\/wp-content\/uploads\/2024\/09\/header_backgroundk-01-e1726694325946.png","type":"image\/png"}],"author":"Julien","twitter_card":"summary_large_image","twitter_misc":{"\u00c9crit par":"Julien","Dur\u00e9e de lecture est.":"5 minutes"},"schema":{"@context":"https:\/\/schema.org","@graph":[{"@type":"Article","@id":"https:\/\/vieassociative.be\/actualites\/chatgpt-prend-le-train-de-la-verification-de-lage-de-lia\/#article","isPartOf":{"@id":"https:\/\/vieassociative.be\/actualites\/chatgpt-prend-le-train-de-la-verification-de-lage-de-lia\/"},"author":{"name":"Julien","@id":"https:\/\/vieassociative.be\/actualites\/#\/schema\/person\/b87ac4f82f9d4e7b7cec7395b679edc4"},"headline":"ChatGPT prend le train de la v\u00e9rification de l&rsquo;\u00e2ge de l&rsquo;IA","datePublished":"2026-01-21T05:18:32+00:00","dateModified":"2026-01-21T05:18:32+00:00","mainEntityOfPage":{"@id":"https:\/\/vieassociative.be\/actualites\/chatgpt-prend-le-train-de-la-verification-de-lage-de-lia\/"},"wordCount":1063,"publisher":{"@id":"https:\/\/vieassociative.be\/actualites\/#organization"},"image":{"@id":"https:\/\/vieassociative.be\/actualites\/chatgpt-prend-le-train-de-la-verification-de-lage-de-lia\/#primaryimage"},"thumbnailUrl":"https:\/\/vieassociative.be\/actualites\/wp-content\/uploads\/2026\/01\/ChatGPT-prend-le-train-de-la-verification-de-lage-de.jpg","keywords":["ChatGPT","l\u00e2ge","lIA","prend","Train","v\u00e9rification"],"inLanguage":"fr-BE"},{"@type":"WebPage","@id":"https:\/\/vieassociative.be\/actualites\/chatgpt-prend-le-train-de-la-verification-de-lage-de-lia\/","url":"https:\/\/vieassociative.be\/actualites\/chatgpt-prend-le-train-de-la-verification-de-lage-de-lia\/","name":"ChatGPT prend le train de la v\u00e9rification de l'\u00e2ge de l'IA | Vie Associative","isPartOf":{"@id":"https:\/\/vieassociative.be\/actualites\/#website"},"primaryImageOfPage":{"@id":"https:\/\/vieassociative.be\/actualites\/chatgpt-prend-le-train-de-la-verification-de-lage-de-lia\/#primaryimage"},"image":{"@id":"https:\/\/vieassociative.be\/actualites\/chatgpt-prend-le-train-de-la-verification-de-lage-de-lia\/#primaryimage"},"thumbnailUrl":"https:\/\/vieassociative.be\/actualites\/wp-content\/uploads\/2026\/01\/ChatGPT-prend-le-train-de-la-verification-de-lage-de.jpg","datePublished":"2026-01-21T05:18:32+00:00","dateModified":"2026-01-21T05:18:32+00:00","breadcrumb":{"@id":"https:\/\/vieassociative.be\/actualites\/chatgpt-prend-le-train-de-la-verification-de-lage-de-lia\/#breadcrumb"},"inLanguage":"fr-BE","potentialAction":[{"@type":"ReadAction","target":["https:\/\/vieassociative.be\/actualites\/chatgpt-prend-le-train-de-la-verification-de-lage-de-lia\/"]}]},{"@type":"ImageObject","inLanguage":"fr-BE","@id":"https:\/\/vieassociative.be\/actualites\/chatgpt-prend-le-train-de-la-verification-de-lage-de-lia\/#primaryimage","url":"https:\/\/vieassociative.be\/actualites\/wp-content\/uploads\/2026\/01\/ChatGPT-prend-le-train-de-la-verification-de-lage-de.jpg","contentUrl":"https:\/\/vieassociative.be\/actualites\/wp-content\/uploads\/2026\/01\/ChatGPT-prend-le-train-de-la-verification-de-lage-de.jpg","width":1200,"height":675,"caption":"ChatGPT prend le train de la v\u00e9rification de l'\u00e2ge de l'IA"},{"@type":"BreadcrumbList","@id":"https:\/\/vieassociative.be\/actualites\/chatgpt-prend-le-train-de-la-verification-de-lage-de-lia\/#breadcrumb","itemListElement":[{"@type":"ListItem","position":1,"name":"Accueil","item":"https:\/\/vieassociative.be\/actualites\/"},{"@type":"ListItem","position":2,"name":"ChatGPT prend le train de la v\u00e9rification de l&rsquo;\u00e2ge de l&rsquo;IA"}]},{"@type":"WebSite","@id":"https:\/\/vieassociative.be\/actualites\/#website","url":"https:\/\/vieassociative.be\/actualites\/","name":"Vie Associative","description":"","publisher":{"@id":"https:\/\/vieassociative.be\/actualites\/#organization"},"potentialAction":[{"@type":"SearchAction","target":{"@type":"EntryPoint","urlTemplate":"https:\/\/vieassociative.be\/actualites\/?s={search_term_string}"},"query-input":{"@type":"PropertyValueSpecification","valueRequired":true,"valueName":"search_term_string"}}],"inLanguage":"fr-BE"},{"@type":"Organization","@id":"https:\/\/vieassociative.be\/actualites\/#organization","name":"Vie Associative","url":"https:\/\/vieassociative.be\/actualites\/","logo":{"@type":"ImageObject","inLanguage":"fr-BE","@id":"https:\/\/vieassociative.be\/actualites\/#\/schema\/logo\/image\/","url":"https:\/\/vieassociative.be\/actualites\/wp-content\/uploads\/2024\/09\/cropped-vieassociative_favicon.ico.png","contentUrl":"https:\/\/vieassociative.be\/actualites\/wp-content\/uploads\/2024\/09\/cropped-vieassociative_favicon.ico.png","width":512,"height":512,"caption":"Vie Associative"},"image":{"@id":"https:\/\/vieassociative.be\/actualites\/#\/schema\/logo\/image\/"}},{"@type":"Person","@id":"https:\/\/vieassociative.be\/actualites\/#\/schema\/person\/b87ac4f82f9d4e7b7cec7395b679edc4","name":"Julien","image":{"@type":"ImageObject","inLanguage":"fr-BE","@id":"https:\/\/vieassociative.be\/actualites\/#\/schema\/person\/image\/","url":"https:\/\/vieassociative.be\/actualites\/wp-content\/uploads\/2024\/09\/vie-associative-1-150x150.jpg","contentUrl":"https:\/\/vieassociative.be\/actualites\/wp-content\/uploads\/2024\/09\/vie-associative-1-150x150.jpg","caption":"Julien"},"description":"Je suis Julien, r\u00e9dacteur pour Vie Associative. Passionn\u00e9 par le monde associatif depuis plus de 10 ans, j'ai \u00e0 c\u0153ur de partager des histoires inspirantes et de mettre en lumi\u00e8re les initiatives locales. Mon objectif est de sensibiliser et d'encourager l'engagement communautaire \u00e0 travers mes articles.","sameAs":["https:\/\/vieassociative.be\/"]}]}},"_links":{"self":[{"href":"https:\/\/vieassociative.be\/actualites\/wp-json\/wp\/v2\/posts\/12292"}],"collection":[{"href":"https:\/\/vieassociative.be\/actualites\/wp-json\/wp\/v2\/posts"}],"about":[{"href":"https:\/\/vieassociative.be\/actualites\/wp-json\/wp\/v2\/types\/post"}],"author":[{"embeddable":true,"href":"https:\/\/vieassociative.be\/actualites\/wp-json\/wp\/v2\/users\/1"}],"replies":[{"embeddable":true,"href":"https:\/\/vieassociative.be\/actualites\/wp-json\/wp\/v2\/comments?post=12292"}],"version-history":[{"count":0,"href":"https:\/\/vieassociative.be\/actualites\/wp-json\/wp\/v2\/posts\/12292\/revisions"}],"wp:featuredmedia":[{"embeddable":true,"href":"https:\/\/vieassociative.be\/actualites\/wp-json\/wp\/v2\/media\/12293"}],"wp:attachment":[{"href":"https:\/\/vieassociative.be\/actualites\/wp-json\/wp\/v2\/media?parent=12292"}],"wp:term":[{"taxonomy":"category","embeddable":true,"href":"https:\/\/vieassociative.be\/actualites\/wp-json\/wp\/v2\/categories?post=12292"},{"taxonomy":"post_tag","embeddable":true,"href":"https:\/\/vieassociative.be\/actualites\/wp-json\/wp\/v2\/tags?post=12292"}],"curies":[{"name":"wp","href":"https:\/\/api.w.org\/{rel}","templated":true}]}}