{"id":12290,"date":"2026-01-21T01:17:48","date_gmt":"2026-01-21T00:17:48","guid":{"rendered":"https:\/\/vieassociative.be\/actualites\/la-region-de-bruxelles-capitale-egalement-apres-590-jours-sans-gouvernement-verougstraete-jette-leponge\/"},"modified":"2026-01-21T01:17:48","modified_gmt":"2026-01-21T00:17:48","slug":"la-region-de-bruxelles-capitale-egalement-apres-590-jours-sans-gouvernement-verougstraete-jette-leponge","status":"publish","type":"post","link":"https:\/\/vieassociative.be\/actualites\/la-region-de-bruxelles-capitale-egalement-apres-590-jours-sans-gouvernement-verougstraete-jette-leponge\/","title":{"rendered":"La R\u00e9gion de Bruxelles-Capitale \u00e9galement apr\u00e8s 590 jours sans gouvernement \u2013 \u200b\u200bVerougstraete jette l&rsquo;\u00e9ponge"},"content":{"rendered":"<p><strong>Bruxelles compte le champion du record de football belge, le RSC Anderlecht. Mais autre chose bat \u00e9galement des records : la R\u00e9gion de Bruxelles-Capitale, l&rsquo;une des trois r\u00e9gions de Belgique avec la Flandre et la R\u00e9gion wallonne, attend depuis environ 590 jours un nouveau gouvernement.<\/strong><\/p>\n<p><span id=\"more-434167\"><\/span>Avec 590 jours sans gouvernement, la R\u00e9gion bruxelloise \u00e9tablit un record. La crise gouvernementale au niveau f\u00e9d\u00e9ral en 2010 et 2011 a dur\u00e9 541 jours.<\/p>\n<p>Depuis les \u00e9lections r\u00e9gionales du 9 juin 2024, les partis \u00e9lus ne sont pas encore parvenus \u00e0 former un nouveau gouvernement. La formation d\u2019un gouvernement a \u00e9chou\u00e9 en raison du paysage politique tr\u00e8s fragment\u00e9 \u00e0 Bruxelles et des tensions linguistiques et id\u00e9ologiques qui y sont associ\u00e9es.<\/p>\n<p>Il y a 14 partis au Parlement r\u00e9gional bruxellois, repr\u00e9sentant \u00e0 la fois les communaut\u00e9s fran\u00e7aise et flamande. Un pacte de coalition stable n\u00e9cessite des compromis au-del\u00e0 de ces fronti\u00e8res linguistiques \u2013 ce qui n\u2019a pas encore \u00e9t\u00e9 r\u00e9alis\u00e9. Il existe \u00e9galement des d\u00e9saccords sur des priorit\u00e9s de fond, telles que la politique budg\u00e9taire, les questions sociales et la question de savoir si certains partis comme la N-VA flamande devraient faire partie d&rsquo;une future coalition.<\/p>\n<div id=\"attachment_417250\" class=\"wp-caption alignleft\" style=\"max-width: 300px\"><img fetchpriority=\"high\" decoding=\"async\" class=\"wp-image-417250 size-medium\" src=\"https:\/\/vieassociative.be\/actualites\/wp-content\/uploads\/2025\/06\/Nouveau-president-de-Les-Engages-en-tant-quinvite-au-CSP.jpg\" alt=\"\" width=\"300\" height=\"200\"  ><\/div>\n<p>Mardi, le m\u00e9diateur Yvan Verougstraete, leader du parti Les Engag\u00e9s, a jet\u00e9 l&rsquo;\u00e9ponge. Verougstraete souhaitait entamer des discussions avec PS, Ecolo, D\u00e9FI, Groen, Vooruit et Open VLD (futur Anders) pour n\u00e9gocier le budget et l&rsquo;agenda des r\u00e9formes. Mais le ministre du Budget par int\u00e9rim, Dirk De Smedt (Anders), a annul\u00e9 sa participation par anticipation.<\/p>\n<p>Dans un communiqu\u00e9, Verougstraete a regrett\u00e9 l&rsquo;attitude d&rsquo;Anders. \u00ab\u00a0Au vu des nouvelles revendications de l&rsquo;Open VLD (Anders) et du refus du ministre du Budget de participer aux n\u00e9gociations pour mettre en \u0153uvre les r\u00e9formes indispensables au redressement de Bruxelles et \u00e0 la cr\u00e9ation d&rsquo;un budget cr\u00e9dible, nous devons conclure que les conditions du succ\u00e8s de notre initiative ne sont pas r\u00e9unies. Apr\u00e8s 19 mois de d\u00e9lais manqu\u00e9s, de tabous et de veto, l&rsquo;existence m\u00eame de la r\u00e9gion est en danger.\u00a0\u00bb<\/p>\n<p>\u00ab\u00a0Maintenant que nous avons trouv\u00e9 une solution pour former un gouvernement \u00e0 majorit\u00e9 n\u00e9erlandophone et r\u00e9duire le d\u00e9ficit de plus d&rsquo;un milliard d&rsquo;euros comme pr\u00e9vu, l&rsquo;Open VLD (Anders) invoque une nouvelle raison pour ne pas s&rsquo;asseoir \u00e0 la table des n\u00e9gociations, ne serait-ce que par l&rsquo;interm\u00e9diaire de son ministre du Budget : il appelle au retour \u00e0 l&rsquo;\u00e9quilibre budg\u00e9taire \u00e0 partir de 2029\u00a0\u00bb, a-t-il poursuivi.<\/p>\n<p>Comme aucun nouveau budget n\u2019a \u00e9t\u00e9 vot\u00e9, cela a des cons\u00e9quences concr\u00e8tes : de nombreux financements des clubs et des organisations sociales sont au point mort, les d\u00e9cisions d\u2019investissement et de budget sont retard\u00e9es et les acteurs \u00e9conomiques mettent en garde contre une incertitude croissante. Les services publics continuent de fonctionner, mais les grands projets et la planification financi\u00e8re sont tr\u00e8s limit\u00e9s.<\/p>\n<p>La R\u00e9gion de Bruxelles-Capitale reste sans gouvernement nouvellement \u00e9lu car, malgr\u00e9 de longues n\u00e9gociations, les partis politiques ne sont pas parvenus \u00e0 s&rsquo;entendre sur une coalition, ce qui a conduit \u00e0 une impasse politique prolong\u00e9e avec de r\u00e9elles cons\u00e9quences sociales et financi\u00e8res. (cr\u00e9er)<\/p>\n","protected":false},"excerpt":{"rendered":"<p>Bruxelles compte le champion du record de football belge, le RSC Anderlecht. Mais autre chose bat \u00e9galement des records : la R\u00e9gion de Bruxelles-Capitale, l&rsquo;une<\/p>\n","protected":false},"author":1,"featured_media":12291,"comment_status":"","ping_status":"","sticky":false,"template":"","format":"standard","meta":{"footnotes":""},"categories":[298],"tags":[472,9823,172,615,9825,937,2808,4041,130,9824],"class_list":["post-12290","post","type-post","status-publish","format-standard","has-post-thumbnail","hentry","category-belgique","tag-apres","tag-bruxellescapitale","tag-egalement","tag-gouvernement","tag-jette","tag-jours","tag-leponge","tag-region","tag-sans","tag-verougstraete","generate-columns","tablet-grid-50","mobile-grid-100","grid-parent","grid-33"],"yoast_head":"<!-- This site is optimized with the Yoast SEO plugin v24.0 - https:\/\/yoast.com\/wordpress\/plugins\/seo\/ -->\n<title>La R\u00e9gion de Bruxelles-Capitale \u00e9galement apr\u00e8s 590 jours sans gouvernement \u2013 \u200b\u200bVerougstraete jette l&#039;\u00e9ponge | Vie Associative<\/title>\n<meta name=\"robots\" content=\"index, follow, max-snippet:-1, max-image-preview:large, max-video-preview:-1\" \/>\n<link rel=\"canonical\" href=\"https:\/\/vieassociative.be\/actualites\/la-region-de-bruxelles-capitale-egalement-apres-590-jours-sans-gouvernement-verougstraete-jette-leponge\/\" \/>\n<meta property=\"og:locale\" content=\"fr_FR\" \/>\n<meta property=\"og:type\" content=\"article\" \/>\n<meta property=\"og:title\" content=\"La R\u00e9gion de Bruxelles-Capitale \u00e9galement apr\u00e8s 590 jours sans gouvernement \u2013 \u200b\u200bVerougstraete jette l&#039;\u00e9ponge | Vie Associative\" \/>\n<meta property=\"og:description\" content=\"Bruxelles compte le champion du record de football belge, le RSC Anderlecht. Mais autre chose bat \u00e9galement des records : la R\u00e9gion de Bruxelles-Capitale, l&rsquo;une\" \/>\n<meta property=\"og:url\" content=\"https:\/\/vieassociative.be\/actualites\/la-region-de-bruxelles-capitale-egalement-apres-590-jours-sans-gouvernement-verougstraete-jette-leponge\/\" \/>\n<meta property=\"og:site_name\" content=\"Vie Associative\" \/>\n<meta property=\"article:published_time\" content=\"2026-01-21T00:17:48+00:00\" \/>\n<meta property=\"og:image\" content=\"https:\/\/vieassociative.be\/actualites\/wp-content\/uploads\/2024\/09\/header_backgroundk-01-e1726694325946.png\" \/>\n\t<meta property=\"og:image:width\" content=\"279\" \/>\n\t<meta property=\"og:image:height\" content=\"92\" \/>\n\t<meta property=\"og:image:type\" content=\"image\/png\" \/>\n<meta name=\"author\" content=\"Julien\" \/>\n<meta name=\"twitter:card\" content=\"summary_large_image\" \/>\n<meta name=\"twitter:label1\" content=\"\u00c9crit par\" \/>\n\t<meta name=\"twitter:data1\" content=\"Julien\" \/>\n\t<meta name=\"twitter:label2\" content=\"Dur\u00e9e de lecture est.\" \/>\n\t<meta name=\"twitter:data2\" content=\"3 minutes\" \/>\n<script type=\"application\/ld+json\" class=\"yoast-schema-graph\">{\"@context\":\"https:\/\/schema.org\",\"@graph\":[{\"@type\":\"Article\",\"@id\":\"https:\/\/vieassociative.be\/actualites\/la-region-de-bruxelles-capitale-egalement-apres-590-jours-sans-gouvernement-verougstraete-jette-leponge\/#article\",\"isPartOf\":{\"@id\":\"https:\/\/vieassociative.be\/actualites\/la-region-de-bruxelles-capitale-egalement-apres-590-jours-sans-gouvernement-verougstraete-jette-leponge\/\"},\"author\":{\"name\":\"Julien\",\"@id\":\"https:\/\/vieassociative.be\/actualites\/#\/schema\/person\/b87ac4f82f9d4e7b7cec7395b679edc4\"},\"headline\":\"La R\u00e9gion de Bruxelles-Capitale \u00e9galement apr\u00e8s 590 jours sans gouvernement \u2013 \u200b\u200bVerougstraete jette l&rsquo;\u00e9ponge\",\"datePublished\":\"2026-01-21T00:17:48+00:00\",\"dateModified\":\"2026-01-21T00:17:48+00:00\",\"mainEntityOfPage\":{\"@id\":\"https:\/\/vieassociative.be\/actualites\/la-region-de-bruxelles-capitale-egalement-apres-590-jours-sans-gouvernement-verougstraete-jette-leponge\/\"},\"wordCount\":564,\"publisher\":{\"@id\":\"https:\/\/vieassociative.be\/actualites\/#organization\"},\"image\":{\"@id\":\"https:\/\/vieassociative.be\/actualites\/la-region-de-bruxelles-capitale-egalement-apres-590-jours-sans-gouvernement-verougstraete-jette-leponge\/#primaryimage\"},\"thumbnailUrl\":\"https:\/\/vieassociative.be\/actualites\/wp-content\/uploads\/2026\/01\/La-Region-de-Bruxelles-Capitale-egalement-apres-590-jours-sans-gouvernement.jpg\",\"keywords\":[\"Apr\u00e8s\",\"BruxellesCapitale\",\"\u00e9galement\",\"gouvernement\",\"jette\",\"jours\",\"l\u00e9ponge\",\"R\u00e9gion\",\"sans\",\"Verougstraete\"],\"articleSection\":[\"Belgique\"],\"inLanguage\":\"fr-BE\"},{\"@type\":\"WebPage\",\"@id\":\"https:\/\/vieassociative.be\/actualites\/la-region-de-bruxelles-capitale-egalement-apres-590-jours-sans-gouvernement-verougstraete-jette-leponge\/\",\"url\":\"https:\/\/vieassociative.be\/actualites\/la-region-de-bruxelles-capitale-egalement-apres-590-jours-sans-gouvernement-verougstraete-jette-leponge\/\",\"name\":\"La R\u00e9gion de Bruxelles-Capitale \u00e9galement apr\u00e8s 590 jours sans gouvernement \u2013 \u200b\u200bVerougstraete jette l'\u00e9ponge | Vie Associative\",\"isPartOf\":{\"@id\":\"https:\/\/vieassociative.be\/actualites\/#website\"},\"primaryImageOfPage\":{\"@id\":\"https:\/\/vieassociative.be\/actualites\/la-region-de-bruxelles-capitale-egalement-apres-590-jours-sans-gouvernement-verougstraete-jette-leponge\/#primaryimage\"},\"image\":{\"@id\":\"https:\/\/vieassociative.be\/actualites\/la-region-de-bruxelles-capitale-egalement-apres-590-jours-sans-gouvernement-verougstraete-jette-leponge\/#primaryimage\"},\"thumbnailUrl\":\"https:\/\/vieassociative.be\/actualites\/wp-content\/uploads\/2026\/01\/La-Region-de-Bruxelles-Capitale-egalement-apres-590-jours-sans-gouvernement.jpg\",\"datePublished\":\"2026-01-21T00:17:48+00:00\",\"dateModified\":\"2026-01-21T00:17:48+00:00\",\"breadcrumb\":{\"@id\":\"https:\/\/vieassociative.be\/actualites\/la-region-de-bruxelles-capitale-egalement-apres-590-jours-sans-gouvernement-verougstraete-jette-leponge\/#breadcrumb\"},\"inLanguage\":\"fr-BE\",\"potentialAction\":[{\"@type\":\"ReadAction\",\"target\":[\"https:\/\/vieassociative.be\/actualites\/la-region-de-bruxelles-capitale-egalement-apres-590-jours-sans-gouvernement-verougstraete-jette-leponge\/\"]}]},{\"@type\":\"ImageObject\",\"inLanguage\":\"fr-BE\",\"@id\":\"https:\/\/vieassociative.be\/actualites\/la-region-de-bruxelles-capitale-egalement-apres-590-jours-sans-gouvernement-verougstraete-jette-leponge\/#primaryimage\",\"url\":\"https:\/\/vieassociative.be\/actualites\/wp-content\/uploads\/2026\/01\/La-Region-de-Bruxelles-Capitale-egalement-apres-590-jours-sans-gouvernement.jpg\",\"contentUrl\":\"https:\/\/vieassociative.be\/actualites\/wp-content\/uploads\/2026\/01\/La-Region-de-Bruxelles-Capitale-egalement-apres-590-jours-sans-gouvernement.jpg\",\"width\":1200,\"height\":799,\"caption\":\"La R\u00e9gion de Bruxelles-Capitale \u00e9galement apr\u00e8s 590 jours sans gouvernement \u2013 \u200b\u200bVerougstraete jette l'\u00e9ponge\"},{\"@type\":\"BreadcrumbList\",\"@id\":\"https:\/\/vieassociative.be\/actualites\/la-region-de-bruxelles-capitale-egalement-apres-590-jours-sans-gouvernement-verougstraete-jette-leponge\/#breadcrumb\",\"itemListElement\":[{\"@type\":\"ListItem\",\"position\":1,\"name\":\"Accueil\",\"item\":\"https:\/\/vieassociative.be\/actualites\/\"},{\"@type\":\"ListItem\",\"position\":2,\"name\":\"La R\u00e9gion de Bruxelles-Capitale \u00e9galement apr\u00e8s 590 jours sans gouvernement \u2013 \u200b\u200bVerougstraete jette l&rsquo;\u00e9ponge\"}]},{\"@type\":\"WebSite\",\"@id\":\"https:\/\/vieassociative.be\/actualites\/#website\",\"url\":\"https:\/\/vieassociative.be\/actualites\/\",\"name\":\"Vie Associative\",\"description\":\"\",\"publisher\":{\"@id\":\"https:\/\/vieassociative.be\/actualites\/#organization\"},\"potentialAction\":[{\"@type\":\"SearchAction\",\"target\":{\"@type\":\"EntryPoint\",\"urlTemplate\":\"https:\/\/vieassociative.be\/actualites\/?s={search_term_string}\"},\"query-input\":{\"@type\":\"PropertyValueSpecification\",\"valueRequired\":true,\"valueName\":\"search_term_string\"}}],\"inLanguage\":\"fr-BE\"},{\"@type\":\"Organization\",\"@id\":\"https:\/\/vieassociative.be\/actualites\/#organization\",\"name\":\"Vie Associative\",\"url\":\"https:\/\/vieassociative.be\/actualites\/\",\"logo\":{\"@type\":\"ImageObject\",\"inLanguage\":\"fr-BE\",\"@id\":\"https:\/\/vieassociative.be\/actualites\/#\/schema\/logo\/image\/\",\"url\":\"https:\/\/vieassociative.be\/actualites\/wp-content\/uploads\/2024\/09\/cropped-vieassociative_favicon.ico.png\",\"contentUrl\":\"https:\/\/vieassociative.be\/actualites\/wp-content\/uploads\/2024\/09\/cropped-vieassociative_favicon.ico.png\",\"width\":512,\"height\":512,\"caption\":\"Vie Associative\"},\"image\":{\"@id\":\"https:\/\/vieassociative.be\/actualites\/#\/schema\/logo\/image\/\"}},{\"@type\":\"Person\",\"@id\":\"https:\/\/vieassociative.be\/actualites\/#\/schema\/person\/b87ac4f82f9d4e7b7cec7395b679edc4\",\"name\":\"Julien\",\"image\":{\"@type\":\"ImageObject\",\"inLanguage\":\"fr-BE\",\"@id\":\"https:\/\/vieassociative.be\/actualites\/#\/schema\/person\/image\/\",\"url\":\"https:\/\/vieassociative.be\/actualites\/wp-content\/uploads\/2024\/09\/vie-associative-1-150x150.jpg\",\"contentUrl\":\"https:\/\/vieassociative.be\/actualites\/wp-content\/uploads\/2024\/09\/vie-associative-1-150x150.jpg\",\"caption\":\"Julien\"},\"description\":\"Je suis Julien, r\u00e9dacteur pour Vie Associative. Passionn\u00e9 par le monde associatif depuis plus de 10 ans, j'ai \u00e0 c\u0153ur de partager des histoires inspirantes et de mettre en lumi\u00e8re les initiatives locales. Mon objectif est de sensibiliser et d'encourager l'engagement communautaire \u00e0 travers mes articles.\",\"sameAs\":[\"https:\/\/vieassociative.be\/\"]}]}<\/script>\n<!-- \/ Yoast SEO plugin. -->","yoast_head_json":{"title":"La R\u00e9gion de Bruxelles-Capitale \u00e9galement apr\u00e8s 590 jours sans gouvernement \u2013 \u200b\u200bVerougstraete jette l'\u00e9ponge | Vie Associative","robots":{"index":"index","follow":"follow","max-snippet":"max-snippet:-1","max-image-preview":"max-image-preview:large","max-video-preview":"max-video-preview:-1"},"canonical":"https:\/\/vieassociative.be\/actualites\/la-region-de-bruxelles-capitale-egalement-apres-590-jours-sans-gouvernement-verougstraete-jette-leponge\/","og_locale":"fr_FR","og_type":"article","og_title":"La R\u00e9gion de Bruxelles-Capitale \u00e9galement apr\u00e8s 590 jours sans gouvernement \u2013 \u200b\u200bVerougstraete jette l'\u00e9ponge | Vie Associative","og_description":"Bruxelles compte le champion du record de football belge, le RSC Anderlecht. Mais autre chose bat \u00e9galement des records : la R\u00e9gion de Bruxelles-Capitale, l&rsquo;une","og_url":"https:\/\/vieassociative.be\/actualites\/la-region-de-bruxelles-capitale-egalement-apres-590-jours-sans-gouvernement-verougstraete-jette-leponge\/","og_site_name":"Vie Associative","article_published_time":"2026-01-21T00:17:48+00:00","og_image":[{"width":279,"height":92,"url":"https:\/\/vieassociative.be\/actualites\/wp-content\/uploads\/2024\/09\/header_backgroundk-01-e1726694325946.png","type":"image\/png"}],"author":"Julien","twitter_card":"summary_large_image","twitter_misc":{"\u00c9crit par":"Julien","Dur\u00e9e de lecture est.":"3 minutes"},"schema":{"@context":"https:\/\/schema.org","@graph":[{"@type":"Article","@id":"https:\/\/vieassociative.be\/actualites\/la-region-de-bruxelles-capitale-egalement-apres-590-jours-sans-gouvernement-verougstraete-jette-leponge\/#article","isPartOf":{"@id":"https:\/\/vieassociative.be\/actualites\/la-region-de-bruxelles-capitale-egalement-apres-590-jours-sans-gouvernement-verougstraete-jette-leponge\/"},"author":{"name":"Julien","@id":"https:\/\/vieassociative.be\/actualites\/#\/schema\/person\/b87ac4f82f9d4e7b7cec7395b679edc4"},"headline":"La R\u00e9gion de Bruxelles-Capitale \u00e9galement apr\u00e8s 590 jours sans gouvernement \u2013 \u200b\u200bVerougstraete jette l&rsquo;\u00e9ponge","datePublished":"2026-01-21T00:17:48+00:00","dateModified":"2026-01-21T00:17:48+00:00","mainEntityOfPage":{"@id":"https:\/\/vieassociative.be\/actualites\/la-region-de-bruxelles-capitale-egalement-apres-590-jours-sans-gouvernement-verougstraete-jette-leponge\/"},"wordCount":564,"publisher":{"@id":"https:\/\/vieassociative.be\/actualites\/#organization"},"image":{"@id":"https:\/\/vieassociative.be\/actualites\/la-region-de-bruxelles-capitale-egalement-apres-590-jours-sans-gouvernement-verougstraete-jette-leponge\/#primaryimage"},"thumbnailUrl":"https:\/\/vieassociative.be\/actualites\/wp-content\/uploads\/2026\/01\/La-Region-de-Bruxelles-Capitale-egalement-apres-590-jours-sans-gouvernement.jpg","keywords":["Apr\u00e8s","BruxellesCapitale","\u00e9galement","gouvernement","jette","jours","l\u00e9ponge","R\u00e9gion","sans","Verougstraete"],"articleSection":["Belgique"],"inLanguage":"fr-BE"},{"@type":"WebPage","@id":"https:\/\/vieassociative.be\/actualites\/la-region-de-bruxelles-capitale-egalement-apres-590-jours-sans-gouvernement-verougstraete-jette-leponge\/","url":"https:\/\/vieassociative.be\/actualites\/la-region-de-bruxelles-capitale-egalement-apres-590-jours-sans-gouvernement-verougstraete-jette-leponge\/","name":"La R\u00e9gion de Bruxelles-Capitale \u00e9galement apr\u00e8s 590 jours sans gouvernement \u2013 \u200b\u200bVerougstraete jette l'\u00e9ponge | Vie Associative","isPartOf":{"@id":"https:\/\/vieassociative.be\/actualites\/#website"},"primaryImageOfPage":{"@id":"https:\/\/vieassociative.be\/actualites\/la-region-de-bruxelles-capitale-egalement-apres-590-jours-sans-gouvernement-verougstraete-jette-leponge\/#primaryimage"},"image":{"@id":"https:\/\/vieassociative.be\/actualites\/la-region-de-bruxelles-capitale-egalement-apres-590-jours-sans-gouvernement-verougstraete-jette-leponge\/#primaryimage"},"thumbnailUrl":"https:\/\/vieassociative.be\/actualites\/wp-content\/uploads\/2026\/01\/La-Region-de-Bruxelles-Capitale-egalement-apres-590-jours-sans-gouvernement.jpg","datePublished":"2026-01-21T00:17:48+00:00","dateModified":"2026-01-21T00:17:48+00:00","breadcrumb":{"@id":"https:\/\/vieassociative.be\/actualites\/la-region-de-bruxelles-capitale-egalement-apres-590-jours-sans-gouvernement-verougstraete-jette-leponge\/#breadcrumb"},"inLanguage":"fr-BE","potentialAction":[{"@type":"ReadAction","target":["https:\/\/vieassociative.be\/actualites\/la-region-de-bruxelles-capitale-egalement-apres-590-jours-sans-gouvernement-verougstraete-jette-leponge\/"]}]},{"@type":"ImageObject","inLanguage":"fr-BE","@id":"https:\/\/vieassociative.be\/actualites\/la-region-de-bruxelles-capitale-egalement-apres-590-jours-sans-gouvernement-verougstraete-jette-leponge\/#primaryimage","url":"https:\/\/vieassociative.be\/actualites\/wp-content\/uploads\/2026\/01\/La-Region-de-Bruxelles-Capitale-egalement-apres-590-jours-sans-gouvernement.jpg","contentUrl":"https:\/\/vieassociative.be\/actualites\/wp-content\/uploads\/2026\/01\/La-Region-de-Bruxelles-Capitale-egalement-apres-590-jours-sans-gouvernement.jpg","width":1200,"height":799,"caption":"La R\u00e9gion de Bruxelles-Capitale \u00e9galement apr\u00e8s 590 jours sans gouvernement \u2013 \u200b\u200bVerougstraete jette l'\u00e9ponge"},{"@type":"BreadcrumbList","@id":"https:\/\/vieassociative.be\/actualites\/la-region-de-bruxelles-capitale-egalement-apres-590-jours-sans-gouvernement-verougstraete-jette-leponge\/#breadcrumb","itemListElement":[{"@type":"ListItem","position":1,"name":"Accueil","item":"https:\/\/vieassociative.be\/actualites\/"},{"@type":"ListItem","position":2,"name":"La R\u00e9gion de Bruxelles-Capitale \u00e9galement apr\u00e8s 590 jours sans gouvernement \u2013 \u200b\u200bVerougstraete jette l&rsquo;\u00e9ponge"}]},{"@type":"WebSite","@id":"https:\/\/vieassociative.be\/actualites\/#website","url":"https:\/\/vieassociative.be\/actualites\/","name":"Vie Associative","description":"","publisher":{"@id":"https:\/\/vieassociative.be\/actualites\/#organization"},"potentialAction":[{"@type":"SearchAction","target":{"@type":"EntryPoint","urlTemplate":"https:\/\/vieassociative.be\/actualites\/?s={search_term_string}"},"query-input":{"@type":"PropertyValueSpecification","valueRequired":true,"valueName":"search_term_string"}}],"inLanguage":"fr-BE"},{"@type":"Organization","@id":"https:\/\/vieassociative.be\/actualites\/#organization","name":"Vie Associative","url":"https:\/\/vieassociative.be\/actualites\/","logo":{"@type":"ImageObject","inLanguage":"fr-BE","@id":"https:\/\/vieassociative.be\/actualites\/#\/schema\/logo\/image\/","url":"https:\/\/vieassociative.be\/actualites\/wp-content\/uploads\/2024\/09\/cropped-vieassociative_favicon.ico.png","contentUrl":"https:\/\/vieassociative.be\/actualites\/wp-content\/uploads\/2024\/09\/cropped-vieassociative_favicon.ico.png","width":512,"height":512,"caption":"Vie Associative"},"image":{"@id":"https:\/\/vieassociative.be\/actualites\/#\/schema\/logo\/image\/"}},{"@type":"Person","@id":"https:\/\/vieassociative.be\/actualites\/#\/schema\/person\/b87ac4f82f9d4e7b7cec7395b679edc4","name":"Julien","image":{"@type":"ImageObject","inLanguage":"fr-BE","@id":"https:\/\/vieassociative.be\/actualites\/#\/schema\/person\/image\/","url":"https:\/\/vieassociative.be\/actualites\/wp-content\/uploads\/2024\/09\/vie-associative-1-150x150.jpg","contentUrl":"https:\/\/vieassociative.be\/actualites\/wp-content\/uploads\/2024\/09\/vie-associative-1-150x150.jpg","caption":"Julien"},"description":"Je suis Julien, r\u00e9dacteur pour Vie Associative. Passionn\u00e9 par le monde associatif depuis plus de 10 ans, j'ai \u00e0 c\u0153ur de partager des histoires inspirantes et de mettre en lumi\u00e8re les initiatives locales. Mon objectif est de sensibiliser et d'encourager l'engagement communautaire \u00e0 travers mes articles.","sameAs":["https:\/\/vieassociative.be\/"]}]}},"_links":{"self":[{"href":"https:\/\/vieassociative.be\/actualites\/wp-json\/wp\/v2\/posts\/12290"}],"collection":[{"href":"https:\/\/vieassociative.be\/actualites\/wp-json\/wp\/v2\/posts"}],"about":[{"href":"https:\/\/vieassociative.be\/actualites\/wp-json\/wp\/v2\/types\/post"}],"author":[{"embeddable":true,"href":"https:\/\/vieassociative.be\/actualites\/wp-json\/wp\/v2\/users\/1"}],"replies":[{"embeddable":true,"href":"https:\/\/vieassociative.be\/actualites\/wp-json\/wp\/v2\/comments?post=12290"}],"version-history":[{"count":0,"href":"https:\/\/vieassociative.be\/actualites\/wp-json\/wp\/v2\/posts\/12290\/revisions"}],"wp:featuredmedia":[{"embeddable":true,"href":"https:\/\/vieassociative.be\/actualites\/wp-json\/wp\/v2\/media\/12291"}],"wp:attachment":[{"href":"https:\/\/vieassociative.be\/actualites\/wp-json\/wp\/v2\/media?parent=12290"}],"wp:term":[{"taxonomy":"category","embeddable":true,"href":"https:\/\/vieassociative.be\/actualites\/wp-json\/wp\/v2\/categories?post=12290"},{"taxonomy":"post_tag","embeddable":true,"href":"https:\/\/vieassociative.be\/actualites\/wp-json\/wp\/v2\/tags?post=12290"}],"curies":[{"name":"wp","href":"https:\/\/api.w.org\/{rel}","templated":true}]}}