{"id":12286,"date":"2026-01-20T19:17:41","date_gmt":"2026-01-20T18:17:41","guid":{"rendered":"https:\/\/vieassociative.be\/actualites\/pour-le-fc-bruges-le-vol-a-ete-plus-eprouvant-que-le-match-vanaken-co-a-gagne-4-1-au-kazakhstan-contre-le-kairat-almaty\/"},"modified":"2026-01-20T19:17:41","modified_gmt":"2026-01-20T18:17:41","slug":"pour-le-fc-bruges-le-vol-a-ete-plus-eprouvant-que-le-match-vanaken-co-a-gagne-4-1-au-kazakhstan-contre-le-kairat-almaty","status":"publish","type":"post","link":"https:\/\/vieassociative.be\/actualites\/pour-le-fc-bruges-le-vol-a-ete-plus-eprouvant-que-le-match-vanaken-co-a-gagne-4-1-au-kazakhstan-contre-le-kairat-almaty\/","title":{"rendered":"Pour le FC Bruges, le vol a \u00e9t\u00e9 plus \u00e9prouvant que le match &#8211; Vanaken &#038; Co. a gagn\u00e9 4-1 au Kazakhstan contre le Kairat Almaty"},"content":{"rendered":"<p><strong>Le FC Bruges a d\u00fb affronter quelques difficult\u00e9s mardi. Apr\u00e8s un vol de 5.000 km de 7 \u00e0 8 heures jusqu&rsquo;\u00e0 Astana au Kazakhstan, les vice-champions belges se sont impos\u00e9s 4-1 \u00e0 Kairat Almaty et ont ainsi pr\u00e9serv\u00e9 leurs chances de se qualifier pour les 8es de finale de la Ligue des Champions.<\/strong><\/p>\n<p><span id=\"more-434183\"><\/span>En raison de la m\u00e9t\u00e9o, la rencontre n&rsquo;a pas eu lieu \u00e0 Almaty, mais \u00e0 Astana. Malgr\u00e9 un tr\u00e8s long parcours et une confiance en soi tout sauf bonne apr\u00e8s l&rsquo;\u00e9limination de la coupe \u00e0 Charleroi et la d\u00e9faite \u00e0 domicile contre La Louvi\u00e8re, les \u00ab Blauw en Zwart \u00bb ont rempli leur mission. Le vice-champion belge n&rsquo;a rien l\u00e2ch\u00e9 face \u00e0 une \u00e9quipe qui n&rsquo;avait jusqu&rsquo;alors marqu\u00e9 qu&rsquo;un seul point.<\/p>\n<p>Diakhon, titulaire \u00e0 la place de Tzolis absent et \u00e9lu \u00abHomme du match\u00bb par l&rsquo;UEFA apr\u00e8s le coup de sifflet final, n&rsquo;a d&rsquo;abord touch\u00e9 que le poteau (18e). Puis l&rsquo;ancien joueur du Stade rennais a \u00e9t\u00e9 impliqu\u00e9 sur le coup franc qui a permis \u00e0 Stankovic d&rsquo;inscrire le premier but apr\u00e8s un ballon mal d\u00e9fendu du gardien adverse (32e).<\/p>\n<p>Vanaken a ensuite imm\u00e9diatement accru l&rsquo;avantage en marquant du genou apr\u00e8s une t\u00eate astucieuse de Seys (38e).<\/p>\n<p>Apr\u00e8s la pause, Bruges ne voulait pas subir le m\u00eame sort que contre La Louvi\u00e8re et \u00e9tait conscient que la diff\u00e9rence de buts pouvait \u00eatre tr\u00e8s importante. C&rsquo;est pourquoi l&rsquo;\u00e9quipe d&rsquo;Ivan Leko n&rsquo;a pas c\u00e9d\u00e9 et a continu\u00e9 \u00e0 acc\u00e9l\u00e9rer le rythme.<\/p>\n<div id=\"attachment_190266\" class=\"wp-caption alignleft\" style=\"max-width: 300px\"><img fetchpriority=\"high\" decoding=\"async\" class=\"wp-image-190266 size-medium\" src=\"https:\/\/vieassociative.be\/actualites\/wp-content\/uploads\/2026\/01\/Pour-le-FC-Bruges-le-vol-a-ete-plus-eprouvant.jpeg\" alt=\"\" width=\"300\" height=\"200\"  ><\/div>\n<p>Forbs a eu plusieurs occasions mais n&rsquo;a pas pu en profiter. Bruges a finalement d\u00e9cid\u00e9 du match gr\u00e2ce \u00e0 Vermant, qui n&rsquo;a eu qu&rsquo;\u00e0 pousser le ballon dans le but apr\u00e8s un bon travail pr\u00e9paratoire de Diakhon (0:3, 74e).<\/p>\n<p>Quelques minutes avant la fin du match, Mechele a rejoint le festival de buts de la t\u00eate apr\u00e8s un centre parfaitement synchronis\u00e9 de Vanaken (0:4, 84e). Bruges a finalement encaiss\u00e9 un but dans les arr\u00eats de jeu (1:4, 90+2).<\/p>\n<p>Sans trop d\u2019efforts, \u00ab Blauw en Zwart \u00bb a remport\u00e9 une victoire importante. On aurait m\u00eame tendance \u00e0 dire que le voyage en avion a \u00e9t\u00e9 plus \u00e9prouvant pour l&rsquo;\u00e9quipe brugeoise que le match lui-m\u00eame.<\/p>\n<p>Gr\u00e2ce \u00e0 ces trois points, le FC Bruges se remet dans la course \u00e0 la qualification pour les playoffs de la comp\u00e9tition. La semaine prochaine, les \u00ab Blauw en Zwart \u00bb accueilleront l&rsquo;Olympique de Marseille. Une victoire pourrait suffire au vice-champion belge pour disputer les huiti\u00e8mes de finale des s\u00e9ries \u00e9liminatoires, comme l&rsquo;ann\u00e9e derni\u00e8re.<\/p>\n<p>Mercredi, l&rsquo;Union Saint-Gilloise, championne, sera l&rsquo;invit\u00e9e du FC Bayern de Vincent Kompany \u00e0 Munich (21h \/ en direct sur Club RTL et Proximus Pickx). (cr\u00e9er)<\/p>\n","protected":false},"excerpt":{"rendered":"<p>Le FC Bruges a d\u00fb affronter quelques difficult\u00e9s mardi. Apr\u00e8s un vol de 5.000 km de 7 \u00e0 8 heures jusqu&rsquo;\u00e0 Astana au Kazakhstan, les<\/p>\n","protected":false},"author":1,"featured_media":12287,"comment_status":"","ping_status":"","sticky":false,"template":"","format":"standard","meta":{"footnotes":""},"categories":[298],"tags":[9821,2851,796,9819,217,2299,9820,3998,2685,81,9751,4867],"class_list":["post-12286","post","type-post","status-publish","format-standard","has-post-thumbnail","hentry","category-belgique","tag-almaty","tag-bruges","tag-contre","tag-eprouvant","tag-ete","tag-gagne","tag-kairat","tag-kazakhstan","tag-match","tag-pour","tag-vanaken","tag-vol","generate-columns","tablet-grid-50","mobile-grid-100","grid-parent","grid-33"],"yoast_head":"<!-- This site is optimized with the Yoast SEO plugin v24.0 - https:\/\/yoast.com\/wordpress\/plugins\/seo\/ -->\n<title>Pour le FC Bruges, le vol a \u00e9t\u00e9 plus \u00e9prouvant que le match - Vanaken &amp; Co. a gagn\u00e9 4-1 au Kazakhstan contre le Kairat Almaty | Vie Associative<\/title>\n<meta name=\"robots\" content=\"index, follow, max-snippet:-1, max-image-preview:large, max-video-preview:-1\" \/>\n<link rel=\"canonical\" href=\"https:\/\/vieassociative.be\/actualites\/pour-le-fc-bruges-le-vol-a-ete-plus-eprouvant-que-le-match-vanaken-co-a-gagne-4-1-au-kazakhstan-contre-le-kairat-almaty\/\" \/>\n<meta property=\"og:locale\" content=\"fr_FR\" \/>\n<meta property=\"og:type\" content=\"article\" \/>\n<meta property=\"og:title\" content=\"Pour le FC Bruges, le vol a \u00e9t\u00e9 plus \u00e9prouvant que le match - Vanaken &amp; Co. a gagn\u00e9 4-1 au Kazakhstan contre le Kairat Almaty | Vie Associative\" \/>\n<meta property=\"og:description\" content=\"Le FC Bruges a d\u00fb affronter quelques difficult\u00e9s mardi. Apr\u00e8s un vol de 5.000 km de 7 \u00e0 8 heures jusqu&rsquo;\u00e0 Astana au Kazakhstan, les\" \/>\n<meta property=\"og:url\" content=\"https:\/\/vieassociative.be\/actualites\/pour-le-fc-bruges-le-vol-a-ete-plus-eprouvant-que-le-match-vanaken-co-a-gagne-4-1-au-kazakhstan-contre-le-kairat-almaty\/\" \/>\n<meta property=\"og:site_name\" content=\"Vie Associative\" \/>\n<meta property=\"article:published_time\" content=\"2026-01-20T18:17:41+00:00\" \/>\n<meta property=\"og:image\" content=\"https:\/\/vieassociative.be\/actualites\/wp-content\/uploads\/2024\/09\/header_backgroundk-01-e1726694325946.png\" \/>\n\t<meta property=\"og:image:width\" content=\"279\" \/>\n\t<meta property=\"og:image:height\" content=\"92\" \/>\n\t<meta property=\"og:image:type\" content=\"image\/png\" \/>\n<meta name=\"author\" content=\"Julien\" \/>\n<meta name=\"twitter:card\" content=\"summary_large_image\" \/>\n<meta name=\"twitter:label1\" content=\"\u00c9crit par\" \/>\n\t<meta name=\"twitter:data1\" content=\"Julien\" \/>\n\t<meta name=\"twitter:label2\" content=\"Dur\u00e9e de lecture est.\" \/>\n\t<meta name=\"twitter:data2\" content=\"2 minutes\" \/>\n<script type=\"application\/ld+json\" class=\"yoast-schema-graph\">{\"@context\":\"https:\/\/schema.org\",\"@graph\":[{\"@type\":\"Article\",\"@id\":\"https:\/\/vieassociative.be\/actualites\/pour-le-fc-bruges-le-vol-a-ete-plus-eprouvant-que-le-match-vanaken-co-a-gagne-4-1-au-kazakhstan-contre-le-kairat-almaty\/#article\",\"isPartOf\":{\"@id\":\"https:\/\/vieassociative.be\/actualites\/pour-le-fc-bruges-le-vol-a-ete-plus-eprouvant-que-le-match-vanaken-co-a-gagne-4-1-au-kazakhstan-contre-le-kairat-almaty\/\"},\"author\":{\"name\":\"Julien\",\"@id\":\"https:\/\/vieassociative.be\/actualites\/#\/schema\/person\/b87ac4f82f9d4e7b7cec7395b679edc4\"},\"headline\":\"Pour le FC Bruges, le vol a \u00e9t\u00e9 plus \u00e9prouvant que le match &#8211; Vanaken &#038; Co. a gagn\u00e9 4-1 au Kazakhstan contre le Kairat Almaty\",\"datePublished\":\"2026-01-20T18:17:41+00:00\",\"dateModified\":\"2026-01-20T18:17:41+00:00\",\"mainEntityOfPage\":{\"@id\":\"https:\/\/vieassociative.be\/actualites\/pour-le-fc-bruges-le-vol-a-ete-plus-eprouvant-que-le-match-vanaken-co-a-gagne-4-1-au-kazakhstan-contre-le-kairat-almaty\/\"},\"wordCount\":496,\"publisher\":{\"@id\":\"https:\/\/vieassociative.be\/actualites\/#organization\"},\"image\":{\"@id\":\"https:\/\/vieassociative.be\/actualites\/pour-le-fc-bruges-le-vol-a-ete-plus-eprouvant-que-le-match-vanaken-co-a-gagne-4-1-au-kazakhstan-contre-le-kairat-almaty\/#primaryimage\"},\"thumbnailUrl\":\"https:\/\/vieassociative.be\/actualites\/wp-content\/uploads\/2026\/01\/Pour-le-FC-Bruges-le-vol-a-ete-plus-eprouvant.jpg\",\"keywords\":[\"Almaty\",\"Bruges\",\"contre\",\"\u00e9prouvant\",\"\u00e9t\u00e9\",\"gagn\u00e9\",\"Kairat\",\"Kazakhstan\",\"match\",\"pour\",\"Vanaken\",\"vol\"],\"articleSection\":[\"Belgique\"],\"inLanguage\":\"fr-BE\"},{\"@type\":\"WebPage\",\"@id\":\"https:\/\/vieassociative.be\/actualites\/pour-le-fc-bruges-le-vol-a-ete-plus-eprouvant-que-le-match-vanaken-co-a-gagne-4-1-au-kazakhstan-contre-le-kairat-almaty\/\",\"url\":\"https:\/\/vieassociative.be\/actualites\/pour-le-fc-bruges-le-vol-a-ete-plus-eprouvant-que-le-match-vanaken-co-a-gagne-4-1-au-kazakhstan-contre-le-kairat-almaty\/\",\"name\":\"Pour le FC Bruges, le vol a \u00e9t\u00e9 plus \u00e9prouvant que le match - Vanaken & Co. a gagn\u00e9 4-1 au Kazakhstan contre le Kairat Almaty | Vie Associative\",\"isPartOf\":{\"@id\":\"https:\/\/vieassociative.be\/actualites\/#website\"},\"primaryImageOfPage\":{\"@id\":\"https:\/\/vieassociative.be\/actualites\/pour-le-fc-bruges-le-vol-a-ete-plus-eprouvant-que-le-match-vanaken-co-a-gagne-4-1-au-kazakhstan-contre-le-kairat-almaty\/#primaryimage\"},\"image\":{\"@id\":\"https:\/\/vieassociative.be\/actualites\/pour-le-fc-bruges-le-vol-a-ete-plus-eprouvant-que-le-match-vanaken-co-a-gagne-4-1-au-kazakhstan-contre-le-kairat-almaty\/#primaryimage\"},\"thumbnailUrl\":\"https:\/\/vieassociative.be\/actualites\/wp-content\/uploads\/2026\/01\/Pour-le-FC-Bruges-le-vol-a-ete-plus-eprouvant.jpg\",\"datePublished\":\"2026-01-20T18:17:41+00:00\",\"dateModified\":\"2026-01-20T18:17:41+00:00\",\"breadcrumb\":{\"@id\":\"https:\/\/vieassociative.be\/actualites\/pour-le-fc-bruges-le-vol-a-ete-plus-eprouvant-que-le-match-vanaken-co-a-gagne-4-1-au-kazakhstan-contre-le-kairat-almaty\/#breadcrumb\"},\"inLanguage\":\"fr-BE\",\"potentialAction\":[{\"@type\":\"ReadAction\",\"target\":[\"https:\/\/vieassociative.be\/actualites\/pour-le-fc-bruges-le-vol-a-ete-plus-eprouvant-que-le-match-vanaken-co-a-gagne-4-1-au-kazakhstan-contre-le-kairat-almaty\/\"]}]},{\"@type\":\"ImageObject\",\"inLanguage\":\"fr-BE\",\"@id\":\"https:\/\/vieassociative.be\/actualites\/pour-le-fc-bruges-le-vol-a-ete-plus-eprouvant-que-le-match-vanaken-co-a-gagne-4-1-au-kazakhstan-contre-le-kairat-almaty\/#primaryimage\",\"url\":\"https:\/\/vieassociative.be\/actualites\/wp-content\/uploads\/2026\/01\/Pour-le-FC-Bruges-le-vol-a-ete-plus-eprouvant.jpg\",\"contentUrl\":\"https:\/\/vieassociative.be\/actualites\/wp-content\/uploads\/2026\/01\/Pour-le-FC-Bruges-le-vol-a-ete-plus-eprouvant.jpg\",\"width\":1200,\"height\":800,\"caption\":\"Pour le FC Bruges, le vol a \u00e9t\u00e9 plus \u00e9prouvant que le match - Vanaken & Co. a gagn\u00e9 4-1 au Kazakhstan contre le Kairat Almaty\"},{\"@type\":\"BreadcrumbList\",\"@id\":\"https:\/\/vieassociative.be\/actualites\/pour-le-fc-bruges-le-vol-a-ete-plus-eprouvant-que-le-match-vanaken-co-a-gagne-4-1-au-kazakhstan-contre-le-kairat-almaty\/#breadcrumb\",\"itemListElement\":[{\"@type\":\"ListItem\",\"position\":1,\"name\":\"Accueil\",\"item\":\"https:\/\/vieassociative.be\/actualites\/\"},{\"@type\":\"ListItem\",\"position\":2,\"name\":\"Pour le FC Bruges, le vol a \u00e9t\u00e9 plus \u00e9prouvant que le match &#8211; Vanaken &#038; Co. a gagn\u00e9 4-1 au Kazakhstan contre le Kairat Almaty\"}]},{\"@type\":\"WebSite\",\"@id\":\"https:\/\/vieassociative.be\/actualites\/#website\",\"url\":\"https:\/\/vieassociative.be\/actualites\/\",\"name\":\"Vie Associative\",\"description\":\"\",\"publisher\":{\"@id\":\"https:\/\/vieassociative.be\/actualites\/#organization\"},\"potentialAction\":[{\"@type\":\"SearchAction\",\"target\":{\"@type\":\"EntryPoint\",\"urlTemplate\":\"https:\/\/vieassociative.be\/actualites\/?s={search_term_string}\"},\"query-input\":{\"@type\":\"PropertyValueSpecification\",\"valueRequired\":true,\"valueName\":\"search_term_string\"}}],\"inLanguage\":\"fr-BE\"},{\"@type\":\"Organization\",\"@id\":\"https:\/\/vieassociative.be\/actualites\/#organization\",\"name\":\"Vie Associative\",\"url\":\"https:\/\/vieassociative.be\/actualites\/\",\"logo\":{\"@type\":\"ImageObject\",\"inLanguage\":\"fr-BE\",\"@id\":\"https:\/\/vieassociative.be\/actualites\/#\/schema\/logo\/image\/\",\"url\":\"https:\/\/vieassociative.be\/actualites\/wp-content\/uploads\/2024\/09\/cropped-vieassociative_favicon.ico.png\",\"contentUrl\":\"https:\/\/vieassociative.be\/actualites\/wp-content\/uploads\/2024\/09\/cropped-vieassociative_favicon.ico.png\",\"width\":512,\"height\":512,\"caption\":\"Vie Associative\"},\"image\":{\"@id\":\"https:\/\/vieassociative.be\/actualites\/#\/schema\/logo\/image\/\"}},{\"@type\":\"Person\",\"@id\":\"https:\/\/vieassociative.be\/actualites\/#\/schema\/person\/b87ac4f82f9d4e7b7cec7395b679edc4\",\"name\":\"Julien\",\"image\":{\"@type\":\"ImageObject\",\"inLanguage\":\"fr-BE\",\"@id\":\"https:\/\/vieassociative.be\/actualites\/#\/schema\/person\/image\/\",\"url\":\"https:\/\/vieassociative.be\/actualites\/wp-content\/uploads\/2024\/09\/vie-associative-1-150x150.jpg\",\"contentUrl\":\"https:\/\/vieassociative.be\/actualites\/wp-content\/uploads\/2024\/09\/vie-associative-1-150x150.jpg\",\"caption\":\"Julien\"},\"description\":\"Je suis Julien, r\u00e9dacteur pour Vie Associative. Passionn\u00e9 par le monde associatif depuis plus de 10 ans, j'ai \u00e0 c\u0153ur de partager des histoires inspirantes et de mettre en lumi\u00e8re les initiatives locales. Mon objectif est de sensibiliser et d'encourager l'engagement communautaire \u00e0 travers mes articles.\",\"sameAs\":[\"https:\/\/vieassociative.be\/\"]}]}<\/script>\n<!-- \/ Yoast SEO plugin. -->","yoast_head_json":{"title":"Pour le FC Bruges, le vol a \u00e9t\u00e9 plus \u00e9prouvant que le match - Vanaken & Co. a gagn\u00e9 4-1 au Kazakhstan contre le Kairat Almaty | Vie Associative","robots":{"index":"index","follow":"follow","max-snippet":"max-snippet:-1","max-image-preview":"max-image-preview:large","max-video-preview":"max-video-preview:-1"},"canonical":"https:\/\/vieassociative.be\/actualites\/pour-le-fc-bruges-le-vol-a-ete-plus-eprouvant-que-le-match-vanaken-co-a-gagne-4-1-au-kazakhstan-contre-le-kairat-almaty\/","og_locale":"fr_FR","og_type":"article","og_title":"Pour le FC Bruges, le vol a \u00e9t\u00e9 plus \u00e9prouvant que le match - Vanaken & Co. a gagn\u00e9 4-1 au Kazakhstan contre le Kairat Almaty | Vie Associative","og_description":"Le FC Bruges a d\u00fb affronter quelques difficult\u00e9s mardi. Apr\u00e8s un vol de 5.000 km de 7 \u00e0 8 heures jusqu&rsquo;\u00e0 Astana au Kazakhstan, les","og_url":"https:\/\/vieassociative.be\/actualites\/pour-le-fc-bruges-le-vol-a-ete-plus-eprouvant-que-le-match-vanaken-co-a-gagne-4-1-au-kazakhstan-contre-le-kairat-almaty\/","og_site_name":"Vie Associative","article_published_time":"2026-01-20T18:17:41+00:00","og_image":[{"width":279,"height":92,"url":"https:\/\/vieassociative.be\/actualites\/wp-content\/uploads\/2024\/09\/header_backgroundk-01-e1726694325946.png","type":"image\/png"}],"author":"Julien","twitter_card":"summary_large_image","twitter_misc":{"\u00c9crit par":"Julien","Dur\u00e9e de lecture est.":"2 minutes"},"schema":{"@context":"https:\/\/schema.org","@graph":[{"@type":"Article","@id":"https:\/\/vieassociative.be\/actualites\/pour-le-fc-bruges-le-vol-a-ete-plus-eprouvant-que-le-match-vanaken-co-a-gagne-4-1-au-kazakhstan-contre-le-kairat-almaty\/#article","isPartOf":{"@id":"https:\/\/vieassociative.be\/actualites\/pour-le-fc-bruges-le-vol-a-ete-plus-eprouvant-que-le-match-vanaken-co-a-gagne-4-1-au-kazakhstan-contre-le-kairat-almaty\/"},"author":{"name":"Julien","@id":"https:\/\/vieassociative.be\/actualites\/#\/schema\/person\/b87ac4f82f9d4e7b7cec7395b679edc4"},"headline":"Pour le FC Bruges, le vol a \u00e9t\u00e9 plus \u00e9prouvant que le match &#8211; Vanaken &#038; Co. a gagn\u00e9 4-1 au Kazakhstan contre le Kairat Almaty","datePublished":"2026-01-20T18:17:41+00:00","dateModified":"2026-01-20T18:17:41+00:00","mainEntityOfPage":{"@id":"https:\/\/vieassociative.be\/actualites\/pour-le-fc-bruges-le-vol-a-ete-plus-eprouvant-que-le-match-vanaken-co-a-gagne-4-1-au-kazakhstan-contre-le-kairat-almaty\/"},"wordCount":496,"publisher":{"@id":"https:\/\/vieassociative.be\/actualites\/#organization"},"image":{"@id":"https:\/\/vieassociative.be\/actualites\/pour-le-fc-bruges-le-vol-a-ete-plus-eprouvant-que-le-match-vanaken-co-a-gagne-4-1-au-kazakhstan-contre-le-kairat-almaty\/#primaryimage"},"thumbnailUrl":"https:\/\/vieassociative.be\/actualites\/wp-content\/uploads\/2026\/01\/Pour-le-FC-Bruges-le-vol-a-ete-plus-eprouvant.jpg","keywords":["Almaty","Bruges","contre","\u00e9prouvant","\u00e9t\u00e9","gagn\u00e9","Kairat","Kazakhstan","match","pour","Vanaken","vol"],"articleSection":["Belgique"],"inLanguage":"fr-BE"},{"@type":"WebPage","@id":"https:\/\/vieassociative.be\/actualites\/pour-le-fc-bruges-le-vol-a-ete-plus-eprouvant-que-le-match-vanaken-co-a-gagne-4-1-au-kazakhstan-contre-le-kairat-almaty\/","url":"https:\/\/vieassociative.be\/actualites\/pour-le-fc-bruges-le-vol-a-ete-plus-eprouvant-que-le-match-vanaken-co-a-gagne-4-1-au-kazakhstan-contre-le-kairat-almaty\/","name":"Pour le FC Bruges, le vol a \u00e9t\u00e9 plus \u00e9prouvant que le match - Vanaken & Co. a gagn\u00e9 4-1 au Kazakhstan contre le Kairat Almaty | Vie Associative","isPartOf":{"@id":"https:\/\/vieassociative.be\/actualites\/#website"},"primaryImageOfPage":{"@id":"https:\/\/vieassociative.be\/actualites\/pour-le-fc-bruges-le-vol-a-ete-plus-eprouvant-que-le-match-vanaken-co-a-gagne-4-1-au-kazakhstan-contre-le-kairat-almaty\/#primaryimage"},"image":{"@id":"https:\/\/vieassociative.be\/actualites\/pour-le-fc-bruges-le-vol-a-ete-plus-eprouvant-que-le-match-vanaken-co-a-gagne-4-1-au-kazakhstan-contre-le-kairat-almaty\/#primaryimage"},"thumbnailUrl":"https:\/\/vieassociative.be\/actualites\/wp-content\/uploads\/2026\/01\/Pour-le-FC-Bruges-le-vol-a-ete-plus-eprouvant.jpg","datePublished":"2026-01-20T18:17:41+00:00","dateModified":"2026-01-20T18:17:41+00:00","breadcrumb":{"@id":"https:\/\/vieassociative.be\/actualites\/pour-le-fc-bruges-le-vol-a-ete-plus-eprouvant-que-le-match-vanaken-co-a-gagne-4-1-au-kazakhstan-contre-le-kairat-almaty\/#breadcrumb"},"inLanguage":"fr-BE","potentialAction":[{"@type":"ReadAction","target":["https:\/\/vieassociative.be\/actualites\/pour-le-fc-bruges-le-vol-a-ete-plus-eprouvant-que-le-match-vanaken-co-a-gagne-4-1-au-kazakhstan-contre-le-kairat-almaty\/"]}]},{"@type":"ImageObject","inLanguage":"fr-BE","@id":"https:\/\/vieassociative.be\/actualites\/pour-le-fc-bruges-le-vol-a-ete-plus-eprouvant-que-le-match-vanaken-co-a-gagne-4-1-au-kazakhstan-contre-le-kairat-almaty\/#primaryimage","url":"https:\/\/vieassociative.be\/actualites\/wp-content\/uploads\/2026\/01\/Pour-le-FC-Bruges-le-vol-a-ete-plus-eprouvant.jpg","contentUrl":"https:\/\/vieassociative.be\/actualites\/wp-content\/uploads\/2026\/01\/Pour-le-FC-Bruges-le-vol-a-ete-plus-eprouvant.jpg","width":1200,"height":800,"caption":"Pour le FC Bruges, le vol a \u00e9t\u00e9 plus \u00e9prouvant que le match - Vanaken & Co. a gagn\u00e9 4-1 au Kazakhstan contre le Kairat Almaty"},{"@type":"BreadcrumbList","@id":"https:\/\/vieassociative.be\/actualites\/pour-le-fc-bruges-le-vol-a-ete-plus-eprouvant-que-le-match-vanaken-co-a-gagne-4-1-au-kazakhstan-contre-le-kairat-almaty\/#breadcrumb","itemListElement":[{"@type":"ListItem","position":1,"name":"Accueil","item":"https:\/\/vieassociative.be\/actualites\/"},{"@type":"ListItem","position":2,"name":"Pour le FC Bruges, le vol a \u00e9t\u00e9 plus \u00e9prouvant que le match &#8211; Vanaken &#038; Co. a gagn\u00e9 4-1 au Kazakhstan contre le Kairat Almaty"}]},{"@type":"WebSite","@id":"https:\/\/vieassociative.be\/actualites\/#website","url":"https:\/\/vieassociative.be\/actualites\/","name":"Vie Associative","description":"","publisher":{"@id":"https:\/\/vieassociative.be\/actualites\/#organization"},"potentialAction":[{"@type":"SearchAction","target":{"@type":"EntryPoint","urlTemplate":"https:\/\/vieassociative.be\/actualites\/?s={search_term_string}"},"query-input":{"@type":"PropertyValueSpecification","valueRequired":true,"valueName":"search_term_string"}}],"inLanguage":"fr-BE"},{"@type":"Organization","@id":"https:\/\/vieassociative.be\/actualites\/#organization","name":"Vie Associative","url":"https:\/\/vieassociative.be\/actualites\/","logo":{"@type":"ImageObject","inLanguage":"fr-BE","@id":"https:\/\/vieassociative.be\/actualites\/#\/schema\/logo\/image\/","url":"https:\/\/vieassociative.be\/actualites\/wp-content\/uploads\/2024\/09\/cropped-vieassociative_favicon.ico.png","contentUrl":"https:\/\/vieassociative.be\/actualites\/wp-content\/uploads\/2024\/09\/cropped-vieassociative_favicon.ico.png","width":512,"height":512,"caption":"Vie Associative"},"image":{"@id":"https:\/\/vieassociative.be\/actualites\/#\/schema\/logo\/image\/"}},{"@type":"Person","@id":"https:\/\/vieassociative.be\/actualites\/#\/schema\/person\/b87ac4f82f9d4e7b7cec7395b679edc4","name":"Julien","image":{"@type":"ImageObject","inLanguage":"fr-BE","@id":"https:\/\/vieassociative.be\/actualites\/#\/schema\/person\/image\/","url":"https:\/\/vieassociative.be\/actualites\/wp-content\/uploads\/2024\/09\/vie-associative-1-150x150.jpg","contentUrl":"https:\/\/vieassociative.be\/actualites\/wp-content\/uploads\/2024\/09\/vie-associative-1-150x150.jpg","caption":"Julien"},"description":"Je suis Julien, r\u00e9dacteur pour Vie Associative. Passionn\u00e9 par le monde associatif depuis plus de 10 ans, j'ai \u00e0 c\u0153ur de partager des histoires inspirantes et de mettre en lumi\u00e8re les initiatives locales. Mon objectif est de sensibiliser et d'encourager l'engagement communautaire \u00e0 travers mes articles.","sameAs":["https:\/\/vieassociative.be\/"]}]}},"_links":{"self":[{"href":"https:\/\/vieassociative.be\/actualites\/wp-json\/wp\/v2\/posts\/12286"}],"collection":[{"href":"https:\/\/vieassociative.be\/actualites\/wp-json\/wp\/v2\/posts"}],"about":[{"href":"https:\/\/vieassociative.be\/actualites\/wp-json\/wp\/v2\/types\/post"}],"author":[{"embeddable":true,"href":"https:\/\/vieassociative.be\/actualites\/wp-json\/wp\/v2\/users\/1"}],"replies":[{"embeddable":true,"href":"https:\/\/vieassociative.be\/actualites\/wp-json\/wp\/v2\/comments?post=12286"}],"version-history":[{"count":0,"href":"https:\/\/vieassociative.be\/actualites\/wp-json\/wp\/v2\/posts\/12286\/revisions"}],"wp:featuredmedia":[{"embeddable":true,"href":"https:\/\/vieassociative.be\/actualites\/wp-json\/wp\/v2\/media\/12287"}],"wp:attachment":[{"href":"https:\/\/vieassociative.be\/actualites\/wp-json\/wp\/v2\/media?parent=12286"}],"wp:term":[{"taxonomy":"category","embeddable":true,"href":"https:\/\/vieassociative.be\/actualites\/wp-json\/wp\/v2\/categories?post=12286"},{"taxonomy":"post_tag","embeddable":true,"href":"https:\/\/vieassociative.be\/actualites\/wp-json\/wp\/v2\/tags?post=12286"}],"curies":[{"name":"wp","href":"https:\/\/api.w.org\/{rel}","templated":true}]}}