{"id":12282,"date":"2026-01-20T13:18:29","date_gmt":"2026-01-20T12:18:29","guid":{"rendered":"https:\/\/vieassociative.be\/actualites\/un-an-de-donald-trump-un-an-de-gouvernement-en-etat-debriete\/"},"modified":"2026-01-20T13:18:29","modified_gmt":"2026-01-20T12:18:29","slug":"un-an-de-donald-trump-un-an-de-gouvernement-en-etat-debriete","status":"publish","type":"post","link":"https:\/\/vieassociative.be\/actualites\/un-an-de-donald-trump-un-an-de-gouvernement-en-etat-debriete\/","title":{"rendered":"Un an de Donald Trump \u2013 un an de gouvernement en \u00e9tat d\u2019\u00e9bri\u00e9t\u00e9"},"content":{"rendered":"<p><strong>Les opposants lui reprochent d&rsquo;agir comme un roi : Donald Trump est de retour au pouvoir depuis un an. Comment cela a-t-il affect\u00e9 le monde et l\u2019Am\u00e9rique ?<\/strong><\/p>\n<p><span id=\"more-434152\"><\/span>Lorsque Donald Trump est devenu pr\u00e9sident des \u00c9tats-Unis pour la deuxi\u00e8me fois il y a un an, tout le monde se doutait que sa premi\u00e8re pr\u00e9sidence (2017-2021), d\u00e9j\u00e0 marquante, n\u2019\u00e9tait qu\u2019un avant-go\u00fbt. Cet homme de 79 ans est en train de redresser massivement son pays, avec t\u00e9nacit\u00e9 et d\u00e9termination \u2013 et le monde entier le ressent. Qu\u2019est-ce qui a chang\u00e9 apr\u00e8s un an de Trump ?<\/p>\n<p><strong>POLITIQUE EXT\u00c9RIEURE<\/strong><\/p>\n<p><strong>\u2013 L\u2019OTAN et l\u2019Europe :<\/strong> Plus rien n\u2019est comme avant. L\u2019ann\u00e9e derni\u00e8re, les Europ\u00e9ens ont compris plus clairement que jamais \u00e0 quel point c\u2019\u00e9tait une grave erreur de d\u00e9pendre des \u00c9tats-Unis pour leur d\u00e9fense et leur s\u00e9curit\u00e9. Craignant que Trump ne remette en question la promesse de protection de l&rsquo;OTAN face \u00e0 la menace russe, ils ont aval\u00e9 une imposition apr\u00e8s l&rsquo;autre pendant douze mois &#8211; des tarifs sp\u00e9ciaux \u00e0 l&rsquo;exigence de financer uniquement le soutien \u00e0 l&rsquo;Ukraine.<\/p>\n<div id=\"attachment_411353\" class=\"wp-caption alignleft\" style=\"max-width: 300px\"><img fetchpriority=\"high\" decoding=\"async\" class=\"wp-image-411353 size-medium\" src=\"https:\/\/vieassociative.be\/actualites\/wp-content\/uploads\/2025\/03\/Des-manifestations-au-Groenland-contre-Donald-Trump.jpg\" alt=\"\" width=\"300\" height=\"200\"><\/div>\n<p>La derni\u00e8re imposition est que Trump exige que le Danemark vende l\u2019\u00eele arctique du Groenland aux \u00c9tats-Unis. Les pays europ\u00e9ens ayant d\u00e9sormais envoy\u00e9 des soldats sur l&rsquo;\u00eele, le pr\u00e9sident am\u00e9ricain a annonc\u00e9 de nouveaux tarifs douaniers punitifs contre huit pays europ\u00e9ens \u00e0 partir du 1er f\u00e9vrier &#8211; jusqu&rsquo;\u00e0 ce qu&rsquo;un accord soit trouv\u00e9 sur un achat.<\/p>\n<p>Il est tr\u00e8s probable que les Europ\u00e9ens ne prendraient aucune contre-mesure m\u00eame si l\u2019annexion \u00e9tait forc\u00e9e, ce qui pourrait \u00e9ventuellement entra\u00eener un retrait imm\u00e9diat des \u00c9tats-Unis de l\u2019OTAN.<\/p>\n<p>Il est tr\u00e8s pr\u00e9occupant que la Russie se sente alors invit\u00e9e \u00e0 \u00e9tendre sa campagne de conqu\u00eate, par exemple aux \u00c9tats baltes de l\u2019UE. Qu\u2019il s\u2019agisse des armes nucl\u00e9aires, de la reconnaissance par satellite, de la d\u00e9fense antimissile ou de la technologie des avions de combat, les Europ\u00e9ens ne disposent pas actuellement, dans de nombreux domaines cl\u00e9s, des capacit\u00e9s jug\u00e9es n\u00e9cessaires pour dissuader la Russie de mani\u00e8re fiable.<\/p>\n<p>Aussi am\u00e8re et d\u00e9sagr\u00e9able que soit la politique de Trump pour l\u2019UE et la plupart des \u00c9tats membres, au moins l\u2019OTAN en profite \u00e0 certains \u00e9gards. Sous la pression de Trump, les alli\u00e9s ont convenu cet \u00e9t\u00e9 d&rsquo;augmenter leurs d\u00e9penses li\u00e9es \u00e0 la d\u00e9fense \u00e0 5 % du produit int\u00e9rieur brut dans les ann\u00e9es \u00e0 venir. Si le conflit au Groenland ne conduit pas \u00e0 la fin de l&rsquo;OTAN, le secr\u00e9taire g\u00e9n\u00e9ral Mark Rutte estime que l&rsquo;alliance sera renforc\u00e9e de telle mani\u00e8re qu&rsquo;elle restera inattaquable dans un avenir proche.<\/p>\n<p><strong>\u2013 Russie :<\/strong> A Moscou, la politique de Trump, qui exerce \u00e9galement une pression sur l&rsquo;Occident, est suivie avec fascination. Dans les n\u00e9gociations pour mettre fin \u00e0 la guerre contre l&rsquo;Ukraine ordonn\u00e9es par Vladimir Poutine, Moscou a \u00e9galement trouv\u00e9 de longue date un interlocuteur confortable en la personne du pr\u00e9sident am\u00e9ricain, qui a fait preuve de compr\u00e9hension \u00e0 l&rsquo;\u00e9gard des ambitions imp\u00e9riales du Kremlin.<\/p>\n<div id=\"attachment_422438\" class=\"wp-caption alignleft\" style=\"max-width: 240px\"><img decoding=\"async\" class=\"wp-image-422438 size-medium\" src=\"https:\/\/vieassociative.be\/actualites\/wp-content\/uploads\/2025\/12\/La-fierte-de-Donald-Trump-precede-t-elle-sa-chute-\u2013.jpg\" alt=\"\" width=\"240\" height=\"300\"><\/div>\n<p>Les dirigeants de Moscou en ont intelligemment profit\u00e9 pour gagner du temps dans les n\u00e9gociations. Une volont\u00e9 de dialogue s\u2019est manifest\u00e9e \u00e0 l\u2019ext\u00e9rieur, mais il n\u2019y a eu aucune r\u00e9elle concession quant aux objectifs de la guerre. Moscou a attir\u00e9 Trump avec de vagues promesses de coop\u00e9ration \u00e9conomiquement lucrative dans l\u2019extraction de mati\u00e8res premi\u00e8res. Le pr\u00e9sident am\u00e9ricain n\u2019a fait preuve d\u2019impatience que ces derni\u00e8res semaines en augmentant les sanctions contre la Russie en raison de la guerre en cours.<\/p>\n<p><strong>&#8211; Chine:<\/strong> La Chine s\u2019est d\u00e9lib\u00e9r\u00e9ment oppos\u00e9e \u00e0 la politique de Trump dans le conflit commercial. P\u00e9kin a r\u00e9pondu aux tarifs douaniers am\u00e9ricains par des contre-tarifs et a r\u00e9cemment utilis\u00e9 sa domination dans le domaine des terres rares. Ce faisant, le chef de l\u2019\u00c9tat et du parti Xi Jinping a voulu montrer que la Chine est capable de se d\u00e9fendre en tant que grande puissance et qu\u2019elle dispose de ses propres moyens de pression. Les nouveaux records d\u2019exportation dans le commerce international malgr\u00e9 les tarifs douaniers am\u00e9ricains soulignent que P\u00e9kin est effectivement r\u00e9silient.<\/p>\n<p>\u00c0 l\u2019\u00e9chelle internationale, cette formation a \u00e9t\u00e9 particuli\u00e8rement bien accueillie dans les pays du Sud. Dans ce pays, la Chine est de plus en plus per\u00e7ue comme un contrepoids aux \u00c9tats-Unis. Dans le m\u00eame temps, P\u00e9kin profite du retrait de Washington des organisations internationales ainsi que des actions controvers\u00e9es des \u00c9tats-Unis, comme la r\u00e9cente arrestation du pr\u00e9sident v\u00e9n\u00e9zu\u00e9lien Nicol\u00e1s Maduro \u00e0 Caracas, pour se pr\u00e9senter comme une grande puissance responsable.<\/p>\n<p><strong>\u2013 La politique tarifaire de Trump :<\/strong> Imm\u00e9diatement apr\u00e8s son entr\u00e9e en fonction, Trump a entrepris de r\u00e9volutionner le commerce mondial avec une vague tarifaire sans pr\u00e9c\u00e9dent. Sa th\u00e8se : Le monde entier exploite les \u00c9tats-Unis depuis des ann\u00e9es \u2013 et il va changer cela avec des barri\u00e8res tarifaires et ramener la production industrielle dans le pays. \u00ab Je suis le roi des tarifs douaniers \u00bb, a d\u00e9clar\u00e9 Trump. L\u2019administration Trump a ignor\u00e9 les avertissements des \u00e9conomistes selon lesquels les droits de douane seraient en fin de compte support\u00e9s par les consommateurs am\u00e9ricains. Pendant ce temps, Trump pourrait encore impliquer la Cour supr\u00eame et r\u00e9voquer la base juridique d\u2019une grande partie des droits de douane.<\/p>\n<p><strong>POLITIQUE INT\u00c9RIEURE<\/strong><\/p>\n<p><strong>\u2013 Raids contre les migrants :<\/strong> Trump a \u00e9galement \u00e9branl\u00e9 certains piliers fondamentaux dans son pays. Aujourd\u2019hui, en Am\u00e9rique \u2013 pour beaucoup l\u2019exemple m\u00eame d\u2019un pays d\u2019immigration \u2013 les raids men\u00e9s par des fonctionnaires masqu\u00e9s contre les migrants sont \u00e0 l\u2019ordre du jour. Une r\u00e9sistance \u00e0 cela est apparue dans de nombreuses villes d\u00e9mocratiquement gouvern\u00e9es : les citoyens s\u2019avertissent par des sifflets ou via les r\u00e9seaux sociaux lorsqu\u2019ils voient les autorit\u00e9s d\u2019immigration de l\u2019ICE dans leur r\u00e9gion. La fusillade mortelle d&rsquo;un citoyen am\u00e9ricain de 37 ans \u00e0 Minneapolis par un agent de l&rsquo;ICE a r\u00e9cemment attir\u00e9 beaucoup d&rsquo;attention.<\/p>\n<div id=\"attachment_432337\" class=\"wp-caption alignleft\" style=\"max-width: 300px\"><img decoding=\"async\" class=\"wp-image-432337 size-medium\" src=\"https:\/\/vieassociative.be\/actualites\/wp-content\/uploads\/2026\/01\/Un-an-de-Donald-Trump-\u2013-un-an-de-gouvernement.jpg\" alt=\"\" width=\"300\" height=\"200\"><\/div>\n<p>La femme tu\u00e9e, Becca Good, \u00e9tait pr\u00e9sente lors de l&rsquo;incident et a d\u00e9clar\u00e9 qu&rsquo;elle s&rsquo;\u00e9tait rendue \u00e0 l&rsquo;op\u00e9ration ICE pour soutenir ses voisins. \u00ab\u00a0Nous avions des sifflets, ils avaient des fusils.\u00a0\u00bb Alors que le gouvernement am\u00e9ricain soutenait les officiers de l\u2019ICE, des manifestations ont eu lieu \u00e0 l\u2019\u00e9chelle nationale.<\/p>\n<p><strong>\u2013 La Silicon Valley de son c\u00f4t\u00e9 :<\/strong> Durant le premier mandat de Trump, les relations avec les entreprises technologiques de la Silicon Valley, consid\u00e9r\u00e9es comme lib\u00e9rales, \u00e9taient tendues. Apr\u00e8s que ses partisans ont pris d\u2019assaut le Capitole \u00e0 Washington en janvier 2021, Trump a m\u00eame \u00e9t\u00e9 banni de plusieurs grandes plateformes en ligne bas\u00e9es l\u00e0-bas, telles que Twitter (maintenant X), Facebook et Instagram, pour incitation \u00e0 la violence.<\/p>\n<p>La situation est compl\u00e8tement diff\u00e9rente maintenant. Le milliardaire technologique Elon Musk a \u00e9t\u00e9 l\u2019un des plus grands donateurs de la r\u00e9\u00e9lection de Trump. Le patron du Meta, Mark Zuckerberg, a mis un terme aux contr\u00f4les de faits aux \u00c9tats-Unis, dont les partisans de Trump se plaignaient depuis des ann\u00e9es. Apple, qui fabrique la plupart de ses appareils en Asie, a compris \u00e0 quel point son activit\u00e9 peut d\u00e9pendre de l&rsquo;imposition de droits de douane par le pr\u00e9sident. Dans le m\u00eame temps, la Maison Blanche signale \u00e0 l&rsquo;industrie technologique qu&rsquo;elle peut compter sur le soutien du gouvernement am\u00e9ricain, par exemple dans les conflits avec l&rsquo;UE.<\/p>\n<p><strong>\u2013 Danger des \u00e9lections de mi-mandat :<\/strong> Pour Trump, sa deuxi\u00e8me ann\u00e9e au pouvoir sera cruciale. En novembre, son parti, les R\u00e9publicains, pourrait perdre les majorit\u00e9s d\u00e9j\u00e0 minces au Parlement am\u00e9ricain. Les \u00e9lections de mi-mandat approchent. Si les d\u00e9mocrates se renforcent \u00e0 nouveau, cela constituerait un s\u00e9rieux revers pour Trump.<\/p>\n<p><strong>\u2013 Les documents d\u2019Epstein posent probl\u00e8me\u00a0:<\/strong> Mais Trump risque d\u2019avoir encore plus de probl\u00e8mes. Ces derni\u00e8res semaines, le soutien s\u2019est de plus en plus effondr\u00e9. dans son propre camp \u2013 y compris le mouvement \u00ab Make America Great Again \u00bb. Certains r\u00e9publicains ont publiquement critiqu\u00e9 sa politique.<\/p>\n<p>Trump a r\u00e9cemment d\u00fb \u2013 \u00e0 contrec\u0153ur \u2013 signer une loi du Congr\u00e8s. Cela oblige le minist\u00e8re de la Justice \u00e0 divulguer les dossiers d&rsquo;enqu\u00eate dans le cas du d\u00e9linquant sexuel Jeffrey Epstein, qui dirigeait un r\u00e9seau d&rsquo;abus. Bien que le d\u00e9lai soit d\u00e9pass\u00e9, seule une partie des donn\u00e9es a \u00e9t\u00e9 publi\u00e9e. Trump ne voulait pas que les fichiers soient publi\u00e9s \u2013 on ne sait pas pourquoi. C&rsquo;est ce qu&rsquo;il avait r\u00e9clam\u00e9 pendant la campagne \u00e9lectorale. Le fait qu\u2019il ne mette pas en \u0153uvre son annonce suscite une grande d\u00e9ception dans son propre camp. (dpa)<\/p>\n<p><em><strong>Sur le sujet, voir aussi l&rsquo;article suivant sur l&rsquo;OD :<\/strong><\/em><\/p>\n<div class=\"responsive-embed widescreen\">\n<blockquote class=\"wp-embedded-content\" data-secret=\"GWj0OqaPxT\">\n<p>L\u2019Europe devrait donner l\u2019\u00e9paule froide au \u00ab tyran \u00bb Donald Trump \u00e0 Davos (interjection)<\/p>\n<\/blockquote>\n<p><iframe loading=\"lazy\" class=\"wp-embedded-content\" sandbox=\"allow-scripts\" security=\"restricted\" style=\"position: absolute; visibility: hidden;\" title=\"\u201eEuropa sollte in Davos dem \u201eR\u00fcpel\u201c Donald Trump die kalte Schulter zeigen (Zwischenruf)\u201c \u2013 Ostbelgien Direkt\" src=\"https:\/\/ostbelgiendirekt.be\/about:blank\" data-secret=\"GWj0OqaPxT\" width=\"500\" height=\"282\" frameborder=\"0\" marginwidth=\"0\" marginheight=\"0\" scrolling=\"no\" data-rocket-lazyload=\"fitvidscompatible\" data-lazy-src=\"https:\/\/ostbelgiendirekt.be\/trump-in-davos-zwischenruf-433832\/embed#?secret=0i7GYkPkhF#?secret=GWj0OqaPxT\"><\/iframe><noscript><iframe class=\"wp-embedded-content\" sandbox=\"allow-scripts\" security=\"restricted\" style=\"position: absolute; visibility: hidden;\" title=\"\u201eEuropa sollte in Davos dem \u201eR\u00fcpel\u201c Donald Trump die kalte Schulter zeigen (Zwischenruf)\u201c \u2013 Ostbelgien Direkt\" src=\"https:\/\/ostbelgiendirekt.be\/trump-in-davos-zwischenruf-433832\/embed#?secret=0i7GYkPkhF#?secret=GWj0OqaPxT\" data-secret=\"GWj0OqaPxT\" width=\"500\" height=\"282\" frameborder=\"0\" marginwidth=\"0\" marginheight=\"0\" scrolling=\"no\"><\/iframe><\/noscript><\/p>\n<\/div>\n","protected":false},"excerpt":{"rendered":"<p>Les opposants lui reprochent d&rsquo;agir comme un roi : Donald Trump est de retour au pouvoir depuis un an. Comment cela a-t-il affect\u00e9 le monde<\/p>\n","protected":false},"author":1,"featured_media":12283,"comment_status":"","ping_status":"","sticky":false,"template":"","format":"standard","meta":{"footnotes":""},"categories":[298],"tags":[9818,2424,1142,615,2425],"class_list":["post-12282","post","type-post","status-publish","format-standard","has-post-thumbnail","hentry","category-belgique","tag-debriete","tag-donald","tag-etat","tag-gouvernement","tag-trump","generate-columns","tablet-grid-50","mobile-grid-100","grid-parent","grid-33"],"yoast_head":"<!-- This site is optimized with the Yoast SEO plugin v24.0 - https:\/\/yoast.com\/wordpress\/plugins\/seo\/ -->\n<title>Un an de Donald Trump \u2013 un an de gouvernement en \u00e9tat d\u2019\u00e9bri\u00e9t\u00e9 | Vie Associative<\/title>\n<meta name=\"robots\" content=\"index, follow, max-snippet:-1, max-image-preview:large, max-video-preview:-1\" \/>\n<link rel=\"canonical\" href=\"https:\/\/vieassociative.be\/actualites\/un-an-de-donald-trump-un-an-de-gouvernement-en-etat-debriete\/\" \/>\n<meta property=\"og:locale\" content=\"fr_FR\" \/>\n<meta property=\"og:type\" content=\"article\" \/>\n<meta property=\"og:title\" content=\"Un an de Donald Trump \u2013 un an de gouvernement en \u00e9tat d\u2019\u00e9bri\u00e9t\u00e9 | Vie Associative\" \/>\n<meta property=\"og:description\" content=\"Les opposants lui reprochent d&rsquo;agir comme un roi : Donald Trump est de retour au pouvoir depuis un an. Comment cela a-t-il affect\u00e9 le monde\" \/>\n<meta property=\"og:url\" content=\"https:\/\/vieassociative.be\/actualites\/un-an-de-donald-trump-un-an-de-gouvernement-en-etat-debriete\/\" \/>\n<meta property=\"og:site_name\" content=\"Vie Associative\" \/>\n<meta property=\"article:published_time\" content=\"2026-01-20T12:18:29+00:00\" \/>\n<meta property=\"og:image\" content=\"https:\/\/vieassociative.be\/actualites\/wp-content\/uploads\/2024\/09\/header_backgroundk-01-e1726694325946.png\" \/>\n\t<meta property=\"og:image:width\" content=\"279\" \/>\n\t<meta property=\"og:image:height\" content=\"92\" \/>\n\t<meta property=\"og:image:type\" content=\"image\/png\" \/>\n<meta name=\"author\" content=\"Julien\" \/>\n<meta name=\"twitter:card\" content=\"summary_large_image\" \/>\n<meta name=\"twitter:label1\" content=\"\u00c9crit par\" \/>\n\t<meta name=\"twitter:data1\" content=\"Julien\" \/>\n\t<meta name=\"twitter:label2\" content=\"Dur\u00e9e de lecture est.\" \/>\n\t<meta name=\"twitter:data2\" content=\"8 minutes\" \/>\n<script type=\"application\/ld+json\" class=\"yoast-schema-graph\">{\"@context\":\"https:\/\/schema.org\",\"@graph\":[{\"@type\":\"Article\",\"@id\":\"https:\/\/vieassociative.be\/actualites\/un-an-de-donald-trump-un-an-de-gouvernement-en-etat-debriete\/#article\",\"isPartOf\":{\"@id\":\"https:\/\/vieassociative.be\/actualites\/un-an-de-donald-trump-un-an-de-gouvernement-en-etat-debriete\/\"},\"author\":{\"name\":\"Julien\",\"@id\":\"https:\/\/vieassociative.be\/actualites\/#\/schema\/person\/b87ac4f82f9d4e7b7cec7395b679edc4\"},\"headline\":\"Un an de Donald Trump \u2013 un an de gouvernement en \u00e9tat d\u2019\u00e9bri\u00e9t\u00e9\",\"datePublished\":\"2026-01-20T12:18:29+00:00\",\"dateModified\":\"2026-01-20T12:18:29+00:00\",\"mainEntityOfPage\":{\"@id\":\"https:\/\/vieassociative.be\/actualites\/un-an-de-donald-trump-un-an-de-gouvernement-en-etat-debriete\/\"},\"wordCount\":1573,\"publisher\":{\"@id\":\"https:\/\/vieassociative.be\/actualites\/#organization\"},\"image\":{\"@id\":\"https:\/\/vieassociative.be\/actualites\/un-an-de-donald-trump-un-an-de-gouvernement-en-etat-debriete\/#primaryimage\"},\"thumbnailUrl\":\"https:\/\/vieassociative.be\/actualites\/wp-content\/uploads\/2026\/01\/1768911509_Un-an-de-Donald-Trump-\u2013-un-an-de-gouvernement.jpg\",\"keywords\":[\"d\u00e9bri\u00e9t\u00e9\",\"Donald\",\"\u00e9tat\",\"gouvernement\",\"Trump\"],\"articleSection\":[\"Belgique\"],\"inLanguage\":\"fr-BE\"},{\"@type\":\"WebPage\",\"@id\":\"https:\/\/vieassociative.be\/actualites\/un-an-de-donald-trump-un-an-de-gouvernement-en-etat-debriete\/\",\"url\":\"https:\/\/vieassociative.be\/actualites\/un-an-de-donald-trump-un-an-de-gouvernement-en-etat-debriete\/\",\"name\":\"Un an de Donald Trump \u2013 un an de gouvernement en \u00e9tat d\u2019\u00e9bri\u00e9t\u00e9 | Vie Associative\",\"isPartOf\":{\"@id\":\"https:\/\/vieassociative.be\/actualites\/#website\"},\"primaryImageOfPage\":{\"@id\":\"https:\/\/vieassociative.be\/actualites\/un-an-de-donald-trump-un-an-de-gouvernement-en-etat-debriete\/#primaryimage\"},\"image\":{\"@id\":\"https:\/\/vieassociative.be\/actualites\/un-an-de-donald-trump-un-an-de-gouvernement-en-etat-debriete\/#primaryimage\"},\"thumbnailUrl\":\"https:\/\/vieassociative.be\/actualites\/wp-content\/uploads\/2026\/01\/1768911509_Un-an-de-Donald-Trump-\u2013-un-an-de-gouvernement.jpg\",\"datePublished\":\"2026-01-20T12:18:29+00:00\",\"dateModified\":\"2026-01-20T12:18:29+00:00\",\"breadcrumb\":{\"@id\":\"https:\/\/vieassociative.be\/actualites\/un-an-de-donald-trump-un-an-de-gouvernement-en-etat-debriete\/#breadcrumb\"},\"inLanguage\":\"fr-BE\",\"potentialAction\":[{\"@type\":\"ReadAction\",\"target\":[\"https:\/\/vieassociative.be\/actualites\/un-an-de-donald-trump-un-an-de-gouvernement-en-etat-debriete\/\"]}]},{\"@type\":\"ImageObject\",\"inLanguage\":\"fr-BE\",\"@id\":\"https:\/\/vieassociative.be\/actualites\/un-an-de-donald-trump-un-an-de-gouvernement-en-etat-debriete\/#primaryimage\",\"url\":\"https:\/\/vieassociative.be\/actualites\/wp-content\/uploads\/2026\/01\/1768911509_Un-an-de-Donald-Trump-\u2013-un-an-de-gouvernement.jpg\",\"contentUrl\":\"https:\/\/vieassociative.be\/actualites\/wp-content\/uploads\/2026\/01\/1768911509_Un-an-de-Donald-Trump-\u2013-un-an-de-gouvernement.jpg\",\"width\":1200,\"height\":800,\"caption\":\"Un an de Donald Trump \u2013 un an de gouvernement en \u00e9tat d\u2019\u00e9bri\u00e9t\u00e9\"},{\"@type\":\"BreadcrumbList\",\"@id\":\"https:\/\/vieassociative.be\/actualites\/un-an-de-donald-trump-un-an-de-gouvernement-en-etat-debriete\/#breadcrumb\",\"itemListElement\":[{\"@type\":\"ListItem\",\"position\":1,\"name\":\"Accueil\",\"item\":\"https:\/\/vieassociative.be\/actualites\/\"},{\"@type\":\"ListItem\",\"position\":2,\"name\":\"Un an de Donald Trump \u2013 un an de gouvernement en \u00e9tat d\u2019\u00e9bri\u00e9t\u00e9\"}]},{\"@type\":\"WebSite\",\"@id\":\"https:\/\/vieassociative.be\/actualites\/#website\",\"url\":\"https:\/\/vieassociative.be\/actualites\/\",\"name\":\"Vie Associative\",\"description\":\"\",\"publisher\":{\"@id\":\"https:\/\/vieassociative.be\/actualites\/#organization\"},\"potentialAction\":[{\"@type\":\"SearchAction\",\"target\":{\"@type\":\"EntryPoint\",\"urlTemplate\":\"https:\/\/vieassociative.be\/actualites\/?s={search_term_string}\"},\"query-input\":{\"@type\":\"PropertyValueSpecification\",\"valueRequired\":true,\"valueName\":\"search_term_string\"}}],\"inLanguage\":\"fr-BE\"},{\"@type\":\"Organization\",\"@id\":\"https:\/\/vieassociative.be\/actualites\/#organization\",\"name\":\"Vie Associative\",\"url\":\"https:\/\/vieassociative.be\/actualites\/\",\"logo\":{\"@type\":\"ImageObject\",\"inLanguage\":\"fr-BE\",\"@id\":\"https:\/\/vieassociative.be\/actualites\/#\/schema\/logo\/image\/\",\"url\":\"https:\/\/vieassociative.be\/actualites\/wp-content\/uploads\/2024\/09\/cropped-vieassociative_favicon.ico.png\",\"contentUrl\":\"https:\/\/vieassociative.be\/actualites\/wp-content\/uploads\/2024\/09\/cropped-vieassociative_favicon.ico.png\",\"width\":512,\"height\":512,\"caption\":\"Vie Associative\"},\"image\":{\"@id\":\"https:\/\/vieassociative.be\/actualites\/#\/schema\/logo\/image\/\"}},{\"@type\":\"Person\",\"@id\":\"https:\/\/vieassociative.be\/actualites\/#\/schema\/person\/b87ac4f82f9d4e7b7cec7395b679edc4\",\"name\":\"Julien\",\"image\":{\"@type\":\"ImageObject\",\"inLanguage\":\"fr-BE\",\"@id\":\"https:\/\/vieassociative.be\/actualites\/#\/schema\/person\/image\/\",\"url\":\"https:\/\/vieassociative.be\/actualites\/wp-content\/uploads\/2024\/09\/vie-associative-1-150x150.jpg\",\"contentUrl\":\"https:\/\/vieassociative.be\/actualites\/wp-content\/uploads\/2024\/09\/vie-associative-1-150x150.jpg\",\"caption\":\"Julien\"},\"description\":\"Je suis Julien, r\u00e9dacteur pour Vie Associative. Passionn\u00e9 par le monde associatif depuis plus de 10 ans, j'ai \u00e0 c\u0153ur de partager des histoires inspirantes et de mettre en lumi\u00e8re les initiatives locales. Mon objectif est de sensibiliser et d'encourager l'engagement communautaire \u00e0 travers mes articles.\",\"sameAs\":[\"https:\/\/vieassociative.be\/\"]}]}<\/script>\n<!-- \/ Yoast SEO plugin. -->","yoast_head_json":{"title":"Un an de Donald Trump \u2013 un an de gouvernement en \u00e9tat d\u2019\u00e9bri\u00e9t\u00e9 | Vie Associative","robots":{"index":"index","follow":"follow","max-snippet":"max-snippet:-1","max-image-preview":"max-image-preview:large","max-video-preview":"max-video-preview:-1"},"canonical":"https:\/\/vieassociative.be\/actualites\/un-an-de-donald-trump-un-an-de-gouvernement-en-etat-debriete\/","og_locale":"fr_FR","og_type":"article","og_title":"Un an de Donald Trump \u2013 un an de gouvernement en \u00e9tat d\u2019\u00e9bri\u00e9t\u00e9 | Vie Associative","og_description":"Les opposants lui reprochent d&rsquo;agir comme un roi : Donald Trump est de retour au pouvoir depuis un an. Comment cela a-t-il affect\u00e9 le monde","og_url":"https:\/\/vieassociative.be\/actualites\/un-an-de-donald-trump-un-an-de-gouvernement-en-etat-debriete\/","og_site_name":"Vie Associative","article_published_time":"2026-01-20T12:18:29+00:00","og_image":[{"width":279,"height":92,"url":"https:\/\/vieassociative.be\/actualites\/wp-content\/uploads\/2024\/09\/header_backgroundk-01-e1726694325946.png","type":"image\/png"}],"author":"Julien","twitter_card":"summary_large_image","twitter_misc":{"\u00c9crit par":"Julien","Dur\u00e9e de lecture est.":"8 minutes"},"schema":{"@context":"https:\/\/schema.org","@graph":[{"@type":"Article","@id":"https:\/\/vieassociative.be\/actualites\/un-an-de-donald-trump-un-an-de-gouvernement-en-etat-debriete\/#article","isPartOf":{"@id":"https:\/\/vieassociative.be\/actualites\/un-an-de-donald-trump-un-an-de-gouvernement-en-etat-debriete\/"},"author":{"name":"Julien","@id":"https:\/\/vieassociative.be\/actualites\/#\/schema\/person\/b87ac4f82f9d4e7b7cec7395b679edc4"},"headline":"Un an de Donald Trump \u2013 un an de gouvernement en \u00e9tat d\u2019\u00e9bri\u00e9t\u00e9","datePublished":"2026-01-20T12:18:29+00:00","dateModified":"2026-01-20T12:18:29+00:00","mainEntityOfPage":{"@id":"https:\/\/vieassociative.be\/actualites\/un-an-de-donald-trump-un-an-de-gouvernement-en-etat-debriete\/"},"wordCount":1573,"publisher":{"@id":"https:\/\/vieassociative.be\/actualites\/#organization"},"image":{"@id":"https:\/\/vieassociative.be\/actualites\/un-an-de-donald-trump-un-an-de-gouvernement-en-etat-debriete\/#primaryimage"},"thumbnailUrl":"https:\/\/vieassociative.be\/actualites\/wp-content\/uploads\/2026\/01\/1768911509_Un-an-de-Donald-Trump-\u2013-un-an-de-gouvernement.jpg","keywords":["d\u00e9bri\u00e9t\u00e9","Donald","\u00e9tat","gouvernement","Trump"],"articleSection":["Belgique"],"inLanguage":"fr-BE"},{"@type":"WebPage","@id":"https:\/\/vieassociative.be\/actualites\/un-an-de-donald-trump-un-an-de-gouvernement-en-etat-debriete\/","url":"https:\/\/vieassociative.be\/actualites\/un-an-de-donald-trump-un-an-de-gouvernement-en-etat-debriete\/","name":"Un an de Donald Trump \u2013 un an de gouvernement en \u00e9tat d\u2019\u00e9bri\u00e9t\u00e9 | Vie Associative","isPartOf":{"@id":"https:\/\/vieassociative.be\/actualites\/#website"},"primaryImageOfPage":{"@id":"https:\/\/vieassociative.be\/actualites\/un-an-de-donald-trump-un-an-de-gouvernement-en-etat-debriete\/#primaryimage"},"image":{"@id":"https:\/\/vieassociative.be\/actualites\/un-an-de-donald-trump-un-an-de-gouvernement-en-etat-debriete\/#primaryimage"},"thumbnailUrl":"https:\/\/vieassociative.be\/actualites\/wp-content\/uploads\/2026\/01\/1768911509_Un-an-de-Donald-Trump-\u2013-un-an-de-gouvernement.jpg","datePublished":"2026-01-20T12:18:29+00:00","dateModified":"2026-01-20T12:18:29+00:00","breadcrumb":{"@id":"https:\/\/vieassociative.be\/actualites\/un-an-de-donald-trump-un-an-de-gouvernement-en-etat-debriete\/#breadcrumb"},"inLanguage":"fr-BE","potentialAction":[{"@type":"ReadAction","target":["https:\/\/vieassociative.be\/actualites\/un-an-de-donald-trump-un-an-de-gouvernement-en-etat-debriete\/"]}]},{"@type":"ImageObject","inLanguage":"fr-BE","@id":"https:\/\/vieassociative.be\/actualites\/un-an-de-donald-trump-un-an-de-gouvernement-en-etat-debriete\/#primaryimage","url":"https:\/\/vieassociative.be\/actualites\/wp-content\/uploads\/2026\/01\/1768911509_Un-an-de-Donald-Trump-\u2013-un-an-de-gouvernement.jpg","contentUrl":"https:\/\/vieassociative.be\/actualites\/wp-content\/uploads\/2026\/01\/1768911509_Un-an-de-Donald-Trump-\u2013-un-an-de-gouvernement.jpg","width":1200,"height":800,"caption":"Un an de Donald Trump \u2013 un an de gouvernement en \u00e9tat d\u2019\u00e9bri\u00e9t\u00e9"},{"@type":"BreadcrumbList","@id":"https:\/\/vieassociative.be\/actualites\/un-an-de-donald-trump-un-an-de-gouvernement-en-etat-debriete\/#breadcrumb","itemListElement":[{"@type":"ListItem","position":1,"name":"Accueil","item":"https:\/\/vieassociative.be\/actualites\/"},{"@type":"ListItem","position":2,"name":"Un an de Donald Trump \u2013 un an de gouvernement en \u00e9tat d\u2019\u00e9bri\u00e9t\u00e9"}]},{"@type":"WebSite","@id":"https:\/\/vieassociative.be\/actualites\/#website","url":"https:\/\/vieassociative.be\/actualites\/","name":"Vie Associative","description":"","publisher":{"@id":"https:\/\/vieassociative.be\/actualites\/#organization"},"potentialAction":[{"@type":"SearchAction","target":{"@type":"EntryPoint","urlTemplate":"https:\/\/vieassociative.be\/actualites\/?s={search_term_string}"},"query-input":{"@type":"PropertyValueSpecification","valueRequired":true,"valueName":"search_term_string"}}],"inLanguage":"fr-BE"},{"@type":"Organization","@id":"https:\/\/vieassociative.be\/actualites\/#organization","name":"Vie Associative","url":"https:\/\/vieassociative.be\/actualites\/","logo":{"@type":"ImageObject","inLanguage":"fr-BE","@id":"https:\/\/vieassociative.be\/actualites\/#\/schema\/logo\/image\/","url":"https:\/\/vieassociative.be\/actualites\/wp-content\/uploads\/2024\/09\/cropped-vieassociative_favicon.ico.png","contentUrl":"https:\/\/vieassociative.be\/actualites\/wp-content\/uploads\/2024\/09\/cropped-vieassociative_favicon.ico.png","width":512,"height":512,"caption":"Vie Associative"},"image":{"@id":"https:\/\/vieassociative.be\/actualites\/#\/schema\/logo\/image\/"}},{"@type":"Person","@id":"https:\/\/vieassociative.be\/actualites\/#\/schema\/person\/b87ac4f82f9d4e7b7cec7395b679edc4","name":"Julien","image":{"@type":"ImageObject","inLanguage":"fr-BE","@id":"https:\/\/vieassociative.be\/actualites\/#\/schema\/person\/image\/","url":"https:\/\/vieassociative.be\/actualites\/wp-content\/uploads\/2024\/09\/vie-associative-1-150x150.jpg","contentUrl":"https:\/\/vieassociative.be\/actualites\/wp-content\/uploads\/2024\/09\/vie-associative-1-150x150.jpg","caption":"Julien"},"description":"Je suis Julien, r\u00e9dacteur pour Vie Associative. Passionn\u00e9 par le monde associatif depuis plus de 10 ans, j'ai \u00e0 c\u0153ur de partager des histoires inspirantes et de mettre en lumi\u00e8re les initiatives locales. Mon objectif est de sensibiliser et d'encourager l'engagement communautaire \u00e0 travers mes articles.","sameAs":["https:\/\/vieassociative.be\/"]}]}},"_links":{"self":[{"href":"https:\/\/vieassociative.be\/actualites\/wp-json\/wp\/v2\/posts\/12282"}],"collection":[{"href":"https:\/\/vieassociative.be\/actualites\/wp-json\/wp\/v2\/posts"}],"about":[{"href":"https:\/\/vieassociative.be\/actualites\/wp-json\/wp\/v2\/types\/post"}],"author":[{"embeddable":true,"href":"https:\/\/vieassociative.be\/actualites\/wp-json\/wp\/v2\/users\/1"}],"replies":[{"embeddable":true,"href":"https:\/\/vieassociative.be\/actualites\/wp-json\/wp\/v2\/comments?post=12282"}],"version-history":[{"count":0,"href":"https:\/\/vieassociative.be\/actualites\/wp-json\/wp\/v2\/posts\/12282\/revisions"}],"wp:featuredmedia":[{"embeddable":true,"href":"https:\/\/vieassociative.be\/actualites\/wp-json\/wp\/v2\/media\/12283"}],"wp:attachment":[{"href":"https:\/\/vieassociative.be\/actualites\/wp-json\/wp\/v2\/media?parent=12282"}],"wp:term":[{"taxonomy":"category","embeddable":true,"href":"https:\/\/vieassociative.be\/actualites\/wp-json\/wp\/v2\/categories?post=12282"},{"taxonomy":"post_tag","embeddable":true,"href":"https:\/\/vieassociative.be\/actualites\/wp-json\/wp\/v2\/tags?post=12282"}],"curies":[{"name":"wp","href":"https:\/\/api.w.org\/{rel}","templated":true}]}}