{"id":12276,"date":"2026-01-20T01:17:26","date_gmt":"2026-01-20T00:17:26","guid":{"rendered":"https:\/\/vieassociative.be\/actualites\/scenes-chaotiques-a-la-coupe-dafrique-finale-peu-avant-lannulation\/"},"modified":"2026-01-20T01:17:26","modified_gmt":"2026-01-20T00:17:26","slug":"scenes-chaotiques-a-la-coupe-dafrique-finale-peu-avant-lannulation","status":"publish","type":"post","link":"https:\/\/vieassociative.be\/actualites\/scenes-chaotiques-a-la-coupe-dafrique-finale-peu-avant-lannulation\/","title":{"rendered":"Sc\u00e8nes chaotiques \u00e0 la Coupe d&rsquo;Afrique \u2013 finale peu avant l&rsquo;annulation"},"content":{"rendered":"<p><strong>Si un Championnat d\u2019Europe de football se terminait comme la Coupe d\u2019Afrique des Nations dimanche, il n\u2019y aurait plus d\u2019autre sujet dans les m\u00e9dias pendant des jours. La finale entre le S\u00e9n\u00e9gal et le Maroc \u00e0 Rabat \u00e9tait m\u00eame sur le point d&rsquo;\u00eatre annul\u00e9e.<\/strong><\/p>\n<p><span id=\"more-434128\"><\/span>Apr\u00e8s que l&rsquo;arbitre ait initialement refus\u00e9 un but quelque peu douteux pour le S\u00e9n\u00e9gal dans les arr\u00eats de jeu du temps r\u00e9glementaire, puis siffl\u00e9 un peu plus tard un penalty douteux pour les h\u00f4tes, l&rsquo;entra\u00eeneur s\u00e9n\u00e9galais Pape Thiaw a convoqu\u00e9 son \u00e9quipe aux vestiaires en signe de protestation.<\/p>\n<p>Seuls quelques joueurs autour de l\u2019ex-star du Bayern Sadio Man\u00e9 sont rest\u00e9s sur le terrain. Le capitaine a demand\u00e9 conseil \u00e0 la l\u00e9gende des entra\u00eeneurs Claude Le Roy et s&rsquo;est ensuite pr\u00e9cipit\u00e9 vers le vestiaire. \u00ab\u00a0Il est entr\u00e9 et a cri\u00e9. Il nous a cri\u00e9 d&rsquo;entrer sur le terrain et d&rsquo;arr\u00eater le match\u00a0\u00bb, a d\u00e9clar\u00e9 le milieu de terrain Lamine Camara. \u00ab\u00a0Quand Sadio parle, tout le monde \u00e9coute. Nous l&rsquo;avons \u00e9cout\u00e9 et tout s&rsquo;est bien pass\u00e9 pour nous.\u00a0\u00bb<\/p>\n<div id=\"attachment_434135\" class=\"wp-caption alignleft\" style=\"max-width: 300px\"><img fetchpriority=\"high\" decoding=\"async\" class=\"wp-image-434135 size-medium\" src=\"https:\/\/vieassociative.be\/actualites\/wp-content\/uploads\/2026\/01\/Scenes-chaotiques-a-la-Coupe-dAfrique-\u2013-finale-peu-avant.jpg\" alt=\"\" width=\"300\" height=\"200\"><\/div>\n<p>Dans cette situation, Man\u00e9 a montr\u00e9 les choses en grand, contrairement \u00e0 son entra\u00eeneur, qui s&rsquo;est comport\u00e9 comme un \u00e9colier offens\u00e9. \u00ab\u00a0Cela aurait \u00e9t\u00e9 fou d&rsquo;abandonner le match \u00e0 cause d&rsquo;un penalty. Cela aurait \u00e9t\u00e9 la pire chose pour le football africain. Je pr\u00e9f\u00e9rerais perdre\u00a0\u00bb, a d\u00e9clar\u00e9 l&rsquo;attaquant. Il \u00e9tait impossible au monde entier de voir cette image.<\/p>\n<p>L&rsquo;attaquant marocain Brahim D\u00edaz a lamentablement rat\u00e9 le penalty \u00e0 la 24e minute du temps additionnel, et un but de r\u00eave de Pape Gueye dans la prolongation a assur\u00e9 au S\u00e9n\u00e9gal le deuxi\u00e8me triomphe du S\u00e9n\u00e9gal dans le tournoi apr\u00e8s 2022. Mais l&rsquo;essentiel est d\u00e9sormais le scandale, d&rsquo;autant plus que les supporters s\u00e9n\u00e9galais ont \u00e9galement tent\u00e9 de prendre d&rsquo;assaut le terrain. Il y a eu des affrontements avec les forces de s\u00e9curit\u00e9.<\/p>\n<p><strong>\u2013 Infantino exige des cons\u00e9quences : <\/strong>M\u00eame le plus grand patron du football s\u2019est impliqu\u00e9. \u00ab\u00a0Nous condamnons fermement le comportement de certains &lsquo;supporters&rsquo; ainsi que de certains joueurs et entra\u00eeneurs s\u00e9n\u00e9galais. Quitter le terrain de cette mani\u00e8re est inacceptable et la violence ne peut \u00eatre tol\u00e9r\u00e9e dans notre sport\u00a0\u00bb, a d\u00e9clar\u00e9 le pr\u00e9sident de la FIFA, Gianni Infantino. Il attend des instances disciplinaires comp\u00e9tentes de la F\u00e9d\u00e9ration africaine de football (CAF) qu&rsquo;elles prennent les mesures appropri\u00e9es.<\/p>\n<p>Le s\u00e9lectionneur marocain Walid Regragui a qualifi\u00e9 l&rsquo;incident de \u00ab honteux pour l&rsquo;Afrique \u00bb. Son homologue Thiaw s&rsquo;est excus\u00e9. \u00ab\u00a0Parfois, on r\u00e9agit dans le feu de l&rsquo;action\u00a0\u00bb, a d\u00e9clar\u00e9 l&rsquo;homme de 44 ans. \u00ab\u00a0Nous acceptons les erreurs de l&rsquo;arbitre, cela peut arriver. Nous n&rsquo;aurions pas d\u00fb r\u00e9agir comme \u00e7a, mais c&rsquo;est du pass\u00e9 maintenant. Nous nous excusons aupr\u00e8s du football.\u00a0\u00bb<\/p>\n<div id=\"attachment_434137\" class=\"wp-caption alignleft\" style=\"max-width: 300px\"><img decoding=\"async\" class=\"wp-image-434137 size-medium\" src=\"https:\/\/vieassociative.be\/actualites\/wp-content\/uploads\/2026\/01\/1768868246_604_Scenes-chaotiques-a-la-Coupe-dAfrique-\u2013-finale-peu-avant.jpg\" alt=\"\" width=\"300\" height=\"200\"><\/div>\n<p>Pour comprendre la r\u00e9action excessive de Thiaw, il faut regarder l&rsquo;ensemble de la finale et au-del\u00e0 du tournoi. Lors de la finale, une grande partie des pr\u00e8s de 70 000 supporters a cr\u00e9\u00e9 une atmosph\u00e8re toxique, ce qui est tout \u00e0 fait normal.<\/p>\n<p><strong>\u2013 Les ramasseurs de balles veulent voler une serviette :<\/strong> Ce qui est moins normal en revanche, c&rsquo;est que plusieurs ramasseurs de balles ont tent\u00e9 \u00e0 plusieurs reprises de voler la serviette du gardien s\u00e9n\u00e9galais Edouard Mendy sous une pluie battante. Finalement, le rempla\u00e7ant s\u00e9n\u00e9galais a d\u00fb prendre le morceau de mat\u00e9riel et le d\u00e9fendre. Et Achraf Hakimi ne m\u00e9rite pas de r\u00e9compense du fair-play pour avoir pris l&rsquo;\u00e9ponge de Mendy et l&rsquo;avoir jet\u00e9e par-dessus les planches.<\/p>\n<p>Et puis il y a eu la question des arbitres. Comme l&rsquo;a d\u00e9clar\u00e9 l&rsquo;entra\u00eeneur b\u00e9ninois Gernot Rohr sur Deutschlandfunk, ils \u00ab montraient parfois un peu de sympathie \u00bb pour le Maroc. Mais ce n&rsquo;est pas tout. Avant le quart de finale entre le Maroc et le Cameroun, l&rsquo;arbitre et l&rsquo;arbitre vid\u00e9o ont \u00e9t\u00e9 remplac\u00e9s au pied lev\u00e9.<\/p>\n<p>Finalement, le troph\u00e9e est revenu au S\u00e9n\u00e9gal et l&rsquo;\u00e9quipe a atterri lundi dans un avion sp\u00e9cial \u00e0 destination de Dakar. Man\u00e9, nomm\u00e9 meilleur joueur du tournoi, \u00e9tait d\u00e9j\u00e0 un h\u00e9ros populaire. Sa crise de col\u00e8re \u00e0 Rabat a peut-\u00eatre ciment\u00e9 ce statut. (dpa\/cr\u00e9)<\/p>\n","protected":false},"excerpt":{"rendered":"<p>Si un Championnat d\u2019Europe de football se terminait comme la Coupe d\u2019Afrique des Nations dimanche, il n\u2019y aurait plus d\u2019autre sujet dans les m\u00e9dias pendant<\/p>\n","protected":false},"author":1,"featured_media":12277,"comment_status":"","ping_status":"","sticky":false,"template":"","format":"standard","meta":{"footnotes":""},"categories":[298],"tags":[142,7086,2472,9811,879,9812,302,4193],"class_list":["post-12276","post","type-post","status-publish","format-standard","has-post-thumbnail","hentry","category-belgique","tag-avant","tag-chaotiques","tag-coupe","tag-dafrique","tag-finale","tag-lannulation","tag-peu","tag-scenes","generate-columns","tablet-grid-50","mobile-grid-100","grid-parent","grid-33"],"yoast_head":"<!-- This site is optimized with the Yoast SEO plugin v24.0 - https:\/\/yoast.com\/wordpress\/plugins\/seo\/ -->\n<title>Sc\u00e8nes chaotiques \u00e0 la Coupe d&#039;Afrique \u2013 finale peu avant l&#039;annulation | Vie Associative<\/title>\n<meta name=\"robots\" content=\"index, follow, max-snippet:-1, max-image-preview:large, max-video-preview:-1\" \/>\n<link rel=\"canonical\" href=\"https:\/\/vieassociative.be\/actualites\/scenes-chaotiques-a-la-coupe-dafrique-finale-peu-avant-lannulation\/\" \/>\n<meta property=\"og:locale\" content=\"fr_FR\" \/>\n<meta property=\"og:type\" content=\"article\" \/>\n<meta property=\"og:title\" content=\"Sc\u00e8nes chaotiques \u00e0 la Coupe d&#039;Afrique \u2013 finale peu avant l&#039;annulation | Vie Associative\" \/>\n<meta property=\"og:description\" content=\"Si un Championnat d\u2019Europe de football se terminait comme la Coupe d\u2019Afrique des Nations dimanche, il n\u2019y aurait plus d\u2019autre sujet dans les m\u00e9dias pendant\" \/>\n<meta property=\"og:url\" content=\"https:\/\/vieassociative.be\/actualites\/scenes-chaotiques-a-la-coupe-dafrique-finale-peu-avant-lannulation\/\" \/>\n<meta property=\"og:site_name\" content=\"Vie Associative\" \/>\n<meta property=\"article:published_time\" content=\"2026-01-20T00:17:26+00:00\" \/>\n<meta property=\"og:image\" content=\"https:\/\/vieassociative.be\/actualites\/wp-content\/uploads\/2024\/09\/header_backgroundk-01-e1726694325946.png\" \/>\n\t<meta property=\"og:image:width\" content=\"279\" \/>\n\t<meta property=\"og:image:height\" content=\"92\" \/>\n\t<meta property=\"og:image:type\" content=\"image\/png\" \/>\n<meta name=\"author\" content=\"Julien\" \/>\n<meta name=\"twitter:card\" content=\"summary_large_image\" \/>\n<meta name=\"twitter:label1\" content=\"\u00c9crit par\" \/>\n\t<meta name=\"twitter:data1\" content=\"Julien\" \/>\n\t<meta name=\"twitter:label2\" content=\"Dur\u00e9e de lecture est.\" \/>\n\t<meta name=\"twitter:data2\" content=\"4 minutes\" \/>\n<script type=\"application\/ld+json\" class=\"yoast-schema-graph\">{\"@context\":\"https:\/\/schema.org\",\"@graph\":[{\"@type\":\"Article\",\"@id\":\"https:\/\/vieassociative.be\/actualites\/scenes-chaotiques-a-la-coupe-dafrique-finale-peu-avant-lannulation\/#article\",\"isPartOf\":{\"@id\":\"https:\/\/vieassociative.be\/actualites\/scenes-chaotiques-a-la-coupe-dafrique-finale-peu-avant-lannulation\/\"},\"author\":{\"name\":\"Julien\",\"@id\":\"https:\/\/vieassociative.be\/actualites\/#\/schema\/person\/b87ac4f82f9d4e7b7cec7395b679edc4\"},\"headline\":\"Sc\u00e8nes chaotiques \u00e0 la Coupe d&rsquo;Afrique \u2013 finale peu avant l&rsquo;annulation\",\"datePublished\":\"2026-01-20T00:17:26+00:00\",\"dateModified\":\"2026-01-20T00:17:26+00:00\",\"mainEntityOfPage\":{\"@id\":\"https:\/\/vieassociative.be\/actualites\/scenes-chaotiques-a-la-coupe-dafrique-finale-peu-avant-lannulation\/\"},\"wordCount\":770,\"publisher\":{\"@id\":\"https:\/\/vieassociative.be\/actualites\/#organization\"},\"image\":{\"@id\":\"https:\/\/vieassociative.be\/actualites\/scenes-chaotiques-a-la-coupe-dafrique-finale-peu-avant-lannulation\/#primaryimage\"},\"thumbnailUrl\":\"https:\/\/vieassociative.be\/actualites\/wp-content\/uploads\/2026\/01\/1768868246_Scenes-chaotiques-a-la-Coupe-dAfrique-\u2013-finale-peu-avant.jpg\",\"keywords\":[\"avant\",\"chaotiques\",\"Coupe\",\"dAfrique\",\"finale\",\"lannulation\",\"peu\",\"sc\u00e8nes\"],\"articleSection\":[\"Belgique\"],\"inLanguage\":\"fr-BE\"},{\"@type\":\"WebPage\",\"@id\":\"https:\/\/vieassociative.be\/actualites\/scenes-chaotiques-a-la-coupe-dafrique-finale-peu-avant-lannulation\/\",\"url\":\"https:\/\/vieassociative.be\/actualites\/scenes-chaotiques-a-la-coupe-dafrique-finale-peu-avant-lannulation\/\",\"name\":\"Sc\u00e8nes chaotiques \u00e0 la Coupe d'Afrique \u2013 finale peu avant l'annulation | Vie Associative\",\"isPartOf\":{\"@id\":\"https:\/\/vieassociative.be\/actualites\/#website\"},\"primaryImageOfPage\":{\"@id\":\"https:\/\/vieassociative.be\/actualites\/scenes-chaotiques-a-la-coupe-dafrique-finale-peu-avant-lannulation\/#primaryimage\"},\"image\":{\"@id\":\"https:\/\/vieassociative.be\/actualites\/scenes-chaotiques-a-la-coupe-dafrique-finale-peu-avant-lannulation\/#primaryimage\"},\"thumbnailUrl\":\"https:\/\/vieassociative.be\/actualites\/wp-content\/uploads\/2026\/01\/1768868246_Scenes-chaotiques-a-la-Coupe-dAfrique-\u2013-finale-peu-avant.jpg\",\"datePublished\":\"2026-01-20T00:17:26+00:00\",\"dateModified\":\"2026-01-20T00:17:26+00:00\",\"breadcrumb\":{\"@id\":\"https:\/\/vieassociative.be\/actualites\/scenes-chaotiques-a-la-coupe-dafrique-finale-peu-avant-lannulation\/#breadcrumb\"},\"inLanguage\":\"fr-BE\",\"potentialAction\":[{\"@type\":\"ReadAction\",\"target\":[\"https:\/\/vieassociative.be\/actualites\/scenes-chaotiques-a-la-coupe-dafrique-finale-peu-avant-lannulation\/\"]}]},{\"@type\":\"ImageObject\",\"inLanguage\":\"fr-BE\",\"@id\":\"https:\/\/vieassociative.be\/actualites\/scenes-chaotiques-a-la-coupe-dafrique-finale-peu-avant-lannulation\/#primaryimage\",\"url\":\"https:\/\/vieassociative.be\/actualites\/wp-content\/uploads\/2026\/01\/1768868246_Scenes-chaotiques-a-la-Coupe-dAfrique-\u2013-finale-peu-avant.jpg\",\"contentUrl\":\"https:\/\/vieassociative.be\/actualites\/wp-content\/uploads\/2026\/01\/1768868246_Scenes-chaotiques-a-la-Coupe-dAfrique-\u2013-finale-peu-avant.jpg\",\"width\":1200,\"height\":800,\"caption\":\"Sc\u00e8nes chaotiques \u00e0 la Coupe d'Afrique \u2013 finale peu avant l'annulation\"},{\"@type\":\"BreadcrumbList\",\"@id\":\"https:\/\/vieassociative.be\/actualites\/scenes-chaotiques-a-la-coupe-dafrique-finale-peu-avant-lannulation\/#breadcrumb\",\"itemListElement\":[{\"@type\":\"ListItem\",\"position\":1,\"name\":\"Accueil\",\"item\":\"https:\/\/vieassociative.be\/actualites\/\"},{\"@type\":\"ListItem\",\"position\":2,\"name\":\"Sc\u00e8nes chaotiques \u00e0 la Coupe d&rsquo;Afrique \u2013 finale peu avant l&rsquo;annulation\"}]},{\"@type\":\"WebSite\",\"@id\":\"https:\/\/vieassociative.be\/actualites\/#website\",\"url\":\"https:\/\/vieassociative.be\/actualites\/\",\"name\":\"Vie Associative\",\"description\":\"\",\"publisher\":{\"@id\":\"https:\/\/vieassociative.be\/actualites\/#organization\"},\"potentialAction\":[{\"@type\":\"SearchAction\",\"target\":{\"@type\":\"EntryPoint\",\"urlTemplate\":\"https:\/\/vieassociative.be\/actualites\/?s={search_term_string}\"},\"query-input\":{\"@type\":\"PropertyValueSpecification\",\"valueRequired\":true,\"valueName\":\"search_term_string\"}}],\"inLanguage\":\"fr-BE\"},{\"@type\":\"Organization\",\"@id\":\"https:\/\/vieassociative.be\/actualites\/#organization\",\"name\":\"Vie Associative\",\"url\":\"https:\/\/vieassociative.be\/actualites\/\",\"logo\":{\"@type\":\"ImageObject\",\"inLanguage\":\"fr-BE\",\"@id\":\"https:\/\/vieassociative.be\/actualites\/#\/schema\/logo\/image\/\",\"url\":\"https:\/\/vieassociative.be\/actualites\/wp-content\/uploads\/2024\/09\/cropped-vieassociative_favicon.ico.png\",\"contentUrl\":\"https:\/\/vieassociative.be\/actualites\/wp-content\/uploads\/2024\/09\/cropped-vieassociative_favicon.ico.png\",\"width\":512,\"height\":512,\"caption\":\"Vie Associative\"},\"image\":{\"@id\":\"https:\/\/vieassociative.be\/actualites\/#\/schema\/logo\/image\/\"}},{\"@type\":\"Person\",\"@id\":\"https:\/\/vieassociative.be\/actualites\/#\/schema\/person\/b87ac4f82f9d4e7b7cec7395b679edc4\",\"name\":\"Julien\",\"image\":{\"@type\":\"ImageObject\",\"inLanguage\":\"fr-BE\",\"@id\":\"https:\/\/vieassociative.be\/actualites\/#\/schema\/person\/image\/\",\"url\":\"https:\/\/vieassociative.be\/actualites\/wp-content\/uploads\/2024\/09\/vie-associative-1-150x150.jpg\",\"contentUrl\":\"https:\/\/vieassociative.be\/actualites\/wp-content\/uploads\/2024\/09\/vie-associative-1-150x150.jpg\",\"caption\":\"Julien\"},\"description\":\"Je suis Julien, r\u00e9dacteur pour Vie Associative. Passionn\u00e9 par le monde associatif depuis plus de 10 ans, j'ai \u00e0 c\u0153ur de partager des histoires inspirantes et de mettre en lumi\u00e8re les initiatives locales. Mon objectif est de sensibiliser et d'encourager l'engagement communautaire \u00e0 travers mes articles.\",\"sameAs\":[\"https:\/\/vieassociative.be\/\"]}]}<\/script>\n<!-- \/ Yoast SEO plugin. -->","yoast_head_json":{"title":"Sc\u00e8nes chaotiques \u00e0 la Coupe d'Afrique \u2013 finale peu avant l'annulation | Vie Associative","robots":{"index":"index","follow":"follow","max-snippet":"max-snippet:-1","max-image-preview":"max-image-preview:large","max-video-preview":"max-video-preview:-1"},"canonical":"https:\/\/vieassociative.be\/actualites\/scenes-chaotiques-a-la-coupe-dafrique-finale-peu-avant-lannulation\/","og_locale":"fr_FR","og_type":"article","og_title":"Sc\u00e8nes chaotiques \u00e0 la Coupe d'Afrique \u2013 finale peu avant l'annulation | Vie Associative","og_description":"Si un Championnat d\u2019Europe de football se terminait comme la Coupe d\u2019Afrique des Nations dimanche, il n\u2019y aurait plus d\u2019autre sujet dans les m\u00e9dias pendant","og_url":"https:\/\/vieassociative.be\/actualites\/scenes-chaotiques-a-la-coupe-dafrique-finale-peu-avant-lannulation\/","og_site_name":"Vie Associative","article_published_time":"2026-01-20T00:17:26+00:00","og_image":[{"width":279,"height":92,"url":"https:\/\/vieassociative.be\/actualites\/wp-content\/uploads\/2024\/09\/header_backgroundk-01-e1726694325946.png","type":"image\/png"}],"author":"Julien","twitter_card":"summary_large_image","twitter_misc":{"\u00c9crit par":"Julien","Dur\u00e9e de lecture est.":"4 minutes"},"schema":{"@context":"https:\/\/schema.org","@graph":[{"@type":"Article","@id":"https:\/\/vieassociative.be\/actualites\/scenes-chaotiques-a-la-coupe-dafrique-finale-peu-avant-lannulation\/#article","isPartOf":{"@id":"https:\/\/vieassociative.be\/actualites\/scenes-chaotiques-a-la-coupe-dafrique-finale-peu-avant-lannulation\/"},"author":{"name":"Julien","@id":"https:\/\/vieassociative.be\/actualites\/#\/schema\/person\/b87ac4f82f9d4e7b7cec7395b679edc4"},"headline":"Sc\u00e8nes chaotiques \u00e0 la Coupe d&rsquo;Afrique \u2013 finale peu avant l&rsquo;annulation","datePublished":"2026-01-20T00:17:26+00:00","dateModified":"2026-01-20T00:17:26+00:00","mainEntityOfPage":{"@id":"https:\/\/vieassociative.be\/actualites\/scenes-chaotiques-a-la-coupe-dafrique-finale-peu-avant-lannulation\/"},"wordCount":770,"publisher":{"@id":"https:\/\/vieassociative.be\/actualites\/#organization"},"image":{"@id":"https:\/\/vieassociative.be\/actualites\/scenes-chaotiques-a-la-coupe-dafrique-finale-peu-avant-lannulation\/#primaryimage"},"thumbnailUrl":"https:\/\/vieassociative.be\/actualites\/wp-content\/uploads\/2026\/01\/1768868246_Scenes-chaotiques-a-la-Coupe-dAfrique-\u2013-finale-peu-avant.jpg","keywords":["avant","chaotiques","Coupe","dAfrique","finale","lannulation","peu","sc\u00e8nes"],"articleSection":["Belgique"],"inLanguage":"fr-BE"},{"@type":"WebPage","@id":"https:\/\/vieassociative.be\/actualites\/scenes-chaotiques-a-la-coupe-dafrique-finale-peu-avant-lannulation\/","url":"https:\/\/vieassociative.be\/actualites\/scenes-chaotiques-a-la-coupe-dafrique-finale-peu-avant-lannulation\/","name":"Sc\u00e8nes chaotiques \u00e0 la Coupe d'Afrique \u2013 finale peu avant l'annulation | Vie Associative","isPartOf":{"@id":"https:\/\/vieassociative.be\/actualites\/#website"},"primaryImageOfPage":{"@id":"https:\/\/vieassociative.be\/actualites\/scenes-chaotiques-a-la-coupe-dafrique-finale-peu-avant-lannulation\/#primaryimage"},"image":{"@id":"https:\/\/vieassociative.be\/actualites\/scenes-chaotiques-a-la-coupe-dafrique-finale-peu-avant-lannulation\/#primaryimage"},"thumbnailUrl":"https:\/\/vieassociative.be\/actualites\/wp-content\/uploads\/2026\/01\/1768868246_Scenes-chaotiques-a-la-Coupe-dAfrique-\u2013-finale-peu-avant.jpg","datePublished":"2026-01-20T00:17:26+00:00","dateModified":"2026-01-20T00:17:26+00:00","breadcrumb":{"@id":"https:\/\/vieassociative.be\/actualites\/scenes-chaotiques-a-la-coupe-dafrique-finale-peu-avant-lannulation\/#breadcrumb"},"inLanguage":"fr-BE","potentialAction":[{"@type":"ReadAction","target":["https:\/\/vieassociative.be\/actualites\/scenes-chaotiques-a-la-coupe-dafrique-finale-peu-avant-lannulation\/"]}]},{"@type":"ImageObject","inLanguage":"fr-BE","@id":"https:\/\/vieassociative.be\/actualites\/scenes-chaotiques-a-la-coupe-dafrique-finale-peu-avant-lannulation\/#primaryimage","url":"https:\/\/vieassociative.be\/actualites\/wp-content\/uploads\/2026\/01\/1768868246_Scenes-chaotiques-a-la-Coupe-dAfrique-\u2013-finale-peu-avant.jpg","contentUrl":"https:\/\/vieassociative.be\/actualites\/wp-content\/uploads\/2026\/01\/1768868246_Scenes-chaotiques-a-la-Coupe-dAfrique-\u2013-finale-peu-avant.jpg","width":1200,"height":800,"caption":"Sc\u00e8nes chaotiques \u00e0 la Coupe d'Afrique \u2013 finale peu avant l'annulation"},{"@type":"BreadcrumbList","@id":"https:\/\/vieassociative.be\/actualites\/scenes-chaotiques-a-la-coupe-dafrique-finale-peu-avant-lannulation\/#breadcrumb","itemListElement":[{"@type":"ListItem","position":1,"name":"Accueil","item":"https:\/\/vieassociative.be\/actualites\/"},{"@type":"ListItem","position":2,"name":"Sc\u00e8nes chaotiques \u00e0 la Coupe d&rsquo;Afrique \u2013 finale peu avant l&rsquo;annulation"}]},{"@type":"WebSite","@id":"https:\/\/vieassociative.be\/actualites\/#website","url":"https:\/\/vieassociative.be\/actualites\/","name":"Vie Associative","description":"","publisher":{"@id":"https:\/\/vieassociative.be\/actualites\/#organization"},"potentialAction":[{"@type":"SearchAction","target":{"@type":"EntryPoint","urlTemplate":"https:\/\/vieassociative.be\/actualites\/?s={search_term_string}"},"query-input":{"@type":"PropertyValueSpecification","valueRequired":true,"valueName":"search_term_string"}}],"inLanguage":"fr-BE"},{"@type":"Organization","@id":"https:\/\/vieassociative.be\/actualites\/#organization","name":"Vie Associative","url":"https:\/\/vieassociative.be\/actualites\/","logo":{"@type":"ImageObject","inLanguage":"fr-BE","@id":"https:\/\/vieassociative.be\/actualites\/#\/schema\/logo\/image\/","url":"https:\/\/vieassociative.be\/actualites\/wp-content\/uploads\/2024\/09\/cropped-vieassociative_favicon.ico.png","contentUrl":"https:\/\/vieassociative.be\/actualites\/wp-content\/uploads\/2024\/09\/cropped-vieassociative_favicon.ico.png","width":512,"height":512,"caption":"Vie Associative"},"image":{"@id":"https:\/\/vieassociative.be\/actualites\/#\/schema\/logo\/image\/"}},{"@type":"Person","@id":"https:\/\/vieassociative.be\/actualites\/#\/schema\/person\/b87ac4f82f9d4e7b7cec7395b679edc4","name":"Julien","image":{"@type":"ImageObject","inLanguage":"fr-BE","@id":"https:\/\/vieassociative.be\/actualites\/#\/schema\/person\/image\/","url":"https:\/\/vieassociative.be\/actualites\/wp-content\/uploads\/2024\/09\/vie-associative-1-150x150.jpg","contentUrl":"https:\/\/vieassociative.be\/actualites\/wp-content\/uploads\/2024\/09\/vie-associative-1-150x150.jpg","caption":"Julien"},"description":"Je suis Julien, r\u00e9dacteur pour Vie Associative. Passionn\u00e9 par le monde associatif depuis plus de 10 ans, j'ai \u00e0 c\u0153ur de partager des histoires inspirantes et de mettre en lumi\u00e8re les initiatives locales. Mon objectif est de sensibiliser et d'encourager l'engagement communautaire \u00e0 travers mes articles.","sameAs":["https:\/\/vieassociative.be\/"]}]}},"_links":{"self":[{"href":"https:\/\/vieassociative.be\/actualites\/wp-json\/wp\/v2\/posts\/12276"}],"collection":[{"href":"https:\/\/vieassociative.be\/actualites\/wp-json\/wp\/v2\/posts"}],"about":[{"href":"https:\/\/vieassociative.be\/actualites\/wp-json\/wp\/v2\/types\/post"}],"author":[{"embeddable":true,"href":"https:\/\/vieassociative.be\/actualites\/wp-json\/wp\/v2\/users\/1"}],"replies":[{"embeddable":true,"href":"https:\/\/vieassociative.be\/actualites\/wp-json\/wp\/v2\/comments?post=12276"}],"version-history":[{"count":0,"href":"https:\/\/vieassociative.be\/actualites\/wp-json\/wp\/v2\/posts\/12276\/revisions"}],"wp:featuredmedia":[{"embeddable":true,"href":"https:\/\/vieassociative.be\/actualites\/wp-json\/wp\/v2\/media\/12277"}],"wp:attachment":[{"href":"https:\/\/vieassociative.be\/actualites\/wp-json\/wp\/v2\/media?parent=12276"}],"wp:term":[{"taxonomy":"category","embeddable":true,"href":"https:\/\/vieassociative.be\/actualites\/wp-json\/wp\/v2\/categories?post=12276"},{"taxonomy":"post_tag","embeddable":true,"href":"https:\/\/vieassociative.be\/actualites\/wp-json\/wp\/v2\/tags?post=12276"}],"curies":[{"name":"wp","href":"https:\/\/api.w.org\/{rel}","templated":true}]}}