{"id":12274,"date":"2026-01-20T00:18:01","date_gmt":"2026-01-19T23:18:01","guid":{"rendered":"https:\/\/vieassociative.be\/actualites\/voici-combien-dargent-verizon-vous-creditera-pour-sa-panne-de-service\/"},"modified":"2026-01-20T00:18:01","modified_gmt":"2026-01-19T23:18:01","slug":"voici-combien-dargent-verizon-vous-creditera-pour-sa-panne-de-service","status":"publish","type":"post","link":"https:\/\/vieassociative.be\/actualites\/voici-combien-dargent-verizon-vous-creditera-pour-sa-panne-de-service\/","title":{"rendered":"Voici combien d&rsquo;argent Verizon vous cr\u00e9ditera pour sa panne de service"},"content":{"rendered":"<p>Plus t\u00f4t cette semaine, votre t\u00e9l\u00e9phone \u00e9tait peut-\u00eatre \u00e0 la limite inutilisable, du moins lorsque vous n&rsquo;\u00e9tiez pas connect\u00e9 au Wi-Fi. Cela \u00e9tait d\u00fb \u00e0 la panne nationale de Verizon, qui a touch\u00e9 environ deux millions de clients aux \u00c9tats-Unis. Si vous \u00e9tiez parmi eux, vous ne pourriez pas utiliser votre t\u00e9l\u00e9phone en d\u00e9placement, ce qui est en quelque sorte l&rsquo;id\u00e9e derri\u00e8re les t\u00e9l\u00e9phones portables en g\u00e9n\u00e9ral. Cela incluait la possibilit\u00e9 d&rsquo;utiliser des applications de navigation dans votre voiture, d&rsquo;envoyer des e-mails ou des messages professionnels ou de passer des appels en dehors du mode SOS, ce qui vous limitait essentiellement aux services d&rsquo;urgence. Pire encore, certains utilisateurs rencontrent encore des probl\u00e8mes ce matin suite \u00e0 la r\u00e9solution officielle de Verizon, bien qu&rsquo;il existe probablement une solution rapide \u00e0 ce probl\u00e8me.<\/p>\n<p>Je n&rsquo;ai pas Verizon, mais si je l&rsquo;avais, je serais un peu contrari\u00e9. Des pannes arrivent, mais celle-ci \u00e9tait <em>massif<\/em>et la soci\u00e9t\u00e9 n&rsquo;a toujours pas fourni beaucoup d&rsquo;explications sur ce qui s&rsquo;est r\u00e9ellement pass\u00e9. Malgr\u00e9 cela (ou peut-\u00eatre \u00e0 cause de cela), l\u2019entreprise semble vouloir arranger les choses. Lorsque Verizon a annonc\u00e9 qu&rsquo;il avait r\u00e9solu la panne, il a \u00e9galement d\u00e9clar\u00e9 qu&rsquo;il contacterait directement les clients concern\u00e9s pour \u00e9mettre des cr\u00e9dits de compte. C&rsquo;est p\u00e9nible de faire face \u00e0 des interruptions de services aussi importantes que votre r\u00e9seau sans fil, mais au moins Verizon veut vous indemniser pour le probl\u00e8me, n&rsquo;est-ce pas ? Ne vous attendez pas \u00e0 grand-chose.<\/p>\n<h2 id=\"verizons-account-credits-might-seem-a-bit-low\">Les cr\u00e9dits du compte Verizon peuvent sembler un peu faibles<\/h2>\n<p>Verizon a publi\u00e9 un message sur X, s&rsquo;excusant une fois de plus pour la panne et r\u00e9v\u00e9lant ce que chaque compte concern\u00e9 peut s&rsquo;attendre \u00e0 recevoir en compensation : 20 $. <\/p>\n<blockquote class=\"twitterEmbed twitter-tweet\"><p>\n    <a rel=\"nofollow noopener\" class=\"text-gray-600\" href=\"https:\/\/twitter.com\/VerizonNews\/status\/2011811327799423314\" title=\"open in a new window\" target=\"_blank\"><\/p>\n<p>        Ce Tweet est actuellement indisponible. Il est peut-\u00eatre en cours de chargement ou a \u00e9t\u00e9 supprim\u00e9.<br \/>\n    <\/a>\n<\/p><\/blockquote>\n<p>Verizon affirme que ce nombre repr\u00e9sente \u00ab plusieurs jours de service \u00bb en moyenne et qu&rsquo;aucun cr\u00e9dit ne peut compenser ce qui s&rsquo;est pass\u00e9. C\u2019est peut-\u00eatre vrai, mais \u00e0 mon humble avis, un cr\u00e9dit plus important pourrait peut-\u00eatre s\u2019en rapprocher un peu. C&rsquo;est peut-\u00eatre plus \u00e9lev\u00e9 que la valeur th\u00e9orique de la perte d&rsquo;une journ\u00e9e de service, mais ce n&rsquo;est pas comme si les clients consid\u00e9raient leurs factures comme payant leur utilisation. Ils paient beaucoup \u00e0 Verizon, s&rsquo;attendant \u00e0 ce que leurs smartphones soient connect\u00e9s \u00e0 tout moment sur la carte de couverture de Verizon. Compte tenu du bouleversement qu&rsquo;une journ\u00e9e de d\u00e9connexion a sans aucun doute caus\u00e9, je ne suis pas s\u00fbr que 20 $ suffiront.<\/p>\n<p>Mais je m&rsquo;\u00e9loigne du sujet\u00a0: 20\u00a0$ est le chiffre, et 20\u00a0$ est ce que les clients concern\u00e9s peuvent s&rsquo;attendre \u00e0 recevoir. Si vous \u00eates parmi eux, Verizon dit qu&rsquo;ils vous enverront un SMS lorsque le cr\u00e9dit sera disponible. Lorsque c&rsquo;est le cas, vous pouvez vous connecter \u00e0 l&rsquo;application myVerizon pour r\u00e9clamer votre r\u00e9compense.        <\/p>\n<p><script async src=\"https:\/\/platform.twitter.com\/widgets.js\" charset=\"utf-8\"><\/script><\/p>\n","protected":false},"excerpt":{"rendered":"<p>Plus t\u00f4t cette semaine, votre t\u00e9l\u00e9phone \u00e9tait peut-\u00eatre \u00e0 la limite inutilisable, du moins lorsque vous n&rsquo;\u00e9tiez pas connect\u00e9 au Wi-Fi. Cela \u00e9tait d\u00fb \u00e0<\/p>\n","protected":false},"author":1,"featured_media":12275,"comment_status":"","ping_status":"","sticky":false,"template":"","format":"standard","meta":{"footnotes":""},"categories":[13],"tags":[2602,9810,3782,1137,81,2911,1135,529,4],"class_list":["post-12274","post","type-post","status-publish","format-standard","has-post-thumbnail","hentry","category-technologie","tag-combien","tag-creditera","tag-dargent","tag-panne","tag-pour","tag-service","tag-verizon","tag-voici","tag-vous","generate-columns","tablet-grid-50","mobile-grid-100","grid-parent","grid-33"],"yoast_head":"<!-- This site is optimized with the Yoast SEO plugin v24.0 - https:\/\/yoast.com\/wordpress\/plugins\/seo\/ -->\n<title>Voici combien d&#039;argent Verizon vous cr\u00e9ditera pour sa panne de service | Vie Associative<\/title>\n<meta name=\"robots\" content=\"index, follow, max-snippet:-1, max-image-preview:large, max-video-preview:-1\" \/>\n<link rel=\"canonical\" href=\"https:\/\/vieassociative.be\/actualites\/voici-combien-dargent-verizon-vous-creditera-pour-sa-panne-de-service\/\" \/>\n<meta property=\"og:locale\" content=\"fr_FR\" \/>\n<meta property=\"og:type\" content=\"article\" \/>\n<meta property=\"og:title\" content=\"Voici combien d&#039;argent Verizon vous cr\u00e9ditera pour sa panne de service | Vie Associative\" \/>\n<meta property=\"og:description\" content=\"Plus t\u00f4t cette semaine, votre t\u00e9l\u00e9phone \u00e9tait peut-\u00eatre \u00e0 la limite inutilisable, du moins lorsque vous n&rsquo;\u00e9tiez pas connect\u00e9 au Wi-Fi. Cela \u00e9tait d\u00fb \u00e0\" \/>\n<meta property=\"og:url\" content=\"https:\/\/vieassociative.be\/actualites\/voici-combien-dargent-verizon-vous-creditera-pour-sa-panne-de-service\/\" \/>\n<meta property=\"og:site_name\" content=\"Vie Associative\" \/>\n<meta property=\"article:published_time\" content=\"2026-01-19T23:18:01+00:00\" \/>\n<meta property=\"og:image\" content=\"https:\/\/vieassociative.be\/actualites\/wp-content\/uploads\/2024\/09\/header_backgroundk-01-e1726694325946.png\" \/>\n\t<meta property=\"og:image:width\" content=\"279\" \/>\n\t<meta property=\"og:image:height\" content=\"92\" \/>\n\t<meta property=\"og:image:type\" content=\"image\/png\" \/>\n<meta name=\"author\" content=\"Julien\" \/>\n<meta name=\"twitter:card\" content=\"summary_large_image\" \/>\n<meta name=\"twitter:label1\" content=\"\u00c9crit par\" \/>\n\t<meta name=\"twitter:data1\" content=\"Julien\" \/>\n\t<meta name=\"twitter:label2\" content=\"Dur\u00e9e de lecture est.\" \/>\n\t<meta name=\"twitter:data2\" content=\"2 minutes\" \/>\n<script type=\"application\/ld+json\" class=\"yoast-schema-graph\">{\"@context\":\"https:\/\/schema.org\",\"@graph\":[{\"@type\":\"Article\",\"@id\":\"https:\/\/vieassociative.be\/actualites\/voici-combien-dargent-verizon-vous-creditera-pour-sa-panne-de-service\/#article\",\"isPartOf\":{\"@id\":\"https:\/\/vieassociative.be\/actualites\/voici-combien-dargent-verizon-vous-creditera-pour-sa-panne-de-service\/\"},\"author\":{\"name\":\"Julien\",\"@id\":\"https:\/\/vieassociative.be\/actualites\/#\/schema\/person\/b87ac4f82f9d4e7b7cec7395b679edc4\"},\"headline\":\"Voici combien d&rsquo;argent Verizon vous cr\u00e9ditera pour sa panne de service\",\"datePublished\":\"2026-01-19T23:18:01+00:00\",\"dateModified\":\"2026-01-19T23:18:01+00:00\",\"mainEntityOfPage\":{\"@id\":\"https:\/\/vieassociative.be\/actualites\/voici-combien-dargent-verizon-vous-creditera-pour-sa-panne-de-service\/\"},\"wordCount\":535,\"publisher\":{\"@id\":\"https:\/\/vieassociative.be\/actualites\/#organization\"},\"image\":{\"@id\":\"https:\/\/vieassociative.be\/actualites\/voici-combien-dargent-verizon-vous-creditera-pour-sa-panne-de-service\/#primaryimage\"},\"thumbnailUrl\":\"https:\/\/vieassociative.be\/actualites\/wp-content\/uploads\/2026\/01\/Voici-combien-dargent-Verizon-vous-creditera-pour-sa-panne-de.jpg\",\"keywords\":[\"Combien\",\"cr\u00e9ditera\",\"dargent\",\"panne\",\"pour\",\"service\",\"Verizon\",\"Voici\",\"Vous\"],\"articleSection\":[\"Technologie\"],\"inLanguage\":\"fr-BE\"},{\"@type\":\"WebPage\",\"@id\":\"https:\/\/vieassociative.be\/actualites\/voici-combien-dargent-verizon-vous-creditera-pour-sa-panne-de-service\/\",\"url\":\"https:\/\/vieassociative.be\/actualites\/voici-combien-dargent-verizon-vous-creditera-pour-sa-panne-de-service\/\",\"name\":\"Voici combien d'argent Verizon vous cr\u00e9ditera pour sa panne de service | Vie Associative\",\"isPartOf\":{\"@id\":\"https:\/\/vieassociative.be\/actualites\/#website\"},\"primaryImageOfPage\":{\"@id\":\"https:\/\/vieassociative.be\/actualites\/voici-combien-dargent-verizon-vous-creditera-pour-sa-panne-de-service\/#primaryimage\"},\"image\":{\"@id\":\"https:\/\/vieassociative.be\/actualites\/voici-combien-dargent-verizon-vous-creditera-pour-sa-panne-de-service\/#primaryimage\"},\"thumbnailUrl\":\"https:\/\/vieassociative.be\/actualites\/wp-content\/uploads\/2026\/01\/Voici-combien-dargent-Verizon-vous-creditera-pour-sa-panne-de.jpg\",\"datePublished\":\"2026-01-19T23:18:01+00:00\",\"dateModified\":\"2026-01-19T23:18:01+00:00\",\"breadcrumb\":{\"@id\":\"https:\/\/vieassociative.be\/actualites\/voici-combien-dargent-verizon-vous-creditera-pour-sa-panne-de-service\/#breadcrumb\"},\"inLanguage\":\"fr-BE\",\"potentialAction\":[{\"@type\":\"ReadAction\",\"target\":[\"https:\/\/vieassociative.be\/actualites\/voici-combien-dargent-verizon-vous-creditera-pour-sa-panne-de-service\/\"]}]},{\"@type\":\"ImageObject\",\"inLanguage\":\"fr-BE\",\"@id\":\"https:\/\/vieassociative.be\/actualites\/voici-combien-dargent-verizon-vous-creditera-pour-sa-panne-de-service\/#primaryimage\",\"url\":\"https:\/\/vieassociative.be\/actualites\/wp-content\/uploads\/2026\/01\/Voici-combien-dargent-Verizon-vous-creditera-pour-sa-panne-de.jpg\",\"contentUrl\":\"https:\/\/vieassociative.be\/actualites\/wp-content\/uploads\/2026\/01\/Voici-combien-dargent-Verizon-vous-creditera-pour-sa-panne-de.jpg\",\"width\":1200,\"height\":675,\"caption\":\"Voici combien d'argent Verizon vous cr\u00e9ditera pour sa panne de service\"},{\"@type\":\"BreadcrumbList\",\"@id\":\"https:\/\/vieassociative.be\/actualites\/voici-combien-dargent-verizon-vous-creditera-pour-sa-panne-de-service\/#breadcrumb\",\"itemListElement\":[{\"@type\":\"ListItem\",\"position\":1,\"name\":\"Accueil\",\"item\":\"https:\/\/vieassociative.be\/actualites\/\"},{\"@type\":\"ListItem\",\"position\":2,\"name\":\"Voici combien d&rsquo;argent Verizon vous cr\u00e9ditera pour sa panne de service\"}]},{\"@type\":\"WebSite\",\"@id\":\"https:\/\/vieassociative.be\/actualites\/#website\",\"url\":\"https:\/\/vieassociative.be\/actualites\/\",\"name\":\"Vie Associative\",\"description\":\"\",\"publisher\":{\"@id\":\"https:\/\/vieassociative.be\/actualites\/#organization\"},\"potentialAction\":[{\"@type\":\"SearchAction\",\"target\":{\"@type\":\"EntryPoint\",\"urlTemplate\":\"https:\/\/vieassociative.be\/actualites\/?s={search_term_string}\"},\"query-input\":{\"@type\":\"PropertyValueSpecification\",\"valueRequired\":true,\"valueName\":\"search_term_string\"}}],\"inLanguage\":\"fr-BE\"},{\"@type\":\"Organization\",\"@id\":\"https:\/\/vieassociative.be\/actualites\/#organization\",\"name\":\"Vie Associative\",\"url\":\"https:\/\/vieassociative.be\/actualites\/\",\"logo\":{\"@type\":\"ImageObject\",\"inLanguage\":\"fr-BE\",\"@id\":\"https:\/\/vieassociative.be\/actualites\/#\/schema\/logo\/image\/\",\"url\":\"https:\/\/vieassociative.be\/actualites\/wp-content\/uploads\/2024\/09\/cropped-vieassociative_favicon.ico.png\",\"contentUrl\":\"https:\/\/vieassociative.be\/actualites\/wp-content\/uploads\/2024\/09\/cropped-vieassociative_favicon.ico.png\",\"width\":512,\"height\":512,\"caption\":\"Vie Associative\"},\"image\":{\"@id\":\"https:\/\/vieassociative.be\/actualites\/#\/schema\/logo\/image\/\"}},{\"@type\":\"Person\",\"@id\":\"https:\/\/vieassociative.be\/actualites\/#\/schema\/person\/b87ac4f82f9d4e7b7cec7395b679edc4\",\"name\":\"Julien\",\"image\":{\"@type\":\"ImageObject\",\"inLanguage\":\"fr-BE\",\"@id\":\"https:\/\/vieassociative.be\/actualites\/#\/schema\/person\/image\/\",\"url\":\"https:\/\/vieassociative.be\/actualites\/wp-content\/uploads\/2024\/09\/vie-associative-1-150x150.jpg\",\"contentUrl\":\"https:\/\/vieassociative.be\/actualites\/wp-content\/uploads\/2024\/09\/vie-associative-1-150x150.jpg\",\"caption\":\"Julien\"},\"description\":\"Je suis Julien, r\u00e9dacteur pour Vie Associative. Passionn\u00e9 par le monde associatif depuis plus de 10 ans, j'ai \u00e0 c\u0153ur de partager des histoires inspirantes et de mettre en lumi\u00e8re les initiatives locales. Mon objectif est de sensibiliser et d'encourager l'engagement communautaire \u00e0 travers mes articles.\",\"sameAs\":[\"https:\/\/vieassociative.be\/\"]}]}<\/script>\n<!-- \/ Yoast SEO plugin. -->","yoast_head_json":{"title":"Voici combien d'argent Verizon vous cr\u00e9ditera pour sa panne de service | Vie Associative","robots":{"index":"index","follow":"follow","max-snippet":"max-snippet:-1","max-image-preview":"max-image-preview:large","max-video-preview":"max-video-preview:-1"},"canonical":"https:\/\/vieassociative.be\/actualites\/voici-combien-dargent-verizon-vous-creditera-pour-sa-panne-de-service\/","og_locale":"fr_FR","og_type":"article","og_title":"Voici combien d'argent Verizon vous cr\u00e9ditera pour sa panne de service | Vie Associative","og_description":"Plus t\u00f4t cette semaine, votre t\u00e9l\u00e9phone \u00e9tait peut-\u00eatre \u00e0 la limite inutilisable, du moins lorsque vous n&rsquo;\u00e9tiez pas connect\u00e9 au Wi-Fi. Cela \u00e9tait d\u00fb \u00e0","og_url":"https:\/\/vieassociative.be\/actualites\/voici-combien-dargent-verizon-vous-creditera-pour-sa-panne-de-service\/","og_site_name":"Vie Associative","article_published_time":"2026-01-19T23:18:01+00:00","og_image":[{"width":279,"height":92,"url":"https:\/\/vieassociative.be\/actualites\/wp-content\/uploads\/2024\/09\/header_backgroundk-01-e1726694325946.png","type":"image\/png"}],"author":"Julien","twitter_card":"summary_large_image","twitter_misc":{"\u00c9crit par":"Julien","Dur\u00e9e de lecture est.":"2 minutes"},"schema":{"@context":"https:\/\/schema.org","@graph":[{"@type":"Article","@id":"https:\/\/vieassociative.be\/actualites\/voici-combien-dargent-verizon-vous-creditera-pour-sa-panne-de-service\/#article","isPartOf":{"@id":"https:\/\/vieassociative.be\/actualites\/voici-combien-dargent-verizon-vous-creditera-pour-sa-panne-de-service\/"},"author":{"name":"Julien","@id":"https:\/\/vieassociative.be\/actualites\/#\/schema\/person\/b87ac4f82f9d4e7b7cec7395b679edc4"},"headline":"Voici combien d&rsquo;argent Verizon vous cr\u00e9ditera pour sa panne de service","datePublished":"2026-01-19T23:18:01+00:00","dateModified":"2026-01-19T23:18:01+00:00","mainEntityOfPage":{"@id":"https:\/\/vieassociative.be\/actualites\/voici-combien-dargent-verizon-vous-creditera-pour-sa-panne-de-service\/"},"wordCount":535,"publisher":{"@id":"https:\/\/vieassociative.be\/actualites\/#organization"},"image":{"@id":"https:\/\/vieassociative.be\/actualites\/voici-combien-dargent-verizon-vous-creditera-pour-sa-panne-de-service\/#primaryimage"},"thumbnailUrl":"https:\/\/vieassociative.be\/actualites\/wp-content\/uploads\/2026\/01\/Voici-combien-dargent-Verizon-vous-creditera-pour-sa-panne-de.jpg","keywords":["Combien","cr\u00e9ditera","dargent","panne","pour","service","Verizon","Voici","Vous"],"articleSection":["Technologie"],"inLanguage":"fr-BE"},{"@type":"WebPage","@id":"https:\/\/vieassociative.be\/actualites\/voici-combien-dargent-verizon-vous-creditera-pour-sa-panne-de-service\/","url":"https:\/\/vieassociative.be\/actualites\/voici-combien-dargent-verizon-vous-creditera-pour-sa-panne-de-service\/","name":"Voici combien d'argent Verizon vous cr\u00e9ditera pour sa panne de service | Vie Associative","isPartOf":{"@id":"https:\/\/vieassociative.be\/actualites\/#website"},"primaryImageOfPage":{"@id":"https:\/\/vieassociative.be\/actualites\/voici-combien-dargent-verizon-vous-creditera-pour-sa-panne-de-service\/#primaryimage"},"image":{"@id":"https:\/\/vieassociative.be\/actualites\/voici-combien-dargent-verizon-vous-creditera-pour-sa-panne-de-service\/#primaryimage"},"thumbnailUrl":"https:\/\/vieassociative.be\/actualites\/wp-content\/uploads\/2026\/01\/Voici-combien-dargent-Verizon-vous-creditera-pour-sa-panne-de.jpg","datePublished":"2026-01-19T23:18:01+00:00","dateModified":"2026-01-19T23:18:01+00:00","breadcrumb":{"@id":"https:\/\/vieassociative.be\/actualites\/voici-combien-dargent-verizon-vous-creditera-pour-sa-panne-de-service\/#breadcrumb"},"inLanguage":"fr-BE","potentialAction":[{"@type":"ReadAction","target":["https:\/\/vieassociative.be\/actualites\/voici-combien-dargent-verizon-vous-creditera-pour-sa-panne-de-service\/"]}]},{"@type":"ImageObject","inLanguage":"fr-BE","@id":"https:\/\/vieassociative.be\/actualites\/voici-combien-dargent-verizon-vous-creditera-pour-sa-panne-de-service\/#primaryimage","url":"https:\/\/vieassociative.be\/actualites\/wp-content\/uploads\/2026\/01\/Voici-combien-dargent-Verizon-vous-creditera-pour-sa-panne-de.jpg","contentUrl":"https:\/\/vieassociative.be\/actualites\/wp-content\/uploads\/2026\/01\/Voici-combien-dargent-Verizon-vous-creditera-pour-sa-panne-de.jpg","width":1200,"height":675,"caption":"Voici combien d'argent Verizon vous cr\u00e9ditera pour sa panne de service"},{"@type":"BreadcrumbList","@id":"https:\/\/vieassociative.be\/actualites\/voici-combien-dargent-verizon-vous-creditera-pour-sa-panne-de-service\/#breadcrumb","itemListElement":[{"@type":"ListItem","position":1,"name":"Accueil","item":"https:\/\/vieassociative.be\/actualites\/"},{"@type":"ListItem","position":2,"name":"Voici combien d&rsquo;argent Verizon vous cr\u00e9ditera pour sa panne de service"}]},{"@type":"WebSite","@id":"https:\/\/vieassociative.be\/actualites\/#website","url":"https:\/\/vieassociative.be\/actualites\/","name":"Vie Associative","description":"","publisher":{"@id":"https:\/\/vieassociative.be\/actualites\/#organization"},"potentialAction":[{"@type":"SearchAction","target":{"@type":"EntryPoint","urlTemplate":"https:\/\/vieassociative.be\/actualites\/?s={search_term_string}"},"query-input":{"@type":"PropertyValueSpecification","valueRequired":true,"valueName":"search_term_string"}}],"inLanguage":"fr-BE"},{"@type":"Organization","@id":"https:\/\/vieassociative.be\/actualites\/#organization","name":"Vie Associative","url":"https:\/\/vieassociative.be\/actualites\/","logo":{"@type":"ImageObject","inLanguage":"fr-BE","@id":"https:\/\/vieassociative.be\/actualites\/#\/schema\/logo\/image\/","url":"https:\/\/vieassociative.be\/actualites\/wp-content\/uploads\/2024\/09\/cropped-vieassociative_favicon.ico.png","contentUrl":"https:\/\/vieassociative.be\/actualites\/wp-content\/uploads\/2024\/09\/cropped-vieassociative_favicon.ico.png","width":512,"height":512,"caption":"Vie Associative"},"image":{"@id":"https:\/\/vieassociative.be\/actualites\/#\/schema\/logo\/image\/"}},{"@type":"Person","@id":"https:\/\/vieassociative.be\/actualites\/#\/schema\/person\/b87ac4f82f9d4e7b7cec7395b679edc4","name":"Julien","image":{"@type":"ImageObject","inLanguage":"fr-BE","@id":"https:\/\/vieassociative.be\/actualites\/#\/schema\/person\/image\/","url":"https:\/\/vieassociative.be\/actualites\/wp-content\/uploads\/2024\/09\/vie-associative-1-150x150.jpg","contentUrl":"https:\/\/vieassociative.be\/actualites\/wp-content\/uploads\/2024\/09\/vie-associative-1-150x150.jpg","caption":"Julien"},"description":"Je suis Julien, r\u00e9dacteur pour Vie Associative. Passionn\u00e9 par le monde associatif depuis plus de 10 ans, j'ai \u00e0 c\u0153ur de partager des histoires inspirantes et de mettre en lumi\u00e8re les initiatives locales. Mon objectif est de sensibiliser et d'encourager l'engagement communautaire \u00e0 travers mes articles.","sameAs":["https:\/\/vieassociative.be\/"]}]}},"_links":{"self":[{"href":"https:\/\/vieassociative.be\/actualites\/wp-json\/wp\/v2\/posts\/12274"}],"collection":[{"href":"https:\/\/vieassociative.be\/actualites\/wp-json\/wp\/v2\/posts"}],"about":[{"href":"https:\/\/vieassociative.be\/actualites\/wp-json\/wp\/v2\/types\/post"}],"author":[{"embeddable":true,"href":"https:\/\/vieassociative.be\/actualites\/wp-json\/wp\/v2\/users\/1"}],"replies":[{"embeddable":true,"href":"https:\/\/vieassociative.be\/actualites\/wp-json\/wp\/v2\/comments?post=12274"}],"version-history":[{"count":0,"href":"https:\/\/vieassociative.be\/actualites\/wp-json\/wp\/v2\/posts\/12274\/revisions"}],"wp:featuredmedia":[{"embeddable":true,"href":"https:\/\/vieassociative.be\/actualites\/wp-json\/wp\/v2\/media\/12275"}],"wp:attachment":[{"href":"https:\/\/vieassociative.be\/actualites\/wp-json\/wp\/v2\/media?parent=12274"}],"wp:term":[{"taxonomy":"category","embeddable":true,"href":"https:\/\/vieassociative.be\/actualites\/wp-json\/wp\/v2\/categories?post=12274"},{"taxonomy":"post_tag","embeddable":true,"href":"https:\/\/vieassociative.be\/actualites\/wp-json\/wp\/v2\/tags?post=12274"}],"curies":[{"name":"wp","href":"https:\/\/api.w.org\/{rel}","templated":true}]}}