{"id":12272,"date":"2026-01-19T19:17:28","date_gmt":"2026-01-19T18:17:28","guid":{"rendered":"https:\/\/vieassociative.be\/actualites\/trump-fonde-le-conseil-de-la-paix-ladhesion-coute-un-milliard-de-dollars-americains-poutine-est-egalement-invite\/"},"modified":"2026-01-19T19:17:28","modified_gmt":"2026-01-19T18:17:28","slug":"trump-fonde-le-conseil-de-la-paix-ladhesion-coute-un-milliard-de-dollars-americains-poutine-est-egalement-invite","status":"publish","type":"post","link":"https:\/\/vieassociative.be\/actualites\/trump-fonde-le-conseil-de-la-paix-ladhesion-coute-un-milliard-de-dollars-americains-poutine-est-egalement-invite\/","title":{"rendered":"Trump fonde le \u00ab Conseil de la paix \u00bb \u2013 l\u2019adh\u00e9sion co\u00fbte un milliard de dollars am\u00e9ricains \u2013 Poutine est \u00e9galement invit\u00e9"},"content":{"rendered":"<p><strong>Donald Trump n&rsquo;a pas re\u00e7u le prix Nobel de la paix, ce qui semble toujours l&rsquo;agacer. Il ne savait pas quoi faire du Prix de la Fifa pour la Paix, avec lequel Gianni Infantino, pr\u00e9sident de la F\u00e9d\u00e9ration mondiale de football, voulait s&rsquo;immortaliser aupr\u00e8s du pr\u00e9sident am\u00e9ricain. Mais Trump met d\u00e9sormais en place un \u00ab Conseil de paix \u00bb.<\/strong><\/p>\n<p><span id=\"more-434141\"><\/span>Les \u00c9tats peuvent obtenir un si\u00e8ge permanent au sein du \u00ab Conseil de paix \u00bb nouvellement cr\u00e9\u00e9 par le pr\u00e9sident am\u00e9ricain Donald Trump s&rsquo;ils contribuent \u00e0 hauteur d&rsquo;un milliard de dollars au budget d&rsquo;ici un an. Cela ressort du projet de charte, qui a \u00e9t\u00e9 rapport\u00e9 par plusieurs m\u00e9dias et dont le texte int\u00e9gral a \u00e9t\u00e9 publi\u00e9 par le Times of Israel.<\/p>\n<p>Les 13 chapitres montrent \u00e9galement que le gouvernement am\u00e9ricain souhaite \u00e9largir consid\u00e9rablement le mandat du Conseil \u2013 au-del\u00e0 de l&rsquo;accent mis auparavant sur la pacification et la reconstruction de la bande de Gaza. Le Conseil devrait donc s\u2019occuper des crises et des conflits dans le monde entier.<\/p>\n<p>Les critiques parlent donc d\u00e9j\u00e0 d\u2019une \u00e9ventuelle concurrence avec l\u2019ONU, que Trump critique \u00e0 plusieurs reprises comme \u00e9tant dysfonctionnelle. Cette critique se retrouve \u00e9galement dans le pr\u00e9ambule. Il affirme qu\u2019une paix durable n\u00e9cessite \u00ab un jugement pragmatique, des solutions raisonnables et le courage de s\u2019\u00e9loigner des approches et des institutions qui ont trop souvent \u00e9chou\u00e9 \u00bb. L\u2019objectif est de cr\u00e9er un organisme international de consolidation de la paix \u00ab plus agile et plus efficace \u00bb.<\/p>\n<div id=\"attachment_423214\" class=\"wp-caption alignleft\" style=\"max-width: 300px\"><img fetchpriority=\"high\" decoding=\"async\" class=\"wp-image-423214 size-medium\" src=\"https:\/\/vieassociative.be\/actualites\/wp-content\/uploads\/2026\/01\/Trump-fonde-le-Conseil-de-la-paix-\u2013.jpg\" alt=\"\" width=\"300\" height=\"200\"><\/div>\n<p>Selon le concept actuel, le Conseil devrait se concentrer sur le conflit \u00e0 Gaza. La commission fait partie de la deuxi\u00e8me phase du plan de paix de Trump pour la bande de Gaza, qui appelle \u00e0 la fin d\u00e9finitive de la guerre et au d\u00e9sarmement de l&rsquo;organisation terroriste Hamas, ce qu&rsquo;elle rejette. Cet organisme est destin\u00e9 \u00e0 superviser le nouveau gouvernement int\u00e9rimaire de la bande c\u00f4ti\u00e8re.<\/p>\n<p>Selon leurs propres d\u00e9clarations, plusieurs chefs d\u2019\u00c9tat et de gouvernement ont r\u00e9cemment \u00e9t\u00e9 invit\u00e9s par Trump \u00e0 participer au \u00ab Conseil de paix \u00bb. Selon le Kremlin, le pr\u00e9sident russe Vladimir Poutine a re\u00e7u une invitation des \u00c9tats-Unis par la voie diplomatique \u00e0 participer au \u00ab Conseil de paix \u00bb pour la bande de Gaza. Le pr\u00e9sident turc Recep Tayyip Erdogan, le chef de l&rsquo;\u00c9tat \u00e9gyptien Abdel Fattah al-Sisi, le pr\u00e9sident argentin Javier Milei et le Premier ministre hongrois Viktor Orban ont \u00e9galement re\u00e7u des invitations. Selon les derni\u00e8res informations, la pr\u00e9sidente de la Commission, Ursula von der Leyen, en a re\u00e7u un de l&rsquo;UE.<\/p>\n<p>Le projet de charte stipule que Trump pr\u00e9sidera et que seuls les chefs d\u2019\u00c9tat et de gouvernement invit\u00e9s par lui pourront en \u00eatre membres. L&rsquo;adh\u00e9sion r\u00e9guli\u00e8re prend fin au bout de trois ans \u2013 \u00e0 moins que les pays ne versent un milliard de dollars au budget du conseil.<\/p>\n<p>Les modifications du document peuvent donc \u00eatre d\u00e9cid\u00e9es \u00e0 la majorit\u00e9 des deux tiers des membres, avec confirmation suppl\u00e9mentaire du pr\u00e9sident. Il poursuit en disant que le Conseil de paix se dissoudra, entre autres, \u00e0 un moment \u00ab que le pr\u00e9sident jugera n\u00e9cessaire ou appropri\u00e9 \u00bb. (dpa\/cr\u00e9)<\/p>\n","protected":false},"excerpt":{"rendered":"<p>Donald Trump n&rsquo;a pas re\u00e7u le prix Nobel de la paix, ce qui semble toujours l&rsquo;agacer. Il ne savait pas quoi faire du Prix de<\/p>\n","protected":false},"author":1,"featured_media":12273,"comment_status":"","ping_status":"","sticky":false,"template":"","format":"standard","meta":{"footnotes":""},"categories":[298],"tags":[2061,1085,1122,3349,172,76,9808,4819,9809,7412,3280,4227,2425],"class_list":["post-12272","post","type-post","status-publish","format-standard","has-post-thumbnail","hentry","category-belgique","tag-americains","tag-conseil","tag-coute","tag-dollars","tag-egalement","tag-est","tag-fonde","tag-invite","tag-ladhesion","tag-milliard","tag-paix","tag-poutine","tag-trump","generate-columns","tablet-grid-50","mobile-grid-100","grid-parent","grid-33"],"yoast_head":"<!-- This site is optimized with the Yoast SEO plugin v24.0 - https:\/\/yoast.com\/wordpress\/plugins\/seo\/ -->\n<title>Trump fonde le \u00ab Conseil de la paix \u00bb \u2013 l\u2019adh\u00e9sion co\u00fbte un milliard de dollars am\u00e9ricains \u2013 Poutine est \u00e9galement invit\u00e9 | Vie Associative<\/title>\n<meta name=\"robots\" content=\"index, follow, max-snippet:-1, max-image-preview:large, max-video-preview:-1\" \/>\n<link rel=\"canonical\" href=\"https:\/\/vieassociative.be\/actualites\/trump-fonde-le-conseil-de-la-paix-ladhesion-coute-un-milliard-de-dollars-americains-poutine-est-egalement-invite\/\" \/>\n<meta property=\"og:locale\" content=\"fr_FR\" \/>\n<meta property=\"og:type\" content=\"article\" \/>\n<meta property=\"og:title\" content=\"Trump fonde le \u00ab Conseil de la paix \u00bb \u2013 l\u2019adh\u00e9sion co\u00fbte un milliard de dollars am\u00e9ricains \u2013 Poutine est \u00e9galement invit\u00e9 | Vie Associative\" \/>\n<meta property=\"og:description\" content=\"Donald Trump n&rsquo;a pas re\u00e7u le prix Nobel de la paix, ce qui semble toujours l&rsquo;agacer. Il ne savait pas quoi faire du Prix de\" \/>\n<meta property=\"og:url\" content=\"https:\/\/vieassociative.be\/actualites\/trump-fonde-le-conseil-de-la-paix-ladhesion-coute-un-milliard-de-dollars-americains-poutine-est-egalement-invite\/\" \/>\n<meta property=\"og:site_name\" content=\"Vie Associative\" \/>\n<meta property=\"article:published_time\" content=\"2026-01-19T18:17:28+00:00\" \/>\n<meta property=\"og:image\" content=\"https:\/\/vieassociative.be\/actualites\/wp-content\/uploads\/2024\/09\/header_backgroundk-01-e1726694325946.png\" \/>\n\t<meta property=\"og:image:width\" content=\"279\" \/>\n\t<meta property=\"og:image:height\" content=\"92\" \/>\n\t<meta property=\"og:image:type\" content=\"image\/png\" \/>\n<meta name=\"author\" content=\"Julien\" \/>\n<meta name=\"twitter:card\" content=\"summary_large_image\" \/>\n<meta name=\"twitter:label1\" content=\"\u00c9crit par\" \/>\n\t<meta name=\"twitter:data1\" content=\"Julien\" \/>\n\t<meta name=\"twitter:label2\" content=\"Dur\u00e9e de lecture est.\" \/>\n\t<meta name=\"twitter:data2\" content=\"3 minutes\" \/>\n<script type=\"application\/ld+json\" class=\"yoast-schema-graph\">{\"@context\":\"https:\/\/schema.org\",\"@graph\":[{\"@type\":\"Article\",\"@id\":\"https:\/\/vieassociative.be\/actualites\/trump-fonde-le-conseil-de-la-paix-ladhesion-coute-un-milliard-de-dollars-americains-poutine-est-egalement-invite\/#article\",\"isPartOf\":{\"@id\":\"https:\/\/vieassociative.be\/actualites\/trump-fonde-le-conseil-de-la-paix-ladhesion-coute-un-milliard-de-dollars-americains-poutine-est-egalement-invite\/\"},\"author\":{\"name\":\"Julien\",\"@id\":\"https:\/\/vieassociative.be\/actualites\/#\/schema\/person\/b87ac4f82f9d4e7b7cec7395b679edc4\"},\"headline\":\"Trump fonde le \u00ab Conseil de la paix \u00bb \u2013 l\u2019adh\u00e9sion co\u00fbte un milliard de dollars am\u00e9ricains \u2013 Poutine est \u00e9galement invit\u00e9\",\"datePublished\":\"2026-01-19T18:17:28+00:00\",\"dateModified\":\"2026-01-19T18:17:28+00:00\",\"mainEntityOfPage\":{\"@id\":\"https:\/\/vieassociative.be\/actualites\/trump-fonde-le-conseil-de-la-paix-ladhesion-coute-un-milliard-de-dollars-americains-poutine-est-egalement-invite\/\"},\"wordCount\":573,\"publisher\":{\"@id\":\"https:\/\/vieassociative.be\/actualites\/#organization\"},\"image\":{\"@id\":\"https:\/\/vieassociative.be\/actualites\/trump-fonde-le-conseil-de-la-paix-ladhesion-coute-un-milliard-de-dollars-americains-poutine-est-egalement-invite\/#primaryimage\"},\"thumbnailUrl\":\"https:\/\/vieassociative.be\/actualites\/wp-content\/uploads\/2026\/01\/1768846648_Trump-fonde-le-Conseil-de-la-paix-\u2013.jpg\",\"keywords\":[\"am\u00e9ricains\",\"conseil\",\"co\u00fbte\",\"dollars\",\"\u00e9galement\",\"est\",\"fonde\",\"invit\u00e9\",\"ladh\u00e9sion\",\"milliard\",\"paix\",\"Poutine\",\"Trump\"],\"articleSection\":[\"Belgique\"],\"inLanguage\":\"fr-BE\"},{\"@type\":\"WebPage\",\"@id\":\"https:\/\/vieassociative.be\/actualites\/trump-fonde-le-conseil-de-la-paix-ladhesion-coute-un-milliard-de-dollars-americains-poutine-est-egalement-invite\/\",\"url\":\"https:\/\/vieassociative.be\/actualites\/trump-fonde-le-conseil-de-la-paix-ladhesion-coute-un-milliard-de-dollars-americains-poutine-est-egalement-invite\/\",\"name\":\"Trump fonde le \u00ab Conseil de la paix \u00bb \u2013 l\u2019adh\u00e9sion co\u00fbte un milliard de dollars am\u00e9ricains \u2013 Poutine est \u00e9galement invit\u00e9 | Vie Associative\",\"isPartOf\":{\"@id\":\"https:\/\/vieassociative.be\/actualites\/#website\"},\"primaryImageOfPage\":{\"@id\":\"https:\/\/vieassociative.be\/actualites\/trump-fonde-le-conseil-de-la-paix-ladhesion-coute-un-milliard-de-dollars-americains-poutine-est-egalement-invite\/#primaryimage\"},\"image\":{\"@id\":\"https:\/\/vieassociative.be\/actualites\/trump-fonde-le-conseil-de-la-paix-ladhesion-coute-un-milliard-de-dollars-americains-poutine-est-egalement-invite\/#primaryimage\"},\"thumbnailUrl\":\"https:\/\/vieassociative.be\/actualites\/wp-content\/uploads\/2026\/01\/1768846648_Trump-fonde-le-Conseil-de-la-paix-\u2013.jpg\",\"datePublished\":\"2026-01-19T18:17:28+00:00\",\"dateModified\":\"2026-01-19T18:17:28+00:00\",\"breadcrumb\":{\"@id\":\"https:\/\/vieassociative.be\/actualites\/trump-fonde-le-conseil-de-la-paix-ladhesion-coute-un-milliard-de-dollars-americains-poutine-est-egalement-invite\/#breadcrumb\"},\"inLanguage\":\"fr-BE\",\"potentialAction\":[{\"@type\":\"ReadAction\",\"target\":[\"https:\/\/vieassociative.be\/actualites\/trump-fonde-le-conseil-de-la-paix-ladhesion-coute-un-milliard-de-dollars-americains-poutine-est-egalement-invite\/\"]}]},{\"@type\":\"ImageObject\",\"inLanguage\":\"fr-BE\",\"@id\":\"https:\/\/vieassociative.be\/actualites\/trump-fonde-le-conseil-de-la-paix-ladhesion-coute-un-milliard-de-dollars-americains-poutine-est-egalement-invite\/#primaryimage\",\"url\":\"https:\/\/vieassociative.be\/actualites\/wp-content\/uploads\/2026\/01\/1768846648_Trump-fonde-le-Conseil-de-la-paix-\u2013.jpg\",\"contentUrl\":\"https:\/\/vieassociative.be\/actualites\/wp-content\/uploads\/2026\/01\/1768846648_Trump-fonde-le-Conseil-de-la-paix-\u2013.jpg\",\"width\":1200,\"height\":800,\"caption\":\"Trump fonde le \u00ab Conseil de la paix \u00bb \u2013 l\u2019adh\u00e9sion co\u00fbte un milliard de dollars am\u00e9ricains \u2013 Poutine est \u00e9galement invit\u00e9\"},{\"@type\":\"BreadcrumbList\",\"@id\":\"https:\/\/vieassociative.be\/actualites\/trump-fonde-le-conseil-de-la-paix-ladhesion-coute-un-milliard-de-dollars-americains-poutine-est-egalement-invite\/#breadcrumb\",\"itemListElement\":[{\"@type\":\"ListItem\",\"position\":1,\"name\":\"Accueil\",\"item\":\"https:\/\/vieassociative.be\/actualites\/\"},{\"@type\":\"ListItem\",\"position\":2,\"name\":\"Trump fonde le \u00ab Conseil de la paix \u00bb \u2013 l\u2019adh\u00e9sion co\u00fbte un milliard de dollars am\u00e9ricains \u2013 Poutine est \u00e9galement invit\u00e9\"}]},{\"@type\":\"WebSite\",\"@id\":\"https:\/\/vieassociative.be\/actualites\/#website\",\"url\":\"https:\/\/vieassociative.be\/actualites\/\",\"name\":\"Vie Associative\",\"description\":\"\",\"publisher\":{\"@id\":\"https:\/\/vieassociative.be\/actualites\/#organization\"},\"potentialAction\":[{\"@type\":\"SearchAction\",\"target\":{\"@type\":\"EntryPoint\",\"urlTemplate\":\"https:\/\/vieassociative.be\/actualites\/?s={search_term_string}\"},\"query-input\":{\"@type\":\"PropertyValueSpecification\",\"valueRequired\":true,\"valueName\":\"search_term_string\"}}],\"inLanguage\":\"fr-BE\"},{\"@type\":\"Organization\",\"@id\":\"https:\/\/vieassociative.be\/actualites\/#organization\",\"name\":\"Vie Associative\",\"url\":\"https:\/\/vieassociative.be\/actualites\/\",\"logo\":{\"@type\":\"ImageObject\",\"inLanguage\":\"fr-BE\",\"@id\":\"https:\/\/vieassociative.be\/actualites\/#\/schema\/logo\/image\/\",\"url\":\"https:\/\/vieassociative.be\/actualites\/wp-content\/uploads\/2024\/09\/cropped-vieassociative_favicon.ico.png\",\"contentUrl\":\"https:\/\/vieassociative.be\/actualites\/wp-content\/uploads\/2024\/09\/cropped-vieassociative_favicon.ico.png\",\"width\":512,\"height\":512,\"caption\":\"Vie Associative\"},\"image\":{\"@id\":\"https:\/\/vieassociative.be\/actualites\/#\/schema\/logo\/image\/\"}},{\"@type\":\"Person\",\"@id\":\"https:\/\/vieassociative.be\/actualites\/#\/schema\/person\/b87ac4f82f9d4e7b7cec7395b679edc4\",\"name\":\"Julien\",\"image\":{\"@type\":\"ImageObject\",\"inLanguage\":\"fr-BE\",\"@id\":\"https:\/\/vieassociative.be\/actualites\/#\/schema\/person\/image\/\",\"url\":\"https:\/\/vieassociative.be\/actualites\/wp-content\/uploads\/2024\/09\/vie-associative-1-150x150.jpg\",\"contentUrl\":\"https:\/\/vieassociative.be\/actualites\/wp-content\/uploads\/2024\/09\/vie-associative-1-150x150.jpg\",\"caption\":\"Julien\"},\"description\":\"Je suis Julien, r\u00e9dacteur pour Vie Associative. Passionn\u00e9 par le monde associatif depuis plus de 10 ans, j'ai \u00e0 c\u0153ur de partager des histoires inspirantes et de mettre en lumi\u00e8re les initiatives locales. Mon objectif est de sensibiliser et d'encourager l'engagement communautaire \u00e0 travers mes articles.\",\"sameAs\":[\"https:\/\/vieassociative.be\/\"]}]}<\/script>\n<!-- \/ Yoast SEO plugin. -->","yoast_head_json":{"title":"Trump fonde le \u00ab Conseil de la paix \u00bb \u2013 l\u2019adh\u00e9sion co\u00fbte un milliard de dollars am\u00e9ricains \u2013 Poutine est \u00e9galement invit\u00e9 | Vie Associative","robots":{"index":"index","follow":"follow","max-snippet":"max-snippet:-1","max-image-preview":"max-image-preview:large","max-video-preview":"max-video-preview:-1"},"canonical":"https:\/\/vieassociative.be\/actualites\/trump-fonde-le-conseil-de-la-paix-ladhesion-coute-un-milliard-de-dollars-americains-poutine-est-egalement-invite\/","og_locale":"fr_FR","og_type":"article","og_title":"Trump fonde le \u00ab Conseil de la paix \u00bb \u2013 l\u2019adh\u00e9sion co\u00fbte un milliard de dollars am\u00e9ricains \u2013 Poutine est \u00e9galement invit\u00e9 | Vie Associative","og_description":"Donald Trump n&rsquo;a pas re\u00e7u le prix Nobel de la paix, ce qui semble toujours l&rsquo;agacer. Il ne savait pas quoi faire du Prix de","og_url":"https:\/\/vieassociative.be\/actualites\/trump-fonde-le-conseil-de-la-paix-ladhesion-coute-un-milliard-de-dollars-americains-poutine-est-egalement-invite\/","og_site_name":"Vie Associative","article_published_time":"2026-01-19T18:17:28+00:00","og_image":[{"width":279,"height":92,"url":"https:\/\/vieassociative.be\/actualites\/wp-content\/uploads\/2024\/09\/header_backgroundk-01-e1726694325946.png","type":"image\/png"}],"author":"Julien","twitter_card":"summary_large_image","twitter_misc":{"\u00c9crit par":"Julien","Dur\u00e9e de lecture est.":"3 minutes"},"schema":{"@context":"https:\/\/schema.org","@graph":[{"@type":"Article","@id":"https:\/\/vieassociative.be\/actualites\/trump-fonde-le-conseil-de-la-paix-ladhesion-coute-un-milliard-de-dollars-americains-poutine-est-egalement-invite\/#article","isPartOf":{"@id":"https:\/\/vieassociative.be\/actualites\/trump-fonde-le-conseil-de-la-paix-ladhesion-coute-un-milliard-de-dollars-americains-poutine-est-egalement-invite\/"},"author":{"name":"Julien","@id":"https:\/\/vieassociative.be\/actualites\/#\/schema\/person\/b87ac4f82f9d4e7b7cec7395b679edc4"},"headline":"Trump fonde le \u00ab Conseil de la paix \u00bb \u2013 l\u2019adh\u00e9sion co\u00fbte un milliard de dollars am\u00e9ricains \u2013 Poutine est \u00e9galement invit\u00e9","datePublished":"2026-01-19T18:17:28+00:00","dateModified":"2026-01-19T18:17:28+00:00","mainEntityOfPage":{"@id":"https:\/\/vieassociative.be\/actualites\/trump-fonde-le-conseil-de-la-paix-ladhesion-coute-un-milliard-de-dollars-americains-poutine-est-egalement-invite\/"},"wordCount":573,"publisher":{"@id":"https:\/\/vieassociative.be\/actualites\/#organization"},"image":{"@id":"https:\/\/vieassociative.be\/actualites\/trump-fonde-le-conseil-de-la-paix-ladhesion-coute-un-milliard-de-dollars-americains-poutine-est-egalement-invite\/#primaryimage"},"thumbnailUrl":"https:\/\/vieassociative.be\/actualites\/wp-content\/uploads\/2026\/01\/1768846648_Trump-fonde-le-Conseil-de-la-paix-\u2013.jpg","keywords":["am\u00e9ricains","conseil","co\u00fbte","dollars","\u00e9galement","est","fonde","invit\u00e9","ladh\u00e9sion","milliard","paix","Poutine","Trump"],"articleSection":["Belgique"],"inLanguage":"fr-BE"},{"@type":"WebPage","@id":"https:\/\/vieassociative.be\/actualites\/trump-fonde-le-conseil-de-la-paix-ladhesion-coute-un-milliard-de-dollars-americains-poutine-est-egalement-invite\/","url":"https:\/\/vieassociative.be\/actualites\/trump-fonde-le-conseil-de-la-paix-ladhesion-coute-un-milliard-de-dollars-americains-poutine-est-egalement-invite\/","name":"Trump fonde le \u00ab Conseil de la paix \u00bb \u2013 l\u2019adh\u00e9sion co\u00fbte un milliard de dollars am\u00e9ricains \u2013 Poutine est \u00e9galement invit\u00e9 | Vie Associative","isPartOf":{"@id":"https:\/\/vieassociative.be\/actualites\/#website"},"primaryImageOfPage":{"@id":"https:\/\/vieassociative.be\/actualites\/trump-fonde-le-conseil-de-la-paix-ladhesion-coute-un-milliard-de-dollars-americains-poutine-est-egalement-invite\/#primaryimage"},"image":{"@id":"https:\/\/vieassociative.be\/actualites\/trump-fonde-le-conseil-de-la-paix-ladhesion-coute-un-milliard-de-dollars-americains-poutine-est-egalement-invite\/#primaryimage"},"thumbnailUrl":"https:\/\/vieassociative.be\/actualites\/wp-content\/uploads\/2026\/01\/1768846648_Trump-fonde-le-Conseil-de-la-paix-\u2013.jpg","datePublished":"2026-01-19T18:17:28+00:00","dateModified":"2026-01-19T18:17:28+00:00","breadcrumb":{"@id":"https:\/\/vieassociative.be\/actualites\/trump-fonde-le-conseil-de-la-paix-ladhesion-coute-un-milliard-de-dollars-americains-poutine-est-egalement-invite\/#breadcrumb"},"inLanguage":"fr-BE","potentialAction":[{"@type":"ReadAction","target":["https:\/\/vieassociative.be\/actualites\/trump-fonde-le-conseil-de-la-paix-ladhesion-coute-un-milliard-de-dollars-americains-poutine-est-egalement-invite\/"]}]},{"@type":"ImageObject","inLanguage":"fr-BE","@id":"https:\/\/vieassociative.be\/actualites\/trump-fonde-le-conseil-de-la-paix-ladhesion-coute-un-milliard-de-dollars-americains-poutine-est-egalement-invite\/#primaryimage","url":"https:\/\/vieassociative.be\/actualites\/wp-content\/uploads\/2026\/01\/1768846648_Trump-fonde-le-Conseil-de-la-paix-\u2013.jpg","contentUrl":"https:\/\/vieassociative.be\/actualites\/wp-content\/uploads\/2026\/01\/1768846648_Trump-fonde-le-Conseil-de-la-paix-\u2013.jpg","width":1200,"height":800,"caption":"Trump fonde le \u00ab Conseil de la paix \u00bb \u2013 l\u2019adh\u00e9sion co\u00fbte un milliard de dollars am\u00e9ricains \u2013 Poutine est \u00e9galement invit\u00e9"},{"@type":"BreadcrumbList","@id":"https:\/\/vieassociative.be\/actualites\/trump-fonde-le-conseil-de-la-paix-ladhesion-coute-un-milliard-de-dollars-americains-poutine-est-egalement-invite\/#breadcrumb","itemListElement":[{"@type":"ListItem","position":1,"name":"Accueil","item":"https:\/\/vieassociative.be\/actualites\/"},{"@type":"ListItem","position":2,"name":"Trump fonde le \u00ab Conseil de la paix \u00bb \u2013 l\u2019adh\u00e9sion co\u00fbte un milliard de dollars am\u00e9ricains \u2013 Poutine est \u00e9galement invit\u00e9"}]},{"@type":"WebSite","@id":"https:\/\/vieassociative.be\/actualites\/#website","url":"https:\/\/vieassociative.be\/actualites\/","name":"Vie Associative","description":"","publisher":{"@id":"https:\/\/vieassociative.be\/actualites\/#organization"},"potentialAction":[{"@type":"SearchAction","target":{"@type":"EntryPoint","urlTemplate":"https:\/\/vieassociative.be\/actualites\/?s={search_term_string}"},"query-input":{"@type":"PropertyValueSpecification","valueRequired":true,"valueName":"search_term_string"}}],"inLanguage":"fr-BE"},{"@type":"Organization","@id":"https:\/\/vieassociative.be\/actualites\/#organization","name":"Vie Associative","url":"https:\/\/vieassociative.be\/actualites\/","logo":{"@type":"ImageObject","inLanguage":"fr-BE","@id":"https:\/\/vieassociative.be\/actualites\/#\/schema\/logo\/image\/","url":"https:\/\/vieassociative.be\/actualites\/wp-content\/uploads\/2024\/09\/cropped-vieassociative_favicon.ico.png","contentUrl":"https:\/\/vieassociative.be\/actualites\/wp-content\/uploads\/2024\/09\/cropped-vieassociative_favicon.ico.png","width":512,"height":512,"caption":"Vie Associative"},"image":{"@id":"https:\/\/vieassociative.be\/actualites\/#\/schema\/logo\/image\/"}},{"@type":"Person","@id":"https:\/\/vieassociative.be\/actualites\/#\/schema\/person\/b87ac4f82f9d4e7b7cec7395b679edc4","name":"Julien","image":{"@type":"ImageObject","inLanguage":"fr-BE","@id":"https:\/\/vieassociative.be\/actualites\/#\/schema\/person\/image\/","url":"https:\/\/vieassociative.be\/actualites\/wp-content\/uploads\/2024\/09\/vie-associative-1-150x150.jpg","contentUrl":"https:\/\/vieassociative.be\/actualites\/wp-content\/uploads\/2024\/09\/vie-associative-1-150x150.jpg","caption":"Julien"},"description":"Je suis Julien, r\u00e9dacteur pour Vie Associative. Passionn\u00e9 par le monde associatif depuis plus de 10 ans, j'ai \u00e0 c\u0153ur de partager des histoires inspirantes et de mettre en lumi\u00e8re les initiatives locales. Mon objectif est de sensibiliser et d'encourager l'engagement communautaire \u00e0 travers mes articles.","sameAs":["https:\/\/vieassociative.be\/"]}]}},"_links":{"self":[{"href":"https:\/\/vieassociative.be\/actualites\/wp-json\/wp\/v2\/posts\/12272"}],"collection":[{"href":"https:\/\/vieassociative.be\/actualites\/wp-json\/wp\/v2\/posts"}],"about":[{"href":"https:\/\/vieassociative.be\/actualites\/wp-json\/wp\/v2\/types\/post"}],"author":[{"embeddable":true,"href":"https:\/\/vieassociative.be\/actualites\/wp-json\/wp\/v2\/users\/1"}],"replies":[{"embeddable":true,"href":"https:\/\/vieassociative.be\/actualites\/wp-json\/wp\/v2\/comments?post=12272"}],"version-history":[{"count":0,"href":"https:\/\/vieassociative.be\/actualites\/wp-json\/wp\/v2\/posts\/12272\/revisions"}],"wp:featuredmedia":[{"embeddable":true,"href":"https:\/\/vieassociative.be\/actualites\/wp-json\/wp\/v2\/media\/12273"}],"wp:attachment":[{"href":"https:\/\/vieassociative.be\/actualites\/wp-json\/wp\/v2\/media?parent=12272"}],"wp:term":[{"taxonomy":"category","embeddable":true,"href":"https:\/\/vieassociative.be\/actualites\/wp-json\/wp\/v2\/categories?post=12272"},{"taxonomy":"post_tag","embeddable":true,"href":"https:\/\/vieassociative.be\/actualites\/wp-json\/wp\/v2\/tags?post=12272"}],"curies":[{"name":"wp","href":"https:\/\/api.w.org\/{rel}","templated":true}]}}