{"id":12270,"date":"2026-01-19T18:17:23","date_gmt":"2026-01-19T17:17:23","guid":{"rendered":"https:\/\/vieassociative.be\/actualites\/cet-ensemble-ordinateur-portable-et-tablette-samsung-2-en-1-est-a-450-de-reduction-en-ce-moment\/"},"modified":"2026-01-19T18:17:23","modified_gmt":"2026-01-19T17:17:23","slug":"cet-ensemble-ordinateur-portable-et-tablette-samsung-2-en-1-est-a-450-de-reduction-en-ce-moment","status":"publish","type":"post","link":"https:\/\/vieassociative.be\/actualites\/cet-ensemble-ordinateur-portable-et-tablette-samsung-2-en-1-est-a-450-de-reduction-en-ce-moment\/","title":{"rendered":"Cet ensemble ordinateur portable et tablette Samsung 2-en-1 est \u00e0 450\u00a0$ de r\u00e9duction en ce moment"},"content":{"rendered":"<p>Nous pouvons gagner une commission sur les liens sur cette page. Les prix et la disponibilit\u00e9 de l&rsquo;offre sont sujets \u00e0 changement apr\u00e8s la publication.<\/p>\n<p>Si vous voulez une tablette et un ordinateur portable mais que vous ne pouvez pas justifier l&rsquo;achat de deux appareils distincts, vous n&rsquo;avez pas besoin de choisir : il existe de nombreux mod\u00e8les deux-en-un comme le Samsung Galaxy Book5 Pro 360, un ordinateur portable l\u00e9ger qui se retourne \u00e0 360 degr\u00e9s et combine les avantages des deux. \u00c0 l&rsquo;heure actuelle, l&rsquo;ordinateur portable et la tablette Samsung Galaxy Book5 Pro 360 co\u00fbtent 1 549,99 $ (\u00e0 l&rsquo;origine 1 999,99 $), ce qui le porte \u00e0 23 % de r\u00e9duction et \u00e0 son prix le plus bas jamais enregistr\u00e9, selon les trackers de prix.<\/p>\n<div class=\"pogoClear mb-12 mt-10 rounded-md border-2 border-gray-100 py-7 shadow-xl md:py-6\">\n<div class=\"flex flex-wrap justify-between px-7 text-black no-underline md:flex-nowrap md:px-8\">\n<div class=\"order-1 mx-auto flex flex-col justify-center md:order-2 md:ml-4 md:w-full md:grow\">\n<div class=\"block cursor-pointer text-center font-akshar text-2xl font-medium leading-7 text-brand-green duration-200 ease-in-out hover:text-brand-green-700 md:text-left md:text-xl md:leading-6\">Samsung Galaxy Book5 Pro 360\n                <\/div>\n<div class=\"mt-4 hidden md:flex md:justify-between\">\n<div class=\"self-end\">\n<div class=\"mb-0 h-11 md:flex md:flex-col md:justify-center\">\n<div class=\" font-sans leading-4 text-black\">\n<div class=\"flex flex-wrap items-center justify-center gap-1 md:justify-start\">\n        <span class=\"font-bold\"><\/p>\n<p>            1\u00a0549,99\u00a0$<br \/>\n                            <span class=\"font-medium\">chez Amazon<\/span><br \/>\n                    <\/span>\n            <\/div>\n<div class=\"flex items-center justify-center gap-x-1 font-bold md:justify-start\">\n            <span class=\"text-sm line-through\">1\u00a0999,99\u00a0$<\/span><br \/>\n            <span class=\"text-sm text-brand-green\">\u00c9conomisez 450,00\u00a0$<\/span>\n        <\/div>\n<\/p><\/div>\n<\/p><\/div>\n<\/p><\/div>\n<div class=\"w-44 self-end\">\n                            <button class=\"flex justify-center items-center w-full bg-brand-green text-white text-base font-sans font-medium rounded-md hover:bg-brand-green-700 hover:cursor-pointer md:text-sm h-11\"><\/p>\n<p>    Obtenez une offre<br \/>\n<\/button>\n                        <\/div>\n<\/p><\/div>\n<\/p><\/div>\n<div class=\"order-2 mt-5 h-auto w-full md:order-1 md:mt-0 md:hidden\">\n<div class=\"flex aspect-video items-center justify-center\">\n                                            <img decoding=\"async\" class=\"m-0 max-h-full max-w-full rounded-md\" src=\"https:\/\/vieassociative.be\/actualites\/wp-content\/uploads\/2026\/01\/Cet-ensemble-ordinateur-portable-et-tablette-Samsung-2-en-1-est-a.jpg\" alt=\"Samsung Galaxy Book5 Pro 360\" width=\"auto\" height=\"auto\" loading=\"lazy\">\n                                    <\/div>\n<\/p><\/div>\n<div class=\"order-2 ml-2 hidden w-32 shrink-0 items-center md:order-1 md:ml-0 md:flex\">\n<div class=\"flex aspect-video items-center justify-center\">\n                                            <img decoding=\"async\" class=\"m-0 max-h-full max-w-full rounded-md\" src=\"https:\/\/vieassociative.be\/actualites\/wp-content\/uploads\/2026\/01\/Cet-ensemble-ordinateur-portable-et-tablette-Samsung-2-en-1-est-a.jpg\" alt=\"Samsung Galaxy Book5 Pro 360\" width=\"auto\" height=\"auto\" loading=\"lazy\">\n                                    <\/div>\n<\/p><\/div>\n<div class=\"order-3 flex grow flex-wrap md:hidden md:grow-0\">\n<div class=\"mt-4 w-full\">\n                        <button class=\"flex justify-center items-center w-full bg-brand-green text-white text-base font-sans font-medium rounded-md hover:bg-brand-green-700 hover:cursor-pointer md:text-sm h-11\"><\/p>\n<p>    Obtenez une offre<br \/>\n<\/button>\n                    <\/div>\n<div class=\"mx-2 mt-4 w-full\">\n<div class=\" font-sans leading-4 text-black\">\n<div class=\"flex flex-wrap items-center justify-center gap-1 md:justify-start\">\n        <span class=\"font-bold\"><\/p>\n<p>            1\u00a0549,99\u00a0$<br \/>\n                            <span class=\"font-medium\">chez Amazon<\/span><br \/>\n                    <\/span>\n            <\/div>\n<div class=\"flex items-center justify-center gap-x-1 font-bold md:justify-start\">\n            <span class=\"text-sm line-through\">1\u00a0999,99\u00a0$<\/span><br \/>\n            <span class=\"text-sm text-brand-green\">\u00c9conomisez 450,00\u00a0$<\/span>\n        <\/div>\n<\/p><\/div>\n<\/p><\/div>\n<\/p><\/div>\n<\/p><\/div>\n<\/div>\n<p>Cet hybride ordinateur portable-tablette est un brillant exemple de la polyvalence d&rsquo;un PC et constitue une option intelligente pour les \u00e9tudiants, les voyageurs fr\u00e9quents ou les personnes qui n&rsquo;ont besoin d&rsquo;un clavier qu&rsquo;occasionnellement. En mode ordinateur portable, il fonctionne comme une coque standard pour taper, mais peut \u00eatre repli\u00e9 \u00e0 plat et utilis\u00e9 avec le S Pen inclus en mode tablette. Il dispose \u00e9galement de modes tente et support interm\u00e9diaires, qui vous permettent de le soutenir pour regarder des films au lit ou dans un avion ou pour des pr\u00e9sentations o\u00f9 vous ne voulez pas que le clavier vous g\u00eane.<\/p>\n<p>Il est livr\u00e9 avec 32 Go de RAM et 1 To de SSD et utilise un processeur Intel Core Ultra 7 258V con\u00e7u pour des performances quotidiennes efficaces et des t\u00e2ches d&rsquo;IA. La puce Lunar Lake \u00e0 8 c\u0153urs est con\u00e7ue pour les ordinateurs portables fins et l\u00e9gers et les 2-en-1, et ce mod\u00e8le Windows Pro 11 offre jusqu&rsquo;\u00e0 24 heures d&rsquo;autonomie. L&rsquo;\u00e9cran tactile 3K AMOLED de 16 pouces offre une haute r\u00e9solution et des couleurs vives et pr\u00e9cises, bien que certains critiques notent que le clavier est un peu plus doux et moins \u00ab cliquable \u00bb qu&rsquo;ils ne le souhaiteraient.<\/p>\n<p>Sa conception en aluminium durable ne p\u00e8se que 3,72 livres et mesure 12,7 mm d&rsquo;\u00e9paisseur, rivalisant avec le poids du MacBook Air 15 pouces (environ 3,3 livres). Les am\u00e9liorations Copilot+ optimis\u00e9es pour l&rsquo;IA ajoutent des fonctionnalit\u00e9s en tant qu&rsquo;ordinateur portable professionnel, en fonction de l&rsquo;utilisation quotidienne de l&rsquo;IA. Vous pouvez \u00e9galement synchroniser un t\u00e9l\u00e9phone Galaxy pour acc\u00e9der \u00e0 des fonctionnalit\u00e9s telles que les outils d\u2019appel, de SMS et d\u2019IA. Avec un taux de rafra\u00eechissement de 120 Hz, il offre \u00e9galement un d\u00e9filement, une lecture vid\u00e9o et des jeux occasionnels fluides.<\/p>\n<p>En fin de compte, si vous recherchez un ordinateur portable 2-en-1 haut de gamme et ultra-portable avec des performances fluides, un \u00e9cran tactile haute r\u00e9solution dynamique et beaucoup de m\u00e9moire et de stockage, le Samsung Galaxy Book5 Pro 360 est un outil polyvalent qui fonctionne bien pour les t\u00e2ches professionnelles et cr\u00e9atives, surtout si vous faites d\u00e9j\u00e0 partie de l&rsquo;\u00e9cosyst\u00e8me Samsung Galaxy et que vous pouvez l&rsquo;obtenir \u00e0 sa r\u00e9duction actuelle de 450 $.<\/p>\n<div class=\" relative flex justify-center py-16 md:left-1\/2 md:w-(780px) md:max-w-max md:-translate-x-1\/2\">\n<div class=\"w-max text-center sm:text-left\">\n<div class=\"custom-gradient-background mb-6 rounded-md p-(2px) sm:rounded-tl-none\">\n<div class=\"flex flex-col rounded bg-white sm:rounded-tl-none\">\n                    <span class=\"-mt-4 block w-fit max-w-(calc(100%-1rem)) self-center bg-white px-3 text-center font-akshar text-xl font-medium capitalize text-gray-800 sm:max-w-(calc(100%-2.5rem)) sm:self-start sm:px-10 sm:text-left sm:text-2xl\">Nos meilleures offres technologiques approuv\u00e9es par les \u00e9diteurs en ce moment<\/span><\/p>\n<div class=\"flex flex-col gap-3 p-3 pb-4 text-sm sm:p-10 sm:pt-6 sm:text-justify sm:text-base\">\n<div>\n<p>    \u00c9couteurs sans fil \u00e0 suppression active du bruit Apple AirPods 4<\/p>\n<p>                                <span class=\"text-black\"><br \/>\n                                    \u2014<br \/>\n                                    <span class=\"font-bold\">148,99\u00a0$<\/span><br \/>\n                                    <span class=\"!text-xs italic sm:!text-sm\"><\/p>\n<p>                                        (Prix catalogue 179,00 $)<br \/>\n                                    <\/span><br \/>\n                                <\/span>\n                            <\/div>\n<div>\n<p>    Montre intelligente Apple Watch Series 11 (GPS 46 mm) avec bo\u00eetier en aluminium noir de jais et bracelet sport noir &#8211; M\/L. Score de sommeil, tracker d&rsquo;activit\u00e9, surveillance de la sant\u00e9, affichage permanent, r\u00e9sistant \u00e0 l&rsquo;eau<\/p>\n<p>                                <span class=\"text-black\"><br \/>\n                                    \u2014<br \/>\n                                    <span class=\"font-bold\">399,00\u00a0$<\/span><br \/>\n                                    <span class=\"!text-xs italic sm:!text-sm\"><\/p>\n<p>                                        (Prix catalogue 429,00 $)<br \/>\n                                    <\/span><br \/>\n                                <\/span>\n                            <\/div>\n<div>\n<p>    Cl\u00e9 Amazon Fire TV 4K Plus<\/p>\n<p>                                <span class=\"text-black\"><br \/>\n                                    \u2014<br \/>\n                                    <span class=\"font-bold\"><\/span><br \/>\n                                    <span class=\"!text-xs italic sm:!text-sm\"><\/p>\n<p>                                        (Prix catalogue 24,99 $ avec le code \u00ab FTV4K25 \u00bb)<br \/>\n                                    <\/span><br \/>\n                                <\/span>\n                            <\/div>\n<div>\n<p>    SamsungGalaxy Watch 8<\/p>\n<p>                                <span class=\"text-black\"><br \/>\n                                    \u2014<br \/>\n                                    <span class=\"font-bold\">279,99\u00a0$<\/span><br \/>\n                                    <span class=\"!text-xs italic sm:!text-sm\"><\/p>\n<p>                                        (Prix catalogue 349,99 $)<br \/>\n                                    <\/span><br \/>\n                                <\/span>\n                            <\/div>\n<div>\n<p>    Tablette Wi-Fi Samsung Galaxy Tab A9+ 10,9 po 64 Go (graphite)<\/p>\n<p>                                <span class=\"text-black\"><br \/>\n                                    \u2014<br \/>\n                                    <span class=\"font-bold\">149,99\u00a0$<\/span><br \/>\n                                    <span class=\"!text-xs italic sm:!text-sm\"><\/p>\n<p>                                        (Prix catalogue 219,99 $)<br \/>\n                                    <\/span><br \/>\n                                <\/span>\n                            <\/div>\n<\/p><\/div>\n<\/p><\/div>\n<\/p><\/div>\n<div class=\"flex flex-col items-center justify-between text-black sm:flex-row sm:px-6\">\n                <span class=\"text-xs italic sm:ml-7 sm:text-sm\">Les offres sont s\u00e9lectionn\u00e9es par notre \u00e9quipe commerciale<\/span><\/p><\/div>\n<\/p><\/div>\n<\/p><\/div>\n","protected":false},"excerpt":{"rendered":"<p>Nous pouvons gagner une commission sur les liens sur cette page. Les prix et la disponibilit\u00e9 de l&rsquo;offre sont sujets \u00e0 changement apr\u00e8s la publication.<\/p>\n","protected":false},"author":1,"featured_media":12271,"comment_status":"","ping_status":"","sticky":false,"template":"","format":"standard","meta":{"footnotes":""},"categories":[13],"tags":[9060,216,1921,76,1429,169,170,308,1878,3228],"class_list":["post-12270","post","type-post","status-publish","format-standard","has-post-thumbnail","hentry","category-technologie","tag-2en1","tag-cet","tag-ensemble","tag-est","tag-moment","tag-ordinateur","tag-portable","tag-reduction","tag-samsung","tag-tablette","generate-columns","tablet-grid-50","mobile-grid-100","grid-parent","grid-33"],"yoast_head":"<!-- This site is optimized with the Yoast SEO plugin v24.0 - https:\/\/yoast.com\/wordpress\/plugins\/seo\/ -->\n<title>Cet ensemble ordinateur portable et tablette Samsung 2-en-1 est \u00e0 450\u00a0$ de r\u00e9duction en ce moment | Vie Associative<\/title>\n<meta name=\"robots\" content=\"index, follow, max-snippet:-1, max-image-preview:large, max-video-preview:-1\" \/>\n<link rel=\"canonical\" href=\"https:\/\/vieassociative.be\/actualites\/cet-ensemble-ordinateur-portable-et-tablette-samsung-2-en-1-est-a-450-de-reduction-en-ce-moment\/\" \/>\n<meta property=\"og:locale\" content=\"fr_FR\" \/>\n<meta property=\"og:type\" content=\"article\" \/>\n<meta property=\"og:title\" content=\"Cet ensemble ordinateur portable et tablette Samsung 2-en-1 est \u00e0 450\u00a0$ de r\u00e9duction en ce moment | Vie Associative\" \/>\n<meta property=\"og:description\" content=\"Nous pouvons gagner une commission sur les liens sur cette page. Les prix et la disponibilit\u00e9 de l&rsquo;offre sont sujets \u00e0 changement apr\u00e8s la publication.\" \/>\n<meta property=\"og:url\" content=\"https:\/\/vieassociative.be\/actualites\/cet-ensemble-ordinateur-portable-et-tablette-samsung-2-en-1-est-a-450-de-reduction-en-ce-moment\/\" \/>\n<meta property=\"og:site_name\" content=\"Vie Associative\" \/>\n<meta property=\"article:published_time\" content=\"2026-01-19T17:17:23+00:00\" \/>\n<meta property=\"og:image\" content=\"https:\/\/vieassociative.be\/actualites\/wp-content\/uploads\/2026\/01\/Cet-ensemble-ordinateur-portable-et-tablette-Samsung-2-en-1-est-a.jpg\" \/>\n<meta name=\"author\" content=\"Julien\" \/>\n<meta name=\"twitter:card\" content=\"summary_large_image\" \/>\n<meta name=\"twitter:label1\" content=\"\u00c9crit par\" \/>\n\t<meta name=\"twitter:data1\" content=\"Julien\" \/>\n\t<meta name=\"twitter:label2\" content=\"Dur\u00e9e de lecture est.\" \/>\n\t<meta name=\"twitter:data2\" content=\"3 minutes\" \/>\n<script type=\"application\/ld+json\" class=\"yoast-schema-graph\">{\"@context\":\"https:\/\/schema.org\",\"@graph\":[{\"@type\":\"Article\",\"@id\":\"https:\/\/vieassociative.be\/actualites\/cet-ensemble-ordinateur-portable-et-tablette-samsung-2-en-1-est-a-450-de-reduction-en-ce-moment\/#article\",\"isPartOf\":{\"@id\":\"https:\/\/vieassociative.be\/actualites\/cet-ensemble-ordinateur-portable-et-tablette-samsung-2-en-1-est-a-450-de-reduction-en-ce-moment\/\"},\"author\":{\"name\":\"Julien\",\"@id\":\"https:\/\/vieassociative.be\/actualites\/#\/schema\/person\/b87ac4f82f9d4e7b7cec7395b679edc4\"},\"headline\":\"Cet ensemble ordinateur portable et tablette Samsung 2-en-1 est \u00e0 450\u00a0$ de r\u00e9duction en ce moment\",\"datePublished\":\"2026-01-19T17:17:23+00:00\",\"dateModified\":\"2026-01-19T17:17:23+00:00\",\"mainEntityOfPage\":{\"@id\":\"https:\/\/vieassociative.be\/actualites\/cet-ensemble-ordinateur-portable-et-tablette-samsung-2-en-1-est-a-450-de-reduction-en-ce-moment\/\"},\"wordCount\":644,\"publisher\":{\"@id\":\"https:\/\/vieassociative.be\/actualites\/#organization\"},\"image\":{\"@id\":\"https:\/\/vieassociative.be\/actualites\/cet-ensemble-ordinateur-portable-et-tablette-samsung-2-en-1-est-a-450-de-reduction-en-ce-moment\/#primaryimage\"},\"thumbnailUrl\":\"https:\/\/vieassociative.be\/actualites\/wp-content\/uploads\/2026\/01\/Cet-ensemble-ordinateur-portable-et-tablette-Samsung-2-en-1-est-a.png\",\"keywords\":[\"2en1\",\"cet\",\"ensemble\",\"est\",\"moment\",\"ordinateur\",\"portable\",\"r\u00e9duction\",\"Samsung\",\"tablette\"],\"articleSection\":[\"Technologie\"],\"inLanguage\":\"fr-BE\"},{\"@type\":\"WebPage\",\"@id\":\"https:\/\/vieassociative.be\/actualites\/cet-ensemble-ordinateur-portable-et-tablette-samsung-2-en-1-est-a-450-de-reduction-en-ce-moment\/\",\"url\":\"https:\/\/vieassociative.be\/actualites\/cet-ensemble-ordinateur-portable-et-tablette-samsung-2-en-1-est-a-450-de-reduction-en-ce-moment\/\",\"name\":\"Cet ensemble ordinateur portable et tablette Samsung 2-en-1 est \u00e0 450\u00a0$ de r\u00e9duction en ce moment | Vie Associative\",\"isPartOf\":{\"@id\":\"https:\/\/vieassociative.be\/actualites\/#website\"},\"primaryImageOfPage\":{\"@id\":\"https:\/\/vieassociative.be\/actualites\/cet-ensemble-ordinateur-portable-et-tablette-samsung-2-en-1-est-a-450-de-reduction-en-ce-moment\/#primaryimage\"},\"image\":{\"@id\":\"https:\/\/vieassociative.be\/actualites\/cet-ensemble-ordinateur-portable-et-tablette-samsung-2-en-1-est-a-450-de-reduction-en-ce-moment\/#primaryimage\"},\"thumbnailUrl\":\"https:\/\/vieassociative.be\/actualites\/wp-content\/uploads\/2026\/01\/Cet-ensemble-ordinateur-portable-et-tablette-Samsung-2-en-1-est-a.png\",\"datePublished\":\"2026-01-19T17:17:23+00:00\",\"dateModified\":\"2026-01-19T17:17:23+00:00\",\"breadcrumb\":{\"@id\":\"https:\/\/vieassociative.be\/actualites\/cet-ensemble-ordinateur-portable-et-tablette-samsung-2-en-1-est-a-450-de-reduction-en-ce-moment\/#breadcrumb\"},\"inLanguage\":\"fr-BE\",\"potentialAction\":[{\"@type\":\"ReadAction\",\"target\":[\"https:\/\/vieassociative.be\/actualites\/cet-ensemble-ordinateur-portable-et-tablette-samsung-2-en-1-est-a-450-de-reduction-en-ce-moment\/\"]}]},{\"@type\":\"ImageObject\",\"inLanguage\":\"fr-BE\",\"@id\":\"https:\/\/vieassociative.be\/actualites\/cet-ensemble-ordinateur-portable-et-tablette-samsung-2-en-1-est-a-450-de-reduction-en-ce-moment\/#primaryimage\",\"url\":\"https:\/\/vieassociative.be\/actualites\/wp-content\/uploads\/2026\/01\/Cet-ensemble-ordinateur-portable-et-tablette-Samsung-2-en-1-est-a.png\",\"contentUrl\":\"https:\/\/vieassociative.be\/actualites\/wp-content\/uploads\/2026\/01\/Cet-ensemble-ordinateur-portable-et-tablette-Samsung-2-en-1-est-a.png\",\"width\":1200,\"height\":675,\"caption\":\"Cet ensemble ordinateur portable et tablette Samsung 2-en-1 est \u00e0 450\u00a0$ de r\u00e9duction en ce moment\"},{\"@type\":\"BreadcrumbList\",\"@id\":\"https:\/\/vieassociative.be\/actualites\/cet-ensemble-ordinateur-portable-et-tablette-samsung-2-en-1-est-a-450-de-reduction-en-ce-moment\/#breadcrumb\",\"itemListElement\":[{\"@type\":\"ListItem\",\"position\":1,\"name\":\"Accueil\",\"item\":\"https:\/\/vieassociative.be\/actualites\/\"},{\"@type\":\"ListItem\",\"position\":2,\"name\":\"Cet ensemble ordinateur portable et tablette Samsung 2-en-1 est \u00e0 450\u00a0$ de r\u00e9duction en ce moment\"}]},{\"@type\":\"WebSite\",\"@id\":\"https:\/\/vieassociative.be\/actualites\/#website\",\"url\":\"https:\/\/vieassociative.be\/actualites\/\",\"name\":\"Vie Associative\",\"description\":\"\",\"publisher\":{\"@id\":\"https:\/\/vieassociative.be\/actualites\/#organization\"},\"potentialAction\":[{\"@type\":\"SearchAction\",\"target\":{\"@type\":\"EntryPoint\",\"urlTemplate\":\"https:\/\/vieassociative.be\/actualites\/?s={search_term_string}\"},\"query-input\":{\"@type\":\"PropertyValueSpecification\",\"valueRequired\":true,\"valueName\":\"search_term_string\"}}],\"inLanguage\":\"fr-BE\"},{\"@type\":\"Organization\",\"@id\":\"https:\/\/vieassociative.be\/actualites\/#organization\",\"name\":\"Vie Associative\",\"url\":\"https:\/\/vieassociative.be\/actualites\/\",\"logo\":{\"@type\":\"ImageObject\",\"inLanguage\":\"fr-BE\",\"@id\":\"https:\/\/vieassociative.be\/actualites\/#\/schema\/logo\/image\/\",\"url\":\"https:\/\/vieassociative.be\/actualites\/wp-content\/uploads\/2024\/09\/cropped-vieassociative_favicon.ico.png\",\"contentUrl\":\"https:\/\/vieassociative.be\/actualites\/wp-content\/uploads\/2024\/09\/cropped-vieassociative_favicon.ico.png\",\"width\":512,\"height\":512,\"caption\":\"Vie Associative\"},\"image\":{\"@id\":\"https:\/\/vieassociative.be\/actualites\/#\/schema\/logo\/image\/\"}},{\"@type\":\"Person\",\"@id\":\"https:\/\/vieassociative.be\/actualites\/#\/schema\/person\/b87ac4f82f9d4e7b7cec7395b679edc4\",\"name\":\"Julien\",\"image\":{\"@type\":\"ImageObject\",\"inLanguage\":\"fr-BE\",\"@id\":\"https:\/\/vieassociative.be\/actualites\/#\/schema\/person\/image\/\",\"url\":\"https:\/\/vieassociative.be\/actualites\/wp-content\/uploads\/2024\/09\/vie-associative-1-150x150.jpg\",\"contentUrl\":\"https:\/\/vieassociative.be\/actualites\/wp-content\/uploads\/2024\/09\/vie-associative-1-150x150.jpg\",\"caption\":\"Julien\"},\"description\":\"Je suis Julien, r\u00e9dacteur pour Vie Associative. Passionn\u00e9 par le monde associatif depuis plus de 10 ans, j'ai \u00e0 c\u0153ur de partager des histoires inspirantes et de mettre en lumi\u00e8re les initiatives locales. Mon objectif est de sensibiliser et d'encourager l'engagement communautaire \u00e0 travers mes articles.\",\"sameAs\":[\"https:\/\/vieassociative.be\/\"]}]}<\/script>\n<!-- \/ Yoast SEO plugin. -->","yoast_head_json":{"title":"Cet ensemble ordinateur portable et tablette Samsung 2-en-1 est \u00e0 450\u00a0$ de r\u00e9duction en ce moment | Vie Associative","robots":{"index":"index","follow":"follow","max-snippet":"max-snippet:-1","max-image-preview":"max-image-preview:large","max-video-preview":"max-video-preview:-1"},"canonical":"https:\/\/vieassociative.be\/actualites\/cet-ensemble-ordinateur-portable-et-tablette-samsung-2-en-1-est-a-450-de-reduction-en-ce-moment\/","og_locale":"fr_FR","og_type":"article","og_title":"Cet ensemble ordinateur portable et tablette Samsung 2-en-1 est \u00e0 450\u00a0$ de r\u00e9duction en ce moment | Vie Associative","og_description":"Nous pouvons gagner une commission sur les liens sur cette page. Les prix et la disponibilit\u00e9 de l&rsquo;offre sont sujets \u00e0 changement apr\u00e8s la publication.","og_url":"https:\/\/vieassociative.be\/actualites\/cet-ensemble-ordinateur-portable-et-tablette-samsung-2-en-1-est-a-450-de-reduction-en-ce-moment\/","og_site_name":"Vie Associative","article_published_time":"2026-01-19T17:17:23+00:00","og_image":[{"url":"https:\/\/vieassociative.be\/actualites\/wp-content\/uploads\/2026\/01\/Cet-ensemble-ordinateur-portable-et-tablette-Samsung-2-en-1-est-a.jpg","type":"","width":"","height":""}],"author":"Julien","twitter_card":"summary_large_image","twitter_misc":{"\u00c9crit par":"Julien","Dur\u00e9e de lecture est.":"3 minutes"},"schema":{"@context":"https:\/\/schema.org","@graph":[{"@type":"Article","@id":"https:\/\/vieassociative.be\/actualites\/cet-ensemble-ordinateur-portable-et-tablette-samsung-2-en-1-est-a-450-de-reduction-en-ce-moment\/#article","isPartOf":{"@id":"https:\/\/vieassociative.be\/actualites\/cet-ensemble-ordinateur-portable-et-tablette-samsung-2-en-1-est-a-450-de-reduction-en-ce-moment\/"},"author":{"name":"Julien","@id":"https:\/\/vieassociative.be\/actualites\/#\/schema\/person\/b87ac4f82f9d4e7b7cec7395b679edc4"},"headline":"Cet ensemble ordinateur portable et tablette Samsung 2-en-1 est \u00e0 450\u00a0$ de r\u00e9duction en ce moment","datePublished":"2026-01-19T17:17:23+00:00","dateModified":"2026-01-19T17:17:23+00:00","mainEntityOfPage":{"@id":"https:\/\/vieassociative.be\/actualites\/cet-ensemble-ordinateur-portable-et-tablette-samsung-2-en-1-est-a-450-de-reduction-en-ce-moment\/"},"wordCount":644,"publisher":{"@id":"https:\/\/vieassociative.be\/actualites\/#organization"},"image":{"@id":"https:\/\/vieassociative.be\/actualites\/cet-ensemble-ordinateur-portable-et-tablette-samsung-2-en-1-est-a-450-de-reduction-en-ce-moment\/#primaryimage"},"thumbnailUrl":"https:\/\/vieassociative.be\/actualites\/wp-content\/uploads\/2026\/01\/Cet-ensemble-ordinateur-portable-et-tablette-Samsung-2-en-1-est-a.png","keywords":["2en1","cet","ensemble","est","moment","ordinateur","portable","r\u00e9duction","Samsung","tablette"],"articleSection":["Technologie"],"inLanguage":"fr-BE"},{"@type":"WebPage","@id":"https:\/\/vieassociative.be\/actualites\/cet-ensemble-ordinateur-portable-et-tablette-samsung-2-en-1-est-a-450-de-reduction-en-ce-moment\/","url":"https:\/\/vieassociative.be\/actualites\/cet-ensemble-ordinateur-portable-et-tablette-samsung-2-en-1-est-a-450-de-reduction-en-ce-moment\/","name":"Cet ensemble ordinateur portable et tablette Samsung 2-en-1 est \u00e0 450\u00a0$ de r\u00e9duction en ce moment | Vie Associative","isPartOf":{"@id":"https:\/\/vieassociative.be\/actualites\/#website"},"primaryImageOfPage":{"@id":"https:\/\/vieassociative.be\/actualites\/cet-ensemble-ordinateur-portable-et-tablette-samsung-2-en-1-est-a-450-de-reduction-en-ce-moment\/#primaryimage"},"image":{"@id":"https:\/\/vieassociative.be\/actualites\/cet-ensemble-ordinateur-portable-et-tablette-samsung-2-en-1-est-a-450-de-reduction-en-ce-moment\/#primaryimage"},"thumbnailUrl":"https:\/\/vieassociative.be\/actualites\/wp-content\/uploads\/2026\/01\/Cet-ensemble-ordinateur-portable-et-tablette-Samsung-2-en-1-est-a.png","datePublished":"2026-01-19T17:17:23+00:00","dateModified":"2026-01-19T17:17:23+00:00","breadcrumb":{"@id":"https:\/\/vieassociative.be\/actualites\/cet-ensemble-ordinateur-portable-et-tablette-samsung-2-en-1-est-a-450-de-reduction-en-ce-moment\/#breadcrumb"},"inLanguage":"fr-BE","potentialAction":[{"@type":"ReadAction","target":["https:\/\/vieassociative.be\/actualites\/cet-ensemble-ordinateur-portable-et-tablette-samsung-2-en-1-est-a-450-de-reduction-en-ce-moment\/"]}]},{"@type":"ImageObject","inLanguage":"fr-BE","@id":"https:\/\/vieassociative.be\/actualites\/cet-ensemble-ordinateur-portable-et-tablette-samsung-2-en-1-est-a-450-de-reduction-en-ce-moment\/#primaryimage","url":"https:\/\/vieassociative.be\/actualites\/wp-content\/uploads\/2026\/01\/Cet-ensemble-ordinateur-portable-et-tablette-Samsung-2-en-1-est-a.png","contentUrl":"https:\/\/vieassociative.be\/actualites\/wp-content\/uploads\/2026\/01\/Cet-ensemble-ordinateur-portable-et-tablette-Samsung-2-en-1-est-a.png","width":1200,"height":675,"caption":"Cet ensemble ordinateur portable et tablette Samsung 2-en-1 est \u00e0 450\u00a0$ de r\u00e9duction en ce moment"},{"@type":"BreadcrumbList","@id":"https:\/\/vieassociative.be\/actualites\/cet-ensemble-ordinateur-portable-et-tablette-samsung-2-en-1-est-a-450-de-reduction-en-ce-moment\/#breadcrumb","itemListElement":[{"@type":"ListItem","position":1,"name":"Accueil","item":"https:\/\/vieassociative.be\/actualites\/"},{"@type":"ListItem","position":2,"name":"Cet ensemble ordinateur portable et tablette Samsung 2-en-1 est \u00e0 450\u00a0$ de r\u00e9duction en ce moment"}]},{"@type":"WebSite","@id":"https:\/\/vieassociative.be\/actualites\/#website","url":"https:\/\/vieassociative.be\/actualites\/","name":"Vie Associative","description":"","publisher":{"@id":"https:\/\/vieassociative.be\/actualites\/#organization"},"potentialAction":[{"@type":"SearchAction","target":{"@type":"EntryPoint","urlTemplate":"https:\/\/vieassociative.be\/actualites\/?s={search_term_string}"},"query-input":{"@type":"PropertyValueSpecification","valueRequired":true,"valueName":"search_term_string"}}],"inLanguage":"fr-BE"},{"@type":"Organization","@id":"https:\/\/vieassociative.be\/actualites\/#organization","name":"Vie Associative","url":"https:\/\/vieassociative.be\/actualites\/","logo":{"@type":"ImageObject","inLanguage":"fr-BE","@id":"https:\/\/vieassociative.be\/actualites\/#\/schema\/logo\/image\/","url":"https:\/\/vieassociative.be\/actualites\/wp-content\/uploads\/2024\/09\/cropped-vieassociative_favicon.ico.png","contentUrl":"https:\/\/vieassociative.be\/actualites\/wp-content\/uploads\/2024\/09\/cropped-vieassociative_favicon.ico.png","width":512,"height":512,"caption":"Vie Associative"},"image":{"@id":"https:\/\/vieassociative.be\/actualites\/#\/schema\/logo\/image\/"}},{"@type":"Person","@id":"https:\/\/vieassociative.be\/actualites\/#\/schema\/person\/b87ac4f82f9d4e7b7cec7395b679edc4","name":"Julien","image":{"@type":"ImageObject","inLanguage":"fr-BE","@id":"https:\/\/vieassociative.be\/actualites\/#\/schema\/person\/image\/","url":"https:\/\/vieassociative.be\/actualites\/wp-content\/uploads\/2024\/09\/vie-associative-1-150x150.jpg","contentUrl":"https:\/\/vieassociative.be\/actualites\/wp-content\/uploads\/2024\/09\/vie-associative-1-150x150.jpg","caption":"Julien"},"description":"Je suis Julien, r\u00e9dacteur pour Vie Associative. Passionn\u00e9 par le monde associatif depuis plus de 10 ans, j'ai \u00e0 c\u0153ur de partager des histoires inspirantes et de mettre en lumi\u00e8re les initiatives locales. Mon objectif est de sensibiliser et d'encourager l'engagement communautaire \u00e0 travers mes articles.","sameAs":["https:\/\/vieassociative.be\/"]}]}},"_links":{"self":[{"href":"https:\/\/vieassociative.be\/actualites\/wp-json\/wp\/v2\/posts\/12270"}],"collection":[{"href":"https:\/\/vieassociative.be\/actualites\/wp-json\/wp\/v2\/posts"}],"about":[{"href":"https:\/\/vieassociative.be\/actualites\/wp-json\/wp\/v2\/types\/post"}],"author":[{"embeddable":true,"href":"https:\/\/vieassociative.be\/actualites\/wp-json\/wp\/v2\/users\/1"}],"replies":[{"embeddable":true,"href":"https:\/\/vieassociative.be\/actualites\/wp-json\/wp\/v2\/comments?post=12270"}],"version-history":[{"count":0,"href":"https:\/\/vieassociative.be\/actualites\/wp-json\/wp\/v2\/posts\/12270\/revisions"}],"wp:featuredmedia":[{"embeddable":true,"href":"https:\/\/vieassociative.be\/actualites\/wp-json\/wp\/v2\/media\/12271"}],"wp:attachment":[{"href":"https:\/\/vieassociative.be\/actualites\/wp-json\/wp\/v2\/media?parent=12270"}],"wp:term":[{"taxonomy":"category","embeddable":true,"href":"https:\/\/vieassociative.be\/actualites\/wp-json\/wp\/v2\/categories?post=12270"},{"taxonomy":"post_tag","embeddable":true,"href":"https:\/\/vieassociative.be\/actualites\/wp-json\/wp\/v2\/tags?post=12270"}],"curies":[{"name":"wp","href":"https:\/\/api.w.org\/{rel}","templated":true}]}}