{"id":12268,"date":"2026-01-19T13:20:53","date_gmt":"2026-01-19T12:20:53","guid":{"rendered":"https:\/\/vieassociative.be\/actualites\/accident-de-train-faisant-au-moins-39-morts-en-espagne\/"},"modified":"2026-01-19T13:20:53","modified_gmt":"2026-01-19T12:20:53","slug":"accident-de-train-faisant-au-moins-39-morts-en-espagne","status":"publish","type":"post","link":"https:\/\/vieassociative.be\/actualites\/accident-de-train-faisant-au-moins-39-morts-en-espagne\/","title":{"rendered":"Accident de train faisant au moins 39 morts en Espagne"},"content":{"rendered":"<p><strong>Le r\u00e9seau \u00e0 grande vitesse moderne d&rsquo;Espagne est synonyme de fiabilit\u00e9 et de ponctualit\u00e9. Mais voil\u00e0 qu\u2019un grave accident de train secoue le pays. Le nombre de victimes continue d&rsquo;augmenter.<\/strong><\/p>\n<p><span id=\"more-434105\"><\/span>Apr\u00e8s le grave accident de train survenu dans le sud de l&rsquo;Espagne, le nombre de morts s&rsquo;est \u00e9lev\u00e9 \u00e0 au moins 39. C&rsquo;est ce qu&rsquo;a rapport\u00e9 la cha\u00eene de t\u00e9l\u00e9vision publique RTVE, citant l&rsquo;unit\u00e9 de la police de la Guardia Civil.<\/p>\n<p>Au total, 73 personnes ont \u00e9t\u00e9 soign\u00e9es dans les h\u00f4pitaux de la ville andalouse de Cordoue apr\u00e8s la collision. Parmi eux, 24 ont \u00e9t\u00e9 gri\u00e8vement bless\u00e9s. Selon le reportage de la RTVE, quatre d&rsquo;entre eux sont mineurs.<\/p>\n<p>Le drame s&rsquo;\u00e9tait produit quelques heures plus t\u00f4t. Vers 19h40. Dimanche, un train \u00e0 grande vitesse Iryo exploit\u00e9 par la soci\u00e9t\u00e9 italienne Trenitalia a probablement d\u00e9raill\u00e9 \u00e0 300 km\/h pr\u00e8s de la municipalit\u00e9 d&rsquo;Adamuz, dans la province de Cordoue, et s&rsquo;est \u00e9cras\u00e9 sur la voie voisine, comme l&rsquo;a annonc\u00e9 la compagnie ferroviaire Renfe. \u00c0 ce moment-l\u00e0, un train \u00e0 grande vitesse Renfe venant en sens inverse est pass\u00e9 et a \u00e9t\u00e9 \u00e9ject\u00e9 des voies par l&rsquo;autre v\u00e9hicule.<\/p>\n<\/p>\n<div id=\"attachment_434110\" class=\"wp-caption alignnone\" style=\"max-width: 300px\"><img fetchpriority=\"high\" decoding=\"async\" src=\"https:\/\/vieassociative.be\/actualites\/wp-content\/uploads\/2026\/01\/Accident-de-train-faisant-au-moins-39-morts-en-Espagne.jpg\" alt=\"\" width=\"300\" height=\"196\" class=\"size-medium wp-image-434110\"><\/div>\n<p>\u00ab\u00a0L&rsquo;impact a \u00e9t\u00e9 si violent que les deux wagons avant du train Renfe ont \u00e9t\u00e9 \u00e9ject\u00e9s des voies\u00a0\u00bb, a d\u00e9clar\u00e9 le ministre espagnol des Transports, \u00d3scar Puente. Ces wagons sont tomb\u00e9s sur un talus de quatre m\u00e8tres de haut et ont \u00e9t\u00e9 en grande partie d\u00e9truits.<\/p>\n<p>Le train Iryo voyageait de M\u00e1laga \u00e0 Madrid avec plus de 300 personnes \u00e0 son bord, tandis que le train Renfe, qui partait de Madrid, se rendait \u00e0 Huelva avec environ 200 passagers. Le trafic sur l&rsquo;important axe entre Madrid et l&rsquo;Andalousie a \u00e9t\u00e9 perturb\u00e9.<\/p>\n<p>Selon les informations officielles, l&rsquo;un des conducteurs du train figure parmi les victimes. De nombreux passagers \u00e9taient toujours coinc\u00e9s dans les trains quelques heures apr\u00e8s l&rsquo;accident. Le chef des pompiers, Paco Carmona, a parl\u00e9 d&rsquo;une op\u00e9ration tr\u00e8s difficile : \u00ab\u00a0C&rsquo;est une zone difficile d&rsquo;acc\u00e8s. L&rsquo;ampleur des destructions \u00e9tait \u00e9galement grande. Chaos, fractures ouvertes. Tout sauf joli.\u00a0\u00bb<\/p>\n<p>Le Premier ministre espagnol Pedro S\u00e1nchez a promis une aide rapide. \u00ab\u00a0Aujourd&rsquo;hui est une nuit de profonde douleur pour notre pays\u00a0\u00bb, a-t-il \u00e9crit sur Platform. \u00ab\u00a0Cette nuit, tu es dans mes pens\u00e9es\u00a0\u00bb, a-t-elle \u00e9crit sur X en espagnol. (dpa)<\/p>\n","protected":false},"excerpt":{"rendered":"<p>Le r\u00e9seau \u00e0 grande vitesse moderne d&rsquo;Espagne est synonyme de fiabilit\u00e9 et de ponctualit\u00e9. Mais voil\u00e0 qu\u2019un grave accident de train secoue le pays. Le<\/p>\n","protected":false},"author":1,"featured_media":12269,"comment_status":"","ping_status":"","sticky":false,"template":"","format":"standard","meta":{"footnotes":""},"categories":[298],"tags":[3013,648,9807,469,439,3026],"class_list":["post-12268","post","type-post","status-publish","format-standard","has-post-thumbnail","hentry","category-belgique","tag-accident","tag-espagne","tag-faisant","tag-moins","tag-morts","tag-train","generate-columns","tablet-grid-50","mobile-grid-100","grid-parent","grid-33"],"yoast_head":"<!-- This site is optimized with the Yoast SEO plugin v24.0 - https:\/\/yoast.com\/wordpress\/plugins\/seo\/ -->\n<title>Accident de train faisant au moins 39 morts en Espagne | Vie Associative<\/title>\n<meta name=\"robots\" content=\"index, follow, max-snippet:-1, max-image-preview:large, max-video-preview:-1\" \/>\n<link rel=\"canonical\" href=\"https:\/\/vieassociative.be\/actualites\/accident-de-train-faisant-au-moins-39-morts-en-espagne\/\" \/>\n<meta property=\"og:locale\" content=\"fr_FR\" \/>\n<meta property=\"og:type\" content=\"article\" \/>\n<meta property=\"og:title\" content=\"Accident de train faisant au moins 39 morts en Espagne | Vie Associative\" \/>\n<meta property=\"og:description\" content=\"Le r\u00e9seau \u00e0 grande vitesse moderne d&rsquo;Espagne est synonyme de fiabilit\u00e9 et de ponctualit\u00e9. Mais voil\u00e0 qu\u2019un grave accident de train secoue le pays. Le\" \/>\n<meta property=\"og:url\" content=\"https:\/\/vieassociative.be\/actualites\/accident-de-train-faisant-au-moins-39-morts-en-espagne\/\" \/>\n<meta property=\"og:site_name\" content=\"Vie Associative\" \/>\n<meta property=\"article:published_time\" content=\"2026-01-19T12:20:53+00:00\" \/>\n<meta property=\"og:image\" content=\"https:\/\/vieassociative.be\/actualites\/wp-content\/uploads\/2024\/09\/header_backgroundk-01-e1726694325946.png\" \/>\n\t<meta property=\"og:image:width\" content=\"279\" \/>\n\t<meta property=\"og:image:height\" content=\"92\" \/>\n\t<meta property=\"og:image:type\" content=\"image\/png\" \/>\n<meta name=\"author\" content=\"Julien\" \/>\n<meta name=\"twitter:card\" content=\"summary_large_image\" \/>\n<meta name=\"twitter:label1\" content=\"\u00c9crit par\" \/>\n\t<meta name=\"twitter:data1\" content=\"Julien\" \/>\n\t<meta name=\"twitter:label2\" content=\"Dur\u00e9e de lecture est.\" \/>\n\t<meta name=\"twitter:data2\" content=\"2 minutes\" \/>\n<script type=\"application\/ld+json\" class=\"yoast-schema-graph\">{\"@context\":\"https:\/\/schema.org\",\"@graph\":[{\"@type\":\"Article\",\"@id\":\"https:\/\/vieassociative.be\/actualites\/accident-de-train-faisant-au-moins-39-morts-en-espagne\/#article\",\"isPartOf\":{\"@id\":\"https:\/\/vieassociative.be\/actualites\/accident-de-train-faisant-au-moins-39-morts-en-espagne\/\"},\"author\":{\"name\":\"Julien\",\"@id\":\"https:\/\/vieassociative.be\/actualites\/#\/schema\/person\/b87ac4f82f9d4e7b7cec7395b679edc4\"},\"headline\":\"Accident de train faisant au moins 39 morts en Espagne\",\"datePublished\":\"2026-01-19T12:20:53+00:00\",\"dateModified\":\"2026-01-19T12:20:53+00:00\",\"mainEntityOfPage\":{\"@id\":\"https:\/\/vieassociative.be\/actualites\/accident-de-train-faisant-au-moins-39-morts-en-espagne\/\"},\"wordCount\":417,\"publisher\":{\"@id\":\"https:\/\/vieassociative.be\/actualites\/#organization\"},\"image\":{\"@id\":\"https:\/\/vieassociative.be\/actualites\/accident-de-train-faisant-au-moins-39-morts-en-espagne\/#primaryimage\"},\"thumbnailUrl\":\"https:\/\/vieassociative.be\/actualites\/wp-content\/uploads\/2026\/01\/1768825254_Accident-de-train-faisant-au-moins-39-morts-en-Espagne.jpg\",\"keywords\":[\"accident\",\"Espagne\",\"faisant\",\"moins\",\"morts\",\"Train\"],\"articleSection\":[\"Belgique\"],\"inLanguage\":\"fr-BE\"},{\"@type\":\"WebPage\",\"@id\":\"https:\/\/vieassociative.be\/actualites\/accident-de-train-faisant-au-moins-39-morts-en-espagne\/\",\"url\":\"https:\/\/vieassociative.be\/actualites\/accident-de-train-faisant-au-moins-39-morts-en-espagne\/\",\"name\":\"Accident de train faisant au moins 39 morts en Espagne | Vie Associative\",\"isPartOf\":{\"@id\":\"https:\/\/vieassociative.be\/actualites\/#website\"},\"primaryImageOfPage\":{\"@id\":\"https:\/\/vieassociative.be\/actualites\/accident-de-train-faisant-au-moins-39-morts-en-espagne\/#primaryimage\"},\"image\":{\"@id\":\"https:\/\/vieassociative.be\/actualites\/accident-de-train-faisant-au-moins-39-morts-en-espagne\/#primaryimage\"},\"thumbnailUrl\":\"https:\/\/vieassociative.be\/actualites\/wp-content\/uploads\/2026\/01\/1768825254_Accident-de-train-faisant-au-moins-39-morts-en-Espagne.jpg\",\"datePublished\":\"2026-01-19T12:20:53+00:00\",\"dateModified\":\"2026-01-19T12:20:53+00:00\",\"breadcrumb\":{\"@id\":\"https:\/\/vieassociative.be\/actualites\/accident-de-train-faisant-au-moins-39-morts-en-espagne\/#breadcrumb\"},\"inLanguage\":\"fr-BE\",\"potentialAction\":[{\"@type\":\"ReadAction\",\"target\":[\"https:\/\/vieassociative.be\/actualites\/accident-de-train-faisant-au-moins-39-morts-en-espagne\/\"]}]},{\"@type\":\"ImageObject\",\"inLanguage\":\"fr-BE\",\"@id\":\"https:\/\/vieassociative.be\/actualites\/accident-de-train-faisant-au-moins-39-morts-en-espagne\/#primaryimage\",\"url\":\"https:\/\/vieassociative.be\/actualites\/wp-content\/uploads\/2026\/01\/1768825254_Accident-de-train-faisant-au-moins-39-morts-en-Espagne.jpg\",\"contentUrl\":\"https:\/\/vieassociative.be\/actualites\/wp-content\/uploads\/2026\/01\/1768825254_Accident-de-train-faisant-au-moins-39-morts-en-Espagne.jpg\",\"width\":1200,\"height\":800,\"caption\":\"Accident de train faisant au moins 39 morts en Espagne\"},{\"@type\":\"BreadcrumbList\",\"@id\":\"https:\/\/vieassociative.be\/actualites\/accident-de-train-faisant-au-moins-39-morts-en-espagne\/#breadcrumb\",\"itemListElement\":[{\"@type\":\"ListItem\",\"position\":1,\"name\":\"Accueil\",\"item\":\"https:\/\/vieassociative.be\/actualites\/\"},{\"@type\":\"ListItem\",\"position\":2,\"name\":\"Accident de train faisant au moins 39 morts en Espagne\"}]},{\"@type\":\"WebSite\",\"@id\":\"https:\/\/vieassociative.be\/actualites\/#website\",\"url\":\"https:\/\/vieassociative.be\/actualites\/\",\"name\":\"Vie Associative\",\"description\":\"\",\"publisher\":{\"@id\":\"https:\/\/vieassociative.be\/actualites\/#organization\"},\"potentialAction\":[{\"@type\":\"SearchAction\",\"target\":{\"@type\":\"EntryPoint\",\"urlTemplate\":\"https:\/\/vieassociative.be\/actualites\/?s={search_term_string}\"},\"query-input\":{\"@type\":\"PropertyValueSpecification\",\"valueRequired\":true,\"valueName\":\"search_term_string\"}}],\"inLanguage\":\"fr-BE\"},{\"@type\":\"Organization\",\"@id\":\"https:\/\/vieassociative.be\/actualites\/#organization\",\"name\":\"Vie Associative\",\"url\":\"https:\/\/vieassociative.be\/actualites\/\",\"logo\":{\"@type\":\"ImageObject\",\"inLanguage\":\"fr-BE\",\"@id\":\"https:\/\/vieassociative.be\/actualites\/#\/schema\/logo\/image\/\",\"url\":\"https:\/\/vieassociative.be\/actualites\/wp-content\/uploads\/2024\/09\/cropped-vieassociative_favicon.ico.png\",\"contentUrl\":\"https:\/\/vieassociative.be\/actualites\/wp-content\/uploads\/2024\/09\/cropped-vieassociative_favicon.ico.png\",\"width\":512,\"height\":512,\"caption\":\"Vie Associative\"},\"image\":{\"@id\":\"https:\/\/vieassociative.be\/actualites\/#\/schema\/logo\/image\/\"}},{\"@type\":\"Person\",\"@id\":\"https:\/\/vieassociative.be\/actualites\/#\/schema\/person\/b87ac4f82f9d4e7b7cec7395b679edc4\",\"name\":\"Julien\",\"image\":{\"@type\":\"ImageObject\",\"inLanguage\":\"fr-BE\",\"@id\":\"https:\/\/vieassociative.be\/actualites\/#\/schema\/person\/image\/\",\"url\":\"https:\/\/vieassociative.be\/actualites\/wp-content\/uploads\/2024\/09\/vie-associative-1-150x150.jpg\",\"contentUrl\":\"https:\/\/vieassociative.be\/actualites\/wp-content\/uploads\/2024\/09\/vie-associative-1-150x150.jpg\",\"caption\":\"Julien\"},\"description\":\"Je suis Julien, r\u00e9dacteur pour Vie Associative. Passionn\u00e9 par le monde associatif depuis plus de 10 ans, j'ai \u00e0 c\u0153ur de partager des histoires inspirantes et de mettre en lumi\u00e8re les initiatives locales. Mon objectif est de sensibiliser et d'encourager l'engagement communautaire \u00e0 travers mes articles.\",\"sameAs\":[\"https:\/\/vieassociative.be\/\"]}]}<\/script>\n<!-- \/ Yoast SEO plugin. -->","yoast_head_json":{"title":"Accident de train faisant au moins 39 morts en Espagne | Vie Associative","robots":{"index":"index","follow":"follow","max-snippet":"max-snippet:-1","max-image-preview":"max-image-preview:large","max-video-preview":"max-video-preview:-1"},"canonical":"https:\/\/vieassociative.be\/actualites\/accident-de-train-faisant-au-moins-39-morts-en-espagne\/","og_locale":"fr_FR","og_type":"article","og_title":"Accident de train faisant au moins 39 morts en Espagne | Vie Associative","og_description":"Le r\u00e9seau \u00e0 grande vitesse moderne d&rsquo;Espagne est synonyme de fiabilit\u00e9 et de ponctualit\u00e9. Mais voil\u00e0 qu\u2019un grave accident de train secoue le pays. Le","og_url":"https:\/\/vieassociative.be\/actualites\/accident-de-train-faisant-au-moins-39-morts-en-espagne\/","og_site_name":"Vie Associative","article_published_time":"2026-01-19T12:20:53+00:00","og_image":[{"width":279,"height":92,"url":"https:\/\/vieassociative.be\/actualites\/wp-content\/uploads\/2024\/09\/header_backgroundk-01-e1726694325946.png","type":"image\/png"}],"author":"Julien","twitter_card":"summary_large_image","twitter_misc":{"\u00c9crit par":"Julien","Dur\u00e9e de lecture est.":"2 minutes"},"schema":{"@context":"https:\/\/schema.org","@graph":[{"@type":"Article","@id":"https:\/\/vieassociative.be\/actualites\/accident-de-train-faisant-au-moins-39-morts-en-espagne\/#article","isPartOf":{"@id":"https:\/\/vieassociative.be\/actualites\/accident-de-train-faisant-au-moins-39-morts-en-espagne\/"},"author":{"name":"Julien","@id":"https:\/\/vieassociative.be\/actualites\/#\/schema\/person\/b87ac4f82f9d4e7b7cec7395b679edc4"},"headline":"Accident de train faisant au moins 39 morts en Espagne","datePublished":"2026-01-19T12:20:53+00:00","dateModified":"2026-01-19T12:20:53+00:00","mainEntityOfPage":{"@id":"https:\/\/vieassociative.be\/actualites\/accident-de-train-faisant-au-moins-39-morts-en-espagne\/"},"wordCount":417,"publisher":{"@id":"https:\/\/vieassociative.be\/actualites\/#organization"},"image":{"@id":"https:\/\/vieassociative.be\/actualites\/accident-de-train-faisant-au-moins-39-morts-en-espagne\/#primaryimage"},"thumbnailUrl":"https:\/\/vieassociative.be\/actualites\/wp-content\/uploads\/2026\/01\/1768825254_Accident-de-train-faisant-au-moins-39-morts-en-Espagne.jpg","keywords":["accident","Espagne","faisant","moins","morts","Train"],"articleSection":["Belgique"],"inLanguage":"fr-BE"},{"@type":"WebPage","@id":"https:\/\/vieassociative.be\/actualites\/accident-de-train-faisant-au-moins-39-morts-en-espagne\/","url":"https:\/\/vieassociative.be\/actualites\/accident-de-train-faisant-au-moins-39-morts-en-espagne\/","name":"Accident de train faisant au moins 39 morts en Espagne | Vie Associative","isPartOf":{"@id":"https:\/\/vieassociative.be\/actualites\/#website"},"primaryImageOfPage":{"@id":"https:\/\/vieassociative.be\/actualites\/accident-de-train-faisant-au-moins-39-morts-en-espagne\/#primaryimage"},"image":{"@id":"https:\/\/vieassociative.be\/actualites\/accident-de-train-faisant-au-moins-39-morts-en-espagne\/#primaryimage"},"thumbnailUrl":"https:\/\/vieassociative.be\/actualites\/wp-content\/uploads\/2026\/01\/1768825254_Accident-de-train-faisant-au-moins-39-morts-en-Espagne.jpg","datePublished":"2026-01-19T12:20:53+00:00","dateModified":"2026-01-19T12:20:53+00:00","breadcrumb":{"@id":"https:\/\/vieassociative.be\/actualites\/accident-de-train-faisant-au-moins-39-morts-en-espagne\/#breadcrumb"},"inLanguage":"fr-BE","potentialAction":[{"@type":"ReadAction","target":["https:\/\/vieassociative.be\/actualites\/accident-de-train-faisant-au-moins-39-morts-en-espagne\/"]}]},{"@type":"ImageObject","inLanguage":"fr-BE","@id":"https:\/\/vieassociative.be\/actualites\/accident-de-train-faisant-au-moins-39-morts-en-espagne\/#primaryimage","url":"https:\/\/vieassociative.be\/actualites\/wp-content\/uploads\/2026\/01\/1768825254_Accident-de-train-faisant-au-moins-39-morts-en-Espagne.jpg","contentUrl":"https:\/\/vieassociative.be\/actualites\/wp-content\/uploads\/2026\/01\/1768825254_Accident-de-train-faisant-au-moins-39-morts-en-Espagne.jpg","width":1200,"height":800,"caption":"Accident de train faisant au moins 39 morts en Espagne"},{"@type":"BreadcrumbList","@id":"https:\/\/vieassociative.be\/actualites\/accident-de-train-faisant-au-moins-39-morts-en-espagne\/#breadcrumb","itemListElement":[{"@type":"ListItem","position":1,"name":"Accueil","item":"https:\/\/vieassociative.be\/actualites\/"},{"@type":"ListItem","position":2,"name":"Accident de train faisant au moins 39 morts en Espagne"}]},{"@type":"WebSite","@id":"https:\/\/vieassociative.be\/actualites\/#website","url":"https:\/\/vieassociative.be\/actualites\/","name":"Vie Associative","description":"","publisher":{"@id":"https:\/\/vieassociative.be\/actualites\/#organization"},"potentialAction":[{"@type":"SearchAction","target":{"@type":"EntryPoint","urlTemplate":"https:\/\/vieassociative.be\/actualites\/?s={search_term_string}"},"query-input":{"@type":"PropertyValueSpecification","valueRequired":true,"valueName":"search_term_string"}}],"inLanguage":"fr-BE"},{"@type":"Organization","@id":"https:\/\/vieassociative.be\/actualites\/#organization","name":"Vie Associative","url":"https:\/\/vieassociative.be\/actualites\/","logo":{"@type":"ImageObject","inLanguage":"fr-BE","@id":"https:\/\/vieassociative.be\/actualites\/#\/schema\/logo\/image\/","url":"https:\/\/vieassociative.be\/actualites\/wp-content\/uploads\/2024\/09\/cropped-vieassociative_favicon.ico.png","contentUrl":"https:\/\/vieassociative.be\/actualites\/wp-content\/uploads\/2024\/09\/cropped-vieassociative_favicon.ico.png","width":512,"height":512,"caption":"Vie Associative"},"image":{"@id":"https:\/\/vieassociative.be\/actualites\/#\/schema\/logo\/image\/"}},{"@type":"Person","@id":"https:\/\/vieassociative.be\/actualites\/#\/schema\/person\/b87ac4f82f9d4e7b7cec7395b679edc4","name":"Julien","image":{"@type":"ImageObject","inLanguage":"fr-BE","@id":"https:\/\/vieassociative.be\/actualites\/#\/schema\/person\/image\/","url":"https:\/\/vieassociative.be\/actualites\/wp-content\/uploads\/2024\/09\/vie-associative-1-150x150.jpg","contentUrl":"https:\/\/vieassociative.be\/actualites\/wp-content\/uploads\/2024\/09\/vie-associative-1-150x150.jpg","caption":"Julien"},"description":"Je suis Julien, r\u00e9dacteur pour Vie Associative. Passionn\u00e9 par le monde associatif depuis plus de 10 ans, j'ai \u00e0 c\u0153ur de partager des histoires inspirantes et de mettre en lumi\u00e8re les initiatives locales. Mon objectif est de sensibiliser et d'encourager l'engagement communautaire \u00e0 travers mes articles.","sameAs":["https:\/\/vieassociative.be\/"]}]}},"_links":{"self":[{"href":"https:\/\/vieassociative.be\/actualites\/wp-json\/wp\/v2\/posts\/12268"}],"collection":[{"href":"https:\/\/vieassociative.be\/actualites\/wp-json\/wp\/v2\/posts"}],"about":[{"href":"https:\/\/vieassociative.be\/actualites\/wp-json\/wp\/v2\/types\/post"}],"author":[{"embeddable":true,"href":"https:\/\/vieassociative.be\/actualites\/wp-json\/wp\/v2\/users\/1"}],"replies":[{"embeddable":true,"href":"https:\/\/vieassociative.be\/actualites\/wp-json\/wp\/v2\/comments?post=12268"}],"version-history":[{"count":0,"href":"https:\/\/vieassociative.be\/actualites\/wp-json\/wp\/v2\/posts\/12268\/revisions"}],"wp:featuredmedia":[{"embeddable":true,"href":"https:\/\/vieassociative.be\/actualites\/wp-json\/wp\/v2\/media\/12269"}],"wp:attachment":[{"href":"https:\/\/vieassociative.be\/actualites\/wp-json\/wp\/v2\/media?parent=12268"}],"wp:term":[{"taxonomy":"category","embeddable":true,"href":"https:\/\/vieassociative.be\/actualites\/wp-json\/wp\/v2\/categories?post=12268"},{"taxonomy":"post_tag","embeddable":true,"href":"https:\/\/vieassociative.be\/actualites\/wp-json\/wp\/v2\/tags?post=12268"}],"curies":[{"name":"wp","href":"https:\/\/api.w.org\/{rel}","templated":true}]}}