{"id":12266,"date":"2026-01-19T12:20:30","date_gmt":"2026-01-19T11:20:30","guid":{"rendered":"https:\/\/vieassociative.be\/actualites\/ce-que-les-gens-se-trompent-cette-semaine-la-gravite-est-elle-terminee\/"},"modified":"2026-01-19T12:20:30","modified_gmt":"2026-01-19T11:20:30","slug":"ce-que-les-gens-se-trompent-cette-semaine-la-gravite-est-elle-terminee","status":"publish","type":"post","link":"https:\/\/vieassociative.be\/actualites\/ce-que-les-gens-se-trompent-cette-semaine-la-gravite-est-elle-terminee\/","title":{"rendered":"Ce que les gens se trompent cette semaine\u00a0: la gravit\u00e9 est-elle termin\u00e9e\u00a0?"},"content":{"rendered":"<p>Une rumeur circule en ligne \u2013 sur Reddit, Facebook, TikTok et (je suppose) Friendster \u2013 selon laquelle la gravit\u00e9 cessera de fonctionner pendant sept secondes le 12 ao\u00fbt. Voici une partie de l&rsquo;avertissement publi\u00e9 en ligne\u00a0:<\/p>\n<blockquote>\n<p>En novembre 2024, un document secret de la NASA intitul\u00e9 \u00ab Project Anchor \u00bb a \u00e9t\u00e9 divulgu\u00e9 en ligne. Le budget du projet est de 89 milliards de dollars et son objectif est de survivre \u00e0 une anomalie gravitationnelle de 7 secondes attendue le 12 ao\u00fbt 2026 \u00e0 14h33 UTC.<\/p>\n<p>Faits cl\u00e9s\u00a0:\u2022 Dur\u00e9e\u00a0: 7,3 secondes.\u2022 Victimes attendues\u00a0: 40 \u00e0 60 millions.<\/p>\n<p>Que se passera-t-il\u00a0: 1 \u00e0 2 secondes\u00a0: tout ce qui n&rsquo;est pas s\u00e9curis\u00e9 s&rsquo;\u00e9l\u00e8vera (personnes, v\u00e9hicules, animaux). 3 \u00e0 4 secondes\u00a0: les objets continueront de s&rsquo;\u00e9lever jusqu&rsquo;\u00e0 15 \u00e0 20 m\u00e8tres.<\/p>\n<p>Cons\u00e9quences attendues\u00a0: \u2022 40 millions de morts dues \u00e0 des chutes. \u2022 Destruction des infrastructures. \u2022 Effondrement \u00e9conomique qui dure plus de 10 ans. \u2022 Panique massive.<\/p>\n<\/blockquote>\n<p>Il s\u2019agit d\u2019une pr\u00e9diction scandaleusement irresponsable et remplie de d\u00e9sinformation. Dans un monde th\u00e9orique o\u00f9 la gravit\u00e9 serait facultative, le nombre de morts serait finalement bien plus lourd, mais il proviendrait des tremblements de terre et des raz-de-mar\u00e9e, et non des d\u00e9g\u00e2ts caus\u00e9s par les chutes.  <\/p>\n<h2 id=\"what-would-happen-if-gravity-stopped-working-for-seven-seconds\">Que se passerait-il si la gravit\u00e9 cessait de fonctionner pendant sept secondes ?<\/h2>\n<p>Nous devrons attendre jusqu&rsquo;en ao\u00fbt pour obtenir des donn\u00e9es d&rsquo;observation sur la d\u00e9sactivation de la grande gravit\u00e9, mais je voulais \u00eatre pr\u00e9par\u00e9, j&rsquo;ai donc demand\u00e9 \u00e0 Joel Meyers, cosmologiste th\u00e9orique et professeur \u00e0 la Southern Methodist University, \u00e0 quoi nous pouvons nous attendre le 12 ao\u00fbt. \u00ab\u00a0Cela d\u00e9pend de l&rsquo;endroit o\u00f9 vous vous trouvez en termes de latitude, mais pour quelqu&rsquo;un qui se trouve, disons, \u00e0 New York, en sept secondes sans gravit\u00e9, vous vous attendriez \u00e0 d\u00e9river lentement vers le haut d&rsquo;environ deux pieds de la surface de la Terre.\u00a0\u00bb<\/p>\n<p>Il est donc choquant de constater que les th\u00e9oriciens du complot sur Internet <em>faux<\/em>: vous ne \u00ab monteriez pas \u00e0 15-20 m\u00e8tres \u00bb ; tu ne te cognerais m\u00eame pas la t\u00eate contre le plafond. Vous flotteriez simplement, \u00e0 moins que vous ne sautiez dans les airs au bon moment. \u00ab\u00a0Une personne moyenne capable de sauter environ un pied et demi finirait par sauter environ 64 pieds dans les airs sans gravit\u00e9\u00a0\u00bb, a d\u00e9clar\u00e9 Meyers. <\/p>\n<h2 id=\"gravity-fears-assuaged\">Les craintes li\u00e9es \u00e0 la gravit\u00e9 apais\u00e9es<\/h2>\n<p>Avant de parler \u00e0 un cosmologiste th\u00e9oricien patient, je craignais que le manque de gravit\u00e9 \u00e0 l&rsquo;int\u00e9rieur de mon corps puisse provoquer le d\u00e9tachement de mes atomes les uns des autres et que je me dissolve en poussi\u00e8re, ce \u00e0 quoi je ne suis g\u00e9n\u00e9ralement pas favorable. \u00ab\u00a0La gravit\u00e9 elle-m\u00eame ne joue aucun r\u00f4le dans notre coh\u00e9sion\u00a0\u00bb, a d\u00e9clar\u00e9 Meyers. \u00ab\u00a0La structure de notre corps n&rsquo;est pas gravitationnelle, mais \u00e9lectromagn\u00e9tique.\u00a0\u00bb<\/p>\n<p>Une autre peur personnelle de la gravit\u00e9 concerne la respiration. Puisque la gravit\u00e9 maintient l&rsquo;atmosph\u00e8re sur Terre, tout l&rsquo;air ne serait-il pas instantan\u00e9ment \u00e9ject\u00e9 dans l&rsquo;espace au lieu de rester dans mes poumons, \u00e0 sa place ? Non. La d\u00e9compression se produirait, mais cela prendrait du temps. \u00ab\u00a0Les couches sup\u00e9rieures de l&rsquo;atmosph\u00e8re commenceraient \u00e0 flotter dans l&rsquo;espace, \u00e9tant repouss\u00e9es par les couches de l&rsquo;atmosph\u00e8re situ\u00e9es en dessous d&rsquo;elles\u00a0\u00bb, a d\u00e9clar\u00e9 Meyers. \u00ab\u00a0Mais quelques secondes ne suffiraient pas pour que nous perdions toute l&rsquo;atmosph\u00e8re autour de la Terre.\u00a0\u00bb<\/p>\n<p>Cependant, lorsque la gravit\u00e9 reviendrait, cela cr\u00e9erait une onde de pression atmosph\u00e9rique qui perturberait les conditions m\u00e9t\u00e9orologiques d\u2019une mani\u00e8re que nous ne pourrions pas pr\u00e9voir. Pire encore serait l\u2019effet d\u2019une perte soudaine de gravit\u00e9 sur la plan\u00e8te elle-m\u00eame. \u00ab\u00a0C&rsquo;est l\u00e0 que les choses deviennent un peu plus catastrophiques\u00a0\u00bb, a d\u00e9clar\u00e9 Meyers. \u00ab\u00a0En l&rsquo;absence de gravit\u00e9, il n&rsquo;y a rien pour lutter contre la pression qui existe au c\u0153ur de la Terre, dans le manteau ou dans la cro\u00fbte. La Terre n&rsquo;exploserait pas instantan\u00e9ment \u2013 \u200b\u200bil faut du temps pour que la masse se d\u00e9place en r\u00e9ponse \u00e0 la pression et aux forces \u2013 mais il y aurait certainement beaucoup d&rsquo;activit\u00e9 tectonique. \u00a0\u00bb <\/p>\n<p>Mais c&rsquo;est encore pire. Au bout de sept secondes, la Terre se regrouperait \u00e0 nouveau, ce qui \u00ab\u00a0cr\u00e9erait une impulsion qui se propagerait \u00e0 travers le monde en termes de tremblements de terre mondiaux d&rsquo;une mani\u00e8re vraiment difficile \u00e0 pr\u00e9voir en d\u00e9tail\u00a0\u00bb, a d\u00e9clar\u00e9 Meyers.<\/p>\n<h2 id=\"the-best-vehicles-to-be-in-when-the-gravity-goes-off\">Les meilleurs v\u00e9hicules \u00e0 bord lorsque la gravit\u00e9 s&rsquo;\u00e9teint<\/h2>\n<p>Si vous allez quelque part le 12 ao\u00fbt, assurez-vous de ne pas voyager en voiture. Le manque de gravit\u00e9 signifie que vos roues quitteraient la route, ce qui entra\u00eenerait la disparition de votre capacit\u00e9 \u00e0 diriger ou \u00e0 freiner. \u00ab\u00a0En fait, vous continueriez simplement en ligne droite, quelle que soit la vitesse \u00e0 laquelle vous rouliez juste avant que la gravit\u00e9 ne s&rsquo;\u00e9teigne\u00a0\u00bb, a d\u00e9clar\u00e9 Meyers, alors attendez-vous \u00e0 des retards de circulation sur la 405, car chaque voiture s&rsquo;\u00e9crase sur une autre voiture, un arbre et une barri\u00e8re. Les avions et les sous-marins seraient cependant en s\u00e9curit\u00e9, ce qui m\u2019am\u00e8ne \u00e0 mon plan personnel pour le 12 ao\u00fbt.<\/p>\n<h2 id=\"how-ill-survive-gravity-free-day\">Comment je vais survivre \u00e0 une journ\u00e9e sans gravit\u00e9<\/h2>\n<p>Comme je ne suis pas sur la liste des personnes choisies par la NASA, je vais monter cette chose dans le ventre m\u00e9tallique d&rsquo;un submersible des grands fonds. Le submersible est un syst\u00e8me ferm\u00e9 con\u00e7u pour r\u00e9sister aux changements de pression externe, annulant ainsi tout effet atmosph\u00e9rique. La tourmente de l\u2019oc\u00e9an qui monte puis descend causerait probablement des raz-de-mar\u00e9e massifs, mais pas l\u00e0 o\u00f9 je me trouve, sous la mer. <\/p>\n<p>Pendant que vous autres, les connards, faites face aux s\u00e9quelles d&rsquo;inimaginables tremblements de terre mondiaux et de coul\u00e9es de magma, je vais me d\u00e9tendre dans mon sous-marin, en jouant <em>Angry Birds.<\/em> Le moment venu, je reviendrai triomphalement \u00e0 la surface pour r\u00e9gner sur la plan\u00e8te en ruine. \u00ab\u00a0Je pense que c&rsquo;est un plan tr\u00e8s solide ; (il) couvre vraiment beaucoup de bases\u00a0\u00bb, a d\u00e9clar\u00e9 Meyers.<\/p>\n<h2 id=\"the-bottom-line-is-gravity-going-to-turn-off-on-august-12\">En fin de compte : la gravit\u00e9 va-t-elle s\u2019\u00e9teindre le 12 ao\u00fbt ?<\/h2>\n<p>Je me suis senti stupide de le faire, mais j&rsquo;ai demand\u00e9 cat\u00e9goriquement \u00e0 Meyers quelles \u00e9taient les chances qu&rsquo;Internet ait raison sur la fin de la gravit\u00e9 le 12 ao\u00fbt. Il a r\u00e9pondu : \u00ab\u00a0c&rsquo;est tr\u00e8s loin du domaine des possibilit\u00e9s\u00a0\u00bb. <\/p>\n<p>Il n\u2019existe aucun document secret de la NASA intitul\u00e9 \u00ab Project Anchor \u00bb et il n\u2019existe aucun moyen de d\u00e9sactiver la gravit\u00e9. \u00ab\u00a0La gravit\u00e9 est une propri\u00e9t\u00e9 inh\u00e9rente \u00e0 l&rsquo;espace-temps\u00a0\u00bb, a expliqu\u00e9 Meyers, cl\u00f4turant le livre sur l&rsquo;une des th\u00e9ories du complot les plus stupides de l&rsquo;ann\u00e9e. <\/p>\n<p><script async src=\"\/\/www.tiktok.com\/embed.js\"><\/script><\/p>\n","protected":false},"excerpt":{"rendered":"<p>Une rumeur circule en ligne \u2013 sur Reddit, Facebook, TikTok et (je suppose) Friendster \u2013 selon laquelle la gravit\u00e9 cessera de fonctionner pendant sept secondes<\/p>\n","protected":false},"author":1,"featured_media":12267,"comment_status":"","ping_status":"","sticky":false,"template":"","format":"standard","meta":{"footnotes":""},"categories":[36],"tags":[206,1413,1046,8153,14,1348,3120,2469],"class_list":["post-12266","post","type-post","status-publish","format-standard","has-post-thumbnail","hentry","category-divertissement","tag-cette","tag-estelle","tag-gens","tag-gravite","tag-les","tag-semaine","tag-terminee","tag-trompent","generate-columns","tablet-grid-50","mobile-grid-100","grid-parent","grid-33"],"yoast_head":"<!-- This site is optimized with the Yoast SEO plugin v24.0 - https:\/\/yoast.com\/wordpress\/plugins\/seo\/ -->\n<title>Ce que les gens se trompent cette semaine\u00a0: la gravit\u00e9 est-elle termin\u00e9e\u00a0? | Vie Associative<\/title>\n<meta name=\"robots\" content=\"index, follow, max-snippet:-1, max-image-preview:large, max-video-preview:-1\" \/>\n<link rel=\"canonical\" href=\"https:\/\/vieassociative.be\/actualites\/ce-que-les-gens-se-trompent-cette-semaine-la-gravite-est-elle-terminee\/\" \/>\n<meta property=\"og:locale\" content=\"fr_FR\" \/>\n<meta property=\"og:type\" content=\"article\" \/>\n<meta property=\"og:title\" content=\"Ce que les gens se trompent cette semaine\u00a0: la gravit\u00e9 est-elle termin\u00e9e\u00a0? | Vie Associative\" \/>\n<meta property=\"og:description\" content=\"Une rumeur circule en ligne \u2013 sur Reddit, Facebook, TikTok et (je suppose) Friendster \u2013 selon laquelle la gravit\u00e9 cessera de fonctionner pendant sept secondes\" \/>\n<meta property=\"og:url\" content=\"https:\/\/vieassociative.be\/actualites\/ce-que-les-gens-se-trompent-cette-semaine-la-gravite-est-elle-terminee\/\" \/>\n<meta property=\"og:site_name\" content=\"Vie Associative\" \/>\n<meta property=\"article:published_time\" content=\"2026-01-19T11:20:30+00:00\" \/>\n<meta property=\"og:image\" content=\"https:\/\/vieassociative.be\/actualites\/wp-content\/uploads\/2024\/09\/header_backgroundk-01-e1726694325946.png\" \/>\n\t<meta property=\"og:image:width\" content=\"279\" \/>\n\t<meta property=\"og:image:height\" content=\"92\" \/>\n\t<meta property=\"og:image:type\" content=\"image\/png\" \/>\n<meta name=\"author\" content=\"Julien\" \/>\n<meta name=\"twitter:card\" content=\"summary_large_image\" \/>\n<meta name=\"twitter:label1\" content=\"\u00c9crit par\" \/>\n\t<meta name=\"twitter:data1\" content=\"Julien\" \/>\n\t<meta name=\"twitter:label2\" content=\"Dur\u00e9e de lecture est.\" \/>\n\t<meta name=\"twitter:data2\" content=\"6 minutes\" \/>\n<script type=\"application\/ld+json\" class=\"yoast-schema-graph\">{\"@context\":\"https:\/\/schema.org\",\"@graph\":[{\"@type\":\"Article\",\"@id\":\"https:\/\/vieassociative.be\/actualites\/ce-que-les-gens-se-trompent-cette-semaine-la-gravite-est-elle-terminee\/#article\",\"isPartOf\":{\"@id\":\"https:\/\/vieassociative.be\/actualites\/ce-que-les-gens-se-trompent-cette-semaine-la-gravite-est-elle-terminee\/\"},\"author\":{\"name\":\"Julien\",\"@id\":\"https:\/\/vieassociative.be\/actualites\/#\/schema\/person\/b87ac4f82f9d4e7b7cec7395b679edc4\"},\"headline\":\"Ce que les gens se trompent cette semaine\u00a0: la gravit\u00e9 est-elle termin\u00e9e\u00a0?\",\"datePublished\":\"2026-01-19T11:20:30+00:00\",\"dateModified\":\"2026-01-19T11:20:30+00:00\",\"mainEntityOfPage\":{\"@id\":\"https:\/\/vieassociative.be\/actualites\/ce-que-les-gens-se-trompent-cette-semaine-la-gravite-est-elle-terminee\/\"},\"wordCount\":1152,\"publisher\":{\"@id\":\"https:\/\/vieassociative.be\/actualites\/#organization\"},\"image\":{\"@id\":\"https:\/\/vieassociative.be\/actualites\/ce-que-les-gens-se-trompent-cette-semaine-la-gravite-est-elle-terminee\/#primaryimage\"},\"thumbnailUrl\":\"https:\/\/vieassociative.be\/actualites\/wp-content\/uploads\/2026\/01\/Ce-que-les-gens-se-trompent-cette-semaine-la-gravite.png\",\"keywords\":[\"cette\",\"estelle\",\"gens\",\"gravit\u00e9\",\"Les\",\"semaine\",\"termin\u00e9e\",\"trompent\"],\"articleSection\":[\"Divertissement\"],\"inLanguage\":\"fr-BE\"},{\"@type\":\"WebPage\",\"@id\":\"https:\/\/vieassociative.be\/actualites\/ce-que-les-gens-se-trompent-cette-semaine-la-gravite-est-elle-terminee\/\",\"url\":\"https:\/\/vieassociative.be\/actualites\/ce-que-les-gens-se-trompent-cette-semaine-la-gravite-est-elle-terminee\/\",\"name\":\"Ce que les gens se trompent cette semaine\u00a0: la gravit\u00e9 est-elle termin\u00e9e\u00a0? | Vie Associative\",\"isPartOf\":{\"@id\":\"https:\/\/vieassociative.be\/actualites\/#website\"},\"primaryImageOfPage\":{\"@id\":\"https:\/\/vieassociative.be\/actualites\/ce-que-les-gens-se-trompent-cette-semaine-la-gravite-est-elle-terminee\/#primaryimage\"},\"image\":{\"@id\":\"https:\/\/vieassociative.be\/actualites\/ce-que-les-gens-se-trompent-cette-semaine-la-gravite-est-elle-terminee\/#primaryimage\"},\"thumbnailUrl\":\"https:\/\/vieassociative.be\/actualites\/wp-content\/uploads\/2026\/01\/Ce-que-les-gens-se-trompent-cette-semaine-la-gravite.png\",\"datePublished\":\"2026-01-19T11:20:30+00:00\",\"dateModified\":\"2026-01-19T11:20:30+00:00\",\"breadcrumb\":{\"@id\":\"https:\/\/vieassociative.be\/actualites\/ce-que-les-gens-se-trompent-cette-semaine-la-gravite-est-elle-terminee\/#breadcrumb\"},\"inLanguage\":\"fr-BE\",\"potentialAction\":[{\"@type\":\"ReadAction\",\"target\":[\"https:\/\/vieassociative.be\/actualites\/ce-que-les-gens-se-trompent-cette-semaine-la-gravite-est-elle-terminee\/\"]}]},{\"@type\":\"ImageObject\",\"inLanguage\":\"fr-BE\",\"@id\":\"https:\/\/vieassociative.be\/actualites\/ce-que-les-gens-se-trompent-cette-semaine-la-gravite-est-elle-terminee\/#primaryimage\",\"url\":\"https:\/\/vieassociative.be\/actualites\/wp-content\/uploads\/2026\/01\/Ce-que-les-gens-se-trompent-cette-semaine-la-gravite.png\",\"contentUrl\":\"https:\/\/vieassociative.be\/actualites\/wp-content\/uploads\/2026\/01\/Ce-que-les-gens-se-trompent-cette-semaine-la-gravite.png\",\"width\":1200,\"height\":675,\"caption\":\"Ce que les gens se trompent cette semaine\u00a0: la gravit\u00e9 est-elle termin\u00e9e\u00a0?\"},{\"@type\":\"BreadcrumbList\",\"@id\":\"https:\/\/vieassociative.be\/actualites\/ce-que-les-gens-se-trompent-cette-semaine-la-gravite-est-elle-terminee\/#breadcrumb\",\"itemListElement\":[{\"@type\":\"ListItem\",\"position\":1,\"name\":\"Accueil\",\"item\":\"https:\/\/vieassociative.be\/actualites\/\"},{\"@type\":\"ListItem\",\"position\":2,\"name\":\"Ce que les gens se trompent cette semaine\u00a0: la gravit\u00e9 est-elle termin\u00e9e\u00a0?\"}]},{\"@type\":\"WebSite\",\"@id\":\"https:\/\/vieassociative.be\/actualites\/#website\",\"url\":\"https:\/\/vieassociative.be\/actualites\/\",\"name\":\"Vie Associative\",\"description\":\"\",\"publisher\":{\"@id\":\"https:\/\/vieassociative.be\/actualites\/#organization\"},\"potentialAction\":[{\"@type\":\"SearchAction\",\"target\":{\"@type\":\"EntryPoint\",\"urlTemplate\":\"https:\/\/vieassociative.be\/actualites\/?s={search_term_string}\"},\"query-input\":{\"@type\":\"PropertyValueSpecification\",\"valueRequired\":true,\"valueName\":\"search_term_string\"}}],\"inLanguage\":\"fr-BE\"},{\"@type\":\"Organization\",\"@id\":\"https:\/\/vieassociative.be\/actualites\/#organization\",\"name\":\"Vie Associative\",\"url\":\"https:\/\/vieassociative.be\/actualites\/\",\"logo\":{\"@type\":\"ImageObject\",\"inLanguage\":\"fr-BE\",\"@id\":\"https:\/\/vieassociative.be\/actualites\/#\/schema\/logo\/image\/\",\"url\":\"https:\/\/vieassociative.be\/actualites\/wp-content\/uploads\/2024\/09\/cropped-vieassociative_favicon.ico.png\",\"contentUrl\":\"https:\/\/vieassociative.be\/actualites\/wp-content\/uploads\/2024\/09\/cropped-vieassociative_favicon.ico.png\",\"width\":512,\"height\":512,\"caption\":\"Vie Associative\"},\"image\":{\"@id\":\"https:\/\/vieassociative.be\/actualites\/#\/schema\/logo\/image\/\"}},{\"@type\":\"Person\",\"@id\":\"https:\/\/vieassociative.be\/actualites\/#\/schema\/person\/b87ac4f82f9d4e7b7cec7395b679edc4\",\"name\":\"Julien\",\"image\":{\"@type\":\"ImageObject\",\"inLanguage\":\"fr-BE\",\"@id\":\"https:\/\/vieassociative.be\/actualites\/#\/schema\/person\/image\/\",\"url\":\"https:\/\/vieassociative.be\/actualites\/wp-content\/uploads\/2024\/09\/vie-associative-1-150x150.jpg\",\"contentUrl\":\"https:\/\/vieassociative.be\/actualites\/wp-content\/uploads\/2024\/09\/vie-associative-1-150x150.jpg\",\"caption\":\"Julien\"},\"description\":\"Je suis Julien, r\u00e9dacteur pour Vie Associative. Passionn\u00e9 par le monde associatif depuis plus de 10 ans, j'ai \u00e0 c\u0153ur de partager des histoires inspirantes et de mettre en lumi\u00e8re les initiatives locales. Mon objectif est de sensibiliser et d'encourager l'engagement communautaire \u00e0 travers mes articles.\",\"sameAs\":[\"https:\/\/vieassociative.be\/\"]}]}<\/script>\n<!-- \/ Yoast SEO plugin. -->","yoast_head_json":{"title":"Ce que les gens se trompent cette semaine\u00a0: la gravit\u00e9 est-elle termin\u00e9e\u00a0? | Vie Associative","robots":{"index":"index","follow":"follow","max-snippet":"max-snippet:-1","max-image-preview":"max-image-preview:large","max-video-preview":"max-video-preview:-1"},"canonical":"https:\/\/vieassociative.be\/actualites\/ce-que-les-gens-se-trompent-cette-semaine-la-gravite-est-elle-terminee\/","og_locale":"fr_FR","og_type":"article","og_title":"Ce que les gens se trompent cette semaine\u00a0: la gravit\u00e9 est-elle termin\u00e9e\u00a0? | Vie Associative","og_description":"Une rumeur circule en ligne \u2013 sur Reddit, Facebook, TikTok et (je suppose) Friendster \u2013 selon laquelle la gravit\u00e9 cessera de fonctionner pendant sept secondes","og_url":"https:\/\/vieassociative.be\/actualites\/ce-que-les-gens-se-trompent-cette-semaine-la-gravite-est-elle-terminee\/","og_site_name":"Vie Associative","article_published_time":"2026-01-19T11:20:30+00:00","og_image":[{"width":279,"height":92,"url":"https:\/\/vieassociative.be\/actualites\/wp-content\/uploads\/2024\/09\/header_backgroundk-01-e1726694325946.png","type":"image\/png"}],"author":"Julien","twitter_card":"summary_large_image","twitter_misc":{"\u00c9crit par":"Julien","Dur\u00e9e de lecture est.":"6 minutes"},"schema":{"@context":"https:\/\/schema.org","@graph":[{"@type":"Article","@id":"https:\/\/vieassociative.be\/actualites\/ce-que-les-gens-se-trompent-cette-semaine-la-gravite-est-elle-terminee\/#article","isPartOf":{"@id":"https:\/\/vieassociative.be\/actualites\/ce-que-les-gens-se-trompent-cette-semaine-la-gravite-est-elle-terminee\/"},"author":{"name":"Julien","@id":"https:\/\/vieassociative.be\/actualites\/#\/schema\/person\/b87ac4f82f9d4e7b7cec7395b679edc4"},"headline":"Ce que les gens se trompent cette semaine\u00a0: la gravit\u00e9 est-elle termin\u00e9e\u00a0?","datePublished":"2026-01-19T11:20:30+00:00","dateModified":"2026-01-19T11:20:30+00:00","mainEntityOfPage":{"@id":"https:\/\/vieassociative.be\/actualites\/ce-que-les-gens-se-trompent-cette-semaine-la-gravite-est-elle-terminee\/"},"wordCount":1152,"publisher":{"@id":"https:\/\/vieassociative.be\/actualites\/#organization"},"image":{"@id":"https:\/\/vieassociative.be\/actualites\/ce-que-les-gens-se-trompent-cette-semaine-la-gravite-est-elle-terminee\/#primaryimage"},"thumbnailUrl":"https:\/\/vieassociative.be\/actualites\/wp-content\/uploads\/2026\/01\/Ce-que-les-gens-se-trompent-cette-semaine-la-gravite.png","keywords":["cette","estelle","gens","gravit\u00e9","Les","semaine","termin\u00e9e","trompent"],"articleSection":["Divertissement"],"inLanguage":"fr-BE"},{"@type":"WebPage","@id":"https:\/\/vieassociative.be\/actualites\/ce-que-les-gens-se-trompent-cette-semaine-la-gravite-est-elle-terminee\/","url":"https:\/\/vieassociative.be\/actualites\/ce-que-les-gens-se-trompent-cette-semaine-la-gravite-est-elle-terminee\/","name":"Ce que les gens se trompent cette semaine\u00a0: la gravit\u00e9 est-elle termin\u00e9e\u00a0? | Vie Associative","isPartOf":{"@id":"https:\/\/vieassociative.be\/actualites\/#website"},"primaryImageOfPage":{"@id":"https:\/\/vieassociative.be\/actualites\/ce-que-les-gens-se-trompent-cette-semaine-la-gravite-est-elle-terminee\/#primaryimage"},"image":{"@id":"https:\/\/vieassociative.be\/actualites\/ce-que-les-gens-se-trompent-cette-semaine-la-gravite-est-elle-terminee\/#primaryimage"},"thumbnailUrl":"https:\/\/vieassociative.be\/actualites\/wp-content\/uploads\/2026\/01\/Ce-que-les-gens-se-trompent-cette-semaine-la-gravite.png","datePublished":"2026-01-19T11:20:30+00:00","dateModified":"2026-01-19T11:20:30+00:00","breadcrumb":{"@id":"https:\/\/vieassociative.be\/actualites\/ce-que-les-gens-se-trompent-cette-semaine-la-gravite-est-elle-terminee\/#breadcrumb"},"inLanguage":"fr-BE","potentialAction":[{"@type":"ReadAction","target":["https:\/\/vieassociative.be\/actualites\/ce-que-les-gens-se-trompent-cette-semaine-la-gravite-est-elle-terminee\/"]}]},{"@type":"ImageObject","inLanguage":"fr-BE","@id":"https:\/\/vieassociative.be\/actualites\/ce-que-les-gens-se-trompent-cette-semaine-la-gravite-est-elle-terminee\/#primaryimage","url":"https:\/\/vieassociative.be\/actualites\/wp-content\/uploads\/2026\/01\/Ce-que-les-gens-se-trompent-cette-semaine-la-gravite.png","contentUrl":"https:\/\/vieassociative.be\/actualites\/wp-content\/uploads\/2026\/01\/Ce-que-les-gens-se-trompent-cette-semaine-la-gravite.png","width":1200,"height":675,"caption":"Ce que les gens se trompent cette semaine\u00a0: la gravit\u00e9 est-elle termin\u00e9e\u00a0?"},{"@type":"BreadcrumbList","@id":"https:\/\/vieassociative.be\/actualites\/ce-que-les-gens-se-trompent-cette-semaine-la-gravite-est-elle-terminee\/#breadcrumb","itemListElement":[{"@type":"ListItem","position":1,"name":"Accueil","item":"https:\/\/vieassociative.be\/actualites\/"},{"@type":"ListItem","position":2,"name":"Ce que les gens se trompent cette semaine\u00a0: la gravit\u00e9 est-elle termin\u00e9e\u00a0?"}]},{"@type":"WebSite","@id":"https:\/\/vieassociative.be\/actualites\/#website","url":"https:\/\/vieassociative.be\/actualites\/","name":"Vie Associative","description":"","publisher":{"@id":"https:\/\/vieassociative.be\/actualites\/#organization"},"potentialAction":[{"@type":"SearchAction","target":{"@type":"EntryPoint","urlTemplate":"https:\/\/vieassociative.be\/actualites\/?s={search_term_string}"},"query-input":{"@type":"PropertyValueSpecification","valueRequired":true,"valueName":"search_term_string"}}],"inLanguage":"fr-BE"},{"@type":"Organization","@id":"https:\/\/vieassociative.be\/actualites\/#organization","name":"Vie Associative","url":"https:\/\/vieassociative.be\/actualites\/","logo":{"@type":"ImageObject","inLanguage":"fr-BE","@id":"https:\/\/vieassociative.be\/actualites\/#\/schema\/logo\/image\/","url":"https:\/\/vieassociative.be\/actualites\/wp-content\/uploads\/2024\/09\/cropped-vieassociative_favicon.ico.png","contentUrl":"https:\/\/vieassociative.be\/actualites\/wp-content\/uploads\/2024\/09\/cropped-vieassociative_favicon.ico.png","width":512,"height":512,"caption":"Vie Associative"},"image":{"@id":"https:\/\/vieassociative.be\/actualites\/#\/schema\/logo\/image\/"}},{"@type":"Person","@id":"https:\/\/vieassociative.be\/actualites\/#\/schema\/person\/b87ac4f82f9d4e7b7cec7395b679edc4","name":"Julien","image":{"@type":"ImageObject","inLanguage":"fr-BE","@id":"https:\/\/vieassociative.be\/actualites\/#\/schema\/person\/image\/","url":"https:\/\/vieassociative.be\/actualites\/wp-content\/uploads\/2024\/09\/vie-associative-1-150x150.jpg","contentUrl":"https:\/\/vieassociative.be\/actualites\/wp-content\/uploads\/2024\/09\/vie-associative-1-150x150.jpg","caption":"Julien"},"description":"Je suis Julien, r\u00e9dacteur pour Vie Associative. Passionn\u00e9 par le monde associatif depuis plus de 10 ans, j'ai \u00e0 c\u0153ur de partager des histoires inspirantes et de mettre en lumi\u00e8re les initiatives locales. Mon objectif est de sensibiliser et d'encourager l'engagement communautaire \u00e0 travers mes articles.","sameAs":["https:\/\/vieassociative.be\/"]}]}},"_links":{"self":[{"href":"https:\/\/vieassociative.be\/actualites\/wp-json\/wp\/v2\/posts\/12266"}],"collection":[{"href":"https:\/\/vieassociative.be\/actualites\/wp-json\/wp\/v2\/posts"}],"about":[{"href":"https:\/\/vieassociative.be\/actualites\/wp-json\/wp\/v2\/types\/post"}],"author":[{"embeddable":true,"href":"https:\/\/vieassociative.be\/actualites\/wp-json\/wp\/v2\/users\/1"}],"replies":[{"embeddable":true,"href":"https:\/\/vieassociative.be\/actualites\/wp-json\/wp\/v2\/comments?post=12266"}],"version-history":[{"count":0,"href":"https:\/\/vieassociative.be\/actualites\/wp-json\/wp\/v2\/posts\/12266\/revisions"}],"wp:featuredmedia":[{"embeddable":true,"href":"https:\/\/vieassociative.be\/actualites\/wp-json\/wp\/v2\/media\/12267"}],"wp:attachment":[{"href":"https:\/\/vieassociative.be\/actualites\/wp-json\/wp\/v2\/media?parent=12266"}],"wp:term":[{"taxonomy":"category","embeddable":true,"href":"https:\/\/vieassociative.be\/actualites\/wp-json\/wp\/v2\/categories?post=12266"},{"taxonomy":"post_tag","embeddable":true,"href":"https:\/\/vieassociative.be\/actualites\/wp-json\/wp\/v2\/tags?post=12266"}],"curies":[{"name":"wp","href":"https:\/\/api.w.org\/{rel}","templated":true}]}}