{"id":12264,"date":"2026-01-19T06:19:39","date_gmt":"2026-01-19T05:19:39","guid":{"rendered":"https:\/\/vieassociative.be\/actualites\/android-16-facilite-le-partage-decran-sur-des-ecrans-plus-petits\/"},"modified":"2026-01-19T06:19:39","modified_gmt":"2026-01-19T05:19:39","slug":"android-16-facilite-le-partage-decran-sur-des-ecrans-plus-petits","status":"publish","type":"post","link":"https:\/\/vieassociative.be\/actualites\/android-16-facilite-le-partage-decran-sur-des-ecrans-plus-petits\/","title":{"rendered":"Android 16 facilite le partage d&rsquo;\u00e9cran sur des \u00e9crans plus petits"},"content":{"rendered":"<p>Stock Android a ajout\u00e9 le concept de paires d&rsquo;applications dans Android 15. Vous choisissez deux applications \u00e0 utiliser en mode \u00e9cran partag\u00e9, ajoutez un raccourci vers les applications coupl\u00e9es \u00e0 l&rsquo;\u00e9cran d&rsquo;accueil, et il est d\u00e9sormais tr\u00e8s facile de d\u00e9clencher le multit\u00e2che sur \u00e9cran partag\u00e9 (au lieu d&rsquo;avoir \u00e0 effectuer plusieurs gestes de toucher et de glisser).<\/p>\n<p>Cela semble sympa, mais je ne l&rsquo;ai jamais vraiment utilis\u00e9, car sur mon petit Pixel 9a, utiliser des applications en mode \u00e9cran partag\u00e9 50:50 n&rsquo;est gu\u00e8re convivial. Il n\u2019y a tout simplement pas assez de place sur l\u2019\u00e9cran pour que chaque application en occupe la moiti\u00e9 tout en restant utilisable. Mais cela a chang\u00e9 avec Android 16, gr\u00e2ce \u00e0 une petite mise \u00e0 jour du fonctionnement de l\u2019\u00e9cran partag\u00e9.<\/p>\n<p>Dans Android 16, les ratios d\u2019\u00e9cran partag\u00e9 pour les paires d\u2019applications sont beaucoup plus flexibles. Vous pouvez avoir deux applications en 70h30, voire 90h10. Et une fois que vous vous \u00eates habitu\u00e9 \u00e0 l\u2019id\u00e9e du multit\u00e2che sur \u00e9cran partag\u00e9 90:10, les choses commencent vraiment \u00e0 couler.<\/p>\n<p>Par exemple, j&rsquo;ai une paire d&rsquo;applications pour mes applications Chrome et Gemini. Chrome pour la navigation et Gemini pour la recherche. <\/p>\n<div class=\"eloquent-imagery-image\">\n<div class=\"flex justify-center\">\n                    <img decoding=\"async\" class=\"border border-gray-100\" src=\"https:\/\/vieassociative.be\/actualites\/wp-content\/uploads\/2026\/01\/Android-16-facilite-le-partage-decran-sur-des-ecrans-plus.png\" alt=\"Multit\u00e2che en \u00e9cran partag\u00e9 90:10 sur Andorid\" width=\"2000\" height=\"1500\" loading=\"lazy\">\n            <\/div>\n<div class=\"mt-2 font-akshar\">\n                            <span class=\"image-caption block text-sm leading-4 tracking-wide text-(#1F2937)\"><\/span><br \/>\n                                        <span class=\"mt-1 block font-sans text-xs tracking-normal text-gray-600\">Cr\u00e9dit : Khamosh Pathak<\/span>\n                    <\/div>\n<\/p><\/div>\n<p>Chrome est g\u00e9n\u00e9ralement mon application maximis\u00e9e, occupant 90\u00a0% de l&rsquo;espace de mon \u00e9cran, tandis que Gemini est ancr\u00e9 en bas, minimis\u00e9. Mais d\u2019un simple clic, Gemini passe au premier plan et Chrome passe au second plan. Et je peux continuer \u00e0 basculer entre les deux tout aussi facilement. C&rsquo;est beaucoup plus rapide que d&rsquo;utiliser le menu multit\u00e2che d&rsquo;Android.<\/p>\n<h2 id=\"how-to-set-up-app-pairs-with-9010-split-screen-multitasking\">Comment configurer des paires d&rsquo;applications avec un multit\u00e2che en \u00e9cran partag\u00e9 90:10<\/h2>\n<p>Pour configurer une paire d&rsquo;applications et l&rsquo;essayer par vous-m\u00eame, vous devez d&rsquo;abord cr\u00e9er une paire d&rsquo;\u00e9cran partag\u00e9. Ouvrez les deux applications que vous souhaitez associer, puis acc\u00e9dez \u00e0 la vue multit\u00e2che (faites glisser votre doigt depuis la barre d&rsquo;accueil vers le haut et maintenez la pression pendant une seconde). Appuyez sur le nom de la premi\u00e8re application que vous souhaitez ouvrir et choisissez l&rsquo;option <strong>\u00c9cran partag\u00e9<\/strong> option. Choisissez ensuite une autre application avec laquelle l\u2019associer. Vous allez maintenant acc\u00e9der \u00e0 une vue en \u00e9cran partag\u00e9 50:50. Saisissez la poign\u00e9e entre les deux applications et faites-la glisser compl\u00e8tement vers le haut ou vers le bas pour d\u00e9clencher la r\u00e9partition 90:10. Alternativement, vous pouvez \u00e9galement configurer une r\u00e9partition 70h30 en laissant un espace suppl\u00e9mentaire sur votre deuxi\u00e8me application.<\/p>\n<div class=\"eloquent-imagery-image\">\n<div class=\"flex justify-center\">\n                    <img decoding=\"async\" class=\"border border-gray-100\" src=\"https:\/\/vieassociative.be\/actualites\/wp-content\/uploads\/2026\/01\/1768799976_306_Android-16-facilite-le-partage-decran-sur-des-ecrans-plus.png\" alt=\"D\u00e9clenchement de la fonctionnalit\u00e9 d'\u00e9cran partag\u00e9 pour Android.\" width=\"2000\" height=\"1500\" loading=\"lazy\">\n            <\/div>\n<div class=\"mt-2 font-akshar\">\n                            <span class=\"image-caption block text-sm leading-4 tracking-wide text-(#1F2937)\"><\/span><br \/>\n                                        <span class=\"mt-1 block font-sans text-xs tracking-normal text-gray-600\">Cr\u00e9dit : Khamosh Pathak<\/span>\n                    <\/div>\n<\/p><\/div>\n<p>Maintenant, revenez \u00e0 la vue multit\u00e2che, appuyez sur l&rsquo;un des noms d&rsquo;application et choisissez l&rsquo;option <strong>Enregistrer la paire d&rsquo;applications<\/strong> option.<\/p>\n<div class=\"eloquent-imagery-image\">\n<div class=\"flex justify-center\">\n                    <img decoding=\"async\" class=\"border border-gray-100\" src=\"https:\/\/vieassociative.be\/actualites\/wp-content\/uploads\/2026\/01\/1768799979_912_Android-16-facilite-le-partage-decran-sur-des-ecrans-plus.png\" alt=\"Enregistrement de paires d'applications sur Android.\" width=\"2000\" height=\"1501\" loading=\"lazy\">\n            <\/div>\n<div class=\"mt-2 font-akshar\">\n                            <span class=\"image-caption block text-sm leading-4 tracking-wide text-(#1F2937)\"><\/span><br \/>\n                                        <span class=\"mt-1 block font-sans text-xs tracking-normal text-gray-600\">Cr\u00e9dit : Khamosh Pathak<\/span>\n                    <\/div>\n<\/p><\/div>\n<p>Apr\u00e8s cela, vous trouverez la paire d&rsquo;applications sous forme de raccourci sur votre \u00e9cran d&rsquo;accueil. Appuyez dessus pour lancer votre combo d&rsquo;applications pr\u00e9configur\u00e9es. Et oui, il m\u00e9morise votre dernier rapport d\u2019\u00e9cran partag\u00e9 utilis\u00e9, ce qui vous fait gagner un temps pr\u00e9cieux de configuration. <\/p>\n","protected":false},"excerpt":{"rendered":"<p>Stock Android a ajout\u00e9 le concept de paires d&rsquo;applications dans Android 15. Vous choisissez deux applications \u00e0 utiliser en mode \u00e9cran partag\u00e9, ajoutez un raccourci<\/p>\n","protected":false},"author":1,"featured_media":12265,"comment_status":"","ping_status":"","sticky":false,"template":"","format":"standard","meta":{"footnotes":""},"categories":[1],"tags":[946,945,29,8055,448,1276,323,33],"class_list":["post-12264","post","type-post","status-publish","format-standard","has-post-thumbnail","hentry","category-non-classe","tag-android","tag-decran","tag-des","tag-ecrans","tag-facilite","tag-partage","tag-petits","tag-sur","generate-columns","tablet-grid-50","mobile-grid-100","grid-parent","grid-33"],"yoast_head":"<!-- This site is optimized with the Yoast SEO plugin v24.0 - https:\/\/yoast.com\/wordpress\/plugins\/seo\/ -->\n<title>Android 16 facilite le partage d&#039;\u00e9cran sur des \u00e9crans plus petits | Vie Associative<\/title>\n<meta name=\"robots\" content=\"index, follow, max-snippet:-1, max-image-preview:large, max-video-preview:-1\" \/>\n<link rel=\"canonical\" href=\"https:\/\/vieassociative.be\/actualites\/android-16-facilite-le-partage-decran-sur-des-ecrans-plus-petits\/\" \/>\n<meta property=\"og:locale\" content=\"fr_FR\" \/>\n<meta property=\"og:type\" content=\"article\" \/>\n<meta property=\"og:title\" content=\"Android 16 facilite le partage d&#039;\u00e9cran sur des \u00e9crans plus petits | Vie Associative\" \/>\n<meta property=\"og:description\" content=\"Stock Android a ajout\u00e9 le concept de paires d&rsquo;applications dans Android 15. Vous choisissez deux applications \u00e0 utiliser en mode \u00e9cran partag\u00e9, ajoutez un raccourci\" \/>\n<meta property=\"og:url\" content=\"https:\/\/vieassociative.be\/actualites\/android-16-facilite-le-partage-decran-sur-des-ecrans-plus-petits\/\" \/>\n<meta property=\"og:site_name\" content=\"Vie Associative\" \/>\n<meta property=\"article:published_time\" content=\"2026-01-19T05:19:39+00:00\" \/>\n<meta property=\"og:image\" content=\"https:\/\/vieassociative.be\/actualites\/wp-content\/uploads\/2026\/01\/Android-16-facilite-le-partage-decran-sur-des-ecrans-plus.png\" \/>\n<meta name=\"author\" content=\"Julien\" \/>\n<meta name=\"twitter:card\" content=\"summary_large_image\" \/>\n<meta name=\"twitter:label1\" content=\"\u00c9crit par\" \/>\n\t<meta name=\"twitter:data1\" content=\"Julien\" \/>\n\t<meta name=\"twitter:label2\" content=\"Dur\u00e9e de lecture est.\" \/>\n\t<meta name=\"twitter:data2\" content=\"2 minutes\" \/>\n<script type=\"application\/ld+json\" class=\"yoast-schema-graph\">{\"@context\":\"https:\/\/schema.org\",\"@graph\":[{\"@type\":\"Article\",\"@id\":\"https:\/\/vieassociative.be\/actualites\/android-16-facilite-le-partage-decran-sur-des-ecrans-plus-petits\/#article\",\"isPartOf\":{\"@id\":\"https:\/\/vieassociative.be\/actualites\/android-16-facilite-le-partage-decran-sur-des-ecrans-plus-petits\/\"},\"author\":{\"name\":\"Julien\",\"@id\":\"https:\/\/vieassociative.be\/actualites\/#\/schema\/person\/b87ac4f82f9d4e7b7cec7395b679edc4\"},\"headline\":\"Android 16 facilite le partage d&rsquo;\u00e9cran sur des \u00e9crans plus petits\",\"datePublished\":\"2026-01-19T05:19:39+00:00\",\"dateModified\":\"2026-01-19T05:19:39+00:00\",\"mainEntityOfPage\":{\"@id\":\"https:\/\/vieassociative.be\/actualites\/android-16-facilite-le-partage-decran-sur-des-ecrans-plus-petits\/\"},\"wordCount\":523,\"publisher\":{\"@id\":\"https:\/\/vieassociative.be\/actualites\/#organization\"},\"image\":{\"@id\":\"https:\/\/vieassociative.be\/actualites\/android-16-facilite-le-partage-decran-sur-des-ecrans-plus-petits\/#primaryimage\"},\"thumbnailUrl\":\"https:\/\/vieassociative.be\/actualites\/wp-content\/uploads\/2026\/01\/1768799981_Android-16-facilite-le-partage-decran-sur-des-ecrans-plus.png\",\"keywords\":[\"Android\",\"d\u00e9cran\",\"Des\",\"\u00e9crans\",\"facilite\",\"partag\u00e9\",\"petits\",\"sur\"],\"inLanguage\":\"fr-BE\"},{\"@type\":\"WebPage\",\"@id\":\"https:\/\/vieassociative.be\/actualites\/android-16-facilite-le-partage-decran-sur-des-ecrans-plus-petits\/\",\"url\":\"https:\/\/vieassociative.be\/actualites\/android-16-facilite-le-partage-decran-sur-des-ecrans-plus-petits\/\",\"name\":\"Android 16 facilite le partage d'\u00e9cran sur des \u00e9crans plus petits | Vie Associative\",\"isPartOf\":{\"@id\":\"https:\/\/vieassociative.be\/actualites\/#website\"},\"primaryImageOfPage\":{\"@id\":\"https:\/\/vieassociative.be\/actualites\/android-16-facilite-le-partage-decran-sur-des-ecrans-plus-petits\/#primaryimage\"},\"image\":{\"@id\":\"https:\/\/vieassociative.be\/actualites\/android-16-facilite-le-partage-decran-sur-des-ecrans-plus-petits\/#primaryimage\"},\"thumbnailUrl\":\"https:\/\/vieassociative.be\/actualites\/wp-content\/uploads\/2026\/01\/1768799981_Android-16-facilite-le-partage-decran-sur-des-ecrans-plus.png\",\"datePublished\":\"2026-01-19T05:19:39+00:00\",\"dateModified\":\"2026-01-19T05:19:39+00:00\",\"breadcrumb\":{\"@id\":\"https:\/\/vieassociative.be\/actualites\/android-16-facilite-le-partage-decran-sur-des-ecrans-plus-petits\/#breadcrumb\"},\"inLanguage\":\"fr-BE\",\"potentialAction\":[{\"@type\":\"ReadAction\",\"target\":[\"https:\/\/vieassociative.be\/actualites\/android-16-facilite-le-partage-decran-sur-des-ecrans-plus-petits\/\"]}]},{\"@type\":\"ImageObject\",\"inLanguage\":\"fr-BE\",\"@id\":\"https:\/\/vieassociative.be\/actualites\/android-16-facilite-le-partage-decran-sur-des-ecrans-plus-petits\/#primaryimage\",\"url\":\"https:\/\/vieassociative.be\/actualites\/wp-content\/uploads\/2026\/01\/1768799981_Android-16-facilite-le-partage-decran-sur-des-ecrans-plus.png\",\"contentUrl\":\"https:\/\/vieassociative.be\/actualites\/wp-content\/uploads\/2026\/01\/1768799981_Android-16-facilite-le-partage-decran-sur-des-ecrans-plus.png\",\"width\":1200,\"height\":675,\"caption\":\"Android 16 facilite le partage d'\u00e9cran sur des \u00e9crans plus petits\"},{\"@type\":\"BreadcrumbList\",\"@id\":\"https:\/\/vieassociative.be\/actualites\/android-16-facilite-le-partage-decran-sur-des-ecrans-plus-petits\/#breadcrumb\",\"itemListElement\":[{\"@type\":\"ListItem\",\"position\":1,\"name\":\"Accueil\",\"item\":\"https:\/\/vieassociative.be\/actualites\/\"},{\"@type\":\"ListItem\",\"position\":2,\"name\":\"Android 16 facilite le partage d&rsquo;\u00e9cran sur des \u00e9crans plus petits\"}]},{\"@type\":\"WebSite\",\"@id\":\"https:\/\/vieassociative.be\/actualites\/#website\",\"url\":\"https:\/\/vieassociative.be\/actualites\/\",\"name\":\"Vie Associative\",\"description\":\"\",\"publisher\":{\"@id\":\"https:\/\/vieassociative.be\/actualites\/#organization\"},\"potentialAction\":[{\"@type\":\"SearchAction\",\"target\":{\"@type\":\"EntryPoint\",\"urlTemplate\":\"https:\/\/vieassociative.be\/actualites\/?s={search_term_string}\"},\"query-input\":{\"@type\":\"PropertyValueSpecification\",\"valueRequired\":true,\"valueName\":\"search_term_string\"}}],\"inLanguage\":\"fr-BE\"},{\"@type\":\"Organization\",\"@id\":\"https:\/\/vieassociative.be\/actualites\/#organization\",\"name\":\"Vie Associative\",\"url\":\"https:\/\/vieassociative.be\/actualites\/\",\"logo\":{\"@type\":\"ImageObject\",\"inLanguage\":\"fr-BE\",\"@id\":\"https:\/\/vieassociative.be\/actualites\/#\/schema\/logo\/image\/\",\"url\":\"https:\/\/vieassociative.be\/actualites\/wp-content\/uploads\/2024\/09\/cropped-vieassociative_favicon.ico.png\",\"contentUrl\":\"https:\/\/vieassociative.be\/actualites\/wp-content\/uploads\/2024\/09\/cropped-vieassociative_favicon.ico.png\",\"width\":512,\"height\":512,\"caption\":\"Vie Associative\"},\"image\":{\"@id\":\"https:\/\/vieassociative.be\/actualites\/#\/schema\/logo\/image\/\"}},{\"@type\":\"Person\",\"@id\":\"https:\/\/vieassociative.be\/actualites\/#\/schema\/person\/b87ac4f82f9d4e7b7cec7395b679edc4\",\"name\":\"Julien\",\"image\":{\"@type\":\"ImageObject\",\"inLanguage\":\"fr-BE\",\"@id\":\"https:\/\/vieassociative.be\/actualites\/#\/schema\/person\/image\/\",\"url\":\"https:\/\/vieassociative.be\/actualites\/wp-content\/uploads\/2024\/09\/vie-associative-1-150x150.jpg\",\"contentUrl\":\"https:\/\/vieassociative.be\/actualites\/wp-content\/uploads\/2024\/09\/vie-associative-1-150x150.jpg\",\"caption\":\"Julien\"},\"description\":\"Je suis Julien, r\u00e9dacteur pour Vie Associative. Passionn\u00e9 par le monde associatif depuis plus de 10 ans, j'ai \u00e0 c\u0153ur de partager des histoires inspirantes et de mettre en lumi\u00e8re les initiatives locales. Mon objectif est de sensibiliser et d'encourager l'engagement communautaire \u00e0 travers mes articles.\",\"sameAs\":[\"https:\/\/vieassociative.be\/\"]}]}<\/script>\n<!-- \/ Yoast SEO plugin. -->","yoast_head_json":{"title":"Android 16 facilite le partage d'\u00e9cran sur des \u00e9crans plus petits | Vie Associative","robots":{"index":"index","follow":"follow","max-snippet":"max-snippet:-1","max-image-preview":"max-image-preview:large","max-video-preview":"max-video-preview:-1"},"canonical":"https:\/\/vieassociative.be\/actualites\/android-16-facilite-le-partage-decran-sur-des-ecrans-plus-petits\/","og_locale":"fr_FR","og_type":"article","og_title":"Android 16 facilite le partage d'\u00e9cran sur des \u00e9crans plus petits | Vie Associative","og_description":"Stock Android a ajout\u00e9 le concept de paires d&rsquo;applications dans Android 15. Vous choisissez deux applications \u00e0 utiliser en mode \u00e9cran partag\u00e9, ajoutez un raccourci","og_url":"https:\/\/vieassociative.be\/actualites\/android-16-facilite-le-partage-decran-sur-des-ecrans-plus-petits\/","og_site_name":"Vie Associative","article_published_time":"2026-01-19T05:19:39+00:00","og_image":[{"url":"https:\/\/vieassociative.be\/actualites\/wp-content\/uploads\/2026\/01\/Android-16-facilite-le-partage-decran-sur-des-ecrans-plus.png","type":"","width":"","height":""}],"author":"Julien","twitter_card":"summary_large_image","twitter_misc":{"\u00c9crit par":"Julien","Dur\u00e9e de lecture est.":"2 minutes"},"schema":{"@context":"https:\/\/schema.org","@graph":[{"@type":"Article","@id":"https:\/\/vieassociative.be\/actualites\/android-16-facilite-le-partage-decran-sur-des-ecrans-plus-petits\/#article","isPartOf":{"@id":"https:\/\/vieassociative.be\/actualites\/android-16-facilite-le-partage-decran-sur-des-ecrans-plus-petits\/"},"author":{"name":"Julien","@id":"https:\/\/vieassociative.be\/actualites\/#\/schema\/person\/b87ac4f82f9d4e7b7cec7395b679edc4"},"headline":"Android 16 facilite le partage d&rsquo;\u00e9cran sur des \u00e9crans plus petits","datePublished":"2026-01-19T05:19:39+00:00","dateModified":"2026-01-19T05:19:39+00:00","mainEntityOfPage":{"@id":"https:\/\/vieassociative.be\/actualites\/android-16-facilite-le-partage-decran-sur-des-ecrans-plus-petits\/"},"wordCount":523,"publisher":{"@id":"https:\/\/vieassociative.be\/actualites\/#organization"},"image":{"@id":"https:\/\/vieassociative.be\/actualites\/android-16-facilite-le-partage-decran-sur-des-ecrans-plus-petits\/#primaryimage"},"thumbnailUrl":"https:\/\/vieassociative.be\/actualites\/wp-content\/uploads\/2026\/01\/1768799981_Android-16-facilite-le-partage-decran-sur-des-ecrans-plus.png","keywords":["Android","d\u00e9cran","Des","\u00e9crans","facilite","partag\u00e9","petits","sur"],"inLanguage":"fr-BE"},{"@type":"WebPage","@id":"https:\/\/vieassociative.be\/actualites\/android-16-facilite-le-partage-decran-sur-des-ecrans-plus-petits\/","url":"https:\/\/vieassociative.be\/actualites\/android-16-facilite-le-partage-decran-sur-des-ecrans-plus-petits\/","name":"Android 16 facilite le partage d'\u00e9cran sur des \u00e9crans plus petits | Vie Associative","isPartOf":{"@id":"https:\/\/vieassociative.be\/actualites\/#website"},"primaryImageOfPage":{"@id":"https:\/\/vieassociative.be\/actualites\/android-16-facilite-le-partage-decran-sur-des-ecrans-plus-petits\/#primaryimage"},"image":{"@id":"https:\/\/vieassociative.be\/actualites\/android-16-facilite-le-partage-decran-sur-des-ecrans-plus-petits\/#primaryimage"},"thumbnailUrl":"https:\/\/vieassociative.be\/actualites\/wp-content\/uploads\/2026\/01\/1768799981_Android-16-facilite-le-partage-decran-sur-des-ecrans-plus.png","datePublished":"2026-01-19T05:19:39+00:00","dateModified":"2026-01-19T05:19:39+00:00","breadcrumb":{"@id":"https:\/\/vieassociative.be\/actualites\/android-16-facilite-le-partage-decran-sur-des-ecrans-plus-petits\/#breadcrumb"},"inLanguage":"fr-BE","potentialAction":[{"@type":"ReadAction","target":["https:\/\/vieassociative.be\/actualites\/android-16-facilite-le-partage-decran-sur-des-ecrans-plus-petits\/"]}]},{"@type":"ImageObject","inLanguage":"fr-BE","@id":"https:\/\/vieassociative.be\/actualites\/android-16-facilite-le-partage-decran-sur-des-ecrans-plus-petits\/#primaryimage","url":"https:\/\/vieassociative.be\/actualites\/wp-content\/uploads\/2026\/01\/1768799981_Android-16-facilite-le-partage-decran-sur-des-ecrans-plus.png","contentUrl":"https:\/\/vieassociative.be\/actualites\/wp-content\/uploads\/2026\/01\/1768799981_Android-16-facilite-le-partage-decran-sur-des-ecrans-plus.png","width":1200,"height":675,"caption":"Android 16 facilite le partage d'\u00e9cran sur des \u00e9crans plus petits"},{"@type":"BreadcrumbList","@id":"https:\/\/vieassociative.be\/actualites\/android-16-facilite-le-partage-decran-sur-des-ecrans-plus-petits\/#breadcrumb","itemListElement":[{"@type":"ListItem","position":1,"name":"Accueil","item":"https:\/\/vieassociative.be\/actualites\/"},{"@type":"ListItem","position":2,"name":"Android 16 facilite le partage d&rsquo;\u00e9cran sur des \u00e9crans plus petits"}]},{"@type":"WebSite","@id":"https:\/\/vieassociative.be\/actualites\/#website","url":"https:\/\/vieassociative.be\/actualites\/","name":"Vie Associative","description":"","publisher":{"@id":"https:\/\/vieassociative.be\/actualites\/#organization"},"potentialAction":[{"@type":"SearchAction","target":{"@type":"EntryPoint","urlTemplate":"https:\/\/vieassociative.be\/actualites\/?s={search_term_string}"},"query-input":{"@type":"PropertyValueSpecification","valueRequired":true,"valueName":"search_term_string"}}],"inLanguage":"fr-BE"},{"@type":"Organization","@id":"https:\/\/vieassociative.be\/actualites\/#organization","name":"Vie Associative","url":"https:\/\/vieassociative.be\/actualites\/","logo":{"@type":"ImageObject","inLanguage":"fr-BE","@id":"https:\/\/vieassociative.be\/actualites\/#\/schema\/logo\/image\/","url":"https:\/\/vieassociative.be\/actualites\/wp-content\/uploads\/2024\/09\/cropped-vieassociative_favicon.ico.png","contentUrl":"https:\/\/vieassociative.be\/actualites\/wp-content\/uploads\/2024\/09\/cropped-vieassociative_favicon.ico.png","width":512,"height":512,"caption":"Vie Associative"},"image":{"@id":"https:\/\/vieassociative.be\/actualites\/#\/schema\/logo\/image\/"}},{"@type":"Person","@id":"https:\/\/vieassociative.be\/actualites\/#\/schema\/person\/b87ac4f82f9d4e7b7cec7395b679edc4","name":"Julien","image":{"@type":"ImageObject","inLanguage":"fr-BE","@id":"https:\/\/vieassociative.be\/actualites\/#\/schema\/person\/image\/","url":"https:\/\/vieassociative.be\/actualites\/wp-content\/uploads\/2024\/09\/vie-associative-1-150x150.jpg","contentUrl":"https:\/\/vieassociative.be\/actualites\/wp-content\/uploads\/2024\/09\/vie-associative-1-150x150.jpg","caption":"Julien"},"description":"Je suis Julien, r\u00e9dacteur pour Vie Associative. Passionn\u00e9 par le monde associatif depuis plus de 10 ans, j'ai \u00e0 c\u0153ur de partager des histoires inspirantes et de mettre en lumi\u00e8re les initiatives locales. Mon objectif est de sensibiliser et d'encourager l'engagement communautaire \u00e0 travers mes articles.","sameAs":["https:\/\/vieassociative.be\/"]}]}},"_links":{"self":[{"href":"https:\/\/vieassociative.be\/actualites\/wp-json\/wp\/v2\/posts\/12264"}],"collection":[{"href":"https:\/\/vieassociative.be\/actualites\/wp-json\/wp\/v2\/posts"}],"about":[{"href":"https:\/\/vieassociative.be\/actualites\/wp-json\/wp\/v2\/types\/post"}],"author":[{"embeddable":true,"href":"https:\/\/vieassociative.be\/actualites\/wp-json\/wp\/v2\/users\/1"}],"replies":[{"embeddable":true,"href":"https:\/\/vieassociative.be\/actualites\/wp-json\/wp\/v2\/comments?post=12264"}],"version-history":[{"count":0,"href":"https:\/\/vieassociative.be\/actualites\/wp-json\/wp\/v2\/posts\/12264\/revisions"}],"wp:featuredmedia":[{"embeddable":true,"href":"https:\/\/vieassociative.be\/actualites\/wp-json\/wp\/v2\/media\/12265"}],"wp:attachment":[{"href":"https:\/\/vieassociative.be\/actualites\/wp-json\/wp\/v2\/media?parent=12264"}],"wp:term":[{"taxonomy":"category","embeddable":true,"href":"https:\/\/vieassociative.be\/actualites\/wp-json\/wp\/v2\/categories?post=12264"},{"taxonomy":"post_tag","embeddable":true,"href":"https:\/\/vieassociative.be\/actualites\/wp-json\/wp\/v2\/tags?post=12264"}],"curies":[{"name":"wp","href":"https:\/\/api.w.org\/{rel}","templated":true}]}}