{"id":12258,"date":"2026-01-18T13:18:14","date_gmt":"2026-01-18T12:18:14","guid":{"rendered":"https:\/\/vieassociative.be\/actualites\/les-menaces-et-les-frasques-de-donald-trump-mettent-elles-en-danger-la-coupe-du-monde-aux-etats-unis-au-mexique-et-au-canada\/"},"modified":"2026-01-18T13:18:14","modified_gmt":"2026-01-18T12:18:14","slug":"les-menaces-et-les-frasques-de-donald-trump-mettent-elles-en-danger-la-coupe-du-monde-aux-etats-unis-au-mexique-et-au-canada","status":"publish","type":"post","link":"https:\/\/vieassociative.be\/actualites\/les-menaces-et-les-frasques-de-donald-trump-mettent-elles-en-danger-la-coupe-du-monde-aux-etats-unis-au-mexique-et-au-canada\/","title":{"rendered":"Les menaces et les frasques de Donald Trump mettent-elles en danger la Coupe du monde aux \u00c9tats-Unis, au Mexique et au Canada ?"},"content":{"rendered":"<p><strong>La Coupe du Monde de la FIFA 2026, organis\u00e9e conjointement par les \u00c9tats-Unis, le Mexique et le Canada du 11 juin au 19 juillet, fait l&rsquo;objet d&rsquo;une surveillance particuli\u00e8re bien avant son coup d&rsquo;envoi. Avec le renouvellement de la pr\u00e9sidence de Donald Trump, la question se pose de savoir dans quelle mesure sa politique pourrait mettre le tournoi en danger \u2013 sur les plans politique, organisationnel et sportif.<\/strong><\/p>\n<p><span id=\"more-434072\"><\/span>Il reste encore un peu moins de cinq mois avant le match d&rsquo;ouverture le 11 juin \u00e0 la Station Aztec de Mexico, mais les derni\u00e8res semaines ont montr\u00e9 \u00e0 quelle vitesse les \u00e9v\u00e9nements de la politique mondiale peuvent se produire. Surtout, la demande de Trump d\u2019int\u00e9grer le Groenland aux \u00c9tats-Unis a amen\u00e9 l\u2019Europe sur la sc\u00e8ne. Et si l\u2019Europe joue encore un r\u00f4le de premier plan dans un domaine, c\u2019est bien celui du football.<\/p>\n<p>En outre, les \u00c9tats-Unis ont deux co-organisateurs, le Mexique et le Canada, avec lesquels leur pr\u00e9sident singulier s&rsquo;est d\u00e9j\u00e0 disput\u00e9 \u00e0 plusieurs reprises. Si Trump obtenait ce qu\u2019il voulait, le Canada serait aujourd\u2019hui le 51e \u00c9tat des \u00c9tats-Unis.<\/p>\n<div id=\"attachment_431120\" class=\"wp-caption alignleft\" style=\"max-width: 300px\"><img fetchpriority=\"high\" decoding=\"async\" class=\"wp-image-431120 size-medium\" src=\"https:\/\/vieassociative.be\/actualites\/wp-content\/uploads\/2025\/12\/Coupe-du-monde-la-Belgique-contre-lIran-lEgypte-et.jpg\" alt=\"\" width=\"300\" height=\"200\"><\/div>\n<p>Les pr\u00e9occupations portent moins sur le processus sportif que sur la politique d&rsquo;entr\u00e9e et de visa des \u00c9tats-Unis. L&rsquo;orientation restrictive de Trump \u00e0 l&rsquo;\u00e9gard de certains pays d&rsquo;origine peut signifier que les fans, les journalistes et une partie du personnel qui les accompagne ne peuvent pas entrer aux \u00c9tats-Unis ou ne peuvent le faire qu&rsquo;en se heurtant \u00e0 de grands obstacles.<\/p>\n<p>M\u00eame si l&rsquo;on peut supposer que les joueurs, les entra\u00eeneurs et les d\u00e9l\u00e9gations officielles seront prot\u00e9g\u00e9s par des r\u00e9glementations sp\u00e9ciales, la Coupe du Monde ne vit pas seulement du d\u00e9roulement du match, mais aussi de son public mondial. Si de grands groupes de supporters sont effectivement exclus, l\u2019atmosph\u00e8re dans les stades en souffre, tout comme la perception internationale du tournoi. Dans ce cas, la Coupe du monde risque d&rsquo;\u00eatre per\u00e7ue comme un \u00e9v\u00e9nement majeur s\u00e9lectif et peu ouvert \u2013 un probl\u00e8me d&rsquo;image que la FIFA ne peut contr\u00f4ler que dans une mesure limit\u00e9e.<\/p>\n<p>Sur le plan politique, la pression sur les associations et les gouvernements europ\u00e9ens s\u2019accro\u00eet \u00e9galement. Dans ce contexte, le r\u00f4le de l&rsquo;UEFA est discut\u00e9 \u00e0 plusieurs reprises. Bien que des appels isol\u00e9s r\u00e9clament des cons\u00e9quences claires \u00e0 l&rsquo;encontre des \u00c9tats-Unis, un v\u00e9ritable boycott des \u00e9quipes nationales europ\u00e9ennes est consid\u00e9r\u00e9 comme extr\u00eamement improbable.<\/p>\n<div id=\"attachment_431174\" class=\"wp-caption alignleft\" style=\"max-width: 300px\"><img decoding=\"async\" class=\"wp-image-431174 size-medium\" src=\"https:\/\/vieassociative.be\/actualites\/wp-content\/uploads\/2025\/12\/Trump-laureat-du-Prix-de-la-Paix-de-la-FIFA.jpg\" alt=\"\" width=\"300\" height=\"200\"><\/div>\n<p>Les co\u00fbts d&rsquo;une telle d\u00e9marche seraient \u00e9normes : sanctions contractuelles, d\u00e9savantages sportifs, distorsions de concurrence et conflits politiques internes au sein des associations.<\/p>\n<p>Les formes symboliques de protestation, telles que la distanciation politique, la pr\u00e9sence r\u00e9duite des supporters ou la couverture m\u00e9diatique tr\u00e8s critique du tournoi, sont plus r\u00e9alistes.<\/p>\n<p>Il y a \u00e9galement des sp\u00e9culations constantes sur la question de savoir si, dans des cas extr\u00eames, la FIFA pourrait m\u00eame retirer son organisation aux \u00c9tats-Unis &#8211; \u00e9ventuellement sous la pression des associations europ\u00e9ennes. Toutefois, ce sc\u00e9nario est consid\u00e9r\u00e9 comme tr\u00e8s improbable.<\/p>\n<p>La Coupe du monde 2026 est un projet impliquant trois pays, avec des contrats \u00e0 long terme, des milliards d&rsquo;investissements et une planification complexe des infrastructures. La r\u00e9vocation des droits d&rsquo;h\u00e9bergement serait juridiquement risqu\u00e9e, financi\u00e8rement extr\u00eamement co\u00fbteuse et difficile \u00e0 g\u00e9rer sur le plan organisationnel. De plus, la FIFA cr\u00e9erait un pr\u00e9c\u00e9dent qui pourrait la rendre vuln\u00e9rable \u00e0 toute crise politique \u00e0 l\u2019avenir. Historiquement, il a \u00e9t\u00e9 d\u00e9montr\u00e9 que l&rsquo;association mondiale essaie d&rsquo;\u00e9viter les conflits politiques sur le plan administratif plut\u00f4t que de r\u00e9attribuer les tournois.<\/p>\n<div id=\"attachment_419940\" class=\"wp-caption alignleft\" style=\"max-width: 300px\"><img decoding=\"async\" class=\"wp-image-419940 size-medium\" src=\"https:\/\/vieassociative.be\/actualites\/wp-content\/uploads\/2025\/07\/1752567496_208_Lancien-patron-de-Fifa-Sepp-Blatter-se-plaint-trop-de.jpg\" alt=\"\" width=\"300\" height=\"200\"><\/div>\n<p>Trump a \u00e9galement un d\u00e9fenseur de haut rang en la personne du pr\u00e9sident de la FIFA, Gianni Infantino. Souvenez-vous simplement de la r\u00e9serve et de l\u2019audace avec lesquelles Infantino a flatt\u00e9 Trump lors du tirage au sort du 5 d\u00e9cembre 2025 et a m\u00eame remis au pr\u00e9sident am\u00e9ricain le Prix de la paix de la FIFA.<\/p>\n<p>Un sc\u00e9nario interm\u00e9diaire possible, bien que difficile, serait la d\u00e9localisation de certains matchs des \u00c9tats-Unis vers le Canada ou le Mexique si les probl\u00e8mes d&rsquo;entr\u00e9e s&rsquo;aggravaient massivement. Cependant, cela aussi ne serait mis en \u0153uvre qu\u2019au prix d\u2019un effort organisationnel et contractuel important et constituerait davantage une solution d\u2019urgence qu\u2019une alternative strat\u00e9gique.<\/p>\n<p>Dans l\u2019ensemble, on peut dire que Donald Trump ne menace pas l\u2019existence de la Coupe du monde 2026, mais plut\u00f4t son image. Il est toujours consid\u00e9r\u00e9 comme tr\u00e8s probable que le tournoi ait lieu en tant que tel, tandis qu&rsquo;un boycott massif des \u00e9quipes nationales ou un retrait de l&rsquo;organisation sont extr\u00eamement improbables.<\/p>\n<p>Le v\u00e9ritable danger r\u00e9side dans la dimension politique et morale : dans une Coupe du monde qui a lieu mais s&rsquo;accompagne de d\u00e9bats sur l&rsquo;isolement, l&rsquo;in\u00e9galit\u00e9 de traitement et les tensions politiques. Cela signifie que l\u2019enjeu du football lui-m\u00eame est moins important que la question de savoir si la Coupe du monde peut encore \u00eatre \u00e0 la hauteur de ses pr\u00e9tentions en tant qu\u2019\u00e9v\u00e9nement mondial et ouvert. (cr\u00e9er)<\/p>\n<p><em><strong>Sur le sujet, voir aussi l&rsquo;article suivant sur l&rsquo;OD :<\/strong><\/em><\/p>\n<div class=\"responsive-embed widescreen\">\n<blockquote class=\"wp-embedded-content\" data-secret=\"RoLRLwxa7K\">\n<p>L\u2019Europe devrait donner l\u2019\u00e9paule froide au \u00ab tyran \u00bb Donald Trump \u00e0 Davos la semaine prochaine (interjection)<\/p>\n<\/blockquote>\n<p><iframe loading=\"lazy\" class=\"wp-embedded-content\" sandbox=\"allow-scripts\" security=\"restricted\" style=\"position: absolute; visibility: hidden;\" title=\"\u201eEuropa sollte n\u00e4chste Woche in Davos dem \u201eR\u00fcpel\u201c Donald Trump die kalte Schulter zeigen (Zwischenruf)\u201c \u2013 Ostbelgien Direkt\" src=\"https:\/\/ostbelgiendirekt.be\/about:blank\" data-secret=\"RoLRLwxa7K\" width=\"500\" height=\"282\" frameborder=\"0\" marginwidth=\"0\" marginheight=\"0\" scrolling=\"no\" data-rocket-lazyload=\"fitvidscompatible\" data-lazy-src=\"https:\/\/ostbelgiendirekt.be\/trump-in-davos-zwischenruf-433832\/embed#?secret=e0OxBPrHD6#?secret=RoLRLwxa7K\"><\/iframe><noscript><iframe class=\"wp-embedded-content\" sandbox=\"allow-scripts\" security=\"restricted\" style=\"position: absolute; visibility: hidden;\" title=\"\u201eEuropa sollte n\u00e4chste Woche in Davos dem \u201eR\u00fcpel\u201c Donald Trump die kalte Schulter zeigen (Zwischenruf)\u201c \u2013 Ostbelgien Direkt\" src=\"https:\/\/ostbelgiendirekt.be\/trump-in-davos-zwischenruf-433832\/embed#?secret=e0OxBPrHD6#?secret=RoLRLwxa7K\" data-secret=\"RoLRLwxa7K\" width=\"500\" height=\"282\" frameborder=\"0\" marginwidth=\"0\" marginheight=\"0\" scrolling=\"no\"><\/iframe><\/noscript><\/p>\n<\/div>\n","protected":false},"excerpt":{"rendered":"<p>La Coupe du Monde de la FIFA 2026, organis\u00e9e conjointement par les \u00c9tats-Unis, le Mexique et le Canada du 11 juin au 19 juillet, fait<\/p>\n","protected":false},"author":1,"featured_media":12259,"comment_status":"","ping_status":"","sticky":false,"template":"","format":"standard","meta":{"footnotes":""},"categories":[298],"tags":[289,3770,2472,587,2424,290,9803,14,5855,9804,9295,237,2425],"class_list":["post-12258","post","type-post","status-publish","format-standard","has-post-thumbnail","hentry","category-belgique","tag-aux","tag-canada","tag-coupe","tag-danger","tag-donald","tag-etatsunis","tag-frasques","tag-les","tag-menaces","tag-mettentelles","tag-mexique","tag-monde","tag-trump","generate-columns","tablet-grid-50","mobile-grid-100","grid-parent","grid-33"],"yoast_head":"<!-- This site is optimized with the Yoast SEO plugin v24.0 - https:\/\/yoast.com\/wordpress\/plugins\/seo\/ -->\n<title>Les menaces et les frasques de Donald Trump mettent-elles en danger la Coupe du monde aux \u00c9tats-Unis, au Mexique et au Canada ? | Vie Associative<\/title>\n<meta name=\"robots\" content=\"index, follow, max-snippet:-1, max-image-preview:large, max-video-preview:-1\" \/>\n<link rel=\"canonical\" href=\"https:\/\/vieassociative.be\/actualites\/les-menaces-et-les-frasques-de-donald-trump-mettent-elles-en-danger-la-coupe-du-monde-aux-etats-unis-au-mexique-et-au-canada\/\" \/>\n<meta property=\"og:locale\" content=\"fr_FR\" \/>\n<meta property=\"og:type\" content=\"article\" \/>\n<meta property=\"og:title\" content=\"Les menaces et les frasques de Donald Trump mettent-elles en danger la Coupe du monde aux \u00c9tats-Unis, au Mexique et au Canada ? | Vie Associative\" \/>\n<meta property=\"og:description\" content=\"La Coupe du Monde de la FIFA 2026, organis\u00e9e conjointement par les \u00c9tats-Unis, le Mexique et le Canada du 11 juin au 19 juillet, fait\" \/>\n<meta property=\"og:url\" content=\"https:\/\/vieassociative.be\/actualites\/les-menaces-et-les-frasques-de-donald-trump-mettent-elles-en-danger-la-coupe-du-monde-aux-etats-unis-au-mexique-et-au-canada\/\" \/>\n<meta property=\"og:site_name\" content=\"Vie Associative\" \/>\n<meta property=\"article:published_time\" content=\"2026-01-18T12:18:14+00:00\" \/>\n<meta property=\"og:image\" content=\"https:\/\/vieassociative.be\/actualites\/wp-content\/uploads\/2024\/09\/header_backgroundk-01-e1726694325946.png\" \/>\n\t<meta property=\"og:image:width\" content=\"279\" \/>\n\t<meta property=\"og:image:height\" content=\"92\" \/>\n\t<meta property=\"og:image:type\" content=\"image\/png\" \/>\n<meta name=\"author\" content=\"Julien\" \/>\n<meta name=\"twitter:card\" content=\"summary_large_image\" \/>\n<meta name=\"twitter:label1\" content=\"\u00c9crit par\" \/>\n\t<meta name=\"twitter:data1\" content=\"Julien\" \/>\n\t<meta name=\"twitter:label2\" content=\"Dur\u00e9e de lecture est.\" \/>\n\t<meta name=\"twitter:data2\" content=\"5 minutes\" \/>\n<script type=\"application\/ld+json\" class=\"yoast-schema-graph\">{\"@context\":\"https:\/\/schema.org\",\"@graph\":[{\"@type\":\"Article\",\"@id\":\"https:\/\/vieassociative.be\/actualites\/les-menaces-et-les-frasques-de-donald-trump-mettent-elles-en-danger-la-coupe-du-monde-aux-etats-unis-au-mexique-et-au-canada\/#article\",\"isPartOf\":{\"@id\":\"https:\/\/vieassociative.be\/actualites\/les-menaces-et-les-frasques-de-donald-trump-mettent-elles-en-danger-la-coupe-du-monde-aux-etats-unis-au-mexique-et-au-canada\/\"},\"author\":{\"name\":\"Julien\",\"@id\":\"https:\/\/vieassociative.be\/actualites\/#\/schema\/person\/b87ac4f82f9d4e7b7cec7395b679edc4\"},\"headline\":\"Les menaces et les frasques de Donald Trump mettent-elles en danger la Coupe du monde aux \u00c9tats-Unis, au Mexique et au Canada ?\",\"datePublished\":\"2026-01-18T12:18:14+00:00\",\"dateModified\":\"2026-01-18T12:18:14+00:00\",\"mainEntityOfPage\":{\"@id\":\"https:\/\/vieassociative.be\/actualites\/les-menaces-et-les-frasques-de-donald-trump-mettent-elles-en-danger-la-coupe-du-monde-aux-etats-unis-au-mexique-et-au-canada\/\"},\"wordCount\":954,\"publisher\":{\"@id\":\"https:\/\/vieassociative.be\/actualites\/#organization\"},\"image\":{\"@id\":\"https:\/\/vieassociative.be\/actualites\/les-menaces-et-les-frasques-de-donald-trump-mettent-elles-en-danger-la-coupe-du-monde-aux-etats-unis-au-mexique-et-au-canada\/#primaryimage\"},\"thumbnailUrl\":\"https:\/\/vieassociative.be\/actualites\/wp-content\/uploads\/2026\/01\/Les-menaces-et-les-frasques-de-Donald-Trump-mettent-elles-en.jpg\",\"keywords\":[\"aux\",\"Canada\",\"Coupe\",\"danger\",\"Donald\",\"\u00c9tatsUnis\",\"frasques\",\"Les\",\"menaces\",\"mettentelles\",\"Mexique\",\"monde\",\"Trump\"],\"articleSection\":[\"Belgique\"],\"inLanguage\":\"fr-BE\"},{\"@type\":\"WebPage\",\"@id\":\"https:\/\/vieassociative.be\/actualites\/les-menaces-et-les-frasques-de-donald-trump-mettent-elles-en-danger-la-coupe-du-monde-aux-etats-unis-au-mexique-et-au-canada\/\",\"url\":\"https:\/\/vieassociative.be\/actualites\/les-menaces-et-les-frasques-de-donald-trump-mettent-elles-en-danger-la-coupe-du-monde-aux-etats-unis-au-mexique-et-au-canada\/\",\"name\":\"Les menaces et les frasques de Donald Trump mettent-elles en danger la Coupe du monde aux \u00c9tats-Unis, au Mexique et au Canada ? | Vie Associative\",\"isPartOf\":{\"@id\":\"https:\/\/vieassociative.be\/actualites\/#website\"},\"primaryImageOfPage\":{\"@id\":\"https:\/\/vieassociative.be\/actualites\/les-menaces-et-les-frasques-de-donald-trump-mettent-elles-en-danger-la-coupe-du-monde-aux-etats-unis-au-mexique-et-au-canada\/#primaryimage\"},\"image\":{\"@id\":\"https:\/\/vieassociative.be\/actualites\/les-menaces-et-les-frasques-de-donald-trump-mettent-elles-en-danger-la-coupe-du-monde-aux-etats-unis-au-mexique-et-au-canada\/#primaryimage\"},\"thumbnailUrl\":\"https:\/\/vieassociative.be\/actualites\/wp-content\/uploads\/2026\/01\/Les-menaces-et-les-frasques-de-Donald-Trump-mettent-elles-en.jpg\",\"datePublished\":\"2026-01-18T12:18:14+00:00\",\"dateModified\":\"2026-01-18T12:18:14+00:00\",\"breadcrumb\":{\"@id\":\"https:\/\/vieassociative.be\/actualites\/les-menaces-et-les-frasques-de-donald-trump-mettent-elles-en-danger-la-coupe-du-monde-aux-etats-unis-au-mexique-et-au-canada\/#breadcrumb\"},\"inLanguage\":\"fr-BE\",\"potentialAction\":[{\"@type\":\"ReadAction\",\"target\":[\"https:\/\/vieassociative.be\/actualites\/les-menaces-et-les-frasques-de-donald-trump-mettent-elles-en-danger-la-coupe-du-monde-aux-etats-unis-au-mexique-et-au-canada\/\"]}]},{\"@type\":\"ImageObject\",\"inLanguage\":\"fr-BE\",\"@id\":\"https:\/\/vieassociative.be\/actualites\/les-menaces-et-les-frasques-de-donald-trump-mettent-elles-en-danger-la-coupe-du-monde-aux-etats-unis-au-mexique-et-au-canada\/#primaryimage\",\"url\":\"https:\/\/vieassociative.be\/actualites\/wp-content\/uploads\/2026\/01\/Les-menaces-et-les-frasques-de-Donald-Trump-mettent-elles-en.jpg\",\"contentUrl\":\"https:\/\/vieassociative.be\/actualites\/wp-content\/uploads\/2026\/01\/Les-menaces-et-les-frasques-de-Donald-Trump-mettent-elles-en.jpg\",\"width\":1200,\"height\":800,\"caption\":\"Les menaces et les frasques de Donald Trump mettent-elles en danger la Coupe du monde aux \u00c9tats-Unis, au Mexique et au Canada ?\"},{\"@type\":\"BreadcrumbList\",\"@id\":\"https:\/\/vieassociative.be\/actualites\/les-menaces-et-les-frasques-de-donald-trump-mettent-elles-en-danger-la-coupe-du-monde-aux-etats-unis-au-mexique-et-au-canada\/#breadcrumb\",\"itemListElement\":[{\"@type\":\"ListItem\",\"position\":1,\"name\":\"Accueil\",\"item\":\"https:\/\/vieassociative.be\/actualites\/\"},{\"@type\":\"ListItem\",\"position\":2,\"name\":\"Les menaces et les frasques de Donald Trump mettent-elles en danger la Coupe du monde aux \u00c9tats-Unis, au Mexique et au Canada ?\"}]},{\"@type\":\"WebSite\",\"@id\":\"https:\/\/vieassociative.be\/actualites\/#website\",\"url\":\"https:\/\/vieassociative.be\/actualites\/\",\"name\":\"Vie Associative\",\"description\":\"\",\"publisher\":{\"@id\":\"https:\/\/vieassociative.be\/actualites\/#organization\"},\"potentialAction\":[{\"@type\":\"SearchAction\",\"target\":{\"@type\":\"EntryPoint\",\"urlTemplate\":\"https:\/\/vieassociative.be\/actualites\/?s={search_term_string}\"},\"query-input\":{\"@type\":\"PropertyValueSpecification\",\"valueRequired\":true,\"valueName\":\"search_term_string\"}}],\"inLanguage\":\"fr-BE\"},{\"@type\":\"Organization\",\"@id\":\"https:\/\/vieassociative.be\/actualites\/#organization\",\"name\":\"Vie Associative\",\"url\":\"https:\/\/vieassociative.be\/actualites\/\",\"logo\":{\"@type\":\"ImageObject\",\"inLanguage\":\"fr-BE\",\"@id\":\"https:\/\/vieassociative.be\/actualites\/#\/schema\/logo\/image\/\",\"url\":\"https:\/\/vieassociative.be\/actualites\/wp-content\/uploads\/2024\/09\/cropped-vieassociative_favicon.ico.png\",\"contentUrl\":\"https:\/\/vieassociative.be\/actualites\/wp-content\/uploads\/2024\/09\/cropped-vieassociative_favicon.ico.png\",\"width\":512,\"height\":512,\"caption\":\"Vie Associative\"},\"image\":{\"@id\":\"https:\/\/vieassociative.be\/actualites\/#\/schema\/logo\/image\/\"}},{\"@type\":\"Person\",\"@id\":\"https:\/\/vieassociative.be\/actualites\/#\/schema\/person\/b87ac4f82f9d4e7b7cec7395b679edc4\",\"name\":\"Julien\",\"image\":{\"@type\":\"ImageObject\",\"inLanguage\":\"fr-BE\",\"@id\":\"https:\/\/vieassociative.be\/actualites\/#\/schema\/person\/image\/\",\"url\":\"https:\/\/vieassociative.be\/actualites\/wp-content\/uploads\/2024\/09\/vie-associative-1-150x150.jpg\",\"contentUrl\":\"https:\/\/vieassociative.be\/actualites\/wp-content\/uploads\/2024\/09\/vie-associative-1-150x150.jpg\",\"caption\":\"Julien\"},\"description\":\"Je suis Julien, r\u00e9dacteur pour Vie Associative. Passionn\u00e9 par le monde associatif depuis plus de 10 ans, j'ai \u00e0 c\u0153ur de partager des histoires inspirantes et de mettre en lumi\u00e8re les initiatives locales. Mon objectif est de sensibiliser et d'encourager l'engagement communautaire \u00e0 travers mes articles.\",\"sameAs\":[\"https:\/\/vieassociative.be\/\"]}]}<\/script>\n<!-- \/ Yoast SEO plugin. -->","yoast_head_json":{"title":"Les menaces et les frasques de Donald Trump mettent-elles en danger la Coupe du monde aux \u00c9tats-Unis, au Mexique et au Canada ? | Vie Associative","robots":{"index":"index","follow":"follow","max-snippet":"max-snippet:-1","max-image-preview":"max-image-preview:large","max-video-preview":"max-video-preview:-1"},"canonical":"https:\/\/vieassociative.be\/actualites\/les-menaces-et-les-frasques-de-donald-trump-mettent-elles-en-danger-la-coupe-du-monde-aux-etats-unis-au-mexique-et-au-canada\/","og_locale":"fr_FR","og_type":"article","og_title":"Les menaces et les frasques de Donald Trump mettent-elles en danger la Coupe du monde aux \u00c9tats-Unis, au Mexique et au Canada ? | Vie Associative","og_description":"La Coupe du Monde de la FIFA 2026, organis\u00e9e conjointement par les \u00c9tats-Unis, le Mexique et le Canada du 11 juin au 19 juillet, fait","og_url":"https:\/\/vieassociative.be\/actualites\/les-menaces-et-les-frasques-de-donald-trump-mettent-elles-en-danger-la-coupe-du-monde-aux-etats-unis-au-mexique-et-au-canada\/","og_site_name":"Vie Associative","article_published_time":"2026-01-18T12:18:14+00:00","og_image":[{"width":279,"height":92,"url":"https:\/\/vieassociative.be\/actualites\/wp-content\/uploads\/2024\/09\/header_backgroundk-01-e1726694325946.png","type":"image\/png"}],"author":"Julien","twitter_card":"summary_large_image","twitter_misc":{"\u00c9crit par":"Julien","Dur\u00e9e de lecture est.":"5 minutes"},"schema":{"@context":"https:\/\/schema.org","@graph":[{"@type":"Article","@id":"https:\/\/vieassociative.be\/actualites\/les-menaces-et-les-frasques-de-donald-trump-mettent-elles-en-danger-la-coupe-du-monde-aux-etats-unis-au-mexique-et-au-canada\/#article","isPartOf":{"@id":"https:\/\/vieassociative.be\/actualites\/les-menaces-et-les-frasques-de-donald-trump-mettent-elles-en-danger-la-coupe-du-monde-aux-etats-unis-au-mexique-et-au-canada\/"},"author":{"name":"Julien","@id":"https:\/\/vieassociative.be\/actualites\/#\/schema\/person\/b87ac4f82f9d4e7b7cec7395b679edc4"},"headline":"Les menaces et les frasques de Donald Trump mettent-elles en danger la Coupe du monde aux \u00c9tats-Unis, au Mexique et au Canada ?","datePublished":"2026-01-18T12:18:14+00:00","dateModified":"2026-01-18T12:18:14+00:00","mainEntityOfPage":{"@id":"https:\/\/vieassociative.be\/actualites\/les-menaces-et-les-frasques-de-donald-trump-mettent-elles-en-danger-la-coupe-du-monde-aux-etats-unis-au-mexique-et-au-canada\/"},"wordCount":954,"publisher":{"@id":"https:\/\/vieassociative.be\/actualites\/#organization"},"image":{"@id":"https:\/\/vieassociative.be\/actualites\/les-menaces-et-les-frasques-de-donald-trump-mettent-elles-en-danger-la-coupe-du-monde-aux-etats-unis-au-mexique-et-au-canada\/#primaryimage"},"thumbnailUrl":"https:\/\/vieassociative.be\/actualites\/wp-content\/uploads\/2026\/01\/Les-menaces-et-les-frasques-de-Donald-Trump-mettent-elles-en.jpg","keywords":["aux","Canada","Coupe","danger","Donald","\u00c9tatsUnis","frasques","Les","menaces","mettentelles","Mexique","monde","Trump"],"articleSection":["Belgique"],"inLanguage":"fr-BE"},{"@type":"WebPage","@id":"https:\/\/vieassociative.be\/actualites\/les-menaces-et-les-frasques-de-donald-trump-mettent-elles-en-danger-la-coupe-du-monde-aux-etats-unis-au-mexique-et-au-canada\/","url":"https:\/\/vieassociative.be\/actualites\/les-menaces-et-les-frasques-de-donald-trump-mettent-elles-en-danger-la-coupe-du-monde-aux-etats-unis-au-mexique-et-au-canada\/","name":"Les menaces et les frasques de Donald Trump mettent-elles en danger la Coupe du monde aux \u00c9tats-Unis, au Mexique et au Canada ? | Vie Associative","isPartOf":{"@id":"https:\/\/vieassociative.be\/actualites\/#website"},"primaryImageOfPage":{"@id":"https:\/\/vieassociative.be\/actualites\/les-menaces-et-les-frasques-de-donald-trump-mettent-elles-en-danger-la-coupe-du-monde-aux-etats-unis-au-mexique-et-au-canada\/#primaryimage"},"image":{"@id":"https:\/\/vieassociative.be\/actualites\/les-menaces-et-les-frasques-de-donald-trump-mettent-elles-en-danger-la-coupe-du-monde-aux-etats-unis-au-mexique-et-au-canada\/#primaryimage"},"thumbnailUrl":"https:\/\/vieassociative.be\/actualites\/wp-content\/uploads\/2026\/01\/Les-menaces-et-les-frasques-de-Donald-Trump-mettent-elles-en.jpg","datePublished":"2026-01-18T12:18:14+00:00","dateModified":"2026-01-18T12:18:14+00:00","breadcrumb":{"@id":"https:\/\/vieassociative.be\/actualites\/les-menaces-et-les-frasques-de-donald-trump-mettent-elles-en-danger-la-coupe-du-monde-aux-etats-unis-au-mexique-et-au-canada\/#breadcrumb"},"inLanguage":"fr-BE","potentialAction":[{"@type":"ReadAction","target":["https:\/\/vieassociative.be\/actualites\/les-menaces-et-les-frasques-de-donald-trump-mettent-elles-en-danger-la-coupe-du-monde-aux-etats-unis-au-mexique-et-au-canada\/"]}]},{"@type":"ImageObject","inLanguage":"fr-BE","@id":"https:\/\/vieassociative.be\/actualites\/les-menaces-et-les-frasques-de-donald-trump-mettent-elles-en-danger-la-coupe-du-monde-aux-etats-unis-au-mexique-et-au-canada\/#primaryimage","url":"https:\/\/vieassociative.be\/actualites\/wp-content\/uploads\/2026\/01\/Les-menaces-et-les-frasques-de-Donald-Trump-mettent-elles-en.jpg","contentUrl":"https:\/\/vieassociative.be\/actualites\/wp-content\/uploads\/2026\/01\/Les-menaces-et-les-frasques-de-Donald-Trump-mettent-elles-en.jpg","width":1200,"height":800,"caption":"Les menaces et les frasques de Donald Trump mettent-elles en danger la Coupe du monde aux \u00c9tats-Unis, au Mexique et au Canada ?"},{"@type":"BreadcrumbList","@id":"https:\/\/vieassociative.be\/actualites\/les-menaces-et-les-frasques-de-donald-trump-mettent-elles-en-danger-la-coupe-du-monde-aux-etats-unis-au-mexique-et-au-canada\/#breadcrumb","itemListElement":[{"@type":"ListItem","position":1,"name":"Accueil","item":"https:\/\/vieassociative.be\/actualites\/"},{"@type":"ListItem","position":2,"name":"Les menaces et les frasques de Donald Trump mettent-elles en danger la Coupe du monde aux \u00c9tats-Unis, au Mexique et au Canada ?"}]},{"@type":"WebSite","@id":"https:\/\/vieassociative.be\/actualites\/#website","url":"https:\/\/vieassociative.be\/actualites\/","name":"Vie Associative","description":"","publisher":{"@id":"https:\/\/vieassociative.be\/actualites\/#organization"},"potentialAction":[{"@type":"SearchAction","target":{"@type":"EntryPoint","urlTemplate":"https:\/\/vieassociative.be\/actualites\/?s={search_term_string}"},"query-input":{"@type":"PropertyValueSpecification","valueRequired":true,"valueName":"search_term_string"}}],"inLanguage":"fr-BE"},{"@type":"Organization","@id":"https:\/\/vieassociative.be\/actualites\/#organization","name":"Vie Associative","url":"https:\/\/vieassociative.be\/actualites\/","logo":{"@type":"ImageObject","inLanguage":"fr-BE","@id":"https:\/\/vieassociative.be\/actualites\/#\/schema\/logo\/image\/","url":"https:\/\/vieassociative.be\/actualites\/wp-content\/uploads\/2024\/09\/cropped-vieassociative_favicon.ico.png","contentUrl":"https:\/\/vieassociative.be\/actualites\/wp-content\/uploads\/2024\/09\/cropped-vieassociative_favicon.ico.png","width":512,"height":512,"caption":"Vie Associative"},"image":{"@id":"https:\/\/vieassociative.be\/actualites\/#\/schema\/logo\/image\/"}},{"@type":"Person","@id":"https:\/\/vieassociative.be\/actualites\/#\/schema\/person\/b87ac4f82f9d4e7b7cec7395b679edc4","name":"Julien","image":{"@type":"ImageObject","inLanguage":"fr-BE","@id":"https:\/\/vieassociative.be\/actualites\/#\/schema\/person\/image\/","url":"https:\/\/vieassociative.be\/actualites\/wp-content\/uploads\/2024\/09\/vie-associative-1-150x150.jpg","contentUrl":"https:\/\/vieassociative.be\/actualites\/wp-content\/uploads\/2024\/09\/vie-associative-1-150x150.jpg","caption":"Julien"},"description":"Je suis Julien, r\u00e9dacteur pour Vie Associative. Passionn\u00e9 par le monde associatif depuis plus de 10 ans, j'ai \u00e0 c\u0153ur de partager des histoires inspirantes et de mettre en lumi\u00e8re les initiatives locales. Mon objectif est de sensibiliser et d'encourager l'engagement communautaire \u00e0 travers mes articles.","sameAs":["https:\/\/vieassociative.be\/"]}]}},"_links":{"self":[{"href":"https:\/\/vieassociative.be\/actualites\/wp-json\/wp\/v2\/posts\/12258"}],"collection":[{"href":"https:\/\/vieassociative.be\/actualites\/wp-json\/wp\/v2\/posts"}],"about":[{"href":"https:\/\/vieassociative.be\/actualites\/wp-json\/wp\/v2\/types\/post"}],"author":[{"embeddable":true,"href":"https:\/\/vieassociative.be\/actualites\/wp-json\/wp\/v2\/users\/1"}],"replies":[{"embeddable":true,"href":"https:\/\/vieassociative.be\/actualites\/wp-json\/wp\/v2\/comments?post=12258"}],"version-history":[{"count":0,"href":"https:\/\/vieassociative.be\/actualites\/wp-json\/wp\/v2\/posts\/12258\/revisions"}],"wp:featuredmedia":[{"embeddable":true,"href":"https:\/\/vieassociative.be\/actualites\/wp-json\/wp\/v2\/media\/12259"}],"wp:attachment":[{"href":"https:\/\/vieassociative.be\/actualites\/wp-json\/wp\/v2\/media?parent=12258"}],"wp:term":[{"taxonomy":"category","embeddable":true,"href":"https:\/\/vieassociative.be\/actualites\/wp-json\/wp\/v2\/categories?post=12258"},{"taxonomy":"post_tag","embeddable":true,"href":"https:\/\/vieassociative.be\/actualites\/wp-json\/wp\/v2\/tags?post=12258"}],"curies":[{"name":"wp","href":"https:\/\/api.w.org\/{rel}","templated":true}]}}