{"id":12254,"date":"2026-01-18T06:17:23","date_gmt":"2026-01-18T05:17:23","guid":{"rendered":"https:\/\/vieassociative.be\/actualites\/visible-offre-egalement-un-credit-pour-la-panne-de-verizon-de-cette-semaine\/"},"modified":"2026-01-18T06:17:23","modified_gmt":"2026-01-18T05:17:23","slug":"visible-offre-egalement-un-credit-pour-la-panne-de-verizon-de-cette-semaine","status":"publish","type":"post","link":"https:\/\/vieassociative.be\/actualites\/visible-offre-egalement-un-credit-pour-la-panne-de-verizon-de-cette-semaine\/","title":{"rendered":"Visible offre \u00e9galement un cr\u00e9dit pour la panne de Verizon de cette semaine"},"content":{"rendered":"<p>Nous pouvons gagner une commission sur les liens sur cette page.<\/p>\n<p>Apr\u00e8s la panne inattendue de Verizon \u00e0 l&rsquo;\u00e9chelle nationale mercredi, l&rsquo;op\u00e9rateur est sorti hier pour tenter de sauver la face, affirmant qu&rsquo;il offrait un cr\u00e9dit de 20 $ \u00e0 tous les comptes de l&rsquo;application myVerizon. Aujourd\u2019hui, sa filiale \u00e0 bas prix, Visible, tente \u00e9galement de se racheter.<\/p>\n<p>Comme rep\u00e9r\u00e9 par 9to5Google, Visible envoie \u00e0 ses clients le message suivant, promettant un cr\u00e9dit de 5\u00a0$ sur leur prochaine facture en guise d&rsquo;excuses pour la panne\u00a0:<\/p>\n<blockquote>\n<p>Hier, nous vous avons laiss\u00e9 tomber et nous en sommes d\u00e9sol\u00e9s. Nous vous offrons un cr\u00e9dit de 5\u00a0$ pour votre prochain mois de service, qui peut \u00eatre utilis\u00e9 apr\u00e8s le 16\u00a0janvier en payant en ligne avec une carte de cr\u00e9dit. Ce cr\u00e9dit n\u2019est pas destin\u00e9 \u00e0 compenser ce qui s\u2019est pass\u00e9. Mais c&rsquo;est une fa\u00e7on de reconna\u00eetre votre temps et de montrer que cela compte pour nous. Si vous rencontrez toujours des difficult\u00e9s pour vous connecter, veuillez red\u00e9marrer votre appareil (\u00e9teindre et rallumer).<\/p>\n<\/blockquote>\n<p>Le montant est peut-\u00eatre plus petit, mais il semble un peu plus pratique \u00e0 r\u00e9clamer, car il semble que vous puissiez l&rsquo;appliquer tout en payant votre facture (m\u00eame si je ne peux faire aucune promesse aux personnes utilisant le paiement automatique). Comme l&rsquo;offre de Verizon, elle ne semble pas non plus faire de distinction entre les personnes touch\u00e9es par la panne et celles qui ne l&rsquo;ont pas \u00e9t\u00e9, comme l&rsquo;a not\u00e9 un utilisateur de Reddit.<\/p>\n<p>Certains commentaires d&rsquo;autres abonn\u00e9s Visible sur Reddit ont soulign\u00e9 qu&rsquo;ils n&rsquo;avaient pas encore re\u00e7u le texte, m\u00eame si je suppose que cela est d\u00fb \u00e0 un d\u00e9ploiement lent plus qu&rsquo;autre chose, car les utilisateurs sans texte qui ont contact\u00e9 le service client ont \u00e9galement pu confirmer qu&rsquo;ils s&rsquo;\u00e9taient vu offrir le cr\u00e9dit de 5 $. J&rsquo;ai contact\u00e9 Visible pour confirmer si le cr\u00e9dit de 5 $ s&rsquo;applique \u00e0 tout le monde et je mettrai \u00e0 jour ce message d\u00e8s que j&rsquo;aurai une r\u00e9ponse (j&rsquo;ai \u00e9galement demand\u00e9 s&rsquo;il serait appliqu\u00e9 aux paiements automatiques).<\/p>\n<p>Quant \u00e0 savoir pourquoi le paiement est tellement inf\u00e9rieur, cela est probablement d\u00fb \u00e0 la diff\u00e9rence de co\u00fbt entre Verizon et Visible. Verizon a d\u00e9clar\u00e9 avoir bas\u00e9 son paiement de 20 $ sur le prix de \u00ab plusieurs jours de service \u00bb et, franchement, ces m\u00eames jours co\u00fbtent beaucoup moins cher sur Visible.<\/p>\n<p>Bien que Visible utilise le m\u00eame r\u00e9seau que Verizon, il se distingue en accordant \u00e0 ses utilisateurs une priorit\u00e9 moindre lors de la connexion, ce qui lui permet de proposer des forfaits illimit\u00e9s \u00e0 partir de 20 $\/mois. Les prix varient jusqu&rsquo;\u00e0 33 $\/mois, mais essentiellement, 5 $ vont beaucoup plus loin sur le r\u00e9seau \u00e0 faible co\u00fbt, ce qui signifie qu&rsquo;ils repr\u00e9sentent une valeur similaire \u00e0 20 $ pour un forfait Verizon appropri\u00e9.<\/p>\n<p>Que ce soit un prix raisonnable pour une journ\u00e9e inattendue de connectivit\u00e9 in\u00e9gale, je vous laisse le choix.<\/p>\n","protected":false},"excerpt":{"rendered":"<p>Nous pouvons gagner une commission sur les liens sur cette page. Apr\u00e8s la panne inattendue de Verizon \u00e0 l&rsquo;\u00e9chelle nationale mercredi, l&rsquo;op\u00e9rateur est sorti hier<\/p>\n","protected":false},"author":1,"featured_media":12255,"comment_status":"","ping_status":"","sticky":false,"template":"","format":"standard","meta":{"footnotes":""},"categories":[13],"tags":[206,512,172,50,1137,81,1348,1135,9802],"class_list":["post-12254","post","type-post","status-publish","format-standard","has-post-thumbnail","hentry","category-technologie","tag-cette","tag-credit","tag-egalement","tag-offre","tag-panne","tag-pour","tag-semaine","tag-verizon","tag-visible","generate-columns","tablet-grid-50","mobile-grid-100","grid-parent","grid-33"],"yoast_head":"<!-- This site is optimized with the Yoast SEO plugin v24.0 - https:\/\/yoast.com\/wordpress\/plugins\/seo\/ -->\n<title>Visible offre \u00e9galement un cr\u00e9dit pour la panne de Verizon de cette semaine | Vie Associative<\/title>\n<meta name=\"robots\" content=\"index, follow, max-snippet:-1, max-image-preview:large, max-video-preview:-1\" \/>\n<link rel=\"canonical\" href=\"https:\/\/vieassociative.be\/actualites\/visible-offre-egalement-un-credit-pour-la-panne-de-verizon-de-cette-semaine\/\" \/>\n<meta property=\"og:locale\" content=\"fr_FR\" \/>\n<meta property=\"og:type\" content=\"article\" \/>\n<meta property=\"og:title\" content=\"Visible offre \u00e9galement un cr\u00e9dit pour la panne de Verizon de cette semaine | Vie Associative\" \/>\n<meta property=\"og:description\" content=\"Nous pouvons gagner une commission sur les liens sur cette page. Apr\u00e8s la panne inattendue de Verizon \u00e0 l&rsquo;\u00e9chelle nationale mercredi, l&rsquo;op\u00e9rateur est sorti hier\" \/>\n<meta property=\"og:url\" content=\"https:\/\/vieassociative.be\/actualites\/visible-offre-egalement-un-credit-pour-la-panne-de-verizon-de-cette-semaine\/\" \/>\n<meta property=\"og:site_name\" content=\"Vie Associative\" \/>\n<meta property=\"article:published_time\" content=\"2026-01-18T05:17:23+00:00\" \/>\n<meta property=\"og:image\" content=\"https:\/\/vieassociative.be\/actualites\/wp-content\/uploads\/2024\/09\/header_backgroundk-01-e1726694325946.png\" \/>\n\t<meta property=\"og:image:width\" content=\"279\" \/>\n\t<meta property=\"og:image:height\" content=\"92\" \/>\n\t<meta property=\"og:image:type\" content=\"image\/png\" \/>\n<meta name=\"author\" content=\"Julien\" \/>\n<meta name=\"twitter:card\" content=\"summary_large_image\" \/>\n<meta name=\"twitter:label1\" content=\"\u00c9crit par\" \/>\n\t<meta name=\"twitter:data1\" content=\"Julien\" \/>\n\t<meta name=\"twitter:label2\" content=\"Dur\u00e9e de lecture est.\" \/>\n\t<meta name=\"twitter:data2\" content=\"2 minutes\" \/>\n<script type=\"application\/ld+json\" class=\"yoast-schema-graph\">{\"@context\":\"https:\/\/schema.org\",\"@graph\":[{\"@type\":\"Article\",\"@id\":\"https:\/\/vieassociative.be\/actualites\/visible-offre-egalement-un-credit-pour-la-panne-de-verizon-de-cette-semaine\/#article\",\"isPartOf\":{\"@id\":\"https:\/\/vieassociative.be\/actualites\/visible-offre-egalement-un-credit-pour-la-panne-de-verizon-de-cette-semaine\/\"},\"author\":{\"name\":\"Julien\",\"@id\":\"https:\/\/vieassociative.be\/actualites\/#\/schema\/person\/b87ac4f82f9d4e7b7cec7395b679edc4\"},\"headline\":\"Visible offre \u00e9galement un cr\u00e9dit pour la panne de Verizon de cette semaine\",\"datePublished\":\"2026-01-18T05:17:23+00:00\",\"dateModified\":\"2026-01-18T05:17:23+00:00\",\"mainEntityOfPage\":{\"@id\":\"https:\/\/vieassociative.be\/actualites\/visible-offre-egalement-un-credit-pour-la-panne-de-verizon-de-cette-semaine\/\"},\"wordCount\":528,\"publisher\":{\"@id\":\"https:\/\/vieassociative.be\/actualites\/#organization\"},\"image\":{\"@id\":\"https:\/\/vieassociative.be\/actualites\/visible-offre-egalement-un-credit-pour-la-panne-de-verizon-de-cette-semaine\/#primaryimage\"},\"thumbnailUrl\":\"https:\/\/vieassociative.be\/actualites\/wp-content\/uploads\/2026\/01\/Visible-offre-egalement-un-credit-pour-la-panne-de-Verizon.webp.webp\",\"keywords\":[\"cette\",\"cr\u00e9dit\",\"\u00e9galement\",\"offre\",\"panne\",\"pour\",\"semaine\",\"Verizon\",\"Visible\"],\"articleSection\":[\"Technologie\"],\"inLanguage\":\"fr-BE\"},{\"@type\":\"WebPage\",\"@id\":\"https:\/\/vieassociative.be\/actualites\/visible-offre-egalement-un-credit-pour-la-panne-de-verizon-de-cette-semaine\/\",\"url\":\"https:\/\/vieassociative.be\/actualites\/visible-offre-egalement-un-credit-pour-la-panne-de-verizon-de-cette-semaine\/\",\"name\":\"Visible offre \u00e9galement un cr\u00e9dit pour la panne de Verizon de cette semaine | Vie Associative\",\"isPartOf\":{\"@id\":\"https:\/\/vieassociative.be\/actualites\/#website\"},\"primaryImageOfPage\":{\"@id\":\"https:\/\/vieassociative.be\/actualites\/visible-offre-egalement-un-credit-pour-la-panne-de-verizon-de-cette-semaine\/#primaryimage\"},\"image\":{\"@id\":\"https:\/\/vieassociative.be\/actualites\/visible-offre-egalement-un-credit-pour-la-panne-de-verizon-de-cette-semaine\/#primaryimage\"},\"thumbnailUrl\":\"https:\/\/vieassociative.be\/actualites\/wp-content\/uploads\/2026\/01\/Visible-offre-egalement-un-credit-pour-la-panne-de-Verizon.webp.webp\",\"datePublished\":\"2026-01-18T05:17:23+00:00\",\"dateModified\":\"2026-01-18T05:17:23+00:00\",\"breadcrumb\":{\"@id\":\"https:\/\/vieassociative.be\/actualites\/visible-offre-egalement-un-credit-pour-la-panne-de-verizon-de-cette-semaine\/#breadcrumb\"},\"inLanguage\":\"fr-BE\",\"potentialAction\":[{\"@type\":\"ReadAction\",\"target\":[\"https:\/\/vieassociative.be\/actualites\/visible-offre-egalement-un-credit-pour-la-panne-de-verizon-de-cette-semaine\/\"]}]},{\"@type\":\"ImageObject\",\"inLanguage\":\"fr-BE\",\"@id\":\"https:\/\/vieassociative.be\/actualites\/visible-offre-egalement-un-credit-pour-la-panne-de-verizon-de-cette-semaine\/#primaryimage\",\"url\":\"https:\/\/vieassociative.be\/actualites\/wp-content\/uploads\/2026\/01\/Visible-offre-egalement-un-credit-pour-la-panne-de-Verizon.webp.webp\",\"contentUrl\":\"https:\/\/vieassociative.be\/actualites\/wp-content\/uploads\/2026\/01\/Visible-offre-egalement-un-credit-pour-la-panne-de-Verizon.webp.webp\",\"width\":1200,\"height\":675,\"caption\":\"Visible offre \u00e9galement un cr\u00e9dit pour la panne de Verizon de cette semaine\"},{\"@type\":\"BreadcrumbList\",\"@id\":\"https:\/\/vieassociative.be\/actualites\/visible-offre-egalement-un-credit-pour-la-panne-de-verizon-de-cette-semaine\/#breadcrumb\",\"itemListElement\":[{\"@type\":\"ListItem\",\"position\":1,\"name\":\"Accueil\",\"item\":\"https:\/\/vieassociative.be\/actualites\/\"},{\"@type\":\"ListItem\",\"position\":2,\"name\":\"Visible offre \u00e9galement un cr\u00e9dit pour la panne de Verizon de cette semaine\"}]},{\"@type\":\"WebSite\",\"@id\":\"https:\/\/vieassociative.be\/actualites\/#website\",\"url\":\"https:\/\/vieassociative.be\/actualites\/\",\"name\":\"Vie Associative\",\"description\":\"\",\"publisher\":{\"@id\":\"https:\/\/vieassociative.be\/actualites\/#organization\"},\"potentialAction\":[{\"@type\":\"SearchAction\",\"target\":{\"@type\":\"EntryPoint\",\"urlTemplate\":\"https:\/\/vieassociative.be\/actualites\/?s={search_term_string}\"},\"query-input\":{\"@type\":\"PropertyValueSpecification\",\"valueRequired\":true,\"valueName\":\"search_term_string\"}}],\"inLanguage\":\"fr-BE\"},{\"@type\":\"Organization\",\"@id\":\"https:\/\/vieassociative.be\/actualites\/#organization\",\"name\":\"Vie Associative\",\"url\":\"https:\/\/vieassociative.be\/actualites\/\",\"logo\":{\"@type\":\"ImageObject\",\"inLanguage\":\"fr-BE\",\"@id\":\"https:\/\/vieassociative.be\/actualites\/#\/schema\/logo\/image\/\",\"url\":\"https:\/\/vieassociative.be\/actualites\/wp-content\/uploads\/2024\/09\/cropped-vieassociative_favicon.ico.png\",\"contentUrl\":\"https:\/\/vieassociative.be\/actualites\/wp-content\/uploads\/2024\/09\/cropped-vieassociative_favicon.ico.png\",\"width\":512,\"height\":512,\"caption\":\"Vie Associative\"},\"image\":{\"@id\":\"https:\/\/vieassociative.be\/actualites\/#\/schema\/logo\/image\/\"}},{\"@type\":\"Person\",\"@id\":\"https:\/\/vieassociative.be\/actualites\/#\/schema\/person\/b87ac4f82f9d4e7b7cec7395b679edc4\",\"name\":\"Julien\",\"image\":{\"@type\":\"ImageObject\",\"inLanguage\":\"fr-BE\",\"@id\":\"https:\/\/vieassociative.be\/actualites\/#\/schema\/person\/image\/\",\"url\":\"https:\/\/vieassociative.be\/actualites\/wp-content\/uploads\/2024\/09\/vie-associative-1-150x150.jpg\",\"contentUrl\":\"https:\/\/vieassociative.be\/actualites\/wp-content\/uploads\/2024\/09\/vie-associative-1-150x150.jpg\",\"caption\":\"Julien\"},\"description\":\"Je suis Julien, r\u00e9dacteur pour Vie Associative. Passionn\u00e9 par le monde associatif depuis plus de 10 ans, j'ai \u00e0 c\u0153ur de partager des histoires inspirantes et de mettre en lumi\u00e8re les initiatives locales. Mon objectif est de sensibiliser et d'encourager l'engagement communautaire \u00e0 travers mes articles.\",\"sameAs\":[\"https:\/\/vieassociative.be\/\"]}]}<\/script>\n<!-- \/ Yoast SEO plugin. -->","yoast_head_json":{"title":"Visible offre \u00e9galement un cr\u00e9dit pour la panne de Verizon de cette semaine | Vie Associative","robots":{"index":"index","follow":"follow","max-snippet":"max-snippet:-1","max-image-preview":"max-image-preview:large","max-video-preview":"max-video-preview:-1"},"canonical":"https:\/\/vieassociative.be\/actualites\/visible-offre-egalement-un-credit-pour-la-panne-de-verizon-de-cette-semaine\/","og_locale":"fr_FR","og_type":"article","og_title":"Visible offre \u00e9galement un cr\u00e9dit pour la panne de Verizon de cette semaine | Vie Associative","og_description":"Nous pouvons gagner une commission sur les liens sur cette page. Apr\u00e8s la panne inattendue de Verizon \u00e0 l&rsquo;\u00e9chelle nationale mercredi, l&rsquo;op\u00e9rateur est sorti hier","og_url":"https:\/\/vieassociative.be\/actualites\/visible-offre-egalement-un-credit-pour-la-panne-de-verizon-de-cette-semaine\/","og_site_name":"Vie Associative","article_published_time":"2026-01-18T05:17:23+00:00","og_image":[{"width":279,"height":92,"url":"https:\/\/vieassociative.be\/actualites\/wp-content\/uploads\/2024\/09\/header_backgroundk-01-e1726694325946.png","type":"image\/png"}],"author":"Julien","twitter_card":"summary_large_image","twitter_misc":{"\u00c9crit par":"Julien","Dur\u00e9e de lecture est.":"2 minutes"},"schema":{"@context":"https:\/\/schema.org","@graph":[{"@type":"Article","@id":"https:\/\/vieassociative.be\/actualites\/visible-offre-egalement-un-credit-pour-la-panne-de-verizon-de-cette-semaine\/#article","isPartOf":{"@id":"https:\/\/vieassociative.be\/actualites\/visible-offre-egalement-un-credit-pour-la-panne-de-verizon-de-cette-semaine\/"},"author":{"name":"Julien","@id":"https:\/\/vieassociative.be\/actualites\/#\/schema\/person\/b87ac4f82f9d4e7b7cec7395b679edc4"},"headline":"Visible offre \u00e9galement un cr\u00e9dit pour la panne de Verizon de cette semaine","datePublished":"2026-01-18T05:17:23+00:00","dateModified":"2026-01-18T05:17:23+00:00","mainEntityOfPage":{"@id":"https:\/\/vieassociative.be\/actualites\/visible-offre-egalement-un-credit-pour-la-panne-de-verizon-de-cette-semaine\/"},"wordCount":528,"publisher":{"@id":"https:\/\/vieassociative.be\/actualites\/#organization"},"image":{"@id":"https:\/\/vieassociative.be\/actualites\/visible-offre-egalement-un-credit-pour-la-panne-de-verizon-de-cette-semaine\/#primaryimage"},"thumbnailUrl":"https:\/\/vieassociative.be\/actualites\/wp-content\/uploads\/2026\/01\/Visible-offre-egalement-un-credit-pour-la-panne-de-Verizon.webp.webp","keywords":["cette","cr\u00e9dit","\u00e9galement","offre","panne","pour","semaine","Verizon","Visible"],"articleSection":["Technologie"],"inLanguage":"fr-BE"},{"@type":"WebPage","@id":"https:\/\/vieassociative.be\/actualites\/visible-offre-egalement-un-credit-pour-la-panne-de-verizon-de-cette-semaine\/","url":"https:\/\/vieassociative.be\/actualites\/visible-offre-egalement-un-credit-pour-la-panne-de-verizon-de-cette-semaine\/","name":"Visible offre \u00e9galement un cr\u00e9dit pour la panne de Verizon de cette semaine | Vie Associative","isPartOf":{"@id":"https:\/\/vieassociative.be\/actualites\/#website"},"primaryImageOfPage":{"@id":"https:\/\/vieassociative.be\/actualites\/visible-offre-egalement-un-credit-pour-la-panne-de-verizon-de-cette-semaine\/#primaryimage"},"image":{"@id":"https:\/\/vieassociative.be\/actualites\/visible-offre-egalement-un-credit-pour-la-panne-de-verizon-de-cette-semaine\/#primaryimage"},"thumbnailUrl":"https:\/\/vieassociative.be\/actualites\/wp-content\/uploads\/2026\/01\/Visible-offre-egalement-un-credit-pour-la-panne-de-Verizon.webp.webp","datePublished":"2026-01-18T05:17:23+00:00","dateModified":"2026-01-18T05:17:23+00:00","breadcrumb":{"@id":"https:\/\/vieassociative.be\/actualites\/visible-offre-egalement-un-credit-pour-la-panne-de-verizon-de-cette-semaine\/#breadcrumb"},"inLanguage":"fr-BE","potentialAction":[{"@type":"ReadAction","target":["https:\/\/vieassociative.be\/actualites\/visible-offre-egalement-un-credit-pour-la-panne-de-verizon-de-cette-semaine\/"]}]},{"@type":"ImageObject","inLanguage":"fr-BE","@id":"https:\/\/vieassociative.be\/actualites\/visible-offre-egalement-un-credit-pour-la-panne-de-verizon-de-cette-semaine\/#primaryimage","url":"https:\/\/vieassociative.be\/actualites\/wp-content\/uploads\/2026\/01\/Visible-offre-egalement-un-credit-pour-la-panne-de-Verizon.webp.webp","contentUrl":"https:\/\/vieassociative.be\/actualites\/wp-content\/uploads\/2026\/01\/Visible-offre-egalement-un-credit-pour-la-panne-de-Verizon.webp.webp","width":1200,"height":675,"caption":"Visible offre \u00e9galement un cr\u00e9dit pour la panne de Verizon de cette semaine"},{"@type":"BreadcrumbList","@id":"https:\/\/vieassociative.be\/actualites\/visible-offre-egalement-un-credit-pour-la-panne-de-verizon-de-cette-semaine\/#breadcrumb","itemListElement":[{"@type":"ListItem","position":1,"name":"Accueil","item":"https:\/\/vieassociative.be\/actualites\/"},{"@type":"ListItem","position":2,"name":"Visible offre \u00e9galement un cr\u00e9dit pour la panne de Verizon de cette semaine"}]},{"@type":"WebSite","@id":"https:\/\/vieassociative.be\/actualites\/#website","url":"https:\/\/vieassociative.be\/actualites\/","name":"Vie Associative","description":"","publisher":{"@id":"https:\/\/vieassociative.be\/actualites\/#organization"},"potentialAction":[{"@type":"SearchAction","target":{"@type":"EntryPoint","urlTemplate":"https:\/\/vieassociative.be\/actualites\/?s={search_term_string}"},"query-input":{"@type":"PropertyValueSpecification","valueRequired":true,"valueName":"search_term_string"}}],"inLanguage":"fr-BE"},{"@type":"Organization","@id":"https:\/\/vieassociative.be\/actualites\/#organization","name":"Vie Associative","url":"https:\/\/vieassociative.be\/actualites\/","logo":{"@type":"ImageObject","inLanguage":"fr-BE","@id":"https:\/\/vieassociative.be\/actualites\/#\/schema\/logo\/image\/","url":"https:\/\/vieassociative.be\/actualites\/wp-content\/uploads\/2024\/09\/cropped-vieassociative_favicon.ico.png","contentUrl":"https:\/\/vieassociative.be\/actualites\/wp-content\/uploads\/2024\/09\/cropped-vieassociative_favicon.ico.png","width":512,"height":512,"caption":"Vie Associative"},"image":{"@id":"https:\/\/vieassociative.be\/actualites\/#\/schema\/logo\/image\/"}},{"@type":"Person","@id":"https:\/\/vieassociative.be\/actualites\/#\/schema\/person\/b87ac4f82f9d4e7b7cec7395b679edc4","name":"Julien","image":{"@type":"ImageObject","inLanguage":"fr-BE","@id":"https:\/\/vieassociative.be\/actualites\/#\/schema\/person\/image\/","url":"https:\/\/vieassociative.be\/actualites\/wp-content\/uploads\/2024\/09\/vie-associative-1-150x150.jpg","contentUrl":"https:\/\/vieassociative.be\/actualites\/wp-content\/uploads\/2024\/09\/vie-associative-1-150x150.jpg","caption":"Julien"},"description":"Je suis Julien, r\u00e9dacteur pour Vie Associative. Passionn\u00e9 par le monde associatif depuis plus de 10 ans, j'ai \u00e0 c\u0153ur de partager des histoires inspirantes et de mettre en lumi\u00e8re les initiatives locales. Mon objectif est de sensibiliser et d'encourager l'engagement communautaire \u00e0 travers mes articles.","sameAs":["https:\/\/vieassociative.be\/"]}]}},"_links":{"self":[{"href":"https:\/\/vieassociative.be\/actualites\/wp-json\/wp\/v2\/posts\/12254"}],"collection":[{"href":"https:\/\/vieassociative.be\/actualites\/wp-json\/wp\/v2\/posts"}],"about":[{"href":"https:\/\/vieassociative.be\/actualites\/wp-json\/wp\/v2\/types\/post"}],"author":[{"embeddable":true,"href":"https:\/\/vieassociative.be\/actualites\/wp-json\/wp\/v2\/users\/1"}],"replies":[{"embeddable":true,"href":"https:\/\/vieassociative.be\/actualites\/wp-json\/wp\/v2\/comments?post=12254"}],"version-history":[{"count":0,"href":"https:\/\/vieassociative.be\/actualites\/wp-json\/wp\/v2\/posts\/12254\/revisions"}],"wp:featuredmedia":[{"embeddable":true,"href":"https:\/\/vieassociative.be\/actualites\/wp-json\/wp\/v2\/media\/12255"}],"wp:attachment":[{"href":"https:\/\/vieassociative.be\/actualites\/wp-json\/wp\/v2\/media?parent=12254"}],"wp:term":[{"taxonomy":"category","embeddable":true,"href":"https:\/\/vieassociative.be\/actualites\/wp-json\/wp\/v2\/categories?post=12254"},{"taxonomy":"post_tag","embeddable":true,"href":"https:\/\/vieassociative.be\/actualites\/wp-json\/wp\/v2\/tags?post=12254"}],"curies":[{"name":"wp","href":"https:\/\/api.w.org\/{rel}","templated":true}]}}