{"id":12252,"date":"2026-01-18T01:17:47","date_gmt":"2026-01-18T00:17:47","guid":{"rendered":"https:\/\/vieassociative.be\/actualites\/las-eupen-ne-se-reveille-quau-bout-dune-heure-et-sort-du-top-6-apres-une-defaite-1-2-contre-le-sk-beveren\/"},"modified":"2026-01-18T01:17:47","modified_gmt":"2026-01-18T00:17:47","slug":"las-eupen-ne-se-reveille-quau-bout-dune-heure-et-sort-du-top-6-apres-une-defaite-1-2-contre-le-sk-beveren","status":"publish","type":"post","link":"https:\/\/vieassociative.be\/actualites\/las-eupen-ne-se-reveille-quau-bout-dune-heure-et-sort-du-top-6-apres-une-defaite-1-2-contre-le-sk-beveren\/","title":{"rendered":"L&rsquo;AS Eupen ne se r\u00e9veille qu&rsquo;au bout d&rsquo;une heure et sort du top 6 apr\u00e8s une d\u00e9faite 1-2 contre le SK Beveren"},"content":{"rendered":"<p><strong>L&rsquo;AS Eupen n&rsquo;a pas r\u00e9ussi \u00e0 infliger sa premi\u00e8re d\u00e9faite de la saison aux souverains leaders de la Challenger Pro League. Eupen n&rsquo;avait rien \u00e0 commander depuis une heure. Ensuite, les spectateurs ont assist\u00e9 \u00e0 un match diff\u00e9rent, mais les h\u00f4tes se sont r\u00e9veill\u00e9s trop tard. Les noirs et blancs ont perdu 1:2 contre le SK Beveren et sont retomb\u00e9s \u00e0 la 7\u00e8me place.<\/strong><\/p>\n<p><span id=\"more-434033\"><\/span>En pr\u00e9vision des renforts qui seront n\u00e9cessaires et devraient \u00e9galement \u00eatre possibles compte tenu du rachat du club par QSI, l&rsquo;entra\u00eeneur de l&rsquo;AS Bruno Pinheiro a propos\u00e9 un onze sans surprises : Hiller &#8211; Van Genechten, Plastun, Paeshuyse, Gavory &#8211; Busquets, M\u00f6hwald, M\u00fcller, Delaurier-Choodet &#8211; Nuhu, Atteri.<\/p>\n<p>Christian Br\u00fcls d&rsquo;Amel, qui conna\u00eet tr\u00e8s bien le stade du Kehrweg, \u00e9tait titulaire pour les invit\u00e9s. Au SK Beveren, ce ne sont pas les joueurs qui ont d&rsquo;abord attir\u00e9 l&rsquo;attention, mais plut\u00f4t les supporters qui voyageaient avec eux, tous v\u00eatus de jaune. On aurait pu croire que l&rsquo;AS rencontrerait les \u00ab canaris \u00bb de Saint-Trond.<\/p>\n<div id=\"attachment_431139\" class=\"wp-caption alignleft\" style=\"max-width: 300px\"><img fetchpriority=\"high\" decoding=\"async\" class=\"wp-image-431139 size-medium\" src=\"https:\/\/vieassociative.be\/actualites\/wp-content\/uploads\/2025\/12\/LAS-Eupen-simpose-1-0-au-RFC-Seraing-et-reste-candidat.jpg\" alt=\"\" width=\"300\" height=\"200\"  ><\/div>\n<p>D\u00e8s la 4\u00e8me minute, la mont\u00e9e en puissance d&rsquo;AS depuis sa propre d\u00e9fense, encore une fois bien trop risqu\u00e9e, aurait \u00e9t\u00e9 fatale. Apparemment, l&rsquo;entra\u00eeneur Pinheiro continue d&rsquo;insister sur le jeu de l&rsquo;arri\u00e8re, m\u00eame si la d\u00e9fense d&rsquo;Eupen ne ma\u00eetrise pas toujours ce jeu de combinaison.<\/p>\n<p>Le SK Beveren a clairement donn\u00e9 le ton d\u00e8s le d\u00e9but. \u00c0 la 14e minute, Mertens reprenait une t\u00eate de Hiller dans la surface de r\u00e9paration apr\u00e8s un centre parfait de Br\u00fcls, mais il manquait son cadre. Peu de temps apr\u00e8s, le gardien de l&rsquo;AS Hiller a d\u00fb courageusement quitter son but pour d\u00e9samorcer une situation dangereuse \u2013 encore une fois initi\u00e9e par Br\u00fcls.<\/p>\n<p>Avec un nouveau centre de Br\u00fcls, que Mertens utilisait pour donner l&rsquo;avantage \u00e0 Beveren, le score \u00e9tait de 0-1 pour AS. Certains spectateurs se seront \u00e0 juste titre demand\u00e9 sur quoi l&rsquo;entra\u00eeneur Pinheiro et les joueurs de l&rsquo;AS fondaient leur optimisme avant le match contre les leaders, car au moins dans le premier quart d&rsquo;heure, les h\u00f4tes n&rsquo;avaient rien \u00e0 commander. D\u00e9sormais, on n&rsquo;entendait presque plus que les supporters du SK Beveren.<\/p>\n<div id=\"attachment_424493\" class=\"wp-caption alignleft\" style=\"max-width: 200px\"><img decoding=\"async\" class=\"wp-image-424493 size-medium\" src=\"https:\/\/vieassociative.be\/actualites\/wp-content\/uploads\/2025\/09\/30.jpg\" alt=\"\" width=\"200\" height=\"300\"  ><\/div>\n<p>A la 26e minute, apr\u00e8s une attaque de Beveren via Margaritha, Plastun a risqu\u00e9 sa vie pour emp\u00eacher un deuxi\u00e8me but. \u00c0 la 30e minute, Hiller a d\u00fb s&rsquo;\u00e9tirer pour capter un tir \u00e0 longue distance de Boone. En tout cas, chacun pouvait constater la diff\u00e9rence de classe entre les deux \u00e9quipes.<\/p>\n<p>\u00c0 la 35e minute, Busquets commettait une erreur de d\u00e9butant, qui n&rsquo;avait heureusement aucune cons\u00e9quence pour Eupen puisque Mertens \u00e9tait repouss\u00e9 par Hiller.<\/p>\n<p>Dans les arr\u00eats de jeu, Beveren a marqu\u00e9 le but pour porter le score \u00e0 0-2. Plastun d\u00e9viait d&rsquo;abord le tir de Janssens sur la barre transversale, mais Abrahams profitait ensuite de la confusion dans la d\u00e9fense d&rsquo;Eupen pour porter le score \u00e0 0-2.<\/p>\n<p>Au d\u00e9but de la seconde p\u00e9riode, l&rsquo;entra\u00eeneur Pinheiro a d\u00fb proc\u00e9der \u00e0 un changement. Le gardien Hiller a apparemment \u00e9t\u00e9 bless\u00e9 et Nurudeen est venu le remplacer. \u00c0 la 55e minute, Bokadi a remplac\u00e9 le faible Busquets.<\/p>\n<p>En tant que spectateur, vous risquiez de vous endormir lorsque AS marquait \u00e0 l&rsquo;improviste 1-2 \u00e0 la 58e minute. Sur une finale longue et s\u00e8che, Delaurier-Chautet a redonn\u00e9 espoir \u00e0 l&rsquo;AS Eupen apr\u00e8s une combinaison avec Atteri. Presque personne ne s\u2019y attendait. Le Fran\u00e7ais avait d\u00e9j\u00e0 marqu\u00e9 au match aller.<\/p>\n<p>Ce but a donn\u00e9 un coup de pouce aux h\u00f4tes. A la 64e minute, un tir de Nuhu manque de peu le cadre. Y avait-il encore quelque chose pour Eupen ? En cons\u00e9quence, Nurudeen a d\u00fb intervenir courageusement pour emp\u00eacher le score de 1:3, ce qui aurait sonn\u00e9 le glas d&rsquo;AS.<\/p>\n<p>L&rsquo;AS avait d\u00e9sormais plus d&rsquo;occasions de marquer et montrait le genre de comportement de duel qu&rsquo;il aurait souhait\u00e9 en premi\u00e8re mi-temps. Beveren a m\u00eame d\u00fb trembler en phase finale. Apr\u00e8s un coup franc de Nuhu, Bokadi a tir\u00e9, mais le ballon est pass\u00e9 \u00e0 c\u00f4t\u00e9 du but.<\/p>\n<p>Il s&rsquo;agit toujours d&rsquo;une victoire 2-1 \u00e0 l&rsquo;ext\u00e9rieur pour le leader du championnat, le SK Beveren. L&rsquo;AS Eupen, en revanche, est hors du top 6 car ses concurrents le FC L\u00fcttich (3:1 contre les Francs Borains) et le Patro Eisden (1:0 contre le KV Courtrai) ont r\u00e9ussi \u00e0 remporter leurs matchs. Samedi prochain, AS sera invit\u00e9 au SK Lommel \u00e0 20h. (cr\u00e9er)<\/p>\n","protected":false},"excerpt":{"rendered":"<p>L&rsquo;AS Eupen n&rsquo;a pas r\u00e9ussi \u00e0 infliger sa premi\u00e8re d\u00e9faite de la saison aux souverains leaders de la Challenger Pro League. Eupen n&rsquo;avait rien \u00e0<\/p>\n","protected":false},"author":1,"featured_media":12253,"comment_status":"","ping_status":"","sticky":false,"template":"","format":"standard","meta":{"footnotes":""},"categories":[298],"tags":[472,3611,9801,796,2350,698,2329,2523,2353,9800,3679,5503,3169,110],"class_list":["post-12252","post","type-post","status-publish","format-standard","has-post-thumbnail","hentry","category-belgique","tag-apres","tag-beveren","tag-bout","tag-contre","tag-defaite","tag-dune","tag-eupen","tag-heure","tag-las","tag-quau","tag-reveille","tag-sort","tag-top","tag-une","generate-columns","tablet-grid-50","mobile-grid-100","grid-parent","grid-33"],"yoast_head":"<!-- This site is optimized with the Yoast SEO plugin v24.0 - https:\/\/yoast.com\/wordpress\/plugins\/seo\/ -->\n<title>L&#039;AS Eupen ne se r\u00e9veille qu&#039;au bout d&#039;une heure et sort du top 6 apr\u00e8s une d\u00e9faite 1-2 contre le SK Beveren | Vie Associative<\/title>\n<meta name=\"robots\" content=\"index, follow, max-snippet:-1, max-image-preview:large, max-video-preview:-1\" \/>\n<link rel=\"canonical\" href=\"https:\/\/vieassociative.be\/actualites\/las-eupen-ne-se-reveille-quau-bout-dune-heure-et-sort-du-top-6-apres-une-defaite-1-2-contre-le-sk-beveren\/\" \/>\n<meta property=\"og:locale\" content=\"fr_FR\" \/>\n<meta property=\"og:type\" content=\"article\" \/>\n<meta property=\"og:title\" content=\"L&#039;AS Eupen ne se r\u00e9veille qu&#039;au bout d&#039;une heure et sort du top 6 apr\u00e8s une d\u00e9faite 1-2 contre le SK Beveren | Vie Associative\" \/>\n<meta property=\"og:description\" content=\"L&rsquo;AS Eupen n&rsquo;a pas r\u00e9ussi \u00e0 infliger sa premi\u00e8re d\u00e9faite de la saison aux souverains leaders de la Challenger Pro League. Eupen n&rsquo;avait rien \u00e0\" \/>\n<meta property=\"og:url\" content=\"https:\/\/vieassociative.be\/actualites\/las-eupen-ne-se-reveille-quau-bout-dune-heure-et-sort-du-top-6-apres-une-defaite-1-2-contre-le-sk-beveren\/\" \/>\n<meta property=\"og:site_name\" content=\"Vie Associative\" \/>\n<meta property=\"article:published_time\" content=\"2026-01-18T00:17:47+00:00\" \/>\n<meta property=\"og:image\" content=\"https:\/\/vieassociative.be\/actualites\/wp-content\/uploads\/2024\/09\/header_backgroundk-01-e1726694325946.png\" \/>\n\t<meta property=\"og:image:width\" content=\"279\" \/>\n\t<meta property=\"og:image:height\" content=\"92\" \/>\n\t<meta property=\"og:image:type\" content=\"image\/png\" \/>\n<meta name=\"author\" content=\"Julien\" \/>\n<meta name=\"twitter:card\" content=\"summary_large_image\" \/>\n<meta name=\"twitter:label1\" content=\"\u00c9crit par\" \/>\n\t<meta name=\"twitter:data1\" content=\"Julien\" \/>\n\t<meta name=\"twitter:label2\" content=\"Dur\u00e9e de lecture est.\" \/>\n\t<meta name=\"twitter:data2\" content=\"4 minutes\" \/>\n<script type=\"application\/ld+json\" class=\"yoast-schema-graph\">{\"@context\":\"https:\/\/schema.org\",\"@graph\":[{\"@type\":\"Article\",\"@id\":\"https:\/\/vieassociative.be\/actualites\/las-eupen-ne-se-reveille-quau-bout-dune-heure-et-sort-du-top-6-apres-une-defaite-1-2-contre-le-sk-beveren\/#article\",\"isPartOf\":{\"@id\":\"https:\/\/vieassociative.be\/actualites\/las-eupen-ne-se-reveille-quau-bout-dune-heure-et-sort-du-top-6-apres-une-defaite-1-2-contre-le-sk-beveren\/\"},\"author\":{\"name\":\"Julien\",\"@id\":\"https:\/\/vieassociative.be\/actualites\/#\/schema\/person\/b87ac4f82f9d4e7b7cec7395b679edc4\"},\"headline\":\"L&rsquo;AS Eupen ne se r\u00e9veille qu&rsquo;au bout d&rsquo;une heure et sort du top 6 apr\u00e8s une d\u00e9faite 1-2 contre le SK Beveren\",\"datePublished\":\"2026-01-18T00:17:47+00:00\",\"dateModified\":\"2026-01-18T00:17:47+00:00\",\"mainEntityOfPage\":{\"@id\":\"https:\/\/vieassociative.be\/actualites\/las-eupen-ne-se-reveille-quau-bout-dune-heure-et-sort-du-top-6-apres-une-defaite-1-2-contre-le-sk-beveren\/\"},\"wordCount\":816,\"publisher\":{\"@id\":\"https:\/\/vieassociative.be\/actualites\/#organization\"},\"image\":{\"@id\":\"https:\/\/vieassociative.be\/actualites\/las-eupen-ne-se-reveille-quau-bout-dune-heure-et-sort-du-top-6-apres-une-defaite-1-2-contre-le-sk-beveren\/#primaryimage\"},\"thumbnailUrl\":\"https:\/\/vieassociative.be\/actualites\/wp-content\/uploads\/2026\/01\/LAS-Eupen-ne-se-reveille-quau-bout-dune-heure-et.jpg\",\"keywords\":[\"Apr\u00e8s\",\"Beveren\",\"bout\",\"contre\",\"D\u00e9faite\",\"dune\",\"Eupen\",\"heure\",\"lAS\",\"quau\",\"r\u00e9veill\u00e9\",\"sort\",\"top\",\"une\"],\"articleSection\":[\"Belgique\"],\"inLanguage\":\"fr-BE\"},{\"@type\":\"WebPage\",\"@id\":\"https:\/\/vieassociative.be\/actualites\/las-eupen-ne-se-reveille-quau-bout-dune-heure-et-sort-du-top-6-apres-une-defaite-1-2-contre-le-sk-beveren\/\",\"url\":\"https:\/\/vieassociative.be\/actualites\/las-eupen-ne-se-reveille-quau-bout-dune-heure-et-sort-du-top-6-apres-une-defaite-1-2-contre-le-sk-beveren\/\",\"name\":\"L'AS Eupen ne se r\u00e9veille qu'au bout d'une heure et sort du top 6 apr\u00e8s une d\u00e9faite 1-2 contre le SK Beveren | Vie Associative\",\"isPartOf\":{\"@id\":\"https:\/\/vieassociative.be\/actualites\/#website\"},\"primaryImageOfPage\":{\"@id\":\"https:\/\/vieassociative.be\/actualites\/las-eupen-ne-se-reveille-quau-bout-dune-heure-et-sort-du-top-6-apres-une-defaite-1-2-contre-le-sk-beveren\/#primaryimage\"},\"image\":{\"@id\":\"https:\/\/vieassociative.be\/actualites\/las-eupen-ne-se-reveille-quau-bout-dune-heure-et-sort-du-top-6-apres-une-defaite-1-2-contre-le-sk-beveren\/#primaryimage\"},\"thumbnailUrl\":\"https:\/\/vieassociative.be\/actualites\/wp-content\/uploads\/2026\/01\/LAS-Eupen-ne-se-reveille-quau-bout-dune-heure-et.jpg\",\"datePublished\":\"2026-01-18T00:17:47+00:00\",\"dateModified\":\"2026-01-18T00:17:47+00:00\",\"breadcrumb\":{\"@id\":\"https:\/\/vieassociative.be\/actualites\/las-eupen-ne-se-reveille-quau-bout-dune-heure-et-sort-du-top-6-apres-une-defaite-1-2-contre-le-sk-beveren\/#breadcrumb\"},\"inLanguage\":\"fr-BE\",\"potentialAction\":[{\"@type\":\"ReadAction\",\"target\":[\"https:\/\/vieassociative.be\/actualites\/las-eupen-ne-se-reveille-quau-bout-dune-heure-et-sort-du-top-6-apres-une-defaite-1-2-contre-le-sk-beveren\/\"]}]},{\"@type\":\"ImageObject\",\"inLanguage\":\"fr-BE\",\"@id\":\"https:\/\/vieassociative.be\/actualites\/las-eupen-ne-se-reveille-quau-bout-dune-heure-et-sort-du-top-6-apres-une-defaite-1-2-contre-le-sk-beveren\/#primaryimage\",\"url\":\"https:\/\/vieassociative.be\/actualites\/wp-content\/uploads\/2026\/01\/LAS-Eupen-ne-se-reveille-quau-bout-dune-heure-et.jpg\",\"contentUrl\":\"https:\/\/vieassociative.be\/actualites\/wp-content\/uploads\/2026\/01\/LAS-Eupen-ne-se-reveille-quau-bout-dune-heure-et.jpg\",\"width\":1200,\"height\":801,\"caption\":\"L'AS Eupen ne se r\u00e9veille qu'au bout d'une heure et sort du top 6 apr\u00e8s une d\u00e9faite 1-2 contre le SK Beveren\"},{\"@type\":\"BreadcrumbList\",\"@id\":\"https:\/\/vieassociative.be\/actualites\/las-eupen-ne-se-reveille-quau-bout-dune-heure-et-sort-du-top-6-apres-une-defaite-1-2-contre-le-sk-beveren\/#breadcrumb\",\"itemListElement\":[{\"@type\":\"ListItem\",\"position\":1,\"name\":\"Accueil\",\"item\":\"https:\/\/vieassociative.be\/actualites\/\"},{\"@type\":\"ListItem\",\"position\":2,\"name\":\"L&rsquo;AS Eupen ne se r\u00e9veille qu&rsquo;au bout d&rsquo;une heure et sort du top 6 apr\u00e8s une d\u00e9faite 1-2 contre le SK Beveren\"}]},{\"@type\":\"WebSite\",\"@id\":\"https:\/\/vieassociative.be\/actualites\/#website\",\"url\":\"https:\/\/vieassociative.be\/actualites\/\",\"name\":\"Vie Associative\",\"description\":\"\",\"publisher\":{\"@id\":\"https:\/\/vieassociative.be\/actualites\/#organization\"},\"potentialAction\":[{\"@type\":\"SearchAction\",\"target\":{\"@type\":\"EntryPoint\",\"urlTemplate\":\"https:\/\/vieassociative.be\/actualites\/?s={search_term_string}\"},\"query-input\":{\"@type\":\"PropertyValueSpecification\",\"valueRequired\":true,\"valueName\":\"search_term_string\"}}],\"inLanguage\":\"fr-BE\"},{\"@type\":\"Organization\",\"@id\":\"https:\/\/vieassociative.be\/actualites\/#organization\",\"name\":\"Vie Associative\",\"url\":\"https:\/\/vieassociative.be\/actualites\/\",\"logo\":{\"@type\":\"ImageObject\",\"inLanguage\":\"fr-BE\",\"@id\":\"https:\/\/vieassociative.be\/actualites\/#\/schema\/logo\/image\/\",\"url\":\"https:\/\/vieassociative.be\/actualites\/wp-content\/uploads\/2024\/09\/cropped-vieassociative_favicon.ico.png\",\"contentUrl\":\"https:\/\/vieassociative.be\/actualites\/wp-content\/uploads\/2024\/09\/cropped-vieassociative_favicon.ico.png\",\"width\":512,\"height\":512,\"caption\":\"Vie Associative\"},\"image\":{\"@id\":\"https:\/\/vieassociative.be\/actualites\/#\/schema\/logo\/image\/\"}},{\"@type\":\"Person\",\"@id\":\"https:\/\/vieassociative.be\/actualites\/#\/schema\/person\/b87ac4f82f9d4e7b7cec7395b679edc4\",\"name\":\"Julien\",\"image\":{\"@type\":\"ImageObject\",\"inLanguage\":\"fr-BE\",\"@id\":\"https:\/\/vieassociative.be\/actualites\/#\/schema\/person\/image\/\",\"url\":\"https:\/\/vieassociative.be\/actualites\/wp-content\/uploads\/2024\/09\/vie-associative-1-150x150.jpg\",\"contentUrl\":\"https:\/\/vieassociative.be\/actualites\/wp-content\/uploads\/2024\/09\/vie-associative-1-150x150.jpg\",\"caption\":\"Julien\"},\"description\":\"Je suis Julien, r\u00e9dacteur pour Vie Associative. Passionn\u00e9 par le monde associatif depuis plus de 10 ans, j'ai \u00e0 c\u0153ur de partager des histoires inspirantes et de mettre en lumi\u00e8re les initiatives locales. Mon objectif est de sensibiliser et d'encourager l'engagement communautaire \u00e0 travers mes articles.\",\"sameAs\":[\"https:\/\/vieassociative.be\/\"]}]}<\/script>\n<!-- \/ Yoast SEO plugin. -->","yoast_head_json":{"title":"L'AS Eupen ne se r\u00e9veille qu'au bout d'une heure et sort du top 6 apr\u00e8s une d\u00e9faite 1-2 contre le SK Beveren | Vie Associative","robots":{"index":"index","follow":"follow","max-snippet":"max-snippet:-1","max-image-preview":"max-image-preview:large","max-video-preview":"max-video-preview:-1"},"canonical":"https:\/\/vieassociative.be\/actualites\/las-eupen-ne-se-reveille-quau-bout-dune-heure-et-sort-du-top-6-apres-une-defaite-1-2-contre-le-sk-beveren\/","og_locale":"fr_FR","og_type":"article","og_title":"L'AS Eupen ne se r\u00e9veille qu'au bout d'une heure et sort du top 6 apr\u00e8s une d\u00e9faite 1-2 contre le SK Beveren | Vie Associative","og_description":"L&rsquo;AS Eupen n&rsquo;a pas r\u00e9ussi \u00e0 infliger sa premi\u00e8re d\u00e9faite de la saison aux souverains leaders de la Challenger Pro League. Eupen n&rsquo;avait rien \u00e0","og_url":"https:\/\/vieassociative.be\/actualites\/las-eupen-ne-se-reveille-quau-bout-dune-heure-et-sort-du-top-6-apres-une-defaite-1-2-contre-le-sk-beveren\/","og_site_name":"Vie Associative","article_published_time":"2026-01-18T00:17:47+00:00","og_image":[{"width":279,"height":92,"url":"https:\/\/vieassociative.be\/actualites\/wp-content\/uploads\/2024\/09\/header_backgroundk-01-e1726694325946.png","type":"image\/png"}],"author":"Julien","twitter_card":"summary_large_image","twitter_misc":{"\u00c9crit par":"Julien","Dur\u00e9e de lecture est.":"4 minutes"},"schema":{"@context":"https:\/\/schema.org","@graph":[{"@type":"Article","@id":"https:\/\/vieassociative.be\/actualites\/las-eupen-ne-se-reveille-quau-bout-dune-heure-et-sort-du-top-6-apres-une-defaite-1-2-contre-le-sk-beveren\/#article","isPartOf":{"@id":"https:\/\/vieassociative.be\/actualites\/las-eupen-ne-se-reveille-quau-bout-dune-heure-et-sort-du-top-6-apres-une-defaite-1-2-contre-le-sk-beveren\/"},"author":{"name":"Julien","@id":"https:\/\/vieassociative.be\/actualites\/#\/schema\/person\/b87ac4f82f9d4e7b7cec7395b679edc4"},"headline":"L&rsquo;AS Eupen ne se r\u00e9veille qu&rsquo;au bout d&rsquo;une heure et sort du top 6 apr\u00e8s une d\u00e9faite 1-2 contre le SK Beveren","datePublished":"2026-01-18T00:17:47+00:00","dateModified":"2026-01-18T00:17:47+00:00","mainEntityOfPage":{"@id":"https:\/\/vieassociative.be\/actualites\/las-eupen-ne-se-reveille-quau-bout-dune-heure-et-sort-du-top-6-apres-une-defaite-1-2-contre-le-sk-beveren\/"},"wordCount":816,"publisher":{"@id":"https:\/\/vieassociative.be\/actualites\/#organization"},"image":{"@id":"https:\/\/vieassociative.be\/actualites\/las-eupen-ne-se-reveille-quau-bout-dune-heure-et-sort-du-top-6-apres-une-defaite-1-2-contre-le-sk-beveren\/#primaryimage"},"thumbnailUrl":"https:\/\/vieassociative.be\/actualites\/wp-content\/uploads\/2026\/01\/LAS-Eupen-ne-se-reveille-quau-bout-dune-heure-et.jpg","keywords":["Apr\u00e8s","Beveren","bout","contre","D\u00e9faite","dune","Eupen","heure","lAS","quau","r\u00e9veill\u00e9","sort","top","une"],"articleSection":["Belgique"],"inLanguage":"fr-BE"},{"@type":"WebPage","@id":"https:\/\/vieassociative.be\/actualites\/las-eupen-ne-se-reveille-quau-bout-dune-heure-et-sort-du-top-6-apres-une-defaite-1-2-contre-le-sk-beveren\/","url":"https:\/\/vieassociative.be\/actualites\/las-eupen-ne-se-reveille-quau-bout-dune-heure-et-sort-du-top-6-apres-une-defaite-1-2-contre-le-sk-beveren\/","name":"L'AS Eupen ne se r\u00e9veille qu'au bout d'une heure et sort du top 6 apr\u00e8s une d\u00e9faite 1-2 contre le SK Beveren | Vie Associative","isPartOf":{"@id":"https:\/\/vieassociative.be\/actualites\/#website"},"primaryImageOfPage":{"@id":"https:\/\/vieassociative.be\/actualites\/las-eupen-ne-se-reveille-quau-bout-dune-heure-et-sort-du-top-6-apres-une-defaite-1-2-contre-le-sk-beveren\/#primaryimage"},"image":{"@id":"https:\/\/vieassociative.be\/actualites\/las-eupen-ne-se-reveille-quau-bout-dune-heure-et-sort-du-top-6-apres-une-defaite-1-2-contre-le-sk-beveren\/#primaryimage"},"thumbnailUrl":"https:\/\/vieassociative.be\/actualites\/wp-content\/uploads\/2026\/01\/LAS-Eupen-ne-se-reveille-quau-bout-dune-heure-et.jpg","datePublished":"2026-01-18T00:17:47+00:00","dateModified":"2026-01-18T00:17:47+00:00","breadcrumb":{"@id":"https:\/\/vieassociative.be\/actualites\/las-eupen-ne-se-reveille-quau-bout-dune-heure-et-sort-du-top-6-apres-une-defaite-1-2-contre-le-sk-beveren\/#breadcrumb"},"inLanguage":"fr-BE","potentialAction":[{"@type":"ReadAction","target":["https:\/\/vieassociative.be\/actualites\/las-eupen-ne-se-reveille-quau-bout-dune-heure-et-sort-du-top-6-apres-une-defaite-1-2-contre-le-sk-beveren\/"]}]},{"@type":"ImageObject","inLanguage":"fr-BE","@id":"https:\/\/vieassociative.be\/actualites\/las-eupen-ne-se-reveille-quau-bout-dune-heure-et-sort-du-top-6-apres-une-defaite-1-2-contre-le-sk-beveren\/#primaryimage","url":"https:\/\/vieassociative.be\/actualites\/wp-content\/uploads\/2026\/01\/LAS-Eupen-ne-se-reveille-quau-bout-dune-heure-et.jpg","contentUrl":"https:\/\/vieassociative.be\/actualites\/wp-content\/uploads\/2026\/01\/LAS-Eupen-ne-se-reveille-quau-bout-dune-heure-et.jpg","width":1200,"height":801,"caption":"L'AS Eupen ne se r\u00e9veille qu'au bout d'une heure et sort du top 6 apr\u00e8s une d\u00e9faite 1-2 contre le SK Beveren"},{"@type":"BreadcrumbList","@id":"https:\/\/vieassociative.be\/actualites\/las-eupen-ne-se-reveille-quau-bout-dune-heure-et-sort-du-top-6-apres-une-defaite-1-2-contre-le-sk-beveren\/#breadcrumb","itemListElement":[{"@type":"ListItem","position":1,"name":"Accueil","item":"https:\/\/vieassociative.be\/actualites\/"},{"@type":"ListItem","position":2,"name":"L&rsquo;AS Eupen ne se r\u00e9veille qu&rsquo;au bout d&rsquo;une heure et sort du top 6 apr\u00e8s une d\u00e9faite 1-2 contre le SK Beveren"}]},{"@type":"WebSite","@id":"https:\/\/vieassociative.be\/actualites\/#website","url":"https:\/\/vieassociative.be\/actualites\/","name":"Vie Associative","description":"","publisher":{"@id":"https:\/\/vieassociative.be\/actualites\/#organization"},"potentialAction":[{"@type":"SearchAction","target":{"@type":"EntryPoint","urlTemplate":"https:\/\/vieassociative.be\/actualites\/?s={search_term_string}"},"query-input":{"@type":"PropertyValueSpecification","valueRequired":true,"valueName":"search_term_string"}}],"inLanguage":"fr-BE"},{"@type":"Organization","@id":"https:\/\/vieassociative.be\/actualites\/#organization","name":"Vie Associative","url":"https:\/\/vieassociative.be\/actualites\/","logo":{"@type":"ImageObject","inLanguage":"fr-BE","@id":"https:\/\/vieassociative.be\/actualites\/#\/schema\/logo\/image\/","url":"https:\/\/vieassociative.be\/actualites\/wp-content\/uploads\/2024\/09\/cropped-vieassociative_favicon.ico.png","contentUrl":"https:\/\/vieassociative.be\/actualites\/wp-content\/uploads\/2024\/09\/cropped-vieassociative_favicon.ico.png","width":512,"height":512,"caption":"Vie Associative"},"image":{"@id":"https:\/\/vieassociative.be\/actualites\/#\/schema\/logo\/image\/"}},{"@type":"Person","@id":"https:\/\/vieassociative.be\/actualites\/#\/schema\/person\/b87ac4f82f9d4e7b7cec7395b679edc4","name":"Julien","image":{"@type":"ImageObject","inLanguage":"fr-BE","@id":"https:\/\/vieassociative.be\/actualites\/#\/schema\/person\/image\/","url":"https:\/\/vieassociative.be\/actualites\/wp-content\/uploads\/2024\/09\/vie-associative-1-150x150.jpg","contentUrl":"https:\/\/vieassociative.be\/actualites\/wp-content\/uploads\/2024\/09\/vie-associative-1-150x150.jpg","caption":"Julien"},"description":"Je suis Julien, r\u00e9dacteur pour Vie Associative. Passionn\u00e9 par le monde associatif depuis plus de 10 ans, j'ai \u00e0 c\u0153ur de partager des histoires inspirantes et de mettre en lumi\u00e8re les initiatives locales. Mon objectif est de sensibiliser et d'encourager l'engagement communautaire \u00e0 travers mes articles.","sameAs":["https:\/\/vieassociative.be\/"]}]}},"_links":{"self":[{"href":"https:\/\/vieassociative.be\/actualites\/wp-json\/wp\/v2\/posts\/12252"}],"collection":[{"href":"https:\/\/vieassociative.be\/actualites\/wp-json\/wp\/v2\/posts"}],"about":[{"href":"https:\/\/vieassociative.be\/actualites\/wp-json\/wp\/v2\/types\/post"}],"author":[{"embeddable":true,"href":"https:\/\/vieassociative.be\/actualites\/wp-json\/wp\/v2\/users\/1"}],"replies":[{"embeddable":true,"href":"https:\/\/vieassociative.be\/actualites\/wp-json\/wp\/v2\/comments?post=12252"}],"version-history":[{"count":0,"href":"https:\/\/vieassociative.be\/actualites\/wp-json\/wp\/v2\/posts\/12252\/revisions"}],"wp:featuredmedia":[{"embeddable":true,"href":"https:\/\/vieassociative.be\/actualites\/wp-json\/wp\/v2\/media\/12253"}],"wp:attachment":[{"href":"https:\/\/vieassociative.be\/actualites\/wp-json\/wp\/v2\/media?parent=12252"}],"wp:term":[{"taxonomy":"category","embeddable":true,"href":"https:\/\/vieassociative.be\/actualites\/wp-json\/wp\/v2\/categories?post=12252"},{"taxonomy":"post_tag","embeddable":true,"href":"https:\/\/vieassociative.be\/actualites\/wp-json\/wp\/v2\/tags?post=12252"}],"curies":[{"name":"wp","href":"https:\/\/api.w.org\/{rel}","templated":true}]}}