{"id":12250,"date":"2026-01-18T00:17:29","date_gmt":"2026-01-17T23:17:29","guid":{"rendered":"https:\/\/vieassociative.be\/actualites\/pourquoi-tout-le-monde-pensait-que-nous-ferions-nos-achats-par-la-voix-et-pourquoi-cela-ne-sest-jamais-produit\/"},"modified":"2026-01-18T00:17:29","modified_gmt":"2026-01-17T23:17:29","slug":"pourquoi-tout-le-monde-pensait-que-nous-ferions-nos-achats-par-la-voix-et-pourquoi-cela-ne-sest-jamais-produit","status":"publish","type":"post","link":"https:\/\/vieassociative.be\/actualites\/pourquoi-tout-le-monde-pensait-que-nous-ferions-nos-achats-par-la-voix-et-pourquoi-cela-ne-sest-jamais-produit\/","title":{"rendered":"Pourquoi tout le monde pensait que nous ferions nos achats par la voix (et pourquoi cela ne s&rsquo;est jamais produit)"},"content":{"rendered":"<p>Vous vous souvenez de l&rsquo;\u00e9poque o\u00f9 les achats mains libres allaient \u00eatre la prochaine grande nouveaut\u00e9\u00a0? En 2017, l&rsquo;Echo Dot \u00e9tait l&rsquo;article le plus vendu sur Amazon lors de sa vente Prime Day, d\u00e9passant \u00e0 la fois la Nintendo Switch et l&rsquo;Instant Pot. L&rsquo;objectif d&rsquo;Amazon \u00e9tait en partie de r\u00e9duire consid\u00e9rablement le prix de l&rsquo;appareil afin d&rsquo;installer son assistant vocal, Alexa, dans autant de foyers que possible, probablement dans l&rsquo;espoir de capitaliser sur la r\u00e9volution du commerce vocal qui, selon les analystes du secteur, rapporterait plus de 40 milliards de dollars d&rsquo;ici 2022. Mais quelque chose a mal tourn\u00e9. <\/p>\n<p>Malgr\u00e9 la domination totale d&rsquo;Amazon sur le march\u00e9 des appareils vocaux domestiques, en 2022, Alexa \u00e9tait qualifi\u00e9e d&rsquo;\u00ab \u00e9chec colossal \u00bb, 10 000 personnes ont \u00e9t\u00e9 licenci\u00e9es chez Amazon et l&rsquo;entreprise aurait perdu des milliards en un an. Bien que les achats vocaux se soient d\u00e9velopp\u00e9s lentement et r\u00e9guli\u00e8rement depuis leur naissance, ils n&rsquo;ont jamais \u00e9t\u00e9 \u00e0 la hauteur de la bulle de battage m\u00e9diatique de la fin de l&rsquo;adolescence, et c&rsquo;est une histoire fascinante sur la fa\u00e7on dont les pr\u00e9dictions technologiques se trompent. <\/p>\n<h2 id=\"its-not-fun-to-shop-with-your-voice\">Ce n&rsquo;est pas amusant de faire du shopping avec ta voix<\/h2>\n<p>Alors, qu&rsquo;est-ce qui n&rsquo;a pas fonctionn\u00e9 avec le shopping vocal\u00a0? J&rsquo;ai demand\u00e9 \u00e0 Jacquelyn Berney, pr\u00e9sidente de la soci\u00e9t\u00e9 de marketing technologique VI Branding, pourquoi elle pensait que les gens n&rsquo;achetaient pas autant par la voix que pr\u00e9vu, et sa r\u00e9ponse a \u00e9t\u00e9 simple : ce n&rsquo;est pas amusant. \u00ab\u00a0Je crois que les gens <em>comme<\/em> faire du shopping&#8230; et le shopping vocal enl\u00e8ve cette dose de dopamine\u00a0\u00bb, a d\u00e9clar\u00e9 Berney. \u00ab\u00a0Nous voulons \u00e9liminer les frictions dans nos vies. Mais faire du shopping n&rsquo;est pas une friction.\u00a0\u00bb<\/p>\n<p>Faire du shopping via Alexa et ses amis rend impossible l&rsquo;un des aspects les plus favorables \u00e0 la dopamine du shopping : vous ne pouvez pas voir la chose avant de l&rsquo;acheter. Cela n&rsquo;a pas d&rsquo;importance si vous commandez \u00e0 nouveau de la nourriture pour chiens, mais c&rsquo;est la mort pour certains types de achats. Voici comment Jason Goldberg, alors vice-pr\u00e9sident directeur du commerce et du contenu chez Razorfish, a d\u00e9crit la probabilit\u00e9 que les gens ach\u00e8tent des v\u00eatements en utilisant Alexa ou des appareils similaires dans une interview en 2018 : \u00ab Surtout pour les premiers achats avec des attributs compliqu\u00e9s comme la taille et la couleur, les gens ne voudront jamais acheter quelque chose par la voix. \u00bb <\/p>\n<h2 id=\"its-not-easier-to-shop-with-your-voice\">Ce n&rsquo;est pas plus facile de faire des achats avec votre voix<\/h2>\n<p>Bien que faire du shopping puisse \u00eatre amusant, c&rsquo;est aussi souvent p\u00e9nible, et le shopping vocal n&rsquo;att\u00e9nue pas le \u00ab facteur de tracas \u00bb li\u00e9 aux achats en ligne, il l&rsquo;ajoute. Dans les milieux du marketing, la r\u00e9duction de la \u00ab charge cognitive \u00bb des consommateurs est consid\u00e9r\u00e9e comme la cl\u00e9 pour stimuler les ventes : si vous permettez aux gens de faire leurs achats plus rapidement et plus facilement, ils ach\u00e8teront probablement davantage. Strictement en termes d&rsquo;effort physique, faire des achats \u00e0 la voix est plus facile que faire des achats \u00e0 partir d&rsquo;une page Web (vous pouvez le faire pendant que vous faites autre chose), mais le <em>mental<\/em> l\u2019effort, la charge cognitive, est plus grande. \u00ab\u00a0En pratique, (le shopping vocal) peut sembler plus de travail parce que vous attendez que l&rsquo;assistant vous explique des choses que vous pourriez parcourir instantan\u00e9ment sur un \u00e9cran ou dans un magasin\u00a0\u00bb, a d\u00e9clar\u00e9 Berney. <\/p>\n<h2 id=\"its-not-as-secure-to-shop-with-your-voice\">Ce n&rsquo;est pas aussi s\u00fbr de faire des achats avec votre voix<\/h2>\n<p>Faire des achats avec votre voix est plus qu&rsquo;une simple douleur, c&rsquo;est une menace potentielle pour la s\u00e9curit\u00e9. Garder votre mot de passe ou votre code PIN en s\u00e9curit\u00e9 sur une plateforme d&rsquo;achat est possible, mais prononcer tous ces chiffres est ennuyeux, surtout si d&rsquo;autres personnes peuvent vous entendre. Beaucoup de gens ne s&rsquo;en sont pas souci\u00e9s et les enfants ont commenc\u00e9 \u00e0 utiliser Alexa pour commander des maisons de poup\u00e9es et des biscuits, des perroquets espi\u00e8gles ont command\u00e9 des raisins et un animateur de talk-show de fin de soir\u00e9e a command\u00e9 un m\u00e9lange \u00e0 cr\u00eapes pour les gens qui regardaient leur \u00e9mission. En fin de compte, les consommateurs ne font pas confiance aux aspects de s\u00e9curit\u00e9 des achats vocaux : 45 % des personnes interrog\u00e9es dans une \u00e9tude r\u00e9cente r\u00e9alis\u00e9e par PWC ont d\u00e9clar\u00e9 : \u00ab Je ne fais pas confiance ou ne me sens pas \u00e0 l&rsquo;aise pour envoyer un paiement via mon assistant vocal. \u00bb<\/p>\n<h2 id=\"what-happened-to-all-those-echo-dots\">Qu&rsquo;est-il arriv\u00e9 \u00e0 tous ces Echo Dots ?<\/h2>\n<p>R\u00e9trospectivement, il est difficile de croire que les analystes du secteur feraient suffisamment confiance au shopping avec votre voix pour pr\u00e9dire avec certitude que les ventes d\u00e9passeraient 40 milliards de dollars d&rsquo;ici 2022. Il est plus difficile de croire qu&rsquo;Amazon risquerait des milliards sur un produit inf\u00e9rieur \u00e0 la plateforme d&rsquo;achat que l&rsquo;entreprise propose. <em>avait d\u00e9j\u00e0 construit<\/em>. Pour \u00eatre honn\u00eate, malgr\u00e9 des d\u00e9buts difficiles, les appareils Alexa d&rsquo;Amazon se sont r\u00e9v\u00e9l\u00e9s tr\u00e8s populaires (l&rsquo;entreprise en a vendu des millions et \u00ab\u00a0Alexa\u00a0\u00bb est un nom bien connu), mais la plupart des consommateurs ne les utilisent pas pour faire leurs achats. Amazon a peut-\u00eatre envisag\u00e9 Alexa comme une borne de t\u00e9l\u00e9achat, mais les consommateurs veulent un juke-box : la plupart des gens utilisent des haut-parleurs intelligents pour \u00e9couter de la musique. Cependant, c&rsquo;\u00e9tait bien de la part d&rsquo;Amazon de subventionner le co\u00fbt des radios-r\u00e9veils de millions de clients.<\/p>\n<h2 id=\"where-hands-free-shopping-is-now\">L\u00e0 o\u00f9 se trouvent d\u00e9sormais les achats mains libres<\/h2>\n<p>Cela n\u2019a peut-\u00eatre pas explos\u00e9 comme pr\u00e9vu, mais les achats \u00e0 commande vocale ont fait de modestes progr\u00e8s aupr\u00e8s des consommateurs. Selon une \u00e9tude de consommation r\u00e9alis\u00e9e en octobre 2025, 43\u00a0% des propri\u00e9taires d&rsquo;appareils \u00e0 commande vocale utilisent leurs appareils pour faire des achats, mais seulement si vous incluez des \u00e9l\u00e9ments tels que \u00ab\u00a0recherche de produits\u00a0\u00bb et \u00ab\u00a0suivi des colis\u00a0\u00bb dans les achats. Seuls 22 % des utilisateurs d\u2019enceintes intelligentes effectuent r\u00e9ellement des achats avec leurs appareils intelligents, et ces achats concernent g\u00e9n\u00e9ralement des articles m\u00e9nagers comme des serviettes en papier, des produits de nettoyage et des piles. <\/p>\n<h2 id=\"where-did-industry-analysts-go-wrong\">O\u00f9 les analystes du secteur se sont-ils tromp\u00e9s\u00a0?<\/h2>\n<p>Il est impossible de dire exactement ce qui cause une absence g\u00e9n\u00e9ralis\u00e9e de marque dans une industrie, mais la bulle du shopping vocal a \u00e9t\u00e9 au moins partiellement gonfl\u00e9e par un malentendu. Dans une interview accord\u00e9e \u00e0 Fast Company en 2014<em>,<\/em> Andrew Ng, scientifique en chef du moteur de recherche chinois Baidu, a d\u00e9clar\u00e9 : \u00ab Dans cinq ans, au moins 50 % de toutes les recherches se feront soit par des images, soit par la parole. \u00bb Cette statistique souvent r\u00e9p\u00e9t\u00e9e semblait indiquer un march\u00e9 in\u00e9vitablement domin\u00e9 par la voix, mais Ng parlait sp\u00e9cifiquement des personnes en Chine utilisant un moteur de recherche sp\u00e9cifique, et non de tout le monde en ligne, partout. <\/p>\n<p>Au fil du temps, une pr\u00e9diction sp\u00e9cifique au contexte a commenc\u00e9 \u00e0 \u00eatre consid\u00e9r\u00e9e comme une sagesse conventionnelle, et en 2017, vous aviez des pr\u00e9dictions confiantes selon lesquelles 40 milliards de dollars seraient d\u00e9pens\u00e9s en achats vocaux d&rsquo;ici 2022, et que la saisie vocale se traduirait naturellement par un comportement d&rsquo;achat. Cela a fa\u00e7onn\u00e9 les d\u00e9cisions d\u2019entreprise telles que les efforts d\u2019Amazon pour accaparer le march\u00e9 avec Alexa. Mais \u00e0 mesure que la bulle se d\u00e9gonflait, le haut-parleur intelligent a trouv\u00e9 sa v\u00e9ritable forme\u00a0: une radio que vous pouvez \u00e9galement utiliser pour commander \u00e0 nouveau des serviettes en papier, un outil utile mais limit\u00e9 au lieu d&rsquo;une perturbation r\u00e9volutionnaire. <\/p>\n","protected":false},"excerpt":{"rendered":"<p>Vous vous souvenez de l&rsquo;\u00e9poque o\u00f9 les achats mains libres allaient \u00eatre la prochaine grande nouveaut\u00e9\u00a0? En 2017, l&rsquo;Echo Dot \u00e9tait l&rsquo;article le plus vendu<\/p>\n","protected":false},"author":1,"featured_media":12251,"comment_status":"","ping_status":"","sticky":false,"template":"","format":"standard","meta":{"footnotes":""},"categories":[13],"tags":[1149,1610,9799,851,237,3060,393,676,9798,734,7924,3119,236,5908],"class_list":["post-12250","post","type-post","status-publish","format-standard","has-post-thumbnail","hentry","category-technologie","tag-achats","tag-cela","tag-ferions","tag-jamais","tag-monde","tag-nos","tag-nous","tag-par","tag-pensait","tag-pourquoi","tag-produit","tag-sest","tag-tout","tag-voix","generate-columns","tablet-grid-50","mobile-grid-100","grid-parent","grid-33"],"yoast_head":"<!-- This site is optimized with the Yoast SEO plugin v24.0 - https:\/\/yoast.com\/wordpress\/plugins\/seo\/ -->\n<title>Pourquoi tout le monde pensait que nous ferions nos achats par la voix (et pourquoi cela ne s&#039;est jamais produit) | Vie Associative<\/title>\n<meta name=\"robots\" content=\"index, follow, max-snippet:-1, max-image-preview:large, max-video-preview:-1\" \/>\n<link rel=\"canonical\" href=\"https:\/\/vieassociative.be\/actualites\/pourquoi-tout-le-monde-pensait-que-nous-ferions-nos-achats-par-la-voix-et-pourquoi-cela-ne-sest-jamais-produit\/\" \/>\n<meta property=\"og:locale\" content=\"fr_FR\" \/>\n<meta property=\"og:type\" content=\"article\" \/>\n<meta property=\"og:title\" content=\"Pourquoi tout le monde pensait que nous ferions nos achats par la voix (et pourquoi cela ne s&#039;est jamais produit) | Vie Associative\" \/>\n<meta property=\"og:description\" content=\"Vous vous souvenez de l&rsquo;\u00e9poque o\u00f9 les achats mains libres allaient \u00eatre la prochaine grande nouveaut\u00e9\u00a0? En 2017, l&rsquo;Echo Dot \u00e9tait l&rsquo;article le plus vendu\" \/>\n<meta property=\"og:url\" content=\"https:\/\/vieassociative.be\/actualites\/pourquoi-tout-le-monde-pensait-que-nous-ferions-nos-achats-par-la-voix-et-pourquoi-cela-ne-sest-jamais-produit\/\" \/>\n<meta property=\"og:site_name\" content=\"Vie Associative\" \/>\n<meta property=\"article:published_time\" content=\"2026-01-17T23:17:29+00:00\" \/>\n<meta property=\"og:image\" content=\"https:\/\/vieassociative.be\/actualites\/wp-content\/uploads\/2024\/09\/header_backgroundk-01-e1726694325946.png\" \/>\n\t<meta property=\"og:image:width\" content=\"279\" \/>\n\t<meta property=\"og:image:height\" content=\"92\" \/>\n\t<meta property=\"og:image:type\" content=\"image\/png\" \/>\n<meta name=\"author\" content=\"Julien\" \/>\n<meta name=\"twitter:card\" content=\"summary_large_image\" \/>\n<meta name=\"twitter:label1\" content=\"\u00c9crit par\" \/>\n\t<meta name=\"twitter:data1\" content=\"Julien\" \/>\n\t<meta name=\"twitter:label2\" content=\"Dur\u00e9e de lecture est.\" \/>\n\t<meta name=\"twitter:data2\" content=\"6 minutes\" \/>\n<script type=\"application\/ld+json\" class=\"yoast-schema-graph\">{\"@context\":\"https:\/\/schema.org\",\"@graph\":[{\"@type\":\"Article\",\"@id\":\"https:\/\/vieassociative.be\/actualites\/pourquoi-tout-le-monde-pensait-que-nous-ferions-nos-achats-par-la-voix-et-pourquoi-cela-ne-sest-jamais-produit\/#article\",\"isPartOf\":{\"@id\":\"https:\/\/vieassociative.be\/actualites\/pourquoi-tout-le-monde-pensait-que-nous-ferions-nos-achats-par-la-voix-et-pourquoi-cela-ne-sest-jamais-produit\/\"},\"author\":{\"name\":\"Julien\",\"@id\":\"https:\/\/vieassociative.be\/actualites\/#\/schema\/person\/b87ac4f82f9d4e7b7cec7395b679edc4\"},\"headline\":\"Pourquoi tout le monde pensait que nous ferions nos achats par la voix (et pourquoi cela ne s&rsquo;est jamais produit)\",\"datePublished\":\"2026-01-17T23:17:29+00:00\",\"dateModified\":\"2026-01-17T23:17:29+00:00\",\"mainEntityOfPage\":{\"@id\":\"https:\/\/vieassociative.be\/actualites\/pourquoi-tout-le-monde-pensait-que-nous-ferions-nos-achats-par-la-voix-et-pourquoi-cela-ne-sest-jamais-produit\/\"},\"wordCount\":1348,\"publisher\":{\"@id\":\"https:\/\/vieassociative.be\/actualites\/#organization\"},\"image\":{\"@id\":\"https:\/\/vieassociative.be\/actualites\/pourquoi-tout-le-monde-pensait-que-nous-ferions-nos-achats-par-la-voix-et-pourquoi-cela-ne-sest-jamais-produit\/#primaryimage\"},\"thumbnailUrl\":\"https:\/\/vieassociative.be\/actualites\/wp-content\/uploads\/2026\/01\/Pourquoi-tout-le-monde-pensait-que-nous-ferions-nos-achats.jpg\",\"keywords\":[\"achats\",\"cela\",\"ferions\",\"jamais\",\"monde\",\"nos\",\"nous\",\"par\",\"pensait\",\"Pourquoi\",\"produit\",\"sest\",\"tout\",\"voix\"],\"articleSection\":[\"Technologie\"],\"inLanguage\":\"fr-BE\"},{\"@type\":\"WebPage\",\"@id\":\"https:\/\/vieassociative.be\/actualites\/pourquoi-tout-le-monde-pensait-que-nous-ferions-nos-achats-par-la-voix-et-pourquoi-cela-ne-sest-jamais-produit\/\",\"url\":\"https:\/\/vieassociative.be\/actualites\/pourquoi-tout-le-monde-pensait-que-nous-ferions-nos-achats-par-la-voix-et-pourquoi-cela-ne-sest-jamais-produit\/\",\"name\":\"Pourquoi tout le monde pensait que nous ferions nos achats par la voix (et pourquoi cela ne s'est jamais produit) | Vie Associative\",\"isPartOf\":{\"@id\":\"https:\/\/vieassociative.be\/actualites\/#website\"},\"primaryImageOfPage\":{\"@id\":\"https:\/\/vieassociative.be\/actualites\/pourquoi-tout-le-monde-pensait-que-nous-ferions-nos-achats-par-la-voix-et-pourquoi-cela-ne-sest-jamais-produit\/#primaryimage\"},\"image\":{\"@id\":\"https:\/\/vieassociative.be\/actualites\/pourquoi-tout-le-monde-pensait-que-nous-ferions-nos-achats-par-la-voix-et-pourquoi-cela-ne-sest-jamais-produit\/#primaryimage\"},\"thumbnailUrl\":\"https:\/\/vieassociative.be\/actualites\/wp-content\/uploads\/2026\/01\/Pourquoi-tout-le-monde-pensait-que-nous-ferions-nos-achats.jpg\",\"datePublished\":\"2026-01-17T23:17:29+00:00\",\"dateModified\":\"2026-01-17T23:17:29+00:00\",\"breadcrumb\":{\"@id\":\"https:\/\/vieassociative.be\/actualites\/pourquoi-tout-le-monde-pensait-que-nous-ferions-nos-achats-par-la-voix-et-pourquoi-cela-ne-sest-jamais-produit\/#breadcrumb\"},\"inLanguage\":\"fr-BE\",\"potentialAction\":[{\"@type\":\"ReadAction\",\"target\":[\"https:\/\/vieassociative.be\/actualites\/pourquoi-tout-le-monde-pensait-que-nous-ferions-nos-achats-par-la-voix-et-pourquoi-cela-ne-sest-jamais-produit\/\"]}]},{\"@type\":\"ImageObject\",\"inLanguage\":\"fr-BE\",\"@id\":\"https:\/\/vieassociative.be\/actualites\/pourquoi-tout-le-monde-pensait-que-nous-ferions-nos-achats-par-la-voix-et-pourquoi-cela-ne-sest-jamais-produit\/#primaryimage\",\"url\":\"https:\/\/vieassociative.be\/actualites\/wp-content\/uploads\/2026\/01\/Pourquoi-tout-le-monde-pensait-que-nous-ferions-nos-achats.jpg\",\"contentUrl\":\"https:\/\/vieassociative.be\/actualites\/wp-content\/uploads\/2026\/01\/Pourquoi-tout-le-monde-pensait-que-nous-ferions-nos-achats.jpg\",\"width\":1200,\"height\":675,\"caption\":\"Pourquoi tout le monde pensait que nous ferions nos achats par la voix (et pourquoi cela ne s'est jamais produit)\"},{\"@type\":\"BreadcrumbList\",\"@id\":\"https:\/\/vieassociative.be\/actualites\/pourquoi-tout-le-monde-pensait-que-nous-ferions-nos-achats-par-la-voix-et-pourquoi-cela-ne-sest-jamais-produit\/#breadcrumb\",\"itemListElement\":[{\"@type\":\"ListItem\",\"position\":1,\"name\":\"Accueil\",\"item\":\"https:\/\/vieassociative.be\/actualites\/\"},{\"@type\":\"ListItem\",\"position\":2,\"name\":\"Pourquoi tout le monde pensait que nous ferions nos achats par la voix (et pourquoi cela ne s&rsquo;est jamais produit)\"}]},{\"@type\":\"WebSite\",\"@id\":\"https:\/\/vieassociative.be\/actualites\/#website\",\"url\":\"https:\/\/vieassociative.be\/actualites\/\",\"name\":\"Vie Associative\",\"description\":\"\",\"publisher\":{\"@id\":\"https:\/\/vieassociative.be\/actualites\/#organization\"},\"potentialAction\":[{\"@type\":\"SearchAction\",\"target\":{\"@type\":\"EntryPoint\",\"urlTemplate\":\"https:\/\/vieassociative.be\/actualites\/?s={search_term_string}\"},\"query-input\":{\"@type\":\"PropertyValueSpecification\",\"valueRequired\":true,\"valueName\":\"search_term_string\"}}],\"inLanguage\":\"fr-BE\"},{\"@type\":\"Organization\",\"@id\":\"https:\/\/vieassociative.be\/actualites\/#organization\",\"name\":\"Vie Associative\",\"url\":\"https:\/\/vieassociative.be\/actualites\/\",\"logo\":{\"@type\":\"ImageObject\",\"inLanguage\":\"fr-BE\",\"@id\":\"https:\/\/vieassociative.be\/actualites\/#\/schema\/logo\/image\/\",\"url\":\"https:\/\/vieassociative.be\/actualites\/wp-content\/uploads\/2024\/09\/cropped-vieassociative_favicon.ico.png\",\"contentUrl\":\"https:\/\/vieassociative.be\/actualites\/wp-content\/uploads\/2024\/09\/cropped-vieassociative_favicon.ico.png\",\"width\":512,\"height\":512,\"caption\":\"Vie Associative\"},\"image\":{\"@id\":\"https:\/\/vieassociative.be\/actualites\/#\/schema\/logo\/image\/\"}},{\"@type\":\"Person\",\"@id\":\"https:\/\/vieassociative.be\/actualites\/#\/schema\/person\/b87ac4f82f9d4e7b7cec7395b679edc4\",\"name\":\"Julien\",\"image\":{\"@type\":\"ImageObject\",\"inLanguage\":\"fr-BE\",\"@id\":\"https:\/\/vieassociative.be\/actualites\/#\/schema\/person\/image\/\",\"url\":\"https:\/\/vieassociative.be\/actualites\/wp-content\/uploads\/2024\/09\/vie-associative-1-150x150.jpg\",\"contentUrl\":\"https:\/\/vieassociative.be\/actualites\/wp-content\/uploads\/2024\/09\/vie-associative-1-150x150.jpg\",\"caption\":\"Julien\"},\"description\":\"Je suis Julien, r\u00e9dacteur pour Vie Associative. Passionn\u00e9 par le monde associatif depuis plus de 10 ans, j'ai \u00e0 c\u0153ur de partager des histoires inspirantes et de mettre en lumi\u00e8re les initiatives locales. Mon objectif est de sensibiliser et d'encourager l'engagement communautaire \u00e0 travers mes articles.\",\"sameAs\":[\"https:\/\/vieassociative.be\/\"]}]}<\/script>\n<!-- \/ Yoast SEO plugin. -->","yoast_head_json":{"title":"Pourquoi tout le monde pensait que nous ferions nos achats par la voix (et pourquoi cela ne s'est jamais produit) | Vie Associative","robots":{"index":"index","follow":"follow","max-snippet":"max-snippet:-1","max-image-preview":"max-image-preview:large","max-video-preview":"max-video-preview:-1"},"canonical":"https:\/\/vieassociative.be\/actualites\/pourquoi-tout-le-monde-pensait-que-nous-ferions-nos-achats-par-la-voix-et-pourquoi-cela-ne-sest-jamais-produit\/","og_locale":"fr_FR","og_type":"article","og_title":"Pourquoi tout le monde pensait que nous ferions nos achats par la voix (et pourquoi cela ne s'est jamais produit) | Vie Associative","og_description":"Vous vous souvenez de l&rsquo;\u00e9poque o\u00f9 les achats mains libres allaient \u00eatre la prochaine grande nouveaut\u00e9\u00a0? En 2017, l&rsquo;Echo Dot \u00e9tait l&rsquo;article le plus vendu","og_url":"https:\/\/vieassociative.be\/actualites\/pourquoi-tout-le-monde-pensait-que-nous-ferions-nos-achats-par-la-voix-et-pourquoi-cela-ne-sest-jamais-produit\/","og_site_name":"Vie Associative","article_published_time":"2026-01-17T23:17:29+00:00","og_image":[{"width":279,"height":92,"url":"https:\/\/vieassociative.be\/actualites\/wp-content\/uploads\/2024\/09\/header_backgroundk-01-e1726694325946.png","type":"image\/png"}],"author":"Julien","twitter_card":"summary_large_image","twitter_misc":{"\u00c9crit par":"Julien","Dur\u00e9e de lecture est.":"6 minutes"},"schema":{"@context":"https:\/\/schema.org","@graph":[{"@type":"Article","@id":"https:\/\/vieassociative.be\/actualites\/pourquoi-tout-le-monde-pensait-que-nous-ferions-nos-achats-par-la-voix-et-pourquoi-cela-ne-sest-jamais-produit\/#article","isPartOf":{"@id":"https:\/\/vieassociative.be\/actualites\/pourquoi-tout-le-monde-pensait-que-nous-ferions-nos-achats-par-la-voix-et-pourquoi-cela-ne-sest-jamais-produit\/"},"author":{"name":"Julien","@id":"https:\/\/vieassociative.be\/actualites\/#\/schema\/person\/b87ac4f82f9d4e7b7cec7395b679edc4"},"headline":"Pourquoi tout le monde pensait que nous ferions nos achats par la voix (et pourquoi cela ne s&rsquo;est jamais produit)","datePublished":"2026-01-17T23:17:29+00:00","dateModified":"2026-01-17T23:17:29+00:00","mainEntityOfPage":{"@id":"https:\/\/vieassociative.be\/actualites\/pourquoi-tout-le-monde-pensait-que-nous-ferions-nos-achats-par-la-voix-et-pourquoi-cela-ne-sest-jamais-produit\/"},"wordCount":1348,"publisher":{"@id":"https:\/\/vieassociative.be\/actualites\/#organization"},"image":{"@id":"https:\/\/vieassociative.be\/actualites\/pourquoi-tout-le-monde-pensait-que-nous-ferions-nos-achats-par-la-voix-et-pourquoi-cela-ne-sest-jamais-produit\/#primaryimage"},"thumbnailUrl":"https:\/\/vieassociative.be\/actualites\/wp-content\/uploads\/2026\/01\/Pourquoi-tout-le-monde-pensait-que-nous-ferions-nos-achats.jpg","keywords":["achats","cela","ferions","jamais","monde","nos","nous","par","pensait","Pourquoi","produit","sest","tout","voix"],"articleSection":["Technologie"],"inLanguage":"fr-BE"},{"@type":"WebPage","@id":"https:\/\/vieassociative.be\/actualites\/pourquoi-tout-le-monde-pensait-que-nous-ferions-nos-achats-par-la-voix-et-pourquoi-cela-ne-sest-jamais-produit\/","url":"https:\/\/vieassociative.be\/actualites\/pourquoi-tout-le-monde-pensait-que-nous-ferions-nos-achats-par-la-voix-et-pourquoi-cela-ne-sest-jamais-produit\/","name":"Pourquoi tout le monde pensait que nous ferions nos achats par la voix (et pourquoi cela ne s'est jamais produit) | Vie Associative","isPartOf":{"@id":"https:\/\/vieassociative.be\/actualites\/#website"},"primaryImageOfPage":{"@id":"https:\/\/vieassociative.be\/actualites\/pourquoi-tout-le-monde-pensait-que-nous-ferions-nos-achats-par-la-voix-et-pourquoi-cela-ne-sest-jamais-produit\/#primaryimage"},"image":{"@id":"https:\/\/vieassociative.be\/actualites\/pourquoi-tout-le-monde-pensait-que-nous-ferions-nos-achats-par-la-voix-et-pourquoi-cela-ne-sest-jamais-produit\/#primaryimage"},"thumbnailUrl":"https:\/\/vieassociative.be\/actualites\/wp-content\/uploads\/2026\/01\/Pourquoi-tout-le-monde-pensait-que-nous-ferions-nos-achats.jpg","datePublished":"2026-01-17T23:17:29+00:00","dateModified":"2026-01-17T23:17:29+00:00","breadcrumb":{"@id":"https:\/\/vieassociative.be\/actualites\/pourquoi-tout-le-monde-pensait-que-nous-ferions-nos-achats-par-la-voix-et-pourquoi-cela-ne-sest-jamais-produit\/#breadcrumb"},"inLanguage":"fr-BE","potentialAction":[{"@type":"ReadAction","target":["https:\/\/vieassociative.be\/actualites\/pourquoi-tout-le-monde-pensait-que-nous-ferions-nos-achats-par-la-voix-et-pourquoi-cela-ne-sest-jamais-produit\/"]}]},{"@type":"ImageObject","inLanguage":"fr-BE","@id":"https:\/\/vieassociative.be\/actualites\/pourquoi-tout-le-monde-pensait-que-nous-ferions-nos-achats-par-la-voix-et-pourquoi-cela-ne-sest-jamais-produit\/#primaryimage","url":"https:\/\/vieassociative.be\/actualites\/wp-content\/uploads\/2026\/01\/Pourquoi-tout-le-monde-pensait-que-nous-ferions-nos-achats.jpg","contentUrl":"https:\/\/vieassociative.be\/actualites\/wp-content\/uploads\/2026\/01\/Pourquoi-tout-le-monde-pensait-que-nous-ferions-nos-achats.jpg","width":1200,"height":675,"caption":"Pourquoi tout le monde pensait que nous ferions nos achats par la voix (et pourquoi cela ne s'est jamais produit)"},{"@type":"BreadcrumbList","@id":"https:\/\/vieassociative.be\/actualites\/pourquoi-tout-le-monde-pensait-que-nous-ferions-nos-achats-par-la-voix-et-pourquoi-cela-ne-sest-jamais-produit\/#breadcrumb","itemListElement":[{"@type":"ListItem","position":1,"name":"Accueil","item":"https:\/\/vieassociative.be\/actualites\/"},{"@type":"ListItem","position":2,"name":"Pourquoi tout le monde pensait que nous ferions nos achats par la voix (et pourquoi cela ne s&rsquo;est jamais produit)"}]},{"@type":"WebSite","@id":"https:\/\/vieassociative.be\/actualites\/#website","url":"https:\/\/vieassociative.be\/actualites\/","name":"Vie Associative","description":"","publisher":{"@id":"https:\/\/vieassociative.be\/actualites\/#organization"},"potentialAction":[{"@type":"SearchAction","target":{"@type":"EntryPoint","urlTemplate":"https:\/\/vieassociative.be\/actualites\/?s={search_term_string}"},"query-input":{"@type":"PropertyValueSpecification","valueRequired":true,"valueName":"search_term_string"}}],"inLanguage":"fr-BE"},{"@type":"Organization","@id":"https:\/\/vieassociative.be\/actualites\/#organization","name":"Vie Associative","url":"https:\/\/vieassociative.be\/actualites\/","logo":{"@type":"ImageObject","inLanguage":"fr-BE","@id":"https:\/\/vieassociative.be\/actualites\/#\/schema\/logo\/image\/","url":"https:\/\/vieassociative.be\/actualites\/wp-content\/uploads\/2024\/09\/cropped-vieassociative_favicon.ico.png","contentUrl":"https:\/\/vieassociative.be\/actualites\/wp-content\/uploads\/2024\/09\/cropped-vieassociative_favicon.ico.png","width":512,"height":512,"caption":"Vie Associative"},"image":{"@id":"https:\/\/vieassociative.be\/actualites\/#\/schema\/logo\/image\/"}},{"@type":"Person","@id":"https:\/\/vieassociative.be\/actualites\/#\/schema\/person\/b87ac4f82f9d4e7b7cec7395b679edc4","name":"Julien","image":{"@type":"ImageObject","inLanguage":"fr-BE","@id":"https:\/\/vieassociative.be\/actualites\/#\/schema\/person\/image\/","url":"https:\/\/vieassociative.be\/actualites\/wp-content\/uploads\/2024\/09\/vie-associative-1-150x150.jpg","contentUrl":"https:\/\/vieassociative.be\/actualites\/wp-content\/uploads\/2024\/09\/vie-associative-1-150x150.jpg","caption":"Julien"},"description":"Je suis Julien, r\u00e9dacteur pour Vie Associative. Passionn\u00e9 par le monde associatif depuis plus de 10 ans, j'ai \u00e0 c\u0153ur de partager des histoires inspirantes et de mettre en lumi\u00e8re les initiatives locales. Mon objectif est de sensibiliser et d'encourager l'engagement communautaire \u00e0 travers mes articles.","sameAs":["https:\/\/vieassociative.be\/"]}]}},"_links":{"self":[{"href":"https:\/\/vieassociative.be\/actualites\/wp-json\/wp\/v2\/posts\/12250"}],"collection":[{"href":"https:\/\/vieassociative.be\/actualites\/wp-json\/wp\/v2\/posts"}],"about":[{"href":"https:\/\/vieassociative.be\/actualites\/wp-json\/wp\/v2\/types\/post"}],"author":[{"embeddable":true,"href":"https:\/\/vieassociative.be\/actualites\/wp-json\/wp\/v2\/users\/1"}],"replies":[{"embeddable":true,"href":"https:\/\/vieassociative.be\/actualites\/wp-json\/wp\/v2\/comments?post=12250"}],"version-history":[{"count":0,"href":"https:\/\/vieassociative.be\/actualites\/wp-json\/wp\/v2\/posts\/12250\/revisions"}],"wp:featuredmedia":[{"embeddable":true,"href":"https:\/\/vieassociative.be\/actualites\/wp-json\/wp\/v2\/media\/12251"}],"wp:attachment":[{"href":"https:\/\/vieassociative.be\/actualites\/wp-json\/wp\/v2\/media?parent=12250"}],"wp:term":[{"taxonomy":"category","embeddable":true,"href":"https:\/\/vieassociative.be\/actualites\/wp-json\/wp\/v2\/categories?post=12250"},{"taxonomy":"post_tag","embeddable":true,"href":"https:\/\/vieassociative.be\/actualites\/wp-json\/wp\/v2\/tags?post=12250"}],"curies":[{"name":"wp","href":"https:\/\/api.w.org\/{rel}","templated":true}]}}