{"id":12248,"date":"2026-01-17T19:17:34","date_gmt":"2026-01-17T18:17:34","guid":{"rendered":"https:\/\/vieassociative.be\/actualites\/prix-charlemagne-international-a-aix-la-chapelle-pour-mario-draghi-realiser-de-grandes-choses-pour-leurope-avec-determination\/"},"modified":"2026-01-17T19:17:34","modified_gmt":"2026-01-17T18:17:34","slug":"prix-charlemagne-international-a-aix-la-chapelle-pour-mario-draghi-realiser-de-grandes-choses-pour-leurope-avec-determination","status":"publish","type":"post","link":"https:\/\/vieassociative.be\/actualites\/prix-charlemagne-international-a-aix-la-chapelle-pour-mario-draghi-realiser-de-grandes-choses-pour-leurope-avec-determination\/","title":{"rendered":"Prix \u200b\u200bCharlemagne international \u00e0 Aix-la-Chapelle pour Mario Draghi \u2013 \u00ab R\u00e9aliser de grandes choses pour l\u2019Europe avec d\u00e9termination \u00bb"},"content":{"rendered":"<p><strong>L&rsquo;ancien pr\u00e9sident de la Banque centrale europ\u00e9enne, Mario Draghi, recevra le prix Charlemagne 2026 pour sa contribution historique \u00e0 l&rsquo;unification europ\u00e9enne. La direction du Prix Charlemagne a expliqu\u00e9 sa d\u00e9cision en honorant l&rsquo;ancien chef du gouvernement italien comme une personnalit\u00e9 \u00ab qui a r\u00e9alis\u00e9 de grandes choses pour l&rsquo;Europe de mani\u00e8re cibl\u00e9e et avec une d\u00e9termination in\u00e9branlable \u00bb.<\/strong><\/p>\n<p><span id=\"more-434002\"><\/span>Le Prix International Charlemagne d&rsquo;Aix-la-Chapelle est consid\u00e9r\u00e9 comme la r\u00e9compense la plus importante pour les services rendus \u00e0 l&rsquo;unification europ\u00e9enne. Il est traditionnellement d\u00e9cern\u00e9 le jour de l&rsquo;Ascension, cette ann\u00e9e le 14 mai.<\/p>\n<p>Le Conseil d&rsquo;administration a soulign\u00e9, entre autres, le rapport sur la comp\u00e9titivit\u00e9 europ\u00e9enne publi\u00e9 par Draghi en 2024 et qui porte son nom. Draghi a averti que l&rsquo;Union europ\u00e9enne devait de toute urgence devenir plus innovante si elle ne voulait pas perdre le contact avec des puissances \u00e9conomiques concurrentes telles que les \u00c9tats-Unis et la Chine. La Direction du Prix Charlemagne partage cette \u00e9valuation.<\/p>\n<div id=\"attachment_339107\" class=\"wp-caption alignleft\" style=\"max-width: 300px\"><img fetchpriority=\"high\" decoding=\"async\" class=\"wp-image-339107 size-medium\" src=\"https:\/\/vieassociative.be\/actualites\/wp-content\/uploads\/2025\/01\/Le-Prix-Charlemagne-2025-revient-a-Ursula-von-der-Leyen.jpeg\" alt=\"\" width=\"300\" height=\"200\"><\/div>\n<p>\u00ab La situation est dramatique \u00bb, \u00e9crit-il dans son communiqu\u00e9. \u00ab L\u2019Europe risque de devenir le jouet d\u2019autres puissances. \u00bb L\u2019Europe ne pourra garantir sa capacit\u00e9 d\u2019action que si elle devient plus comp\u00e9titive. La force \u00e9conomique est la base de tout le reste.<\/p>\n<p>Draghi (78 ans) lui-m\u00eame a r\u00e9cemment exprim\u00e9 sa d\u00e9ception quant \u00e0 l&rsquo;\u00e9tat d&rsquo;avancement de la mise en \u0153uvre de ses recommandations. \u00ab Les vuln\u00e9rabilit\u00e9s augmentent \u00bb, a-t-il d\u00e9clar\u00e9 lors d&rsquo;un discours \u00e0 Bruxelles. Dans ce contexte, la Direction a qualifi\u00e9 l\u2019attribution du Prix Charlemagne \u00e0 Draghi de \u00ab signal consciemment envoy\u00e9 \u00bb aux d\u00e9cideurs bruxellois : \u00ab Nous appelons la Commission europ\u00e9enne et les chefs d\u2019\u00c9tat et de gouvernement europ\u00e9ens \u00e0 mettre en \u0153uvre d\u00e8s maintenant le rapport Draghi \u00bb, a d\u00e9clar\u00e9 la Direction du Prix Charlemagne.<\/p>\n<p><strong>\u2013 Adenauer et Churchill parmi les premiers laur\u00e9ats :<\/strong> Le Prix Charlemagne a \u00e9t\u00e9 fond\u00e9 par des citoyens d&rsquo;Aix-la-Chapelle peu apr\u00e8s la Seconde Guerre mondiale. Il porte le nom de l&#8217;empereur Charlemagne, dont l&#8217;empire franc s&rsquo;\u00e9tendait sur une grande partie de l&rsquo;Europe occidentale au d\u00e9but du Moyen \u00c2ge et qui est donc parfois appel\u00e9 le \u00ab P\u00e8re de l&rsquo;Europe \u00bb. Depuis l&rsquo;ann\u00e9e derni\u00e8re, le Prix Charlemagne est associ\u00e9 \u00e0 une dotation d&rsquo;un million d&rsquo;euros, offerte par un couple d&rsquo;Aix-la-Chapelle. Cet argent est destin\u00e9 \u00e0 b\u00e9n\u00e9ficier \u00e0 des projets pro-europ\u00e9ens.<\/p>\n<p>Parmi les premiers laur\u00e9ats figurent le chancelier Konrad Adenauer (1954) et l&rsquo;ancien Premier ministre britannique Winston Churchill (1955). L&rsquo;ann\u00e9e derni\u00e8re, le prix a \u00e9t\u00e9 d\u00e9cern\u00e9 \u00e0 la pr\u00e9sidente de la Commission europ\u00e9enne, Ursula von der Leyen. Le dernier Italien \u00e0 avoir re\u00e7u le prix \u00e9tait l&rsquo;interm\u00e9diaire pour la paix et fondateur de la Communaut\u00e9 catholique de Sant&rsquo;Egidio, Andrea Riccardi, en 2009. (dpa)<\/p>\n<h3>Les dix derniers laur\u00e9ats du Prix Charlemagne<\/h3>\n<p><strong>2016\u00a0:<\/strong> Pape Fran\u00e7ois \u2013 pour ses messages de paix, de mis\u00e9ricorde et de solidarit\u00e9 en Europe.<\/p>\n<p><strong>2017\u00a0:<\/strong> Timothy Garton Ash \u2013 historien et journaliste britannique, honor\u00e9 pour son engagement en faveur de la libert\u00e9 et de la tol\u00e9rance.<\/p>\n<p><strong>2018\u00a0:<\/strong> Emmanuel Macron \u2013 Pr\u00e9sident de la France, reconnu pour sa vision d&rsquo;un projet europ\u00e9en renouvel\u00e9.<\/p>\n<div id=\"attachment_351377\" class=\"wp-caption alignleft\" style=\"max-width: 300px\"><img decoding=\"async\" class=\"wp-image-351377 size-medium\" src=\"https:\/\/vieassociative.be\/actualites\/wp-content\/uploads\/2025\/01\/1737015482_978_Le-Prix-Charlemagne-2025-revient-a-Ursula-von-der-Leyen.jpeg\" alt=\"\" width=\"300\" height=\"204\"  ><\/div>\n<p><strong>2019\u00a0:<\/strong> Ant\u00f3nio Guterres \u2013 Secr\u00e9taire g\u00e9n\u00e9ral des Nations Unies, reconnu pour sa coop\u00e9ration internationale et ses valeurs europ\u00e9ennes.<\/p>\n<p><strong>2020\/2021\u00a0:<\/strong> Klaus Iohannis \u2013 Pr\u00e9sident de la Roumanie, honor\u00e9 pour son engagement en faveur de la d\u00e9mocratie et de l&rsquo;\u00c9tat de droit.<\/p>\n<p><strong>2022\u00a0:<\/strong> Sviatlana Tsikhanouskaya, Maria Kalesnikava et Veronika Tsepkalo \u2013 militantes de l&rsquo;opposition bi\u00e9lorusse honor\u00e9es pour leur engagement en faveur de la libert\u00e9 et des droits de l&rsquo;homme.<\/p>\n<p><strong>2023\u00a0:<\/strong> Volodymyr Zelensky et le peuple ukrainien \u2013 pour leur courage et leur d\u00e9termination dans leur r\u00e9sistance \u00e0 l\u2019agression russe.<\/p>\n<p><strong>2024\u00a0:<\/strong> Pinchas Goldschmidt et les communaut\u00e9s juives d&rsquo;Europe \u2013 honor\u00e9s pour leur dialogue et leur r\u00f4le en Europe.<\/p>\n<p><strong>2025\u00a0:<\/strong> Ursula von der Leyen \u2013 Pr\u00e9sidente de la Commission europ\u00e9enne, honor\u00e9e pour sa contribution \u00e0 l&rsquo;unit\u00e9 de l&rsquo;Europe.<\/p>\n<p><strong>2026\u00a0:<\/strong> Mario Draghi \u2013 ancien pr\u00e9sident de la Banque centrale europ\u00e9enne et Premier ministre italien, honor\u00e9 pour ses services en faveur de l&rsquo;unification europ\u00e9enne.<\/p>\n","protected":false},"excerpt":{"rendered":"<p>L&rsquo;ancien pr\u00e9sident de la Banque centrale europ\u00e9enne, Mario Draghi, recevra le prix Charlemagne 2026 pour sa contribution historique \u00e0 l&rsquo;unification europ\u00e9enne. La direction du Prix<\/p>\n","protected":false},"author":1,"featured_media":12249,"comment_status":"","ping_status":"","sticky":false,"template":"","format":"standard","meta":{"footnotes":""},"categories":[298],"tags":[3440,61,4761,93,9797,9796,2098,5770,2785,1393,81,1399,141],"class_list":["post-12248","post","type-post","status-publish","format-standard","has-post-thumbnail","hentry","category-belgique","tag-aixlachapelle","tag-avec","tag-charlemagne","tag-choses","tag-determination","tag-draghi","tag-grandes","tag-international","tag-leurope","tag-mario","tag-pour","tag-prix","tag-realiser","generate-columns","tablet-grid-50","mobile-grid-100","grid-parent","grid-33"],"yoast_head":"<!-- This site is optimized with the Yoast SEO plugin v24.0 - https:\/\/yoast.com\/wordpress\/plugins\/seo\/ -->\n<title>Prix \u200b\u200bCharlemagne international \u00e0 Aix-la-Chapelle pour Mario Draghi \u2013 \u00ab R\u00e9aliser de grandes choses pour l\u2019Europe avec d\u00e9termination \u00bb | Vie Associative<\/title>\n<meta name=\"robots\" content=\"index, follow, max-snippet:-1, max-image-preview:large, max-video-preview:-1\" \/>\n<link rel=\"canonical\" href=\"https:\/\/vieassociative.be\/actualites\/prix-charlemagne-international-a-aix-la-chapelle-pour-mario-draghi-realiser-de-grandes-choses-pour-leurope-avec-determination\/\" \/>\n<meta property=\"og:locale\" content=\"fr_FR\" \/>\n<meta property=\"og:type\" content=\"article\" \/>\n<meta property=\"og:title\" content=\"Prix \u200b\u200bCharlemagne international \u00e0 Aix-la-Chapelle pour Mario Draghi \u2013 \u00ab R\u00e9aliser de grandes choses pour l\u2019Europe avec d\u00e9termination \u00bb | Vie Associative\" \/>\n<meta property=\"og:description\" content=\"L&rsquo;ancien pr\u00e9sident de la Banque centrale europ\u00e9enne, Mario Draghi, recevra le prix Charlemagne 2026 pour sa contribution historique \u00e0 l&rsquo;unification europ\u00e9enne. La direction du Prix\" \/>\n<meta property=\"og:url\" content=\"https:\/\/vieassociative.be\/actualites\/prix-charlemagne-international-a-aix-la-chapelle-pour-mario-draghi-realiser-de-grandes-choses-pour-leurope-avec-determination\/\" \/>\n<meta property=\"og:site_name\" content=\"Vie Associative\" \/>\n<meta property=\"article:published_time\" content=\"2026-01-17T18:17:34+00:00\" \/>\n<meta property=\"og:image\" content=\"https:\/\/vieassociative.be\/actualites\/wp-content\/uploads\/2024\/09\/header_backgroundk-01-e1726694325946.png\" \/>\n\t<meta property=\"og:image:width\" content=\"279\" \/>\n\t<meta property=\"og:image:height\" content=\"92\" \/>\n\t<meta property=\"og:image:type\" content=\"image\/png\" \/>\n<meta name=\"author\" content=\"Julien\" \/>\n<meta name=\"twitter:card\" content=\"summary_large_image\" \/>\n<meta name=\"twitter:label1\" content=\"\u00c9crit par\" \/>\n\t<meta name=\"twitter:data1\" content=\"Julien\" \/>\n\t<meta name=\"twitter:label2\" content=\"Dur\u00e9e de lecture est.\" \/>\n\t<meta name=\"twitter:data2\" content=\"3 minutes\" \/>\n<script type=\"application\/ld+json\" class=\"yoast-schema-graph\">{\"@context\":\"https:\/\/schema.org\",\"@graph\":[{\"@type\":\"Article\",\"@id\":\"https:\/\/vieassociative.be\/actualites\/prix-charlemagne-international-a-aix-la-chapelle-pour-mario-draghi-realiser-de-grandes-choses-pour-leurope-avec-determination\/#article\",\"isPartOf\":{\"@id\":\"https:\/\/vieassociative.be\/actualites\/prix-charlemagne-international-a-aix-la-chapelle-pour-mario-draghi-realiser-de-grandes-choses-pour-leurope-avec-determination\/\"},\"author\":{\"name\":\"Julien\",\"@id\":\"https:\/\/vieassociative.be\/actualites\/#\/schema\/person\/b87ac4f82f9d4e7b7cec7395b679edc4\"},\"headline\":\"Prix \u200b\u200bCharlemagne international \u00e0 Aix-la-Chapelle pour Mario Draghi \u2013 \u00ab R\u00e9aliser de grandes choses pour l\u2019Europe avec d\u00e9termination \u00bb\",\"datePublished\":\"2026-01-17T18:17:34+00:00\",\"dateModified\":\"2026-01-17T18:17:34+00:00\",\"mainEntityOfPage\":{\"@id\":\"https:\/\/vieassociative.be\/actualites\/prix-charlemagne-international-a-aix-la-chapelle-pour-mario-draghi-realiser-de-grandes-choses-pour-leurope-avec-determination\/\"},\"wordCount\":720,\"publisher\":{\"@id\":\"https:\/\/vieassociative.be\/actualites\/#organization\"},\"image\":{\"@id\":\"https:\/\/vieassociative.be\/actualites\/prix-charlemagne-international-a-aix-la-chapelle-pour-mario-draghi-realiser-de-grandes-choses-pour-leurope-avec-determination\/#primaryimage\"},\"thumbnailUrl\":\"https:\/\/vieassociative.be\/actualites\/wp-content\/uploads\/2026\/01\/Prix-\u200b\u200bCharlemagne-international-a-Aix-la-Chapelle-pour-Mario-Draghi-\u2013.jpg\",\"keywords\":[\"AixlaChapelle\",\"avec\",\"Charlemagne\",\"choses\",\"d\u00e9termination\",\"Draghi\",\"grandes\",\"international\",\"lEurope\",\"Mario\",\"pour\",\"prix\",\"r\u00e9aliser\"],\"articleSection\":[\"Belgique\"],\"inLanguage\":\"fr-BE\"},{\"@type\":\"WebPage\",\"@id\":\"https:\/\/vieassociative.be\/actualites\/prix-charlemagne-international-a-aix-la-chapelle-pour-mario-draghi-realiser-de-grandes-choses-pour-leurope-avec-determination\/\",\"url\":\"https:\/\/vieassociative.be\/actualites\/prix-charlemagne-international-a-aix-la-chapelle-pour-mario-draghi-realiser-de-grandes-choses-pour-leurope-avec-determination\/\",\"name\":\"Prix \u200b\u200bCharlemagne international \u00e0 Aix-la-Chapelle pour Mario Draghi \u2013 \u00ab R\u00e9aliser de grandes choses pour l\u2019Europe avec d\u00e9termination \u00bb | Vie Associative\",\"isPartOf\":{\"@id\":\"https:\/\/vieassociative.be\/actualites\/#website\"},\"primaryImageOfPage\":{\"@id\":\"https:\/\/vieassociative.be\/actualites\/prix-charlemagne-international-a-aix-la-chapelle-pour-mario-draghi-realiser-de-grandes-choses-pour-leurope-avec-determination\/#primaryimage\"},\"image\":{\"@id\":\"https:\/\/vieassociative.be\/actualites\/prix-charlemagne-international-a-aix-la-chapelle-pour-mario-draghi-realiser-de-grandes-choses-pour-leurope-avec-determination\/#primaryimage\"},\"thumbnailUrl\":\"https:\/\/vieassociative.be\/actualites\/wp-content\/uploads\/2026\/01\/Prix-\u200b\u200bCharlemagne-international-a-Aix-la-Chapelle-pour-Mario-Draghi-\u2013.jpg\",\"datePublished\":\"2026-01-17T18:17:34+00:00\",\"dateModified\":\"2026-01-17T18:17:34+00:00\",\"breadcrumb\":{\"@id\":\"https:\/\/vieassociative.be\/actualites\/prix-charlemagne-international-a-aix-la-chapelle-pour-mario-draghi-realiser-de-grandes-choses-pour-leurope-avec-determination\/#breadcrumb\"},\"inLanguage\":\"fr-BE\",\"potentialAction\":[{\"@type\":\"ReadAction\",\"target\":[\"https:\/\/vieassociative.be\/actualites\/prix-charlemagne-international-a-aix-la-chapelle-pour-mario-draghi-realiser-de-grandes-choses-pour-leurope-avec-determination\/\"]}]},{\"@type\":\"ImageObject\",\"inLanguage\":\"fr-BE\",\"@id\":\"https:\/\/vieassociative.be\/actualites\/prix-charlemagne-international-a-aix-la-chapelle-pour-mario-draghi-realiser-de-grandes-choses-pour-leurope-avec-determination\/#primaryimage\",\"url\":\"https:\/\/vieassociative.be\/actualites\/wp-content\/uploads\/2026\/01\/Prix-\u200b\u200bCharlemagne-international-a-Aix-la-Chapelle-pour-Mario-Draghi-\u2013.jpg\",\"contentUrl\":\"https:\/\/vieassociative.be\/actualites\/wp-content\/uploads\/2026\/01\/Prix-\u200b\u200bCharlemagne-international-a-Aix-la-Chapelle-pour-Mario-Draghi-\u2013.jpg\",\"width\":1200,\"height\":800,\"caption\":\"Prix \u200b\u200bCharlemagne international \u00e0 Aix-la-Chapelle pour Mario Draghi \u2013 \u00ab R\u00e9aliser de grandes choses pour l\u2019Europe avec d\u00e9termination \u00bb\"},{\"@type\":\"BreadcrumbList\",\"@id\":\"https:\/\/vieassociative.be\/actualites\/prix-charlemagne-international-a-aix-la-chapelle-pour-mario-draghi-realiser-de-grandes-choses-pour-leurope-avec-determination\/#breadcrumb\",\"itemListElement\":[{\"@type\":\"ListItem\",\"position\":1,\"name\":\"Accueil\",\"item\":\"https:\/\/vieassociative.be\/actualites\/\"},{\"@type\":\"ListItem\",\"position\":2,\"name\":\"Prix \u200b\u200bCharlemagne international \u00e0 Aix-la-Chapelle pour Mario Draghi \u2013 \u00ab R\u00e9aliser de grandes choses pour l\u2019Europe avec d\u00e9termination \u00bb\"}]},{\"@type\":\"WebSite\",\"@id\":\"https:\/\/vieassociative.be\/actualites\/#website\",\"url\":\"https:\/\/vieassociative.be\/actualites\/\",\"name\":\"Vie Associative\",\"description\":\"\",\"publisher\":{\"@id\":\"https:\/\/vieassociative.be\/actualites\/#organization\"},\"potentialAction\":[{\"@type\":\"SearchAction\",\"target\":{\"@type\":\"EntryPoint\",\"urlTemplate\":\"https:\/\/vieassociative.be\/actualites\/?s={search_term_string}\"},\"query-input\":{\"@type\":\"PropertyValueSpecification\",\"valueRequired\":true,\"valueName\":\"search_term_string\"}}],\"inLanguage\":\"fr-BE\"},{\"@type\":\"Organization\",\"@id\":\"https:\/\/vieassociative.be\/actualites\/#organization\",\"name\":\"Vie Associative\",\"url\":\"https:\/\/vieassociative.be\/actualites\/\",\"logo\":{\"@type\":\"ImageObject\",\"inLanguage\":\"fr-BE\",\"@id\":\"https:\/\/vieassociative.be\/actualites\/#\/schema\/logo\/image\/\",\"url\":\"https:\/\/vieassociative.be\/actualites\/wp-content\/uploads\/2024\/09\/cropped-vieassociative_favicon.ico.png\",\"contentUrl\":\"https:\/\/vieassociative.be\/actualites\/wp-content\/uploads\/2024\/09\/cropped-vieassociative_favicon.ico.png\",\"width\":512,\"height\":512,\"caption\":\"Vie Associative\"},\"image\":{\"@id\":\"https:\/\/vieassociative.be\/actualites\/#\/schema\/logo\/image\/\"}},{\"@type\":\"Person\",\"@id\":\"https:\/\/vieassociative.be\/actualites\/#\/schema\/person\/b87ac4f82f9d4e7b7cec7395b679edc4\",\"name\":\"Julien\",\"image\":{\"@type\":\"ImageObject\",\"inLanguage\":\"fr-BE\",\"@id\":\"https:\/\/vieassociative.be\/actualites\/#\/schema\/person\/image\/\",\"url\":\"https:\/\/vieassociative.be\/actualites\/wp-content\/uploads\/2024\/09\/vie-associative-1-150x150.jpg\",\"contentUrl\":\"https:\/\/vieassociative.be\/actualites\/wp-content\/uploads\/2024\/09\/vie-associative-1-150x150.jpg\",\"caption\":\"Julien\"},\"description\":\"Je suis Julien, r\u00e9dacteur pour Vie Associative. Passionn\u00e9 par le monde associatif depuis plus de 10 ans, j'ai \u00e0 c\u0153ur de partager des histoires inspirantes et de mettre en lumi\u00e8re les initiatives locales. Mon objectif est de sensibiliser et d'encourager l'engagement communautaire \u00e0 travers mes articles.\",\"sameAs\":[\"https:\/\/vieassociative.be\/\"]}]}<\/script>\n<!-- \/ Yoast SEO plugin. -->","yoast_head_json":{"title":"Prix \u200b\u200bCharlemagne international \u00e0 Aix-la-Chapelle pour Mario Draghi \u2013 \u00ab R\u00e9aliser de grandes choses pour l\u2019Europe avec d\u00e9termination \u00bb | Vie Associative","robots":{"index":"index","follow":"follow","max-snippet":"max-snippet:-1","max-image-preview":"max-image-preview:large","max-video-preview":"max-video-preview:-1"},"canonical":"https:\/\/vieassociative.be\/actualites\/prix-charlemagne-international-a-aix-la-chapelle-pour-mario-draghi-realiser-de-grandes-choses-pour-leurope-avec-determination\/","og_locale":"fr_FR","og_type":"article","og_title":"Prix \u200b\u200bCharlemagne international \u00e0 Aix-la-Chapelle pour Mario Draghi \u2013 \u00ab R\u00e9aliser de grandes choses pour l\u2019Europe avec d\u00e9termination \u00bb | Vie Associative","og_description":"L&rsquo;ancien pr\u00e9sident de la Banque centrale europ\u00e9enne, Mario Draghi, recevra le prix Charlemagne 2026 pour sa contribution historique \u00e0 l&rsquo;unification europ\u00e9enne. La direction du Prix","og_url":"https:\/\/vieassociative.be\/actualites\/prix-charlemagne-international-a-aix-la-chapelle-pour-mario-draghi-realiser-de-grandes-choses-pour-leurope-avec-determination\/","og_site_name":"Vie Associative","article_published_time":"2026-01-17T18:17:34+00:00","og_image":[{"width":279,"height":92,"url":"https:\/\/vieassociative.be\/actualites\/wp-content\/uploads\/2024\/09\/header_backgroundk-01-e1726694325946.png","type":"image\/png"}],"author":"Julien","twitter_card":"summary_large_image","twitter_misc":{"\u00c9crit par":"Julien","Dur\u00e9e de lecture est.":"3 minutes"},"schema":{"@context":"https:\/\/schema.org","@graph":[{"@type":"Article","@id":"https:\/\/vieassociative.be\/actualites\/prix-charlemagne-international-a-aix-la-chapelle-pour-mario-draghi-realiser-de-grandes-choses-pour-leurope-avec-determination\/#article","isPartOf":{"@id":"https:\/\/vieassociative.be\/actualites\/prix-charlemagne-international-a-aix-la-chapelle-pour-mario-draghi-realiser-de-grandes-choses-pour-leurope-avec-determination\/"},"author":{"name":"Julien","@id":"https:\/\/vieassociative.be\/actualites\/#\/schema\/person\/b87ac4f82f9d4e7b7cec7395b679edc4"},"headline":"Prix \u200b\u200bCharlemagne international \u00e0 Aix-la-Chapelle pour Mario Draghi \u2013 \u00ab R\u00e9aliser de grandes choses pour l\u2019Europe avec d\u00e9termination \u00bb","datePublished":"2026-01-17T18:17:34+00:00","dateModified":"2026-01-17T18:17:34+00:00","mainEntityOfPage":{"@id":"https:\/\/vieassociative.be\/actualites\/prix-charlemagne-international-a-aix-la-chapelle-pour-mario-draghi-realiser-de-grandes-choses-pour-leurope-avec-determination\/"},"wordCount":720,"publisher":{"@id":"https:\/\/vieassociative.be\/actualites\/#organization"},"image":{"@id":"https:\/\/vieassociative.be\/actualites\/prix-charlemagne-international-a-aix-la-chapelle-pour-mario-draghi-realiser-de-grandes-choses-pour-leurope-avec-determination\/#primaryimage"},"thumbnailUrl":"https:\/\/vieassociative.be\/actualites\/wp-content\/uploads\/2026\/01\/Prix-\u200b\u200bCharlemagne-international-a-Aix-la-Chapelle-pour-Mario-Draghi-\u2013.jpg","keywords":["AixlaChapelle","avec","Charlemagne","choses","d\u00e9termination","Draghi","grandes","international","lEurope","Mario","pour","prix","r\u00e9aliser"],"articleSection":["Belgique"],"inLanguage":"fr-BE"},{"@type":"WebPage","@id":"https:\/\/vieassociative.be\/actualites\/prix-charlemagne-international-a-aix-la-chapelle-pour-mario-draghi-realiser-de-grandes-choses-pour-leurope-avec-determination\/","url":"https:\/\/vieassociative.be\/actualites\/prix-charlemagne-international-a-aix-la-chapelle-pour-mario-draghi-realiser-de-grandes-choses-pour-leurope-avec-determination\/","name":"Prix \u200b\u200bCharlemagne international \u00e0 Aix-la-Chapelle pour Mario Draghi \u2013 \u00ab R\u00e9aliser de grandes choses pour l\u2019Europe avec d\u00e9termination \u00bb | Vie Associative","isPartOf":{"@id":"https:\/\/vieassociative.be\/actualites\/#website"},"primaryImageOfPage":{"@id":"https:\/\/vieassociative.be\/actualites\/prix-charlemagne-international-a-aix-la-chapelle-pour-mario-draghi-realiser-de-grandes-choses-pour-leurope-avec-determination\/#primaryimage"},"image":{"@id":"https:\/\/vieassociative.be\/actualites\/prix-charlemagne-international-a-aix-la-chapelle-pour-mario-draghi-realiser-de-grandes-choses-pour-leurope-avec-determination\/#primaryimage"},"thumbnailUrl":"https:\/\/vieassociative.be\/actualites\/wp-content\/uploads\/2026\/01\/Prix-\u200b\u200bCharlemagne-international-a-Aix-la-Chapelle-pour-Mario-Draghi-\u2013.jpg","datePublished":"2026-01-17T18:17:34+00:00","dateModified":"2026-01-17T18:17:34+00:00","breadcrumb":{"@id":"https:\/\/vieassociative.be\/actualites\/prix-charlemagne-international-a-aix-la-chapelle-pour-mario-draghi-realiser-de-grandes-choses-pour-leurope-avec-determination\/#breadcrumb"},"inLanguage":"fr-BE","potentialAction":[{"@type":"ReadAction","target":["https:\/\/vieassociative.be\/actualites\/prix-charlemagne-international-a-aix-la-chapelle-pour-mario-draghi-realiser-de-grandes-choses-pour-leurope-avec-determination\/"]}]},{"@type":"ImageObject","inLanguage":"fr-BE","@id":"https:\/\/vieassociative.be\/actualites\/prix-charlemagne-international-a-aix-la-chapelle-pour-mario-draghi-realiser-de-grandes-choses-pour-leurope-avec-determination\/#primaryimage","url":"https:\/\/vieassociative.be\/actualites\/wp-content\/uploads\/2026\/01\/Prix-\u200b\u200bCharlemagne-international-a-Aix-la-Chapelle-pour-Mario-Draghi-\u2013.jpg","contentUrl":"https:\/\/vieassociative.be\/actualites\/wp-content\/uploads\/2026\/01\/Prix-\u200b\u200bCharlemagne-international-a-Aix-la-Chapelle-pour-Mario-Draghi-\u2013.jpg","width":1200,"height":800,"caption":"Prix \u200b\u200bCharlemagne international \u00e0 Aix-la-Chapelle pour Mario Draghi \u2013 \u00ab R\u00e9aliser de grandes choses pour l\u2019Europe avec d\u00e9termination \u00bb"},{"@type":"BreadcrumbList","@id":"https:\/\/vieassociative.be\/actualites\/prix-charlemagne-international-a-aix-la-chapelle-pour-mario-draghi-realiser-de-grandes-choses-pour-leurope-avec-determination\/#breadcrumb","itemListElement":[{"@type":"ListItem","position":1,"name":"Accueil","item":"https:\/\/vieassociative.be\/actualites\/"},{"@type":"ListItem","position":2,"name":"Prix \u200b\u200bCharlemagne international \u00e0 Aix-la-Chapelle pour Mario Draghi \u2013 \u00ab R\u00e9aliser de grandes choses pour l\u2019Europe avec d\u00e9termination \u00bb"}]},{"@type":"WebSite","@id":"https:\/\/vieassociative.be\/actualites\/#website","url":"https:\/\/vieassociative.be\/actualites\/","name":"Vie Associative","description":"","publisher":{"@id":"https:\/\/vieassociative.be\/actualites\/#organization"},"potentialAction":[{"@type":"SearchAction","target":{"@type":"EntryPoint","urlTemplate":"https:\/\/vieassociative.be\/actualites\/?s={search_term_string}"},"query-input":{"@type":"PropertyValueSpecification","valueRequired":true,"valueName":"search_term_string"}}],"inLanguage":"fr-BE"},{"@type":"Organization","@id":"https:\/\/vieassociative.be\/actualites\/#organization","name":"Vie Associative","url":"https:\/\/vieassociative.be\/actualites\/","logo":{"@type":"ImageObject","inLanguage":"fr-BE","@id":"https:\/\/vieassociative.be\/actualites\/#\/schema\/logo\/image\/","url":"https:\/\/vieassociative.be\/actualites\/wp-content\/uploads\/2024\/09\/cropped-vieassociative_favicon.ico.png","contentUrl":"https:\/\/vieassociative.be\/actualites\/wp-content\/uploads\/2024\/09\/cropped-vieassociative_favicon.ico.png","width":512,"height":512,"caption":"Vie Associative"},"image":{"@id":"https:\/\/vieassociative.be\/actualites\/#\/schema\/logo\/image\/"}},{"@type":"Person","@id":"https:\/\/vieassociative.be\/actualites\/#\/schema\/person\/b87ac4f82f9d4e7b7cec7395b679edc4","name":"Julien","image":{"@type":"ImageObject","inLanguage":"fr-BE","@id":"https:\/\/vieassociative.be\/actualites\/#\/schema\/person\/image\/","url":"https:\/\/vieassociative.be\/actualites\/wp-content\/uploads\/2024\/09\/vie-associative-1-150x150.jpg","contentUrl":"https:\/\/vieassociative.be\/actualites\/wp-content\/uploads\/2024\/09\/vie-associative-1-150x150.jpg","caption":"Julien"},"description":"Je suis Julien, r\u00e9dacteur pour Vie Associative. Passionn\u00e9 par le monde associatif depuis plus de 10 ans, j'ai \u00e0 c\u0153ur de partager des histoires inspirantes et de mettre en lumi\u00e8re les initiatives locales. Mon objectif est de sensibiliser et d'encourager l'engagement communautaire \u00e0 travers mes articles.","sameAs":["https:\/\/vieassociative.be\/"]}]}},"_links":{"self":[{"href":"https:\/\/vieassociative.be\/actualites\/wp-json\/wp\/v2\/posts\/12248"}],"collection":[{"href":"https:\/\/vieassociative.be\/actualites\/wp-json\/wp\/v2\/posts"}],"about":[{"href":"https:\/\/vieassociative.be\/actualites\/wp-json\/wp\/v2\/types\/post"}],"author":[{"embeddable":true,"href":"https:\/\/vieassociative.be\/actualites\/wp-json\/wp\/v2\/users\/1"}],"replies":[{"embeddable":true,"href":"https:\/\/vieassociative.be\/actualites\/wp-json\/wp\/v2\/comments?post=12248"}],"version-history":[{"count":0,"href":"https:\/\/vieassociative.be\/actualites\/wp-json\/wp\/v2\/posts\/12248\/revisions"}],"wp:featuredmedia":[{"embeddable":true,"href":"https:\/\/vieassociative.be\/actualites\/wp-json\/wp\/v2\/media\/12249"}],"wp:attachment":[{"href":"https:\/\/vieassociative.be\/actualites\/wp-json\/wp\/v2\/media?parent=12248"}],"wp:term":[{"taxonomy":"category","embeddable":true,"href":"https:\/\/vieassociative.be\/actualites\/wp-json\/wp\/v2\/categories?post=12248"},{"taxonomy":"post_tag","embeddable":true,"href":"https:\/\/vieassociative.be\/actualites\/wp-json\/wp\/v2\/tags?post=12248"}],"curies":[{"name":"wp","href":"https:\/\/api.w.org\/{rel}","templated":true}]}}