{"id":12241,"date":"2026-01-17T07:17:25","date_gmt":"2026-01-17T06:17:25","guid":{"rendered":"https:\/\/vieassociative.be\/actualites\/apres-le-krc-genk-et-le-kv-mechelen-le-kfc-dessel-rend-egalement-obligatoire-le-port-du-casque-de-protection-pour-les-jeunes-gardiens\/"},"modified":"2026-01-17T07:17:25","modified_gmt":"2026-01-17T06:17:25","slug":"apres-le-krc-genk-et-le-kv-mechelen-le-kfc-dessel-rend-egalement-obligatoire-le-port-du-casque-de-protection-pour-les-jeunes-gardiens","status":"publish","type":"post","link":"https:\/\/vieassociative.be\/actualites\/apres-le-krc-genk-et-le-kv-mechelen-le-kfc-dessel-rend-egalement-obligatoire-le-port-du-casque-de-protection-pour-les-jeunes-gardiens\/","title":{"rendered":"Apr\u00e8s le KRC Genk et le KV Mechelen, le KFC Dessel rend \u00e9galement obligatoire le port du casque de protection pour les jeunes gardiens"},"content":{"rendered":"<p><strong>Apr\u00e8s les deux clubs professionnels KRC Genk et KV Mechelen, le club amateur de premi\u00e8re division KFC Dessel Sport exige \u00e9galement des casques pour les jeunes gardiens. Tous les gardiens de but des tranches d\u2019\u00e2ge U10 \u00e0 U15 doivent porter le casque.<\/strong><\/p>\n<p><span id=\"more-433939\"><\/span>Le KRC Genk a \u00e9t\u00e9 l&rsquo;un des premiers clubs en Belgique \u00e0 rendre le port du casque obligatoire pour les jeunes gardiens de but. Le KV Malines a embo\u00eet\u00e9 le pas avec une r\u00e9glementation similaire pour ses jeunes gardiens. Comme le rapporte Sporza, le portail en ligne de la VRT, un autre club, le KFC Dessel Sport, rejoint d\u00e9sormais cette tendance en mati\u00e8re de s\u00e9curit\u00e9 dans le football de jeunes belge.<\/p>\n<p>L\u2019objectif est de r\u00e9duire le risque de blessures \u00e0 la t\u00eate et en particulier de commotions c\u00e9r\u00e9brales, car les jeunes gardiens de but sont souvent impliqu\u00e9s dans des situations de t\u00eate-\u00e0-t\u00eate \u00e0 risque, des collisions ou des chutes sur des surfaces dures.<\/p>\n<div id=\"attachment_292430\" class=\"wp-caption alignleft\" style=\"max-width: 300px\"><img fetchpriority=\"high\" decoding=\"async\" class=\"wp-image-292430 size-medium\" src=\"https:\/\/vieassociative.be\/actualites\/wp-content\/uploads\/2024\/10\/LAS-Eupen-resiste-pendant-une-heure-face-au-champion-en.jpeg\" alt=\"\" width=\"300\" height=\"200\"><\/div>\n<p>Les partisans du port obligatoire du casque affirment que la protection du cerveau des enfants doit \u00eatre la priorit\u00e9 absolue. Les experts en m\u00e9decine du sport soulignent que des chocs r\u00e9p\u00e9t\u00e9s, m\u00eame l\u00e9gers, \u00e0 la t\u00eate pendant l\u2019enfance peuvent avoir des cons\u00e9quences \u00e0 long terme.<\/p>\n<p>De nombreux entra\u00eeneurs et parents saluent donc express\u00e9ment la mesure et y voient une mesure pr\u00e9ventive, comparable \u00e0 l&rsquo;obligation du port de prot\u00e8ge-tibias, qui est aujourd&rsquo;hui une \u00e9vidence. En outre, l\u2019introduction par de plus grands clubs formateurs constitue un mod\u00e8le important pour le football de jeunes dans son ensemble.<\/p>\n<p>Les critiques mettent cependant en garde contre une \u00e9ventuelle fausse s\u00e9curit\u00e9. Ils craignent que les jeunes gardiens portant un casque ne soient tent\u00e9s d&rsquo;adopter des comportements encore plus risqu\u00e9s ou que leur sens naturel du jeu, leur champ de vision et leur orientation soient restreints. De plus, il n\u2019existe actuellement aucune exigence uniforme de la part de la f\u00e9d\u00e9ration nationale de football, ce sont donc des d\u00e9cisions individuelles des clubs.<\/p>\n<p>Toutefois, dans l\u2019ensemble, l\u2019\u00e9volution montre que la sensibilisation \u00e0 la protection de la t\u00eate et de la sant\u00e9 dans le football de jeunes augmente consid\u00e9rablement. De plus en plus de clubs suivent de pr\u00e8s les exp\u00e9riences de clubs comme Genk, Malines et Dessel et examinent si des r\u00e9glementations similaires devraient \u00e9galement \u00eatre introduites pour eux \u00e0 l&rsquo;avenir. (cr\u00e9er)<\/p>\n","protected":false},"excerpt":{"rendered":"<p>Apr\u00e8s les deux clubs professionnels KRC Genk et KV Mechelen, le club amateur de premi\u00e8re division KFC Dessel Sport exige \u00e9galement des casques pour les<\/p>\n","protected":false},"author":1,"featured_media":12242,"comment_status":"","ping_status":"","sticky":false,"template":"","format":"standard","meta":{"footnotes":""},"categories":[298],"tags":[472,6608,9789,172,3102,932,5859,9788,931,14,9787,6020,6869,81,3054,1279],"class_list":["post-12241","post","type-post","status-publish","format-standard","has-post-thumbnail","hentry","category-belgique","tag-apres","tag-casque","tag-dessel","tag-egalement","tag-gardiens","tag-genk","tag-jeunes","tag-kfc","tag-krc","tag-les","tag-mechelen","tag-obligatoire","tag-port","tag-pour","tag-protection","tag-rend","generate-columns","tablet-grid-50","mobile-grid-100","grid-parent","grid-33"],"yoast_head":"<!-- This site is optimized with the Yoast SEO plugin v24.0 - https:\/\/yoast.com\/wordpress\/plugins\/seo\/ -->\n<title>Apr\u00e8s le KRC Genk et le KV Mechelen, le KFC Dessel rend \u00e9galement obligatoire le port du casque de protection pour les jeunes gardiens | Vie Associative<\/title>\n<meta name=\"robots\" content=\"index, follow, max-snippet:-1, max-image-preview:large, max-video-preview:-1\" \/>\n<link rel=\"canonical\" href=\"https:\/\/vieassociative.be\/actualites\/apres-le-krc-genk-et-le-kv-mechelen-le-kfc-dessel-rend-egalement-obligatoire-le-port-du-casque-de-protection-pour-les-jeunes-gardiens\/\" \/>\n<meta property=\"og:locale\" content=\"fr_FR\" \/>\n<meta property=\"og:type\" content=\"article\" \/>\n<meta property=\"og:title\" content=\"Apr\u00e8s le KRC Genk et le KV Mechelen, le KFC Dessel rend \u00e9galement obligatoire le port du casque de protection pour les jeunes gardiens | Vie Associative\" \/>\n<meta property=\"og:description\" content=\"Apr\u00e8s les deux clubs professionnels KRC Genk et KV Mechelen, le club amateur de premi\u00e8re division KFC Dessel Sport exige \u00e9galement des casques pour les\" \/>\n<meta property=\"og:url\" content=\"https:\/\/vieassociative.be\/actualites\/apres-le-krc-genk-et-le-kv-mechelen-le-kfc-dessel-rend-egalement-obligatoire-le-port-du-casque-de-protection-pour-les-jeunes-gardiens\/\" \/>\n<meta property=\"og:site_name\" content=\"Vie Associative\" \/>\n<meta property=\"article:published_time\" content=\"2026-01-17T06:17:25+00:00\" \/>\n<meta property=\"og:image\" content=\"https:\/\/vieassociative.be\/actualites\/wp-content\/uploads\/2024\/09\/header_backgroundk-01-e1726694325946.png\" \/>\n\t<meta property=\"og:image:width\" content=\"279\" \/>\n\t<meta property=\"og:image:height\" content=\"92\" \/>\n\t<meta property=\"og:image:type\" content=\"image\/png\" \/>\n<meta name=\"author\" content=\"Julien\" \/>\n<meta name=\"twitter:card\" content=\"summary_large_image\" \/>\n<meta name=\"twitter:label1\" content=\"\u00c9crit par\" \/>\n\t<meta name=\"twitter:data1\" content=\"Julien\" \/>\n\t<meta name=\"twitter:label2\" content=\"Dur\u00e9e de lecture est.\" \/>\n\t<meta name=\"twitter:data2\" content=\"2 minutes\" \/>\n<script type=\"application\/ld+json\" class=\"yoast-schema-graph\">{\"@context\":\"https:\/\/schema.org\",\"@graph\":[{\"@type\":\"Article\",\"@id\":\"https:\/\/vieassociative.be\/actualites\/apres-le-krc-genk-et-le-kv-mechelen-le-kfc-dessel-rend-egalement-obligatoire-le-port-du-casque-de-protection-pour-les-jeunes-gardiens\/#article\",\"isPartOf\":{\"@id\":\"https:\/\/vieassociative.be\/actualites\/apres-le-krc-genk-et-le-kv-mechelen-le-kfc-dessel-rend-egalement-obligatoire-le-port-du-casque-de-protection-pour-les-jeunes-gardiens\/\"},\"author\":{\"name\":\"Julien\",\"@id\":\"https:\/\/vieassociative.be\/actualites\/#\/schema\/person\/b87ac4f82f9d4e7b7cec7395b679edc4\"},\"headline\":\"Apr\u00e8s le KRC Genk et le KV Mechelen, le KFC Dessel rend \u00e9galement obligatoire le port du casque de protection pour les jeunes gardiens\",\"datePublished\":\"2026-01-17T06:17:25+00:00\",\"dateModified\":\"2026-01-17T06:17:25+00:00\",\"mainEntityOfPage\":{\"@id\":\"https:\/\/vieassociative.be\/actualites\/apres-le-krc-genk-et-le-kv-mechelen-le-kfc-dessel-rend-egalement-obligatoire-le-port-du-casque-de-protection-pour-les-jeunes-gardiens\/\"},\"wordCount\":445,\"publisher\":{\"@id\":\"https:\/\/vieassociative.be\/actualites\/#organization\"},\"image\":{\"@id\":\"https:\/\/vieassociative.be\/actualites\/apres-le-krc-genk-et-le-kv-mechelen-le-kfc-dessel-rend-egalement-obligatoire-le-port-du-casque-de-protection-pour-les-jeunes-gardiens\/#primaryimage\"},\"thumbnailUrl\":\"https:\/\/vieassociative.be\/actualites\/wp-content\/uploads\/2026\/01\/Apres-le-KRC-Genk-et-le-KV-Mechelen-le-KFC.jpg\",\"keywords\":[\"Apr\u00e8s\",\"casque\",\"Dessel\",\"\u00e9galement\",\"Gardiens\",\"Genk\",\"jeunes\",\"KFC\",\"KRC\",\"Les\",\"Mechelen\",\"obligatoire\",\"port\",\"pour\",\"protection\",\"rend\"],\"articleSection\":[\"Belgique\"],\"inLanguage\":\"fr-BE\"},{\"@type\":\"WebPage\",\"@id\":\"https:\/\/vieassociative.be\/actualites\/apres-le-krc-genk-et-le-kv-mechelen-le-kfc-dessel-rend-egalement-obligatoire-le-port-du-casque-de-protection-pour-les-jeunes-gardiens\/\",\"url\":\"https:\/\/vieassociative.be\/actualites\/apres-le-krc-genk-et-le-kv-mechelen-le-kfc-dessel-rend-egalement-obligatoire-le-port-du-casque-de-protection-pour-les-jeunes-gardiens\/\",\"name\":\"Apr\u00e8s le KRC Genk et le KV Mechelen, le KFC Dessel rend \u00e9galement obligatoire le port du casque de protection pour les jeunes gardiens | Vie Associative\",\"isPartOf\":{\"@id\":\"https:\/\/vieassociative.be\/actualites\/#website\"},\"primaryImageOfPage\":{\"@id\":\"https:\/\/vieassociative.be\/actualites\/apres-le-krc-genk-et-le-kv-mechelen-le-kfc-dessel-rend-egalement-obligatoire-le-port-du-casque-de-protection-pour-les-jeunes-gardiens\/#primaryimage\"},\"image\":{\"@id\":\"https:\/\/vieassociative.be\/actualites\/apres-le-krc-genk-et-le-kv-mechelen-le-kfc-dessel-rend-egalement-obligatoire-le-port-du-casque-de-protection-pour-les-jeunes-gardiens\/#primaryimage\"},\"thumbnailUrl\":\"https:\/\/vieassociative.be\/actualites\/wp-content\/uploads\/2026\/01\/Apres-le-KRC-Genk-et-le-KV-Mechelen-le-KFC.jpg\",\"datePublished\":\"2026-01-17T06:17:25+00:00\",\"dateModified\":\"2026-01-17T06:17:25+00:00\",\"breadcrumb\":{\"@id\":\"https:\/\/vieassociative.be\/actualites\/apres-le-krc-genk-et-le-kv-mechelen-le-kfc-dessel-rend-egalement-obligatoire-le-port-du-casque-de-protection-pour-les-jeunes-gardiens\/#breadcrumb\"},\"inLanguage\":\"fr-BE\",\"potentialAction\":[{\"@type\":\"ReadAction\",\"target\":[\"https:\/\/vieassociative.be\/actualites\/apres-le-krc-genk-et-le-kv-mechelen-le-kfc-dessel-rend-egalement-obligatoire-le-port-du-casque-de-protection-pour-les-jeunes-gardiens\/\"]}]},{\"@type\":\"ImageObject\",\"inLanguage\":\"fr-BE\",\"@id\":\"https:\/\/vieassociative.be\/actualites\/apres-le-krc-genk-et-le-kv-mechelen-le-kfc-dessel-rend-egalement-obligatoire-le-port-du-casque-de-protection-pour-les-jeunes-gardiens\/#primaryimage\",\"url\":\"https:\/\/vieassociative.be\/actualites\/wp-content\/uploads\/2026\/01\/Apres-le-KRC-Genk-et-le-KV-Mechelen-le-KFC.jpg\",\"contentUrl\":\"https:\/\/vieassociative.be\/actualites\/wp-content\/uploads\/2026\/01\/Apres-le-KRC-Genk-et-le-KV-Mechelen-le-KFC.jpg\",\"width\":1200,\"height\":799,\"caption\":\"Apr\u00e8s le KRC Genk et le KV Mechelen, le KFC Dessel rend \u00e9galement obligatoire le port du casque de protection pour les jeunes gardiens\"},{\"@type\":\"BreadcrumbList\",\"@id\":\"https:\/\/vieassociative.be\/actualites\/apres-le-krc-genk-et-le-kv-mechelen-le-kfc-dessel-rend-egalement-obligatoire-le-port-du-casque-de-protection-pour-les-jeunes-gardiens\/#breadcrumb\",\"itemListElement\":[{\"@type\":\"ListItem\",\"position\":1,\"name\":\"Accueil\",\"item\":\"https:\/\/vieassociative.be\/actualites\/\"},{\"@type\":\"ListItem\",\"position\":2,\"name\":\"Apr\u00e8s le KRC Genk et le KV Mechelen, le KFC Dessel rend \u00e9galement obligatoire le port du casque de protection pour les jeunes gardiens\"}]},{\"@type\":\"WebSite\",\"@id\":\"https:\/\/vieassociative.be\/actualites\/#website\",\"url\":\"https:\/\/vieassociative.be\/actualites\/\",\"name\":\"Vie Associative\",\"description\":\"\",\"publisher\":{\"@id\":\"https:\/\/vieassociative.be\/actualites\/#organization\"},\"potentialAction\":[{\"@type\":\"SearchAction\",\"target\":{\"@type\":\"EntryPoint\",\"urlTemplate\":\"https:\/\/vieassociative.be\/actualites\/?s={search_term_string}\"},\"query-input\":{\"@type\":\"PropertyValueSpecification\",\"valueRequired\":true,\"valueName\":\"search_term_string\"}}],\"inLanguage\":\"fr-BE\"},{\"@type\":\"Organization\",\"@id\":\"https:\/\/vieassociative.be\/actualites\/#organization\",\"name\":\"Vie Associative\",\"url\":\"https:\/\/vieassociative.be\/actualites\/\",\"logo\":{\"@type\":\"ImageObject\",\"inLanguage\":\"fr-BE\",\"@id\":\"https:\/\/vieassociative.be\/actualites\/#\/schema\/logo\/image\/\",\"url\":\"https:\/\/vieassociative.be\/actualites\/wp-content\/uploads\/2024\/09\/cropped-vieassociative_favicon.ico.png\",\"contentUrl\":\"https:\/\/vieassociative.be\/actualites\/wp-content\/uploads\/2024\/09\/cropped-vieassociative_favicon.ico.png\",\"width\":512,\"height\":512,\"caption\":\"Vie Associative\"},\"image\":{\"@id\":\"https:\/\/vieassociative.be\/actualites\/#\/schema\/logo\/image\/\"}},{\"@type\":\"Person\",\"@id\":\"https:\/\/vieassociative.be\/actualites\/#\/schema\/person\/b87ac4f82f9d4e7b7cec7395b679edc4\",\"name\":\"Julien\",\"image\":{\"@type\":\"ImageObject\",\"inLanguage\":\"fr-BE\",\"@id\":\"https:\/\/vieassociative.be\/actualites\/#\/schema\/person\/image\/\",\"url\":\"https:\/\/vieassociative.be\/actualites\/wp-content\/uploads\/2024\/09\/vie-associative-1-150x150.jpg\",\"contentUrl\":\"https:\/\/vieassociative.be\/actualites\/wp-content\/uploads\/2024\/09\/vie-associative-1-150x150.jpg\",\"caption\":\"Julien\"},\"description\":\"Je suis Julien, r\u00e9dacteur pour Vie Associative. Passionn\u00e9 par le monde associatif depuis plus de 10 ans, j'ai \u00e0 c\u0153ur de partager des histoires inspirantes et de mettre en lumi\u00e8re les initiatives locales. Mon objectif est de sensibiliser et d'encourager l'engagement communautaire \u00e0 travers mes articles.\",\"sameAs\":[\"https:\/\/vieassociative.be\/\"]}]}<\/script>\n<!-- \/ Yoast SEO plugin. -->","yoast_head_json":{"title":"Apr\u00e8s le KRC Genk et le KV Mechelen, le KFC Dessel rend \u00e9galement obligatoire le port du casque de protection pour les jeunes gardiens | Vie Associative","robots":{"index":"index","follow":"follow","max-snippet":"max-snippet:-1","max-image-preview":"max-image-preview:large","max-video-preview":"max-video-preview:-1"},"canonical":"https:\/\/vieassociative.be\/actualites\/apres-le-krc-genk-et-le-kv-mechelen-le-kfc-dessel-rend-egalement-obligatoire-le-port-du-casque-de-protection-pour-les-jeunes-gardiens\/","og_locale":"fr_FR","og_type":"article","og_title":"Apr\u00e8s le KRC Genk et le KV Mechelen, le KFC Dessel rend \u00e9galement obligatoire le port du casque de protection pour les jeunes gardiens | Vie Associative","og_description":"Apr\u00e8s les deux clubs professionnels KRC Genk et KV Mechelen, le club amateur de premi\u00e8re division KFC Dessel Sport exige \u00e9galement des casques pour les","og_url":"https:\/\/vieassociative.be\/actualites\/apres-le-krc-genk-et-le-kv-mechelen-le-kfc-dessel-rend-egalement-obligatoire-le-port-du-casque-de-protection-pour-les-jeunes-gardiens\/","og_site_name":"Vie Associative","article_published_time":"2026-01-17T06:17:25+00:00","og_image":[{"width":279,"height":92,"url":"https:\/\/vieassociative.be\/actualites\/wp-content\/uploads\/2024\/09\/header_backgroundk-01-e1726694325946.png","type":"image\/png"}],"author":"Julien","twitter_card":"summary_large_image","twitter_misc":{"\u00c9crit par":"Julien","Dur\u00e9e de lecture est.":"2 minutes"},"schema":{"@context":"https:\/\/schema.org","@graph":[{"@type":"Article","@id":"https:\/\/vieassociative.be\/actualites\/apres-le-krc-genk-et-le-kv-mechelen-le-kfc-dessel-rend-egalement-obligatoire-le-port-du-casque-de-protection-pour-les-jeunes-gardiens\/#article","isPartOf":{"@id":"https:\/\/vieassociative.be\/actualites\/apres-le-krc-genk-et-le-kv-mechelen-le-kfc-dessel-rend-egalement-obligatoire-le-port-du-casque-de-protection-pour-les-jeunes-gardiens\/"},"author":{"name":"Julien","@id":"https:\/\/vieassociative.be\/actualites\/#\/schema\/person\/b87ac4f82f9d4e7b7cec7395b679edc4"},"headline":"Apr\u00e8s le KRC Genk et le KV Mechelen, le KFC Dessel rend \u00e9galement obligatoire le port du casque de protection pour les jeunes gardiens","datePublished":"2026-01-17T06:17:25+00:00","dateModified":"2026-01-17T06:17:25+00:00","mainEntityOfPage":{"@id":"https:\/\/vieassociative.be\/actualites\/apres-le-krc-genk-et-le-kv-mechelen-le-kfc-dessel-rend-egalement-obligatoire-le-port-du-casque-de-protection-pour-les-jeunes-gardiens\/"},"wordCount":445,"publisher":{"@id":"https:\/\/vieassociative.be\/actualites\/#organization"},"image":{"@id":"https:\/\/vieassociative.be\/actualites\/apres-le-krc-genk-et-le-kv-mechelen-le-kfc-dessel-rend-egalement-obligatoire-le-port-du-casque-de-protection-pour-les-jeunes-gardiens\/#primaryimage"},"thumbnailUrl":"https:\/\/vieassociative.be\/actualites\/wp-content\/uploads\/2026\/01\/Apres-le-KRC-Genk-et-le-KV-Mechelen-le-KFC.jpg","keywords":["Apr\u00e8s","casque","Dessel","\u00e9galement","Gardiens","Genk","jeunes","KFC","KRC","Les","Mechelen","obligatoire","port","pour","protection","rend"],"articleSection":["Belgique"],"inLanguage":"fr-BE"},{"@type":"WebPage","@id":"https:\/\/vieassociative.be\/actualites\/apres-le-krc-genk-et-le-kv-mechelen-le-kfc-dessel-rend-egalement-obligatoire-le-port-du-casque-de-protection-pour-les-jeunes-gardiens\/","url":"https:\/\/vieassociative.be\/actualites\/apres-le-krc-genk-et-le-kv-mechelen-le-kfc-dessel-rend-egalement-obligatoire-le-port-du-casque-de-protection-pour-les-jeunes-gardiens\/","name":"Apr\u00e8s le KRC Genk et le KV Mechelen, le KFC Dessel rend \u00e9galement obligatoire le port du casque de protection pour les jeunes gardiens | Vie Associative","isPartOf":{"@id":"https:\/\/vieassociative.be\/actualites\/#website"},"primaryImageOfPage":{"@id":"https:\/\/vieassociative.be\/actualites\/apres-le-krc-genk-et-le-kv-mechelen-le-kfc-dessel-rend-egalement-obligatoire-le-port-du-casque-de-protection-pour-les-jeunes-gardiens\/#primaryimage"},"image":{"@id":"https:\/\/vieassociative.be\/actualites\/apres-le-krc-genk-et-le-kv-mechelen-le-kfc-dessel-rend-egalement-obligatoire-le-port-du-casque-de-protection-pour-les-jeunes-gardiens\/#primaryimage"},"thumbnailUrl":"https:\/\/vieassociative.be\/actualites\/wp-content\/uploads\/2026\/01\/Apres-le-KRC-Genk-et-le-KV-Mechelen-le-KFC.jpg","datePublished":"2026-01-17T06:17:25+00:00","dateModified":"2026-01-17T06:17:25+00:00","breadcrumb":{"@id":"https:\/\/vieassociative.be\/actualites\/apres-le-krc-genk-et-le-kv-mechelen-le-kfc-dessel-rend-egalement-obligatoire-le-port-du-casque-de-protection-pour-les-jeunes-gardiens\/#breadcrumb"},"inLanguage":"fr-BE","potentialAction":[{"@type":"ReadAction","target":["https:\/\/vieassociative.be\/actualites\/apres-le-krc-genk-et-le-kv-mechelen-le-kfc-dessel-rend-egalement-obligatoire-le-port-du-casque-de-protection-pour-les-jeunes-gardiens\/"]}]},{"@type":"ImageObject","inLanguage":"fr-BE","@id":"https:\/\/vieassociative.be\/actualites\/apres-le-krc-genk-et-le-kv-mechelen-le-kfc-dessel-rend-egalement-obligatoire-le-port-du-casque-de-protection-pour-les-jeunes-gardiens\/#primaryimage","url":"https:\/\/vieassociative.be\/actualites\/wp-content\/uploads\/2026\/01\/Apres-le-KRC-Genk-et-le-KV-Mechelen-le-KFC.jpg","contentUrl":"https:\/\/vieassociative.be\/actualites\/wp-content\/uploads\/2026\/01\/Apres-le-KRC-Genk-et-le-KV-Mechelen-le-KFC.jpg","width":1200,"height":799,"caption":"Apr\u00e8s le KRC Genk et le KV Mechelen, le KFC Dessel rend \u00e9galement obligatoire le port du casque de protection pour les jeunes gardiens"},{"@type":"BreadcrumbList","@id":"https:\/\/vieassociative.be\/actualites\/apres-le-krc-genk-et-le-kv-mechelen-le-kfc-dessel-rend-egalement-obligatoire-le-port-du-casque-de-protection-pour-les-jeunes-gardiens\/#breadcrumb","itemListElement":[{"@type":"ListItem","position":1,"name":"Accueil","item":"https:\/\/vieassociative.be\/actualites\/"},{"@type":"ListItem","position":2,"name":"Apr\u00e8s le KRC Genk et le KV Mechelen, le KFC Dessel rend \u00e9galement obligatoire le port du casque de protection pour les jeunes gardiens"}]},{"@type":"WebSite","@id":"https:\/\/vieassociative.be\/actualites\/#website","url":"https:\/\/vieassociative.be\/actualites\/","name":"Vie Associative","description":"","publisher":{"@id":"https:\/\/vieassociative.be\/actualites\/#organization"},"potentialAction":[{"@type":"SearchAction","target":{"@type":"EntryPoint","urlTemplate":"https:\/\/vieassociative.be\/actualites\/?s={search_term_string}"},"query-input":{"@type":"PropertyValueSpecification","valueRequired":true,"valueName":"search_term_string"}}],"inLanguage":"fr-BE"},{"@type":"Organization","@id":"https:\/\/vieassociative.be\/actualites\/#organization","name":"Vie Associative","url":"https:\/\/vieassociative.be\/actualites\/","logo":{"@type":"ImageObject","inLanguage":"fr-BE","@id":"https:\/\/vieassociative.be\/actualites\/#\/schema\/logo\/image\/","url":"https:\/\/vieassociative.be\/actualites\/wp-content\/uploads\/2024\/09\/cropped-vieassociative_favicon.ico.png","contentUrl":"https:\/\/vieassociative.be\/actualites\/wp-content\/uploads\/2024\/09\/cropped-vieassociative_favicon.ico.png","width":512,"height":512,"caption":"Vie Associative"},"image":{"@id":"https:\/\/vieassociative.be\/actualites\/#\/schema\/logo\/image\/"}},{"@type":"Person","@id":"https:\/\/vieassociative.be\/actualites\/#\/schema\/person\/b87ac4f82f9d4e7b7cec7395b679edc4","name":"Julien","image":{"@type":"ImageObject","inLanguage":"fr-BE","@id":"https:\/\/vieassociative.be\/actualites\/#\/schema\/person\/image\/","url":"https:\/\/vieassociative.be\/actualites\/wp-content\/uploads\/2024\/09\/vie-associative-1-150x150.jpg","contentUrl":"https:\/\/vieassociative.be\/actualites\/wp-content\/uploads\/2024\/09\/vie-associative-1-150x150.jpg","caption":"Julien"},"description":"Je suis Julien, r\u00e9dacteur pour Vie Associative. Passionn\u00e9 par le monde associatif depuis plus de 10 ans, j'ai \u00e0 c\u0153ur de partager des histoires inspirantes et de mettre en lumi\u00e8re les initiatives locales. Mon objectif est de sensibiliser et d'encourager l'engagement communautaire \u00e0 travers mes articles.","sameAs":["https:\/\/vieassociative.be\/"]}]}},"_links":{"self":[{"href":"https:\/\/vieassociative.be\/actualites\/wp-json\/wp\/v2\/posts\/12241"}],"collection":[{"href":"https:\/\/vieassociative.be\/actualites\/wp-json\/wp\/v2\/posts"}],"about":[{"href":"https:\/\/vieassociative.be\/actualites\/wp-json\/wp\/v2\/types\/post"}],"author":[{"embeddable":true,"href":"https:\/\/vieassociative.be\/actualites\/wp-json\/wp\/v2\/users\/1"}],"replies":[{"embeddable":true,"href":"https:\/\/vieassociative.be\/actualites\/wp-json\/wp\/v2\/comments?post=12241"}],"version-history":[{"count":0,"href":"https:\/\/vieassociative.be\/actualites\/wp-json\/wp\/v2\/posts\/12241\/revisions"}],"wp:featuredmedia":[{"embeddable":true,"href":"https:\/\/vieassociative.be\/actualites\/wp-json\/wp\/v2\/media\/12242"}],"wp:attachment":[{"href":"https:\/\/vieassociative.be\/actualites\/wp-json\/wp\/v2\/media?parent=12241"}],"wp:term":[{"taxonomy":"category","embeddable":true,"href":"https:\/\/vieassociative.be\/actualites\/wp-json\/wp\/v2\/categories?post=12241"},{"taxonomy":"post_tag","embeddable":true,"href":"https:\/\/vieassociative.be\/actualites\/wp-json\/wp\/v2\/tags?post=12241"}],"curies":[{"name":"wp","href":"https:\/\/api.w.org\/{rel}","templated":true}]}}