{"id":12233,"date":"2026-01-16T19:17:12","date_gmt":"2026-01-16T18:17:12","guid":{"rendered":"https:\/\/vieassociative.be\/actualites\/eupen-regles-de-circulation-dans-les-zones-cyclables-rendre-le-velo-plus-sur-et-plus-clair\/"},"modified":"2026-01-16T19:17:12","modified_gmt":"2026-01-16T18:17:12","slug":"eupen-regles-de-circulation-dans-les-zones-cyclables-rendre-le-velo-plus-sur-et-plus-clair","status":"publish","type":"post","link":"https:\/\/vieassociative.be\/actualites\/eupen-regles-de-circulation-dans-les-zones-cyclables-rendre-le-velo-plus-sur-et-plus-clair\/","title":{"rendered":"Eupen : R\u00e8gles de circulation dans les zones cyclables \u2013 \u00ab Rendre le v\u00e9lo plus s\u00fbr et plus clair \u00bb"},"content":{"rendered":"<p><strong>Dans le cadre du projet \u00ab Wallonie Cyclable \u00bb, plusieurs zones cyclables ont \u00e9t\u00e9 cr\u00e9\u00e9es ces derni\u00e8res ann\u00e9es pour rendre le v\u00e9lo plus s\u00fbr et plus d\u00e9gag\u00e9.<\/strong><\/p>\n<p><span id=\"more-433804\"><\/span>\u00c0 Eupen, il existe d\u00e9sormais huit de ces zones, situ\u00e9es dans la rue Raerenpfad (entre l&rsquo;entr\u00e9e de la ville et le carrefour Liberm\u00e9), dans le quartier Lindenberg\u2013Talstra\u00dfe\u2013Nussfeld, dans la Bahnhofstra\u00dfe (entre Aachener Stra\u00dfe et Bahnhofsgasse), dans le quartier Oberste Heide-Heidberg (entre Schnellewindgasse\/Heidgasse et Nispert\/Werthplatz), dans la Winkelstra\u00dfe, \u00e0 Lommericher Gasse, dans la Schulstra\u00dfe (zone haute et basse) et dans la Katharinenweg.<\/p>\n<div id=\"attachment_433922\" class=\"wp-caption alignleft\" style=\"max-width: 300px\"><img fetchpriority=\"high\" decoding=\"async\" class=\"wp-image-433922 size-medium\" src=\"https:\/\/vieassociative.be\/actualites\/wp-content\/uploads\/2026\/01\/Eupen-Regles-de-circulation-dans-les-zones-cyclables-\u2013.jpg\" alt=\"\" width=\"300\" height=\"225\"  ><\/div>\n<p>Dans les zones cyclables, des r\u00e8gles de circulation particuli\u00e8res s&rsquo;appliquent qui subordonnent le comportement des v\u00e9hicules motoris\u00e9s \u00e0 celui des cyclistes. Une vitesse maximale de 30 km\/h s&rsquo;applique. Les v\u00e9hicules motoris\u00e9s et les v\u00e9los sont autoris\u00e9s \u00e0 entrer dans la zone. Les cyclistes ne sont pas autoris\u00e9s \u00e0 se faire doubler et peuvent emprunter toute la moiti\u00e9 droite de la route, et m\u00eame toute la largeur dans le sens de la circulation dans les rues \u00e0 sens unique.<\/p>\n<p>La circulation \u00e0 sens unique peut \u00eatre supprim\u00e9e pour les cyclistes gr\u00e2ce \u00e0 une signalisation appropri\u00e9e. Dans ce cas, les cyclistes sont \u00e9galement autoris\u00e9s \u00e0 emprunter la route en sens inverse. Tous les usagers de la route doivent y pr\u00eater une attention particuli\u00e8re.<\/p>\n<p>Le d\u00e9but et la fin d&rsquo;une zone cyclable sont marqu\u00e9s par des panneaux de signalisation et g\u00e9n\u00e9ralement par des marquages \u200b\u200bau sol ocre.<\/p>\n<p><em><strong>Sur le sujet, voir aussi l&rsquo;article suivant sur l&rsquo;OD :<\/strong><\/em><\/p>\n<div class=\"responsive-embed widescreen\">\n<blockquote class=\"wp-embedded-content\" data-secret=\"k7nAJjStgV\">\n<p>Les nouvelles zones cyclables de la zone urbaine d&rsquo;Eupen sont encore un projet de l&rsquo;ancienne majorit\u00e9<\/p>\n<\/blockquote>\n<p><iframe loading=\"lazy\" class=\"wp-embedded-content\" sandbox=\"allow-scripts\" security=\"restricted\" style=\"position: absolute; visibility: hidden;\" title=\"\u201eDie neuen Fahrrad-Viertelboxen auf dem Eupener Stadtgebiet sind noch ein Projekt der alten Mehrheit\u201c \u2013 Ostbelgien Direkt\" src=\"https:\/\/ostbelgiendirekt.be\/about:blank\" data-secret=\"k7nAJjStgV\" width=\"500\" height=\"282\" frameborder=\"0\" marginwidth=\"0\" marginheight=\"0\" scrolling=\"no\" data-rocket-lazyload=\"fitvidscompatible\" data-lazy-src=\"https:\/\/ostbelgiendirekt.be\/neue-fahrrad-viertelboxen-425997\/embed#?secret=ulbkriWKG5#?secret=k7nAJjStgV\"><\/iframe><noscript><iframe class=\"wp-embedded-content\" sandbox=\"allow-scripts\" security=\"restricted\" style=\"position: absolute; visibility: hidden;\" title=\"\u201eDie neuen Fahrrad-Viertelboxen auf dem Eupener Stadtgebiet sind noch ein Projekt der alten Mehrheit\u201c \u2013 Ostbelgien Direkt\" src=\"https:\/\/ostbelgiendirekt.be\/neue-fahrrad-viertelboxen-425997\/embed#?secret=ulbkriWKG5#?secret=k7nAJjStgV\" data-secret=\"k7nAJjStgV\" width=\"500\" height=\"282\" frameborder=\"0\" marginwidth=\"0\" marginheight=\"0\" scrolling=\"no\"><\/iframe><\/noscript><\/p>\n<\/div>\n","protected":false},"excerpt":{"rendered":"<p>Dans le cadre du projet \u00ab Wallonie Cyclable \u00bb, plusieurs zones cyclables ont \u00e9t\u00e9 cr\u00e9\u00e9es ces derni\u00e8res ann\u00e9es pour rendre le v\u00e9lo plus s\u00fbr et<\/p>\n","protected":false},"author":1,"featured_media":12234,"comment_status":"","ping_status":"","sticky":false,"template":"","format":"standard","meta":{"footnotes":""},"categories":[298],"tags":[3479,6189,9785,166,2329,14,226,465,33,921,1940],"class_list":["post-12233","post","type-post","status-publish","format-standard","has-post-thumbnail","hentry","category-belgique","tag-circulation","tag-clair","tag-cyclables","tag-dans","tag-eupen","tag-les","tag-regles","tag-rendre","tag-sur","tag-velo","tag-zones","generate-columns","tablet-grid-50","mobile-grid-100","grid-parent","grid-33"],"yoast_head":"<!-- This site is optimized with the Yoast SEO plugin v24.0 - https:\/\/yoast.com\/wordpress\/plugins\/seo\/ -->\n<title>Eupen : R\u00e8gles de circulation dans les zones cyclables \u2013 \u00ab Rendre le v\u00e9lo plus s\u00fbr et plus clair \u00bb | Vie Associative<\/title>\n<meta name=\"robots\" content=\"index, follow, max-snippet:-1, max-image-preview:large, max-video-preview:-1\" \/>\n<link rel=\"canonical\" href=\"https:\/\/vieassociative.be\/actualites\/eupen-regles-de-circulation-dans-les-zones-cyclables-rendre-le-velo-plus-sur-et-plus-clair\/\" \/>\n<meta property=\"og:locale\" content=\"fr_FR\" \/>\n<meta property=\"og:type\" content=\"article\" \/>\n<meta property=\"og:title\" content=\"Eupen : R\u00e8gles de circulation dans les zones cyclables \u2013 \u00ab Rendre le v\u00e9lo plus s\u00fbr et plus clair \u00bb | Vie Associative\" \/>\n<meta property=\"og:description\" content=\"Dans le cadre du projet \u00ab Wallonie Cyclable \u00bb, plusieurs zones cyclables ont \u00e9t\u00e9 cr\u00e9\u00e9es ces derni\u00e8res ann\u00e9es pour rendre le v\u00e9lo plus s\u00fbr et\" \/>\n<meta property=\"og:url\" content=\"https:\/\/vieassociative.be\/actualites\/eupen-regles-de-circulation-dans-les-zones-cyclables-rendre-le-velo-plus-sur-et-plus-clair\/\" \/>\n<meta property=\"og:site_name\" content=\"Vie Associative\" \/>\n<meta property=\"article:published_time\" content=\"2026-01-16T18:17:12+00:00\" \/>\n<meta property=\"og:image\" content=\"https:\/\/vieassociative.be\/actualites\/wp-content\/uploads\/2024\/09\/header_backgroundk-01-e1726694325946.png\" \/>\n\t<meta property=\"og:image:width\" content=\"279\" \/>\n\t<meta property=\"og:image:height\" content=\"92\" \/>\n\t<meta property=\"og:image:type\" content=\"image\/png\" \/>\n<meta name=\"author\" content=\"Julien\" \/>\n<meta name=\"twitter:card\" content=\"summary_large_image\" \/>\n<meta name=\"twitter:label1\" content=\"\u00c9crit par\" \/>\n\t<meta name=\"twitter:data1\" content=\"Julien\" \/>\n\t<meta name=\"twitter:label2\" content=\"Dur\u00e9e de lecture est.\" \/>\n\t<meta name=\"twitter:data2\" content=\"1 minute\" \/>\n<script type=\"application\/ld+json\" class=\"yoast-schema-graph\">{\"@context\":\"https:\/\/schema.org\",\"@graph\":[{\"@type\":\"Article\",\"@id\":\"https:\/\/vieassociative.be\/actualites\/eupen-regles-de-circulation-dans-les-zones-cyclables-rendre-le-velo-plus-sur-et-plus-clair\/#article\",\"isPartOf\":{\"@id\":\"https:\/\/vieassociative.be\/actualites\/eupen-regles-de-circulation-dans-les-zones-cyclables-rendre-le-velo-plus-sur-et-plus-clair\/\"},\"author\":{\"name\":\"Julien\",\"@id\":\"https:\/\/vieassociative.be\/actualites\/#\/schema\/person\/b87ac4f82f9d4e7b7cec7395b679edc4\"},\"headline\":\"Eupen : R\u00e8gles de circulation dans les zones cyclables \u2013 \u00ab Rendre le v\u00e9lo plus s\u00fbr et plus clair \u00bb\",\"datePublished\":\"2026-01-16T18:17:12+00:00\",\"dateModified\":\"2026-01-16T18:17:12+00:00\",\"mainEntityOfPage\":{\"@id\":\"https:\/\/vieassociative.be\/actualites\/eupen-regles-de-circulation-dans-les-zones-cyclables-rendre-le-velo-plus-sur-et-plus-clair\/\"},\"wordCount\":311,\"publisher\":{\"@id\":\"https:\/\/vieassociative.be\/actualites\/#organization\"},\"image\":{\"@id\":\"https:\/\/vieassociative.be\/actualites\/eupen-regles-de-circulation-dans-les-zones-cyclables-rendre-le-velo-plus-sur-et-plus-clair\/#primaryimage\"},\"thumbnailUrl\":\"https:\/\/vieassociative.be\/actualites\/wp-content\/uploads\/2026\/01\/1768587433_Eupen-Regles-de-circulation-dans-les-zones-cyclables-\u2013.jpg\",\"keywords\":[\"circulation\",\"clair\",\"cyclables\",\"dans\",\"Eupen\",\"Les\",\"r\u00e8gles\",\"rendre\",\"sur\",\"v\u00e9lo\",\"zones\"],\"articleSection\":[\"Belgique\"],\"inLanguage\":\"fr-BE\"},{\"@type\":\"WebPage\",\"@id\":\"https:\/\/vieassociative.be\/actualites\/eupen-regles-de-circulation-dans-les-zones-cyclables-rendre-le-velo-plus-sur-et-plus-clair\/\",\"url\":\"https:\/\/vieassociative.be\/actualites\/eupen-regles-de-circulation-dans-les-zones-cyclables-rendre-le-velo-plus-sur-et-plus-clair\/\",\"name\":\"Eupen : R\u00e8gles de circulation dans les zones cyclables \u2013 \u00ab Rendre le v\u00e9lo plus s\u00fbr et plus clair \u00bb | Vie Associative\",\"isPartOf\":{\"@id\":\"https:\/\/vieassociative.be\/actualites\/#website\"},\"primaryImageOfPage\":{\"@id\":\"https:\/\/vieassociative.be\/actualites\/eupen-regles-de-circulation-dans-les-zones-cyclables-rendre-le-velo-plus-sur-et-plus-clair\/#primaryimage\"},\"image\":{\"@id\":\"https:\/\/vieassociative.be\/actualites\/eupen-regles-de-circulation-dans-les-zones-cyclables-rendre-le-velo-plus-sur-et-plus-clair\/#primaryimage\"},\"thumbnailUrl\":\"https:\/\/vieassociative.be\/actualites\/wp-content\/uploads\/2026\/01\/1768587433_Eupen-Regles-de-circulation-dans-les-zones-cyclables-\u2013.jpg\",\"datePublished\":\"2026-01-16T18:17:12+00:00\",\"dateModified\":\"2026-01-16T18:17:12+00:00\",\"breadcrumb\":{\"@id\":\"https:\/\/vieassociative.be\/actualites\/eupen-regles-de-circulation-dans-les-zones-cyclables-rendre-le-velo-plus-sur-et-plus-clair\/#breadcrumb\"},\"inLanguage\":\"fr-BE\",\"potentialAction\":[{\"@type\":\"ReadAction\",\"target\":[\"https:\/\/vieassociative.be\/actualites\/eupen-regles-de-circulation-dans-les-zones-cyclables-rendre-le-velo-plus-sur-et-plus-clair\/\"]}]},{\"@type\":\"ImageObject\",\"inLanguage\":\"fr-BE\",\"@id\":\"https:\/\/vieassociative.be\/actualites\/eupen-regles-de-circulation-dans-les-zones-cyclables-rendre-le-velo-plus-sur-et-plus-clair\/#primaryimage\",\"url\":\"https:\/\/vieassociative.be\/actualites\/wp-content\/uploads\/2026\/01\/1768587433_Eupen-Regles-de-circulation-dans-les-zones-cyclables-\u2013.jpg\",\"contentUrl\":\"https:\/\/vieassociative.be\/actualites\/wp-content\/uploads\/2026\/01\/1768587433_Eupen-Regles-de-circulation-dans-les-zones-cyclables-\u2013.jpg\",\"width\":1200,\"height\":900,\"caption\":\"Eupen : R\u00e8gles de circulation dans les zones cyclables \u2013 \u00ab Rendre le v\u00e9lo plus s\u00fbr et plus clair \u00bb\"},{\"@type\":\"BreadcrumbList\",\"@id\":\"https:\/\/vieassociative.be\/actualites\/eupen-regles-de-circulation-dans-les-zones-cyclables-rendre-le-velo-plus-sur-et-plus-clair\/#breadcrumb\",\"itemListElement\":[{\"@type\":\"ListItem\",\"position\":1,\"name\":\"Accueil\",\"item\":\"https:\/\/vieassociative.be\/actualites\/\"},{\"@type\":\"ListItem\",\"position\":2,\"name\":\"Eupen : R\u00e8gles de circulation dans les zones cyclables \u2013 \u00ab Rendre le v\u00e9lo plus s\u00fbr et plus clair \u00bb\"}]},{\"@type\":\"WebSite\",\"@id\":\"https:\/\/vieassociative.be\/actualites\/#website\",\"url\":\"https:\/\/vieassociative.be\/actualites\/\",\"name\":\"Vie Associative\",\"description\":\"\",\"publisher\":{\"@id\":\"https:\/\/vieassociative.be\/actualites\/#organization\"},\"potentialAction\":[{\"@type\":\"SearchAction\",\"target\":{\"@type\":\"EntryPoint\",\"urlTemplate\":\"https:\/\/vieassociative.be\/actualites\/?s={search_term_string}\"},\"query-input\":{\"@type\":\"PropertyValueSpecification\",\"valueRequired\":true,\"valueName\":\"search_term_string\"}}],\"inLanguage\":\"fr-BE\"},{\"@type\":\"Organization\",\"@id\":\"https:\/\/vieassociative.be\/actualites\/#organization\",\"name\":\"Vie Associative\",\"url\":\"https:\/\/vieassociative.be\/actualites\/\",\"logo\":{\"@type\":\"ImageObject\",\"inLanguage\":\"fr-BE\",\"@id\":\"https:\/\/vieassociative.be\/actualites\/#\/schema\/logo\/image\/\",\"url\":\"https:\/\/vieassociative.be\/actualites\/wp-content\/uploads\/2024\/09\/cropped-vieassociative_favicon.ico.png\",\"contentUrl\":\"https:\/\/vieassociative.be\/actualites\/wp-content\/uploads\/2024\/09\/cropped-vieassociative_favicon.ico.png\",\"width\":512,\"height\":512,\"caption\":\"Vie Associative\"},\"image\":{\"@id\":\"https:\/\/vieassociative.be\/actualites\/#\/schema\/logo\/image\/\"}},{\"@type\":\"Person\",\"@id\":\"https:\/\/vieassociative.be\/actualites\/#\/schema\/person\/b87ac4f82f9d4e7b7cec7395b679edc4\",\"name\":\"Julien\",\"image\":{\"@type\":\"ImageObject\",\"inLanguage\":\"fr-BE\",\"@id\":\"https:\/\/vieassociative.be\/actualites\/#\/schema\/person\/image\/\",\"url\":\"https:\/\/vieassociative.be\/actualites\/wp-content\/uploads\/2024\/09\/vie-associative-1-150x150.jpg\",\"contentUrl\":\"https:\/\/vieassociative.be\/actualites\/wp-content\/uploads\/2024\/09\/vie-associative-1-150x150.jpg\",\"caption\":\"Julien\"},\"description\":\"Je suis Julien, r\u00e9dacteur pour Vie Associative. Passionn\u00e9 par le monde associatif depuis plus de 10 ans, j'ai \u00e0 c\u0153ur de partager des histoires inspirantes et de mettre en lumi\u00e8re les initiatives locales. Mon objectif est de sensibiliser et d'encourager l'engagement communautaire \u00e0 travers mes articles.\",\"sameAs\":[\"https:\/\/vieassociative.be\/\"]}]}<\/script>\n<!-- \/ Yoast SEO plugin. -->","yoast_head_json":{"title":"Eupen : R\u00e8gles de circulation dans les zones cyclables \u2013 \u00ab Rendre le v\u00e9lo plus s\u00fbr et plus clair \u00bb | Vie Associative","robots":{"index":"index","follow":"follow","max-snippet":"max-snippet:-1","max-image-preview":"max-image-preview:large","max-video-preview":"max-video-preview:-1"},"canonical":"https:\/\/vieassociative.be\/actualites\/eupen-regles-de-circulation-dans-les-zones-cyclables-rendre-le-velo-plus-sur-et-plus-clair\/","og_locale":"fr_FR","og_type":"article","og_title":"Eupen : R\u00e8gles de circulation dans les zones cyclables \u2013 \u00ab Rendre le v\u00e9lo plus s\u00fbr et plus clair \u00bb | Vie Associative","og_description":"Dans le cadre du projet \u00ab Wallonie Cyclable \u00bb, plusieurs zones cyclables ont \u00e9t\u00e9 cr\u00e9\u00e9es ces derni\u00e8res ann\u00e9es pour rendre le v\u00e9lo plus s\u00fbr et","og_url":"https:\/\/vieassociative.be\/actualites\/eupen-regles-de-circulation-dans-les-zones-cyclables-rendre-le-velo-plus-sur-et-plus-clair\/","og_site_name":"Vie Associative","article_published_time":"2026-01-16T18:17:12+00:00","og_image":[{"width":279,"height":92,"url":"https:\/\/vieassociative.be\/actualites\/wp-content\/uploads\/2024\/09\/header_backgroundk-01-e1726694325946.png","type":"image\/png"}],"author":"Julien","twitter_card":"summary_large_image","twitter_misc":{"\u00c9crit par":"Julien","Dur\u00e9e de lecture est.":"1 minute"},"schema":{"@context":"https:\/\/schema.org","@graph":[{"@type":"Article","@id":"https:\/\/vieassociative.be\/actualites\/eupen-regles-de-circulation-dans-les-zones-cyclables-rendre-le-velo-plus-sur-et-plus-clair\/#article","isPartOf":{"@id":"https:\/\/vieassociative.be\/actualites\/eupen-regles-de-circulation-dans-les-zones-cyclables-rendre-le-velo-plus-sur-et-plus-clair\/"},"author":{"name":"Julien","@id":"https:\/\/vieassociative.be\/actualites\/#\/schema\/person\/b87ac4f82f9d4e7b7cec7395b679edc4"},"headline":"Eupen : R\u00e8gles de circulation dans les zones cyclables \u2013 \u00ab Rendre le v\u00e9lo plus s\u00fbr et plus clair \u00bb","datePublished":"2026-01-16T18:17:12+00:00","dateModified":"2026-01-16T18:17:12+00:00","mainEntityOfPage":{"@id":"https:\/\/vieassociative.be\/actualites\/eupen-regles-de-circulation-dans-les-zones-cyclables-rendre-le-velo-plus-sur-et-plus-clair\/"},"wordCount":311,"publisher":{"@id":"https:\/\/vieassociative.be\/actualites\/#organization"},"image":{"@id":"https:\/\/vieassociative.be\/actualites\/eupen-regles-de-circulation-dans-les-zones-cyclables-rendre-le-velo-plus-sur-et-plus-clair\/#primaryimage"},"thumbnailUrl":"https:\/\/vieassociative.be\/actualites\/wp-content\/uploads\/2026\/01\/1768587433_Eupen-Regles-de-circulation-dans-les-zones-cyclables-\u2013.jpg","keywords":["circulation","clair","cyclables","dans","Eupen","Les","r\u00e8gles","rendre","sur","v\u00e9lo","zones"],"articleSection":["Belgique"],"inLanguage":"fr-BE"},{"@type":"WebPage","@id":"https:\/\/vieassociative.be\/actualites\/eupen-regles-de-circulation-dans-les-zones-cyclables-rendre-le-velo-plus-sur-et-plus-clair\/","url":"https:\/\/vieassociative.be\/actualites\/eupen-regles-de-circulation-dans-les-zones-cyclables-rendre-le-velo-plus-sur-et-plus-clair\/","name":"Eupen : R\u00e8gles de circulation dans les zones cyclables \u2013 \u00ab Rendre le v\u00e9lo plus s\u00fbr et plus clair \u00bb | Vie Associative","isPartOf":{"@id":"https:\/\/vieassociative.be\/actualites\/#website"},"primaryImageOfPage":{"@id":"https:\/\/vieassociative.be\/actualites\/eupen-regles-de-circulation-dans-les-zones-cyclables-rendre-le-velo-plus-sur-et-plus-clair\/#primaryimage"},"image":{"@id":"https:\/\/vieassociative.be\/actualites\/eupen-regles-de-circulation-dans-les-zones-cyclables-rendre-le-velo-plus-sur-et-plus-clair\/#primaryimage"},"thumbnailUrl":"https:\/\/vieassociative.be\/actualites\/wp-content\/uploads\/2026\/01\/1768587433_Eupen-Regles-de-circulation-dans-les-zones-cyclables-\u2013.jpg","datePublished":"2026-01-16T18:17:12+00:00","dateModified":"2026-01-16T18:17:12+00:00","breadcrumb":{"@id":"https:\/\/vieassociative.be\/actualites\/eupen-regles-de-circulation-dans-les-zones-cyclables-rendre-le-velo-plus-sur-et-plus-clair\/#breadcrumb"},"inLanguage":"fr-BE","potentialAction":[{"@type":"ReadAction","target":["https:\/\/vieassociative.be\/actualites\/eupen-regles-de-circulation-dans-les-zones-cyclables-rendre-le-velo-plus-sur-et-plus-clair\/"]}]},{"@type":"ImageObject","inLanguage":"fr-BE","@id":"https:\/\/vieassociative.be\/actualites\/eupen-regles-de-circulation-dans-les-zones-cyclables-rendre-le-velo-plus-sur-et-plus-clair\/#primaryimage","url":"https:\/\/vieassociative.be\/actualites\/wp-content\/uploads\/2026\/01\/1768587433_Eupen-Regles-de-circulation-dans-les-zones-cyclables-\u2013.jpg","contentUrl":"https:\/\/vieassociative.be\/actualites\/wp-content\/uploads\/2026\/01\/1768587433_Eupen-Regles-de-circulation-dans-les-zones-cyclables-\u2013.jpg","width":1200,"height":900,"caption":"Eupen : R\u00e8gles de circulation dans les zones cyclables \u2013 \u00ab Rendre le v\u00e9lo plus s\u00fbr et plus clair \u00bb"},{"@type":"BreadcrumbList","@id":"https:\/\/vieassociative.be\/actualites\/eupen-regles-de-circulation-dans-les-zones-cyclables-rendre-le-velo-plus-sur-et-plus-clair\/#breadcrumb","itemListElement":[{"@type":"ListItem","position":1,"name":"Accueil","item":"https:\/\/vieassociative.be\/actualites\/"},{"@type":"ListItem","position":2,"name":"Eupen : R\u00e8gles de circulation dans les zones cyclables \u2013 \u00ab Rendre le v\u00e9lo plus s\u00fbr et plus clair \u00bb"}]},{"@type":"WebSite","@id":"https:\/\/vieassociative.be\/actualites\/#website","url":"https:\/\/vieassociative.be\/actualites\/","name":"Vie Associative","description":"","publisher":{"@id":"https:\/\/vieassociative.be\/actualites\/#organization"},"potentialAction":[{"@type":"SearchAction","target":{"@type":"EntryPoint","urlTemplate":"https:\/\/vieassociative.be\/actualites\/?s={search_term_string}"},"query-input":{"@type":"PropertyValueSpecification","valueRequired":true,"valueName":"search_term_string"}}],"inLanguage":"fr-BE"},{"@type":"Organization","@id":"https:\/\/vieassociative.be\/actualites\/#organization","name":"Vie Associative","url":"https:\/\/vieassociative.be\/actualites\/","logo":{"@type":"ImageObject","inLanguage":"fr-BE","@id":"https:\/\/vieassociative.be\/actualites\/#\/schema\/logo\/image\/","url":"https:\/\/vieassociative.be\/actualites\/wp-content\/uploads\/2024\/09\/cropped-vieassociative_favicon.ico.png","contentUrl":"https:\/\/vieassociative.be\/actualites\/wp-content\/uploads\/2024\/09\/cropped-vieassociative_favicon.ico.png","width":512,"height":512,"caption":"Vie Associative"},"image":{"@id":"https:\/\/vieassociative.be\/actualites\/#\/schema\/logo\/image\/"}},{"@type":"Person","@id":"https:\/\/vieassociative.be\/actualites\/#\/schema\/person\/b87ac4f82f9d4e7b7cec7395b679edc4","name":"Julien","image":{"@type":"ImageObject","inLanguage":"fr-BE","@id":"https:\/\/vieassociative.be\/actualites\/#\/schema\/person\/image\/","url":"https:\/\/vieassociative.be\/actualites\/wp-content\/uploads\/2024\/09\/vie-associative-1-150x150.jpg","contentUrl":"https:\/\/vieassociative.be\/actualites\/wp-content\/uploads\/2024\/09\/vie-associative-1-150x150.jpg","caption":"Julien"},"description":"Je suis Julien, r\u00e9dacteur pour Vie Associative. Passionn\u00e9 par le monde associatif depuis plus de 10 ans, j'ai \u00e0 c\u0153ur de partager des histoires inspirantes et de mettre en lumi\u00e8re les initiatives locales. Mon objectif est de sensibiliser et d'encourager l'engagement communautaire \u00e0 travers mes articles.","sameAs":["https:\/\/vieassociative.be\/"]}]}},"_links":{"self":[{"href":"https:\/\/vieassociative.be\/actualites\/wp-json\/wp\/v2\/posts\/12233"}],"collection":[{"href":"https:\/\/vieassociative.be\/actualites\/wp-json\/wp\/v2\/posts"}],"about":[{"href":"https:\/\/vieassociative.be\/actualites\/wp-json\/wp\/v2\/types\/post"}],"author":[{"embeddable":true,"href":"https:\/\/vieassociative.be\/actualites\/wp-json\/wp\/v2\/users\/1"}],"replies":[{"embeddable":true,"href":"https:\/\/vieassociative.be\/actualites\/wp-json\/wp\/v2\/comments?post=12233"}],"version-history":[{"count":0,"href":"https:\/\/vieassociative.be\/actualites\/wp-json\/wp\/v2\/posts\/12233\/revisions"}],"wp:featuredmedia":[{"embeddable":true,"href":"https:\/\/vieassociative.be\/actualites\/wp-json\/wp\/v2\/media\/12234"}],"wp:attachment":[{"href":"https:\/\/vieassociative.be\/actualites\/wp-json\/wp\/v2\/media?parent=12233"}],"wp:term":[{"taxonomy":"category","embeddable":true,"href":"https:\/\/vieassociative.be\/actualites\/wp-json\/wp\/v2\/categories?post=12233"},{"taxonomy":"post_tag","embeddable":true,"href":"https:\/\/vieassociative.be\/actualites\/wp-json\/wp\/v2\/tags?post=12233"}],"curies":[{"name":"wp","href":"https:\/\/api.w.org\/{rel}","templated":true}]}}