{"id":1223,"date":"2024-10-14T19:23:38","date_gmt":"2024-10-14T17:23:38","guid":{"rendered":"https:\/\/vieassociative.be\/actualites\/pourquoi-vous-pourriez-avoir-besoin-dun-defenseur-de-leducation-specialisee\/"},"modified":"2024-10-14T19:23:38","modified_gmt":"2024-10-14T17:23:38","slug":"pourquoi-vous-pourriez-avoir-besoin-dun-defenseur-de-leducation-specialisee","status":"publish","type":"post","link":"https:\/\/vieassociative.be\/actualites\/pourquoi-vous-pourriez-avoir-besoin-dun-defenseur-de-leducation-specialisee\/","title":{"rendered":"Pourquoi vous pourriez avoir besoin d&rsquo;un d\u00e9fenseur de l&rsquo;\u00e9ducation sp\u00e9cialis\u00e9e"},"content":{"rendered":"<div class=\"mt-4 leading-6 md:mb-8\">Un d\u00e9fenseur de l&rsquo;\u00e9ducation sp\u00e9cialis\u00e9e est une personne de soutien pour les parents et l&rsquo;enfant impliqu\u00e9s dans le processus d&rsquo;\u00e9ducation sp\u00e9cialis\u00e9e.<\/div>\n<p><\/p>\n<p>L&rsquo;\u00e9ducation sp\u00e9ciale peut \u00eatre d\u00e9routante, m\u00eame pour les personnes exp\u00e9riment\u00e9es dans le domaine de l&rsquo;\u00e9ducation, y compris les enseignants et les parents d&rsquo;enfants inscrits dans le syst\u00e8me d&rsquo;\u00e9ducation sp\u00e9ciale. En effet, les lois SPED diff\u00e8rent d&rsquo;un \u00c9tat \u00e0 l&rsquo;autre, les politiques diff\u00e8rent district par district et chaque enfant n\u00e9cessite des am\u00e9nagements diff\u00e9rents en fonction de ses besoins individuels. Alors que les \u00e9coles publiques fournissent aux familles des professeurs d&rsquo;\u00e9ducation sp\u00e9cialis\u00e9e si un \u00e9l\u00e8ve suit leur programme, de nombreux parents souhaiteraient qu&rsquo;il y ait quelqu&rsquo;un de leur c\u00f4t\u00e9 et de celui de leur enfant, et de leur c\u00f4t\u00e9 uniquement, pas quelqu&rsquo;un qui travaille pour le district. Entrez, d\u00e9fenseurs de l\u2019\u00e9ducation sp\u00e9cialis\u00e9e.<\/p>\n<h2 id=\"what-is-a-special-education-advocate\">Qu\u2019est-ce qu\u2019un d\u00e9fenseur de l\u2019\u00e9ducation sp\u00e9cialis\u00e9e ?<\/h2>\n<p>Les parents, les enseignants et les administrateurs sont impliqu\u00e9s dans le plan \u00e9ducatif d&rsquo;un \u00e9l\u00e8ve. Un d\u00e9fenseur est une personne qui travaille ind\u00e9pendamment du district scolaire et aide les familles, qu&rsquo;elles soient d\u00e9j\u00e0 inscrites ou non dans un programme d&rsquo;\u00e9ducation sp\u00e9cialis\u00e9e ou qu&rsquo;elles aient \u00e9t\u00e9 \u00e9valu\u00e9es. Un d\u00e9fenseur de l&rsquo;\u00e9ducation sp\u00e9cialis\u00e9e est une \u00ab personne de soutien pour les parents impliqu\u00e9s dans le processus d&rsquo;\u00e9ducation sp\u00e9cialis\u00e9e \u00bb, explique Paulette Selman, psychologue scolaire et d\u00e9fenseure de l&rsquo;\u00e9ducation sp\u00e9cialis\u00e9e dans l&rsquo;Oregon et l&rsquo;\u00c9tat de Washington. Plus pr\u00e9cis\u00e9ment, \u00ab\u00a0les d\u00e9fenseurs assistent aux r\u00e9unions avec les parents, et ils fournissent \u00e9galement des conseils et un encadrement en coulisses\u2026 chaque fois que vous faites face \u00e0 un groupe d&rsquo;\u00e9ducateurs professionnels autour d&rsquo;une table \u00e0 l&rsquo;\u00e9cole ou lors d&rsquo;une r\u00e9union Zoom, un d\u00e9fenseur peut vous aider.\u00a0\u00bb<\/p>\n<p>Alors que les d\u00e9fenseurs du SPED travaillent souvent sur des programmes d&rsquo;\u00e9ducation individualis\u00e9s (IEP) et des plans 504, \u00ab certains ont une expertise sp\u00e9cialis\u00e9e dans d&rsquo;autres aspects de l&rsquo;\u00e9cole, tels que la dyslexie, les soutiens comportementaux ou la discipline \u00bb, explique Selman. Ils peuvent \u00e9galement aider les familles dans \u00ab\u00a0les diff\u00e9rends concernant l\u2019opportunit\u00e9 de retenir un enfant pour qu\u2019il redouble une ann\u00e9e ou de le promouvoir dans une ann\u00e9e sup\u00e9rieure en raison de ses dons intellectuels\u00a0\u00bb, explique Selman. Les d\u00e9fenseurs travaillent souvent aupr\u00e8s des familles dont les enfants fr\u00e9quentent les \u00e9coles publiques, mais peuvent \u00e9galement consulter les familles dont les enfants fr\u00e9quentent les \u00e9coles priv\u00e9es. <\/p>\n<h2 id=\"when-should-you-hire-a-sped-advocate\">Quand devriez-vous embaucher un d\u00e9fenseur du SPED\u00a0?<\/h2>\n<p>Une famille peut faire appel \u00e0 un d\u00e9fenseur du SPED \u00e0 n\u2019importe quelle \u00e9tape. Julie Skolnick, fondatrice de With Understanding Comes Calm et auteure du prochain <em>Surdou\u00e9 et distrait\u00a0: comprendre, soutenir et d\u00e9fendre votre enfant deux fois exceptionnel<\/em> dit qu&rsquo;elle oriente souvent ses clients vers des d\u00e9fenseurs lorsque les familles \u00ab font partie du syst\u00e8me PEI et que vous avez besoin de quelqu&rsquo;un juste \u00e0 c\u00f4t\u00e9 de vous \u00e0 la table \u00bb parce que \u00ab un d\u00e9fenseur intervient pour conna\u00eetre les nuances sur la fa\u00e7on dont vous pouvez utiliser la loi \u00e0 votre avantage \u00bb. Un d\u00e9fenseur \u00ab s&rsquo;assoit du \u00ab c\u00f4t\u00e9 \u00bb (de la famille) \u00e0 la table lors des r\u00e9unions du PEI. Id\u00e9alement, ils aident toute l\u2019\u00e9quipe \u00e0 travailler ensemble, mais ils sont principalement l\u00e0 pour accro\u00eetre la voix et la participation des parents dans le processus \u00bb, explique Selman. Ils sont destin\u00e9s \u00e0 la famille et \u00e0 l&rsquo;enfant, pas \u00e0 l&rsquo;\u00e9cole.<\/p>\n<p>Vous pouvez \u00e9galement demander \u00e0 un d\u00e9fenseur de vous aider dans le processus d&rsquo;\u00e9valuation \u00ab pour vous assurer que l&rsquo;\u00e9valuation comprend tous les \u00e9l\u00e9ments qu&rsquo;elle devrait inclure \u00bb, explique Selman, comme \u00ab s&rsquo;assurer d&rsquo;\u00e9valuer tous les domaines de besoin suspect\u00e9 ; par exemple, les comp\u00e9tences sociales, la communication, la motricit\u00e9 fine, etc. Ainsi, vous pouvez faire appel \u00e0 un d\u00e9fenseur comme mesure proactive pour vous assurer que le plan de votre enfant est le plus efficace possible, ou comme mesure r\u00e9active lorsque les choses ne se passent pas bien comme elles le sont. Peu importe le moment o\u00f9 un d\u00e9fenseur entre en sc\u00e8ne, \u00ab amener un d\u00e9fenseur \u00e0 une r\u00e9union envoie un message \u00e0 l\u2019\u00e9quipe scolaire et tend \u00e0 produire une r\u00e9ponse plus formelle. Ils envoient g\u00e9n\u00e9ralement des administrateurs au niveau du district \u00e0 des r\u00e9unions avec des d\u00e9fenseurs \u00bb, explique Selman. Si vous souhaitez accorder plus d&rsquo;attention au cas de votre enfant, embaucher un avocat est le moyen d&rsquo;y parvenir. <\/p>\n<h2 id=\"how-do-you-know-someones-a-good-fit\">Comment savoir si quelqu&rsquo;un est un bon candidat ?<\/h2>\n<p>Il n&rsquo;existe pas de certification ou de licence d&rsquo;\u00c9tat ou f\u00e9d\u00e9rale pour la d\u00e9fense de l&rsquo;\u00e9ducation sp\u00e9cialis\u00e9e, et de nombreux types d&rsquo;experts diff\u00e9rents peuvent devenir des d\u00e9fenseurs. Selman, qui a une formation en psychologie scolaire, affirme que certains d\u00e9fenseurs sont \u00ab des parents qui ont suivi le processus d&rsquo;\u00e9ducation sp\u00e9cialis\u00e9e avec leurs enfants et qui souhaitent soutenir d&rsquo;autres familles, ou des personnes issues du monde de l&rsquo;\u00e9ducation, comme d&rsquo;anciens enseignants, psychologues scolaires ou orthophonistes. Vous pouvez \u00e9galement trouver des d\u00e9fenseurs qui ne sont pas des \u00e9ducateurs\u00a0; par exemple, certains cabinets d\u2019avocats qui se concentrent sur les questions d\u2019\u00e9ducation sp\u00e9cialis\u00e9e auront parmi leur personnel des avocats non avocats. Malheureusement, cela signifie que vous devrez peut-\u00eatre faire des recherches pour d\u00e9terminer si quelqu&rsquo;un qui pr\u00e9tend \u00eatre un d\u00e9fenseur est exp\u00e9riment\u00e9 et s&rsquo;il vient du bon secteur pour \u00eatre le plus utile \u00e0 votre enfant.<\/p>\n<p>Lors de l&#8217;embauche d&rsquo;un avocat, Selman conseille de lui parler au t\u00e9l\u00e9phone : \u00ab Demandez-leur depuis combien de temps ils font ce travail, avec combien de clients ils ont travaill\u00e9 et dans quel type de situations ils ont tendance \u00e0 \u00eatre impliqu\u00e9s pour les familles. Demandez-leur pourquoi ils sont qualifi\u00e9s pour vous soutenir et s&rsquo;ils ont aid\u00e9 des familles dans votre situation particuli\u00e8re. Si vous envisagez de d\u00e9poser une plainte aupr\u00e8s du minist\u00e8re de l\u2019\u00c9ducation de l\u2019\u00c9tat, demandez \u00e0 l\u2019avocat s\u2019il a une exp\u00e9rience directe de ce processus. Assurez-vous que la personne que vous choisissez peut vous guider tout au long du processus pour lequel vous avez besoin d&rsquo;aide. <\/p>\n<p>Certains d\u00e9fenseurs sont des b\u00e9n\u00e9voles, mais Selman affirme que les familles devraient s&rsquo;attendre \u00e0 d\u00e9penser environ 75 $ de l&rsquo;heure pour une personne travaillant professionnellement comme d\u00e9fenseur, et plus si elles sont affili\u00e9es \u00e0 des cabinets d&rsquo;avocats. Cela peut repr\u00e9senter une d\u00e9pense prohibitive pour certaines familles, mais Selman affirme que \u00ab embaucher un avocat co\u00fbte beaucoup moins cher que d\u2019embaucher un avocat, et l\u2019avocat peut vous aider \u00e0 \u00e9viter le besoin d\u2019une repr\u00e9sentation juridique en r\u00e9solvant les probl\u00e8mes avant qu\u2019ils ne d\u00e9g\u00e9n\u00e8rent \u00bb. Donc, si vous avez des inqui\u00e9tudes concernant l\u2019\u00e9ducation de votre enfant, le prix en vaut peut-\u00eatre la peine.<\/p>\n","protected":false},"excerpt":{"rendered":"<p>Un d\u00e9fenseur de l&rsquo;\u00e9ducation sp\u00e9cialis\u00e9e est une personne de soutien pour les parents et l&rsquo;enfant impliqu\u00e9s dans le processus d&rsquo;\u00e9ducation sp\u00e9cialis\u00e9e. L&rsquo;\u00e9ducation sp\u00e9ciale peut \u00eatre<\/p>\n","protected":false},"author":1,"featured_media":1224,"comment_status":"","ping_status":"","sticky":false,"template":"","format":"standard","meta":{"footnotes":""},"categories":[37],"tags":[224,259,778,354,1805,734,1804,1806,4],"class_list":["post-1223","post","type-post","status-publish","format-standard","has-post-thumbnail","hentry","category-famille","tag-avoir","tag-besoin","tag-defenseur","tag-dun","tag-leducation","tag-pourquoi","tag-pourriez","tag-specialisee","tag-vous","generate-columns","tablet-grid-50","mobile-grid-100","grid-parent","grid-33"],"yoast_head":"<!-- This site is optimized with the Yoast SEO plugin v24.0 - https:\/\/yoast.com\/wordpress\/plugins\/seo\/ -->\n<title>Pourquoi vous pourriez avoir besoin d&#039;un d\u00e9fenseur de l&#039;\u00e9ducation sp\u00e9cialis\u00e9e | Vie Associative<\/title>\n<meta name=\"robots\" content=\"index, follow, max-snippet:-1, max-image-preview:large, max-video-preview:-1\" \/>\n<link rel=\"canonical\" href=\"https:\/\/vieassociative.be\/actualites\/pourquoi-vous-pourriez-avoir-besoin-dun-defenseur-de-leducation-specialisee\/\" \/>\n<meta property=\"og:locale\" content=\"fr_FR\" \/>\n<meta property=\"og:type\" content=\"article\" \/>\n<meta property=\"og:title\" content=\"Pourquoi vous pourriez avoir besoin d&#039;un d\u00e9fenseur de l&#039;\u00e9ducation sp\u00e9cialis\u00e9e | Vie Associative\" \/>\n<meta property=\"og:description\" content=\"Un d\u00e9fenseur de l&rsquo;\u00e9ducation sp\u00e9cialis\u00e9e est une personne de soutien pour les parents et l&rsquo;enfant impliqu\u00e9s dans le processus d&rsquo;\u00e9ducation sp\u00e9cialis\u00e9e. L&rsquo;\u00e9ducation sp\u00e9ciale peut \u00eatre\" \/>\n<meta property=\"og:url\" content=\"https:\/\/vieassociative.be\/actualites\/pourquoi-vous-pourriez-avoir-besoin-dun-defenseur-de-leducation-specialisee\/\" \/>\n<meta property=\"og:site_name\" content=\"Vie Associative\" \/>\n<meta property=\"article:published_time\" content=\"2024-10-14T17:23:38+00:00\" \/>\n<meta property=\"og:image\" content=\"https:\/\/vieassociative.be\/actualites\/wp-content\/uploads\/2024\/09\/header_backgroundk-01-e1726694325946.png\" \/>\n\t<meta property=\"og:image:width\" content=\"279\" \/>\n\t<meta property=\"og:image:height\" content=\"92\" \/>\n\t<meta property=\"og:image:type\" content=\"image\/png\" \/>\n<meta name=\"author\" content=\"Julien\" \/>\n<meta name=\"twitter:card\" content=\"summary_large_image\" \/>\n<meta name=\"twitter:label1\" content=\"\u00c9crit par\" \/>\n\t<meta name=\"twitter:data1\" content=\"Julien\" \/>\n\t<meta name=\"twitter:label2\" content=\"Dur\u00e9e de lecture est.\" \/>\n\t<meta name=\"twitter:data2\" content=\"6 minutes\" \/>\n<script type=\"application\/ld+json\" class=\"yoast-schema-graph\">{\"@context\":\"https:\/\/schema.org\",\"@graph\":[{\"@type\":\"Article\",\"@id\":\"https:\/\/vieassociative.be\/actualites\/pourquoi-vous-pourriez-avoir-besoin-dun-defenseur-de-leducation-specialisee\/#article\",\"isPartOf\":{\"@id\":\"https:\/\/vieassociative.be\/actualites\/pourquoi-vous-pourriez-avoir-besoin-dun-defenseur-de-leducation-specialisee\/\"},\"author\":{\"name\":\"Julien\",\"@id\":\"https:\/\/vieassociative.be\/actualites\/#\/schema\/person\/b87ac4f82f9d4e7b7cec7395b679edc4\"},\"headline\":\"Pourquoi vous pourriez avoir besoin d&rsquo;un d\u00e9fenseur de l&rsquo;\u00e9ducation sp\u00e9cialis\u00e9e\",\"datePublished\":\"2024-10-14T17:23:38+00:00\",\"dateModified\":\"2024-10-14T17:23:38+00:00\",\"mainEntityOfPage\":{\"@id\":\"https:\/\/vieassociative.be\/actualites\/pourquoi-vous-pourriez-avoir-besoin-dun-defenseur-de-leducation-specialisee\/\"},\"wordCount\":1235,\"publisher\":{\"@id\":\"https:\/\/vieassociative.be\/actualites\/#organization\"},\"image\":{\"@id\":\"https:\/\/vieassociative.be\/actualites\/pourquoi-vous-pourriez-avoir-besoin-dun-defenseur-de-leducation-specialisee\/#primaryimage\"},\"thumbnailUrl\":\"https:\/\/vieassociative.be\/actualites\/wp-content\/uploads\/2024\/10\/Pourquoi-vous-pourriez-avoir-besoin-dun-defenseur-de-leducation-specialisee.jpg\",\"keywords\":[\"avoir\",\"besoin\",\"d\u00e9fenseur\",\"dun\",\"l\u00e9ducation\",\"Pourquoi\",\"pourriez\",\"sp\u00e9cialis\u00e9e\",\"Vous\"],\"articleSection\":[\"Famille\"],\"inLanguage\":\"fr-BE\"},{\"@type\":\"WebPage\",\"@id\":\"https:\/\/vieassociative.be\/actualites\/pourquoi-vous-pourriez-avoir-besoin-dun-defenseur-de-leducation-specialisee\/\",\"url\":\"https:\/\/vieassociative.be\/actualites\/pourquoi-vous-pourriez-avoir-besoin-dun-defenseur-de-leducation-specialisee\/\",\"name\":\"Pourquoi vous pourriez avoir besoin d'un d\u00e9fenseur de l'\u00e9ducation sp\u00e9cialis\u00e9e | Vie Associative\",\"isPartOf\":{\"@id\":\"https:\/\/vieassociative.be\/actualites\/#website\"},\"primaryImageOfPage\":{\"@id\":\"https:\/\/vieassociative.be\/actualites\/pourquoi-vous-pourriez-avoir-besoin-dun-defenseur-de-leducation-specialisee\/#primaryimage\"},\"image\":{\"@id\":\"https:\/\/vieassociative.be\/actualites\/pourquoi-vous-pourriez-avoir-besoin-dun-defenseur-de-leducation-specialisee\/#primaryimage\"},\"thumbnailUrl\":\"https:\/\/vieassociative.be\/actualites\/wp-content\/uploads\/2024\/10\/Pourquoi-vous-pourriez-avoir-besoin-dun-defenseur-de-leducation-specialisee.jpg\",\"datePublished\":\"2024-10-14T17:23:38+00:00\",\"dateModified\":\"2024-10-14T17:23:38+00:00\",\"breadcrumb\":{\"@id\":\"https:\/\/vieassociative.be\/actualites\/pourquoi-vous-pourriez-avoir-besoin-dun-defenseur-de-leducation-specialisee\/#breadcrumb\"},\"inLanguage\":\"fr-BE\",\"potentialAction\":[{\"@type\":\"ReadAction\",\"target\":[\"https:\/\/vieassociative.be\/actualites\/pourquoi-vous-pourriez-avoir-besoin-dun-defenseur-de-leducation-specialisee\/\"]}]},{\"@type\":\"ImageObject\",\"inLanguage\":\"fr-BE\",\"@id\":\"https:\/\/vieassociative.be\/actualites\/pourquoi-vous-pourriez-avoir-besoin-dun-defenseur-de-leducation-specialisee\/#primaryimage\",\"url\":\"https:\/\/vieassociative.be\/actualites\/wp-content\/uploads\/2024\/10\/Pourquoi-vous-pourriez-avoir-besoin-dun-defenseur-de-leducation-specialisee.jpg\",\"contentUrl\":\"https:\/\/vieassociative.be\/actualites\/wp-content\/uploads\/2024\/10\/Pourquoi-vous-pourriez-avoir-besoin-dun-defenseur-de-leducation-specialisee.jpg\",\"width\":1200,\"height\":675,\"caption\":\"Pourquoi vous pourriez avoir besoin d'un d\u00e9fenseur de l'\u00e9ducation sp\u00e9cialis\u00e9e\"},{\"@type\":\"BreadcrumbList\",\"@id\":\"https:\/\/vieassociative.be\/actualites\/pourquoi-vous-pourriez-avoir-besoin-dun-defenseur-de-leducation-specialisee\/#breadcrumb\",\"itemListElement\":[{\"@type\":\"ListItem\",\"position\":1,\"name\":\"Accueil\",\"item\":\"https:\/\/vieassociative.be\/actualites\/\"},{\"@type\":\"ListItem\",\"position\":2,\"name\":\"Pourquoi vous pourriez avoir besoin d&rsquo;un d\u00e9fenseur de l&rsquo;\u00e9ducation sp\u00e9cialis\u00e9e\"}]},{\"@type\":\"WebSite\",\"@id\":\"https:\/\/vieassociative.be\/actualites\/#website\",\"url\":\"https:\/\/vieassociative.be\/actualites\/\",\"name\":\"Vie Associative\",\"description\":\"\",\"publisher\":{\"@id\":\"https:\/\/vieassociative.be\/actualites\/#organization\"},\"potentialAction\":[{\"@type\":\"SearchAction\",\"target\":{\"@type\":\"EntryPoint\",\"urlTemplate\":\"https:\/\/vieassociative.be\/actualites\/?s={search_term_string}\"},\"query-input\":{\"@type\":\"PropertyValueSpecification\",\"valueRequired\":true,\"valueName\":\"search_term_string\"}}],\"inLanguage\":\"fr-BE\"},{\"@type\":\"Organization\",\"@id\":\"https:\/\/vieassociative.be\/actualites\/#organization\",\"name\":\"Vie Associative\",\"url\":\"https:\/\/vieassociative.be\/actualites\/\",\"logo\":{\"@type\":\"ImageObject\",\"inLanguage\":\"fr-BE\",\"@id\":\"https:\/\/vieassociative.be\/actualites\/#\/schema\/logo\/image\/\",\"url\":\"https:\/\/vieassociative.be\/actualites\/wp-content\/uploads\/2024\/09\/cropped-vieassociative_favicon.ico.png\",\"contentUrl\":\"https:\/\/vieassociative.be\/actualites\/wp-content\/uploads\/2024\/09\/cropped-vieassociative_favicon.ico.png\",\"width\":512,\"height\":512,\"caption\":\"Vie Associative\"},\"image\":{\"@id\":\"https:\/\/vieassociative.be\/actualites\/#\/schema\/logo\/image\/\"}},{\"@type\":\"Person\",\"@id\":\"https:\/\/vieassociative.be\/actualites\/#\/schema\/person\/b87ac4f82f9d4e7b7cec7395b679edc4\",\"name\":\"Julien\",\"image\":{\"@type\":\"ImageObject\",\"inLanguage\":\"fr-BE\",\"@id\":\"https:\/\/vieassociative.be\/actualites\/#\/schema\/person\/image\/\",\"url\":\"https:\/\/vieassociative.be\/actualites\/wp-content\/uploads\/2024\/09\/vie-associative-1-150x150.jpg\",\"contentUrl\":\"https:\/\/vieassociative.be\/actualites\/wp-content\/uploads\/2024\/09\/vie-associative-1-150x150.jpg\",\"caption\":\"Julien\"},\"description\":\"Je suis Julien, r\u00e9dacteur pour Vie Associative. Passionn\u00e9 par le monde associatif depuis plus de 10 ans, j'ai \u00e0 c\u0153ur de partager des histoires inspirantes et de mettre en lumi\u00e8re les initiatives locales. Mon objectif est de sensibiliser et d'encourager l'engagement communautaire \u00e0 travers mes articles.\",\"sameAs\":[\"https:\/\/vieassociative.be\/\"]}]}<\/script>\n<!-- \/ Yoast SEO plugin. -->","yoast_head_json":{"title":"Pourquoi vous pourriez avoir besoin d'un d\u00e9fenseur de l'\u00e9ducation sp\u00e9cialis\u00e9e | Vie Associative","robots":{"index":"index","follow":"follow","max-snippet":"max-snippet:-1","max-image-preview":"max-image-preview:large","max-video-preview":"max-video-preview:-1"},"canonical":"https:\/\/vieassociative.be\/actualites\/pourquoi-vous-pourriez-avoir-besoin-dun-defenseur-de-leducation-specialisee\/","og_locale":"fr_FR","og_type":"article","og_title":"Pourquoi vous pourriez avoir besoin d'un d\u00e9fenseur de l'\u00e9ducation sp\u00e9cialis\u00e9e | Vie Associative","og_description":"Un d\u00e9fenseur de l&rsquo;\u00e9ducation sp\u00e9cialis\u00e9e est une personne de soutien pour les parents et l&rsquo;enfant impliqu\u00e9s dans le processus d&rsquo;\u00e9ducation sp\u00e9cialis\u00e9e. L&rsquo;\u00e9ducation sp\u00e9ciale peut \u00eatre","og_url":"https:\/\/vieassociative.be\/actualites\/pourquoi-vous-pourriez-avoir-besoin-dun-defenseur-de-leducation-specialisee\/","og_site_name":"Vie Associative","article_published_time":"2024-10-14T17:23:38+00:00","og_image":[{"width":279,"height":92,"url":"https:\/\/vieassociative.be\/actualites\/wp-content\/uploads\/2024\/09\/header_backgroundk-01-e1726694325946.png","type":"image\/png"}],"author":"Julien","twitter_card":"summary_large_image","twitter_misc":{"\u00c9crit par":"Julien","Dur\u00e9e de lecture est.":"6 minutes"},"schema":{"@context":"https:\/\/schema.org","@graph":[{"@type":"Article","@id":"https:\/\/vieassociative.be\/actualites\/pourquoi-vous-pourriez-avoir-besoin-dun-defenseur-de-leducation-specialisee\/#article","isPartOf":{"@id":"https:\/\/vieassociative.be\/actualites\/pourquoi-vous-pourriez-avoir-besoin-dun-defenseur-de-leducation-specialisee\/"},"author":{"name":"Julien","@id":"https:\/\/vieassociative.be\/actualites\/#\/schema\/person\/b87ac4f82f9d4e7b7cec7395b679edc4"},"headline":"Pourquoi vous pourriez avoir besoin d&rsquo;un d\u00e9fenseur de l&rsquo;\u00e9ducation sp\u00e9cialis\u00e9e","datePublished":"2024-10-14T17:23:38+00:00","dateModified":"2024-10-14T17:23:38+00:00","mainEntityOfPage":{"@id":"https:\/\/vieassociative.be\/actualites\/pourquoi-vous-pourriez-avoir-besoin-dun-defenseur-de-leducation-specialisee\/"},"wordCount":1235,"publisher":{"@id":"https:\/\/vieassociative.be\/actualites\/#organization"},"image":{"@id":"https:\/\/vieassociative.be\/actualites\/pourquoi-vous-pourriez-avoir-besoin-dun-defenseur-de-leducation-specialisee\/#primaryimage"},"thumbnailUrl":"https:\/\/vieassociative.be\/actualites\/wp-content\/uploads\/2024\/10\/Pourquoi-vous-pourriez-avoir-besoin-dun-defenseur-de-leducation-specialisee.jpg","keywords":["avoir","besoin","d\u00e9fenseur","dun","l\u00e9ducation","Pourquoi","pourriez","sp\u00e9cialis\u00e9e","Vous"],"articleSection":["Famille"],"inLanguage":"fr-BE"},{"@type":"WebPage","@id":"https:\/\/vieassociative.be\/actualites\/pourquoi-vous-pourriez-avoir-besoin-dun-defenseur-de-leducation-specialisee\/","url":"https:\/\/vieassociative.be\/actualites\/pourquoi-vous-pourriez-avoir-besoin-dun-defenseur-de-leducation-specialisee\/","name":"Pourquoi vous pourriez avoir besoin d'un d\u00e9fenseur de l'\u00e9ducation sp\u00e9cialis\u00e9e | Vie Associative","isPartOf":{"@id":"https:\/\/vieassociative.be\/actualites\/#website"},"primaryImageOfPage":{"@id":"https:\/\/vieassociative.be\/actualites\/pourquoi-vous-pourriez-avoir-besoin-dun-defenseur-de-leducation-specialisee\/#primaryimage"},"image":{"@id":"https:\/\/vieassociative.be\/actualites\/pourquoi-vous-pourriez-avoir-besoin-dun-defenseur-de-leducation-specialisee\/#primaryimage"},"thumbnailUrl":"https:\/\/vieassociative.be\/actualites\/wp-content\/uploads\/2024\/10\/Pourquoi-vous-pourriez-avoir-besoin-dun-defenseur-de-leducation-specialisee.jpg","datePublished":"2024-10-14T17:23:38+00:00","dateModified":"2024-10-14T17:23:38+00:00","breadcrumb":{"@id":"https:\/\/vieassociative.be\/actualites\/pourquoi-vous-pourriez-avoir-besoin-dun-defenseur-de-leducation-specialisee\/#breadcrumb"},"inLanguage":"fr-BE","potentialAction":[{"@type":"ReadAction","target":["https:\/\/vieassociative.be\/actualites\/pourquoi-vous-pourriez-avoir-besoin-dun-defenseur-de-leducation-specialisee\/"]}]},{"@type":"ImageObject","inLanguage":"fr-BE","@id":"https:\/\/vieassociative.be\/actualites\/pourquoi-vous-pourriez-avoir-besoin-dun-defenseur-de-leducation-specialisee\/#primaryimage","url":"https:\/\/vieassociative.be\/actualites\/wp-content\/uploads\/2024\/10\/Pourquoi-vous-pourriez-avoir-besoin-dun-defenseur-de-leducation-specialisee.jpg","contentUrl":"https:\/\/vieassociative.be\/actualites\/wp-content\/uploads\/2024\/10\/Pourquoi-vous-pourriez-avoir-besoin-dun-defenseur-de-leducation-specialisee.jpg","width":1200,"height":675,"caption":"Pourquoi vous pourriez avoir besoin d'un d\u00e9fenseur de l'\u00e9ducation sp\u00e9cialis\u00e9e"},{"@type":"BreadcrumbList","@id":"https:\/\/vieassociative.be\/actualites\/pourquoi-vous-pourriez-avoir-besoin-dun-defenseur-de-leducation-specialisee\/#breadcrumb","itemListElement":[{"@type":"ListItem","position":1,"name":"Accueil","item":"https:\/\/vieassociative.be\/actualites\/"},{"@type":"ListItem","position":2,"name":"Pourquoi vous pourriez avoir besoin d&rsquo;un d\u00e9fenseur de l&rsquo;\u00e9ducation sp\u00e9cialis\u00e9e"}]},{"@type":"WebSite","@id":"https:\/\/vieassociative.be\/actualites\/#website","url":"https:\/\/vieassociative.be\/actualites\/","name":"Vie Associative","description":"","publisher":{"@id":"https:\/\/vieassociative.be\/actualites\/#organization"},"potentialAction":[{"@type":"SearchAction","target":{"@type":"EntryPoint","urlTemplate":"https:\/\/vieassociative.be\/actualites\/?s={search_term_string}"},"query-input":{"@type":"PropertyValueSpecification","valueRequired":true,"valueName":"search_term_string"}}],"inLanguage":"fr-BE"},{"@type":"Organization","@id":"https:\/\/vieassociative.be\/actualites\/#organization","name":"Vie Associative","url":"https:\/\/vieassociative.be\/actualites\/","logo":{"@type":"ImageObject","inLanguage":"fr-BE","@id":"https:\/\/vieassociative.be\/actualites\/#\/schema\/logo\/image\/","url":"https:\/\/vieassociative.be\/actualites\/wp-content\/uploads\/2024\/09\/cropped-vieassociative_favicon.ico.png","contentUrl":"https:\/\/vieassociative.be\/actualites\/wp-content\/uploads\/2024\/09\/cropped-vieassociative_favicon.ico.png","width":512,"height":512,"caption":"Vie Associative"},"image":{"@id":"https:\/\/vieassociative.be\/actualites\/#\/schema\/logo\/image\/"}},{"@type":"Person","@id":"https:\/\/vieassociative.be\/actualites\/#\/schema\/person\/b87ac4f82f9d4e7b7cec7395b679edc4","name":"Julien","image":{"@type":"ImageObject","inLanguage":"fr-BE","@id":"https:\/\/vieassociative.be\/actualites\/#\/schema\/person\/image\/","url":"https:\/\/vieassociative.be\/actualites\/wp-content\/uploads\/2024\/09\/vie-associative-1-150x150.jpg","contentUrl":"https:\/\/vieassociative.be\/actualites\/wp-content\/uploads\/2024\/09\/vie-associative-1-150x150.jpg","caption":"Julien"},"description":"Je suis Julien, r\u00e9dacteur pour Vie Associative. Passionn\u00e9 par le monde associatif depuis plus de 10 ans, j'ai \u00e0 c\u0153ur de partager des histoires inspirantes et de mettre en lumi\u00e8re les initiatives locales. Mon objectif est de sensibiliser et d'encourager l'engagement communautaire \u00e0 travers mes articles.","sameAs":["https:\/\/vieassociative.be\/"]}]}},"_links":{"self":[{"href":"https:\/\/vieassociative.be\/actualites\/wp-json\/wp\/v2\/posts\/1223"}],"collection":[{"href":"https:\/\/vieassociative.be\/actualites\/wp-json\/wp\/v2\/posts"}],"about":[{"href":"https:\/\/vieassociative.be\/actualites\/wp-json\/wp\/v2\/types\/post"}],"author":[{"embeddable":true,"href":"https:\/\/vieassociative.be\/actualites\/wp-json\/wp\/v2\/users\/1"}],"replies":[{"embeddable":true,"href":"https:\/\/vieassociative.be\/actualites\/wp-json\/wp\/v2\/comments?post=1223"}],"version-history":[{"count":0,"href":"https:\/\/vieassociative.be\/actualites\/wp-json\/wp\/v2\/posts\/1223\/revisions"}],"wp:featuredmedia":[{"embeddable":true,"href":"https:\/\/vieassociative.be\/actualites\/wp-json\/wp\/v2\/media\/1224"}],"wp:attachment":[{"href":"https:\/\/vieassociative.be\/actualites\/wp-json\/wp\/v2\/media?parent=1223"}],"wp:term":[{"taxonomy":"category","embeddable":true,"href":"https:\/\/vieassociative.be\/actualites\/wp-json\/wp\/v2\/categories?post=1223"},{"taxonomy":"post_tag","embeddable":true,"href":"https:\/\/vieassociative.be\/actualites\/wp-json\/wp\/v2\/tags?post=1223"}],"curies":[{"name":"wp","href":"https:\/\/api.w.org\/{rel}","templated":true}]}}