{"id":12229,"date":"2026-01-16T13:17:21","date_gmt":"2026-01-16T12:17:21","guid":{"rendered":"https:\/\/vieassociative.be\/actualites\/kiev-est-glaciale-coupures-de-courant-temperatures-a-deux-chiffres-en-dessous-de-zero-lhiver-le-plus-rigoureux-depuis-le-debut-de-la-guerre-en-ukraine\/"},"modified":"2026-01-16T13:17:21","modified_gmt":"2026-01-16T12:17:21","slug":"kiev-est-glaciale-coupures-de-courant-temperatures-a-deux-chiffres-en-dessous-de-zero-lhiver-le-plus-rigoureux-depuis-le-debut-de-la-guerre-en-ukraine","status":"publish","type":"post","link":"https:\/\/vieassociative.be\/actualites\/kiev-est-glaciale-coupures-de-courant-temperatures-a-deux-chiffres-en-dessous-de-zero-lhiver-le-plus-rigoureux-depuis-le-debut-de-la-guerre-en-ukraine\/","title":{"rendered":"Kiev est glaciale : coupures de courant, temp\u00e9ratures \u00e0 deux chiffres en dessous de z\u00e9ro &#8211; l&rsquo;hiver le plus rigoureux depuis le d\u00e9but de la guerre en Ukraine"},"content":{"rendered":"<p><strong>Peu avant le d\u00e9but de la cinqui\u00e8me ann\u00e9e de guerre, l\u2019Ukraine conna\u00eet le pire hiver depuis l\u2019invasion russe. En raison des attaques russes massives contre les syst\u00e8mes \u00e9nerg\u00e9tiques avec des drones et des missiles, des centaines de milliers de personnes n&rsquo;ont ni \u00e9lectricit\u00e9 ni chauffage, malgr\u00e9 les chutes de neige, le gel et des temp\u00e9ratures nocturnes pouvant atteindre moins 20 degr\u00e9s.<\/strong><\/p>\n<p><span id=\"more-433899\"><\/span>Les grandes villes de Kharkiv, Dnipro, Kryvy Rih et Odessa sont touch\u00e9es. Cependant, la situation est actuellement pire dans la capitale Kiev. Cette ville de trois millions d\u2019habitants risque de se diriger vers une catastrophe humanitaire si de nouvelles attaques russes se produisent.<\/p>\n<p>Dans le centre de Kiev, des gens envelopp\u00e9s dans d&rsquo;\u00e9pais masques marchent prudemment sur les trottoirs, d\u00e9neig\u00e9s et en partie glac\u00e9s, pendant la journ\u00e9e par moins 12 degr\u00e9s. Des g\u00e9n\u00e9rateurs de secours vibrent devant les magasins. Par exemple, l\u2019un des kiosques \u00e0 caf\u00e9 du b\u00e2timent des gardes-fronti\u00e8res est sombre et sans la file d\u2019attente habituelle \u00e0 l\u2019heure du d\u00e9jeuner. \u00ab\u00a0Nous ne pouvons pas faire de caf\u00e9. Nous ne pouvons vendre que des produits de boulangerie\u00a0\u00bb, regrette la jeune vendeuse.<\/p>\n<div id=\"attachment_433904\" class=\"wp-caption alignleft\" style=\"max-width: 300px\"><img fetchpriority=\"high\" decoding=\"async\" class=\"wp-image-433904 size-medium\" src=\"https:\/\/vieassociative.be\/actualites\/wp-content\/uploads\/2026\/01\/Kiev-est-glaciale-coupures-de-courant-temperatures-a-deux.jpg\" alt=\"\" width=\"300\" height=\"200\"><\/div>\n<p>Dans la cour voisine, un caf\u00e9 a encore l&rsquo;\u00e9lectricit\u00e9 et vend des boissons chaudes. Plusieurs clients se pressent \u00e0 la caisse. Les chiffres rouges sur l&rsquo;affichage num\u00e9rique pr\u00e8s du plafond oscillent de mani\u00e8re extravagante entre 190 et 250 volts. Mais un peu plus tard, le courant a \u00e9t\u00e9 coup\u00e9 ici aussi. Cela fait des jours que la vie quotidienne \u00e0 Kiev est triste \u2013 mais pas seulement dans la capitale.<\/p>\n<p><strong>\u2013 Les coupures de courant au quotidien :<\/strong> Depuis l&rsquo;automne, des coupures de courant horaires sont \u00e0 nouveau annonc\u00e9es. \u00c0 cette \u00e9poque, l\u2019arm\u00e9e russe a repris ses attaques syst\u00e9matiques contre les sous-stations, les centrales \u00e9lectriques et les centrales thermiques. Moscou veut briser l\u2019esprit combatif et l\u2019endurance des Ukrainiens. La situation \u00e0 Kiev est devenue extr\u00eame apr\u00e8s les impacts d\u00e9vastateurs des missiles balistiques et des drones \u00e0 la fin de la semaine derni\u00e8re.<\/p>\n<p>Les quartiers de la rive est de la ville ont \u00e9t\u00e9 priv\u00e9s d\u2019\u00e9lectricit\u00e9 pendant plusieurs jours. Pr\u00e8s de 6 000 immeubles d&rsquo;habitation, soit plusieurs centaines de milliers d&rsquo;habitants, \u00e9taient priv\u00e9s de chauffage. Mardi, de nouvelles frappes de missiles russes ont \u00e9galement aggrav\u00e9 la situation dans l&rsquo;ouest de Kiev. Depuis, les arr\u00eats d\u2019urgence sont devenus monnaie courante dans toute la m\u00e9tropole.<\/p>\n<p>Les transports publics locaux, qui d\u00e9pendent de l&rsquo;\u00e9lectricit\u00e9, sont \u00e0 l&rsquo;arr\u00eat et planifier la lessive ou la pr\u00e9paration de la nourriture n&rsquo;est plus possible pour de nombreuses personnes \u00e0 Kiev. Les ascenseurs qui ne fonctionnent pas dans les nombreux immeubles de grande hauteur de cette ville qui compte des millions d&rsquo;habitants repr\u00e9sentent un obstacle insurmontable, en particulier pour les personnes \u00e2g\u00e9es et handicap\u00e9es.<\/p>\n<p><strong>\u2013 Les habitants de Kyiv chauffent des briques sur des cuisini\u00e8res \u00e0 gaz\u00a0:<\/strong> Le maire de Kiev, Vitali Klitschko, a assur\u00e9 que les employ\u00e9s des soci\u00e9t\u00e9s \u00e9nerg\u00e9tiques travaillaient 24 heures sur 24 pour r\u00e9parer les d\u00e9g\u00e2ts. \u00ab\u00a0Malheureusement, Kiev vit actuellement avec des coupures d&rsquo;\u00e9lectricit\u00e9 d&rsquo;urgence\u00a0\u00bb, admet-il. Environ 300 immeubles d\u2019habitation sont encore totalement priv\u00e9s de chauffage.<\/p>\n<div id=\"attachment_433906\" class=\"wp-caption alignleft\" style=\"max-width: 300px\"><img decoding=\"async\" class=\"wp-image-433906 size-medium\" src=\"https:\/\/vieassociative.be\/actualites\/wp-content\/uploads\/2026\/01\/1768565841_911_Kiev-est-glaciale-coupures-de-courant-temperatures-a-deux.jpg\" alt=\"\" width=\"300\" height=\"200\"><\/div>\n<p>Mais m\u00eame une restauration formelle du chauffage urbain ne garantit pas un appartement chaleureux : de nombreux habitants de Kiev se plaignent de radiateurs ti\u00e8des et de temp\u00e9ratures parfois \u00e0 un chiffre dans leurs appartements. Les citadins \u00e9quip\u00e9s de cuisini\u00e8res \u00e0 gaz utilisent parfois les flammes pour r\u00e9chauffer les briques et les utilisent \u00e9galement envelopp\u00e9es dans des serviettes comme source de chaleur dans leur lit.<\/p>\n<p>De nombreux habitants de Kiev partagent leur quotidien et s&rsquo;encouragent sur les r\u00e9seaux sociaux. \u00ab\u00a0Nous sommes aux \u00eeles Canaries. Nous sommes aux Maldives\u00a0\u00bb, plaisante Taras Nesterenko, portant un chapeau et un pull \u00e9pais sous une couverture, sur TikTok. \u00ab\u00a0L&rsquo;ascenseur ne fonctionne pas.\u00a0\u00bb Il fait 13 degr\u00e9s dans l\u2019appartement et il n\u2019y a pas d\u2019\u00e9lectricit\u00e9 depuis plus de dix heures. \u00abJe veux allumer la machine \u00e0 laver\u00bb, dit sa femme, partageant son souhait le plus fervent.<\/p>\n<p><strong>\u2013 \u00ab\u00a0Points d\u2019indomptabilit\u00e9\u00a0\u00bb\u00a0:<\/strong> Contrairement \u00e0 la r\u00e9cente panne de courant dans certaines parties de Berlin, les Ukrainiens ne sont pas totalement pr\u00e9par\u00e9s \u00e0 cette situation. D\u00e8s le premier hiver de la guerre (2022\/2023), les Russes ont lanc\u00e9 des attaques massives contre l\u2019alimentation \u00e9lectrique et des coupures de courant r\u00e9p\u00e9t\u00e9es pendant des heures. De nombreux Ukrainiens, en particulier les Ukrainiens riches, achetaient d\u00e9j\u00e0 \u00e0 l\u2019\u00e9poque des g\u00e9n\u00e9rateurs, des bornes de recharge, des batteries, des bougies et des r\u00e9chauds de camping. Les op\u00e9rateurs de t\u00e9l\u00e9phonie mobile doivent assurer la fonctionnalit\u00e9 de leur r\u00e9seau pendant au moins dix heures, m\u00eame sans alimentation externe.<\/p>\n<p>L\u2019\u00c9tat a mis en place des \u00ab points d\u2019indomptable \u00bb dans les \u00e9coles et les autorit\u00e9s, dont certains permettent aux gens de recharger leurs t\u00e9l\u00e9phones portables et autres appareils, d\u2019acc\u00e9der \u00e0 Internet ou de se r\u00e9chauffer avec une tasse de th\u00e9 24 heures sur 24.<\/p>\n<p>Selon les autorit\u00e9s, plus de 1\u00a0200 postes de ce type ont \u00e9t\u00e9 cr\u00e9\u00e9s rien qu\u2019\u00e0 Kiev. \u00ab\u00a0Nous avons un groupe \u00e9lectrog\u00e8ne, un po\u00eale \u00e0 canon, du bois. Il y a du th\u00e9 et des couvertures chaudes. Nous avons tout ce dont nous avons besoin\u00a0\u00bb, a d\u00e9clar\u00e9 Viktoria Telehyna, directrice du lyc\u00e9e n\u00b0100 du district de Podil, \u00e0 la radio de la ville de Kiev. L&rsquo;\u00e9cole est ouverte 24 heures sur 24 pour s&rsquo;\u00e9chauffer.<\/p>\n<p><strong>\u2013 Assouplissement du couvre-feu nocturne :<\/strong> Le Premier ministre Ioulia Swyrydenko a ordonn\u00e9 des vacances jusqu&rsquo;au 1er f\u00e9vrier pour les \u00e9tudiants de la ville. En raison des circonstances d\u00e9favorables, les r\u00e8gles relatives au couvre-feu nocturne li\u00e9 \u00e0 la guerre ont \u00e9galement \u00e9t\u00e9 assouplies. D\u00e9sormais, il est permis non seulement de se rendre dans des abris lors de raids a\u00e9riens, mais \u00e9galement de passer toute la nuit dans l&rsquo;un des points d&rsquo;\u00e9chauffement.<\/p>\n<div id=\"attachment_433905\" class=\"wp-caption alignleft\" style=\"max-width: 300px\"><img decoding=\"async\" class=\"wp-image-433905 size-medium\" src=\"https:\/\/vieassociative.be\/actualites\/wp-content\/uploads\/2026\/01\/1768565841_158_Kiev-est-glaciale-coupures-de-courant-temperatures-a-deux.jpg\" alt=\"\" width=\"300\" height=\"200\"><\/div>\n<p>En outre, 45 tentes chauffantes de la protection civile sont actuellement install\u00e9es 24 heures sur 24 dans les quartiers de la ville particuli\u00e8rement touch\u00e9s par les pannes de chauffage et les coupures d&rsquo;\u00e9lectricit\u00e9. \u00ab\u00a0Ce n&rsquo;est que pendant les raids a\u00e9riens que nous arr\u00eatons notre travail et demandons aux gens de se rendre dans l&rsquo;un des abris \u00e0 proximit\u00e9\u00a0\u00bb, a d\u00e9clar\u00e9 Pavlo Petrov, porte-parole de la D\u00e9fense civile de Kiev, \u00e0 la t\u00e9l\u00e9vision municipale. Selon certaines informations, les personnes \u00e2g\u00e9es dont la libert\u00e9 de mouvement est restreinte re\u00e7oivent des repas chauds du service social de l&rsquo;\u00c9tat.<\/p>\n<p><strong>\u2013 Kyiv \u00e9tait-elle insuffisamment pr\u00e9par\u00e9e ?<\/strong> Compte tenu de la situation dramatique dans la capitale, le maire Klitschko fait \u00e9galement face aux critiques du pr\u00e9sident Volodymyr Zelensky. \u00ab\u00a0La situation \u00e0 Kiev est particuli\u00e8rement difficile. Le gouvernement de la ville a perdu du temps et maintenant ce qui n&rsquo;a pas \u00e9t\u00e9 fait au niveau de la ville est en train d&rsquo;\u00eatre corrig\u00e9 au niveau gouvernemental\u00a0\u00bb, a r\u00e9cemment d\u00e9clar\u00e9 le chef de l&rsquo;Etat.<\/p>\n<p>L\u2019intervention du gouvernement \u00e0 Kiev a \u00e9galement signal\u00e9 la r\u00e9surgence d\u2019un vieux conflit politique : Zelensky et Klitschko \u00e9taient concurrents lors de l\u2019\u00e9lection pr\u00e9sidentielle de 2019. Malgr\u00e9 la paix entre les ch\u00e2teaux en raison de la guerre d&rsquo;agression russe, il y a toujours des railleries entre les deux.<\/p>\n<p>Le maire rejette les all\u00e9gations actuelles de Zelenskyj et parle de manipulation et de \u00ab contrev\u00e9rit\u00e9s \u00e9videntes \u00bb. Il n\u2019y a pas d\u2019esprit constructif, seulement de la \u00ab haine \u00bb, s\u2019est-il plaint.<\/p>\n<p><strong>\u2013 L\u2019Ukraine fait face \u00e0 de longues semaines jusqu\u2019au printemps :<\/strong> La prochaine attaque russe contre les infrastructures ukrainiennes ne se fera probablement pas attendre. Les progr\u00e8s r\u00e9alis\u00e9s jusqu\u2019\u00e0 pr\u00e9sent en mati\u00e8re de r\u00e9paration pourraient rapidement \u00eatre an\u00e9antis. Klitschko met en garde les citoyens : \u00ab D\u2019apr\u00e8s les pr\u00e9visions, le gel durera encore trois bonnes semaines. \u00bb Il est peu probable que Kyiv sorte de la situation de crise actuelle avant le printemps. (dpa)<\/p>\n","protected":false},"excerpt":{"rendered":"<p>Peu avant le d\u00e9but de la cinqui\u00e8me ann\u00e9e de guerre, l\u2019Ukraine conna\u00eet le pire hiver depuis l\u2019invasion russe. En raison des attaques russes massives contre<\/p>\n","protected":false},"author":1,"featured_media":12230,"comment_status":"","ping_status":"","sticky":false,"template":"","format":"standard","meta":{"footnotes":""},"categories":[298],"tags":[6308,3924,1332,359,1824,8978,114,76,9782,2637,6917,3052,9783,4314,3071,628],"class_list":["post-12229","post","type-post","status-publish","format-standard","has-post-thumbnail","hentry","category-belgique","tag-chiffres","tag-coupures","tag-courant","tag-debut","tag-depuis","tag-dessous","tag-deux","tag-est","tag-glaciale","tag-guerre","tag-kiev","tag-lhiver","tag-rigoureux","tag-temperatures","tag-ukraine","tag-zero","generate-columns","tablet-grid-50","mobile-grid-100","grid-parent","grid-33"],"yoast_head":"<!-- This site is optimized with the Yoast SEO plugin v24.0 - https:\/\/yoast.com\/wordpress\/plugins\/seo\/ -->\n<title>Kiev est glaciale : coupures de courant, temp\u00e9ratures \u00e0 deux chiffres en dessous de z\u00e9ro - l&#039;hiver le plus rigoureux depuis le d\u00e9but de la guerre en Ukraine | Vie Associative<\/title>\n<meta name=\"robots\" content=\"index, follow, max-snippet:-1, max-image-preview:large, max-video-preview:-1\" \/>\n<link rel=\"canonical\" href=\"https:\/\/vieassociative.be\/actualites\/kiev-est-glaciale-coupures-de-courant-temperatures-a-deux-chiffres-en-dessous-de-zero-lhiver-le-plus-rigoureux-depuis-le-debut-de-la-guerre-en-ukraine\/\" \/>\n<meta property=\"og:locale\" content=\"fr_FR\" \/>\n<meta property=\"og:type\" content=\"article\" \/>\n<meta property=\"og:title\" content=\"Kiev est glaciale : coupures de courant, temp\u00e9ratures \u00e0 deux chiffres en dessous de z\u00e9ro - l&#039;hiver le plus rigoureux depuis le d\u00e9but de la guerre en Ukraine | Vie Associative\" \/>\n<meta property=\"og:description\" content=\"Peu avant le d\u00e9but de la cinqui\u00e8me ann\u00e9e de guerre, l\u2019Ukraine conna\u00eet le pire hiver depuis l\u2019invasion russe. En raison des attaques russes massives contre\" \/>\n<meta property=\"og:url\" content=\"https:\/\/vieassociative.be\/actualites\/kiev-est-glaciale-coupures-de-courant-temperatures-a-deux-chiffres-en-dessous-de-zero-lhiver-le-plus-rigoureux-depuis-le-debut-de-la-guerre-en-ukraine\/\" \/>\n<meta property=\"og:site_name\" content=\"Vie Associative\" \/>\n<meta property=\"article:published_time\" content=\"2026-01-16T12:17:21+00:00\" \/>\n<meta property=\"og:image\" content=\"https:\/\/vieassociative.be\/actualites\/wp-content\/uploads\/2024\/09\/header_backgroundk-01-e1726694325946.png\" \/>\n\t<meta property=\"og:image:width\" content=\"279\" \/>\n\t<meta property=\"og:image:height\" content=\"92\" \/>\n\t<meta property=\"og:image:type\" content=\"image\/png\" \/>\n<meta name=\"author\" content=\"Julien\" \/>\n<meta name=\"twitter:card\" content=\"summary_large_image\" \/>\n<meta name=\"twitter:label1\" content=\"\u00c9crit par\" \/>\n\t<meta name=\"twitter:data1\" content=\"Julien\" \/>\n\t<meta name=\"twitter:label2\" content=\"Dur\u00e9e de lecture est.\" \/>\n\t<meta name=\"twitter:data2\" content=\"7 minutes\" \/>\n<script type=\"application\/ld+json\" class=\"yoast-schema-graph\">{\"@context\":\"https:\/\/schema.org\",\"@graph\":[{\"@type\":\"Article\",\"@id\":\"https:\/\/vieassociative.be\/actualites\/kiev-est-glaciale-coupures-de-courant-temperatures-a-deux-chiffres-en-dessous-de-zero-lhiver-le-plus-rigoureux-depuis-le-debut-de-la-guerre-en-ukraine\/#article\",\"isPartOf\":{\"@id\":\"https:\/\/vieassociative.be\/actualites\/kiev-est-glaciale-coupures-de-courant-temperatures-a-deux-chiffres-en-dessous-de-zero-lhiver-le-plus-rigoureux-depuis-le-debut-de-la-guerre-en-ukraine\/\"},\"author\":{\"name\":\"Julien\",\"@id\":\"https:\/\/vieassociative.be\/actualites\/#\/schema\/person\/b87ac4f82f9d4e7b7cec7395b679edc4\"},\"headline\":\"Kiev est glaciale : coupures de courant, temp\u00e9ratures \u00e0 deux chiffres en dessous de z\u00e9ro &#8211; l&rsquo;hiver le plus rigoureux depuis le d\u00e9but de la guerre en Ukraine\",\"datePublished\":\"2026-01-16T12:17:21+00:00\",\"dateModified\":\"2026-01-16T12:17:21+00:00\",\"mainEntityOfPage\":{\"@id\":\"https:\/\/vieassociative.be\/actualites\/kiev-est-glaciale-coupures-de-courant-temperatures-a-deux-chiffres-en-dessous-de-zero-lhiver-le-plus-rigoureux-depuis-le-debut-de-la-guerre-en-ukraine\/\"},\"wordCount\":1397,\"publisher\":{\"@id\":\"https:\/\/vieassociative.be\/actualites\/#organization\"},\"image\":{\"@id\":\"https:\/\/vieassociative.be\/actualites\/kiev-est-glaciale-coupures-de-courant-temperatures-a-deux-chiffres-en-dessous-de-zero-lhiver-le-plus-rigoureux-depuis-le-debut-de-la-guerre-en-ukraine\/#primaryimage\"},\"thumbnailUrl\":\"https:\/\/vieassociative.be\/actualites\/wp-content\/uploads\/2026\/01\/1768565841_Kiev-est-glaciale-coupures-de-courant-temperatures-a-deux.jpg\",\"keywords\":[\"chiffres\",\"coupures\",\"courant\",\"D\u00e9but\",\"depuis\",\"dessous\",\"deux\",\"est\",\"glaciale\",\"guerre\",\"Kiev\",\"lhiver\",\"rigoureux\",\"temp\u00e9ratures\",\"Ukraine\",\"z\u00e9ro\"],\"articleSection\":[\"Belgique\"],\"inLanguage\":\"fr-BE\"},{\"@type\":\"WebPage\",\"@id\":\"https:\/\/vieassociative.be\/actualites\/kiev-est-glaciale-coupures-de-courant-temperatures-a-deux-chiffres-en-dessous-de-zero-lhiver-le-plus-rigoureux-depuis-le-debut-de-la-guerre-en-ukraine\/\",\"url\":\"https:\/\/vieassociative.be\/actualites\/kiev-est-glaciale-coupures-de-courant-temperatures-a-deux-chiffres-en-dessous-de-zero-lhiver-le-plus-rigoureux-depuis-le-debut-de-la-guerre-en-ukraine\/\",\"name\":\"Kiev est glaciale : coupures de courant, temp\u00e9ratures \u00e0 deux chiffres en dessous de z\u00e9ro - l'hiver le plus rigoureux depuis le d\u00e9but de la guerre en Ukraine | Vie Associative\",\"isPartOf\":{\"@id\":\"https:\/\/vieassociative.be\/actualites\/#website\"},\"primaryImageOfPage\":{\"@id\":\"https:\/\/vieassociative.be\/actualites\/kiev-est-glaciale-coupures-de-courant-temperatures-a-deux-chiffres-en-dessous-de-zero-lhiver-le-plus-rigoureux-depuis-le-debut-de-la-guerre-en-ukraine\/#primaryimage\"},\"image\":{\"@id\":\"https:\/\/vieassociative.be\/actualites\/kiev-est-glaciale-coupures-de-courant-temperatures-a-deux-chiffres-en-dessous-de-zero-lhiver-le-plus-rigoureux-depuis-le-debut-de-la-guerre-en-ukraine\/#primaryimage\"},\"thumbnailUrl\":\"https:\/\/vieassociative.be\/actualites\/wp-content\/uploads\/2026\/01\/1768565841_Kiev-est-glaciale-coupures-de-courant-temperatures-a-deux.jpg\",\"datePublished\":\"2026-01-16T12:17:21+00:00\",\"dateModified\":\"2026-01-16T12:17:21+00:00\",\"breadcrumb\":{\"@id\":\"https:\/\/vieassociative.be\/actualites\/kiev-est-glaciale-coupures-de-courant-temperatures-a-deux-chiffres-en-dessous-de-zero-lhiver-le-plus-rigoureux-depuis-le-debut-de-la-guerre-en-ukraine\/#breadcrumb\"},\"inLanguage\":\"fr-BE\",\"potentialAction\":[{\"@type\":\"ReadAction\",\"target\":[\"https:\/\/vieassociative.be\/actualites\/kiev-est-glaciale-coupures-de-courant-temperatures-a-deux-chiffres-en-dessous-de-zero-lhiver-le-plus-rigoureux-depuis-le-debut-de-la-guerre-en-ukraine\/\"]}]},{\"@type\":\"ImageObject\",\"inLanguage\":\"fr-BE\",\"@id\":\"https:\/\/vieassociative.be\/actualites\/kiev-est-glaciale-coupures-de-courant-temperatures-a-deux-chiffres-en-dessous-de-zero-lhiver-le-plus-rigoureux-depuis-le-debut-de-la-guerre-en-ukraine\/#primaryimage\",\"url\":\"https:\/\/vieassociative.be\/actualites\/wp-content\/uploads\/2026\/01\/1768565841_Kiev-est-glaciale-coupures-de-courant-temperatures-a-deux.jpg\",\"contentUrl\":\"https:\/\/vieassociative.be\/actualites\/wp-content\/uploads\/2026\/01\/1768565841_Kiev-est-glaciale-coupures-de-courant-temperatures-a-deux.jpg\",\"width\":1200,\"height\":800,\"caption\":\"Kiev est glaciale : coupures de courant, temp\u00e9ratures \u00e0 deux chiffres en dessous de z\u00e9ro - l'hiver le plus rigoureux depuis le d\u00e9but de la guerre en Ukraine\"},{\"@type\":\"BreadcrumbList\",\"@id\":\"https:\/\/vieassociative.be\/actualites\/kiev-est-glaciale-coupures-de-courant-temperatures-a-deux-chiffres-en-dessous-de-zero-lhiver-le-plus-rigoureux-depuis-le-debut-de-la-guerre-en-ukraine\/#breadcrumb\",\"itemListElement\":[{\"@type\":\"ListItem\",\"position\":1,\"name\":\"Accueil\",\"item\":\"https:\/\/vieassociative.be\/actualites\/\"},{\"@type\":\"ListItem\",\"position\":2,\"name\":\"Kiev est glaciale : coupures de courant, temp\u00e9ratures \u00e0 deux chiffres en dessous de z\u00e9ro &#8211; l&rsquo;hiver le plus rigoureux depuis le d\u00e9but de la guerre en Ukraine\"}]},{\"@type\":\"WebSite\",\"@id\":\"https:\/\/vieassociative.be\/actualites\/#website\",\"url\":\"https:\/\/vieassociative.be\/actualites\/\",\"name\":\"Vie Associative\",\"description\":\"\",\"publisher\":{\"@id\":\"https:\/\/vieassociative.be\/actualites\/#organization\"},\"potentialAction\":[{\"@type\":\"SearchAction\",\"target\":{\"@type\":\"EntryPoint\",\"urlTemplate\":\"https:\/\/vieassociative.be\/actualites\/?s={search_term_string}\"},\"query-input\":{\"@type\":\"PropertyValueSpecification\",\"valueRequired\":true,\"valueName\":\"search_term_string\"}}],\"inLanguage\":\"fr-BE\"},{\"@type\":\"Organization\",\"@id\":\"https:\/\/vieassociative.be\/actualites\/#organization\",\"name\":\"Vie Associative\",\"url\":\"https:\/\/vieassociative.be\/actualites\/\",\"logo\":{\"@type\":\"ImageObject\",\"inLanguage\":\"fr-BE\",\"@id\":\"https:\/\/vieassociative.be\/actualites\/#\/schema\/logo\/image\/\",\"url\":\"https:\/\/vieassociative.be\/actualites\/wp-content\/uploads\/2024\/09\/cropped-vieassociative_favicon.ico.png\",\"contentUrl\":\"https:\/\/vieassociative.be\/actualites\/wp-content\/uploads\/2024\/09\/cropped-vieassociative_favicon.ico.png\",\"width\":512,\"height\":512,\"caption\":\"Vie Associative\"},\"image\":{\"@id\":\"https:\/\/vieassociative.be\/actualites\/#\/schema\/logo\/image\/\"}},{\"@type\":\"Person\",\"@id\":\"https:\/\/vieassociative.be\/actualites\/#\/schema\/person\/b87ac4f82f9d4e7b7cec7395b679edc4\",\"name\":\"Julien\",\"image\":{\"@type\":\"ImageObject\",\"inLanguage\":\"fr-BE\",\"@id\":\"https:\/\/vieassociative.be\/actualites\/#\/schema\/person\/image\/\",\"url\":\"https:\/\/vieassociative.be\/actualites\/wp-content\/uploads\/2024\/09\/vie-associative-1-150x150.jpg\",\"contentUrl\":\"https:\/\/vieassociative.be\/actualites\/wp-content\/uploads\/2024\/09\/vie-associative-1-150x150.jpg\",\"caption\":\"Julien\"},\"description\":\"Je suis Julien, r\u00e9dacteur pour Vie Associative. Passionn\u00e9 par le monde associatif depuis plus de 10 ans, j'ai \u00e0 c\u0153ur de partager des histoires inspirantes et de mettre en lumi\u00e8re les initiatives locales. Mon objectif est de sensibiliser et d'encourager l'engagement communautaire \u00e0 travers mes articles.\",\"sameAs\":[\"https:\/\/vieassociative.be\/\"]}]}<\/script>\n<!-- \/ Yoast SEO plugin. -->","yoast_head_json":{"title":"Kiev est glaciale : coupures de courant, temp\u00e9ratures \u00e0 deux chiffres en dessous de z\u00e9ro - l'hiver le plus rigoureux depuis le d\u00e9but de la guerre en Ukraine | Vie Associative","robots":{"index":"index","follow":"follow","max-snippet":"max-snippet:-1","max-image-preview":"max-image-preview:large","max-video-preview":"max-video-preview:-1"},"canonical":"https:\/\/vieassociative.be\/actualites\/kiev-est-glaciale-coupures-de-courant-temperatures-a-deux-chiffres-en-dessous-de-zero-lhiver-le-plus-rigoureux-depuis-le-debut-de-la-guerre-en-ukraine\/","og_locale":"fr_FR","og_type":"article","og_title":"Kiev est glaciale : coupures de courant, temp\u00e9ratures \u00e0 deux chiffres en dessous de z\u00e9ro - l'hiver le plus rigoureux depuis le d\u00e9but de la guerre en Ukraine | Vie Associative","og_description":"Peu avant le d\u00e9but de la cinqui\u00e8me ann\u00e9e de guerre, l\u2019Ukraine conna\u00eet le pire hiver depuis l\u2019invasion russe. En raison des attaques russes massives contre","og_url":"https:\/\/vieassociative.be\/actualites\/kiev-est-glaciale-coupures-de-courant-temperatures-a-deux-chiffres-en-dessous-de-zero-lhiver-le-plus-rigoureux-depuis-le-debut-de-la-guerre-en-ukraine\/","og_site_name":"Vie Associative","article_published_time":"2026-01-16T12:17:21+00:00","og_image":[{"width":279,"height":92,"url":"https:\/\/vieassociative.be\/actualites\/wp-content\/uploads\/2024\/09\/header_backgroundk-01-e1726694325946.png","type":"image\/png"}],"author":"Julien","twitter_card":"summary_large_image","twitter_misc":{"\u00c9crit par":"Julien","Dur\u00e9e de lecture est.":"7 minutes"},"schema":{"@context":"https:\/\/schema.org","@graph":[{"@type":"Article","@id":"https:\/\/vieassociative.be\/actualites\/kiev-est-glaciale-coupures-de-courant-temperatures-a-deux-chiffres-en-dessous-de-zero-lhiver-le-plus-rigoureux-depuis-le-debut-de-la-guerre-en-ukraine\/#article","isPartOf":{"@id":"https:\/\/vieassociative.be\/actualites\/kiev-est-glaciale-coupures-de-courant-temperatures-a-deux-chiffres-en-dessous-de-zero-lhiver-le-plus-rigoureux-depuis-le-debut-de-la-guerre-en-ukraine\/"},"author":{"name":"Julien","@id":"https:\/\/vieassociative.be\/actualites\/#\/schema\/person\/b87ac4f82f9d4e7b7cec7395b679edc4"},"headline":"Kiev est glaciale : coupures de courant, temp\u00e9ratures \u00e0 deux chiffres en dessous de z\u00e9ro &#8211; l&rsquo;hiver le plus rigoureux depuis le d\u00e9but de la guerre en Ukraine","datePublished":"2026-01-16T12:17:21+00:00","dateModified":"2026-01-16T12:17:21+00:00","mainEntityOfPage":{"@id":"https:\/\/vieassociative.be\/actualites\/kiev-est-glaciale-coupures-de-courant-temperatures-a-deux-chiffres-en-dessous-de-zero-lhiver-le-plus-rigoureux-depuis-le-debut-de-la-guerre-en-ukraine\/"},"wordCount":1397,"publisher":{"@id":"https:\/\/vieassociative.be\/actualites\/#organization"},"image":{"@id":"https:\/\/vieassociative.be\/actualites\/kiev-est-glaciale-coupures-de-courant-temperatures-a-deux-chiffres-en-dessous-de-zero-lhiver-le-plus-rigoureux-depuis-le-debut-de-la-guerre-en-ukraine\/#primaryimage"},"thumbnailUrl":"https:\/\/vieassociative.be\/actualites\/wp-content\/uploads\/2026\/01\/1768565841_Kiev-est-glaciale-coupures-de-courant-temperatures-a-deux.jpg","keywords":["chiffres","coupures","courant","D\u00e9but","depuis","dessous","deux","est","glaciale","guerre","Kiev","lhiver","rigoureux","temp\u00e9ratures","Ukraine","z\u00e9ro"],"articleSection":["Belgique"],"inLanguage":"fr-BE"},{"@type":"WebPage","@id":"https:\/\/vieassociative.be\/actualites\/kiev-est-glaciale-coupures-de-courant-temperatures-a-deux-chiffres-en-dessous-de-zero-lhiver-le-plus-rigoureux-depuis-le-debut-de-la-guerre-en-ukraine\/","url":"https:\/\/vieassociative.be\/actualites\/kiev-est-glaciale-coupures-de-courant-temperatures-a-deux-chiffres-en-dessous-de-zero-lhiver-le-plus-rigoureux-depuis-le-debut-de-la-guerre-en-ukraine\/","name":"Kiev est glaciale : coupures de courant, temp\u00e9ratures \u00e0 deux chiffres en dessous de z\u00e9ro - l'hiver le plus rigoureux depuis le d\u00e9but de la guerre en Ukraine | Vie Associative","isPartOf":{"@id":"https:\/\/vieassociative.be\/actualites\/#website"},"primaryImageOfPage":{"@id":"https:\/\/vieassociative.be\/actualites\/kiev-est-glaciale-coupures-de-courant-temperatures-a-deux-chiffres-en-dessous-de-zero-lhiver-le-plus-rigoureux-depuis-le-debut-de-la-guerre-en-ukraine\/#primaryimage"},"image":{"@id":"https:\/\/vieassociative.be\/actualites\/kiev-est-glaciale-coupures-de-courant-temperatures-a-deux-chiffres-en-dessous-de-zero-lhiver-le-plus-rigoureux-depuis-le-debut-de-la-guerre-en-ukraine\/#primaryimage"},"thumbnailUrl":"https:\/\/vieassociative.be\/actualites\/wp-content\/uploads\/2026\/01\/1768565841_Kiev-est-glaciale-coupures-de-courant-temperatures-a-deux.jpg","datePublished":"2026-01-16T12:17:21+00:00","dateModified":"2026-01-16T12:17:21+00:00","breadcrumb":{"@id":"https:\/\/vieassociative.be\/actualites\/kiev-est-glaciale-coupures-de-courant-temperatures-a-deux-chiffres-en-dessous-de-zero-lhiver-le-plus-rigoureux-depuis-le-debut-de-la-guerre-en-ukraine\/#breadcrumb"},"inLanguage":"fr-BE","potentialAction":[{"@type":"ReadAction","target":["https:\/\/vieassociative.be\/actualites\/kiev-est-glaciale-coupures-de-courant-temperatures-a-deux-chiffres-en-dessous-de-zero-lhiver-le-plus-rigoureux-depuis-le-debut-de-la-guerre-en-ukraine\/"]}]},{"@type":"ImageObject","inLanguage":"fr-BE","@id":"https:\/\/vieassociative.be\/actualites\/kiev-est-glaciale-coupures-de-courant-temperatures-a-deux-chiffres-en-dessous-de-zero-lhiver-le-plus-rigoureux-depuis-le-debut-de-la-guerre-en-ukraine\/#primaryimage","url":"https:\/\/vieassociative.be\/actualites\/wp-content\/uploads\/2026\/01\/1768565841_Kiev-est-glaciale-coupures-de-courant-temperatures-a-deux.jpg","contentUrl":"https:\/\/vieassociative.be\/actualites\/wp-content\/uploads\/2026\/01\/1768565841_Kiev-est-glaciale-coupures-de-courant-temperatures-a-deux.jpg","width":1200,"height":800,"caption":"Kiev est glaciale : coupures de courant, temp\u00e9ratures \u00e0 deux chiffres en dessous de z\u00e9ro - l'hiver le plus rigoureux depuis le d\u00e9but de la guerre en Ukraine"},{"@type":"BreadcrumbList","@id":"https:\/\/vieassociative.be\/actualites\/kiev-est-glaciale-coupures-de-courant-temperatures-a-deux-chiffres-en-dessous-de-zero-lhiver-le-plus-rigoureux-depuis-le-debut-de-la-guerre-en-ukraine\/#breadcrumb","itemListElement":[{"@type":"ListItem","position":1,"name":"Accueil","item":"https:\/\/vieassociative.be\/actualites\/"},{"@type":"ListItem","position":2,"name":"Kiev est glaciale : coupures de courant, temp\u00e9ratures \u00e0 deux chiffres en dessous de z\u00e9ro &#8211; l&rsquo;hiver le plus rigoureux depuis le d\u00e9but de la guerre en Ukraine"}]},{"@type":"WebSite","@id":"https:\/\/vieassociative.be\/actualites\/#website","url":"https:\/\/vieassociative.be\/actualites\/","name":"Vie Associative","description":"","publisher":{"@id":"https:\/\/vieassociative.be\/actualites\/#organization"},"potentialAction":[{"@type":"SearchAction","target":{"@type":"EntryPoint","urlTemplate":"https:\/\/vieassociative.be\/actualites\/?s={search_term_string}"},"query-input":{"@type":"PropertyValueSpecification","valueRequired":true,"valueName":"search_term_string"}}],"inLanguage":"fr-BE"},{"@type":"Organization","@id":"https:\/\/vieassociative.be\/actualites\/#organization","name":"Vie Associative","url":"https:\/\/vieassociative.be\/actualites\/","logo":{"@type":"ImageObject","inLanguage":"fr-BE","@id":"https:\/\/vieassociative.be\/actualites\/#\/schema\/logo\/image\/","url":"https:\/\/vieassociative.be\/actualites\/wp-content\/uploads\/2024\/09\/cropped-vieassociative_favicon.ico.png","contentUrl":"https:\/\/vieassociative.be\/actualites\/wp-content\/uploads\/2024\/09\/cropped-vieassociative_favicon.ico.png","width":512,"height":512,"caption":"Vie Associative"},"image":{"@id":"https:\/\/vieassociative.be\/actualites\/#\/schema\/logo\/image\/"}},{"@type":"Person","@id":"https:\/\/vieassociative.be\/actualites\/#\/schema\/person\/b87ac4f82f9d4e7b7cec7395b679edc4","name":"Julien","image":{"@type":"ImageObject","inLanguage":"fr-BE","@id":"https:\/\/vieassociative.be\/actualites\/#\/schema\/person\/image\/","url":"https:\/\/vieassociative.be\/actualites\/wp-content\/uploads\/2024\/09\/vie-associative-1-150x150.jpg","contentUrl":"https:\/\/vieassociative.be\/actualites\/wp-content\/uploads\/2024\/09\/vie-associative-1-150x150.jpg","caption":"Julien"},"description":"Je suis Julien, r\u00e9dacteur pour Vie Associative. Passionn\u00e9 par le monde associatif depuis plus de 10 ans, j'ai \u00e0 c\u0153ur de partager des histoires inspirantes et de mettre en lumi\u00e8re les initiatives locales. Mon objectif est de sensibiliser et d'encourager l'engagement communautaire \u00e0 travers mes articles.","sameAs":["https:\/\/vieassociative.be\/"]}]}},"_links":{"self":[{"href":"https:\/\/vieassociative.be\/actualites\/wp-json\/wp\/v2\/posts\/12229"}],"collection":[{"href":"https:\/\/vieassociative.be\/actualites\/wp-json\/wp\/v2\/posts"}],"about":[{"href":"https:\/\/vieassociative.be\/actualites\/wp-json\/wp\/v2\/types\/post"}],"author":[{"embeddable":true,"href":"https:\/\/vieassociative.be\/actualites\/wp-json\/wp\/v2\/users\/1"}],"replies":[{"embeddable":true,"href":"https:\/\/vieassociative.be\/actualites\/wp-json\/wp\/v2\/comments?post=12229"}],"version-history":[{"count":0,"href":"https:\/\/vieassociative.be\/actualites\/wp-json\/wp\/v2\/posts\/12229\/revisions"}],"wp:featuredmedia":[{"embeddable":true,"href":"https:\/\/vieassociative.be\/actualites\/wp-json\/wp\/v2\/media\/12230"}],"wp:attachment":[{"href":"https:\/\/vieassociative.be\/actualites\/wp-json\/wp\/v2\/media?parent=12229"}],"wp:term":[{"taxonomy":"category","embeddable":true,"href":"https:\/\/vieassociative.be\/actualites\/wp-json\/wp\/v2\/categories?post=12229"},{"taxonomy":"post_tag","embeddable":true,"href":"https:\/\/vieassociative.be\/actualites\/wp-json\/wp\/v2\/tags?post=12229"}],"curies":[{"name":"wp","href":"https:\/\/api.w.org\/{rel}","templated":true}]}}