{"id":12221,"date":"2026-01-15T19:17:23","date_gmt":"2026-01-15T18:17:23","guid":{"rendered":"https:\/\/vieassociative.be\/actualites\/leurope-devrait-donner-lepaule-froide-au-tyran-donald-trump-a-davos-la-semaine-prochaine-interjection\/"},"modified":"2026-01-15T19:17:23","modified_gmt":"2026-01-15T18:17:23","slug":"leurope-devrait-donner-lepaule-froide-au-tyran-donald-trump-a-davos-la-semaine-prochaine-interjection","status":"publish","type":"post","link":"https:\/\/vieassociative.be\/actualites\/leurope-devrait-donner-lepaule-froide-au-tyran-donald-trump-a-davos-la-semaine-prochaine-interjection\/","title":{"rendered":"L\u2019Europe devrait donner l\u2019\u00e9paule froide au \u00ab tyran \u00bb Donald Trump \u00e0 Davos la semaine prochaine (interjection)"},"content":{"rendered":"<p><strong>Imaginez si notre Premier ministre Bart De Wever exigeait s\u00e9rieusement que le Grand-Duch\u00e9 de Luxembourg devienne territoire belge. Le pr\u00e9sident am\u00e9ricain Donald Trump ne fait rien de diff\u00e9rent avec le Groenland.<\/strong><\/p>\n<p><span id=\"more-433832\"><\/span>Le pr\u00e9sident am\u00e9ricain r\u00e9p\u00e8te depuis des jours ses revendications de propri\u00e9t\u00e9. Tout autre chose qu\u2019un Groenland entre les mains des \u00c9tats-Unis serait \u00ab inacceptable \u00bb, a \u00e9crit Trump sur sa plateforme Truth Social mercredi matin avant la r\u00e9union de crise. <\/p>\n<p>La rencontre entre les \u00c9tats-Unis, le Danemark et le Groenland s&rsquo;est termin\u00e9e sans accord. D\u00e9sormais, les Europ\u00e9ens passent \u00e0 l&rsquo;action et envoient des soldats sur l&rsquo;\u00eele.<\/p>\n<p>M\u00eame si ces initiatives europ\u00e9ennes et d\u2019autres ne sont que symboliques, il est important qu\u2019elles montrent les limites \u00e0 Trump. Parce que le pr\u00e9sident am\u00e9ricain est une imposition pour le monde libre tout entier. Et qui sait de quoi d\u2019autre ce \u00ab tyran \u00bb est capable de faire.<\/p>\n<div id=\"attachment_433850\" class=\"wp-caption alignleft\" style=\"max-width: 300px\"><img fetchpriority=\"high\" decoding=\"async\" class=\"wp-image-433850 size-medium\" src=\"https:\/\/vieassociative.be\/actualites\/wp-content\/uploads\/2026\/01\/LEurope-devrait-donner-lepaule-froide-au-tyran-Donald.jpg\" alt=\"\" width=\"300\" height=\"200\"><\/div>\n<p>La semaine prochaine (du 19 au 23 janvier), la 56e r\u00e9union annuelle du Forum \u00e9conomique mondial (WEF) aura lieu \u00e0 Davos, en Suisse. Le Forum \u00e9conomique mondial est synonyme de dialogue et de multilat\u00e9ralisme. M\u00eame si Trump repr\u00e9sente souvent des valeurs diff\u00e9rentes, il est fan des rencontres dans les montagnes suisses et a d\u00e9j\u00e0 annonc\u00e9 sa pr\u00e9sence. Trump arrivera avec la plus grande d\u00e9l\u00e9gation am\u00e9ricaine que la r\u00e9union de hauts dirigeants et de personnalit\u00e9s politiques \u00e0 Davos ait jamais vue, a annonc\u00e9 le pr\u00e9sident du WEF, B\u00f8rge Brende.<\/p>\n<p>Les Europ\u00e9ens devraient profiter de l&rsquo;occasion pour faire preuve de froideur envers le pr\u00e9sident am\u00e9ricain, par exemple en faisant quitter la salle de mani\u00e8re d\u00e9monstrative \u00e0 leurs repr\u00e9sentants pr\u00e9sents au d\u00e9but du discours de Trump. Ils se sont assez longtemps pli\u00e9s aux diktats de ce despote, notamment \u00e0 cause de la guerre en Ukraine, mais aussi \u00e0 cause de la politique tarifaire de Trump, qui permet \u00e0 l&rsquo;homme de la Maison Blanche de ridiculiser tous les pays du monde.<\/p>\n<p>Sous Trump, les \u00c9tats-Unis se transforment de plus en plus en un r\u00e9gime fasciste. Malheureusement, il reste encore environ 292 jours avant les \u00e9lections de mi-mandat du 3 novembre 2026 et environ 1 027 jours avant la prochaine \u00e9lection pr\u00e9sidentielle am\u00e9ricaine du 7 novembre 2028.<\/p>\n<p>D\u2019ici l\u00e0, Trump devra \u00eatre support\u00e9 \u00e0 moins qu\u2019il ne parvienne \u00e0 rester au pouvoir pour un troisi\u00e8me mandat, \u00e0 reporter les prochaines \u00e9lections ou \u00e0 ne pas les permettre du tout. On peut lui confier n&rsquo;importe quoi. (cr\u00e9er)<\/p>\n<p><em><strong>Sur le sujet, voir aussi l&rsquo;article suivant sur l&rsquo;OD :<\/strong><\/em><\/p>\n<div class=\"responsive-embed widescreen\">\n<blockquote class=\"wp-embedded-content\" data-secret=\"OtpqAQW4Z9\">\n<p>Selon un sondage en ligne, 75 pour cent sont d&rsquo;avis : Donald Trump est un pr\u00e9sident dont il faut avoir honte<\/p>\n<\/blockquote>\n<p><iframe loading=\"lazy\" class=\"wp-embedded-content\" sandbox=\"allow-scripts\" security=\"restricted\" style=\"position: absolute; visibility: hidden;\" title=\"\u201eLaut Online-Umfrage sind 75 Prozent der Meinung: Donald Trump ist ein Pr\u00e4sident zum Fremdsch\u00e4men\u201c \u2013 Ostbelgien Direkt\" src=\"https:\/\/ostbelgiendirekt.be\/about:blank\" data-secret=\"OtpqAQW4Z9\" width=\"500\" height=\"282\" frameborder=\"0\" marginwidth=\"0\" marginheight=\"0\" scrolling=\"no\" data-rocket-lazyload=\"fitvidscompatible\" data-lazy-src=\"https:\/\/ostbelgiendirekt.be\/umfrage-trump-fremdschaemen-433483\/embed#?secret=y5hHYmTh3R#?secret=OtpqAQW4Z9\"><\/iframe><noscript><iframe class=\"wp-embedded-content\" sandbox=\"allow-scripts\" security=\"restricted\" style=\"position: absolute; visibility: hidden;\" title=\"\u201eLaut Online-Umfrage sind 75 Prozent der Meinung: Donald Trump ist ein Pr\u00e4sident zum Fremdsch\u00e4men\u201c \u2013 Ostbelgien Direkt\" src=\"https:\/\/ostbelgiendirekt.be\/umfrage-trump-fremdschaemen-433483\/embed#?secret=y5hHYmTh3R#?secret=OtpqAQW4Z9\" data-secret=\"OtpqAQW4Z9\" width=\"500\" height=\"282\" frameborder=\"0\" marginwidth=\"0\" marginheight=\"0\" scrolling=\"no\"><\/iframe><\/noscript><\/p>\n<\/div>\n","protected":false},"excerpt":{"rendered":"<p>Imaginez si notre Premier ministre Bart De Wever exigeait s\u00e9rieusement que le Grand-Duch\u00e9 de Luxembourg devienne territoire belge. Le pr\u00e9sident am\u00e9ricain Donald Trump ne fait<\/p>\n","protected":false},"author":1,"featured_media":12222,"comment_status":"","ping_status":"","sticky":false,"template":"","format":"standard","meta":{"footnotes":""},"categories":[298],"tags":[9781,238,2424,818,5554,2885,9779,2785,773,1348,2425,9780],"class_list":["post-12221","post","type-post","status-publish","format-standard","has-post-thumbnail","hentry","category-belgique","tag-davos","tag-devrait","tag-donald","tag-donner","tag-froide","tag-interjection","tag-lepaule","tag-leurope","tag-prochaine","tag-semaine","tag-trump","tag-tyran","generate-columns","tablet-grid-50","mobile-grid-100","grid-parent","grid-33"],"yoast_head":"<!-- This site is optimized with the Yoast SEO plugin v24.0 - https:\/\/yoast.com\/wordpress\/plugins\/seo\/ -->\n<title>L\u2019Europe devrait donner l\u2019\u00e9paule froide au \u00ab tyran \u00bb Donald Trump \u00e0 Davos la semaine prochaine (interjection) | Vie Associative<\/title>\n<meta name=\"robots\" content=\"index, follow, max-snippet:-1, max-image-preview:large, max-video-preview:-1\" \/>\n<link rel=\"canonical\" href=\"https:\/\/vieassociative.be\/actualites\/leurope-devrait-donner-lepaule-froide-au-tyran-donald-trump-a-davos-la-semaine-prochaine-interjection\/\" \/>\n<meta property=\"og:locale\" content=\"fr_FR\" \/>\n<meta property=\"og:type\" content=\"article\" \/>\n<meta property=\"og:title\" content=\"L\u2019Europe devrait donner l\u2019\u00e9paule froide au \u00ab tyran \u00bb Donald Trump \u00e0 Davos la semaine prochaine (interjection) | Vie Associative\" \/>\n<meta property=\"og:description\" content=\"Imaginez si notre Premier ministre Bart De Wever exigeait s\u00e9rieusement que le Grand-Duch\u00e9 de Luxembourg devienne territoire belge. Le pr\u00e9sident am\u00e9ricain Donald Trump ne fait\" \/>\n<meta property=\"og:url\" content=\"https:\/\/vieassociative.be\/actualites\/leurope-devrait-donner-lepaule-froide-au-tyran-donald-trump-a-davos-la-semaine-prochaine-interjection\/\" \/>\n<meta property=\"og:site_name\" content=\"Vie Associative\" \/>\n<meta property=\"article:published_time\" content=\"2026-01-15T18:17:23+00:00\" \/>\n<meta property=\"og:image\" content=\"https:\/\/vieassociative.be\/actualites\/wp-content\/uploads\/2024\/09\/header_backgroundk-01-e1726694325946.png\" \/>\n\t<meta property=\"og:image:width\" content=\"279\" \/>\n\t<meta property=\"og:image:height\" content=\"92\" \/>\n\t<meta property=\"og:image:type\" content=\"image\/png\" \/>\n<meta name=\"author\" content=\"Julien\" \/>\n<meta name=\"twitter:card\" content=\"summary_large_image\" \/>\n<meta name=\"twitter:label1\" content=\"\u00c9crit par\" \/>\n\t<meta name=\"twitter:data1\" content=\"Julien\" \/>\n\t<meta name=\"twitter:label2\" content=\"Dur\u00e9e de lecture est.\" \/>\n\t<meta name=\"twitter:data2\" content=\"2 minutes\" \/>\n<script type=\"application\/ld+json\" class=\"yoast-schema-graph\">{\"@context\":\"https:\/\/schema.org\",\"@graph\":[{\"@type\":\"Article\",\"@id\":\"https:\/\/vieassociative.be\/actualites\/leurope-devrait-donner-lepaule-froide-au-tyran-donald-trump-a-davos-la-semaine-prochaine-interjection\/#article\",\"isPartOf\":{\"@id\":\"https:\/\/vieassociative.be\/actualites\/leurope-devrait-donner-lepaule-froide-au-tyran-donald-trump-a-davos-la-semaine-prochaine-interjection\/\"},\"author\":{\"name\":\"Julien\",\"@id\":\"https:\/\/vieassociative.be\/actualites\/#\/schema\/person\/b87ac4f82f9d4e7b7cec7395b679edc4\"},\"headline\":\"L\u2019Europe devrait donner l\u2019\u00e9paule froide au \u00ab tyran \u00bb Donald Trump \u00e0 Davos la semaine prochaine (interjection)\",\"datePublished\":\"2026-01-15T18:17:23+00:00\",\"dateModified\":\"2026-01-15T18:17:23+00:00\",\"mainEntityOfPage\":{\"@id\":\"https:\/\/vieassociative.be\/actualites\/leurope-devrait-donner-lepaule-froide-au-tyran-donald-trump-a-davos-la-semaine-prochaine-interjection\/\"},\"wordCount\":476,\"publisher\":{\"@id\":\"https:\/\/vieassociative.be\/actualites\/#organization\"},\"image\":{\"@id\":\"https:\/\/vieassociative.be\/actualites\/leurope-devrait-donner-lepaule-froide-au-tyran-donald-trump-a-davos-la-semaine-prochaine-interjection\/#primaryimage\"},\"thumbnailUrl\":\"https:\/\/vieassociative.be\/actualites\/wp-content\/uploads\/2026\/01\/1768501043_LEurope-devrait-donner-lepaule-froide-au-tyran-Donald.jpg\",\"keywords\":[\"Davos\",\"devrait\",\"Donald\",\"donner\",\"froide\",\"interjection\",\"l\u00e9paule\",\"lEurope\",\"prochaine\",\"semaine\",\"Trump\",\"tyran\"],\"articleSection\":[\"Belgique\"],\"inLanguage\":\"fr-BE\"},{\"@type\":\"WebPage\",\"@id\":\"https:\/\/vieassociative.be\/actualites\/leurope-devrait-donner-lepaule-froide-au-tyran-donald-trump-a-davos-la-semaine-prochaine-interjection\/\",\"url\":\"https:\/\/vieassociative.be\/actualites\/leurope-devrait-donner-lepaule-froide-au-tyran-donald-trump-a-davos-la-semaine-prochaine-interjection\/\",\"name\":\"L\u2019Europe devrait donner l\u2019\u00e9paule froide au \u00ab tyran \u00bb Donald Trump \u00e0 Davos la semaine prochaine (interjection) | Vie Associative\",\"isPartOf\":{\"@id\":\"https:\/\/vieassociative.be\/actualites\/#website\"},\"primaryImageOfPage\":{\"@id\":\"https:\/\/vieassociative.be\/actualites\/leurope-devrait-donner-lepaule-froide-au-tyran-donald-trump-a-davos-la-semaine-prochaine-interjection\/#primaryimage\"},\"image\":{\"@id\":\"https:\/\/vieassociative.be\/actualites\/leurope-devrait-donner-lepaule-froide-au-tyran-donald-trump-a-davos-la-semaine-prochaine-interjection\/#primaryimage\"},\"thumbnailUrl\":\"https:\/\/vieassociative.be\/actualites\/wp-content\/uploads\/2026\/01\/1768501043_LEurope-devrait-donner-lepaule-froide-au-tyran-Donald.jpg\",\"datePublished\":\"2026-01-15T18:17:23+00:00\",\"dateModified\":\"2026-01-15T18:17:23+00:00\",\"breadcrumb\":{\"@id\":\"https:\/\/vieassociative.be\/actualites\/leurope-devrait-donner-lepaule-froide-au-tyran-donald-trump-a-davos-la-semaine-prochaine-interjection\/#breadcrumb\"},\"inLanguage\":\"fr-BE\",\"potentialAction\":[{\"@type\":\"ReadAction\",\"target\":[\"https:\/\/vieassociative.be\/actualites\/leurope-devrait-donner-lepaule-froide-au-tyran-donald-trump-a-davos-la-semaine-prochaine-interjection\/\"]}]},{\"@type\":\"ImageObject\",\"inLanguage\":\"fr-BE\",\"@id\":\"https:\/\/vieassociative.be\/actualites\/leurope-devrait-donner-lepaule-froide-au-tyran-donald-trump-a-davos-la-semaine-prochaine-interjection\/#primaryimage\",\"url\":\"https:\/\/vieassociative.be\/actualites\/wp-content\/uploads\/2026\/01\/1768501043_LEurope-devrait-donner-lepaule-froide-au-tyran-Donald.jpg\",\"contentUrl\":\"https:\/\/vieassociative.be\/actualites\/wp-content\/uploads\/2026\/01\/1768501043_LEurope-devrait-donner-lepaule-froide-au-tyran-Donald.jpg\",\"width\":1200,\"height\":800,\"caption\":\"L\u2019Europe devrait donner l\u2019\u00e9paule froide au \u00ab tyran \u00bb Donald Trump \u00e0 Davos la semaine prochaine (interjection)\"},{\"@type\":\"BreadcrumbList\",\"@id\":\"https:\/\/vieassociative.be\/actualites\/leurope-devrait-donner-lepaule-froide-au-tyran-donald-trump-a-davos-la-semaine-prochaine-interjection\/#breadcrumb\",\"itemListElement\":[{\"@type\":\"ListItem\",\"position\":1,\"name\":\"Accueil\",\"item\":\"https:\/\/vieassociative.be\/actualites\/\"},{\"@type\":\"ListItem\",\"position\":2,\"name\":\"L\u2019Europe devrait donner l\u2019\u00e9paule froide au \u00ab tyran \u00bb Donald Trump \u00e0 Davos la semaine prochaine (interjection)\"}]},{\"@type\":\"WebSite\",\"@id\":\"https:\/\/vieassociative.be\/actualites\/#website\",\"url\":\"https:\/\/vieassociative.be\/actualites\/\",\"name\":\"Vie Associative\",\"description\":\"\",\"publisher\":{\"@id\":\"https:\/\/vieassociative.be\/actualites\/#organization\"},\"potentialAction\":[{\"@type\":\"SearchAction\",\"target\":{\"@type\":\"EntryPoint\",\"urlTemplate\":\"https:\/\/vieassociative.be\/actualites\/?s={search_term_string}\"},\"query-input\":{\"@type\":\"PropertyValueSpecification\",\"valueRequired\":true,\"valueName\":\"search_term_string\"}}],\"inLanguage\":\"fr-BE\"},{\"@type\":\"Organization\",\"@id\":\"https:\/\/vieassociative.be\/actualites\/#organization\",\"name\":\"Vie Associative\",\"url\":\"https:\/\/vieassociative.be\/actualites\/\",\"logo\":{\"@type\":\"ImageObject\",\"inLanguage\":\"fr-BE\",\"@id\":\"https:\/\/vieassociative.be\/actualites\/#\/schema\/logo\/image\/\",\"url\":\"https:\/\/vieassociative.be\/actualites\/wp-content\/uploads\/2024\/09\/cropped-vieassociative_favicon.ico.png\",\"contentUrl\":\"https:\/\/vieassociative.be\/actualites\/wp-content\/uploads\/2024\/09\/cropped-vieassociative_favicon.ico.png\",\"width\":512,\"height\":512,\"caption\":\"Vie Associative\"},\"image\":{\"@id\":\"https:\/\/vieassociative.be\/actualites\/#\/schema\/logo\/image\/\"}},{\"@type\":\"Person\",\"@id\":\"https:\/\/vieassociative.be\/actualites\/#\/schema\/person\/b87ac4f82f9d4e7b7cec7395b679edc4\",\"name\":\"Julien\",\"image\":{\"@type\":\"ImageObject\",\"inLanguage\":\"fr-BE\",\"@id\":\"https:\/\/vieassociative.be\/actualites\/#\/schema\/person\/image\/\",\"url\":\"https:\/\/vieassociative.be\/actualites\/wp-content\/uploads\/2024\/09\/vie-associative-1-150x150.jpg\",\"contentUrl\":\"https:\/\/vieassociative.be\/actualites\/wp-content\/uploads\/2024\/09\/vie-associative-1-150x150.jpg\",\"caption\":\"Julien\"},\"description\":\"Je suis Julien, r\u00e9dacteur pour Vie Associative. Passionn\u00e9 par le monde associatif depuis plus de 10 ans, j'ai \u00e0 c\u0153ur de partager des histoires inspirantes et de mettre en lumi\u00e8re les initiatives locales. Mon objectif est de sensibiliser et d'encourager l'engagement communautaire \u00e0 travers mes articles.\",\"sameAs\":[\"https:\/\/vieassociative.be\/\"]}]}<\/script>\n<!-- \/ Yoast SEO plugin. -->","yoast_head_json":{"title":"L\u2019Europe devrait donner l\u2019\u00e9paule froide au \u00ab tyran \u00bb Donald Trump \u00e0 Davos la semaine prochaine (interjection) | Vie Associative","robots":{"index":"index","follow":"follow","max-snippet":"max-snippet:-1","max-image-preview":"max-image-preview:large","max-video-preview":"max-video-preview:-1"},"canonical":"https:\/\/vieassociative.be\/actualites\/leurope-devrait-donner-lepaule-froide-au-tyran-donald-trump-a-davos-la-semaine-prochaine-interjection\/","og_locale":"fr_FR","og_type":"article","og_title":"L\u2019Europe devrait donner l\u2019\u00e9paule froide au \u00ab tyran \u00bb Donald Trump \u00e0 Davos la semaine prochaine (interjection) | Vie Associative","og_description":"Imaginez si notre Premier ministre Bart De Wever exigeait s\u00e9rieusement que le Grand-Duch\u00e9 de Luxembourg devienne territoire belge. Le pr\u00e9sident am\u00e9ricain Donald Trump ne fait","og_url":"https:\/\/vieassociative.be\/actualites\/leurope-devrait-donner-lepaule-froide-au-tyran-donald-trump-a-davos-la-semaine-prochaine-interjection\/","og_site_name":"Vie Associative","article_published_time":"2026-01-15T18:17:23+00:00","og_image":[{"width":279,"height":92,"url":"https:\/\/vieassociative.be\/actualites\/wp-content\/uploads\/2024\/09\/header_backgroundk-01-e1726694325946.png","type":"image\/png"}],"author":"Julien","twitter_card":"summary_large_image","twitter_misc":{"\u00c9crit par":"Julien","Dur\u00e9e de lecture est.":"2 minutes"},"schema":{"@context":"https:\/\/schema.org","@graph":[{"@type":"Article","@id":"https:\/\/vieassociative.be\/actualites\/leurope-devrait-donner-lepaule-froide-au-tyran-donald-trump-a-davos-la-semaine-prochaine-interjection\/#article","isPartOf":{"@id":"https:\/\/vieassociative.be\/actualites\/leurope-devrait-donner-lepaule-froide-au-tyran-donald-trump-a-davos-la-semaine-prochaine-interjection\/"},"author":{"name":"Julien","@id":"https:\/\/vieassociative.be\/actualites\/#\/schema\/person\/b87ac4f82f9d4e7b7cec7395b679edc4"},"headline":"L\u2019Europe devrait donner l\u2019\u00e9paule froide au \u00ab tyran \u00bb Donald Trump \u00e0 Davos la semaine prochaine (interjection)","datePublished":"2026-01-15T18:17:23+00:00","dateModified":"2026-01-15T18:17:23+00:00","mainEntityOfPage":{"@id":"https:\/\/vieassociative.be\/actualites\/leurope-devrait-donner-lepaule-froide-au-tyran-donald-trump-a-davos-la-semaine-prochaine-interjection\/"},"wordCount":476,"publisher":{"@id":"https:\/\/vieassociative.be\/actualites\/#organization"},"image":{"@id":"https:\/\/vieassociative.be\/actualites\/leurope-devrait-donner-lepaule-froide-au-tyran-donald-trump-a-davos-la-semaine-prochaine-interjection\/#primaryimage"},"thumbnailUrl":"https:\/\/vieassociative.be\/actualites\/wp-content\/uploads\/2026\/01\/1768501043_LEurope-devrait-donner-lepaule-froide-au-tyran-Donald.jpg","keywords":["Davos","devrait","Donald","donner","froide","interjection","l\u00e9paule","lEurope","prochaine","semaine","Trump","tyran"],"articleSection":["Belgique"],"inLanguage":"fr-BE"},{"@type":"WebPage","@id":"https:\/\/vieassociative.be\/actualites\/leurope-devrait-donner-lepaule-froide-au-tyran-donald-trump-a-davos-la-semaine-prochaine-interjection\/","url":"https:\/\/vieassociative.be\/actualites\/leurope-devrait-donner-lepaule-froide-au-tyran-donald-trump-a-davos-la-semaine-prochaine-interjection\/","name":"L\u2019Europe devrait donner l\u2019\u00e9paule froide au \u00ab tyran \u00bb Donald Trump \u00e0 Davos la semaine prochaine (interjection) | Vie Associative","isPartOf":{"@id":"https:\/\/vieassociative.be\/actualites\/#website"},"primaryImageOfPage":{"@id":"https:\/\/vieassociative.be\/actualites\/leurope-devrait-donner-lepaule-froide-au-tyran-donald-trump-a-davos-la-semaine-prochaine-interjection\/#primaryimage"},"image":{"@id":"https:\/\/vieassociative.be\/actualites\/leurope-devrait-donner-lepaule-froide-au-tyran-donald-trump-a-davos-la-semaine-prochaine-interjection\/#primaryimage"},"thumbnailUrl":"https:\/\/vieassociative.be\/actualites\/wp-content\/uploads\/2026\/01\/1768501043_LEurope-devrait-donner-lepaule-froide-au-tyran-Donald.jpg","datePublished":"2026-01-15T18:17:23+00:00","dateModified":"2026-01-15T18:17:23+00:00","breadcrumb":{"@id":"https:\/\/vieassociative.be\/actualites\/leurope-devrait-donner-lepaule-froide-au-tyran-donald-trump-a-davos-la-semaine-prochaine-interjection\/#breadcrumb"},"inLanguage":"fr-BE","potentialAction":[{"@type":"ReadAction","target":["https:\/\/vieassociative.be\/actualites\/leurope-devrait-donner-lepaule-froide-au-tyran-donald-trump-a-davos-la-semaine-prochaine-interjection\/"]}]},{"@type":"ImageObject","inLanguage":"fr-BE","@id":"https:\/\/vieassociative.be\/actualites\/leurope-devrait-donner-lepaule-froide-au-tyran-donald-trump-a-davos-la-semaine-prochaine-interjection\/#primaryimage","url":"https:\/\/vieassociative.be\/actualites\/wp-content\/uploads\/2026\/01\/1768501043_LEurope-devrait-donner-lepaule-froide-au-tyran-Donald.jpg","contentUrl":"https:\/\/vieassociative.be\/actualites\/wp-content\/uploads\/2026\/01\/1768501043_LEurope-devrait-donner-lepaule-froide-au-tyran-Donald.jpg","width":1200,"height":800,"caption":"L\u2019Europe devrait donner l\u2019\u00e9paule froide au \u00ab tyran \u00bb Donald Trump \u00e0 Davos la semaine prochaine (interjection)"},{"@type":"BreadcrumbList","@id":"https:\/\/vieassociative.be\/actualites\/leurope-devrait-donner-lepaule-froide-au-tyran-donald-trump-a-davos-la-semaine-prochaine-interjection\/#breadcrumb","itemListElement":[{"@type":"ListItem","position":1,"name":"Accueil","item":"https:\/\/vieassociative.be\/actualites\/"},{"@type":"ListItem","position":2,"name":"L\u2019Europe devrait donner l\u2019\u00e9paule froide au \u00ab tyran \u00bb Donald Trump \u00e0 Davos la semaine prochaine (interjection)"}]},{"@type":"WebSite","@id":"https:\/\/vieassociative.be\/actualites\/#website","url":"https:\/\/vieassociative.be\/actualites\/","name":"Vie Associative","description":"","publisher":{"@id":"https:\/\/vieassociative.be\/actualites\/#organization"},"potentialAction":[{"@type":"SearchAction","target":{"@type":"EntryPoint","urlTemplate":"https:\/\/vieassociative.be\/actualites\/?s={search_term_string}"},"query-input":{"@type":"PropertyValueSpecification","valueRequired":true,"valueName":"search_term_string"}}],"inLanguage":"fr-BE"},{"@type":"Organization","@id":"https:\/\/vieassociative.be\/actualites\/#organization","name":"Vie Associative","url":"https:\/\/vieassociative.be\/actualites\/","logo":{"@type":"ImageObject","inLanguage":"fr-BE","@id":"https:\/\/vieassociative.be\/actualites\/#\/schema\/logo\/image\/","url":"https:\/\/vieassociative.be\/actualites\/wp-content\/uploads\/2024\/09\/cropped-vieassociative_favicon.ico.png","contentUrl":"https:\/\/vieassociative.be\/actualites\/wp-content\/uploads\/2024\/09\/cropped-vieassociative_favicon.ico.png","width":512,"height":512,"caption":"Vie Associative"},"image":{"@id":"https:\/\/vieassociative.be\/actualites\/#\/schema\/logo\/image\/"}},{"@type":"Person","@id":"https:\/\/vieassociative.be\/actualites\/#\/schema\/person\/b87ac4f82f9d4e7b7cec7395b679edc4","name":"Julien","image":{"@type":"ImageObject","inLanguage":"fr-BE","@id":"https:\/\/vieassociative.be\/actualites\/#\/schema\/person\/image\/","url":"https:\/\/vieassociative.be\/actualites\/wp-content\/uploads\/2024\/09\/vie-associative-1-150x150.jpg","contentUrl":"https:\/\/vieassociative.be\/actualites\/wp-content\/uploads\/2024\/09\/vie-associative-1-150x150.jpg","caption":"Julien"},"description":"Je suis Julien, r\u00e9dacteur pour Vie Associative. Passionn\u00e9 par le monde associatif depuis plus de 10 ans, j'ai \u00e0 c\u0153ur de partager des histoires inspirantes et de mettre en lumi\u00e8re les initiatives locales. Mon objectif est de sensibiliser et d'encourager l'engagement communautaire \u00e0 travers mes articles.","sameAs":["https:\/\/vieassociative.be\/"]}]}},"_links":{"self":[{"href":"https:\/\/vieassociative.be\/actualites\/wp-json\/wp\/v2\/posts\/12221"}],"collection":[{"href":"https:\/\/vieassociative.be\/actualites\/wp-json\/wp\/v2\/posts"}],"about":[{"href":"https:\/\/vieassociative.be\/actualites\/wp-json\/wp\/v2\/types\/post"}],"author":[{"embeddable":true,"href":"https:\/\/vieassociative.be\/actualites\/wp-json\/wp\/v2\/users\/1"}],"replies":[{"embeddable":true,"href":"https:\/\/vieassociative.be\/actualites\/wp-json\/wp\/v2\/comments?post=12221"}],"version-history":[{"count":0,"href":"https:\/\/vieassociative.be\/actualites\/wp-json\/wp\/v2\/posts\/12221\/revisions"}],"wp:featuredmedia":[{"embeddable":true,"href":"https:\/\/vieassociative.be\/actualites\/wp-json\/wp\/v2\/media\/12222"}],"wp:attachment":[{"href":"https:\/\/vieassociative.be\/actualites\/wp-json\/wp\/v2\/media?parent=12221"}],"wp:term":[{"taxonomy":"category","embeddable":true,"href":"https:\/\/vieassociative.be\/actualites\/wp-json\/wp\/v2\/categories?post=12221"},{"taxonomy":"post_tag","embeddable":true,"href":"https:\/\/vieassociative.be\/actualites\/wp-json\/wp\/v2\/tags?post=12221"}],"curies":[{"name":"wp","href":"https:\/\/api.w.org\/{rel}","templated":true}]}}