{"id":12219,"date":"2026-01-15T18:17:52","date_gmt":"2026-01-15T17:17:52","guid":{"rendered":"https:\/\/vieassociative.be\/actualites\/spotify-augmente-encore-ses-prix\/"},"modified":"2026-01-15T18:17:52","modified_gmt":"2026-01-15T17:17:52","slug":"spotify-augmente-encore-ses-prix","status":"publish","type":"post","link":"https:\/\/vieassociative.be\/actualites\/spotify-augmente-encore-ses-prix\/","title":{"rendered":"Spotify augmente encore ses prix"},"content":{"rendered":"<p>Si vous \u00eates abonn\u00e9 \u00e0 Spotify, commencez \u00e0 v\u00e9rifier votre bo\u00eete de r\u00e9ception. Le service de streaming musical envoie des e-mails aux clients pour les informer d&rsquo;une nouvelle hausse de prix \u00e0 venir le mois prochain.<\/p>\n<p>Au cr\u00e9dit de Spotify, la hausse des prix est plut\u00f4t mineure. Mais \u00e0 partir de quelle que soit votre date de facturation en f\u00e9vrier, les forfaits premium individuels passeront de 11,99 $\/mois \u00e0 12,99 $\/mois, tandis que les forfaits \u00e9tudiants passeront de 5,99 $\/mois \u00e0 6,99 $\/mois. <\/p>\n<p>Les plans plus \u00e9tendus conna\u00eetront une augmentation l\u00e9g\u00e8rement plus co\u00fbteuse. Le forfait Duo, qui donne un acc\u00e8s premium \u00e0 deux personnes \u00e0 la m\u00eame adresse, passe de 16,99 $\/mois \u00e0 18,99 $\/mois. Le forfait Famille, qui donne un acc\u00e8s premium \u00e0 jusqu&rsquo;\u00e0 six personnes \u00e0 la m\u00eame adresse, conna\u00eetra \u00e9galement une augmentation de 2 $, co\u00fbtant d\u00e9sormais 21,99 $\/mois au lieu de 19,99 $\/mois.<\/p>\n<p>Les hausses de prix devraient affecter les \u00c9tats-Unis, l&rsquo;Estonie et la Lettonie, selon l&rsquo;annonce de Spotify. La justification de l\u2019entreprise pour tout cela ? Selon le message, \u00ab\u00a0les mises \u00e0 jour occasionnelles des prix sur nos march\u00e9s refl\u00e8tent la valeur offerte par Spotify\u00a0\u00bb.<\/p>\n<p>\u00c0 vrai dire, 1 $ \u00e0 2 $ semble \u00eatre un changement assez mineur, mais la mise \u00e0 jour fait suite \u00e0 une autre hausse des prix aux \u00c9tats-Unis en 2024, o\u00f9 les forfaits individuels ont augment\u00e9 de 1 $, les forfaits Duo de 2 $ et les forfaits familiaux de 3 $. Et cela est intervenu apr\u00e8s une hausse des prix en 2023, o\u00f9 les forfaits Individuel, \u00c9tudiant et Famille ont augment\u00e9 de 1 $, tandis que le forfait Duo a augment\u00e9 de 2 $. Certains abonn\u00e9s en dehors des \u00c9tats-Unis ont \u00e9galement vu leurs propres prix augmenter en 2025. Je ne peux m&#8217;emp\u00eacher de me sentir comme une grenouille dans une marmite qui bout lentement.<\/p>\n<p>Le barrage continu de hausses de prix est un peu d\u00e9cevant pour les abonn\u00e9s qui s&rsquo;\u00e9taient habitu\u00e9s \u00e0 un prix stable pour Spotify depuis son lancement aux \u00c9tats-Unis en 2011, le service ayant dur\u00e9 12 ans avant son premier changement de prix. <\/p>\n<p>Si toutes ces hausses de prix commencent \u00e0 vous affecter, vous pourrez peut-\u00eatre les contourner. Si vous pouvez en trouver un dans un magasin pr\u00e8s de chez vous, vous pouvez payer d&rsquo;avance un abonnement annuel \u00e0 prix r\u00e9duit en utilisant une carte-cadeau Spotify, bien qu&rsquo;il ne s&rsquo;applique pas aux forfaits Famille ou \u00c9tudiant de Spotify. Malheureusement, Spotify ne propose pas de plan d&rsquo;abonnement annuel disponible sur son site Web.<\/p>\n","protected":false},"excerpt":{"rendered":"<p>Si vous \u00eates abonn\u00e9 \u00e0 Spotify, commencez \u00e0 v\u00e9rifier votre bo\u00eete de r\u00e9ception. Le service de streaming musical envoie des e-mails aux clients pour les<\/p>\n","protected":false},"author":1,"featured_media":12220,"comment_status":"","ping_status":"","sticky":false,"template":"","format":"standard","meta":{"footnotes":""},"categories":[1],"tags":[2803,592,1399,1055,3758],"class_list":["post-12219","post","type-post","status-publish","format-standard","has-post-thumbnail","hentry","category-non-classe","tag-augmente","tag-encore","tag-prix","tag-ses","tag-spotify","generate-columns","tablet-grid-50","mobile-grid-100","grid-parent","grid-33"],"yoast_head":"<!-- This site is optimized with the Yoast SEO plugin v24.0 - https:\/\/yoast.com\/wordpress\/plugins\/seo\/ -->\n<title>Spotify augmente encore ses prix | Vie Associative<\/title>\n<meta name=\"robots\" content=\"index, follow, max-snippet:-1, max-image-preview:large, max-video-preview:-1\" \/>\n<link rel=\"canonical\" href=\"https:\/\/vieassociative.be\/actualites\/spotify-augmente-encore-ses-prix\/\" \/>\n<meta property=\"og:locale\" content=\"fr_FR\" \/>\n<meta property=\"og:type\" content=\"article\" \/>\n<meta property=\"og:title\" content=\"Spotify augmente encore ses prix | Vie Associative\" \/>\n<meta property=\"og:description\" content=\"Si vous \u00eates abonn\u00e9 \u00e0 Spotify, commencez \u00e0 v\u00e9rifier votre bo\u00eete de r\u00e9ception. Le service de streaming musical envoie des e-mails aux clients pour les\" \/>\n<meta property=\"og:url\" content=\"https:\/\/vieassociative.be\/actualites\/spotify-augmente-encore-ses-prix\/\" \/>\n<meta property=\"og:site_name\" content=\"Vie Associative\" \/>\n<meta property=\"article:published_time\" content=\"2026-01-15T17:17:52+00:00\" \/>\n<meta property=\"og:image\" content=\"https:\/\/vieassociative.be\/actualites\/wp-content\/uploads\/2024\/09\/header_backgroundk-01-e1726694325946.png\" \/>\n\t<meta property=\"og:image:width\" content=\"279\" \/>\n\t<meta property=\"og:image:height\" content=\"92\" \/>\n\t<meta property=\"og:image:type\" content=\"image\/png\" \/>\n<meta name=\"author\" content=\"Julien\" \/>\n<meta name=\"twitter:card\" content=\"summary_large_image\" \/>\n<meta name=\"twitter:label1\" content=\"\u00c9crit par\" \/>\n\t<meta name=\"twitter:data1\" content=\"Julien\" \/>\n\t<meta name=\"twitter:label2\" content=\"Dur\u00e9e de lecture est.\" \/>\n\t<meta name=\"twitter:data2\" content=\"2 minutes\" \/>\n<script type=\"application\/ld+json\" class=\"yoast-schema-graph\">{\"@context\":\"https:\/\/schema.org\",\"@graph\":[{\"@type\":\"Article\",\"@id\":\"https:\/\/vieassociative.be\/actualites\/spotify-augmente-encore-ses-prix\/#article\",\"isPartOf\":{\"@id\":\"https:\/\/vieassociative.be\/actualites\/spotify-augmente-encore-ses-prix\/\"},\"author\":{\"name\":\"Julien\",\"@id\":\"https:\/\/vieassociative.be\/actualites\/#\/schema\/person\/b87ac4f82f9d4e7b7cec7395b679edc4\"},\"headline\":\"Spotify augmente encore ses prix\",\"datePublished\":\"2026-01-15T17:17:52+00:00\",\"dateModified\":\"2026-01-15T17:17:52+00:00\",\"mainEntityOfPage\":{\"@id\":\"https:\/\/vieassociative.be\/actualites\/spotify-augmente-encore-ses-prix\/\"},\"wordCount\":412,\"publisher\":{\"@id\":\"https:\/\/vieassociative.be\/actualites\/#organization\"},\"image\":{\"@id\":\"https:\/\/vieassociative.be\/actualites\/spotify-augmente-encore-ses-prix\/#primaryimage\"},\"thumbnailUrl\":\"https:\/\/vieassociative.be\/actualites\/wp-content\/uploads\/2026\/01\/Spotify-augmente-encore-ses-prix.jpg\",\"keywords\":[\"augmente\",\"encore\",\"prix\",\"ses\",\"Spotify\"],\"inLanguage\":\"fr-BE\"},{\"@type\":\"WebPage\",\"@id\":\"https:\/\/vieassociative.be\/actualites\/spotify-augmente-encore-ses-prix\/\",\"url\":\"https:\/\/vieassociative.be\/actualites\/spotify-augmente-encore-ses-prix\/\",\"name\":\"Spotify augmente encore ses prix | Vie Associative\",\"isPartOf\":{\"@id\":\"https:\/\/vieassociative.be\/actualites\/#website\"},\"primaryImageOfPage\":{\"@id\":\"https:\/\/vieassociative.be\/actualites\/spotify-augmente-encore-ses-prix\/#primaryimage\"},\"image\":{\"@id\":\"https:\/\/vieassociative.be\/actualites\/spotify-augmente-encore-ses-prix\/#primaryimage\"},\"thumbnailUrl\":\"https:\/\/vieassociative.be\/actualites\/wp-content\/uploads\/2026\/01\/Spotify-augmente-encore-ses-prix.jpg\",\"datePublished\":\"2026-01-15T17:17:52+00:00\",\"dateModified\":\"2026-01-15T17:17:52+00:00\",\"breadcrumb\":{\"@id\":\"https:\/\/vieassociative.be\/actualites\/spotify-augmente-encore-ses-prix\/#breadcrumb\"},\"inLanguage\":\"fr-BE\",\"potentialAction\":[{\"@type\":\"ReadAction\",\"target\":[\"https:\/\/vieassociative.be\/actualites\/spotify-augmente-encore-ses-prix\/\"]}]},{\"@type\":\"ImageObject\",\"inLanguage\":\"fr-BE\",\"@id\":\"https:\/\/vieassociative.be\/actualites\/spotify-augmente-encore-ses-prix\/#primaryimage\",\"url\":\"https:\/\/vieassociative.be\/actualites\/wp-content\/uploads\/2026\/01\/Spotify-augmente-encore-ses-prix.jpg\",\"contentUrl\":\"https:\/\/vieassociative.be\/actualites\/wp-content\/uploads\/2026\/01\/Spotify-augmente-encore-ses-prix.jpg\",\"width\":1200,\"height\":675,\"caption\":\"Spotify augmente encore ses prix\"},{\"@type\":\"BreadcrumbList\",\"@id\":\"https:\/\/vieassociative.be\/actualites\/spotify-augmente-encore-ses-prix\/#breadcrumb\",\"itemListElement\":[{\"@type\":\"ListItem\",\"position\":1,\"name\":\"Accueil\",\"item\":\"https:\/\/vieassociative.be\/actualites\/\"},{\"@type\":\"ListItem\",\"position\":2,\"name\":\"Spotify augmente encore ses prix\"}]},{\"@type\":\"WebSite\",\"@id\":\"https:\/\/vieassociative.be\/actualites\/#website\",\"url\":\"https:\/\/vieassociative.be\/actualites\/\",\"name\":\"Vie Associative\",\"description\":\"\",\"publisher\":{\"@id\":\"https:\/\/vieassociative.be\/actualites\/#organization\"},\"potentialAction\":[{\"@type\":\"SearchAction\",\"target\":{\"@type\":\"EntryPoint\",\"urlTemplate\":\"https:\/\/vieassociative.be\/actualites\/?s={search_term_string}\"},\"query-input\":{\"@type\":\"PropertyValueSpecification\",\"valueRequired\":true,\"valueName\":\"search_term_string\"}}],\"inLanguage\":\"fr-BE\"},{\"@type\":\"Organization\",\"@id\":\"https:\/\/vieassociative.be\/actualites\/#organization\",\"name\":\"Vie Associative\",\"url\":\"https:\/\/vieassociative.be\/actualites\/\",\"logo\":{\"@type\":\"ImageObject\",\"inLanguage\":\"fr-BE\",\"@id\":\"https:\/\/vieassociative.be\/actualites\/#\/schema\/logo\/image\/\",\"url\":\"https:\/\/vieassociative.be\/actualites\/wp-content\/uploads\/2024\/09\/cropped-vieassociative_favicon.ico.png\",\"contentUrl\":\"https:\/\/vieassociative.be\/actualites\/wp-content\/uploads\/2024\/09\/cropped-vieassociative_favicon.ico.png\",\"width\":512,\"height\":512,\"caption\":\"Vie Associative\"},\"image\":{\"@id\":\"https:\/\/vieassociative.be\/actualites\/#\/schema\/logo\/image\/\"}},{\"@type\":\"Person\",\"@id\":\"https:\/\/vieassociative.be\/actualites\/#\/schema\/person\/b87ac4f82f9d4e7b7cec7395b679edc4\",\"name\":\"Julien\",\"image\":{\"@type\":\"ImageObject\",\"inLanguage\":\"fr-BE\",\"@id\":\"https:\/\/vieassociative.be\/actualites\/#\/schema\/person\/image\/\",\"url\":\"https:\/\/vieassociative.be\/actualites\/wp-content\/uploads\/2024\/09\/vie-associative-1-150x150.jpg\",\"contentUrl\":\"https:\/\/vieassociative.be\/actualites\/wp-content\/uploads\/2024\/09\/vie-associative-1-150x150.jpg\",\"caption\":\"Julien\"},\"description\":\"Je suis Julien, r\u00e9dacteur pour Vie Associative. Passionn\u00e9 par le monde associatif depuis plus de 10 ans, j'ai \u00e0 c\u0153ur de partager des histoires inspirantes et de mettre en lumi\u00e8re les initiatives locales. Mon objectif est de sensibiliser et d'encourager l'engagement communautaire \u00e0 travers mes articles.\",\"sameAs\":[\"https:\/\/vieassociative.be\/\"]}]}<\/script>\n<!-- \/ Yoast SEO plugin. -->","yoast_head_json":{"title":"Spotify augmente encore ses prix | Vie Associative","robots":{"index":"index","follow":"follow","max-snippet":"max-snippet:-1","max-image-preview":"max-image-preview:large","max-video-preview":"max-video-preview:-1"},"canonical":"https:\/\/vieassociative.be\/actualites\/spotify-augmente-encore-ses-prix\/","og_locale":"fr_FR","og_type":"article","og_title":"Spotify augmente encore ses prix | Vie Associative","og_description":"Si vous \u00eates abonn\u00e9 \u00e0 Spotify, commencez \u00e0 v\u00e9rifier votre bo\u00eete de r\u00e9ception. Le service de streaming musical envoie des e-mails aux clients pour les","og_url":"https:\/\/vieassociative.be\/actualites\/spotify-augmente-encore-ses-prix\/","og_site_name":"Vie Associative","article_published_time":"2026-01-15T17:17:52+00:00","og_image":[{"width":279,"height":92,"url":"https:\/\/vieassociative.be\/actualites\/wp-content\/uploads\/2024\/09\/header_backgroundk-01-e1726694325946.png","type":"image\/png"}],"author":"Julien","twitter_card":"summary_large_image","twitter_misc":{"\u00c9crit par":"Julien","Dur\u00e9e de lecture est.":"2 minutes"},"schema":{"@context":"https:\/\/schema.org","@graph":[{"@type":"Article","@id":"https:\/\/vieassociative.be\/actualites\/spotify-augmente-encore-ses-prix\/#article","isPartOf":{"@id":"https:\/\/vieassociative.be\/actualites\/spotify-augmente-encore-ses-prix\/"},"author":{"name":"Julien","@id":"https:\/\/vieassociative.be\/actualites\/#\/schema\/person\/b87ac4f82f9d4e7b7cec7395b679edc4"},"headline":"Spotify augmente encore ses prix","datePublished":"2026-01-15T17:17:52+00:00","dateModified":"2026-01-15T17:17:52+00:00","mainEntityOfPage":{"@id":"https:\/\/vieassociative.be\/actualites\/spotify-augmente-encore-ses-prix\/"},"wordCount":412,"publisher":{"@id":"https:\/\/vieassociative.be\/actualites\/#organization"},"image":{"@id":"https:\/\/vieassociative.be\/actualites\/spotify-augmente-encore-ses-prix\/#primaryimage"},"thumbnailUrl":"https:\/\/vieassociative.be\/actualites\/wp-content\/uploads\/2026\/01\/Spotify-augmente-encore-ses-prix.jpg","keywords":["augmente","encore","prix","ses","Spotify"],"inLanguage":"fr-BE"},{"@type":"WebPage","@id":"https:\/\/vieassociative.be\/actualites\/spotify-augmente-encore-ses-prix\/","url":"https:\/\/vieassociative.be\/actualites\/spotify-augmente-encore-ses-prix\/","name":"Spotify augmente encore ses prix | Vie Associative","isPartOf":{"@id":"https:\/\/vieassociative.be\/actualites\/#website"},"primaryImageOfPage":{"@id":"https:\/\/vieassociative.be\/actualites\/spotify-augmente-encore-ses-prix\/#primaryimage"},"image":{"@id":"https:\/\/vieassociative.be\/actualites\/spotify-augmente-encore-ses-prix\/#primaryimage"},"thumbnailUrl":"https:\/\/vieassociative.be\/actualites\/wp-content\/uploads\/2026\/01\/Spotify-augmente-encore-ses-prix.jpg","datePublished":"2026-01-15T17:17:52+00:00","dateModified":"2026-01-15T17:17:52+00:00","breadcrumb":{"@id":"https:\/\/vieassociative.be\/actualites\/spotify-augmente-encore-ses-prix\/#breadcrumb"},"inLanguage":"fr-BE","potentialAction":[{"@type":"ReadAction","target":["https:\/\/vieassociative.be\/actualites\/spotify-augmente-encore-ses-prix\/"]}]},{"@type":"ImageObject","inLanguage":"fr-BE","@id":"https:\/\/vieassociative.be\/actualites\/spotify-augmente-encore-ses-prix\/#primaryimage","url":"https:\/\/vieassociative.be\/actualites\/wp-content\/uploads\/2026\/01\/Spotify-augmente-encore-ses-prix.jpg","contentUrl":"https:\/\/vieassociative.be\/actualites\/wp-content\/uploads\/2026\/01\/Spotify-augmente-encore-ses-prix.jpg","width":1200,"height":675,"caption":"Spotify augmente encore ses prix"},{"@type":"BreadcrumbList","@id":"https:\/\/vieassociative.be\/actualites\/spotify-augmente-encore-ses-prix\/#breadcrumb","itemListElement":[{"@type":"ListItem","position":1,"name":"Accueil","item":"https:\/\/vieassociative.be\/actualites\/"},{"@type":"ListItem","position":2,"name":"Spotify augmente encore ses prix"}]},{"@type":"WebSite","@id":"https:\/\/vieassociative.be\/actualites\/#website","url":"https:\/\/vieassociative.be\/actualites\/","name":"Vie Associative","description":"","publisher":{"@id":"https:\/\/vieassociative.be\/actualites\/#organization"},"potentialAction":[{"@type":"SearchAction","target":{"@type":"EntryPoint","urlTemplate":"https:\/\/vieassociative.be\/actualites\/?s={search_term_string}"},"query-input":{"@type":"PropertyValueSpecification","valueRequired":true,"valueName":"search_term_string"}}],"inLanguage":"fr-BE"},{"@type":"Organization","@id":"https:\/\/vieassociative.be\/actualites\/#organization","name":"Vie Associative","url":"https:\/\/vieassociative.be\/actualites\/","logo":{"@type":"ImageObject","inLanguage":"fr-BE","@id":"https:\/\/vieassociative.be\/actualites\/#\/schema\/logo\/image\/","url":"https:\/\/vieassociative.be\/actualites\/wp-content\/uploads\/2024\/09\/cropped-vieassociative_favicon.ico.png","contentUrl":"https:\/\/vieassociative.be\/actualites\/wp-content\/uploads\/2024\/09\/cropped-vieassociative_favicon.ico.png","width":512,"height":512,"caption":"Vie Associative"},"image":{"@id":"https:\/\/vieassociative.be\/actualites\/#\/schema\/logo\/image\/"}},{"@type":"Person","@id":"https:\/\/vieassociative.be\/actualites\/#\/schema\/person\/b87ac4f82f9d4e7b7cec7395b679edc4","name":"Julien","image":{"@type":"ImageObject","inLanguage":"fr-BE","@id":"https:\/\/vieassociative.be\/actualites\/#\/schema\/person\/image\/","url":"https:\/\/vieassociative.be\/actualites\/wp-content\/uploads\/2024\/09\/vie-associative-1-150x150.jpg","contentUrl":"https:\/\/vieassociative.be\/actualites\/wp-content\/uploads\/2024\/09\/vie-associative-1-150x150.jpg","caption":"Julien"},"description":"Je suis Julien, r\u00e9dacteur pour Vie Associative. Passionn\u00e9 par le monde associatif depuis plus de 10 ans, j'ai \u00e0 c\u0153ur de partager des histoires inspirantes et de mettre en lumi\u00e8re les initiatives locales. Mon objectif est de sensibiliser et d'encourager l'engagement communautaire \u00e0 travers mes articles.","sameAs":["https:\/\/vieassociative.be\/"]}]}},"_links":{"self":[{"href":"https:\/\/vieassociative.be\/actualites\/wp-json\/wp\/v2\/posts\/12219"}],"collection":[{"href":"https:\/\/vieassociative.be\/actualites\/wp-json\/wp\/v2\/posts"}],"about":[{"href":"https:\/\/vieassociative.be\/actualites\/wp-json\/wp\/v2\/types\/post"}],"author":[{"embeddable":true,"href":"https:\/\/vieassociative.be\/actualites\/wp-json\/wp\/v2\/users\/1"}],"replies":[{"embeddable":true,"href":"https:\/\/vieassociative.be\/actualites\/wp-json\/wp\/v2\/comments?post=12219"}],"version-history":[{"count":0,"href":"https:\/\/vieassociative.be\/actualites\/wp-json\/wp\/v2\/posts\/12219\/revisions"}],"wp:featuredmedia":[{"embeddable":true,"href":"https:\/\/vieassociative.be\/actualites\/wp-json\/wp\/v2\/media\/12220"}],"wp:attachment":[{"href":"https:\/\/vieassociative.be\/actualites\/wp-json\/wp\/v2\/media?parent=12219"}],"wp:term":[{"taxonomy":"category","embeddable":true,"href":"https:\/\/vieassociative.be\/actualites\/wp-json\/wp\/v2\/categories?post=12219"},{"taxonomy":"post_tag","embeddable":true,"href":"https:\/\/vieassociative.be\/actualites\/wp-json\/wp\/v2\/tags?post=12219"}],"curies":[{"name":"wp","href":"https:\/\/api.w.org\/{rel}","templated":true}]}}