{"id":12218,"date":"2026-01-15T13:17:26","date_gmt":"2026-01-15T12:17:26","guid":{"rendered":"https:\/\/vieassociative.be\/actualites\/lettre-a-la-redaction-penalise-pour-problemes-de-sante\/"},"modified":"2026-01-15T13:17:26","modified_gmt":"2026-01-15T12:17:26","slug":"lettre-a-la-redaction-penalise-pour-problemes-de-sante","status":"publish","type":"post","link":"https:\/\/vieassociative.be\/actualites\/lettre-a-la-redaction-penalise-pour-problemes-de-sante\/","title":{"rendered":"LETTRE \u00c0 LA R\u00c9DACTION \u2013 P\u00e9nalis\u00e9 pour probl\u00e8mes de sant\u00e9"},"content":{"rendered":"<p><strong>Ce texte d\u00e9crit mon exp\u00e9rience personnelle et se veut une contribution au d\u00e9bat public.<\/strong><\/p>\n<p><span id=\"more-433866\"><\/span>Je n&rsquo;ai commis aucun crime et je n&rsquo;ai fait de mal \u00e0 personne. J&rsquo;ai n\u00e9anmoins d\u00fb payer 12 000 euros. Pour moi, ce montant \u00e9quivaut \u00e0 une dizaine d\u2019ann\u00e9es d\u2019\u00e9conomies.<\/p>\n<p>La raison en est un retard de six mois dans un d\u00e9m\u00e9nagement qui, selon la r\u00e9glementation en vigueur, aurait d\u00fb \u00eatre achev\u00e9 d&rsquo;ici un an.<\/p>\n<p>Ce retard \u00e9tait d\u00fb \u00e0 des raisons de sant\u00e9 : apr\u00e8s un accident qui a entra\u00een\u00e9 une fracture du poignet et des probl\u00e8mes de dos persistants, les d\u00e9placements n&rsquo;\u00e9taient plus possibles que dans une mesure limit\u00e9e. Apr\u00e8s l&#8217;emm\u00e9nagement, de graves r\u00e9actions allergiques se sont \u00e9galement produites, dont la cause n&rsquo;a pas pu \u00eatre clairement d\u00e9termin\u00e9e malgr\u00e9 les examens m\u00e9dicaux, car il n&rsquo;existe pas de tests standardis\u00e9s pour certains mat\u00e9riaux de construction.<br \/>\nMalgr\u00e9 ces circonstances, le retard a \u00e9t\u00e9 pleinement sanctionn\u00e9. De mon point de vue personnel, cette d\u00e9cision semble disproportionn\u00e9e dans la mesure o\u00f9 les situations de sant\u00e9 individuelles n&rsquo;ont gu\u00e8re \u00e9t\u00e9 prises en compte.<\/p>\n<p>Selon moi, cette affaire soul\u00e8ve une question fondamentale : comment sont trait\u00e9s les petits propri\u00e9taires qui r\u00e9alisent des investissements de pr\u00e9caution pour assurer leur avenir ? Outre les exigences croissantes, les nouvelles normes et obligations administratives, ils sont soumis \u00e0 une pression financi\u00e8re croissante. \u00c0 long terme, ces \u00e9volutions affectent \u00e9galement les locataires, car les co\u00fbts suppl\u00e9mentaires sont g\u00e9n\u00e9ralement r\u00e9percut\u00e9s.<\/p>\n<p>Je pense qu&rsquo;il est important d&rsquo;avoir une discussion objective sur la proportionnalit\u00e9 et l&rsquo;humanit\u00e9 dans l&rsquo;application des r\u00e9glementations existantes. Dans des cas justifi\u00e9s, des exceptions ou des solutions plus flexibles devraient \u00eatre possibles.<\/p>\n<p>Les lecteurs qui souhaitent partager leurs opinions ou exp\u00e9riences similaires sont invit\u00e9s \u00e0 m&rsquo;\u00e9crire \u00e0 europomliege@hotmail.com. Je r\u00e9pondrai personnellement \u00e0 chaque lettre.<\/p>\n<p><strong>15\/01\/2026 Pascale Baudimont, Eupen<\/strong><\/p>\n","protected":false},"excerpt":{"rendered":"<p>Ce texte d\u00e9crit mon exp\u00e9rience personnelle et se veut une contribution au d\u00e9bat public. Je n&rsquo;ai commis aucun crime et je n&rsquo;ai fait de mal<\/p>\n","protected":false},"author":1,"featured_media":2567,"comment_status":"","ping_status":"","sticky":false,"template":"","format":"standard","meta":{"footnotes":""},"categories":[298],"tags":[2628,9778,81,977,3296,916],"class_list":["post-12218","post","type-post","status-publish","format-standard","has-post-thumbnail","hentry","category-belgique","tag-lettre","tag-penalise","tag-pour","tag-problemes","tag-redaction","tag-sante","generate-columns","tablet-grid-50","mobile-grid-100","grid-parent","grid-33"],"yoast_head":"<!-- This site is optimized with the Yoast SEO plugin v24.0 - https:\/\/yoast.com\/wordpress\/plugins\/seo\/ -->\n<title>LETTRE \u00c0 LA R\u00c9DACTION \u2013 P\u00e9nalis\u00e9 pour probl\u00e8mes de sant\u00e9 | Vie Associative<\/title>\n<meta name=\"robots\" content=\"index, follow, max-snippet:-1, max-image-preview:large, max-video-preview:-1\" \/>\n<link rel=\"canonical\" href=\"https:\/\/vieassociative.be\/actualites\/lettre-a-la-redaction-penalise-pour-problemes-de-sante\/\" \/>\n<meta property=\"og:locale\" content=\"fr_FR\" \/>\n<meta property=\"og:type\" content=\"article\" \/>\n<meta property=\"og:title\" content=\"LETTRE \u00c0 LA R\u00c9DACTION \u2013 P\u00e9nalis\u00e9 pour probl\u00e8mes de sant\u00e9 | Vie Associative\" \/>\n<meta property=\"og:description\" content=\"Ce texte d\u00e9crit mon exp\u00e9rience personnelle et se veut une contribution au d\u00e9bat public. Je n&rsquo;ai commis aucun crime et je n&rsquo;ai fait de mal\" \/>\n<meta property=\"og:url\" content=\"https:\/\/vieassociative.be\/actualites\/lettre-a-la-redaction-penalise-pour-problemes-de-sante\/\" \/>\n<meta property=\"og:site_name\" content=\"Vie Associative\" \/>\n<meta property=\"article:published_time\" content=\"2026-01-15T12:17:26+00:00\" \/>\n<meta property=\"og:image\" content=\"https:\/\/vieassociative.be\/actualites\/wp-content\/uploads\/2024\/09\/header_backgroundk-01-e1726694325946.png\" \/>\n\t<meta property=\"og:image:width\" content=\"279\" \/>\n\t<meta property=\"og:image:height\" content=\"92\" \/>\n\t<meta property=\"og:image:type\" content=\"image\/png\" \/>\n<meta name=\"author\" content=\"Julien\" \/>\n<meta name=\"twitter:card\" content=\"summary_large_image\" \/>\n<meta name=\"twitter:label1\" content=\"\u00c9crit par\" \/>\n\t<meta name=\"twitter:data1\" content=\"Julien\" \/>\n\t<meta name=\"twitter:label2\" content=\"Dur\u00e9e de lecture est.\" \/>\n\t<meta name=\"twitter:data2\" content=\"2 minutes\" \/>\n<script type=\"application\/ld+json\" class=\"yoast-schema-graph\">{\"@context\":\"https:\/\/schema.org\",\"@graph\":[{\"@type\":\"Article\",\"@id\":\"https:\/\/vieassociative.be\/actualites\/lettre-a-la-redaction-penalise-pour-problemes-de-sante\/#article\",\"isPartOf\":{\"@id\":\"https:\/\/vieassociative.be\/actualites\/lettre-a-la-redaction-penalise-pour-problemes-de-sante\/\"},\"author\":{\"name\":\"Julien\",\"@id\":\"https:\/\/vieassociative.be\/actualites\/#\/schema\/person\/b87ac4f82f9d4e7b7cec7395b679edc4\"},\"headline\":\"LETTRE \u00c0 LA R\u00c9DACTION \u2013 P\u00e9nalis\u00e9 pour probl\u00e8mes de sant\u00e9\",\"datePublished\":\"2026-01-15T12:17:26+00:00\",\"dateModified\":\"2026-01-15T12:17:26+00:00\",\"mainEntityOfPage\":{\"@id\":\"https:\/\/vieassociative.be\/actualites\/lettre-a-la-redaction-penalise-pour-problemes-de-sante\/\"},\"wordCount\":349,\"publisher\":{\"@id\":\"https:\/\/vieassociative.be\/actualites\/#organization\"},\"image\":{\"@id\":\"https:\/\/vieassociative.be\/actualites\/lettre-a-la-redaction-penalise-pour-problemes-de-sante\/#primaryimage\"},\"thumbnailUrl\":\"https:\/\/vieassociative.be\/actualites\/wp-content\/uploads\/2024\/11\/LETTRE-A-LA-REDACTION-\u2013-Audi-Bruxelles-dernier-avertissement-du.jpeg\",\"keywords\":[\"lettre\",\"P\u00e9nalis\u00e9\",\"pour\",\"probl\u00e8mes\",\"R\u00c9DACTION\",\"sant\u00e9\"],\"articleSection\":[\"Belgique\"],\"inLanguage\":\"fr-BE\"},{\"@type\":\"WebPage\",\"@id\":\"https:\/\/vieassociative.be\/actualites\/lettre-a-la-redaction-penalise-pour-problemes-de-sante\/\",\"url\":\"https:\/\/vieassociative.be\/actualites\/lettre-a-la-redaction-penalise-pour-problemes-de-sante\/\",\"name\":\"LETTRE \u00c0 LA R\u00c9DACTION \u2013 P\u00e9nalis\u00e9 pour probl\u00e8mes de sant\u00e9 | Vie Associative\",\"isPartOf\":{\"@id\":\"https:\/\/vieassociative.be\/actualites\/#website\"},\"primaryImageOfPage\":{\"@id\":\"https:\/\/vieassociative.be\/actualites\/lettre-a-la-redaction-penalise-pour-problemes-de-sante\/#primaryimage\"},\"image\":{\"@id\":\"https:\/\/vieassociative.be\/actualites\/lettre-a-la-redaction-penalise-pour-problemes-de-sante\/#primaryimage\"},\"thumbnailUrl\":\"https:\/\/vieassociative.be\/actualites\/wp-content\/uploads\/2024\/11\/LETTRE-A-LA-REDACTION-\u2013-Audi-Bruxelles-dernier-avertissement-du.jpeg\",\"datePublished\":\"2026-01-15T12:17:26+00:00\",\"dateModified\":\"2026-01-15T12:17:26+00:00\",\"breadcrumb\":{\"@id\":\"https:\/\/vieassociative.be\/actualites\/lettre-a-la-redaction-penalise-pour-problemes-de-sante\/#breadcrumb\"},\"inLanguage\":\"fr-BE\",\"potentialAction\":[{\"@type\":\"ReadAction\",\"target\":[\"https:\/\/vieassociative.be\/actualites\/lettre-a-la-redaction-penalise-pour-problemes-de-sante\/\"]}]},{\"@type\":\"ImageObject\",\"inLanguage\":\"fr-BE\",\"@id\":\"https:\/\/vieassociative.be\/actualites\/lettre-a-la-redaction-penalise-pour-problemes-de-sante\/#primaryimage\",\"url\":\"https:\/\/vieassociative.be\/actualites\/wp-content\/uploads\/2024\/11\/LETTRE-A-LA-REDACTION-\u2013-Audi-Bruxelles-dernier-avertissement-du.jpeg\",\"contentUrl\":\"https:\/\/vieassociative.be\/actualites\/wp-content\/uploads\/2024\/11\/LETTRE-A-LA-REDACTION-\u2013-Audi-Bruxelles-dernier-avertissement-du.jpeg\",\"width\":1024,\"height\":747,\"caption\":\"LETTRE \u00c0 LA R\u00c9DACTION \u2013 Audi Bruxelles, dernier avertissement du gouffre\"},{\"@type\":\"BreadcrumbList\",\"@id\":\"https:\/\/vieassociative.be\/actualites\/lettre-a-la-redaction-penalise-pour-problemes-de-sante\/#breadcrumb\",\"itemListElement\":[{\"@type\":\"ListItem\",\"position\":1,\"name\":\"Accueil\",\"item\":\"https:\/\/vieassociative.be\/actualites\/\"},{\"@type\":\"ListItem\",\"position\":2,\"name\":\"LETTRE \u00c0 LA R\u00c9DACTION \u2013 P\u00e9nalis\u00e9 pour probl\u00e8mes de sant\u00e9\"}]},{\"@type\":\"WebSite\",\"@id\":\"https:\/\/vieassociative.be\/actualites\/#website\",\"url\":\"https:\/\/vieassociative.be\/actualites\/\",\"name\":\"Vie Associative\",\"description\":\"\",\"publisher\":{\"@id\":\"https:\/\/vieassociative.be\/actualites\/#organization\"},\"potentialAction\":[{\"@type\":\"SearchAction\",\"target\":{\"@type\":\"EntryPoint\",\"urlTemplate\":\"https:\/\/vieassociative.be\/actualites\/?s={search_term_string}\"},\"query-input\":{\"@type\":\"PropertyValueSpecification\",\"valueRequired\":true,\"valueName\":\"search_term_string\"}}],\"inLanguage\":\"fr-BE\"},{\"@type\":\"Organization\",\"@id\":\"https:\/\/vieassociative.be\/actualites\/#organization\",\"name\":\"Vie Associative\",\"url\":\"https:\/\/vieassociative.be\/actualites\/\",\"logo\":{\"@type\":\"ImageObject\",\"inLanguage\":\"fr-BE\",\"@id\":\"https:\/\/vieassociative.be\/actualites\/#\/schema\/logo\/image\/\",\"url\":\"https:\/\/vieassociative.be\/actualites\/wp-content\/uploads\/2024\/09\/cropped-vieassociative_favicon.ico.png\",\"contentUrl\":\"https:\/\/vieassociative.be\/actualites\/wp-content\/uploads\/2024\/09\/cropped-vieassociative_favicon.ico.png\",\"width\":512,\"height\":512,\"caption\":\"Vie Associative\"},\"image\":{\"@id\":\"https:\/\/vieassociative.be\/actualites\/#\/schema\/logo\/image\/\"}},{\"@type\":\"Person\",\"@id\":\"https:\/\/vieassociative.be\/actualites\/#\/schema\/person\/b87ac4f82f9d4e7b7cec7395b679edc4\",\"name\":\"Julien\",\"image\":{\"@type\":\"ImageObject\",\"inLanguage\":\"fr-BE\",\"@id\":\"https:\/\/vieassociative.be\/actualites\/#\/schema\/person\/image\/\",\"url\":\"https:\/\/vieassociative.be\/actualites\/wp-content\/uploads\/2024\/09\/vie-associative-1-150x150.jpg\",\"contentUrl\":\"https:\/\/vieassociative.be\/actualites\/wp-content\/uploads\/2024\/09\/vie-associative-1-150x150.jpg\",\"caption\":\"Julien\"},\"description\":\"Je suis Julien, r\u00e9dacteur pour Vie Associative. Passionn\u00e9 par le monde associatif depuis plus de 10 ans, j'ai \u00e0 c\u0153ur de partager des histoires inspirantes et de mettre en lumi\u00e8re les initiatives locales. Mon objectif est de sensibiliser et d'encourager l'engagement communautaire \u00e0 travers mes articles.\",\"sameAs\":[\"https:\/\/vieassociative.be\/\"]}]}<\/script>\n<!-- \/ Yoast SEO plugin. -->","yoast_head_json":{"title":"LETTRE \u00c0 LA R\u00c9DACTION \u2013 P\u00e9nalis\u00e9 pour probl\u00e8mes de sant\u00e9 | Vie Associative","robots":{"index":"index","follow":"follow","max-snippet":"max-snippet:-1","max-image-preview":"max-image-preview:large","max-video-preview":"max-video-preview:-1"},"canonical":"https:\/\/vieassociative.be\/actualites\/lettre-a-la-redaction-penalise-pour-problemes-de-sante\/","og_locale":"fr_FR","og_type":"article","og_title":"LETTRE \u00c0 LA R\u00c9DACTION \u2013 P\u00e9nalis\u00e9 pour probl\u00e8mes de sant\u00e9 | Vie Associative","og_description":"Ce texte d\u00e9crit mon exp\u00e9rience personnelle et se veut une contribution au d\u00e9bat public. Je n&rsquo;ai commis aucun crime et je n&rsquo;ai fait de mal","og_url":"https:\/\/vieassociative.be\/actualites\/lettre-a-la-redaction-penalise-pour-problemes-de-sante\/","og_site_name":"Vie Associative","article_published_time":"2026-01-15T12:17:26+00:00","og_image":[{"width":279,"height":92,"url":"https:\/\/vieassociative.be\/actualites\/wp-content\/uploads\/2024\/09\/header_backgroundk-01-e1726694325946.png","type":"image\/png"}],"author":"Julien","twitter_card":"summary_large_image","twitter_misc":{"\u00c9crit par":"Julien","Dur\u00e9e de lecture est.":"2 minutes"},"schema":{"@context":"https:\/\/schema.org","@graph":[{"@type":"Article","@id":"https:\/\/vieassociative.be\/actualites\/lettre-a-la-redaction-penalise-pour-problemes-de-sante\/#article","isPartOf":{"@id":"https:\/\/vieassociative.be\/actualites\/lettre-a-la-redaction-penalise-pour-problemes-de-sante\/"},"author":{"name":"Julien","@id":"https:\/\/vieassociative.be\/actualites\/#\/schema\/person\/b87ac4f82f9d4e7b7cec7395b679edc4"},"headline":"LETTRE \u00c0 LA R\u00c9DACTION \u2013 P\u00e9nalis\u00e9 pour probl\u00e8mes de sant\u00e9","datePublished":"2026-01-15T12:17:26+00:00","dateModified":"2026-01-15T12:17:26+00:00","mainEntityOfPage":{"@id":"https:\/\/vieassociative.be\/actualites\/lettre-a-la-redaction-penalise-pour-problemes-de-sante\/"},"wordCount":349,"publisher":{"@id":"https:\/\/vieassociative.be\/actualites\/#organization"},"image":{"@id":"https:\/\/vieassociative.be\/actualites\/lettre-a-la-redaction-penalise-pour-problemes-de-sante\/#primaryimage"},"thumbnailUrl":"https:\/\/vieassociative.be\/actualites\/wp-content\/uploads\/2024\/11\/LETTRE-A-LA-REDACTION-\u2013-Audi-Bruxelles-dernier-avertissement-du.jpeg","keywords":["lettre","P\u00e9nalis\u00e9","pour","probl\u00e8mes","R\u00c9DACTION","sant\u00e9"],"articleSection":["Belgique"],"inLanguage":"fr-BE"},{"@type":"WebPage","@id":"https:\/\/vieassociative.be\/actualites\/lettre-a-la-redaction-penalise-pour-problemes-de-sante\/","url":"https:\/\/vieassociative.be\/actualites\/lettre-a-la-redaction-penalise-pour-problemes-de-sante\/","name":"LETTRE \u00c0 LA R\u00c9DACTION \u2013 P\u00e9nalis\u00e9 pour probl\u00e8mes de sant\u00e9 | Vie Associative","isPartOf":{"@id":"https:\/\/vieassociative.be\/actualites\/#website"},"primaryImageOfPage":{"@id":"https:\/\/vieassociative.be\/actualites\/lettre-a-la-redaction-penalise-pour-problemes-de-sante\/#primaryimage"},"image":{"@id":"https:\/\/vieassociative.be\/actualites\/lettre-a-la-redaction-penalise-pour-problemes-de-sante\/#primaryimage"},"thumbnailUrl":"https:\/\/vieassociative.be\/actualites\/wp-content\/uploads\/2024\/11\/LETTRE-A-LA-REDACTION-\u2013-Audi-Bruxelles-dernier-avertissement-du.jpeg","datePublished":"2026-01-15T12:17:26+00:00","dateModified":"2026-01-15T12:17:26+00:00","breadcrumb":{"@id":"https:\/\/vieassociative.be\/actualites\/lettre-a-la-redaction-penalise-pour-problemes-de-sante\/#breadcrumb"},"inLanguage":"fr-BE","potentialAction":[{"@type":"ReadAction","target":["https:\/\/vieassociative.be\/actualites\/lettre-a-la-redaction-penalise-pour-problemes-de-sante\/"]}]},{"@type":"ImageObject","inLanguage":"fr-BE","@id":"https:\/\/vieassociative.be\/actualites\/lettre-a-la-redaction-penalise-pour-problemes-de-sante\/#primaryimage","url":"https:\/\/vieassociative.be\/actualites\/wp-content\/uploads\/2024\/11\/LETTRE-A-LA-REDACTION-\u2013-Audi-Bruxelles-dernier-avertissement-du.jpeg","contentUrl":"https:\/\/vieassociative.be\/actualites\/wp-content\/uploads\/2024\/11\/LETTRE-A-LA-REDACTION-\u2013-Audi-Bruxelles-dernier-avertissement-du.jpeg","width":1024,"height":747,"caption":"LETTRE \u00c0 LA R\u00c9DACTION \u2013 Audi Bruxelles, dernier avertissement du gouffre"},{"@type":"BreadcrumbList","@id":"https:\/\/vieassociative.be\/actualites\/lettre-a-la-redaction-penalise-pour-problemes-de-sante\/#breadcrumb","itemListElement":[{"@type":"ListItem","position":1,"name":"Accueil","item":"https:\/\/vieassociative.be\/actualites\/"},{"@type":"ListItem","position":2,"name":"LETTRE \u00c0 LA R\u00c9DACTION \u2013 P\u00e9nalis\u00e9 pour probl\u00e8mes de sant\u00e9"}]},{"@type":"WebSite","@id":"https:\/\/vieassociative.be\/actualites\/#website","url":"https:\/\/vieassociative.be\/actualites\/","name":"Vie Associative","description":"","publisher":{"@id":"https:\/\/vieassociative.be\/actualites\/#organization"},"potentialAction":[{"@type":"SearchAction","target":{"@type":"EntryPoint","urlTemplate":"https:\/\/vieassociative.be\/actualites\/?s={search_term_string}"},"query-input":{"@type":"PropertyValueSpecification","valueRequired":true,"valueName":"search_term_string"}}],"inLanguage":"fr-BE"},{"@type":"Organization","@id":"https:\/\/vieassociative.be\/actualites\/#organization","name":"Vie Associative","url":"https:\/\/vieassociative.be\/actualites\/","logo":{"@type":"ImageObject","inLanguage":"fr-BE","@id":"https:\/\/vieassociative.be\/actualites\/#\/schema\/logo\/image\/","url":"https:\/\/vieassociative.be\/actualites\/wp-content\/uploads\/2024\/09\/cropped-vieassociative_favicon.ico.png","contentUrl":"https:\/\/vieassociative.be\/actualites\/wp-content\/uploads\/2024\/09\/cropped-vieassociative_favicon.ico.png","width":512,"height":512,"caption":"Vie Associative"},"image":{"@id":"https:\/\/vieassociative.be\/actualites\/#\/schema\/logo\/image\/"}},{"@type":"Person","@id":"https:\/\/vieassociative.be\/actualites\/#\/schema\/person\/b87ac4f82f9d4e7b7cec7395b679edc4","name":"Julien","image":{"@type":"ImageObject","inLanguage":"fr-BE","@id":"https:\/\/vieassociative.be\/actualites\/#\/schema\/person\/image\/","url":"https:\/\/vieassociative.be\/actualites\/wp-content\/uploads\/2024\/09\/vie-associative-1-150x150.jpg","contentUrl":"https:\/\/vieassociative.be\/actualites\/wp-content\/uploads\/2024\/09\/vie-associative-1-150x150.jpg","caption":"Julien"},"description":"Je suis Julien, r\u00e9dacteur pour Vie Associative. Passionn\u00e9 par le monde associatif depuis plus de 10 ans, j'ai \u00e0 c\u0153ur de partager des histoires inspirantes et de mettre en lumi\u00e8re les initiatives locales. Mon objectif est de sensibiliser et d'encourager l'engagement communautaire \u00e0 travers mes articles.","sameAs":["https:\/\/vieassociative.be\/"]}]}},"_links":{"self":[{"href":"https:\/\/vieassociative.be\/actualites\/wp-json\/wp\/v2\/posts\/12218"}],"collection":[{"href":"https:\/\/vieassociative.be\/actualites\/wp-json\/wp\/v2\/posts"}],"about":[{"href":"https:\/\/vieassociative.be\/actualites\/wp-json\/wp\/v2\/types\/post"}],"author":[{"embeddable":true,"href":"https:\/\/vieassociative.be\/actualites\/wp-json\/wp\/v2\/users\/1"}],"replies":[{"embeddable":true,"href":"https:\/\/vieassociative.be\/actualites\/wp-json\/wp\/v2\/comments?post=12218"}],"version-history":[{"count":0,"href":"https:\/\/vieassociative.be\/actualites\/wp-json\/wp\/v2\/posts\/12218\/revisions"}],"wp:featuredmedia":[{"embeddable":true,"href":"https:\/\/vieassociative.be\/actualites\/wp-json\/wp\/v2\/media\/2567"}],"wp:attachment":[{"href":"https:\/\/vieassociative.be\/actualites\/wp-json\/wp\/v2\/media?parent=12218"}],"wp:term":[{"taxonomy":"category","embeddable":true,"href":"https:\/\/vieassociative.be\/actualites\/wp-json\/wp\/v2\/categories?post=12218"},{"taxonomy":"post_tag","embeddable":true,"href":"https:\/\/vieassociative.be\/actualites\/wp-json\/wp\/v2\/tags?post=12218"}],"curies":[{"name":"wp","href":"https:\/\/api.w.org\/{rel}","templated":true}]}}