{"id":12199,"date":"2026-01-14T00:17:23","date_gmt":"2026-01-13T23:17:23","guid":{"rendered":"https:\/\/vieassociative.be\/actualites\/google-modifie-sa-politique-de-compte-concernant-les-mineurs-de-13-ans\/"},"modified":"2026-01-14T00:17:23","modified_gmt":"2026-01-13T23:17:23","slug":"google-modifie-sa-politique-de-compte-concernant-les-mineurs-de-13-ans","status":"publish","type":"post","link":"https:\/\/vieassociative.be\/actualites\/google-modifie-sa-politique-de-compte-concernant-les-mineurs-de-13-ans\/","title":{"rendered":"Google modifie sa politique de compte concernant les mineurs de 13 ans"},"content":{"rendered":"<p>Si vous disposez d&rsquo;un compte familial via Google, vous pouvez supposer que vous pouvez contr\u00f4ler ce que votre enfant peut voir ou faire sur son appareil. C\u2019est possible, mais seulement jusqu\u2019\u00e0 un certain point. Lorsque votre enfant aura 13 ans, Google lui enverra un e-mail lui faisant savoir qu&rsquo;il peut choisir de d\u00e9sactiver votre supervision sur son compte. Vous recevez \u00e9galement un e-mail, mais ils n&rsquo;ont pas besoin de votre autorisation pour vous emp\u00eacher d&rsquo;acc\u00e9der \u00e0 leur appareil. Une fois qu&rsquo;ils d\u00e9cident qu&rsquo;ils sont pr\u00eats \u00e0 vivre une exp\u00e9rience de compte Google relativement compl\u00e8te, c&rsquo;est \u00e0 eux de faire un choix. <\/p>\n<p>Bien qu&rsquo;il s&rsquo;agisse de la politique officielle de Google, cette situation n&rsquo;\u00e9tait pas de notori\u00e9t\u00e9 publique. Suite \u00e0 une publication LinkedIn relativement virale sur le sujet, les parents \u00e9taient irrit\u00e9s \u00e0 l&rsquo;id\u00e9e que Google d\u00e9cide que leur enfant de 13 ans \u00e9tait pr\u00eat \u00e0 \u00eatre sans surveillance sur Internet. Le compte familial de Google permet aux enfants de b\u00e9n\u00e9ficier de forfaits supervis\u00e9s apr\u00e8s l&rsquo;\u00e2ge de 13 ans, mais ils peuvent choisir de supprimer la supervision \u00e0 tout moment, ce qui va largement \u00e0 l&rsquo;encontre de l&rsquo;objectif. Sauf si votre enfant <em>vraiment<\/em> respecte vos r\u00e8gles, il est probable qu&rsquo;il ne gardera pas son compte verrouill\u00e9 lorsqu&rsquo;il n&rsquo;y est pas oblig\u00e9.  <\/p>\n<h2 id=\"parents-can-still-supervise-their-13-year-olds-google-accounts\">Les parents peuvent toujours superviser les comptes Google de leurs enfants de 13 ans <\/h2>\n<p>Heureusement pour les parents, cela est en train de changer. Dans une publication distincte sur LinkedIn, Kate Charlet de Google a annonc\u00e9 que, dans le cadre d&rsquo;une mise \u00e0 jour pr\u00e9vue de la politique, les mineurs devront obtenir la permission de leurs parents avant de d\u00e9sactiver la supervision. (Charlet a \u00e9galement \u00e9voqu\u00e9 l&rsquo;\u00e2ge de 13 ans comme \u00ab\u00a0l&rsquo;\u00e2ge du consentement num\u00e9rique\u00a0\u00bb, ce qui me semble \u00eatre une fa\u00e7on extr\u00eamement \u00e9trange de dire \u00ab\u00a0assez vieux pour avoir un compte Google non supervis\u00e9\u00a0\u00bb.) <\/p>\n<p>Lorsque j&rsquo;ai contact\u00e9 Google au sujet des changements, l&rsquo;entreprise m&rsquo;a dit que la politique devait d\u00e9sormais \u00eatre ajust\u00e9e. En tant que tel, les jeunes de 13 ans ne devraient pas pouvoir retirer leur surveillance sans autorisation. Cela dit, les documents d&rsquo;assistance de Google n&rsquo;ont pas encore \u00e9t\u00e9 mis \u00e0 jour, le d\u00e9ploiement complet pourrait donc prendre un certain temps. <\/p>\n<p>En parlant des anciens documents d&rsquo;assistance de Google, la soci\u00e9t\u00e9 note que lorsque les enfants choisissaient de supprimer les autorisations, leur appareil se bloquait temporairement. Lorsque j&rsquo;ai interrog\u00e9 Google \u00e0 ce sujet, on m&rsquo;a r\u00e9pondu qu&rsquo;en raison du changement de politique, le verrouillage de l&rsquo;appareil n&rsquo;\u00e9tait plus une fonctionnalit\u00e9. Cependant, je ne comprends toujours pas comment cette fonctionnalit\u00e9 fonctionnait lorsque les enfants pouvaient supprimer les autorisations eux-m\u00eames\u00a0: les parents devaient-ils d\u00e9verrouiller manuellement l&rsquo;appareil pour leurs enfants\u00a0? Les appareils se d\u00e9verrouilleraient-ils apr\u00e8s une p\u00e9riode de temps d\u00e9finie\u00a0? J&rsquo;ai contact\u00e9 Google \u00e0 propos de ces questions, m\u00eame si elles n&rsquo;auront peut-\u00eatre plus d&rsquo;importance une fois que les adolescents auront besoin de la permission de leurs parents. <\/p>\n<h2 id=\"what-does-this-mean-for-my-childs-google-account\">Qu&rsquo;est-ce que cela signifie pour le compte Google de mon enfant\u00a0?<\/h2>\n<p>Comme je l&rsquo;explique dans mon article ici, la suppression de la supervision enl\u00e8ve beaucoup de contr\u00f4le aux parents et donne aux adolescents beaucoup plus de responsabilit\u00e9s. Les parents ne peuvent pas contr\u00f4ler le temps pass\u00e9 devant un \u00e9cran, g\u00e9rer les cartes de paiement et les transactions, et ne peuvent pas bloquer YouTube standard en faveur de YouTube Kids. De plus, les enfants peuvent choisir de cesser de partager leur position avec vous s&rsquo;ils le souhaitent.<\/p>\n<p>Mais maintenant que les parents ont le pouvoir ici, ces contr\u00f4les peuvent continuer pour votre enfant de 13 ans. Si vous souhaitez qu&rsquo;ils gardent leur localisation activ\u00e9e, ils n&rsquo;auront pas la possibilit\u00e9 de la d\u00e9sactiver ; si vous souhaitez surveiller leurs transactions, ils ne peuvent pas vous arr\u00eater ; si vous ne souhaitez pas qu&rsquo;ils aient une carte de cr\u00e9dit, ils ne pourront pas en ajouter une, du moins jusqu&rsquo;\u00e0 ce que vous d\u00e9sactiviez manuellement la supervision de votre c\u00f4t\u00e9. <\/p>\n<p>C&rsquo;est une bonne chose que Google offre plus d&rsquo;options aux familles, et il rejoint d&rsquo;autres grandes entreprises technologiques, comme Meta, qui font de m\u00eame. <\/p>\n","protected":false},"excerpt":{"rendered":"<p>Si vous disposez d&rsquo;un compte familial via Google, vous pouvez supposer que vous pouvez contr\u00f4ler ce que votre enfant peut voir ou faire sur son<\/p>\n","protected":false},"author":1,"featured_media":12200,"comment_status":"","ping_status":"","sticky":false,"template":"","format":"standard","meta":{"footnotes":""},"categories":[13],"tags":[584,962,3886,968,14,6543,8048,1513],"class_list":["post-12199","post","type-post","status-publish","format-standard","has-post-thumbnail","hentry","category-technologie","tag-ans","tag-compte","tag-concernant","tag-google","tag-les","tag-mineurs","tag-modifie","tag-politique","generate-columns","tablet-grid-50","mobile-grid-100","grid-parent","grid-33"],"yoast_head":"<!-- This site is optimized with the Yoast SEO plugin v24.0 - https:\/\/yoast.com\/wordpress\/plugins\/seo\/ -->\n<title>Google modifie sa politique de compte concernant les mineurs de 13 ans | Vie Associative<\/title>\n<meta name=\"robots\" content=\"index, follow, max-snippet:-1, max-image-preview:large, max-video-preview:-1\" \/>\n<link rel=\"canonical\" href=\"https:\/\/vieassociative.be\/actualites\/google-modifie-sa-politique-de-compte-concernant-les-mineurs-de-13-ans\/\" \/>\n<meta property=\"og:locale\" content=\"fr_FR\" \/>\n<meta property=\"og:type\" content=\"article\" \/>\n<meta property=\"og:title\" content=\"Google modifie sa politique de compte concernant les mineurs de 13 ans | Vie Associative\" \/>\n<meta property=\"og:description\" content=\"Si vous disposez d&rsquo;un compte familial via Google, vous pouvez supposer que vous pouvez contr\u00f4ler ce que votre enfant peut voir ou faire sur son\" \/>\n<meta property=\"og:url\" content=\"https:\/\/vieassociative.be\/actualites\/google-modifie-sa-politique-de-compte-concernant-les-mineurs-de-13-ans\/\" \/>\n<meta property=\"og:site_name\" content=\"Vie Associative\" \/>\n<meta property=\"article:published_time\" content=\"2026-01-13T23:17:23+00:00\" \/>\n<meta property=\"og:image\" content=\"https:\/\/vieassociative.be\/actualites\/wp-content\/uploads\/2024\/09\/header_backgroundk-01-e1726694325946.png\" \/>\n\t<meta property=\"og:image:width\" content=\"279\" \/>\n\t<meta property=\"og:image:height\" content=\"92\" \/>\n\t<meta property=\"og:image:type\" content=\"image\/png\" \/>\n<meta name=\"author\" content=\"Julien\" \/>\n<meta name=\"twitter:card\" content=\"summary_large_image\" \/>\n<meta name=\"twitter:label1\" content=\"\u00c9crit par\" \/>\n\t<meta name=\"twitter:data1\" content=\"Julien\" \/>\n\t<meta name=\"twitter:label2\" content=\"Dur\u00e9e de lecture est.\" \/>\n\t<meta name=\"twitter:data2\" content=\"4 minutes\" \/>\n<script type=\"application\/ld+json\" class=\"yoast-schema-graph\">{\"@context\":\"https:\/\/schema.org\",\"@graph\":[{\"@type\":\"Article\",\"@id\":\"https:\/\/vieassociative.be\/actualites\/google-modifie-sa-politique-de-compte-concernant-les-mineurs-de-13-ans\/#article\",\"isPartOf\":{\"@id\":\"https:\/\/vieassociative.be\/actualites\/google-modifie-sa-politique-de-compte-concernant-les-mineurs-de-13-ans\/\"},\"author\":{\"name\":\"Julien\",\"@id\":\"https:\/\/vieassociative.be\/actualites\/#\/schema\/person\/b87ac4f82f9d4e7b7cec7395b679edc4\"},\"headline\":\"Google modifie sa politique de compte concernant les mineurs de 13 ans\",\"datePublished\":\"2026-01-13T23:17:23+00:00\",\"dateModified\":\"2026-01-13T23:17:23+00:00\",\"mainEntityOfPage\":{\"@id\":\"https:\/\/vieassociative.be\/actualites\/google-modifie-sa-politique-de-compte-concernant-les-mineurs-de-13-ans\/\"},\"wordCount\":752,\"publisher\":{\"@id\":\"https:\/\/vieassociative.be\/actualites\/#organization\"},\"image\":{\"@id\":\"https:\/\/vieassociative.be\/actualites\/google-modifie-sa-politique-de-compte-concernant-les-mineurs-de-13-ans\/#primaryimage\"},\"thumbnailUrl\":\"https:\/\/vieassociative.be\/actualites\/wp-content\/uploads\/2026\/01\/Google-modifie-sa-politique-de-compte-concernant-les-mineurs-de.jpg\",\"keywords\":[\"ans\",\"compte\",\"concernant\",\"Google\",\"Les\",\"mineurs\",\"modifie\",\"politique\"],\"articleSection\":[\"Technologie\"],\"inLanguage\":\"fr-BE\"},{\"@type\":\"WebPage\",\"@id\":\"https:\/\/vieassociative.be\/actualites\/google-modifie-sa-politique-de-compte-concernant-les-mineurs-de-13-ans\/\",\"url\":\"https:\/\/vieassociative.be\/actualites\/google-modifie-sa-politique-de-compte-concernant-les-mineurs-de-13-ans\/\",\"name\":\"Google modifie sa politique de compte concernant les mineurs de 13 ans | Vie Associative\",\"isPartOf\":{\"@id\":\"https:\/\/vieassociative.be\/actualites\/#website\"},\"primaryImageOfPage\":{\"@id\":\"https:\/\/vieassociative.be\/actualites\/google-modifie-sa-politique-de-compte-concernant-les-mineurs-de-13-ans\/#primaryimage\"},\"image\":{\"@id\":\"https:\/\/vieassociative.be\/actualites\/google-modifie-sa-politique-de-compte-concernant-les-mineurs-de-13-ans\/#primaryimage\"},\"thumbnailUrl\":\"https:\/\/vieassociative.be\/actualites\/wp-content\/uploads\/2026\/01\/Google-modifie-sa-politique-de-compte-concernant-les-mineurs-de.jpg\",\"datePublished\":\"2026-01-13T23:17:23+00:00\",\"dateModified\":\"2026-01-13T23:17:23+00:00\",\"breadcrumb\":{\"@id\":\"https:\/\/vieassociative.be\/actualites\/google-modifie-sa-politique-de-compte-concernant-les-mineurs-de-13-ans\/#breadcrumb\"},\"inLanguage\":\"fr-BE\",\"potentialAction\":[{\"@type\":\"ReadAction\",\"target\":[\"https:\/\/vieassociative.be\/actualites\/google-modifie-sa-politique-de-compte-concernant-les-mineurs-de-13-ans\/\"]}]},{\"@type\":\"ImageObject\",\"inLanguage\":\"fr-BE\",\"@id\":\"https:\/\/vieassociative.be\/actualites\/google-modifie-sa-politique-de-compte-concernant-les-mineurs-de-13-ans\/#primaryimage\",\"url\":\"https:\/\/vieassociative.be\/actualites\/wp-content\/uploads\/2026\/01\/Google-modifie-sa-politique-de-compte-concernant-les-mineurs-de.jpg\",\"contentUrl\":\"https:\/\/vieassociative.be\/actualites\/wp-content\/uploads\/2026\/01\/Google-modifie-sa-politique-de-compte-concernant-les-mineurs-de.jpg\",\"width\":1200,\"height\":675,\"caption\":\"Google modifie sa politique de compte concernant les mineurs de 13 ans\"},{\"@type\":\"BreadcrumbList\",\"@id\":\"https:\/\/vieassociative.be\/actualites\/google-modifie-sa-politique-de-compte-concernant-les-mineurs-de-13-ans\/#breadcrumb\",\"itemListElement\":[{\"@type\":\"ListItem\",\"position\":1,\"name\":\"Accueil\",\"item\":\"https:\/\/vieassociative.be\/actualites\/\"},{\"@type\":\"ListItem\",\"position\":2,\"name\":\"Google modifie sa politique de compte concernant les mineurs de 13 ans\"}]},{\"@type\":\"WebSite\",\"@id\":\"https:\/\/vieassociative.be\/actualites\/#website\",\"url\":\"https:\/\/vieassociative.be\/actualites\/\",\"name\":\"Vie Associative\",\"description\":\"\",\"publisher\":{\"@id\":\"https:\/\/vieassociative.be\/actualites\/#organization\"},\"potentialAction\":[{\"@type\":\"SearchAction\",\"target\":{\"@type\":\"EntryPoint\",\"urlTemplate\":\"https:\/\/vieassociative.be\/actualites\/?s={search_term_string}\"},\"query-input\":{\"@type\":\"PropertyValueSpecification\",\"valueRequired\":true,\"valueName\":\"search_term_string\"}}],\"inLanguage\":\"fr-BE\"},{\"@type\":\"Organization\",\"@id\":\"https:\/\/vieassociative.be\/actualites\/#organization\",\"name\":\"Vie Associative\",\"url\":\"https:\/\/vieassociative.be\/actualites\/\",\"logo\":{\"@type\":\"ImageObject\",\"inLanguage\":\"fr-BE\",\"@id\":\"https:\/\/vieassociative.be\/actualites\/#\/schema\/logo\/image\/\",\"url\":\"https:\/\/vieassociative.be\/actualites\/wp-content\/uploads\/2024\/09\/cropped-vieassociative_favicon.ico.png\",\"contentUrl\":\"https:\/\/vieassociative.be\/actualites\/wp-content\/uploads\/2024\/09\/cropped-vieassociative_favicon.ico.png\",\"width\":512,\"height\":512,\"caption\":\"Vie Associative\"},\"image\":{\"@id\":\"https:\/\/vieassociative.be\/actualites\/#\/schema\/logo\/image\/\"}},{\"@type\":\"Person\",\"@id\":\"https:\/\/vieassociative.be\/actualites\/#\/schema\/person\/b87ac4f82f9d4e7b7cec7395b679edc4\",\"name\":\"Julien\",\"image\":{\"@type\":\"ImageObject\",\"inLanguage\":\"fr-BE\",\"@id\":\"https:\/\/vieassociative.be\/actualites\/#\/schema\/person\/image\/\",\"url\":\"https:\/\/vieassociative.be\/actualites\/wp-content\/uploads\/2024\/09\/vie-associative-1-150x150.jpg\",\"contentUrl\":\"https:\/\/vieassociative.be\/actualites\/wp-content\/uploads\/2024\/09\/vie-associative-1-150x150.jpg\",\"caption\":\"Julien\"},\"description\":\"Je suis Julien, r\u00e9dacteur pour Vie Associative. Passionn\u00e9 par le monde associatif depuis plus de 10 ans, j'ai \u00e0 c\u0153ur de partager des histoires inspirantes et de mettre en lumi\u00e8re les initiatives locales. Mon objectif est de sensibiliser et d'encourager l'engagement communautaire \u00e0 travers mes articles.\",\"sameAs\":[\"https:\/\/vieassociative.be\/\"]}]}<\/script>\n<!-- \/ Yoast SEO plugin. -->","yoast_head_json":{"title":"Google modifie sa politique de compte concernant les mineurs de 13 ans | Vie Associative","robots":{"index":"index","follow":"follow","max-snippet":"max-snippet:-1","max-image-preview":"max-image-preview:large","max-video-preview":"max-video-preview:-1"},"canonical":"https:\/\/vieassociative.be\/actualites\/google-modifie-sa-politique-de-compte-concernant-les-mineurs-de-13-ans\/","og_locale":"fr_FR","og_type":"article","og_title":"Google modifie sa politique de compte concernant les mineurs de 13 ans | Vie Associative","og_description":"Si vous disposez d&rsquo;un compte familial via Google, vous pouvez supposer que vous pouvez contr\u00f4ler ce que votre enfant peut voir ou faire sur son","og_url":"https:\/\/vieassociative.be\/actualites\/google-modifie-sa-politique-de-compte-concernant-les-mineurs-de-13-ans\/","og_site_name":"Vie Associative","article_published_time":"2026-01-13T23:17:23+00:00","og_image":[{"width":279,"height":92,"url":"https:\/\/vieassociative.be\/actualites\/wp-content\/uploads\/2024\/09\/header_backgroundk-01-e1726694325946.png","type":"image\/png"}],"author":"Julien","twitter_card":"summary_large_image","twitter_misc":{"\u00c9crit par":"Julien","Dur\u00e9e de lecture est.":"4 minutes"},"schema":{"@context":"https:\/\/schema.org","@graph":[{"@type":"Article","@id":"https:\/\/vieassociative.be\/actualites\/google-modifie-sa-politique-de-compte-concernant-les-mineurs-de-13-ans\/#article","isPartOf":{"@id":"https:\/\/vieassociative.be\/actualites\/google-modifie-sa-politique-de-compte-concernant-les-mineurs-de-13-ans\/"},"author":{"name":"Julien","@id":"https:\/\/vieassociative.be\/actualites\/#\/schema\/person\/b87ac4f82f9d4e7b7cec7395b679edc4"},"headline":"Google modifie sa politique de compte concernant les mineurs de 13 ans","datePublished":"2026-01-13T23:17:23+00:00","dateModified":"2026-01-13T23:17:23+00:00","mainEntityOfPage":{"@id":"https:\/\/vieassociative.be\/actualites\/google-modifie-sa-politique-de-compte-concernant-les-mineurs-de-13-ans\/"},"wordCount":752,"publisher":{"@id":"https:\/\/vieassociative.be\/actualites\/#organization"},"image":{"@id":"https:\/\/vieassociative.be\/actualites\/google-modifie-sa-politique-de-compte-concernant-les-mineurs-de-13-ans\/#primaryimage"},"thumbnailUrl":"https:\/\/vieassociative.be\/actualites\/wp-content\/uploads\/2026\/01\/Google-modifie-sa-politique-de-compte-concernant-les-mineurs-de.jpg","keywords":["ans","compte","concernant","Google","Les","mineurs","modifie","politique"],"articleSection":["Technologie"],"inLanguage":"fr-BE"},{"@type":"WebPage","@id":"https:\/\/vieassociative.be\/actualites\/google-modifie-sa-politique-de-compte-concernant-les-mineurs-de-13-ans\/","url":"https:\/\/vieassociative.be\/actualites\/google-modifie-sa-politique-de-compte-concernant-les-mineurs-de-13-ans\/","name":"Google modifie sa politique de compte concernant les mineurs de 13 ans | Vie Associative","isPartOf":{"@id":"https:\/\/vieassociative.be\/actualites\/#website"},"primaryImageOfPage":{"@id":"https:\/\/vieassociative.be\/actualites\/google-modifie-sa-politique-de-compte-concernant-les-mineurs-de-13-ans\/#primaryimage"},"image":{"@id":"https:\/\/vieassociative.be\/actualites\/google-modifie-sa-politique-de-compte-concernant-les-mineurs-de-13-ans\/#primaryimage"},"thumbnailUrl":"https:\/\/vieassociative.be\/actualites\/wp-content\/uploads\/2026\/01\/Google-modifie-sa-politique-de-compte-concernant-les-mineurs-de.jpg","datePublished":"2026-01-13T23:17:23+00:00","dateModified":"2026-01-13T23:17:23+00:00","breadcrumb":{"@id":"https:\/\/vieassociative.be\/actualites\/google-modifie-sa-politique-de-compte-concernant-les-mineurs-de-13-ans\/#breadcrumb"},"inLanguage":"fr-BE","potentialAction":[{"@type":"ReadAction","target":["https:\/\/vieassociative.be\/actualites\/google-modifie-sa-politique-de-compte-concernant-les-mineurs-de-13-ans\/"]}]},{"@type":"ImageObject","inLanguage":"fr-BE","@id":"https:\/\/vieassociative.be\/actualites\/google-modifie-sa-politique-de-compte-concernant-les-mineurs-de-13-ans\/#primaryimage","url":"https:\/\/vieassociative.be\/actualites\/wp-content\/uploads\/2026\/01\/Google-modifie-sa-politique-de-compte-concernant-les-mineurs-de.jpg","contentUrl":"https:\/\/vieassociative.be\/actualites\/wp-content\/uploads\/2026\/01\/Google-modifie-sa-politique-de-compte-concernant-les-mineurs-de.jpg","width":1200,"height":675,"caption":"Google modifie sa politique de compte concernant les mineurs de 13 ans"},{"@type":"BreadcrumbList","@id":"https:\/\/vieassociative.be\/actualites\/google-modifie-sa-politique-de-compte-concernant-les-mineurs-de-13-ans\/#breadcrumb","itemListElement":[{"@type":"ListItem","position":1,"name":"Accueil","item":"https:\/\/vieassociative.be\/actualites\/"},{"@type":"ListItem","position":2,"name":"Google modifie sa politique de compte concernant les mineurs de 13 ans"}]},{"@type":"WebSite","@id":"https:\/\/vieassociative.be\/actualites\/#website","url":"https:\/\/vieassociative.be\/actualites\/","name":"Vie Associative","description":"","publisher":{"@id":"https:\/\/vieassociative.be\/actualites\/#organization"},"potentialAction":[{"@type":"SearchAction","target":{"@type":"EntryPoint","urlTemplate":"https:\/\/vieassociative.be\/actualites\/?s={search_term_string}"},"query-input":{"@type":"PropertyValueSpecification","valueRequired":true,"valueName":"search_term_string"}}],"inLanguage":"fr-BE"},{"@type":"Organization","@id":"https:\/\/vieassociative.be\/actualites\/#organization","name":"Vie Associative","url":"https:\/\/vieassociative.be\/actualites\/","logo":{"@type":"ImageObject","inLanguage":"fr-BE","@id":"https:\/\/vieassociative.be\/actualites\/#\/schema\/logo\/image\/","url":"https:\/\/vieassociative.be\/actualites\/wp-content\/uploads\/2024\/09\/cropped-vieassociative_favicon.ico.png","contentUrl":"https:\/\/vieassociative.be\/actualites\/wp-content\/uploads\/2024\/09\/cropped-vieassociative_favicon.ico.png","width":512,"height":512,"caption":"Vie Associative"},"image":{"@id":"https:\/\/vieassociative.be\/actualites\/#\/schema\/logo\/image\/"}},{"@type":"Person","@id":"https:\/\/vieassociative.be\/actualites\/#\/schema\/person\/b87ac4f82f9d4e7b7cec7395b679edc4","name":"Julien","image":{"@type":"ImageObject","inLanguage":"fr-BE","@id":"https:\/\/vieassociative.be\/actualites\/#\/schema\/person\/image\/","url":"https:\/\/vieassociative.be\/actualites\/wp-content\/uploads\/2024\/09\/vie-associative-1-150x150.jpg","contentUrl":"https:\/\/vieassociative.be\/actualites\/wp-content\/uploads\/2024\/09\/vie-associative-1-150x150.jpg","caption":"Julien"},"description":"Je suis Julien, r\u00e9dacteur pour Vie Associative. Passionn\u00e9 par le monde associatif depuis plus de 10 ans, j'ai \u00e0 c\u0153ur de partager des histoires inspirantes et de mettre en lumi\u00e8re les initiatives locales. Mon objectif est de sensibiliser et d'encourager l'engagement communautaire \u00e0 travers mes articles.","sameAs":["https:\/\/vieassociative.be\/"]}]}},"_links":{"self":[{"href":"https:\/\/vieassociative.be\/actualites\/wp-json\/wp\/v2\/posts\/12199"}],"collection":[{"href":"https:\/\/vieassociative.be\/actualites\/wp-json\/wp\/v2\/posts"}],"about":[{"href":"https:\/\/vieassociative.be\/actualites\/wp-json\/wp\/v2\/types\/post"}],"author":[{"embeddable":true,"href":"https:\/\/vieassociative.be\/actualites\/wp-json\/wp\/v2\/users\/1"}],"replies":[{"embeddable":true,"href":"https:\/\/vieassociative.be\/actualites\/wp-json\/wp\/v2\/comments?post=12199"}],"version-history":[{"count":0,"href":"https:\/\/vieassociative.be\/actualites\/wp-json\/wp\/v2\/posts\/12199\/revisions"}],"wp:featuredmedia":[{"embeddable":true,"href":"https:\/\/vieassociative.be\/actualites\/wp-json\/wp\/v2\/media\/12200"}],"wp:attachment":[{"href":"https:\/\/vieassociative.be\/actualites\/wp-json\/wp\/v2\/media?parent=12199"}],"wp:term":[{"taxonomy":"category","embeddable":true,"href":"https:\/\/vieassociative.be\/actualites\/wp-json\/wp\/v2\/categories?post=12199"},{"taxonomy":"post_tag","embeddable":true,"href":"https:\/\/vieassociative.be\/actualites\/wp-json\/wp\/v2\/tags?post=12199"}],"curies":[{"name":"wp","href":"https:\/\/api.w.org\/{rel}","templated":true}]}}