{"id":12197,"date":"2026-01-13T19:17:45","date_gmt":"2026-01-13T18:17:45","guid":{"rendered":"https:\/\/vieassociative.be\/actualites\/chez-tec-la-necessite-est-mere-de-linvention-parlez-vous-allemand-ne-serait-ce-quun-tout-petit-peu-fantastique\/"},"modified":"2026-01-13T19:17:45","modified_gmt":"2026-01-13T18:17:45","slug":"chez-tec-la-necessite-est-mere-de-linvention-parlez-vous-allemand-ne-serait-ce-quun-tout-petit-peu-fantastique","status":"publish","type":"post","link":"https:\/\/vieassociative.be\/actualites\/chez-tec-la-necessite-est-mere-de-linvention-parlez-vous-allemand-ne-serait-ce-quun-tout-petit-peu-fantastique\/","title":{"rendered":"Chez TEC, la n\u00e9cessit\u00e9 est m\u00e8re de l&rsquo;invention : \u00ab\u00a0Parlez-vous allemand ? Ne serait-ce qu&rsquo;un tout petit peu ? Fantastique !\u00a0\u00bb"},"content":{"rendered":"<p><strong>La langue allemande et la fronti\u00e8re avec la R\u00e9publique f\u00e9d\u00e9rale font du manque de personnel qualifi\u00e9 un probl\u00e8me majeur \u00e0 la DG, comme le montre une contribution de la RTBF.<\/strong><\/p>\n<p><span id=\"more-433750\"><\/span>La p\u00e9nurie de main-d&rsquo;\u0153uvre qualifi\u00e9e constitue un probl\u00e8me majeur dans toute la Belgique. Mais dans la communaut\u00e9 germanophone, il existe un autre aspect qui rend les choses plus difficiles : la barri\u00e8re de la langue. Des transports aux pharmacies, certains secteurs ont les plus grandes difficult\u00e9s \u00e0 trouver des employ\u00e9s parlant allemand.<\/p>\n<p>\u00ab\u00a0Parlez-vous allerand ? M\u00eame juste un peu ? Fantastique !\u00a0\u00bb (\u00ab\u00a0Parlez-vous allemand ? Ne serait-ce qu&rsquo;un peu ? Fantastique !\u00a0\u00bb) : Comme l&rsquo;a rapport\u00e9 mardi la RTBF dans un article sur le probl\u00e8me de la p\u00e9nurie de main-d&rsquo;\u0153uvre qualifi\u00e9e, la soci\u00e9t\u00e9 de transport wallonne TEC tente de recruter de nouveaux chauffeurs de bus dans l&rsquo;Est de la Belgique avec cette publicit\u00e9 radio. Dans une r\u00e9gion o\u00f9 la langue est un crit\u00e8re indispensable, l&rsquo;op\u00e9rateur souhaite particuli\u00e8rement s\u00e9duire les conducteurs parlant allemand.<\/p>\n<div id=\"attachment_237324\" class=\"wp-caption alignleft\" style=\"max-width: 300px\"><img fetchpriority=\"high\" decoding=\"async\" class=\"wp-image-237324 size-medium\" src=\"https:\/\/vieassociative.be\/actualites\/wp-content\/uploads\/2026\/01\/Chez-TEC-la-necessite-est-mere-de-linvention-Parlez-vous.jpeg\" alt=\"\" width=\"300\" height=\"198\"  ><\/div>\n<p>\u00ab\u00a0Recruter des chauffeurs est un d\u00e9fi en soi, mais \u00e0 Eupen il y a aussi la complexit\u00e9 linguistique. Peut-\u00eatre aussi une complexit\u00e9 g\u00e9ographique due \u00e0 la proximit\u00e9 de l&rsquo;Allemagne, o\u00f9 le march\u00e9 de l&#8217;emploi dans cette r\u00e9gion est assez comp\u00e9titif\u00a0\u00bb, explique Isabelle Tasset, porte-parole du TEC, \u00e0 la RTBF.<\/p>\n<p>La concurrence directe avec l\u2019Allemagne complique encore la situation, en particulier dans les domaines o\u00f9 les conditions de travail et les salaires peuvent \u00eatre plus attractifs de l\u2019autre c\u00f4t\u00e9 de la fronti\u00e8re. Dans les pharmacies, par exemple. \u00abLa proximit\u00e9 d&rsquo;Aix-la-Chapelle est pour nous un v\u00e9ritable d\u00e9fi, car elle incite le personnel en pharmacie form\u00e9 en Belgique \u00e0 travailler en Allemagne\u00bb, explique H\u00e9l\u00e8ne Goria, directrice de V-Pharma. L&rsquo;association g\u00e8re huit pharmacies dans la DG.<\/p>\n<p>Pour sortir de cette impasse, les employeurs devront s\u2019adapter et trouver des solutions diff\u00e9rentes. \u00ab\u00a0Nous proposons \u00e0 nos collaborateurs des cours d&rsquo;allemand afin qu&rsquo;ils puissent se sentir plus \u00e0 l&rsquo;aise dans leur contact avec la population germanophone. Parfois, nous sommes \u00e9galement oblig\u00e9s d&rsquo;envoyer des collaborateurs francophones dans nos pharmacies de la Communaut\u00e9 germanophone.\u00a0\u00bb<\/p>\n<p>Selon la RTBF, pour 100 retrait\u00e9s \u00e0 la DG, il n&rsquo;y en a que 40 qui peuvent entrer sur le march\u00e9 du travail. Cela fait craindre que la p\u00e9nurie de travailleurs qualifi\u00e9s ne s\u2019aggrave encore dans les ann\u00e9es \u00e0 venir sans solutions structurelles. (cr\u00e9er)<\/p>\n","protected":false},"excerpt":{"rendered":"<p>La langue allemande et la fronti\u00e8re avec la R\u00e9publique f\u00e9d\u00e9rale font du manque de personnel qualifi\u00e9 un probl\u00e8me majeur \u00e0 la DG, comme le montre<\/p>\n","protected":false},"author":1,"featured_media":12198,"comment_status":"","ping_status":"","sticky":false,"template":"","format":"standard","meta":{"footnotes":""},"categories":[298],"tags":[2732,1287,76,6047,9764,2145,9763,9765,2490,302,1185,9766,7612,236],"class_list":["post-12197","post","type-post","status-publish","format-standard","has-post-thumbnail","hentry","category-belgique","tag-allemand","tag-chez","tag-est","tag-fantastique","tag-linvention","tag-mere","tag-necessite","tag-parlezvous","tag-petit","tag-peu","tag-quun","tag-seraitce","tag-tec","tag-tout","generate-columns","tablet-grid-50","mobile-grid-100","grid-parent","grid-33"],"yoast_head":"<!-- This site is optimized with the Yoast SEO plugin v24.0 - https:\/\/yoast.com\/wordpress\/plugins\/seo\/ -->\n<title>Chez TEC, la n\u00e9cessit\u00e9 est m\u00e8re de l&#039;invention : &quot;Parlez-vous allemand ? Ne serait-ce qu&#039;un tout petit peu ? Fantastique !&quot; | Vie Associative<\/title>\n<meta name=\"robots\" content=\"index, follow, max-snippet:-1, max-image-preview:large, max-video-preview:-1\" \/>\n<link rel=\"canonical\" href=\"https:\/\/vieassociative.be\/actualites\/chez-tec-la-necessite-est-mere-de-linvention-parlez-vous-allemand-ne-serait-ce-quun-tout-petit-peu-fantastique\/\" \/>\n<meta property=\"og:locale\" content=\"fr_FR\" \/>\n<meta property=\"og:type\" content=\"article\" \/>\n<meta property=\"og:title\" content=\"Chez TEC, la n\u00e9cessit\u00e9 est m\u00e8re de l&#039;invention : &quot;Parlez-vous allemand ? Ne serait-ce qu&#039;un tout petit peu ? Fantastique !&quot; | Vie Associative\" \/>\n<meta property=\"og:description\" content=\"La langue allemande et la fronti\u00e8re avec la R\u00e9publique f\u00e9d\u00e9rale font du manque de personnel qualifi\u00e9 un probl\u00e8me majeur \u00e0 la DG, comme le montre\" \/>\n<meta property=\"og:url\" content=\"https:\/\/vieassociative.be\/actualites\/chez-tec-la-necessite-est-mere-de-linvention-parlez-vous-allemand-ne-serait-ce-quun-tout-petit-peu-fantastique\/\" \/>\n<meta property=\"og:site_name\" content=\"Vie Associative\" \/>\n<meta property=\"article:published_time\" content=\"2026-01-13T18:17:45+00:00\" \/>\n<meta property=\"og:image\" content=\"https:\/\/vieassociative.be\/actualites\/wp-content\/uploads\/2024\/09\/header_backgroundk-01-e1726694325946.png\" \/>\n\t<meta property=\"og:image:width\" content=\"279\" \/>\n\t<meta property=\"og:image:height\" content=\"92\" \/>\n\t<meta property=\"og:image:type\" content=\"image\/png\" \/>\n<meta name=\"author\" content=\"Julien\" \/>\n<meta name=\"twitter:card\" content=\"summary_large_image\" \/>\n<meta name=\"twitter:label1\" content=\"\u00c9crit par\" \/>\n\t<meta name=\"twitter:data1\" content=\"Julien\" \/>\n\t<meta name=\"twitter:label2\" content=\"Dur\u00e9e de lecture est.\" \/>\n\t<meta name=\"twitter:data2\" content=\"2 minutes\" \/>\n<script type=\"application\/ld+json\" class=\"yoast-schema-graph\">{\"@context\":\"https:\/\/schema.org\",\"@graph\":[{\"@type\":\"Article\",\"@id\":\"https:\/\/vieassociative.be\/actualites\/chez-tec-la-necessite-est-mere-de-linvention-parlez-vous-allemand-ne-serait-ce-quun-tout-petit-peu-fantastique\/#article\",\"isPartOf\":{\"@id\":\"https:\/\/vieassociative.be\/actualites\/chez-tec-la-necessite-est-mere-de-linvention-parlez-vous-allemand-ne-serait-ce-quun-tout-petit-peu-fantastique\/\"},\"author\":{\"name\":\"Julien\",\"@id\":\"https:\/\/vieassociative.be\/actualites\/#\/schema\/person\/b87ac4f82f9d4e7b7cec7395b679edc4\"},\"headline\":\"Chez TEC, la n\u00e9cessit\u00e9 est m\u00e8re de l&rsquo;invention : \u00ab\u00a0Parlez-vous allemand ? Ne serait-ce qu&rsquo;un tout petit peu ? Fantastique !\u00a0\u00bb\",\"datePublished\":\"2026-01-13T18:17:45+00:00\",\"dateModified\":\"2026-01-13T18:17:45+00:00\",\"mainEntityOfPage\":{\"@id\":\"https:\/\/vieassociative.be\/actualites\/chez-tec-la-necessite-est-mere-de-linvention-parlez-vous-allemand-ne-serait-ce-quun-tout-petit-peu-fantastique\/\"},\"wordCount\":441,\"publisher\":{\"@id\":\"https:\/\/vieassociative.be\/actualites\/#organization\"},\"image\":{\"@id\":\"https:\/\/vieassociative.be\/actualites\/chez-tec-la-necessite-est-mere-de-linvention-parlez-vous-allemand-ne-serait-ce-quun-tout-petit-peu-fantastique\/#primaryimage\"},\"thumbnailUrl\":\"https:\/\/vieassociative.be\/actualites\/wp-content\/uploads\/2026\/01\/Chez-TEC-la-necessite-est-mere-de-linvention-Parlez-vous.jpg\",\"keywords\":[\"allemand\",\"chez\",\"est\",\"fantastique\",\"linvention\",\"m\u00e8re\",\"n\u00e9cessit\u00e9\",\"Parlezvous\",\"petit\",\"peu\",\"quun\",\"seraitce\",\"TEC\",\"tout\"],\"articleSection\":[\"Belgique\"],\"inLanguage\":\"fr-BE\"},{\"@type\":\"WebPage\",\"@id\":\"https:\/\/vieassociative.be\/actualites\/chez-tec-la-necessite-est-mere-de-linvention-parlez-vous-allemand-ne-serait-ce-quun-tout-petit-peu-fantastique\/\",\"url\":\"https:\/\/vieassociative.be\/actualites\/chez-tec-la-necessite-est-mere-de-linvention-parlez-vous-allemand-ne-serait-ce-quun-tout-petit-peu-fantastique\/\",\"name\":\"Chez TEC, la n\u00e9cessit\u00e9 est m\u00e8re de l'invention : \\\"Parlez-vous allemand ? Ne serait-ce qu'un tout petit peu ? Fantastique !\\\" | Vie Associative\",\"isPartOf\":{\"@id\":\"https:\/\/vieassociative.be\/actualites\/#website\"},\"primaryImageOfPage\":{\"@id\":\"https:\/\/vieassociative.be\/actualites\/chez-tec-la-necessite-est-mere-de-linvention-parlez-vous-allemand-ne-serait-ce-quun-tout-petit-peu-fantastique\/#primaryimage\"},\"image\":{\"@id\":\"https:\/\/vieassociative.be\/actualites\/chez-tec-la-necessite-est-mere-de-linvention-parlez-vous-allemand-ne-serait-ce-quun-tout-petit-peu-fantastique\/#primaryimage\"},\"thumbnailUrl\":\"https:\/\/vieassociative.be\/actualites\/wp-content\/uploads\/2026\/01\/Chez-TEC-la-necessite-est-mere-de-linvention-Parlez-vous.jpg\",\"datePublished\":\"2026-01-13T18:17:45+00:00\",\"dateModified\":\"2026-01-13T18:17:45+00:00\",\"breadcrumb\":{\"@id\":\"https:\/\/vieassociative.be\/actualites\/chez-tec-la-necessite-est-mere-de-linvention-parlez-vous-allemand-ne-serait-ce-quun-tout-petit-peu-fantastique\/#breadcrumb\"},\"inLanguage\":\"fr-BE\",\"potentialAction\":[{\"@type\":\"ReadAction\",\"target\":[\"https:\/\/vieassociative.be\/actualites\/chez-tec-la-necessite-est-mere-de-linvention-parlez-vous-allemand-ne-serait-ce-quun-tout-petit-peu-fantastique\/\"]}]},{\"@type\":\"ImageObject\",\"inLanguage\":\"fr-BE\",\"@id\":\"https:\/\/vieassociative.be\/actualites\/chez-tec-la-necessite-est-mere-de-linvention-parlez-vous-allemand-ne-serait-ce-quun-tout-petit-peu-fantastique\/#primaryimage\",\"url\":\"https:\/\/vieassociative.be\/actualites\/wp-content\/uploads\/2026\/01\/Chez-TEC-la-necessite-est-mere-de-linvention-Parlez-vous.jpg\",\"contentUrl\":\"https:\/\/vieassociative.be\/actualites\/wp-content\/uploads\/2026\/01\/Chez-TEC-la-necessite-est-mere-de-linvention-Parlez-vous.jpg\",\"width\":1200,\"height\":900,\"caption\":\"Chez TEC, la n\u00e9cessit\u00e9 est m\u00e8re de l'invention : \\\"Parlez-vous allemand ? Ne serait-ce qu'un tout petit peu ? Fantastique !\\\"\"},{\"@type\":\"BreadcrumbList\",\"@id\":\"https:\/\/vieassociative.be\/actualites\/chez-tec-la-necessite-est-mere-de-linvention-parlez-vous-allemand-ne-serait-ce-quun-tout-petit-peu-fantastique\/#breadcrumb\",\"itemListElement\":[{\"@type\":\"ListItem\",\"position\":1,\"name\":\"Accueil\",\"item\":\"https:\/\/vieassociative.be\/actualites\/\"},{\"@type\":\"ListItem\",\"position\":2,\"name\":\"Chez TEC, la n\u00e9cessit\u00e9 est m\u00e8re de l&rsquo;invention : \u00ab\u00a0Parlez-vous allemand ? Ne serait-ce qu&rsquo;un tout petit peu ? Fantastique !\u00a0\u00bb\"}]},{\"@type\":\"WebSite\",\"@id\":\"https:\/\/vieassociative.be\/actualites\/#website\",\"url\":\"https:\/\/vieassociative.be\/actualites\/\",\"name\":\"Vie Associative\",\"description\":\"\",\"publisher\":{\"@id\":\"https:\/\/vieassociative.be\/actualites\/#organization\"},\"potentialAction\":[{\"@type\":\"SearchAction\",\"target\":{\"@type\":\"EntryPoint\",\"urlTemplate\":\"https:\/\/vieassociative.be\/actualites\/?s={search_term_string}\"},\"query-input\":{\"@type\":\"PropertyValueSpecification\",\"valueRequired\":true,\"valueName\":\"search_term_string\"}}],\"inLanguage\":\"fr-BE\"},{\"@type\":\"Organization\",\"@id\":\"https:\/\/vieassociative.be\/actualites\/#organization\",\"name\":\"Vie Associative\",\"url\":\"https:\/\/vieassociative.be\/actualites\/\",\"logo\":{\"@type\":\"ImageObject\",\"inLanguage\":\"fr-BE\",\"@id\":\"https:\/\/vieassociative.be\/actualites\/#\/schema\/logo\/image\/\",\"url\":\"https:\/\/vieassociative.be\/actualites\/wp-content\/uploads\/2024\/09\/cropped-vieassociative_favicon.ico.png\",\"contentUrl\":\"https:\/\/vieassociative.be\/actualites\/wp-content\/uploads\/2024\/09\/cropped-vieassociative_favicon.ico.png\",\"width\":512,\"height\":512,\"caption\":\"Vie Associative\"},\"image\":{\"@id\":\"https:\/\/vieassociative.be\/actualites\/#\/schema\/logo\/image\/\"}},{\"@type\":\"Person\",\"@id\":\"https:\/\/vieassociative.be\/actualites\/#\/schema\/person\/b87ac4f82f9d4e7b7cec7395b679edc4\",\"name\":\"Julien\",\"image\":{\"@type\":\"ImageObject\",\"inLanguage\":\"fr-BE\",\"@id\":\"https:\/\/vieassociative.be\/actualites\/#\/schema\/person\/image\/\",\"url\":\"https:\/\/vieassociative.be\/actualites\/wp-content\/uploads\/2024\/09\/vie-associative-1-150x150.jpg\",\"contentUrl\":\"https:\/\/vieassociative.be\/actualites\/wp-content\/uploads\/2024\/09\/vie-associative-1-150x150.jpg\",\"caption\":\"Julien\"},\"description\":\"Je suis Julien, r\u00e9dacteur pour Vie Associative. Passionn\u00e9 par le monde associatif depuis plus de 10 ans, j'ai \u00e0 c\u0153ur de partager des histoires inspirantes et de mettre en lumi\u00e8re les initiatives locales. Mon objectif est de sensibiliser et d'encourager l'engagement communautaire \u00e0 travers mes articles.\",\"sameAs\":[\"https:\/\/vieassociative.be\/\"]}]}<\/script>\n<!-- \/ Yoast SEO plugin. -->","yoast_head_json":{"title":"Chez TEC, la n\u00e9cessit\u00e9 est m\u00e8re de l'invention : \"Parlez-vous allemand ? Ne serait-ce qu'un tout petit peu ? Fantastique !\" | Vie Associative","robots":{"index":"index","follow":"follow","max-snippet":"max-snippet:-1","max-image-preview":"max-image-preview:large","max-video-preview":"max-video-preview:-1"},"canonical":"https:\/\/vieassociative.be\/actualites\/chez-tec-la-necessite-est-mere-de-linvention-parlez-vous-allemand-ne-serait-ce-quun-tout-petit-peu-fantastique\/","og_locale":"fr_FR","og_type":"article","og_title":"Chez TEC, la n\u00e9cessit\u00e9 est m\u00e8re de l'invention : \"Parlez-vous allemand ? Ne serait-ce qu'un tout petit peu ? Fantastique !\" | Vie Associative","og_description":"La langue allemande et la fronti\u00e8re avec la R\u00e9publique f\u00e9d\u00e9rale font du manque de personnel qualifi\u00e9 un probl\u00e8me majeur \u00e0 la DG, comme le montre","og_url":"https:\/\/vieassociative.be\/actualites\/chez-tec-la-necessite-est-mere-de-linvention-parlez-vous-allemand-ne-serait-ce-quun-tout-petit-peu-fantastique\/","og_site_name":"Vie Associative","article_published_time":"2026-01-13T18:17:45+00:00","og_image":[{"width":279,"height":92,"url":"https:\/\/vieassociative.be\/actualites\/wp-content\/uploads\/2024\/09\/header_backgroundk-01-e1726694325946.png","type":"image\/png"}],"author":"Julien","twitter_card":"summary_large_image","twitter_misc":{"\u00c9crit par":"Julien","Dur\u00e9e de lecture est.":"2 minutes"},"schema":{"@context":"https:\/\/schema.org","@graph":[{"@type":"Article","@id":"https:\/\/vieassociative.be\/actualites\/chez-tec-la-necessite-est-mere-de-linvention-parlez-vous-allemand-ne-serait-ce-quun-tout-petit-peu-fantastique\/#article","isPartOf":{"@id":"https:\/\/vieassociative.be\/actualites\/chez-tec-la-necessite-est-mere-de-linvention-parlez-vous-allemand-ne-serait-ce-quun-tout-petit-peu-fantastique\/"},"author":{"name":"Julien","@id":"https:\/\/vieassociative.be\/actualites\/#\/schema\/person\/b87ac4f82f9d4e7b7cec7395b679edc4"},"headline":"Chez TEC, la n\u00e9cessit\u00e9 est m\u00e8re de l&rsquo;invention : \u00ab\u00a0Parlez-vous allemand ? Ne serait-ce qu&rsquo;un tout petit peu ? Fantastique !\u00a0\u00bb","datePublished":"2026-01-13T18:17:45+00:00","dateModified":"2026-01-13T18:17:45+00:00","mainEntityOfPage":{"@id":"https:\/\/vieassociative.be\/actualites\/chez-tec-la-necessite-est-mere-de-linvention-parlez-vous-allemand-ne-serait-ce-quun-tout-petit-peu-fantastique\/"},"wordCount":441,"publisher":{"@id":"https:\/\/vieassociative.be\/actualites\/#organization"},"image":{"@id":"https:\/\/vieassociative.be\/actualites\/chez-tec-la-necessite-est-mere-de-linvention-parlez-vous-allemand-ne-serait-ce-quun-tout-petit-peu-fantastique\/#primaryimage"},"thumbnailUrl":"https:\/\/vieassociative.be\/actualites\/wp-content\/uploads\/2026\/01\/Chez-TEC-la-necessite-est-mere-de-linvention-Parlez-vous.jpg","keywords":["allemand","chez","est","fantastique","linvention","m\u00e8re","n\u00e9cessit\u00e9","Parlezvous","petit","peu","quun","seraitce","TEC","tout"],"articleSection":["Belgique"],"inLanguage":"fr-BE"},{"@type":"WebPage","@id":"https:\/\/vieassociative.be\/actualites\/chez-tec-la-necessite-est-mere-de-linvention-parlez-vous-allemand-ne-serait-ce-quun-tout-petit-peu-fantastique\/","url":"https:\/\/vieassociative.be\/actualites\/chez-tec-la-necessite-est-mere-de-linvention-parlez-vous-allemand-ne-serait-ce-quun-tout-petit-peu-fantastique\/","name":"Chez TEC, la n\u00e9cessit\u00e9 est m\u00e8re de l'invention : \"Parlez-vous allemand ? Ne serait-ce qu'un tout petit peu ? Fantastique !\" | Vie Associative","isPartOf":{"@id":"https:\/\/vieassociative.be\/actualites\/#website"},"primaryImageOfPage":{"@id":"https:\/\/vieassociative.be\/actualites\/chez-tec-la-necessite-est-mere-de-linvention-parlez-vous-allemand-ne-serait-ce-quun-tout-petit-peu-fantastique\/#primaryimage"},"image":{"@id":"https:\/\/vieassociative.be\/actualites\/chez-tec-la-necessite-est-mere-de-linvention-parlez-vous-allemand-ne-serait-ce-quun-tout-petit-peu-fantastique\/#primaryimage"},"thumbnailUrl":"https:\/\/vieassociative.be\/actualites\/wp-content\/uploads\/2026\/01\/Chez-TEC-la-necessite-est-mere-de-linvention-Parlez-vous.jpg","datePublished":"2026-01-13T18:17:45+00:00","dateModified":"2026-01-13T18:17:45+00:00","breadcrumb":{"@id":"https:\/\/vieassociative.be\/actualites\/chez-tec-la-necessite-est-mere-de-linvention-parlez-vous-allemand-ne-serait-ce-quun-tout-petit-peu-fantastique\/#breadcrumb"},"inLanguage":"fr-BE","potentialAction":[{"@type":"ReadAction","target":["https:\/\/vieassociative.be\/actualites\/chez-tec-la-necessite-est-mere-de-linvention-parlez-vous-allemand-ne-serait-ce-quun-tout-petit-peu-fantastique\/"]}]},{"@type":"ImageObject","inLanguage":"fr-BE","@id":"https:\/\/vieassociative.be\/actualites\/chez-tec-la-necessite-est-mere-de-linvention-parlez-vous-allemand-ne-serait-ce-quun-tout-petit-peu-fantastique\/#primaryimage","url":"https:\/\/vieassociative.be\/actualites\/wp-content\/uploads\/2026\/01\/Chez-TEC-la-necessite-est-mere-de-linvention-Parlez-vous.jpg","contentUrl":"https:\/\/vieassociative.be\/actualites\/wp-content\/uploads\/2026\/01\/Chez-TEC-la-necessite-est-mere-de-linvention-Parlez-vous.jpg","width":1200,"height":900,"caption":"Chez TEC, la n\u00e9cessit\u00e9 est m\u00e8re de l'invention : \"Parlez-vous allemand ? Ne serait-ce qu'un tout petit peu ? Fantastique !\""},{"@type":"BreadcrumbList","@id":"https:\/\/vieassociative.be\/actualites\/chez-tec-la-necessite-est-mere-de-linvention-parlez-vous-allemand-ne-serait-ce-quun-tout-petit-peu-fantastique\/#breadcrumb","itemListElement":[{"@type":"ListItem","position":1,"name":"Accueil","item":"https:\/\/vieassociative.be\/actualites\/"},{"@type":"ListItem","position":2,"name":"Chez TEC, la n\u00e9cessit\u00e9 est m\u00e8re de l&rsquo;invention : \u00ab\u00a0Parlez-vous allemand ? Ne serait-ce qu&rsquo;un tout petit peu ? Fantastique !\u00a0\u00bb"}]},{"@type":"WebSite","@id":"https:\/\/vieassociative.be\/actualites\/#website","url":"https:\/\/vieassociative.be\/actualites\/","name":"Vie Associative","description":"","publisher":{"@id":"https:\/\/vieassociative.be\/actualites\/#organization"},"potentialAction":[{"@type":"SearchAction","target":{"@type":"EntryPoint","urlTemplate":"https:\/\/vieassociative.be\/actualites\/?s={search_term_string}"},"query-input":{"@type":"PropertyValueSpecification","valueRequired":true,"valueName":"search_term_string"}}],"inLanguage":"fr-BE"},{"@type":"Organization","@id":"https:\/\/vieassociative.be\/actualites\/#organization","name":"Vie Associative","url":"https:\/\/vieassociative.be\/actualites\/","logo":{"@type":"ImageObject","inLanguage":"fr-BE","@id":"https:\/\/vieassociative.be\/actualites\/#\/schema\/logo\/image\/","url":"https:\/\/vieassociative.be\/actualites\/wp-content\/uploads\/2024\/09\/cropped-vieassociative_favicon.ico.png","contentUrl":"https:\/\/vieassociative.be\/actualites\/wp-content\/uploads\/2024\/09\/cropped-vieassociative_favicon.ico.png","width":512,"height":512,"caption":"Vie Associative"},"image":{"@id":"https:\/\/vieassociative.be\/actualites\/#\/schema\/logo\/image\/"}},{"@type":"Person","@id":"https:\/\/vieassociative.be\/actualites\/#\/schema\/person\/b87ac4f82f9d4e7b7cec7395b679edc4","name":"Julien","image":{"@type":"ImageObject","inLanguage":"fr-BE","@id":"https:\/\/vieassociative.be\/actualites\/#\/schema\/person\/image\/","url":"https:\/\/vieassociative.be\/actualites\/wp-content\/uploads\/2024\/09\/vie-associative-1-150x150.jpg","contentUrl":"https:\/\/vieassociative.be\/actualites\/wp-content\/uploads\/2024\/09\/vie-associative-1-150x150.jpg","caption":"Julien"},"description":"Je suis Julien, r\u00e9dacteur pour Vie Associative. Passionn\u00e9 par le monde associatif depuis plus de 10 ans, j'ai \u00e0 c\u0153ur de partager des histoires inspirantes et de mettre en lumi\u00e8re les initiatives locales. Mon objectif est de sensibiliser et d'encourager l'engagement communautaire \u00e0 travers mes articles.","sameAs":["https:\/\/vieassociative.be\/"]}]}},"_links":{"self":[{"href":"https:\/\/vieassociative.be\/actualites\/wp-json\/wp\/v2\/posts\/12197"}],"collection":[{"href":"https:\/\/vieassociative.be\/actualites\/wp-json\/wp\/v2\/posts"}],"about":[{"href":"https:\/\/vieassociative.be\/actualites\/wp-json\/wp\/v2\/types\/post"}],"author":[{"embeddable":true,"href":"https:\/\/vieassociative.be\/actualites\/wp-json\/wp\/v2\/users\/1"}],"replies":[{"embeddable":true,"href":"https:\/\/vieassociative.be\/actualites\/wp-json\/wp\/v2\/comments?post=12197"}],"version-history":[{"count":0,"href":"https:\/\/vieassociative.be\/actualites\/wp-json\/wp\/v2\/posts\/12197\/revisions"}],"wp:featuredmedia":[{"embeddable":true,"href":"https:\/\/vieassociative.be\/actualites\/wp-json\/wp\/v2\/media\/12198"}],"wp:attachment":[{"href":"https:\/\/vieassociative.be\/actualites\/wp-json\/wp\/v2\/media?parent=12197"}],"wp:term":[{"taxonomy":"category","embeddable":true,"href":"https:\/\/vieassociative.be\/actualites\/wp-json\/wp\/v2\/categories?post=12197"},{"taxonomy":"post_tag","embeddable":true,"href":"https:\/\/vieassociative.be\/actualites\/wp-json\/wp\/v2\/tags?post=12197"}],"curies":[{"name":"wp","href":"https:\/\/api.w.org\/{rel}","templated":true}]}}