{"id":12168,"date":"2026-01-11T06:17:18","date_gmt":"2026-01-11T05:17:18","guid":{"rendered":"https:\/\/vieassociative.be\/actualites\/lapple-watch-ultra-2-est-de-retour-a-son-prix-le-plus-bas-jamais-enregistre\/"},"modified":"2026-01-11T06:17:18","modified_gmt":"2026-01-11T05:17:18","slug":"lapple-watch-ultra-2-est-de-retour-a-son-prix-le-plus-bas-jamais-enregistre","status":"publish","type":"post","link":"https:\/\/vieassociative.be\/actualites\/lapple-watch-ultra-2-est-de-retour-a-son-prix-le-plus-bas-jamais-enregistre\/","title":{"rendered":"L&rsquo;Apple Watch Ultra 2 est de retour \u00e0 son prix le plus bas jamais enregistr\u00e9"},"content":{"rendered":"<p>Nous pouvons gagner une commission sur les liens sur cette page. Les prix et la disponibilit\u00e9 de l&rsquo;offre sont sujets \u00e0 changement apr\u00e8s la publication.<\/p>\n<p>Les produits phares d&rsquo;Apple b\u00e9n\u00e9ficient rarement de remises substantielles, mais si vous attendez le bon moment, vous pouvez faire de bonnes affaires. Si vous avez regard\u00e9 la montre intelligente haut de gamme d&rsquo;Apple, ce moment est arriv\u00e9 : l&rsquo;Apple Watch Ultra 2 est tomb\u00e9e \u00e0 <strong>549,99\u00a0$<\/strong> sur Amazon, vous permettant d&rsquo;\u00e9conomiser 250 $ sur le prix de d\u00e9tail. Cela correspond au prix le plus bas jamais atteint, selon les outils de suivi des prix. <\/p>\n<div class=\"pogoClear mb-12 mt-10 rounded-md border-2 border-gray-100 py-7 shadow-xl md:py-6\">\n<div class=\"flex flex-wrap justify-between px-7 text-black no-underline md:flex-nowrap md:px-8\">\n<div class=\"order-1 mx-auto flex flex-col justify-center md:order-2 md:ml-4 md:w-full md:grow\">\n<div class=\"block cursor-pointer text-center font-akshar text-2xl font-medium leading-7 text-brand-green duration-200 ease-in-out hover:text-brand-green-700 md:text-left md:text-xl md:leading-6\">Apple Watch Ultra2\n                <\/div>\n<div class=\"mt-4 hidden md:flex md:justify-between\">\n<div class=\"self-end\">\n<div class=\"mb-0 h-11 md:flex md:flex-col md:justify-center\">\n<div class=\" font-sans leading-4 text-black\">\n<div class=\"flex flex-wrap items-center justify-center gap-1 md:justify-start\">\n        <span class=\"font-bold\"><\/p>\n<p>            549,00\u00a0$<br \/>\n                            <span class=\"font-medium\">chez Amazon<\/span><br \/>\n                    <\/span>\n            <\/div>\n<div class=\"flex items-center justify-center gap-x-1 font-bold md:justify-start\">\n            <span class=\"text-sm line-through\">799,00\u00a0$<\/span><br \/>\n            <span class=\"text-sm text-brand-green\">\u00c9conomisez 250,00\u00a0$<\/span>\n        <\/div>\n<\/p><\/div>\n<\/p><\/div>\n<\/p><\/div>\n<div class=\"w-44 self-end\">\n                            <button class=\"flex justify-center items-center w-full bg-brand-green text-white text-base font-sans font-medium rounded-md hover:bg-brand-green-700 hover:cursor-pointer md:text-sm h-11\"><\/p>\n<p>    Obtenez une offre<br \/>\n<\/button>\n                        <\/div>\n<\/p><\/div>\n<\/p><\/div>\n<div class=\"order-2 mt-5 h-auto w-full md:order-1 md:mt-0 md:hidden\">\n<div class=\"flex aspect-video items-center justify-center\">\n                                            <img decoding=\"async\" class=\"m-0 max-h-full max-w-full rounded-md\" src=\"https:\/\/vieassociative.be\/actualites\/wp-content\/uploads\/2026\/01\/LApple-Watch-Ultra-2-est-de-retour-a-son-prix.jpg\" alt=\"Apple Watch Ultra2\" width=\"auto\" height=\"auto\" loading=\"lazy\">\n                                    <\/div>\n<\/p><\/div>\n<div class=\"order-2 ml-2 hidden w-32 shrink-0 items-center md:order-1 md:ml-0 md:flex\">\n<div class=\"flex aspect-video items-center justify-center\">\n                                            <img decoding=\"async\" class=\"m-0 max-h-full max-w-full rounded-md\" src=\"https:\/\/vieassociative.be\/actualites\/wp-content\/uploads\/2026\/01\/LApple-Watch-Ultra-2-est-de-retour-a-son-prix.jpg\" alt=\"Apple Watch Ultra2\" width=\"auto\" height=\"auto\" loading=\"lazy\">\n                                    <\/div>\n<\/p><\/div>\n<div class=\"order-3 flex grow flex-wrap md:hidden md:grow-0\">\n<div class=\"mt-4 w-full\">\n                        <button class=\"flex justify-center items-center w-full bg-brand-green text-white text-base font-sans font-medium rounded-md hover:bg-brand-green-700 hover:cursor-pointer md:text-sm h-11\"><\/p>\n<p>    Obtenez une offre<br \/>\n<\/button>\n                    <\/div>\n<div class=\"mx-2 mt-4 w-full\">\n<div class=\" font-sans leading-4 text-black\">\n<div class=\"flex flex-wrap items-center justify-center gap-1 md:justify-start\">\n        <span class=\"font-bold\"><\/p>\n<p>            549,00\u00a0$<br \/>\n                            <span class=\"font-medium\">chez Amazon<\/span><br \/>\n                    <\/span>\n            <\/div>\n<div class=\"flex items-center justify-center gap-x-1 font-bold md:justify-start\">\n            <span class=\"text-sm line-through\">799,00\u00a0$<\/span><br \/>\n            <span class=\"text-sm text-brand-green\">\u00c9conomisez 250,00\u00a0$<\/span>\n        <\/div>\n<\/p><\/div>\n<\/p><\/div>\n<\/p><\/div>\n<\/p><\/div>\n<\/div>\n<p>L\u2019Apple Watch Ultra 2 est sortie en septembre 2023, et apr\u00e8s la sortie de l\u2019Ultra 3 deux ans plus tard. il \u00e9tait in\u00e9vitable que l&rsquo;Ultra 2 connaisse une r\u00e9duction de prix. Ce qui est cool, c&rsquo;est que vous n&rsquo;avez pas besoin du dernier mod\u00e8le pour b\u00e9n\u00e9ficier des derni\u00e8res fonctionnalit\u00e9s de WatchOS, car Apple a de bons ant\u00e9c\u00e9dents en mati\u00e8re de mise \u00e0 jour de ses produits phares pendant de nombreuses ann\u00e9es. <\/p>\n<p>L&rsquo;Ultra est le mod\u00e8le Apple Watch haut de gamme, avec le bo\u00eetier le plus grand, l&rsquo;\u00e9cran le plus lumineux (3 000 nits), la r\u00e9sistance \u00e0 l&rsquo;eau la plus profonde (100 m\u00e8tres) et la dur\u00e9e de vie de la batterie la plus longue (jusqu&rsquo;\u00e0 36 heures).<\/p>\n<div class=\"mx-auto mt-8 w-full max-w-4xl aspect-video\">\n<div id=\"video-container-01KENN17377REY4JH2SAAFYC53\"><\/div>\n<\/div>\n<p>L&rsquo;Apple Watch Ultra 2 regorge de fonctionnalit\u00e9s ax\u00e9es sur le fitness, mais m\u00eame si vous n&rsquo;\u00eates pas un passionn\u00e9 de sant\u00e9, elle propose \u00e9galement de nombreuses fonctionnalit\u00e9s int\u00e9ressantes pour les utilisateurs occasionnels. Les personnes qui recherchent un tracker de sommeil fiable peuvent en apprendre beaucoup sur leurs habitudes de sommeil avec l&rsquo;Ultra 2 \u00e0 condition de le garder bien charg\u00e9. <\/p>\n<p>Actuellement, toutes les tailles sont disponibles pour <strong>549,99 $,<\/strong> mais toutes les couleurs ne sont pas disponibles. Vous pouvez en savoir plus sur cette montre dans la critique \u00ab excellente \u00bb de PCMag.<\/p>\n<p>L&rsquo;Ultra 2 est diff\u00e9rente de la pr\u00e9c\u00e9dente Apple Watch Ultra de premi\u00e8re g\u00e9n\u00e9ration, que vous pouvez trouver pour 319 $ remise \u00e0 neuf sur Amazon. C&rsquo;est \u00e9galement diff\u00e9rent de l&rsquo;Apple Watch Series 11, que vous pouvez actuellement obtenir pour 329 $ sur Amazon. Si vous recherchez la derni\u00e8re Apple Watch \u00e9conomique, pensez \u00e0 l&rsquo;Apple Watch SE de troisi\u00e8me g\u00e9n\u00e9ration disponible au prix de 269 $ (299 $ \u00e0 l&rsquo;origine).<\/p>\n","protected":false},"excerpt":{"rendered":"<p>Nous pouvons gagner une commission sur les liens sur cette page. Les prix et la disponibilit\u00e9 de l&rsquo;offre sont sujets \u00e0 changement apr\u00e8s la publication.<\/p>\n","protected":false},"author":1,"featured_media":12169,"comment_status":"","ping_status":"","sticky":false,"template":"","format":"standard","meta":{"footnotes":""},"categories":[1],"tags":[700,1563,76,851,3184,1399,787,800,56,55],"class_list":["post-12168","post","type-post","status-publish","format-standard","has-post-thumbnail","hentry","category-non-classe","tag-bas","tag-enregistre","tag-est","tag-jamais","tag-lapple","tag-prix","tag-retour","tag-son","tag-ultra","tag-watch","generate-columns","tablet-grid-50","mobile-grid-100","grid-parent","grid-33"],"yoast_head":"<!-- This site is optimized with the Yoast SEO plugin v24.0 - https:\/\/yoast.com\/wordpress\/plugins\/seo\/ -->\n<title>L&#039;Apple Watch Ultra 2 est de retour \u00e0 son prix le plus bas jamais enregistr\u00e9 | Vie Associative<\/title>\n<meta name=\"robots\" content=\"index, follow, max-snippet:-1, max-image-preview:large, max-video-preview:-1\" \/>\n<link rel=\"canonical\" href=\"https:\/\/vieassociative.be\/actualites\/lapple-watch-ultra-2-est-de-retour-a-son-prix-le-plus-bas-jamais-enregistre\/\" \/>\n<meta property=\"og:locale\" content=\"fr_FR\" \/>\n<meta property=\"og:type\" content=\"article\" \/>\n<meta property=\"og:title\" content=\"L&#039;Apple Watch Ultra 2 est de retour \u00e0 son prix le plus bas jamais enregistr\u00e9 | Vie Associative\" \/>\n<meta property=\"og:description\" content=\"Nous pouvons gagner une commission sur les liens sur cette page. Les prix et la disponibilit\u00e9 de l&rsquo;offre sont sujets \u00e0 changement apr\u00e8s la publication.\" \/>\n<meta property=\"og:url\" content=\"https:\/\/vieassociative.be\/actualites\/lapple-watch-ultra-2-est-de-retour-a-son-prix-le-plus-bas-jamais-enregistre\/\" \/>\n<meta property=\"og:site_name\" content=\"Vie Associative\" \/>\n<meta property=\"article:published_time\" content=\"2026-01-11T05:17:18+00:00\" \/>\n<meta property=\"og:image\" content=\"https:\/\/vieassociative.be\/actualites\/wp-content\/uploads\/2026\/01\/LApple-Watch-Ultra-2-est-de-retour-a-son-prix.jpg\" \/>\n<meta name=\"author\" content=\"Julien\" \/>\n<meta name=\"twitter:card\" content=\"summary_large_image\" \/>\n<meta name=\"twitter:label1\" content=\"\u00c9crit par\" \/>\n\t<meta name=\"twitter:data1\" content=\"Julien\" \/>\n\t<meta name=\"twitter:label2\" content=\"Dur\u00e9e de lecture est.\" \/>\n\t<meta name=\"twitter:data2\" content=\"2 minutes\" \/>\n<script type=\"application\/ld+json\" class=\"yoast-schema-graph\">{\"@context\":\"https:\/\/schema.org\",\"@graph\":[{\"@type\":\"Article\",\"@id\":\"https:\/\/vieassociative.be\/actualites\/lapple-watch-ultra-2-est-de-retour-a-son-prix-le-plus-bas-jamais-enregistre\/#article\",\"isPartOf\":{\"@id\":\"https:\/\/vieassociative.be\/actualites\/lapple-watch-ultra-2-est-de-retour-a-son-prix-le-plus-bas-jamais-enregistre\/\"},\"author\":{\"name\":\"Julien\",\"@id\":\"https:\/\/vieassociative.be\/actualites\/#\/schema\/person\/b87ac4f82f9d4e7b7cec7395b679edc4\"},\"headline\":\"L&rsquo;Apple Watch Ultra 2 est de retour \u00e0 son prix le plus bas jamais enregistr\u00e9\",\"datePublished\":\"2026-01-11T05:17:18+00:00\",\"dateModified\":\"2026-01-11T05:17:18+00:00\",\"mainEntityOfPage\":{\"@id\":\"https:\/\/vieassociative.be\/actualites\/lapple-watch-ultra-2-est-de-retour-a-son-prix-le-plus-bas-jamais-enregistre\/\"},\"wordCount\":428,\"publisher\":{\"@id\":\"https:\/\/vieassociative.be\/actualites\/#organization\"},\"image\":{\"@id\":\"https:\/\/vieassociative.be\/actualites\/lapple-watch-ultra-2-est-de-retour-a-son-prix-le-plus-bas-jamais-enregistre\/#primaryimage\"},\"thumbnailUrl\":\"https:\/\/vieassociative.be\/actualites\/wp-content\/uploads\/2026\/01\/LApple-Watch-Ultra-2-est-de-retour-a-son-prix.png\",\"keywords\":[\"bas\",\"enregistr\u00e9\",\"est\",\"jamais\",\"LApple\",\"prix\",\"retour\",\"son\",\"Ultra\",\"Watch\"],\"inLanguage\":\"fr-BE\"},{\"@type\":\"WebPage\",\"@id\":\"https:\/\/vieassociative.be\/actualites\/lapple-watch-ultra-2-est-de-retour-a-son-prix-le-plus-bas-jamais-enregistre\/\",\"url\":\"https:\/\/vieassociative.be\/actualites\/lapple-watch-ultra-2-est-de-retour-a-son-prix-le-plus-bas-jamais-enregistre\/\",\"name\":\"L'Apple Watch Ultra 2 est de retour \u00e0 son prix le plus bas jamais enregistr\u00e9 | Vie Associative\",\"isPartOf\":{\"@id\":\"https:\/\/vieassociative.be\/actualites\/#website\"},\"primaryImageOfPage\":{\"@id\":\"https:\/\/vieassociative.be\/actualites\/lapple-watch-ultra-2-est-de-retour-a-son-prix-le-plus-bas-jamais-enregistre\/#primaryimage\"},\"image\":{\"@id\":\"https:\/\/vieassociative.be\/actualites\/lapple-watch-ultra-2-est-de-retour-a-son-prix-le-plus-bas-jamais-enregistre\/#primaryimage\"},\"thumbnailUrl\":\"https:\/\/vieassociative.be\/actualites\/wp-content\/uploads\/2026\/01\/LApple-Watch-Ultra-2-est-de-retour-a-son-prix.png\",\"datePublished\":\"2026-01-11T05:17:18+00:00\",\"dateModified\":\"2026-01-11T05:17:18+00:00\",\"breadcrumb\":{\"@id\":\"https:\/\/vieassociative.be\/actualites\/lapple-watch-ultra-2-est-de-retour-a-son-prix-le-plus-bas-jamais-enregistre\/#breadcrumb\"},\"inLanguage\":\"fr-BE\",\"potentialAction\":[{\"@type\":\"ReadAction\",\"target\":[\"https:\/\/vieassociative.be\/actualites\/lapple-watch-ultra-2-est-de-retour-a-son-prix-le-plus-bas-jamais-enregistre\/\"]}]},{\"@type\":\"ImageObject\",\"inLanguage\":\"fr-BE\",\"@id\":\"https:\/\/vieassociative.be\/actualites\/lapple-watch-ultra-2-est-de-retour-a-son-prix-le-plus-bas-jamais-enregistre\/#primaryimage\",\"url\":\"https:\/\/vieassociative.be\/actualites\/wp-content\/uploads\/2026\/01\/LApple-Watch-Ultra-2-est-de-retour-a-son-prix.png\",\"contentUrl\":\"https:\/\/vieassociative.be\/actualites\/wp-content\/uploads\/2026\/01\/LApple-Watch-Ultra-2-est-de-retour-a-son-prix.png\",\"width\":1200,\"height\":675,\"caption\":\"L'Apple Watch Ultra 2 est de retour \u00e0 son prix le plus bas jamais enregistr\u00e9\"},{\"@type\":\"BreadcrumbList\",\"@id\":\"https:\/\/vieassociative.be\/actualites\/lapple-watch-ultra-2-est-de-retour-a-son-prix-le-plus-bas-jamais-enregistre\/#breadcrumb\",\"itemListElement\":[{\"@type\":\"ListItem\",\"position\":1,\"name\":\"Accueil\",\"item\":\"https:\/\/vieassociative.be\/actualites\/\"},{\"@type\":\"ListItem\",\"position\":2,\"name\":\"L&rsquo;Apple Watch Ultra 2 est de retour \u00e0 son prix le plus bas jamais enregistr\u00e9\"}]},{\"@type\":\"WebSite\",\"@id\":\"https:\/\/vieassociative.be\/actualites\/#website\",\"url\":\"https:\/\/vieassociative.be\/actualites\/\",\"name\":\"Vie Associative\",\"description\":\"\",\"publisher\":{\"@id\":\"https:\/\/vieassociative.be\/actualites\/#organization\"},\"potentialAction\":[{\"@type\":\"SearchAction\",\"target\":{\"@type\":\"EntryPoint\",\"urlTemplate\":\"https:\/\/vieassociative.be\/actualites\/?s={search_term_string}\"},\"query-input\":{\"@type\":\"PropertyValueSpecification\",\"valueRequired\":true,\"valueName\":\"search_term_string\"}}],\"inLanguage\":\"fr-BE\"},{\"@type\":\"Organization\",\"@id\":\"https:\/\/vieassociative.be\/actualites\/#organization\",\"name\":\"Vie Associative\",\"url\":\"https:\/\/vieassociative.be\/actualites\/\",\"logo\":{\"@type\":\"ImageObject\",\"inLanguage\":\"fr-BE\",\"@id\":\"https:\/\/vieassociative.be\/actualites\/#\/schema\/logo\/image\/\",\"url\":\"https:\/\/vieassociative.be\/actualites\/wp-content\/uploads\/2024\/09\/cropped-vieassociative_favicon.ico.png\",\"contentUrl\":\"https:\/\/vieassociative.be\/actualites\/wp-content\/uploads\/2024\/09\/cropped-vieassociative_favicon.ico.png\",\"width\":512,\"height\":512,\"caption\":\"Vie Associative\"},\"image\":{\"@id\":\"https:\/\/vieassociative.be\/actualites\/#\/schema\/logo\/image\/\"}},{\"@type\":\"Person\",\"@id\":\"https:\/\/vieassociative.be\/actualites\/#\/schema\/person\/b87ac4f82f9d4e7b7cec7395b679edc4\",\"name\":\"Julien\",\"image\":{\"@type\":\"ImageObject\",\"inLanguage\":\"fr-BE\",\"@id\":\"https:\/\/vieassociative.be\/actualites\/#\/schema\/person\/image\/\",\"url\":\"https:\/\/vieassociative.be\/actualites\/wp-content\/uploads\/2024\/09\/vie-associative-1-150x150.jpg\",\"contentUrl\":\"https:\/\/vieassociative.be\/actualites\/wp-content\/uploads\/2024\/09\/vie-associative-1-150x150.jpg\",\"caption\":\"Julien\"},\"description\":\"Je suis Julien, r\u00e9dacteur pour Vie Associative. Passionn\u00e9 par le monde associatif depuis plus de 10 ans, j'ai \u00e0 c\u0153ur de partager des histoires inspirantes et de mettre en lumi\u00e8re les initiatives locales. Mon objectif est de sensibiliser et d'encourager l'engagement communautaire \u00e0 travers mes articles.\",\"sameAs\":[\"https:\/\/vieassociative.be\/\"]}]}<\/script>\n<!-- \/ Yoast SEO plugin. -->","yoast_head_json":{"title":"L'Apple Watch Ultra 2 est de retour \u00e0 son prix le plus bas jamais enregistr\u00e9 | Vie Associative","robots":{"index":"index","follow":"follow","max-snippet":"max-snippet:-1","max-image-preview":"max-image-preview:large","max-video-preview":"max-video-preview:-1"},"canonical":"https:\/\/vieassociative.be\/actualites\/lapple-watch-ultra-2-est-de-retour-a-son-prix-le-plus-bas-jamais-enregistre\/","og_locale":"fr_FR","og_type":"article","og_title":"L'Apple Watch Ultra 2 est de retour \u00e0 son prix le plus bas jamais enregistr\u00e9 | Vie Associative","og_description":"Nous pouvons gagner une commission sur les liens sur cette page. Les prix et la disponibilit\u00e9 de l&rsquo;offre sont sujets \u00e0 changement apr\u00e8s la publication.","og_url":"https:\/\/vieassociative.be\/actualites\/lapple-watch-ultra-2-est-de-retour-a-son-prix-le-plus-bas-jamais-enregistre\/","og_site_name":"Vie Associative","article_published_time":"2026-01-11T05:17:18+00:00","og_image":[{"url":"https:\/\/vieassociative.be\/actualites\/wp-content\/uploads\/2026\/01\/LApple-Watch-Ultra-2-est-de-retour-a-son-prix.jpg","type":"","width":"","height":""}],"author":"Julien","twitter_card":"summary_large_image","twitter_misc":{"\u00c9crit par":"Julien","Dur\u00e9e de lecture est.":"2 minutes"},"schema":{"@context":"https:\/\/schema.org","@graph":[{"@type":"Article","@id":"https:\/\/vieassociative.be\/actualites\/lapple-watch-ultra-2-est-de-retour-a-son-prix-le-plus-bas-jamais-enregistre\/#article","isPartOf":{"@id":"https:\/\/vieassociative.be\/actualites\/lapple-watch-ultra-2-est-de-retour-a-son-prix-le-plus-bas-jamais-enregistre\/"},"author":{"name":"Julien","@id":"https:\/\/vieassociative.be\/actualites\/#\/schema\/person\/b87ac4f82f9d4e7b7cec7395b679edc4"},"headline":"L&rsquo;Apple Watch Ultra 2 est de retour \u00e0 son prix le plus bas jamais enregistr\u00e9","datePublished":"2026-01-11T05:17:18+00:00","dateModified":"2026-01-11T05:17:18+00:00","mainEntityOfPage":{"@id":"https:\/\/vieassociative.be\/actualites\/lapple-watch-ultra-2-est-de-retour-a-son-prix-le-plus-bas-jamais-enregistre\/"},"wordCount":428,"publisher":{"@id":"https:\/\/vieassociative.be\/actualites\/#organization"},"image":{"@id":"https:\/\/vieassociative.be\/actualites\/lapple-watch-ultra-2-est-de-retour-a-son-prix-le-plus-bas-jamais-enregistre\/#primaryimage"},"thumbnailUrl":"https:\/\/vieassociative.be\/actualites\/wp-content\/uploads\/2026\/01\/LApple-Watch-Ultra-2-est-de-retour-a-son-prix.png","keywords":["bas","enregistr\u00e9","est","jamais","LApple","prix","retour","son","Ultra","Watch"],"inLanguage":"fr-BE"},{"@type":"WebPage","@id":"https:\/\/vieassociative.be\/actualites\/lapple-watch-ultra-2-est-de-retour-a-son-prix-le-plus-bas-jamais-enregistre\/","url":"https:\/\/vieassociative.be\/actualites\/lapple-watch-ultra-2-est-de-retour-a-son-prix-le-plus-bas-jamais-enregistre\/","name":"L'Apple Watch Ultra 2 est de retour \u00e0 son prix le plus bas jamais enregistr\u00e9 | Vie Associative","isPartOf":{"@id":"https:\/\/vieassociative.be\/actualites\/#website"},"primaryImageOfPage":{"@id":"https:\/\/vieassociative.be\/actualites\/lapple-watch-ultra-2-est-de-retour-a-son-prix-le-plus-bas-jamais-enregistre\/#primaryimage"},"image":{"@id":"https:\/\/vieassociative.be\/actualites\/lapple-watch-ultra-2-est-de-retour-a-son-prix-le-plus-bas-jamais-enregistre\/#primaryimage"},"thumbnailUrl":"https:\/\/vieassociative.be\/actualites\/wp-content\/uploads\/2026\/01\/LApple-Watch-Ultra-2-est-de-retour-a-son-prix.png","datePublished":"2026-01-11T05:17:18+00:00","dateModified":"2026-01-11T05:17:18+00:00","breadcrumb":{"@id":"https:\/\/vieassociative.be\/actualites\/lapple-watch-ultra-2-est-de-retour-a-son-prix-le-plus-bas-jamais-enregistre\/#breadcrumb"},"inLanguage":"fr-BE","potentialAction":[{"@type":"ReadAction","target":["https:\/\/vieassociative.be\/actualites\/lapple-watch-ultra-2-est-de-retour-a-son-prix-le-plus-bas-jamais-enregistre\/"]}]},{"@type":"ImageObject","inLanguage":"fr-BE","@id":"https:\/\/vieassociative.be\/actualites\/lapple-watch-ultra-2-est-de-retour-a-son-prix-le-plus-bas-jamais-enregistre\/#primaryimage","url":"https:\/\/vieassociative.be\/actualites\/wp-content\/uploads\/2026\/01\/LApple-Watch-Ultra-2-est-de-retour-a-son-prix.png","contentUrl":"https:\/\/vieassociative.be\/actualites\/wp-content\/uploads\/2026\/01\/LApple-Watch-Ultra-2-est-de-retour-a-son-prix.png","width":1200,"height":675,"caption":"L'Apple Watch Ultra 2 est de retour \u00e0 son prix le plus bas jamais enregistr\u00e9"},{"@type":"BreadcrumbList","@id":"https:\/\/vieassociative.be\/actualites\/lapple-watch-ultra-2-est-de-retour-a-son-prix-le-plus-bas-jamais-enregistre\/#breadcrumb","itemListElement":[{"@type":"ListItem","position":1,"name":"Accueil","item":"https:\/\/vieassociative.be\/actualites\/"},{"@type":"ListItem","position":2,"name":"L&rsquo;Apple Watch Ultra 2 est de retour \u00e0 son prix le plus bas jamais enregistr\u00e9"}]},{"@type":"WebSite","@id":"https:\/\/vieassociative.be\/actualites\/#website","url":"https:\/\/vieassociative.be\/actualites\/","name":"Vie Associative","description":"","publisher":{"@id":"https:\/\/vieassociative.be\/actualites\/#organization"},"potentialAction":[{"@type":"SearchAction","target":{"@type":"EntryPoint","urlTemplate":"https:\/\/vieassociative.be\/actualites\/?s={search_term_string}"},"query-input":{"@type":"PropertyValueSpecification","valueRequired":true,"valueName":"search_term_string"}}],"inLanguage":"fr-BE"},{"@type":"Organization","@id":"https:\/\/vieassociative.be\/actualites\/#organization","name":"Vie Associative","url":"https:\/\/vieassociative.be\/actualites\/","logo":{"@type":"ImageObject","inLanguage":"fr-BE","@id":"https:\/\/vieassociative.be\/actualites\/#\/schema\/logo\/image\/","url":"https:\/\/vieassociative.be\/actualites\/wp-content\/uploads\/2024\/09\/cropped-vieassociative_favicon.ico.png","contentUrl":"https:\/\/vieassociative.be\/actualites\/wp-content\/uploads\/2024\/09\/cropped-vieassociative_favicon.ico.png","width":512,"height":512,"caption":"Vie Associative"},"image":{"@id":"https:\/\/vieassociative.be\/actualites\/#\/schema\/logo\/image\/"}},{"@type":"Person","@id":"https:\/\/vieassociative.be\/actualites\/#\/schema\/person\/b87ac4f82f9d4e7b7cec7395b679edc4","name":"Julien","image":{"@type":"ImageObject","inLanguage":"fr-BE","@id":"https:\/\/vieassociative.be\/actualites\/#\/schema\/person\/image\/","url":"https:\/\/vieassociative.be\/actualites\/wp-content\/uploads\/2024\/09\/vie-associative-1-150x150.jpg","contentUrl":"https:\/\/vieassociative.be\/actualites\/wp-content\/uploads\/2024\/09\/vie-associative-1-150x150.jpg","caption":"Julien"},"description":"Je suis Julien, r\u00e9dacteur pour Vie Associative. Passionn\u00e9 par le monde associatif depuis plus de 10 ans, j'ai \u00e0 c\u0153ur de partager des histoires inspirantes et de mettre en lumi\u00e8re les initiatives locales. Mon objectif est de sensibiliser et d'encourager l'engagement communautaire \u00e0 travers mes articles.","sameAs":["https:\/\/vieassociative.be\/"]}]}},"_links":{"self":[{"href":"https:\/\/vieassociative.be\/actualites\/wp-json\/wp\/v2\/posts\/12168"}],"collection":[{"href":"https:\/\/vieassociative.be\/actualites\/wp-json\/wp\/v2\/posts"}],"about":[{"href":"https:\/\/vieassociative.be\/actualites\/wp-json\/wp\/v2\/types\/post"}],"author":[{"embeddable":true,"href":"https:\/\/vieassociative.be\/actualites\/wp-json\/wp\/v2\/users\/1"}],"replies":[{"embeddable":true,"href":"https:\/\/vieassociative.be\/actualites\/wp-json\/wp\/v2\/comments?post=12168"}],"version-history":[{"count":0,"href":"https:\/\/vieassociative.be\/actualites\/wp-json\/wp\/v2\/posts\/12168\/revisions"}],"wp:featuredmedia":[{"embeddable":true,"href":"https:\/\/vieassociative.be\/actualites\/wp-json\/wp\/v2\/media\/12169"}],"wp:attachment":[{"href":"https:\/\/vieassociative.be\/actualites\/wp-json\/wp\/v2\/media?parent=12168"}],"wp:term":[{"taxonomy":"category","embeddable":true,"href":"https:\/\/vieassociative.be\/actualites\/wp-json\/wp\/v2\/categories?post=12168"},{"taxonomy":"post_tag","embeddable":true,"href":"https:\/\/vieassociative.be\/actualites\/wp-json\/wp\/v2\/tags?post=12168"}],"curies":[{"name":"wp","href":"https:\/\/api.w.org\/{rel}","templated":true}]}}