{"id":12164,"date":"2026-01-10T18:17:29","date_gmt":"2026-01-10T17:17:29","guid":{"rendered":"https:\/\/vieassociative.be\/actualites\/cest-la-meilleure-application-de-pare-feu-pour-mac-que-jai-jamais-utilisee-et-elle-est-gratuite\/"},"modified":"2026-01-10T18:17:29","modified_gmt":"2026-01-10T17:17:29","slug":"cest-la-meilleure-application-de-pare-feu-pour-mac-que-jai-jamais-utilisee-et-elle-est-gratuite","status":"publish","type":"post","link":"https:\/\/vieassociative.be\/actualites\/cest-la-meilleure-application-de-pare-feu-pour-mac-que-jai-jamais-utilisee-et-elle-est-gratuite\/","title":{"rendered":"C&rsquo;est la meilleure application de pare-feu pour Mac que j&rsquo;ai jamais utilis\u00e9e, et elle est gratuite"},"content":{"rendered":"<p>La plupart des gens n\u2019ont pas g\u00e9r\u00e9 activement un pare-feu depuis au moins une d\u00e9cennie, en supposant qu\u2019ils l\u2019aient d\u00e9j\u00e0 fait. Mais il est parfois utile de savoir quelles applications utilisent Internet et la quantit\u00e9 de donn\u00e9es qu&rsquo;elles utilisent, tout comme emp\u00eacher les applications d&rsquo;acc\u00e9der enti\u00e8rement \u00e0 Internet.<\/p>\n<p>Lorsque vous voyagez, par exemple, l&rsquo;acc\u00e8s \u00e0 Internet peut \u00eatre limit\u00e9. C&rsquo;est donc une bonne id\u00e9e de couper les applications qui traitent constamment des donn\u00e9es. Mais m\u00eame \u00e0 la maison, c&rsquo;est une bonne pratique de s\u00e9curit\u00e9 de v\u00e9rifier quelles applications se connectent \u00e0 Internet. Et m\u00eame si macOS est livr\u00e9 avec un pare-feu, ce n&rsquo;est pas vraiment un outil utile pour cela.<\/p>\n<p>C&rsquo;est pourquoi j&rsquo;aime FireWally. Cette application totalement gratuite, propos\u00e9e par Nektony, d\u00e9veloppeur ind\u00e9pendant pour Mac bas\u00e9 en Ukraine, n&rsquo;est pas un outil destin\u00e9 aux utilisateurs exp\u00e9riment\u00e9s : elle est simplifi\u00e9e et conviviale. Cliquez sur l&rsquo;ic\u00f4ne de la barre de menu et vous verrez une liste des applications utilisant Internet. Vous pouvez voir un r\u00e9sum\u00e9 de tout le trafic d&rsquo;aujourd&rsquo;hui, de l&rsquo;heure \u00e9coul\u00e9e, ou surveiller le trafic entrant en temps r\u00e9el.<\/p>\n<p>\u00c0 c\u00f4t\u00e9 de chaque application se trouve son utilisation des donn\u00e9es. Vous pouvez voir une r\u00e9partition du trafic entrant et sortant pour n&rsquo;importe quelle application en passant la souris dessus. Vous pouvez emp\u00eacher n&rsquo;importe quelle application d&rsquo;acc\u00e9der \u00e0 Internet en basculant le commutateur.<\/p>\n<div class=\"eloquent-imagery-image\">\n<div class=\"flex justify-center\">\n                    <img decoding=\"async\" class=\"border border-gray-100\" src=\"https:\/\/vieassociative.be\/actualites\/wp-content\/uploads\/2026\/01\/Cest-la-meilleure-application-de-pare-feu-pour-Mac-que-jai.png\" alt=\"Un r\u00e9sum\u00e9 g\u00e9n\u00e9r\u00e9 par l'IA du \"FaceTimeNotificationExtension\", which is an Apple-provided background utility.\" width=\"2000\" height=\"887\" loading=\"lazy\">\n            <\/div>\n<div class=\"mt-2 font-akshar\">\n                            <span class=\"image-caption block text-sm leading-4 tracking-wide text-(#1F2937)\"><\/span><br \/>\n                                        <span class=\"mt-1 block font-sans text-xs tracking-normal text-gray-600\">Cr\u00e9dit : Justin Pot<\/span>\n                    <\/div>\n<\/p><\/div>\n<p>Que faire si vous ne reconnaissez pas une application ? Traditionnellement, je finissais par copier le nom de l\u2019application et le coller dans un moteur de recherche. FireWally essaie de vous faire gagner du temps en fournissant des r\u00e9sum\u00e9s g\u00e9n\u00e9r\u00e9s par l&rsquo;IA de chaque application \u00e0 l&rsquo;aide d&rsquo;Apple Intelligence (en supposant que votre Mac prenne en charge cette fonctionnalit\u00e9). C&rsquo;est un moyen utile de vous rappeler rapidement ce qu&rsquo;est une application particuli\u00e8re ou d&rsquo;en identifier une que vous ne reconnaissez pas.<\/p>\n<p>C&rsquo;est une application tr\u00e8s simplifi\u00e9e, mais parfaite pour tous ceux qui souhaitent comprendre un peu plus la quantit\u00e9 de donn\u00e9es utilis\u00e9es par leurs diff\u00e9rentes applications Mac. Essayez-le si vous recherchez une application de pare-feu simple.<\/p>\n","protected":false},"excerpt":{"rendered":"<p>La plupart des gens n\u2019ont pas g\u00e9r\u00e9 activement un pare-feu depuis au moins une d\u00e9cennie, en supposant qu\u2019ils l\u2019aient d\u00e9j\u00e0 fait. Mais il est parfois<\/p>\n","protected":false},"author":1,"featured_media":12165,"comment_status":"","ping_status":"","sticky":false,"template":"","format":"standard","meta":{"footnotes":""},"categories":[1],"tags":[1277,362,2430,76,2157,823,851,1112,530,8920,81,6406],"class_list":["post-12164","post","type-post","status-publish","format-standard","has-post-thumbnail","hentry","category-non-classe","tag-application","tag-cest","tag-elle","tag-est","tag-gratuite","tag-jai","tag-jamais","tag-mac","tag-meilleure","tag-parefeu","tag-pour","tag-utilisee","generate-columns","tablet-grid-50","mobile-grid-100","grid-parent","grid-33"],"yoast_head":"<!-- This site is optimized with the Yoast SEO plugin v24.0 - https:\/\/yoast.com\/wordpress\/plugins\/seo\/ -->\n<title>C&#039;est la meilleure application de pare-feu pour Mac que j&#039;ai jamais utilis\u00e9e, et elle est gratuite | Vie Associative<\/title>\n<meta name=\"robots\" content=\"index, follow, max-snippet:-1, max-image-preview:large, max-video-preview:-1\" \/>\n<link rel=\"canonical\" href=\"https:\/\/vieassociative.be\/actualites\/cest-la-meilleure-application-de-pare-feu-pour-mac-que-jai-jamais-utilisee-et-elle-est-gratuite\/\" \/>\n<meta property=\"og:locale\" content=\"fr_FR\" \/>\n<meta property=\"og:type\" content=\"article\" \/>\n<meta property=\"og:title\" content=\"C&#039;est la meilleure application de pare-feu pour Mac que j&#039;ai jamais utilis\u00e9e, et elle est gratuite | Vie Associative\" \/>\n<meta property=\"og:description\" content=\"La plupart des gens n\u2019ont pas g\u00e9r\u00e9 activement un pare-feu depuis au moins une d\u00e9cennie, en supposant qu\u2019ils l\u2019aient d\u00e9j\u00e0 fait. Mais il est parfois\" \/>\n<meta property=\"og:url\" content=\"https:\/\/vieassociative.be\/actualites\/cest-la-meilleure-application-de-pare-feu-pour-mac-que-jai-jamais-utilisee-et-elle-est-gratuite\/\" \/>\n<meta property=\"og:site_name\" content=\"Vie Associative\" \/>\n<meta property=\"article:published_time\" content=\"2026-01-10T17:17:29+00:00\" \/>\n<meta property=\"og:image\" content=\"https:\/\/vieassociative.be\/actualites\/wp-content\/uploads\/2026\/01\/Cest-la-meilleure-application-de-pare-feu-pour-Mac-que-jai.png\" \/>\n<meta name=\"author\" content=\"Julien\" \/>\n<meta name=\"twitter:card\" content=\"summary_large_image\" \/>\n<meta name=\"twitter:label1\" content=\"\u00c9crit par\" \/>\n\t<meta name=\"twitter:data1\" content=\"Julien\" \/>\n\t<meta name=\"twitter:label2\" content=\"Dur\u00e9e de lecture est.\" \/>\n\t<meta name=\"twitter:data2\" content=\"2 minutes\" \/>\n<script type=\"application\/ld+json\" class=\"yoast-schema-graph\">{\"@context\":\"https:\/\/schema.org\",\"@graph\":[{\"@type\":\"Article\",\"@id\":\"https:\/\/vieassociative.be\/actualites\/cest-la-meilleure-application-de-pare-feu-pour-mac-que-jai-jamais-utilisee-et-elle-est-gratuite\/#article\",\"isPartOf\":{\"@id\":\"https:\/\/vieassociative.be\/actualites\/cest-la-meilleure-application-de-pare-feu-pour-mac-que-jai-jamais-utilisee-et-elle-est-gratuite\/\"},\"author\":{\"name\":\"Julien\",\"@id\":\"https:\/\/vieassociative.be\/actualites\/#\/schema\/person\/b87ac4f82f9d4e7b7cec7395b679edc4\"},\"headline\":\"C&rsquo;est la meilleure application de pare-feu pour Mac que j&rsquo;ai jamais utilis\u00e9e, et elle est gratuite\",\"datePublished\":\"2026-01-10T17:17:29+00:00\",\"dateModified\":\"2026-01-10T17:17:29+00:00\",\"mainEntityOfPage\":{\"@id\":\"https:\/\/vieassociative.be\/actualites\/cest-la-meilleure-application-de-pare-feu-pour-mac-que-jai-jamais-utilisee-et-elle-est-gratuite\/\"},\"wordCount\":420,\"publisher\":{\"@id\":\"https:\/\/vieassociative.be\/actualites\/#organization\"},\"image\":{\"@id\":\"https:\/\/vieassociative.be\/actualites\/cest-la-meilleure-application-de-pare-feu-pour-mac-que-jai-jamais-utilisee-et-elle-est-gratuite\/#primaryimage\"},\"thumbnailUrl\":\"https:\/\/vieassociative.be\/actualites\/wp-content\/uploads\/2026\/01\/1768065450_Cest-la-meilleure-application-de-pare-feu-pour-Mac-que-jai.png\",\"keywords\":[\"application\",\"cest\",\"elle\",\"est\",\"gratuite\",\"Jai\",\"jamais\",\"Mac\",\"meilleure\",\"parefeu\",\"pour\",\"utilis\u00e9e\"],\"inLanguage\":\"fr-BE\"},{\"@type\":\"WebPage\",\"@id\":\"https:\/\/vieassociative.be\/actualites\/cest-la-meilleure-application-de-pare-feu-pour-mac-que-jai-jamais-utilisee-et-elle-est-gratuite\/\",\"url\":\"https:\/\/vieassociative.be\/actualites\/cest-la-meilleure-application-de-pare-feu-pour-mac-que-jai-jamais-utilisee-et-elle-est-gratuite\/\",\"name\":\"C'est la meilleure application de pare-feu pour Mac que j'ai jamais utilis\u00e9e, et elle est gratuite | Vie Associative\",\"isPartOf\":{\"@id\":\"https:\/\/vieassociative.be\/actualites\/#website\"},\"primaryImageOfPage\":{\"@id\":\"https:\/\/vieassociative.be\/actualites\/cest-la-meilleure-application-de-pare-feu-pour-mac-que-jai-jamais-utilisee-et-elle-est-gratuite\/#primaryimage\"},\"image\":{\"@id\":\"https:\/\/vieassociative.be\/actualites\/cest-la-meilleure-application-de-pare-feu-pour-mac-que-jai-jamais-utilisee-et-elle-est-gratuite\/#primaryimage\"},\"thumbnailUrl\":\"https:\/\/vieassociative.be\/actualites\/wp-content\/uploads\/2026\/01\/1768065450_Cest-la-meilleure-application-de-pare-feu-pour-Mac-que-jai.png\",\"datePublished\":\"2026-01-10T17:17:29+00:00\",\"dateModified\":\"2026-01-10T17:17:29+00:00\",\"breadcrumb\":{\"@id\":\"https:\/\/vieassociative.be\/actualites\/cest-la-meilleure-application-de-pare-feu-pour-mac-que-jai-jamais-utilisee-et-elle-est-gratuite\/#breadcrumb\"},\"inLanguage\":\"fr-BE\",\"potentialAction\":[{\"@type\":\"ReadAction\",\"target\":[\"https:\/\/vieassociative.be\/actualites\/cest-la-meilleure-application-de-pare-feu-pour-mac-que-jai-jamais-utilisee-et-elle-est-gratuite\/\"]}]},{\"@type\":\"ImageObject\",\"inLanguage\":\"fr-BE\",\"@id\":\"https:\/\/vieassociative.be\/actualites\/cest-la-meilleure-application-de-pare-feu-pour-mac-que-jai-jamais-utilisee-et-elle-est-gratuite\/#primaryimage\",\"url\":\"https:\/\/vieassociative.be\/actualites\/wp-content\/uploads\/2026\/01\/1768065450_Cest-la-meilleure-application-de-pare-feu-pour-Mac-que-jai.png\",\"contentUrl\":\"https:\/\/vieassociative.be\/actualites\/wp-content\/uploads\/2026\/01\/1768065450_Cest-la-meilleure-application-de-pare-feu-pour-Mac-que-jai.png\",\"width\":1200,\"height\":675,\"caption\":\"C'est la meilleure application de pare-feu pour Mac que j'ai jamais utilis\u00e9e, et elle est gratuite\"},{\"@type\":\"BreadcrumbList\",\"@id\":\"https:\/\/vieassociative.be\/actualites\/cest-la-meilleure-application-de-pare-feu-pour-mac-que-jai-jamais-utilisee-et-elle-est-gratuite\/#breadcrumb\",\"itemListElement\":[{\"@type\":\"ListItem\",\"position\":1,\"name\":\"Accueil\",\"item\":\"https:\/\/vieassociative.be\/actualites\/\"},{\"@type\":\"ListItem\",\"position\":2,\"name\":\"C&rsquo;est la meilleure application de pare-feu pour Mac que j&rsquo;ai jamais utilis\u00e9e, et elle est gratuite\"}]},{\"@type\":\"WebSite\",\"@id\":\"https:\/\/vieassociative.be\/actualites\/#website\",\"url\":\"https:\/\/vieassociative.be\/actualites\/\",\"name\":\"Vie Associative\",\"description\":\"\",\"publisher\":{\"@id\":\"https:\/\/vieassociative.be\/actualites\/#organization\"},\"potentialAction\":[{\"@type\":\"SearchAction\",\"target\":{\"@type\":\"EntryPoint\",\"urlTemplate\":\"https:\/\/vieassociative.be\/actualites\/?s={search_term_string}\"},\"query-input\":{\"@type\":\"PropertyValueSpecification\",\"valueRequired\":true,\"valueName\":\"search_term_string\"}}],\"inLanguage\":\"fr-BE\"},{\"@type\":\"Organization\",\"@id\":\"https:\/\/vieassociative.be\/actualites\/#organization\",\"name\":\"Vie Associative\",\"url\":\"https:\/\/vieassociative.be\/actualites\/\",\"logo\":{\"@type\":\"ImageObject\",\"inLanguage\":\"fr-BE\",\"@id\":\"https:\/\/vieassociative.be\/actualites\/#\/schema\/logo\/image\/\",\"url\":\"https:\/\/vieassociative.be\/actualites\/wp-content\/uploads\/2024\/09\/cropped-vieassociative_favicon.ico.png\",\"contentUrl\":\"https:\/\/vieassociative.be\/actualites\/wp-content\/uploads\/2024\/09\/cropped-vieassociative_favicon.ico.png\",\"width\":512,\"height\":512,\"caption\":\"Vie Associative\"},\"image\":{\"@id\":\"https:\/\/vieassociative.be\/actualites\/#\/schema\/logo\/image\/\"}},{\"@type\":\"Person\",\"@id\":\"https:\/\/vieassociative.be\/actualites\/#\/schema\/person\/b87ac4f82f9d4e7b7cec7395b679edc4\",\"name\":\"Julien\",\"image\":{\"@type\":\"ImageObject\",\"inLanguage\":\"fr-BE\",\"@id\":\"https:\/\/vieassociative.be\/actualites\/#\/schema\/person\/image\/\",\"url\":\"https:\/\/vieassociative.be\/actualites\/wp-content\/uploads\/2024\/09\/vie-associative-1-150x150.jpg\",\"contentUrl\":\"https:\/\/vieassociative.be\/actualites\/wp-content\/uploads\/2024\/09\/vie-associative-1-150x150.jpg\",\"caption\":\"Julien\"},\"description\":\"Je suis Julien, r\u00e9dacteur pour Vie Associative. Passionn\u00e9 par le monde associatif depuis plus de 10 ans, j'ai \u00e0 c\u0153ur de partager des histoires inspirantes et de mettre en lumi\u00e8re les initiatives locales. Mon objectif est de sensibiliser et d'encourager l'engagement communautaire \u00e0 travers mes articles.\",\"sameAs\":[\"https:\/\/vieassociative.be\/\"]}]}<\/script>\n<!-- \/ Yoast SEO plugin. -->","yoast_head_json":{"title":"C'est la meilleure application de pare-feu pour Mac que j'ai jamais utilis\u00e9e, et elle est gratuite | Vie Associative","robots":{"index":"index","follow":"follow","max-snippet":"max-snippet:-1","max-image-preview":"max-image-preview:large","max-video-preview":"max-video-preview:-1"},"canonical":"https:\/\/vieassociative.be\/actualites\/cest-la-meilleure-application-de-pare-feu-pour-mac-que-jai-jamais-utilisee-et-elle-est-gratuite\/","og_locale":"fr_FR","og_type":"article","og_title":"C'est la meilleure application de pare-feu pour Mac que j'ai jamais utilis\u00e9e, et elle est gratuite | Vie Associative","og_description":"La plupart des gens n\u2019ont pas g\u00e9r\u00e9 activement un pare-feu depuis au moins une d\u00e9cennie, en supposant qu\u2019ils l\u2019aient d\u00e9j\u00e0 fait. Mais il est parfois","og_url":"https:\/\/vieassociative.be\/actualites\/cest-la-meilleure-application-de-pare-feu-pour-mac-que-jai-jamais-utilisee-et-elle-est-gratuite\/","og_site_name":"Vie Associative","article_published_time":"2026-01-10T17:17:29+00:00","og_image":[{"url":"https:\/\/vieassociative.be\/actualites\/wp-content\/uploads\/2026\/01\/Cest-la-meilleure-application-de-pare-feu-pour-Mac-que-jai.png","type":"","width":"","height":""}],"author":"Julien","twitter_card":"summary_large_image","twitter_misc":{"\u00c9crit par":"Julien","Dur\u00e9e de lecture est.":"2 minutes"},"schema":{"@context":"https:\/\/schema.org","@graph":[{"@type":"Article","@id":"https:\/\/vieassociative.be\/actualites\/cest-la-meilleure-application-de-pare-feu-pour-mac-que-jai-jamais-utilisee-et-elle-est-gratuite\/#article","isPartOf":{"@id":"https:\/\/vieassociative.be\/actualites\/cest-la-meilleure-application-de-pare-feu-pour-mac-que-jai-jamais-utilisee-et-elle-est-gratuite\/"},"author":{"name":"Julien","@id":"https:\/\/vieassociative.be\/actualites\/#\/schema\/person\/b87ac4f82f9d4e7b7cec7395b679edc4"},"headline":"C&rsquo;est la meilleure application de pare-feu pour Mac que j&rsquo;ai jamais utilis\u00e9e, et elle est gratuite","datePublished":"2026-01-10T17:17:29+00:00","dateModified":"2026-01-10T17:17:29+00:00","mainEntityOfPage":{"@id":"https:\/\/vieassociative.be\/actualites\/cest-la-meilleure-application-de-pare-feu-pour-mac-que-jai-jamais-utilisee-et-elle-est-gratuite\/"},"wordCount":420,"publisher":{"@id":"https:\/\/vieassociative.be\/actualites\/#organization"},"image":{"@id":"https:\/\/vieassociative.be\/actualites\/cest-la-meilleure-application-de-pare-feu-pour-mac-que-jai-jamais-utilisee-et-elle-est-gratuite\/#primaryimage"},"thumbnailUrl":"https:\/\/vieassociative.be\/actualites\/wp-content\/uploads\/2026\/01\/1768065450_Cest-la-meilleure-application-de-pare-feu-pour-Mac-que-jai.png","keywords":["application","cest","elle","est","gratuite","Jai","jamais","Mac","meilleure","parefeu","pour","utilis\u00e9e"],"inLanguage":"fr-BE"},{"@type":"WebPage","@id":"https:\/\/vieassociative.be\/actualites\/cest-la-meilleure-application-de-pare-feu-pour-mac-que-jai-jamais-utilisee-et-elle-est-gratuite\/","url":"https:\/\/vieassociative.be\/actualites\/cest-la-meilleure-application-de-pare-feu-pour-mac-que-jai-jamais-utilisee-et-elle-est-gratuite\/","name":"C'est la meilleure application de pare-feu pour Mac que j'ai jamais utilis\u00e9e, et elle est gratuite | Vie Associative","isPartOf":{"@id":"https:\/\/vieassociative.be\/actualites\/#website"},"primaryImageOfPage":{"@id":"https:\/\/vieassociative.be\/actualites\/cest-la-meilleure-application-de-pare-feu-pour-mac-que-jai-jamais-utilisee-et-elle-est-gratuite\/#primaryimage"},"image":{"@id":"https:\/\/vieassociative.be\/actualites\/cest-la-meilleure-application-de-pare-feu-pour-mac-que-jai-jamais-utilisee-et-elle-est-gratuite\/#primaryimage"},"thumbnailUrl":"https:\/\/vieassociative.be\/actualites\/wp-content\/uploads\/2026\/01\/1768065450_Cest-la-meilleure-application-de-pare-feu-pour-Mac-que-jai.png","datePublished":"2026-01-10T17:17:29+00:00","dateModified":"2026-01-10T17:17:29+00:00","breadcrumb":{"@id":"https:\/\/vieassociative.be\/actualites\/cest-la-meilleure-application-de-pare-feu-pour-mac-que-jai-jamais-utilisee-et-elle-est-gratuite\/#breadcrumb"},"inLanguage":"fr-BE","potentialAction":[{"@type":"ReadAction","target":["https:\/\/vieassociative.be\/actualites\/cest-la-meilleure-application-de-pare-feu-pour-mac-que-jai-jamais-utilisee-et-elle-est-gratuite\/"]}]},{"@type":"ImageObject","inLanguage":"fr-BE","@id":"https:\/\/vieassociative.be\/actualites\/cest-la-meilleure-application-de-pare-feu-pour-mac-que-jai-jamais-utilisee-et-elle-est-gratuite\/#primaryimage","url":"https:\/\/vieassociative.be\/actualites\/wp-content\/uploads\/2026\/01\/1768065450_Cest-la-meilleure-application-de-pare-feu-pour-Mac-que-jai.png","contentUrl":"https:\/\/vieassociative.be\/actualites\/wp-content\/uploads\/2026\/01\/1768065450_Cest-la-meilleure-application-de-pare-feu-pour-Mac-que-jai.png","width":1200,"height":675,"caption":"C'est la meilleure application de pare-feu pour Mac que j'ai jamais utilis\u00e9e, et elle est gratuite"},{"@type":"BreadcrumbList","@id":"https:\/\/vieassociative.be\/actualites\/cest-la-meilleure-application-de-pare-feu-pour-mac-que-jai-jamais-utilisee-et-elle-est-gratuite\/#breadcrumb","itemListElement":[{"@type":"ListItem","position":1,"name":"Accueil","item":"https:\/\/vieassociative.be\/actualites\/"},{"@type":"ListItem","position":2,"name":"C&rsquo;est la meilleure application de pare-feu pour Mac que j&rsquo;ai jamais utilis\u00e9e, et elle est gratuite"}]},{"@type":"WebSite","@id":"https:\/\/vieassociative.be\/actualites\/#website","url":"https:\/\/vieassociative.be\/actualites\/","name":"Vie Associative","description":"","publisher":{"@id":"https:\/\/vieassociative.be\/actualites\/#organization"},"potentialAction":[{"@type":"SearchAction","target":{"@type":"EntryPoint","urlTemplate":"https:\/\/vieassociative.be\/actualites\/?s={search_term_string}"},"query-input":{"@type":"PropertyValueSpecification","valueRequired":true,"valueName":"search_term_string"}}],"inLanguage":"fr-BE"},{"@type":"Organization","@id":"https:\/\/vieassociative.be\/actualites\/#organization","name":"Vie Associative","url":"https:\/\/vieassociative.be\/actualites\/","logo":{"@type":"ImageObject","inLanguage":"fr-BE","@id":"https:\/\/vieassociative.be\/actualites\/#\/schema\/logo\/image\/","url":"https:\/\/vieassociative.be\/actualites\/wp-content\/uploads\/2024\/09\/cropped-vieassociative_favicon.ico.png","contentUrl":"https:\/\/vieassociative.be\/actualites\/wp-content\/uploads\/2024\/09\/cropped-vieassociative_favicon.ico.png","width":512,"height":512,"caption":"Vie Associative"},"image":{"@id":"https:\/\/vieassociative.be\/actualites\/#\/schema\/logo\/image\/"}},{"@type":"Person","@id":"https:\/\/vieassociative.be\/actualites\/#\/schema\/person\/b87ac4f82f9d4e7b7cec7395b679edc4","name":"Julien","image":{"@type":"ImageObject","inLanguage":"fr-BE","@id":"https:\/\/vieassociative.be\/actualites\/#\/schema\/person\/image\/","url":"https:\/\/vieassociative.be\/actualites\/wp-content\/uploads\/2024\/09\/vie-associative-1-150x150.jpg","contentUrl":"https:\/\/vieassociative.be\/actualites\/wp-content\/uploads\/2024\/09\/vie-associative-1-150x150.jpg","caption":"Julien"},"description":"Je suis Julien, r\u00e9dacteur pour Vie Associative. Passionn\u00e9 par le monde associatif depuis plus de 10 ans, j'ai \u00e0 c\u0153ur de partager des histoires inspirantes et de mettre en lumi\u00e8re les initiatives locales. Mon objectif est de sensibiliser et d'encourager l'engagement communautaire \u00e0 travers mes articles.","sameAs":["https:\/\/vieassociative.be\/"]}]}},"_links":{"self":[{"href":"https:\/\/vieassociative.be\/actualites\/wp-json\/wp\/v2\/posts\/12164"}],"collection":[{"href":"https:\/\/vieassociative.be\/actualites\/wp-json\/wp\/v2\/posts"}],"about":[{"href":"https:\/\/vieassociative.be\/actualites\/wp-json\/wp\/v2\/types\/post"}],"author":[{"embeddable":true,"href":"https:\/\/vieassociative.be\/actualites\/wp-json\/wp\/v2\/users\/1"}],"replies":[{"embeddable":true,"href":"https:\/\/vieassociative.be\/actualites\/wp-json\/wp\/v2\/comments?post=12164"}],"version-history":[{"count":0,"href":"https:\/\/vieassociative.be\/actualites\/wp-json\/wp\/v2\/posts\/12164\/revisions"}],"wp:featuredmedia":[{"embeddable":true,"href":"https:\/\/vieassociative.be\/actualites\/wp-json\/wp\/v2\/media\/12165"}],"wp:attachment":[{"href":"https:\/\/vieassociative.be\/actualites\/wp-json\/wp\/v2\/media?parent=12164"}],"wp:term":[{"taxonomy":"category","embeddable":true,"href":"https:\/\/vieassociative.be\/actualites\/wp-json\/wp\/v2\/categories?post=12164"},{"taxonomy":"post_tag","embeddable":true,"href":"https:\/\/vieassociative.be\/actualites\/wp-json\/wp\/v2\/tags?post=12164"}],"curies":[{"name":"wp","href":"https:\/\/api.w.org\/{rel}","templated":true}]}}