{"id":12132,"date":"2026-01-08T00:17:23","date_gmt":"2026-01-07T23:17:23","guid":{"rendered":"https:\/\/vieassociative.be\/actualites\/cette-extension-daffichage-pour-ordinateur-portable-a-double-ecran-est-actuellement-a-35-de-reduction\/"},"modified":"2026-01-08T00:17:23","modified_gmt":"2026-01-07T23:17:23","slug":"cette-extension-daffichage-pour-ordinateur-portable-a-double-ecran-est-actuellement-a-35-de-reduction","status":"publish","type":"post","link":"https:\/\/vieassociative.be\/actualites\/cette-extension-daffichage-pour-ordinateur-portable-a-double-ecran-est-actuellement-a-35-de-reduction\/","title":{"rendered":"Cette extension d&rsquo;affichage pour ordinateur portable \u00e0 double \u00e9cran est actuellement \u00e0 35\u00a0% de r\u00e9duction"},"content":{"rendered":"<p>Nous pouvons gagner une commission sur les liens sur cette page. Les prix et la disponibilit\u00e9 de l&rsquo;offre sont sujets \u00e0 changement apr\u00e8s la publication.<\/p>\n<p>Les extensions d&rsquo;\u00e9cran d&rsquo;ordinateur portable permettent d&rsquo;ajouter plus de zone d&rsquo;affichage sans co\u00fbter autant que deux moniteurs s\u00e9par\u00e9s. Ils sont \u00e9galement plus ordonn\u00e9s, plus int\u00e9gr\u00e9s et plus portables, ce qui les rend id\u00e9aux pour les travailleurs \u00e0 distance ou les \u00e9tudiants qui souhaitent un poste de travail mobile avec autant d&rsquo;espace visuel que possible. L&rsquo;extension d&rsquo;\u00e9cran pour ordinateur portable KYY de 15,6 pouces, avec sa configuration \u00e0 trois \u00e9crans (un de chaque c\u00f4t\u00e9 de l&rsquo;\u00e9cran de votre ordinateur portable), est un choix solide pour tous ceux qui cherchent \u00e0 donner \u00e0 leur ordinateur portable un peu plus d&rsquo;espace pour les coudes &#8211; et pour le moment, il est \u00e0 35 % de r\u00e9duction, ramenant son prix \u00e0 227,99 $ (\u00e0 l&rsquo;origine 349,99 $).<\/p>\n<div class=\"pogoClear mb-12 mt-10 rounded-md border-2 border-gray-100 py-7 shadow-xl md:py-6\">\n<div class=\"flex flex-wrap justify-between px-7 text-black no-underline md:flex-nowrap md:px-8\">\n<div class=\"order-1 mx-auto flex flex-col justify-center md:order-2 md:ml-4 md:w-full md:grow\">\n<div class=\"block cursor-pointer text-center font-akshar text-2xl font-medium leading-7 text-brand-green duration-200 ease-in-out hover:text-brand-green-700 md:text-left md:text-xl md:leading-6\">Extension d&rsquo;\u00e9cran pour ordinateur portable KYY 15,6&Prime;\n                <\/div>\n<div class=\"mt-4 hidden md:flex md:justify-between\">\n<div class=\"self-end\">\n<div class=\"mb-0 h-11 md:flex md:flex-col md:justify-center\">\n<div class=\" font-sans leading-4 text-black\">\n<div class=\"flex flex-wrap items-center justify-center gap-1 md:justify-start\">\n        <span class=\"font-bold\"><\/p>\n<p>            227,99\u00a0$<br \/>\n                            <span class=\"font-medium\">chez Amazon<\/span><br \/>\n                    <\/span>\n            <\/div>\n<div class=\"flex items-center justify-center gap-x-1 font-bold md:justify-start\">\n            <span class=\"text-sm line-through\">349,99\u00a0$<\/span><br \/>\n            <span class=\"text-sm text-brand-green\">\u00c9conomisez 122,00\u00a0$<\/span>\n        <\/div>\n<\/p><\/div>\n<\/p><\/div>\n<\/p><\/div>\n<div class=\"w-44 self-end\">\n                            <button class=\"flex justify-center items-center w-full bg-brand-green text-white text-base font-sans font-medium rounded-md hover:bg-brand-green-700 hover:cursor-pointer md:text-sm h-11\"><\/p>\n<p>    Obtenez une offre<br \/>\n<\/button>\n                        <\/div>\n<\/p><\/div>\n<\/p><\/div>\n<div class=\"order-2 mt-5 h-auto w-full md:order-1 md:mt-0 md:hidden\">\n<div class=\"flex aspect-video items-center justify-center\">\n                                            <img decoding=\"async\" class=\"m-0 max-h-full max-w-full rounded-md\" src=\"https:\/\/vieassociative.be\/actualites\/wp-content\/uploads\/2026\/01\/Cette-extension-daffichage-pour-ordinateur-portable-a-double-ecran-est.jpg\" alt=\"KYY 15,6\" Laptop Screen Extender\" width=\"auto\" height=\"auto\" loading=\"lazy\">\n                                    <\/div>\n<\/p><\/div>\n<div class=\"order-2 ml-2 hidden w-32 shrink-0 items-center md:order-1 md:ml-0 md:flex\">\n<div class=\"flex aspect-video items-center justify-center\">\n                                            <img decoding=\"async\" class=\"m-0 max-h-full max-w-full rounded-md\" src=\"https:\/\/vieassociative.be\/actualites\/wp-content\/uploads\/2026\/01\/Cette-extension-daffichage-pour-ordinateur-portable-a-double-ecran-est.jpg\" alt=\"KYY 15,6\" Laptop Screen Extender\" width=\"auto\" height=\"auto\" loading=\"lazy\">\n                                    <\/div>\n<\/p><\/div>\n<div class=\"order-3 flex grow flex-wrap md:hidden md:grow-0\">\n<div class=\"mt-4 w-full\">\n                        <button class=\"flex justify-center items-center w-full bg-brand-green text-white text-base font-sans font-medium rounded-md hover:bg-brand-green-700 hover:cursor-pointer md:text-sm h-11\"><\/p>\n<p>    Obtenez une offre<br \/>\n<\/button>\n                    <\/div>\n<div class=\"mx-2 mt-4 w-full\">\n<div class=\" font-sans leading-4 text-black\">\n<div class=\"flex flex-wrap items-center justify-center gap-1 md:justify-start\">\n        <span class=\"font-bold\"><\/p>\n<p>            227,99\u00a0$<br \/>\n                            <span class=\"font-medium\">chez Amazon<\/span><br \/>\n                    <\/span>\n            <\/div>\n<div class=\"flex items-center justify-center gap-x-1 font-bold md:justify-start\">\n            <span class=\"text-sm line-through\">349,99\u00a0$<\/span><br \/>\n            <span class=\"text-sm text-brand-green\">\u00c9conomisez 122,00\u00a0$<\/span>\n        <\/div>\n<\/p><\/div>\n<\/p><\/div>\n<\/p><\/div>\n<\/p><\/div>\n<\/div>\n<p>Ce moniteur portable est construit autour d\u2019une connexion USB-C vers USB-C \u00e0 un seul c\u00e2ble pour une configuration facile. Chaque \u00e9cran est en 1080p avec une finition mate et jusqu&rsquo;\u00e0 300 nits de luminosit\u00e9. Ils pivotent jusqu&rsquo;\u00e0 360 degr\u00e9s et disposent d&rsquo;une b\u00e9quille int\u00e9gr\u00e9e pour plus de flexibilit\u00e9.<\/p>\n<p>Bien que cette extension d&rsquo;\u00e9cran fonctionne avec macOS, ChromeOS et Android, les pilotes doivent d&rsquo;abord \u00eatre t\u00e9l\u00e9charg\u00e9s plut\u00f4t que de compter uniquement sur la connexion USB. Un critique a not\u00e9 que la cl\u00e9 USB incluse n&rsquo;\u00e9tait pas lisible sur son MacBook Pro, le t\u00e9l\u00e9chargement des pilotes est donc indispensable pour configurer les moniteurs en tant qu&rsquo;extensions. De plus, l&rsquo;installation de ces autorisations peut poser probl\u00e8me si vous utilisez un ordinateur portable professionnel verrouill\u00e9. En g\u00e9n\u00e9ral, ces \u00e9crans s&rsquo;appuient sur un logiciel plut\u00f4t que sur un signal vid\u00e9o purement plug-and-play.<\/p>\n<p>Il est quelque peu portable \u00e0 7,7 livres, mais ce n&rsquo;est pas exactement un moniteur de voyage ultra-l\u00e9ger pour les d\u00e9placements quotidiens. Et si vous \u00eates habitu\u00e9 aux visuels ultra nets, la r\u00e9solution 1080p sur les \u00e9crans lat\u00e9raux peut rendre le texte et les d\u00e9tails fins moins nets. Il convient \u00e9galement de noter qu&rsquo;avec un taux de rafra\u00eechissement de 60 Hz, ce moniteur est id\u00e9al pour le travail et une utilisation quotidienne plut\u00f4t que pour les jeux sensibles \u00e0 la latence ou pour toute personne recherchant un taux de rafra\u00eechissement \u00e9lev\u00e9.<\/p>\n<p>En fin de compte, si cela ne vous d\u00e9range pas d&rsquo;installer un pilote ou d&rsquo;utiliser un adaptateur si votre ordinateur portable ne dispose pas d&rsquo;USB-C, l&rsquo;extension d&rsquo;\u00e9cran pour ordinateur portable KYY 15,6&Prime; vaut le d\u00e9tour.<\/p>\n<div class=\" relative flex justify-center py-16 md:left-1\/2 md:w-(780px) md:max-w-max md:-translate-x-1\/2\">\n<div class=\"w-max text-center sm:text-left\">\n<div class=\"custom-gradient-background mb-6 rounded-md p-(2px) sm:rounded-tl-none\">\n<div class=\"flex flex-col rounded bg-white sm:rounded-tl-none\">\n                    <span class=\"-mt-4 block w-fit max-w-(calc(100%-1rem)) self-center bg-white px-3 text-center font-akshar text-xl font-medium capitalize text-gray-800 sm:max-w-(calc(100%-2.5rem)) sm:self-start sm:px-10 sm:text-left sm:text-2xl\">Nos meilleures offres technologiques approuv\u00e9es par les \u00e9diteurs en ce moment<\/span><\/p>\n<div class=\"flex flex-col gap-3 p-3 pb-4 text-sm sm:p-10 sm:pt-6 sm:text-justify sm:text-base\">\n<div>\n<p>    \u00c9couteurs sans fil \u00e0 suppression active du bruit Apple AirPods 4<\/p>\n<p>                                <span class=\"text-black\"><br \/>\n                                    \u2014<br \/>\n                                    <span class=\"font-bold\">148,99\u00a0$<\/span><br \/>\n                                    <span class=\"!text-xs italic sm:!text-sm\"><\/p>\n<p>                                        (Prix catalogue 179,00 $)<br \/>\n                                    <\/span><br \/>\n                                <\/span>\n                            <\/div>\n<div>\n<p>    Montre intelligente Apple Watch Series 11 (GPS 46 mm) avec bo\u00eetier en aluminium noir de jais et bracelet sport noir &#8211; M\/L. Score de sommeil, tracker d&rsquo;activit\u00e9, surveillance de la sant\u00e9, affichage permanent, r\u00e9sistant \u00e0 l&rsquo;eau<\/p>\n<p>                                <span class=\"text-black\"><br \/>\n                                    \u2014<br \/>\n                                    <span class=\"font-bold\">329,00\u00a0$<\/span><br \/>\n                                    <span class=\"!text-xs italic sm:!text-sm\"><\/p>\n<p>                                        (Prix catalogue 429,00 $)<br \/>\n                                    <\/span><br \/>\n                                <\/span>\n                            <\/div>\n<div>\n<p>    Cl\u00e9 Amazon Fire TV 4K Plus<\/p>\n<p>                                <span class=\"text-black\"><br \/>\n                                    \u2014<br \/>\n                                    <span class=\"font-bold\"><\/span><br \/>\n                                    <span class=\"!text-xs italic sm:!text-sm\"><\/p>\n<p>                                        (Prix catalogue 24,99 $ avec le code \u00ab FTV4K25 \u00bb)<br \/>\n                                    <\/span><br \/>\n                                <\/span>\n                            <\/div>\n<div>\n<p>    Dell 15 DC15255 (AMD Ryzen 7 7730U, SSD 1 To, 16 Go de RAM)<\/p>\n<p>                                <span class=\"text-black\"><br \/>\n                                    \u2014<br \/>\n                                    <span class=\"font-bold\">519,99\u00a0$<\/span><br \/>\n                                    <span class=\"!text-xs italic sm:!text-sm\"><\/p>\n<p>                                        (Prix catalogue 688,99 $)<br \/>\n                                    <\/span><br \/>\n                                <\/span>\n                            <\/div>\n<div>\n<p>    Tablette Samsung Galaxy Tab A9+ 64 Go Wi-Fi 11&Prime; (argent)<\/p>\n<p>                                <span class=\"text-black\"><br \/>\n                                    \u2014<br \/>\n                                    <span class=\"font-bold\">159,99\u00a0$<\/span><br \/>\n                                    <span class=\"!text-xs italic sm:!text-sm\"><\/p>\n<p>                                        (Prix catalogue 219,99 $)<br \/>\n                                    <\/span><br \/>\n                                <\/span>\n                            <\/div>\n<div>\n<p>    T\u00e9l\u00e9phone d\u00e9bloqu\u00e9 Google Pixel 10 Pro 128 Go (obsidienne)<\/p>\n<p>                                <span class=\"text-black\"><br \/>\n                                    \u2014<br \/>\n                                    <span class=\"font-bold\">799,00\u00a0$<\/span><br \/>\n                                    <span class=\"!text-xs italic sm:!text-sm\"><\/p>\n<p>                                        (Prix catalogue 999,00 $)<br \/>\n                                    <\/span><br \/>\n                                <\/span>\n                            <\/div>\n<div>\n<p>    SamsungGalaxy Watch 8<\/p>\n<p>                                <span class=\"text-black\"><br \/>\n                                    \u2014<br \/>\n                                    <span class=\"font-bold\">279,99\u00a0$<\/span><br \/>\n                                    <span class=\"!text-xs italic sm:!text-sm\"><\/p>\n<p>                                        (Prix catalogue 349,99 $)<br \/>\n                                    <\/span><br \/>\n                                <\/span>\n                            <\/div>\n<\/p><\/div>\n<\/p><\/div>\n<\/p><\/div>\n<div class=\"flex flex-col items-center justify-between text-black sm:flex-row sm:px-6\">\n                <span class=\"text-xs italic sm:ml-7 sm:text-sm\">Les offres sont s\u00e9lectionn\u00e9es par notre \u00e9quipe commerciale<\/span><\/p><\/div>\n<\/p><\/div>\n<\/p><\/div>\n","protected":false},"excerpt":{"rendered":"<p>Nous pouvons gagner une commission sur les liens sur cette page. Les prix et la disponibilit\u00e9 de l&rsquo;offre sont sujets \u00e0 changement apr\u00e8s la publication.<\/p>\n","protected":false},"author":1,"featured_media":12133,"comment_status":"","ping_status":"","sticky":false,"template":"","format":"standard","meta":{"footnotes":""},"categories":[13],"tags":[19,206,9712,1328,2382,76,2028,169,170,81,308],"class_list":["post-12132","post","type-post","status-publish","format-standard","has-post-thumbnail","hentry","category-technologie","tag-actuellement","tag-cette","tag-daffichage","tag-double","tag-ecran","tag-est","tag-extension","tag-ordinateur","tag-portable","tag-pour","tag-reduction","generate-columns","tablet-grid-50","mobile-grid-100","grid-parent","grid-33"],"yoast_head":"<!-- This site is optimized with the Yoast SEO plugin v24.0 - https:\/\/yoast.com\/wordpress\/plugins\/seo\/ -->\n<title>Cette extension d&#039;affichage pour ordinateur portable \u00e0 double \u00e9cran est actuellement \u00e0 35\u00a0% de r\u00e9duction | Vie Associative<\/title>\n<meta name=\"robots\" content=\"index, follow, max-snippet:-1, max-image-preview:large, max-video-preview:-1\" \/>\n<link rel=\"canonical\" href=\"https:\/\/vieassociative.be\/actualites\/cette-extension-daffichage-pour-ordinateur-portable-a-double-ecran-est-actuellement-a-35-de-reduction\/\" \/>\n<meta property=\"og:locale\" content=\"fr_FR\" \/>\n<meta property=\"og:type\" content=\"article\" \/>\n<meta property=\"og:title\" content=\"Cette extension d&#039;affichage pour ordinateur portable \u00e0 double \u00e9cran est actuellement \u00e0 35\u00a0% de r\u00e9duction | Vie Associative\" \/>\n<meta property=\"og:description\" content=\"Nous pouvons gagner une commission sur les liens sur cette page. Les prix et la disponibilit\u00e9 de l&rsquo;offre sont sujets \u00e0 changement apr\u00e8s la publication.\" \/>\n<meta property=\"og:url\" content=\"https:\/\/vieassociative.be\/actualites\/cette-extension-daffichage-pour-ordinateur-portable-a-double-ecran-est-actuellement-a-35-de-reduction\/\" \/>\n<meta property=\"og:site_name\" content=\"Vie Associative\" \/>\n<meta property=\"article:published_time\" content=\"2026-01-07T23:17:23+00:00\" \/>\n<meta property=\"og:image\" content=\"https:\/\/vieassociative.be\/actualites\/wp-content\/uploads\/2026\/01\/Cette-extension-daffichage-pour-ordinateur-portable-a-double-ecran-est.jpg\" \/>\n<meta name=\"author\" content=\"Julien\" \/>\n<meta name=\"twitter:card\" content=\"summary_large_image\" \/>\n<meta name=\"twitter:label1\" content=\"\u00c9crit par\" \/>\n\t<meta name=\"twitter:data1\" content=\"Julien\" \/>\n\t<meta name=\"twitter:label2\" content=\"Dur\u00e9e de lecture est.\" \/>\n\t<meta name=\"twitter:data2\" content=\"3 minutes\" \/>\n<script type=\"application\/ld+json\" class=\"yoast-schema-graph\">{\"@context\":\"https:\/\/schema.org\",\"@graph\":[{\"@type\":\"Article\",\"@id\":\"https:\/\/vieassociative.be\/actualites\/cette-extension-daffichage-pour-ordinateur-portable-a-double-ecran-est-actuellement-a-35-de-reduction\/#article\",\"isPartOf\":{\"@id\":\"https:\/\/vieassociative.be\/actualites\/cette-extension-daffichage-pour-ordinateur-portable-a-double-ecran-est-actuellement-a-35-de-reduction\/\"},\"author\":{\"name\":\"Julien\",\"@id\":\"https:\/\/vieassociative.be\/actualites\/#\/schema\/person\/b87ac4f82f9d4e7b7cec7395b679edc4\"},\"headline\":\"Cette extension d&rsquo;affichage pour ordinateur portable \u00e0 double \u00e9cran est actuellement \u00e0 35\u00a0% de r\u00e9duction\",\"datePublished\":\"2026-01-07T23:17:23+00:00\",\"dateModified\":\"2026-01-07T23:17:23+00:00\",\"mainEntityOfPage\":{\"@id\":\"https:\/\/vieassociative.be\/actualites\/cette-extension-daffichage-pour-ordinateur-portable-a-double-ecran-est-actuellement-a-35-de-reduction\/\"},\"wordCount\":608,\"publisher\":{\"@id\":\"https:\/\/vieassociative.be\/actualites\/#organization\"},\"image\":{\"@id\":\"https:\/\/vieassociative.be\/actualites\/cette-extension-daffichage-pour-ordinateur-portable-a-double-ecran-est-actuellement-a-35-de-reduction\/#primaryimage\"},\"thumbnailUrl\":\"https:\/\/vieassociative.be\/actualites\/wp-content\/uploads\/2026\/01\/Cette-extension-daffichage-pour-ordinateur-portable-a-double-ecran-est.png\",\"keywords\":[\"actuellement\",\"cette\",\"daffichage\",\"double\",\"\u00e9cran\",\"est\",\"extension\",\"ordinateur\",\"portable\",\"pour\",\"r\u00e9duction\"],\"articleSection\":[\"Technologie\"],\"inLanguage\":\"fr-BE\"},{\"@type\":\"WebPage\",\"@id\":\"https:\/\/vieassociative.be\/actualites\/cette-extension-daffichage-pour-ordinateur-portable-a-double-ecran-est-actuellement-a-35-de-reduction\/\",\"url\":\"https:\/\/vieassociative.be\/actualites\/cette-extension-daffichage-pour-ordinateur-portable-a-double-ecran-est-actuellement-a-35-de-reduction\/\",\"name\":\"Cette extension d'affichage pour ordinateur portable \u00e0 double \u00e9cran est actuellement \u00e0 35\u00a0% de r\u00e9duction | Vie Associative\",\"isPartOf\":{\"@id\":\"https:\/\/vieassociative.be\/actualites\/#website\"},\"primaryImageOfPage\":{\"@id\":\"https:\/\/vieassociative.be\/actualites\/cette-extension-daffichage-pour-ordinateur-portable-a-double-ecran-est-actuellement-a-35-de-reduction\/#primaryimage\"},\"image\":{\"@id\":\"https:\/\/vieassociative.be\/actualites\/cette-extension-daffichage-pour-ordinateur-portable-a-double-ecran-est-actuellement-a-35-de-reduction\/#primaryimage\"},\"thumbnailUrl\":\"https:\/\/vieassociative.be\/actualites\/wp-content\/uploads\/2026\/01\/Cette-extension-daffichage-pour-ordinateur-portable-a-double-ecran-est.png\",\"datePublished\":\"2026-01-07T23:17:23+00:00\",\"dateModified\":\"2026-01-07T23:17:23+00:00\",\"breadcrumb\":{\"@id\":\"https:\/\/vieassociative.be\/actualites\/cette-extension-daffichage-pour-ordinateur-portable-a-double-ecran-est-actuellement-a-35-de-reduction\/#breadcrumb\"},\"inLanguage\":\"fr-BE\",\"potentialAction\":[{\"@type\":\"ReadAction\",\"target\":[\"https:\/\/vieassociative.be\/actualites\/cette-extension-daffichage-pour-ordinateur-portable-a-double-ecran-est-actuellement-a-35-de-reduction\/\"]}]},{\"@type\":\"ImageObject\",\"inLanguage\":\"fr-BE\",\"@id\":\"https:\/\/vieassociative.be\/actualites\/cette-extension-daffichage-pour-ordinateur-portable-a-double-ecran-est-actuellement-a-35-de-reduction\/#primaryimage\",\"url\":\"https:\/\/vieassociative.be\/actualites\/wp-content\/uploads\/2026\/01\/Cette-extension-daffichage-pour-ordinateur-portable-a-double-ecran-est.png\",\"contentUrl\":\"https:\/\/vieassociative.be\/actualites\/wp-content\/uploads\/2026\/01\/Cette-extension-daffichage-pour-ordinateur-portable-a-double-ecran-est.png\",\"width\":1200,\"height\":675,\"caption\":\"Cette extension d'affichage pour ordinateur portable \u00e0 double \u00e9cran est actuellement \u00e0 35\u00a0% de r\u00e9duction\"},{\"@type\":\"BreadcrumbList\",\"@id\":\"https:\/\/vieassociative.be\/actualites\/cette-extension-daffichage-pour-ordinateur-portable-a-double-ecran-est-actuellement-a-35-de-reduction\/#breadcrumb\",\"itemListElement\":[{\"@type\":\"ListItem\",\"position\":1,\"name\":\"Accueil\",\"item\":\"https:\/\/vieassociative.be\/actualites\/\"},{\"@type\":\"ListItem\",\"position\":2,\"name\":\"Cette extension d&rsquo;affichage pour ordinateur portable \u00e0 double \u00e9cran est actuellement \u00e0 35\u00a0% de r\u00e9duction\"}]},{\"@type\":\"WebSite\",\"@id\":\"https:\/\/vieassociative.be\/actualites\/#website\",\"url\":\"https:\/\/vieassociative.be\/actualites\/\",\"name\":\"Vie Associative\",\"description\":\"\",\"publisher\":{\"@id\":\"https:\/\/vieassociative.be\/actualites\/#organization\"},\"potentialAction\":[{\"@type\":\"SearchAction\",\"target\":{\"@type\":\"EntryPoint\",\"urlTemplate\":\"https:\/\/vieassociative.be\/actualites\/?s={search_term_string}\"},\"query-input\":{\"@type\":\"PropertyValueSpecification\",\"valueRequired\":true,\"valueName\":\"search_term_string\"}}],\"inLanguage\":\"fr-BE\"},{\"@type\":\"Organization\",\"@id\":\"https:\/\/vieassociative.be\/actualites\/#organization\",\"name\":\"Vie Associative\",\"url\":\"https:\/\/vieassociative.be\/actualites\/\",\"logo\":{\"@type\":\"ImageObject\",\"inLanguage\":\"fr-BE\",\"@id\":\"https:\/\/vieassociative.be\/actualites\/#\/schema\/logo\/image\/\",\"url\":\"https:\/\/vieassociative.be\/actualites\/wp-content\/uploads\/2024\/09\/cropped-vieassociative_favicon.ico.png\",\"contentUrl\":\"https:\/\/vieassociative.be\/actualites\/wp-content\/uploads\/2024\/09\/cropped-vieassociative_favicon.ico.png\",\"width\":512,\"height\":512,\"caption\":\"Vie Associative\"},\"image\":{\"@id\":\"https:\/\/vieassociative.be\/actualites\/#\/schema\/logo\/image\/\"}},{\"@type\":\"Person\",\"@id\":\"https:\/\/vieassociative.be\/actualites\/#\/schema\/person\/b87ac4f82f9d4e7b7cec7395b679edc4\",\"name\":\"Julien\",\"image\":{\"@type\":\"ImageObject\",\"inLanguage\":\"fr-BE\",\"@id\":\"https:\/\/vieassociative.be\/actualites\/#\/schema\/person\/image\/\",\"url\":\"https:\/\/vieassociative.be\/actualites\/wp-content\/uploads\/2024\/09\/vie-associative-1-150x150.jpg\",\"contentUrl\":\"https:\/\/vieassociative.be\/actualites\/wp-content\/uploads\/2024\/09\/vie-associative-1-150x150.jpg\",\"caption\":\"Julien\"},\"description\":\"Je suis Julien, r\u00e9dacteur pour Vie Associative. Passionn\u00e9 par le monde associatif depuis plus de 10 ans, j'ai \u00e0 c\u0153ur de partager des histoires inspirantes et de mettre en lumi\u00e8re les initiatives locales. Mon objectif est de sensibiliser et d'encourager l'engagement communautaire \u00e0 travers mes articles.\",\"sameAs\":[\"https:\/\/vieassociative.be\/\"]}]}<\/script>\n<!-- \/ Yoast SEO plugin. -->","yoast_head_json":{"title":"Cette extension d'affichage pour ordinateur portable \u00e0 double \u00e9cran est actuellement \u00e0 35\u00a0% de r\u00e9duction | Vie Associative","robots":{"index":"index","follow":"follow","max-snippet":"max-snippet:-1","max-image-preview":"max-image-preview:large","max-video-preview":"max-video-preview:-1"},"canonical":"https:\/\/vieassociative.be\/actualites\/cette-extension-daffichage-pour-ordinateur-portable-a-double-ecran-est-actuellement-a-35-de-reduction\/","og_locale":"fr_FR","og_type":"article","og_title":"Cette extension d'affichage pour ordinateur portable \u00e0 double \u00e9cran est actuellement \u00e0 35\u00a0% de r\u00e9duction | Vie Associative","og_description":"Nous pouvons gagner une commission sur les liens sur cette page. Les prix et la disponibilit\u00e9 de l&rsquo;offre sont sujets \u00e0 changement apr\u00e8s la publication.","og_url":"https:\/\/vieassociative.be\/actualites\/cette-extension-daffichage-pour-ordinateur-portable-a-double-ecran-est-actuellement-a-35-de-reduction\/","og_site_name":"Vie Associative","article_published_time":"2026-01-07T23:17:23+00:00","og_image":[{"url":"https:\/\/vieassociative.be\/actualites\/wp-content\/uploads\/2026\/01\/Cette-extension-daffichage-pour-ordinateur-portable-a-double-ecran-est.jpg","type":"","width":"","height":""}],"author":"Julien","twitter_card":"summary_large_image","twitter_misc":{"\u00c9crit par":"Julien","Dur\u00e9e de lecture est.":"3 minutes"},"schema":{"@context":"https:\/\/schema.org","@graph":[{"@type":"Article","@id":"https:\/\/vieassociative.be\/actualites\/cette-extension-daffichage-pour-ordinateur-portable-a-double-ecran-est-actuellement-a-35-de-reduction\/#article","isPartOf":{"@id":"https:\/\/vieassociative.be\/actualites\/cette-extension-daffichage-pour-ordinateur-portable-a-double-ecran-est-actuellement-a-35-de-reduction\/"},"author":{"name":"Julien","@id":"https:\/\/vieassociative.be\/actualites\/#\/schema\/person\/b87ac4f82f9d4e7b7cec7395b679edc4"},"headline":"Cette extension d&rsquo;affichage pour ordinateur portable \u00e0 double \u00e9cran est actuellement \u00e0 35\u00a0% de r\u00e9duction","datePublished":"2026-01-07T23:17:23+00:00","dateModified":"2026-01-07T23:17:23+00:00","mainEntityOfPage":{"@id":"https:\/\/vieassociative.be\/actualites\/cette-extension-daffichage-pour-ordinateur-portable-a-double-ecran-est-actuellement-a-35-de-reduction\/"},"wordCount":608,"publisher":{"@id":"https:\/\/vieassociative.be\/actualites\/#organization"},"image":{"@id":"https:\/\/vieassociative.be\/actualites\/cette-extension-daffichage-pour-ordinateur-portable-a-double-ecran-est-actuellement-a-35-de-reduction\/#primaryimage"},"thumbnailUrl":"https:\/\/vieassociative.be\/actualites\/wp-content\/uploads\/2026\/01\/Cette-extension-daffichage-pour-ordinateur-portable-a-double-ecran-est.png","keywords":["actuellement","cette","daffichage","double","\u00e9cran","est","extension","ordinateur","portable","pour","r\u00e9duction"],"articleSection":["Technologie"],"inLanguage":"fr-BE"},{"@type":"WebPage","@id":"https:\/\/vieassociative.be\/actualites\/cette-extension-daffichage-pour-ordinateur-portable-a-double-ecran-est-actuellement-a-35-de-reduction\/","url":"https:\/\/vieassociative.be\/actualites\/cette-extension-daffichage-pour-ordinateur-portable-a-double-ecran-est-actuellement-a-35-de-reduction\/","name":"Cette extension d'affichage pour ordinateur portable \u00e0 double \u00e9cran est actuellement \u00e0 35\u00a0% de r\u00e9duction | Vie Associative","isPartOf":{"@id":"https:\/\/vieassociative.be\/actualites\/#website"},"primaryImageOfPage":{"@id":"https:\/\/vieassociative.be\/actualites\/cette-extension-daffichage-pour-ordinateur-portable-a-double-ecran-est-actuellement-a-35-de-reduction\/#primaryimage"},"image":{"@id":"https:\/\/vieassociative.be\/actualites\/cette-extension-daffichage-pour-ordinateur-portable-a-double-ecran-est-actuellement-a-35-de-reduction\/#primaryimage"},"thumbnailUrl":"https:\/\/vieassociative.be\/actualites\/wp-content\/uploads\/2026\/01\/Cette-extension-daffichage-pour-ordinateur-portable-a-double-ecran-est.png","datePublished":"2026-01-07T23:17:23+00:00","dateModified":"2026-01-07T23:17:23+00:00","breadcrumb":{"@id":"https:\/\/vieassociative.be\/actualites\/cette-extension-daffichage-pour-ordinateur-portable-a-double-ecran-est-actuellement-a-35-de-reduction\/#breadcrumb"},"inLanguage":"fr-BE","potentialAction":[{"@type":"ReadAction","target":["https:\/\/vieassociative.be\/actualites\/cette-extension-daffichage-pour-ordinateur-portable-a-double-ecran-est-actuellement-a-35-de-reduction\/"]}]},{"@type":"ImageObject","inLanguage":"fr-BE","@id":"https:\/\/vieassociative.be\/actualites\/cette-extension-daffichage-pour-ordinateur-portable-a-double-ecran-est-actuellement-a-35-de-reduction\/#primaryimage","url":"https:\/\/vieassociative.be\/actualites\/wp-content\/uploads\/2026\/01\/Cette-extension-daffichage-pour-ordinateur-portable-a-double-ecran-est.png","contentUrl":"https:\/\/vieassociative.be\/actualites\/wp-content\/uploads\/2026\/01\/Cette-extension-daffichage-pour-ordinateur-portable-a-double-ecran-est.png","width":1200,"height":675,"caption":"Cette extension d'affichage pour ordinateur portable \u00e0 double \u00e9cran est actuellement \u00e0 35\u00a0% de r\u00e9duction"},{"@type":"BreadcrumbList","@id":"https:\/\/vieassociative.be\/actualites\/cette-extension-daffichage-pour-ordinateur-portable-a-double-ecran-est-actuellement-a-35-de-reduction\/#breadcrumb","itemListElement":[{"@type":"ListItem","position":1,"name":"Accueil","item":"https:\/\/vieassociative.be\/actualites\/"},{"@type":"ListItem","position":2,"name":"Cette extension d&rsquo;affichage pour ordinateur portable \u00e0 double \u00e9cran est actuellement \u00e0 35\u00a0% de r\u00e9duction"}]},{"@type":"WebSite","@id":"https:\/\/vieassociative.be\/actualites\/#website","url":"https:\/\/vieassociative.be\/actualites\/","name":"Vie Associative","description":"","publisher":{"@id":"https:\/\/vieassociative.be\/actualites\/#organization"},"potentialAction":[{"@type":"SearchAction","target":{"@type":"EntryPoint","urlTemplate":"https:\/\/vieassociative.be\/actualites\/?s={search_term_string}"},"query-input":{"@type":"PropertyValueSpecification","valueRequired":true,"valueName":"search_term_string"}}],"inLanguage":"fr-BE"},{"@type":"Organization","@id":"https:\/\/vieassociative.be\/actualites\/#organization","name":"Vie Associative","url":"https:\/\/vieassociative.be\/actualites\/","logo":{"@type":"ImageObject","inLanguage":"fr-BE","@id":"https:\/\/vieassociative.be\/actualites\/#\/schema\/logo\/image\/","url":"https:\/\/vieassociative.be\/actualites\/wp-content\/uploads\/2024\/09\/cropped-vieassociative_favicon.ico.png","contentUrl":"https:\/\/vieassociative.be\/actualites\/wp-content\/uploads\/2024\/09\/cropped-vieassociative_favicon.ico.png","width":512,"height":512,"caption":"Vie Associative"},"image":{"@id":"https:\/\/vieassociative.be\/actualites\/#\/schema\/logo\/image\/"}},{"@type":"Person","@id":"https:\/\/vieassociative.be\/actualites\/#\/schema\/person\/b87ac4f82f9d4e7b7cec7395b679edc4","name":"Julien","image":{"@type":"ImageObject","inLanguage":"fr-BE","@id":"https:\/\/vieassociative.be\/actualites\/#\/schema\/person\/image\/","url":"https:\/\/vieassociative.be\/actualites\/wp-content\/uploads\/2024\/09\/vie-associative-1-150x150.jpg","contentUrl":"https:\/\/vieassociative.be\/actualites\/wp-content\/uploads\/2024\/09\/vie-associative-1-150x150.jpg","caption":"Julien"},"description":"Je suis Julien, r\u00e9dacteur pour Vie Associative. Passionn\u00e9 par le monde associatif depuis plus de 10 ans, j'ai \u00e0 c\u0153ur de partager des histoires inspirantes et de mettre en lumi\u00e8re les initiatives locales. Mon objectif est de sensibiliser et d'encourager l'engagement communautaire \u00e0 travers mes articles.","sameAs":["https:\/\/vieassociative.be\/"]}]}},"_links":{"self":[{"href":"https:\/\/vieassociative.be\/actualites\/wp-json\/wp\/v2\/posts\/12132"}],"collection":[{"href":"https:\/\/vieassociative.be\/actualites\/wp-json\/wp\/v2\/posts"}],"about":[{"href":"https:\/\/vieassociative.be\/actualites\/wp-json\/wp\/v2\/types\/post"}],"author":[{"embeddable":true,"href":"https:\/\/vieassociative.be\/actualites\/wp-json\/wp\/v2\/users\/1"}],"replies":[{"embeddable":true,"href":"https:\/\/vieassociative.be\/actualites\/wp-json\/wp\/v2\/comments?post=12132"}],"version-history":[{"count":0,"href":"https:\/\/vieassociative.be\/actualites\/wp-json\/wp\/v2\/posts\/12132\/revisions"}],"wp:featuredmedia":[{"embeddable":true,"href":"https:\/\/vieassociative.be\/actualites\/wp-json\/wp\/v2\/media\/12133"}],"wp:attachment":[{"href":"https:\/\/vieassociative.be\/actualites\/wp-json\/wp\/v2\/media?parent=12132"}],"wp:term":[{"taxonomy":"category","embeddable":true,"href":"https:\/\/vieassociative.be\/actualites\/wp-json\/wp\/v2\/categories?post=12132"},{"taxonomy":"post_tag","embeddable":true,"href":"https:\/\/vieassociative.be\/actualites\/wp-json\/wp\/v2\/tags?post=12132"}],"curies":[{"name":"wp","href":"https:\/\/api.w.org\/{rel}","templated":true}]}}