{"id":12079,"date":"2026-01-03T01:17:17","date_gmt":"2026-01-03T00:17:17","guid":{"rendered":"https:\/\/vieassociative.be\/actualites\/manifestations-pour-le-sixieme-jour-consecutif-en-iran-le-mecontentement-grandit-partout-trump-menace-le-regime\/"},"modified":"2026-01-03T01:17:17","modified_gmt":"2026-01-03T00:17:17","slug":"manifestations-pour-le-sixieme-jour-consecutif-en-iran-le-mecontentement-grandit-partout-trump-menace-le-regime","status":"publish","type":"post","link":"https:\/\/vieassociative.be\/actualites\/manifestations-pour-le-sixieme-jour-consecutif-en-iran-le-mecontentement-grandit-partout-trump-menace-le-regime\/","title":{"rendered":"Manifestations pour le sixi\u00e8me jour cons\u00e9cutif en Iran &#8211; Le m\u00e9contentement grandit partout &#8211; Trump menace le r\u00e9gime"},"content":{"rendered":"<p><strong>Pour le sixi\u00e8me jour cons\u00e9cutif, les gens descendent dans les rues en Iran. Il s\u2019agit de la plus grande vague de protestations depuis les soul\u00e8vements nationaux sous le slogan \u00ab Femmes, Vie, Libert\u00e9 \u00bb il y a environ trois ans.<\/strong><\/p>\n<p><span id=\"more-433079\"><\/span>Les manifestations actuelles dans ce pays de pr\u00e8s de 90 millions d\u2019habitants ont \u00e9t\u00e9 d\u00e9clench\u00e9es dimanche dernier par un effondrement soudain des taux de change. Les commer\u00e7ants de la capitale T\u00e9h\u00e9ran, en particulier, sont spontan\u00e9ment descendus dans la rue.<\/p>\n<p>Les manifestations se sont d\u00e9sormais \u00e9tendues \u00e0 d\u2019autres r\u00e9gions du pays et \u00e0 d\u2019autres couches de la population. Le m\u00e9contentement grandit depuis des ann\u00e9es dans le pays, aliment\u00e9 par le manque de perspectives, les difficult\u00e9s \u00e9conomiques, la crise climatique et la r\u00e9pression politique.<\/p>\n<div id=\"attachment_433089\" class=\"wp-caption alignleft\" style=\"max-width: 300px\"><img fetchpriority=\"high\" decoding=\"async\" class=\"wp-image-433089 size-medium\" src=\"https:\/\/vieassociative.be\/actualites\/wp-content\/uploads\/2026\/01\/Manifestations-pour-le-sixieme-jour-consecutif-en-Iran-Le.jpg\" alt=\"\" width=\"300\" height=\"225\"  ><\/div>\n<p>Des t\u00e9moins oculaires ont fait \u00e9tat d&rsquo;un d\u00e9ploiement massif des forces de s\u00e9curit\u00e9 qui se sont d\u00e9plac\u00e9es dans les villes et ont pris position aux carrefours importants. Depuis mercredi soir, des sc\u00e8nes dramatiques et des combats de rue ont eu lieu entre manifestants et forces de s\u00e9curit\u00e9, notamment dans les r\u00e9gions rurales.<\/p>\n<p>Au moins dix personnes ont \u00e9t\u00e9 tu\u00e9es dans ces affrontements, a rapport\u00e9 l&rsquo;organisation norv\u00e9gienne de d\u00e9fense des droits de l&rsquo;homme Hengaw, qui entretient un r\u00e9seau de contacts en Iran.<\/p>\n<p>Pendant ce temps, le pr\u00e9sident am\u00e9ricain Donald Trump est intervenu dans les manifestations en Iran et a menac\u00e9 d&rsquo;intervenir. Si l\u2019Iran tue des manifestants pacifiques, \u00ab les \u00c9tats-Unis d\u2019Am\u00e9rique viendront \u00e0 leur aide \u00bb, a \u00e9crit le r\u00e9publicain sur sa plateforme en ligne Truth Social. Le pr\u00e9sident am\u00e9ricain n\u2019a pas pr\u00e9cis\u00e9 ce qu\u2019il envisageait sp\u00e9cifiquement de faire.<\/p>\n<p>Une r\u00e9action s\u00e9v\u00e8re de l\u2019Iran a imm\u00e9diatement suivi. \u00ab\u00a0Trump devrait savoir que l&rsquo;ing\u00e9rence am\u00e9ricaine dans cette affaire int\u00e9rieure d\u00e9stabiliserait toute la r\u00e9gion\u00a0\u00bb, a \u00e9crit Ali Larijani, secr\u00e9taire g\u00e9n\u00e9ral du Conseil de s\u00e9curit\u00e9, sur Platform.<\/p>\n<p>Danny Citrinowicz, chercheur \u00e0 l&rsquo;institut de recherche isra\u00e9lien INSS, a \u00e9voqu\u00e9 un dilemme pour le gouvernement am\u00e9ricain apr\u00e8s les d\u00e9clarations de Trump. \u00ab\u00a0Soutien aux manifestants &#8211; danger d&rsquo;escalade vers la guerre. Aucun soutien &#8211; un coup dur pour quiconque envisage de manifester en Iran maintenant ou \u00e0 l&rsquo;avenir\u00a0\u00bb, a-t-il \u00e9crit sur X.<\/p>\n<div id=\"attachment_234234\" class=\"wp-caption alignleft\" style=\"max-width: 300px\"><img decoding=\"async\" class=\"wp-image-234234 size-medium\" src=\"https:\/\/vieassociative.be\/actualites\/wp-content\/uploads\/2026\/01\/Manifestations-pour-le-sixieme-jour-consecutif-en-Iran-Le.jpeg\" alt=\"\" width=\"300\" height=\"233\"><\/div>\n<p><strong>\u2013 Manifestations actuelles comme \u00ab Feu parmi les cendres \u00bb :<\/strong> Selon les observateurs, on ne sait pas exactement comment les manifestations vont \u00e9voluer. \u00ab\u00a0Ind\u00e9pendamment de leur orientation politique, aucune des factions d&rsquo;opposition n&rsquo;a jusqu&rsquo;\u00e0 pr\u00e9sent r\u00e9ussi \u00e0 construire des organisations puissantes ou des r\u00e9seaux durables susceptibles de diriger les manifestations\u00a0\u00bb, \u00e9crit l&rsquo;historien Arash Azizi dans un article invit\u00e9 pour le magazine am\u00e9ricain \u00ab\u00a0The Atlantic\u00a0\u00bb. \u00ab Sans une telle focalisation, les protestations actuelles risquent de perdre de leur \u00e9lan et de s\u2019\u00e9teindre. \u00bb<\/p>\n<p>Cependant, si cela continue, il est bien plus probable que \u00ab des acteurs au sein du r\u00e9gime lui-m\u00eame prendront l\u2019initiative \u00bb et arracheront le pouvoir au guide supr\u00eame, l\u2019ayatollah Ali Khamenei, \u00e9crit Azizi.<\/p>\n<p>Les troubles actuels sont \u00ab comme un feu parmi les cendres \u00bb, d\u00e9clare un professeur iranien qui souhaite rester anonyme. \u00ab\u00a0Ce n&rsquo;\u00e9tait qu&rsquo;une question de temps avant qu&rsquo;ils n&rsquo;\u00e9clatent.\u00a0\u00bb Selon lui, il ne s\u2019agit plus de protestations purement \u00e9conomiques. Il s\u2019agit d\u2019une critique fondamentale de la politique des dirigeants de l\u2019\u00c9tat et de leurs d\u00e9cisions de politique \u00e9trang\u00e8re. \u00ab Il est donc tout \u00e0 fait naturel que les manifestations deviennent rapidement politiques. \u00bb<\/p>\n<p><strong>\u2013 Inqui\u00e9tudes pour l\u2019avenir et d\u00e9sespoir dans la capitale :<\/strong> Dans la capitale anim\u00e9e de T\u00e9h\u00e9ran, centre politique et \u00e9conomique du pays, de nombreux habitants s&rsquo;inqui\u00e8tent depuis des ann\u00e9es pour leur avenir. \u00ab\u00a0J&rsquo;ai moi-m\u00eame vu les manifestations de pr\u00e8s. Beaucoup \u00e9taient des gens de la g\u00e9n\u00e9ration Z, des jeunes qui n&rsquo;ont ni espoir ni motivation\u00a0\u00bb, explique Mortesa (37 ans), pr\u00e9paratrice physique. \u00ab Le pays dispose effectivement de revenus suffisants, mais ceux-ci ne parviennent pas \u00e0 la population. \u00bb<\/p>\n<p>Mila (36 ans), enseignante, ressent \u00e9galement le d\u00e9sespoir. \u00ab\u00a0Comme mes amis et coll\u00e8gues, ma situation est mauvaise. La vie quotidienne est difficile \u00e0 supporter, les loisirs et les voyages sont difficilement possibles\u00a0\u00bb, dit-elle. \u00ab\u00a0Les gens doivent conserver le droit de manifester\u00a0\u00bb, exige-t-elle.<\/p>\n<div id=\"attachment_433091\" class=\"wp-caption alignleft\" style=\"max-width: 300px\"><img decoding=\"async\" class=\"wp-image-433091 size-medium\" src=\"https:\/\/vieassociative.be\/actualites\/wp-content\/uploads\/2026\/01\/1767399437_915_Manifestations-pour-le-sixieme-jour-consecutif-en-Iran-Le.jpg\" alt=\"\" width=\"300\" height=\"200\"><\/div>\n<p>M\u00eame les riches commer\u00e7ants se plaignent d\u00e9sormais. Mohammad-Jawad (43 ans), qui dirige une bijouterie dans le Grand Bazar de T\u00e9h\u00e9ran, a ferm\u00e9 sa boutique dimanche dernier. \u00ab Nous ne savons tout simplement plus quels prix fixer. \u00bb Compte tenu des fluctuations du march\u00e9 des changes, il doit proc\u00e9der \u00e0 des corrections toutes les heures. \u00ab\u00a0Comment est-on cens\u00e9 expliquer cela aux clients ? Les choses ne peuvent pas continuer ainsi. C&rsquo;est aussi simple que cela.\u00a0\u00bb<\/p>\n<p><strong>\u2013 Les inqui\u00e9tudes concernant la guerre influencent \u00e9galement les taux de change :<\/strong> Les craintes d\u2019une nouvelle guerre ont \u00e9galement d\u00e9clench\u00e9 des troubles sur le march\u00e9 des changes. Plus t\u00f4t cette semaine, Trump a d\u00e9clar\u00e9 qu\u2019il soutiendrait les attaques isra\u00e9liennes contre l\u2019Iran si le pays r\u00e9tablissait son programme nucl\u00e9aire et continuait \u00e0 construire des missiles balistiques. Le pr\u00e9sident iranien Massoud Peseschkian a r\u00e9pondu \u00e0 X que toute r\u00e9ponse de la R\u00e9publique islamique \u00e0 une attaque injuste serait dure et provoquerait des remords.<\/p>\n<p>Isra\u00ebl a men\u00e9 une guerre contre l&rsquo;Iran pendant douze jours en juin et, aux c\u00f4t\u00e9s des \u00c9tats-Unis, a bombard\u00e9 des installations nucl\u00e9aires centrales. Le conflit fondamental entre les principaux ennemis se poursuit malgr\u00e9 un cessez-le-feu \u2013 aucune solution diplomatique n\u2019est en vue. Les \u00c9tats-Unis et Isra\u00ebl sont consid\u00e9r\u00e9s comme des ennemis jur\u00e9s du gouvernement iranien depuis la r\u00e9volution islamique de 1979. Les deux pays n\u2019entretiennent pas de relations diplomatiques. (dpa)<\/p>\n<p><em><strong>Sur le sujet, voir aussi l&rsquo;article suivant sur l&rsquo;OD :<\/strong><\/em><\/p>\n<div class=\"responsive-embed widescreen\">\n<blockquote class=\"wp-embedded-content\" data-secret=\"k1253gNqpS\">\n<p>La fiert\u00e9 de Donald Trump pr\u00e9c\u00e8de-t-elle sa chute ? \u2013 Le pr\u00e9sident am\u00e9ricain a fa\u00e7onn\u00e9 l\u2019ann\u00e9e 2025 comme aucune autre<\/p>\n<\/blockquote>\n<p><iframe loading=\"lazy\" class=\"wp-embedded-content\" sandbox=\"allow-scripts\" security=\"restricted\" style=\"position: absolute; visibility: hidden;\" title=\"\u201eKommt Donald Trumps Hochmut vor seinem Fall? \u2013 US-Pr\u00e4sident pr\u00e4gte das Jahr 2025 wie kein anderer\u201c \u2013 Ostbelgien Direkt\" src=\"https:\/\/ostbelgiendirekt.be\/about:blank\" data-secret=\"k1253gNqpS\" width=\"500\" height=\"282\" frameborder=\"0\" marginwidth=\"0\" marginheight=\"0\" scrolling=\"no\" data-rocket-lazyload=\"fitvidscompatible\" data-lazy-src=\"https:\/\/ostbelgiendirekt.be\/donald-trumps-hochmut-432912\/embed#?secret=BmJOVAdMXf#?secret=k1253gNqpS\"><\/iframe><noscript><iframe class=\"wp-embedded-content\" sandbox=\"allow-scripts\" security=\"restricted\" style=\"position: absolute; visibility: hidden;\" title=\"\u201eKommt Donald Trumps Hochmut vor seinem Fall? \u2013 US-Pr\u00e4sident pr\u00e4gte das Jahr 2025 wie kein anderer\u201c \u2013 Ostbelgien Direkt\" src=\"https:\/\/ostbelgiendirekt.be\/donald-trumps-hochmut-432912\/embed#?secret=BmJOVAdMXf#?secret=k1253gNqpS\" data-secret=\"k1253gNqpS\" width=\"500\" height=\"282\" frameborder=\"0\" marginwidth=\"0\" marginheight=\"0\" scrolling=\"no\"><\/iframe><\/noscript><\/p>\n<\/div>\n","protected":false},"excerpt":{"rendered":"<p>Pour le sixi\u00e8me jour cons\u00e9cutif, les gens descendent dans les rues en Iran. Il s\u2019agit de la plus grande vague de protestations depuis les soul\u00e8vements<\/p>\n","protected":false},"author":1,"featured_media":12080,"comment_status":"","ping_status":"","sticky":false,"template":"","format":"standard","meta":{"footnotes":""},"categories":[298],"tags":[9674,9676,9675,53,3436,4470,3396,5482,81,4550,9673,2425],"class_list":["post-12079","post","type-post","status-publish","format-standard","has-post-thumbnail","hentry","category-belgique","tag-consecutif","tag-grandit","tag-iran","tag-jour","tag-manifestations","tag-mecontentement","tag-menace","tag-partout","tag-pour","tag-regime","tag-sixieme","tag-trump","generate-columns","tablet-grid-50","mobile-grid-100","grid-parent","grid-33"],"yoast_head":"<!-- This site is optimized with the Yoast SEO plugin v24.0 - https:\/\/yoast.com\/wordpress\/plugins\/seo\/ -->\n<title>Manifestations pour le sixi\u00e8me jour cons\u00e9cutif en Iran - Le m\u00e9contentement grandit partout - Trump menace le r\u00e9gime | Vie Associative<\/title>\n<meta name=\"robots\" content=\"index, follow, max-snippet:-1, max-image-preview:large, max-video-preview:-1\" \/>\n<link rel=\"canonical\" href=\"https:\/\/vieassociative.be\/actualites\/manifestations-pour-le-sixieme-jour-consecutif-en-iran-le-mecontentement-grandit-partout-trump-menace-le-regime\/\" \/>\n<meta property=\"og:locale\" content=\"fr_FR\" \/>\n<meta property=\"og:type\" content=\"article\" \/>\n<meta property=\"og:title\" content=\"Manifestations pour le sixi\u00e8me jour cons\u00e9cutif en Iran - Le m\u00e9contentement grandit partout - Trump menace le r\u00e9gime | Vie Associative\" \/>\n<meta property=\"og:description\" content=\"Pour le sixi\u00e8me jour cons\u00e9cutif, les gens descendent dans les rues en Iran. Il s\u2019agit de la plus grande vague de protestations depuis les soul\u00e8vements\" \/>\n<meta property=\"og:url\" content=\"https:\/\/vieassociative.be\/actualites\/manifestations-pour-le-sixieme-jour-consecutif-en-iran-le-mecontentement-grandit-partout-trump-menace-le-regime\/\" \/>\n<meta property=\"og:site_name\" content=\"Vie Associative\" \/>\n<meta property=\"article:published_time\" content=\"2026-01-03T00:17:17+00:00\" \/>\n<meta property=\"og:image\" content=\"https:\/\/vieassociative.be\/actualites\/wp-content\/uploads\/2024\/09\/header_backgroundk-01-e1726694325946.png\" \/>\n\t<meta property=\"og:image:width\" content=\"279\" \/>\n\t<meta property=\"og:image:height\" content=\"92\" \/>\n\t<meta property=\"og:image:type\" content=\"image\/png\" \/>\n<meta name=\"author\" content=\"Julien\" \/>\n<meta name=\"twitter:card\" content=\"summary_large_image\" \/>\n<meta name=\"twitter:label1\" content=\"\u00c9crit par\" \/>\n\t<meta name=\"twitter:data1\" content=\"Julien\" \/>\n\t<meta name=\"twitter:label2\" content=\"Dur\u00e9e de lecture est.\" \/>\n\t<meta name=\"twitter:data2\" content=\"5 minutes\" \/>\n<script type=\"application\/ld+json\" class=\"yoast-schema-graph\">{\"@context\":\"https:\/\/schema.org\",\"@graph\":[{\"@type\":\"Article\",\"@id\":\"https:\/\/vieassociative.be\/actualites\/manifestations-pour-le-sixieme-jour-consecutif-en-iran-le-mecontentement-grandit-partout-trump-menace-le-regime\/#article\",\"isPartOf\":{\"@id\":\"https:\/\/vieassociative.be\/actualites\/manifestations-pour-le-sixieme-jour-consecutif-en-iran-le-mecontentement-grandit-partout-trump-menace-le-regime\/\"},\"author\":{\"name\":\"Julien\",\"@id\":\"https:\/\/vieassociative.be\/actualites\/#\/schema\/person\/b87ac4f82f9d4e7b7cec7395b679edc4\"},\"headline\":\"Manifestations pour le sixi\u00e8me jour cons\u00e9cutif en Iran &#8211; Le m\u00e9contentement grandit partout &#8211; Trump menace le r\u00e9gime\",\"datePublished\":\"2026-01-03T00:17:17+00:00\",\"dateModified\":\"2026-01-03T00:17:17+00:00\",\"mainEntityOfPage\":{\"@id\":\"https:\/\/vieassociative.be\/actualites\/manifestations-pour-le-sixieme-jour-consecutif-en-iran-le-mecontentement-grandit-partout-trump-menace-le-regime\/\"},\"wordCount\":1040,\"publisher\":{\"@id\":\"https:\/\/vieassociative.be\/actualites\/#organization\"},\"image\":{\"@id\":\"https:\/\/vieassociative.be\/actualites\/manifestations-pour-le-sixieme-jour-consecutif-en-iran-le-mecontentement-grandit-partout-trump-menace-le-regime\/#primaryimage\"},\"thumbnailUrl\":\"https:\/\/vieassociative.be\/actualites\/wp-content\/uploads\/2026\/01\/1767399438_Manifestations-pour-le-sixieme-jour-consecutif-en-Iran-Le.jpg\",\"keywords\":[\"cons\u00e9cutif\",\"grandit\",\"Iran\",\"jour\",\"Manifestations\",\"m\u00e9contentement\",\"menac\u00e9\",\"partout\",\"pour\",\"r\u00e9gime\",\"sixi\u00e8me\",\"Trump\"],\"articleSection\":[\"Belgique\"],\"inLanguage\":\"fr-BE\"},{\"@type\":\"WebPage\",\"@id\":\"https:\/\/vieassociative.be\/actualites\/manifestations-pour-le-sixieme-jour-consecutif-en-iran-le-mecontentement-grandit-partout-trump-menace-le-regime\/\",\"url\":\"https:\/\/vieassociative.be\/actualites\/manifestations-pour-le-sixieme-jour-consecutif-en-iran-le-mecontentement-grandit-partout-trump-menace-le-regime\/\",\"name\":\"Manifestations pour le sixi\u00e8me jour cons\u00e9cutif en Iran - Le m\u00e9contentement grandit partout - Trump menace le r\u00e9gime | Vie Associative\",\"isPartOf\":{\"@id\":\"https:\/\/vieassociative.be\/actualites\/#website\"},\"primaryImageOfPage\":{\"@id\":\"https:\/\/vieassociative.be\/actualites\/manifestations-pour-le-sixieme-jour-consecutif-en-iran-le-mecontentement-grandit-partout-trump-menace-le-regime\/#primaryimage\"},\"image\":{\"@id\":\"https:\/\/vieassociative.be\/actualites\/manifestations-pour-le-sixieme-jour-consecutif-en-iran-le-mecontentement-grandit-partout-trump-menace-le-regime\/#primaryimage\"},\"thumbnailUrl\":\"https:\/\/vieassociative.be\/actualites\/wp-content\/uploads\/2026\/01\/1767399438_Manifestations-pour-le-sixieme-jour-consecutif-en-Iran-Le.jpg\",\"datePublished\":\"2026-01-03T00:17:17+00:00\",\"dateModified\":\"2026-01-03T00:17:17+00:00\",\"breadcrumb\":{\"@id\":\"https:\/\/vieassociative.be\/actualites\/manifestations-pour-le-sixieme-jour-consecutif-en-iran-le-mecontentement-grandit-partout-trump-menace-le-regime\/#breadcrumb\"},\"inLanguage\":\"fr-BE\",\"potentialAction\":[{\"@type\":\"ReadAction\",\"target\":[\"https:\/\/vieassociative.be\/actualites\/manifestations-pour-le-sixieme-jour-consecutif-en-iran-le-mecontentement-grandit-partout-trump-menace-le-regime\/\"]}]},{\"@type\":\"ImageObject\",\"inLanguage\":\"fr-BE\",\"@id\":\"https:\/\/vieassociative.be\/actualites\/manifestations-pour-le-sixieme-jour-consecutif-en-iran-le-mecontentement-grandit-partout-trump-menace-le-regime\/#primaryimage\",\"url\":\"https:\/\/vieassociative.be\/actualites\/wp-content\/uploads\/2026\/01\/1767399438_Manifestations-pour-le-sixieme-jour-consecutif-en-Iran-Le.jpg\",\"contentUrl\":\"https:\/\/vieassociative.be\/actualites\/wp-content\/uploads\/2026\/01\/1767399438_Manifestations-pour-le-sixieme-jour-consecutif-en-Iran-Le.jpg\",\"width\":1200,\"height\":800,\"caption\":\"Manifestations pour le sixi\u00e8me jour cons\u00e9cutif en Iran - Le m\u00e9contentement grandit partout - Trump menace le r\u00e9gime\"},{\"@type\":\"BreadcrumbList\",\"@id\":\"https:\/\/vieassociative.be\/actualites\/manifestations-pour-le-sixieme-jour-consecutif-en-iran-le-mecontentement-grandit-partout-trump-menace-le-regime\/#breadcrumb\",\"itemListElement\":[{\"@type\":\"ListItem\",\"position\":1,\"name\":\"Accueil\",\"item\":\"https:\/\/vieassociative.be\/actualites\/\"},{\"@type\":\"ListItem\",\"position\":2,\"name\":\"Manifestations pour le sixi\u00e8me jour cons\u00e9cutif en Iran &#8211; Le m\u00e9contentement grandit partout &#8211; Trump menace le r\u00e9gime\"}]},{\"@type\":\"WebSite\",\"@id\":\"https:\/\/vieassociative.be\/actualites\/#website\",\"url\":\"https:\/\/vieassociative.be\/actualites\/\",\"name\":\"Vie Associative\",\"description\":\"\",\"publisher\":{\"@id\":\"https:\/\/vieassociative.be\/actualites\/#organization\"},\"potentialAction\":[{\"@type\":\"SearchAction\",\"target\":{\"@type\":\"EntryPoint\",\"urlTemplate\":\"https:\/\/vieassociative.be\/actualites\/?s={search_term_string}\"},\"query-input\":{\"@type\":\"PropertyValueSpecification\",\"valueRequired\":true,\"valueName\":\"search_term_string\"}}],\"inLanguage\":\"fr-BE\"},{\"@type\":\"Organization\",\"@id\":\"https:\/\/vieassociative.be\/actualites\/#organization\",\"name\":\"Vie Associative\",\"url\":\"https:\/\/vieassociative.be\/actualites\/\",\"logo\":{\"@type\":\"ImageObject\",\"inLanguage\":\"fr-BE\",\"@id\":\"https:\/\/vieassociative.be\/actualites\/#\/schema\/logo\/image\/\",\"url\":\"https:\/\/vieassociative.be\/actualites\/wp-content\/uploads\/2024\/09\/cropped-vieassociative_favicon.ico.png\",\"contentUrl\":\"https:\/\/vieassociative.be\/actualites\/wp-content\/uploads\/2024\/09\/cropped-vieassociative_favicon.ico.png\",\"width\":512,\"height\":512,\"caption\":\"Vie Associative\"},\"image\":{\"@id\":\"https:\/\/vieassociative.be\/actualites\/#\/schema\/logo\/image\/\"}},{\"@type\":\"Person\",\"@id\":\"https:\/\/vieassociative.be\/actualites\/#\/schema\/person\/b87ac4f82f9d4e7b7cec7395b679edc4\",\"name\":\"Julien\",\"image\":{\"@type\":\"ImageObject\",\"inLanguage\":\"fr-BE\",\"@id\":\"https:\/\/vieassociative.be\/actualites\/#\/schema\/person\/image\/\",\"url\":\"https:\/\/vieassociative.be\/actualites\/wp-content\/uploads\/2024\/09\/vie-associative-1-150x150.jpg\",\"contentUrl\":\"https:\/\/vieassociative.be\/actualites\/wp-content\/uploads\/2024\/09\/vie-associative-1-150x150.jpg\",\"caption\":\"Julien\"},\"description\":\"Je suis Julien, r\u00e9dacteur pour Vie Associative. Passionn\u00e9 par le monde associatif depuis plus de 10 ans, j'ai \u00e0 c\u0153ur de partager des histoires inspirantes et de mettre en lumi\u00e8re les initiatives locales. Mon objectif est de sensibiliser et d'encourager l'engagement communautaire \u00e0 travers mes articles.\",\"sameAs\":[\"https:\/\/vieassociative.be\/\"]}]}<\/script>\n<!-- \/ Yoast SEO plugin. -->","yoast_head_json":{"title":"Manifestations pour le sixi\u00e8me jour cons\u00e9cutif en Iran - Le m\u00e9contentement grandit partout - Trump menace le r\u00e9gime | Vie Associative","robots":{"index":"index","follow":"follow","max-snippet":"max-snippet:-1","max-image-preview":"max-image-preview:large","max-video-preview":"max-video-preview:-1"},"canonical":"https:\/\/vieassociative.be\/actualites\/manifestations-pour-le-sixieme-jour-consecutif-en-iran-le-mecontentement-grandit-partout-trump-menace-le-regime\/","og_locale":"fr_FR","og_type":"article","og_title":"Manifestations pour le sixi\u00e8me jour cons\u00e9cutif en Iran - Le m\u00e9contentement grandit partout - Trump menace le r\u00e9gime | Vie Associative","og_description":"Pour le sixi\u00e8me jour cons\u00e9cutif, les gens descendent dans les rues en Iran. Il s\u2019agit de la plus grande vague de protestations depuis les soul\u00e8vements","og_url":"https:\/\/vieassociative.be\/actualites\/manifestations-pour-le-sixieme-jour-consecutif-en-iran-le-mecontentement-grandit-partout-trump-menace-le-regime\/","og_site_name":"Vie Associative","article_published_time":"2026-01-03T00:17:17+00:00","og_image":[{"width":279,"height":92,"url":"https:\/\/vieassociative.be\/actualites\/wp-content\/uploads\/2024\/09\/header_backgroundk-01-e1726694325946.png","type":"image\/png"}],"author":"Julien","twitter_card":"summary_large_image","twitter_misc":{"\u00c9crit par":"Julien","Dur\u00e9e de lecture est.":"5 minutes"},"schema":{"@context":"https:\/\/schema.org","@graph":[{"@type":"Article","@id":"https:\/\/vieassociative.be\/actualites\/manifestations-pour-le-sixieme-jour-consecutif-en-iran-le-mecontentement-grandit-partout-trump-menace-le-regime\/#article","isPartOf":{"@id":"https:\/\/vieassociative.be\/actualites\/manifestations-pour-le-sixieme-jour-consecutif-en-iran-le-mecontentement-grandit-partout-trump-menace-le-regime\/"},"author":{"name":"Julien","@id":"https:\/\/vieassociative.be\/actualites\/#\/schema\/person\/b87ac4f82f9d4e7b7cec7395b679edc4"},"headline":"Manifestations pour le sixi\u00e8me jour cons\u00e9cutif en Iran &#8211; Le m\u00e9contentement grandit partout &#8211; Trump menace le r\u00e9gime","datePublished":"2026-01-03T00:17:17+00:00","dateModified":"2026-01-03T00:17:17+00:00","mainEntityOfPage":{"@id":"https:\/\/vieassociative.be\/actualites\/manifestations-pour-le-sixieme-jour-consecutif-en-iran-le-mecontentement-grandit-partout-trump-menace-le-regime\/"},"wordCount":1040,"publisher":{"@id":"https:\/\/vieassociative.be\/actualites\/#organization"},"image":{"@id":"https:\/\/vieassociative.be\/actualites\/manifestations-pour-le-sixieme-jour-consecutif-en-iran-le-mecontentement-grandit-partout-trump-menace-le-regime\/#primaryimage"},"thumbnailUrl":"https:\/\/vieassociative.be\/actualites\/wp-content\/uploads\/2026\/01\/1767399438_Manifestations-pour-le-sixieme-jour-consecutif-en-Iran-Le.jpg","keywords":["cons\u00e9cutif","grandit","Iran","jour","Manifestations","m\u00e9contentement","menac\u00e9","partout","pour","r\u00e9gime","sixi\u00e8me","Trump"],"articleSection":["Belgique"],"inLanguage":"fr-BE"},{"@type":"WebPage","@id":"https:\/\/vieassociative.be\/actualites\/manifestations-pour-le-sixieme-jour-consecutif-en-iran-le-mecontentement-grandit-partout-trump-menace-le-regime\/","url":"https:\/\/vieassociative.be\/actualites\/manifestations-pour-le-sixieme-jour-consecutif-en-iran-le-mecontentement-grandit-partout-trump-menace-le-regime\/","name":"Manifestations pour le sixi\u00e8me jour cons\u00e9cutif en Iran - Le m\u00e9contentement grandit partout - Trump menace le r\u00e9gime | Vie Associative","isPartOf":{"@id":"https:\/\/vieassociative.be\/actualites\/#website"},"primaryImageOfPage":{"@id":"https:\/\/vieassociative.be\/actualites\/manifestations-pour-le-sixieme-jour-consecutif-en-iran-le-mecontentement-grandit-partout-trump-menace-le-regime\/#primaryimage"},"image":{"@id":"https:\/\/vieassociative.be\/actualites\/manifestations-pour-le-sixieme-jour-consecutif-en-iran-le-mecontentement-grandit-partout-trump-menace-le-regime\/#primaryimage"},"thumbnailUrl":"https:\/\/vieassociative.be\/actualites\/wp-content\/uploads\/2026\/01\/1767399438_Manifestations-pour-le-sixieme-jour-consecutif-en-Iran-Le.jpg","datePublished":"2026-01-03T00:17:17+00:00","dateModified":"2026-01-03T00:17:17+00:00","breadcrumb":{"@id":"https:\/\/vieassociative.be\/actualites\/manifestations-pour-le-sixieme-jour-consecutif-en-iran-le-mecontentement-grandit-partout-trump-menace-le-regime\/#breadcrumb"},"inLanguage":"fr-BE","potentialAction":[{"@type":"ReadAction","target":["https:\/\/vieassociative.be\/actualites\/manifestations-pour-le-sixieme-jour-consecutif-en-iran-le-mecontentement-grandit-partout-trump-menace-le-regime\/"]}]},{"@type":"ImageObject","inLanguage":"fr-BE","@id":"https:\/\/vieassociative.be\/actualites\/manifestations-pour-le-sixieme-jour-consecutif-en-iran-le-mecontentement-grandit-partout-trump-menace-le-regime\/#primaryimage","url":"https:\/\/vieassociative.be\/actualites\/wp-content\/uploads\/2026\/01\/1767399438_Manifestations-pour-le-sixieme-jour-consecutif-en-Iran-Le.jpg","contentUrl":"https:\/\/vieassociative.be\/actualites\/wp-content\/uploads\/2026\/01\/1767399438_Manifestations-pour-le-sixieme-jour-consecutif-en-Iran-Le.jpg","width":1200,"height":800,"caption":"Manifestations pour le sixi\u00e8me jour cons\u00e9cutif en Iran - Le m\u00e9contentement grandit partout - Trump menace le r\u00e9gime"},{"@type":"BreadcrumbList","@id":"https:\/\/vieassociative.be\/actualites\/manifestations-pour-le-sixieme-jour-consecutif-en-iran-le-mecontentement-grandit-partout-trump-menace-le-regime\/#breadcrumb","itemListElement":[{"@type":"ListItem","position":1,"name":"Accueil","item":"https:\/\/vieassociative.be\/actualites\/"},{"@type":"ListItem","position":2,"name":"Manifestations pour le sixi\u00e8me jour cons\u00e9cutif en Iran &#8211; Le m\u00e9contentement grandit partout &#8211; Trump menace le r\u00e9gime"}]},{"@type":"WebSite","@id":"https:\/\/vieassociative.be\/actualites\/#website","url":"https:\/\/vieassociative.be\/actualites\/","name":"Vie Associative","description":"","publisher":{"@id":"https:\/\/vieassociative.be\/actualites\/#organization"},"potentialAction":[{"@type":"SearchAction","target":{"@type":"EntryPoint","urlTemplate":"https:\/\/vieassociative.be\/actualites\/?s={search_term_string}"},"query-input":{"@type":"PropertyValueSpecification","valueRequired":true,"valueName":"search_term_string"}}],"inLanguage":"fr-BE"},{"@type":"Organization","@id":"https:\/\/vieassociative.be\/actualites\/#organization","name":"Vie Associative","url":"https:\/\/vieassociative.be\/actualites\/","logo":{"@type":"ImageObject","inLanguage":"fr-BE","@id":"https:\/\/vieassociative.be\/actualites\/#\/schema\/logo\/image\/","url":"https:\/\/vieassociative.be\/actualites\/wp-content\/uploads\/2024\/09\/cropped-vieassociative_favicon.ico.png","contentUrl":"https:\/\/vieassociative.be\/actualites\/wp-content\/uploads\/2024\/09\/cropped-vieassociative_favicon.ico.png","width":512,"height":512,"caption":"Vie Associative"},"image":{"@id":"https:\/\/vieassociative.be\/actualites\/#\/schema\/logo\/image\/"}},{"@type":"Person","@id":"https:\/\/vieassociative.be\/actualites\/#\/schema\/person\/b87ac4f82f9d4e7b7cec7395b679edc4","name":"Julien","image":{"@type":"ImageObject","inLanguage":"fr-BE","@id":"https:\/\/vieassociative.be\/actualites\/#\/schema\/person\/image\/","url":"https:\/\/vieassociative.be\/actualites\/wp-content\/uploads\/2024\/09\/vie-associative-1-150x150.jpg","contentUrl":"https:\/\/vieassociative.be\/actualites\/wp-content\/uploads\/2024\/09\/vie-associative-1-150x150.jpg","caption":"Julien"},"description":"Je suis Julien, r\u00e9dacteur pour Vie Associative. Passionn\u00e9 par le monde associatif depuis plus de 10 ans, j'ai \u00e0 c\u0153ur de partager des histoires inspirantes et de mettre en lumi\u00e8re les initiatives locales. Mon objectif est de sensibiliser et d'encourager l'engagement communautaire \u00e0 travers mes articles.","sameAs":["https:\/\/vieassociative.be\/"]}]}},"_links":{"self":[{"href":"https:\/\/vieassociative.be\/actualites\/wp-json\/wp\/v2\/posts\/12079"}],"collection":[{"href":"https:\/\/vieassociative.be\/actualites\/wp-json\/wp\/v2\/posts"}],"about":[{"href":"https:\/\/vieassociative.be\/actualites\/wp-json\/wp\/v2\/types\/post"}],"author":[{"embeddable":true,"href":"https:\/\/vieassociative.be\/actualites\/wp-json\/wp\/v2\/users\/1"}],"replies":[{"embeddable":true,"href":"https:\/\/vieassociative.be\/actualites\/wp-json\/wp\/v2\/comments?post=12079"}],"version-history":[{"count":0,"href":"https:\/\/vieassociative.be\/actualites\/wp-json\/wp\/v2\/posts\/12079\/revisions"}],"wp:featuredmedia":[{"embeddable":true,"href":"https:\/\/vieassociative.be\/actualites\/wp-json\/wp\/v2\/media\/12080"}],"wp:attachment":[{"href":"https:\/\/vieassociative.be\/actualites\/wp-json\/wp\/v2\/media?parent=12079"}],"wp:term":[{"taxonomy":"category","embeddable":true,"href":"https:\/\/vieassociative.be\/actualites\/wp-json\/wp\/v2\/categories?post=12079"},{"taxonomy":"post_tag","embeddable":true,"href":"https:\/\/vieassociative.be\/actualites\/wp-json\/wp\/v2\/tags?post=12079"}],"curies":[{"name":"wp","href":"https:\/\/api.w.org\/{rel}","templated":true}]}}