{"id":12077,"date":"2026-01-03T00:18:17","date_gmt":"2026-01-02T23:18:17","guid":{"rendered":"https:\/\/vieassociative.be\/actualites\/punkt-propose-un-nouveau-smartphone-pour-les-personnes-qui-detestent-les-smartphones\/"},"modified":"2026-01-03T00:18:17","modified_gmt":"2026-01-02T23:18:17","slug":"punkt-propose-un-nouveau-smartphone-pour-les-personnes-qui-detestent-les-smartphones","status":"publish","type":"post","link":"https:\/\/vieassociative.be\/actualites\/punkt-propose-un-nouveau-smartphone-pour-les-personnes-qui-detestent-les-smartphones\/","title":{"rendered":"Punkt propose un nouveau smartphone pour les personnes qui d\u00e9testent les smartphones"},"content":{"rendered":"<p>Si vous avez d\u00e9j\u00e0 envisag\u00e9 d&rsquo;\u00e9changer votre smartphone contre un dumbphone, vous \u00eates peut-\u00eatre tomb\u00e9 sur Punkt. Les t\u00e9l\u00e9phones MP01 et MP02 de la soci\u00e9t\u00e9 allemande n&rsquo;\u00e9taient volontairement pas \u00ab intelligents \u00bb ; il s\u2019agissait plut\u00f4t de plaques de plastique minimalistes, arborant un petit \u00e9cran et une s\u00e9rie de gros boutons physiques. L\u2019int\u00e9r\u00eat de poss\u00e9der un de ces appareils Punkt n\u2019est pas de rester assis \u00e0 faire d\u00e9filer votre smartphone pendant des heures ; il s&rsquo;agit d&rsquo;utiliser votre t\u00e9l\u00e9phone lorsque vous en avez besoin, en priv\u00e9, en plus. <\/p>\n<h2 id=\"the-mc03-looks-like-any-other-smartphone-at-first\">Le MC03 ressemble \u00e0 n\u2019importe quel autre smartphone au premier abord<\/h2>\n<p>La ligne MC0 de la soci\u00e9t\u00e9 inverse un peu le script, et cela ne change pas avec la derni\u00e8re en date : MC03. M\u00eame si l&rsquo;accent est toujours mis sur la confidentialit\u00e9 et le minimalisme, ce nouvel appareil est pratiquement impossible \u00e0 distinguer des autres smartphones Android du march\u00e9, du moins en apparence. Finis les boutons physiques et le petit \u00e9cran\u00a0; vous disposez d\u00e9sormais d\u2019un grand \u00e9cran OLED de 120 Hz, dot\u00e9 d\u2019une cam\u00e9ra selfie en haut. Retournez le MC03 et vous trouverez un ensemble de quatre cam\u00e9ras arri\u00e8re, regroup\u00e9es dans le coin sup\u00e9rieur gauche du dos. Mis \u00e0 part le grand logo \u00ab Punkt \u00bb en bas \u00e0 droite, il pourrait s\u2019agir de n\u2019importe quel autre t\u00e9l\u00e9phone.<\/p>\n<p>Ce qui diff\u00e9rencie le MC03 des t\u00e9l\u00e9phones Samsung ou Motorola, c&rsquo;est ce qu&rsquo;il y a \u00e0 l&rsquo;int\u00e9rieur, notamment le syst\u00e8me d&rsquo;exploitation. Lorsque vous ouvrez le t\u00e9l\u00e9phone, vous n&rsquo;\u00eates pas accueilli par une grille d&rsquo;ic\u00f4nes d&rsquo;applications et de widgets. Au lieu de cela, vous voyez une liste de noms d\u2019applications et de fonctions, sans ic\u00f4nes ni couleurs. Il s\u2019agit d\u2019une interface \u00e0 peu pr\u00e8s aussi simple que celle que l\u2019on peut attendre d\u2019un appareil dot\u00e9 d\u2019un \u00e9cran de smartphone moderne, ce qui peut plaire \u00e0 ceux qui recherchent une exp\u00e9rience minimaliste.   <\/p>\n<p>C&rsquo;est parce que le MC03 ne fonctionne pas sous Android. Comme les pr\u00e9c\u00e9dents t\u00e9l\u00e9phones Punkt, cet appareil ex\u00e9cute AphyOS, un syst\u00e8me d&rsquo;exploitation construit par Apostrophe. Ce syst\u00e8me d&rsquo;exploitation personnalis\u00e9 est pr\u00e9sent\u00e9 comme un syst\u00e8me d&rsquo;exploitation ax\u00e9 sur la confidentialit\u00e9, ce que Punkt utilise pour le MC03. Selon la soci\u00e9t\u00e9, AphysOS peut bloquer les outils de suivi et de profilage et emp\u00eacher l&rsquo;acc\u00e8s aux bloatwares, aux applications cach\u00e9es et aux services d&rsquo;arri\u00e8re-plan. Le syst\u00e8me d&rsquo;exploitation serait \u00e9galement capable de lutter contre l&rsquo;espionnage avec un \u00ab code renforc\u00e9 \u00bb pour bloquer les attaques. <\/p>\n<p>La soci\u00e9t\u00e9 affirme que ce nouveau t\u00e9l\u00e9phone s\u00e9pare les donn\u00e9es et les fonctions dans deux \u00ab r\u00e9f\u00e9rentiels \u00bb cl\u00e9s : Premi\u00e8rement, il y a le \u00ab Vault \u00bb, qui comprend les applications approuv\u00e9es par Punkt et cette interface utilisateur minimaliste. Proton est une entreprise de confiance ici, vous pouvez donc vous attendre \u00e0 trouver Proton Mail, Proton Calendar, Proton Drive, Proton VPN et Proton Pass dans le coffre-fort. Deuxi\u00e8mement, il y a \u00ab\u00a0Wild Web\u00a0\u00bb, qui vous permet d&rsquo;installer n&rsquo;importe quelle application de votre choix, contre un syst\u00e8me strict de protections et de param\u00e8tres de confidentialit\u00e9. Vous pouvez choisir de t\u00e9l\u00e9charger des applications depuis la boutique d&rsquo;applications de Punkt ax\u00e9e sur la confidentialit\u00e9, proposant des programmes approuv\u00e9s par AphyOS et Punkt, ainsi qu&rsquo;une boutique avec des \u00ab applications largement disponibles \u00bb.<\/p>\n<p>En plus de cet \u00e9cran, Punkt affirme que l&rsquo;appareil est dot\u00e9 d&rsquo;autres avantages mat\u00e9riels, comme une batterie amovible de 5 200 mAh (une raret\u00e9 sur les smartphones modernes), une r\u00e9sistance \u00e0 l&rsquo;eau et \u00e0 la poussi\u00e8re IP68 et un appareil photo de 64 MP.  <\/p>\n<h2 id=\"privacy-isnt-free-on-the-mc03\">La confidentialit\u00e9 n&rsquo;est pas gratuite sur le MC03<\/h2>\n<p>Toutes ces fonctionnalit\u00e9s ont cependant un co\u00fbt r\u00e9current. Apr\u00e8s un an, vous devrez payer pour AphyOS, qui facture 10 $ par mois. Vous pouvez \u00e9galement choisir de vous abonner pour trois ans pour 129 $ (5,38 $ par mois) ou cinq ans pour 199 $ (4,15 $ par mois). Le t\u00e9l\u00e9phone lui-m\u00eame co\u00fbte 699 $, ce qui est relativement cher pour un t\u00e9l\u00e9phone de ce calibre, donc la question de savoir si les avantages en mati\u00e8re de confidentialit\u00e9 et de minimalisme valent ou non le prix d\u00e9pendra vraiment de chaque client. (Je suis un ardent d\u00e9fenseur de la vie priv\u00e9e, mais le MC03 devra certainement m&rsquo;impressionner avant de m&rsquo;engager dans un mod\u00e8le d&rsquo;abonnement pour son syst\u00e8me d&rsquo;exploitation.) Si vous ne voulez pas d&rsquo;un nouveau t\u00e9l\u00e9phone, il existe des hacks pour r\u00e9duire votre appareil existant \u00e0 quelque chose de plus minimal &#8211; et, bien s\u00fbr, vous pouvez prendre certaines mesures pour prot\u00e9ger votre vie priv\u00e9e sur n&rsquo;importe quel appareil.  <\/p>\n<p>Le MC03 n&rsquo;est pas encore disponible. Punkt a annonc\u00e9 le nouveau t\u00e9l\u00e9phone avant le CES la semaine prochaine et a annonc\u00e9 que le nouvel appareil serait lanc\u00e9 en Am\u00e9rique du Nord ce printemps. Les pr\u00e9commandes sont actuellement disponibles en Europe.<\/p>\n","protected":false},"excerpt":{"rendered":"<p>Si vous avez d\u00e9j\u00e0 envisag\u00e9 d&rsquo;\u00e9changer votre smartphone contre un dumbphone, vous \u00eates peut-\u00eatre tomb\u00e9 sur Punkt. Les t\u00e9l\u00e9phones MP01 et MP02 de la soci\u00e9t\u00e9<\/p>\n","protected":false},"author":1,"featured_media":12078,"comment_status":"","ping_status":"","sticky":false,"template":"","format":"standard","meta":{"footnotes":""},"categories":[13],"tags":[2920,14,553,714,81,1546,9671,99,4897,9672],"class_list":["post-12077","post","type-post","status-publish","format-standard","has-post-thumbnail","hentry","category-technologie","tag-detestent","tag-les","tag-nouveau","tag-personnes","tag-pour","tag-propose","tag-punkt","tag-qui","tag-smartphone","tag-smartphones","generate-columns","tablet-grid-50","mobile-grid-100","grid-parent","grid-33"],"yoast_head":"<!-- This site is optimized with the Yoast SEO plugin v24.0 - https:\/\/yoast.com\/wordpress\/plugins\/seo\/ -->\n<title>Punkt propose un nouveau smartphone pour les personnes qui d\u00e9testent les smartphones | Vie Associative<\/title>\n<meta name=\"robots\" content=\"index, follow, max-snippet:-1, max-image-preview:large, max-video-preview:-1\" \/>\n<link rel=\"canonical\" href=\"https:\/\/vieassociative.be\/actualites\/punkt-propose-un-nouveau-smartphone-pour-les-personnes-qui-detestent-les-smartphones\/\" \/>\n<meta property=\"og:locale\" content=\"fr_FR\" \/>\n<meta property=\"og:type\" content=\"article\" \/>\n<meta property=\"og:title\" content=\"Punkt propose un nouveau smartphone pour les personnes qui d\u00e9testent les smartphones | Vie Associative\" \/>\n<meta property=\"og:description\" content=\"Si vous avez d\u00e9j\u00e0 envisag\u00e9 d&rsquo;\u00e9changer votre smartphone contre un dumbphone, vous \u00eates peut-\u00eatre tomb\u00e9 sur Punkt. Les t\u00e9l\u00e9phones MP01 et MP02 de la soci\u00e9t\u00e9\" \/>\n<meta property=\"og:url\" content=\"https:\/\/vieassociative.be\/actualites\/punkt-propose-un-nouveau-smartphone-pour-les-personnes-qui-detestent-les-smartphones\/\" \/>\n<meta property=\"og:site_name\" content=\"Vie Associative\" \/>\n<meta property=\"article:published_time\" content=\"2026-01-02T23:18:17+00:00\" \/>\n<meta property=\"og:image\" content=\"https:\/\/vieassociative.be\/actualites\/wp-content\/uploads\/2024\/09\/header_backgroundk-01-e1726694325946.png\" \/>\n\t<meta property=\"og:image:width\" content=\"279\" \/>\n\t<meta property=\"og:image:height\" content=\"92\" \/>\n\t<meta property=\"og:image:type\" content=\"image\/png\" \/>\n<meta name=\"author\" content=\"Julien\" \/>\n<meta name=\"twitter:card\" content=\"summary_large_image\" \/>\n<meta name=\"twitter:label1\" content=\"\u00c9crit par\" \/>\n\t<meta name=\"twitter:data1\" content=\"Julien\" \/>\n\t<meta name=\"twitter:label2\" content=\"Dur\u00e9e de lecture est.\" \/>\n\t<meta name=\"twitter:data2\" content=\"4 minutes\" \/>\n<script type=\"application\/ld+json\" class=\"yoast-schema-graph\">{\"@context\":\"https:\/\/schema.org\",\"@graph\":[{\"@type\":\"Article\",\"@id\":\"https:\/\/vieassociative.be\/actualites\/punkt-propose-un-nouveau-smartphone-pour-les-personnes-qui-detestent-les-smartphones\/#article\",\"isPartOf\":{\"@id\":\"https:\/\/vieassociative.be\/actualites\/punkt-propose-un-nouveau-smartphone-pour-les-personnes-qui-detestent-les-smartphones\/\"},\"author\":{\"name\":\"Julien\",\"@id\":\"https:\/\/vieassociative.be\/actualites\/#\/schema\/person\/b87ac4f82f9d4e7b7cec7395b679edc4\"},\"headline\":\"Punkt propose un nouveau smartphone pour les personnes qui d\u00e9testent les smartphones\",\"datePublished\":\"2026-01-02T23:18:17+00:00\",\"dateModified\":\"2026-01-02T23:18:17+00:00\",\"mainEntityOfPage\":{\"@id\":\"https:\/\/vieassociative.be\/actualites\/punkt-propose-un-nouveau-smartphone-pour-les-personnes-qui-detestent-les-smartphones\/\"},\"wordCount\":892,\"publisher\":{\"@id\":\"https:\/\/vieassociative.be\/actualites\/#organization\"},\"image\":{\"@id\":\"https:\/\/vieassociative.be\/actualites\/punkt-propose-un-nouveau-smartphone-pour-les-personnes-qui-detestent-les-smartphones\/#primaryimage\"},\"thumbnailUrl\":\"https:\/\/vieassociative.be\/actualites\/wp-content\/uploads\/2026\/01\/Punkt-propose-un-nouveau-smartphone-pour-les-personnes-qui-detestent.jpg\",\"keywords\":[\"d\u00e9testent\",\"Les\",\"nouveau\",\"personnes\",\"pour\",\"propose\",\"Punkt\",\"qui\",\"smartphone\",\"smartphones\"],\"articleSection\":[\"Technologie\"],\"inLanguage\":\"fr-BE\"},{\"@type\":\"WebPage\",\"@id\":\"https:\/\/vieassociative.be\/actualites\/punkt-propose-un-nouveau-smartphone-pour-les-personnes-qui-detestent-les-smartphones\/\",\"url\":\"https:\/\/vieassociative.be\/actualites\/punkt-propose-un-nouveau-smartphone-pour-les-personnes-qui-detestent-les-smartphones\/\",\"name\":\"Punkt propose un nouveau smartphone pour les personnes qui d\u00e9testent les smartphones | Vie Associative\",\"isPartOf\":{\"@id\":\"https:\/\/vieassociative.be\/actualites\/#website\"},\"primaryImageOfPage\":{\"@id\":\"https:\/\/vieassociative.be\/actualites\/punkt-propose-un-nouveau-smartphone-pour-les-personnes-qui-detestent-les-smartphones\/#primaryimage\"},\"image\":{\"@id\":\"https:\/\/vieassociative.be\/actualites\/punkt-propose-un-nouveau-smartphone-pour-les-personnes-qui-detestent-les-smartphones\/#primaryimage\"},\"thumbnailUrl\":\"https:\/\/vieassociative.be\/actualites\/wp-content\/uploads\/2026\/01\/Punkt-propose-un-nouveau-smartphone-pour-les-personnes-qui-detestent.jpg\",\"datePublished\":\"2026-01-02T23:18:17+00:00\",\"dateModified\":\"2026-01-02T23:18:17+00:00\",\"breadcrumb\":{\"@id\":\"https:\/\/vieassociative.be\/actualites\/punkt-propose-un-nouveau-smartphone-pour-les-personnes-qui-detestent-les-smartphones\/#breadcrumb\"},\"inLanguage\":\"fr-BE\",\"potentialAction\":[{\"@type\":\"ReadAction\",\"target\":[\"https:\/\/vieassociative.be\/actualites\/punkt-propose-un-nouveau-smartphone-pour-les-personnes-qui-detestent-les-smartphones\/\"]}]},{\"@type\":\"ImageObject\",\"inLanguage\":\"fr-BE\",\"@id\":\"https:\/\/vieassociative.be\/actualites\/punkt-propose-un-nouveau-smartphone-pour-les-personnes-qui-detestent-les-smartphones\/#primaryimage\",\"url\":\"https:\/\/vieassociative.be\/actualites\/wp-content\/uploads\/2026\/01\/Punkt-propose-un-nouveau-smartphone-pour-les-personnes-qui-detestent.jpg\",\"contentUrl\":\"https:\/\/vieassociative.be\/actualites\/wp-content\/uploads\/2026\/01\/Punkt-propose-un-nouveau-smartphone-pour-les-personnes-qui-detestent.jpg\",\"width\":1200,\"height\":675,\"caption\":\"Punkt propose un nouveau smartphone pour les personnes qui d\u00e9testent les smartphones\"},{\"@type\":\"BreadcrumbList\",\"@id\":\"https:\/\/vieassociative.be\/actualites\/punkt-propose-un-nouveau-smartphone-pour-les-personnes-qui-detestent-les-smartphones\/#breadcrumb\",\"itemListElement\":[{\"@type\":\"ListItem\",\"position\":1,\"name\":\"Accueil\",\"item\":\"https:\/\/vieassociative.be\/actualites\/\"},{\"@type\":\"ListItem\",\"position\":2,\"name\":\"Punkt propose un nouveau smartphone pour les personnes qui d\u00e9testent les smartphones\"}]},{\"@type\":\"WebSite\",\"@id\":\"https:\/\/vieassociative.be\/actualites\/#website\",\"url\":\"https:\/\/vieassociative.be\/actualites\/\",\"name\":\"Vie Associative\",\"description\":\"\",\"publisher\":{\"@id\":\"https:\/\/vieassociative.be\/actualites\/#organization\"},\"potentialAction\":[{\"@type\":\"SearchAction\",\"target\":{\"@type\":\"EntryPoint\",\"urlTemplate\":\"https:\/\/vieassociative.be\/actualites\/?s={search_term_string}\"},\"query-input\":{\"@type\":\"PropertyValueSpecification\",\"valueRequired\":true,\"valueName\":\"search_term_string\"}}],\"inLanguage\":\"fr-BE\"},{\"@type\":\"Organization\",\"@id\":\"https:\/\/vieassociative.be\/actualites\/#organization\",\"name\":\"Vie Associative\",\"url\":\"https:\/\/vieassociative.be\/actualites\/\",\"logo\":{\"@type\":\"ImageObject\",\"inLanguage\":\"fr-BE\",\"@id\":\"https:\/\/vieassociative.be\/actualites\/#\/schema\/logo\/image\/\",\"url\":\"https:\/\/vieassociative.be\/actualites\/wp-content\/uploads\/2024\/09\/cropped-vieassociative_favicon.ico.png\",\"contentUrl\":\"https:\/\/vieassociative.be\/actualites\/wp-content\/uploads\/2024\/09\/cropped-vieassociative_favicon.ico.png\",\"width\":512,\"height\":512,\"caption\":\"Vie Associative\"},\"image\":{\"@id\":\"https:\/\/vieassociative.be\/actualites\/#\/schema\/logo\/image\/\"}},{\"@type\":\"Person\",\"@id\":\"https:\/\/vieassociative.be\/actualites\/#\/schema\/person\/b87ac4f82f9d4e7b7cec7395b679edc4\",\"name\":\"Julien\",\"image\":{\"@type\":\"ImageObject\",\"inLanguage\":\"fr-BE\",\"@id\":\"https:\/\/vieassociative.be\/actualites\/#\/schema\/person\/image\/\",\"url\":\"https:\/\/vieassociative.be\/actualites\/wp-content\/uploads\/2024\/09\/vie-associative-1-150x150.jpg\",\"contentUrl\":\"https:\/\/vieassociative.be\/actualites\/wp-content\/uploads\/2024\/09\/vie-associative-1-150x150.jpg\",\"caption\":\"Julien\"},\"description\":\"Je suis Julien, r\u00e9dacteur pour Vie Associative. Passionn\u00e9 par le monde associatif depuis plus de 10 ans, j'ai \u00e0 c\u0153ur de partager des histoires inspirantes et de mettre en lumi\u00e8re les initiatives locales. Mon objectif est de sensibiliser et d'encourager l'engagement communautaire \u00e0 travers mes articles.\",\"sameAs\":[\"https:\/\/vieassociative.be\/\"]}]}<\/script>\n<!-- \/ Yoast SEO plugin. -->","yoast_head_json":{"title":"Punkt propose un nouveau smartphone pour les personnes qui d\u00e9testent les smartphones | Vie Associative","robots":{"index":"index","follow":"follow","max-snippet":"max-snippet:-1","max-image-preview":"max-image-preview:large","max-video-preview":"max-video-preview:-1"},"canonical":"https:\/\/vieassociative.be\/actualites\/punkt-propose-un-nouveau-smartphone-pour-les-personnes-qui-detestent-les-smartphones\/","og_locale":"fr_FR","og_type":"article","og_title":"Punkt propose un nouveau smartphone pour les personnes qui d\u00e9testent les smartphones | Vie Associative","og_description":"Si vous avez d\u00e9j\u00e0 envisag\u00e9 d&rsquo;\u00e9changer votre smartphone contre un dumbphone, vous \u00eates peut-\u00eatre tomb\u00e9 sur Punkt. Les t\u00e9l\u00e9phones MP01 et MP02 de la soci\u00e9t\u00e9","og_url":"https:\/\/vieassociative.be\/actualites\/punkt-propose-un-nouveau-smartphone-pour-les-personnes-qui-detestent-les-smartphones\/","og_site_name":"Vie Associative","article_published_time":"2026-01-02T23:18:17+00:00","og_image":[{"width":279,"height":92,"url":"https:\/\/vieassociative.be\/actualites\/wp-content\/uploads\/2024\/09\/header_backgroundk-01-e1726694325946.png","type":"image\/png"}],"author":"Julien","twitter_card":"summary_large_image","twitter_misc":{"\u00c9crit par":"Julien","Dur\u00e9e de lecture est.":"4 minutes"},"schema":{"@context":"https:\/\/schema.org","@graph":[{"@type":"Article","@id":"https:\/\/vieassociative.be\/actualites\/punkt-propose-un-nouveau-smartphone-pour-les-personnes-qui-detestent-les-smartphones\/#article","isPartOf":{"@id":"https:\/\/vieassociative.be\/actualites\/punkt-propose-un-nouveau-smartphone-pour-les-personnes-qui-detestent-les-smartphones\/"},"author":{"name":"Julien","@id":"https:\/\/vieassociative.be\/actualites\/#\/schema\/person\/b87ac4f82f9d4e7b7cec7395b679edc4"},"headline":"Punkt propose un nouveau smartphone pour les personnes qui d\u00e9testent les smartphones","datePublished":"2026-01-02T23:18:17+00:00","dateModified":"2026-01-02T23:18:17+00:00","mainEntityOfPage":{"@id":"https:\/\/vieassociative.be\/actualites\/punkt-propose-un-nouveau-smartphone-pour-les-personnes-qui-detestent-les-smartphones\/"},"wordCount":892,"publisher":{"@id":"https:\/\/vieassociative.be\/actualites\/#organization"},"image":{"@id":"https:\/\/vieassociative.be\/actualites\/punkt-propose-un-nouveau-smartphone-pour-les-personnes-qui-detestent-les-smartphones\/#primaryimage"},"thumbnailUrl":"https:\/\/vieassociative.be\/actualites\/wp-content\/uploads\/2026\/01\/Punkt-propose-un-nouveau-smartphone-pour-les-personnes-qui-detestent.jpg","keywords":["d\u00e9testent","Les","nouveau","personnes","pour","propose","Punkt","qui","smartphone","smartphones"],"articleSection":["Technologie"],"inLanguage":"fr-BE"},{"@type":"WebPage","@id":"https:\/\/vieassociative.be\/actualites\/punkt-propose-un-nouveau-smartphone-pour-les-personnes-qui-detestent-les-smartphones\/","url":"https:\/\/vieassociative.be\/actualites\/punkt-propose-un-nouveau-smartphone-pour-les-personnes-qui-detestent-les-smartphones\/","name":"Punkt propose un nouveau smartphone pour les personnes qui d\u00e9testent les smartphones | Vie Associative","isPartOf":{"@id":"https:\/\/vieassociative.be\/actualites\/#website"},"primaryImageOfPage":{"@id":"https:\/\/vieassociative.be\/actualites\/punkt-propose-un-nouveau-smartphone-pour-les-personnes-qui-detestent-les-smartphones\/#primaryimage"},"image":{"@id":"https:\/\/vieassociative.be\/actualites\/punkt-propose-un-nouveau-smartphone-pour-les-personnes-qui-detestent-les-smartphones\/#primaryimage"},"thumbnailUrl":"https:\/\/vieassociative.be\/actualites\/wp-content\/uploads\/2026\/01\/Punkt-propose-un-nouveau-smartphone-pour-les-personnes-qui-detestent.jpg","datePublished":"2026-01-02T23:18:17+00:00","dateModified":"2026-01-02T23:18:17+00:00","breadcrumb":{"@id":"https:\/\/vieassociative.be\/actualites\/punkt-propose-un-nouveau-smartphone-pour-les-personnes-qui-detestent-les-smartphones\/#breadcrumb"},"inLanguage":"fr-BE","potentialAction":[{"@type":"ReadAction","target":["https:\/\/vieassociative.be\/actualites\/punkt-propose-un-nouveau-smartphone-pour-les-personnes-qui-detestent-les-smartphones\/"]}]},{"@type":"ImageObject","inLanguage":"fr-BE","@id":"https:\/\/vieassociative.be\/actualites\/punkt-propose-un-nouveau-smartphone-pour-les-personnes-qui-detestent-les-smartphones\/#primaryimage","url":"https:\/\/vieassociative.be\/actualites\/wp-content\/uploads\/2026\/01\/Punkt-propose-un-nouveau-smartphone-pour-les-personnes-qui-detestent.jpg","contentUrl":"https:\/\/vieassociative.be\/actualites\/wp-content\/uploads\/2026\/01\/Punkt-propose-un-nouveau-smartphone-pour-les-personnes-qui-detestent.jpg","width":1200,"height":675,"caption":"Punkt propose un nouveau smartphone pour les personnes qui d\u00e9testent les smartphones"},{"@type":"BreadcrumbList","@id":"https:\/\/vieassociative.be\/actualites\/punkt-propose-un-nouveau-smartphone-pour-les-personnes-qui-detestent-les-smartphones\/#breadcrumb","itemListElement":[{"@type":"ListItem","position":1,"name":"Accueil","item":"https:\/\/vieassociative.be\/actualites\/"},{"@type":"ListItem","position":2,"name":"Punkt propose un nouveau smartphone pour les personnes qui d\u00e9testent les smartphones"}]},{"@type":"WebSite","@id":"https:\/\/vieassociative.be\/actualites\/#website","url":"https:\/\/vieassociative.be\/actualites\/","name":"Vie Associative","description":"","publisher":{"@id":"https:\/\/vieassociative.be\/actualites\/#organization"},"potentialAction":[{"@type":"SearchAction","target":{"@type":"EntryPoint","urlTemplate":"https:\/\/vieassociative.be\/actualites\/?s={search_term_string}"},"query-input":{"@type":"PropertyValueSpecification","valueRequired":true,"valueName":"search_term_string"}}],"inLanguage":"fr-BE"},{"@type":"Organization","@id":"https:\/\/vieassociative.be\/actualites\/#organization","name":"Vie Associative","url":"https:\/\/vieassociative.be\/actualites\/","logo":{"@type":"ImageObject","inLanguage":"fr-BE","@id":"https:\/\/vieassociative.be\/actualites\/#\/schema\/logo\/image\/","url":"https:\/\/vieassociative.be\/actualites\/wp-content\/uploads\/2024\/09\/cropped-vieassociative_favicon.ico.png","contentUrl":"https:\/\/vieassociative.be\/actualites\/wp-content\/uploads\/2024\/09\/cropped-vieassociative_favicon.ico.png","width":512,"height":512,"caption":"Vie Associative"},"image":{"@id":"https:\/\/vieassociative.be\/actualites\/#\/schema\/logo\/image\/"}},{"@type":"Person","@id":"https:\/\/vieassociative.be\/actualites\/#\/schema\/person\/b87ac4f82f9d4e7b7cec7395b679edc4","name":"Julien","image":{"@type":"ImageObject","inLanguage":"fr-BE","@id":"https:\/\/vieassociative.be\/actualites\/#\/schema\/person\/image\/","url":"https:\/\/vieassociative.be\/actualites\/wp-content\/uploads\/2024\/09\/vie-associative-1-150x150.jpg","contentUrl":"https:\/\/vieassociative.be\/actualites\/wp-content\/uploads\/2024\/09\/vie-associative-1-150x150.jpg","caption":"Julien"},"description":"Je suis Julien, r\u00e9dacteur pour Vie Associative. Passionn\u00e9 par le monde associatif depuis plus de 10 ans, j'ai \u00e0 c\u0153ur de partager des histoires inspirantes et de mettre en lumi\u00e8re les initiatives locales. Mon objectif est de sensibiliser et d'encourager l'engagement communautaire \u00e0 travers mes articles.","sameAs":["https:\/\/vieassociative.be\/"]}]}},"_links":{"self":[{"href":"https:\/\/vieassociative.be\/actualites\/wp-json\/wp\/v2\/posts\/12077"}],"collection":[{"href":"https:\/\/vieassociative.be\/actualites\/wp-json\/wp\/v2\/posts"}],"about":[{"href":"https:\/\/vieassociative.be\/actualites\/wp-json\/wp\/v2\/types\/post"}],"author":[{"embeddable":true,"href":"https:\/\/vieassociative.be\/actualites\/wp-json\/wp\/v2\/users\/1"}],"replies":[{"embeddable":true,"href":"https:\/\/vieassociative.be\/actualites\/wp-json\/wp\/v2\/comments?post=12077"}],"version-history":[{"count":0,"href":"https:\/\/vieassociative.be\/actualites\/wp-json\/wp\/v2\/posts\/12077\/revisions"}],"wp:featuredmedia":[{"embeddable":true,"href":"https:\/\/vieassociative.be\/actualites\/wp-json\/wp\/v2\/media\/12078"}],"wp:attachment":[{"href":"https:\/\/vieassociative.be\/actualites\/wp-json\/wp\/v2\/media?parent=12077"}],"wp:term":[{"taxonomy":"category","embeddable":true,"href":"https:\/\/vieassociative.be\/actualites\/wp-json\/wp\/v2\/categories?post=12077"},{"taxonomy":"post_tag","embeddable":true,"href":"https:\/\/vieassociative.be\/actualites\/wp-json\/wp\/v2\/tags?post=12077"}],"curies":[{"name":"wp","href":"https:\/\/api.w.org\/{rel}","templated":true}]}}