{"id":1205,"date":"2024-10-14T06:19:49","date_gmt":"2024-10-14T04:19:49","guid":{"rendered":"https:\/\/vieassociative.be\/actualites\/vous-devez-mettre-a-jour-firefox-des-que-possible\/"},"modified":"2024-10-14T06:19:49","modified_gmt":"2024-10-14T04:19:49","slug":"vous-devez-mettre-a-jour-firefox-des-que-possible","status":"publish","type":"post","link":"https:\/\/vieassociative.be\/actualites\/vous-devez-mettre-a-jour-firefox-des-que-possible\/","title":{"rendered":"Vous devez mettre \u00e0 jour Firefox d\u00e8s que possible"},"content":{"rendered":"<div class=\"mt-4 leading-6 md:mb-8\">Une nouvelle faille de s\u00e9curit\u00e9 Zero Day pr\u00e9sente un exploit actif.<\/div>\n<p><\/p>\n<p>Les failles de s\u00e9curit\u00e9 sont malheureusement in\u00e9vitables, quel que soit le programme que vous utilisez. Un logiciel n\u2019est jamais parfait et il y aura toujours une faille impr\u00e9vue qui pourrait permettre \u00e0 de mauvais acteurs d\u2019exploiter une application et ses utilisateurs. La cl\u00e9 est de trouver ces d\u00e9fauts <em>avant<\/em> les mauvais acteurs le font, et corrigez-les avant que quiconque ait la chance de d\u00e9couvrir comment les exploiter.<\/p>\n<p>Malheureusement, il est trop tard pour cela en ce qui concerne la derni\u00e8re vuln\u00e9rabilit\u00e9 de s\u00e9curit\u00e9 de Firefox. Mozilla, le d\u00e9veloppeur de Firefox, a annonc\u00e9 mercredi dans un avis de s\u00e9curit\u00e9 avoir corrig\u00e9 une faille \u00ab critique \u00bb du navigateur. La soci\u00e9t\u00e9 affirme que le probl\u00e8me, CVE-2024-9680, est une faille \u00ab d&rsquo;utilisation apr\u00e8s lib\u00e9ration \u00bb affectant les d\u00e9lais d&rsquo;animation. Les failles d&rsquo;utilisation apr\u00e8s lib\u00e9ration se produisent lorsqu&rsquo;un syst\u00e8me lib\u00e8re de la m\u00e9moire, mais qu&rsquo;un programme continue quand m\u00eame d&rsquo;y acc\u00e9der. Bien que cela puisse entra\u00eener des probl\u00e8mes logiciels g\u00e9n\u00e9raux, cela ouvre \u00e9galement la porte \u00e0 de mauvais acteurs. Dans ce cas, Mozilla confirme que la faille permet \u00e0 un attaquant de \u00ab r\u00e9aliser l\u2019ex\u00e9cution de code \u00bb ou d\u2019ex\u00e9cuter son propre code malveillant via l\u2019exploit.<\/p>\n<p>Ce qui fait de cette faille particuli\u00e8re un probl\u00e8me critique, c&rsquo;est qu&rsquo;il s&rsquo;agit d&rsquo;un jour z\u00e9ro avec un exploit actif. Un zero-day est une faille d\u00e9couverte avant que le d\u00e9veloppeur (Mozilla) ait la possibilit\u00e9 de la corriger. Bien que tous les Zero Day ne soient pas activement exploit\u00e9s, celui-ci l&rsquo;a \u00e9t\u00e9 : Mozilla affirme avoir des rapports faisant \u00e9tat d&rsquo;une exploitation active dans la nature, m\u00eame si l&rsquo;on ne sait pas clairement par qui ni dans quelle mesure. <\/p>\n<p>Quoi qu&rsquo;il en soit, tous les utilisateurs de Firefox doivent mettre \u00e0 jour leur navigateur d\u00e8s que possible vers cette derni\u00e8re version, 131.0.2, s&rsquo;ils ne l&rsquo;ont pas d\u00e9j\u00e0 fait. <\/p>\n<h2 id=\"how-to-update-firefox-and-patch-this-security-vulnerability\">Comment mettre \u00e0 jour Firefox et corriger cette vuln\u00e9rabilit\u00e9 de s\u00e9curit\u00e9<\/h2>\n<p>Pour mettre \u00e0 jour votre navigateur Firefox, ouvrez l&rsquo;application sur votre ordinateur, puis acc\u00e9dez \u00e0 Param\u00e8tres. Sous <strong>G\u00e9n\u00e9ral<\/strong>faites d\u00e9filer jusqu&rsquo;\u00e0 <strong>Mises \u00e0 jour de Firefox<\/strong> (ou recherchez \u00ab\u00a0Mises \u00e0 jour Firefox\u00a0\u00bb en haut de la page), puis cliquez sur <strong>V\u00e9rifier les mises \u00e0 jour<\/strong>. S&rsquo;il en existe un, suivez les instructions \u00e0 l&rsquo;\u00e9cran pour installer le correctif. <\/p>\n","protected":false},"excerpt":{"rendered":"<p>Une nouvelle faille de s\u00e9curit\u00e9 Zero Day pr\u00e9sente un exploit actif. Les failles de s\u00e9curit\u00e9 sont malheureusement in\u00e9vitables, quel que soit le programme que vous<\/p>\n","protected":false},"author":1,"featured_media":1206,"comment_status":"","ping_status":"","sticky":false,"template":"","format":"standard","meta":{"footnotes":""},"categories":[13],"tags":[29,1086,1788,53,1182,4],"class_list":["post-1205","post","type-post","status-publish","format-standard","has-post-thumbnail","hentry","category-technologie","tag-des","tag-devez","tag-firefox","tag-jour","tag-mettre","tag-vous","generate-columns","tablet-grid-50","mobile-grid-100","grid-parent","grid-33"],"yoast_head":"<!-- This site is optimized with the Yoast SEO plugin v24.0 - https:\/\/yoast.com\/wordpress\/plugins\/seo\/ -->\n<title>Vous devez mettre \u00e0 jour Firefox d\u00e8s que possible | Vie Associative<\/title>\n<meta name=\"robots\" content=\"index, follow, max-snippet:-1, max-image-preview:large, max-video-preview:-1\" \/>\n<link rel=\"canonical\" href=\"https:\/\/vieassociative.be\/actualites\/vous-devez-mettre-a-jour-firefox-des-que-possible\/\" \/>\n<meta property=\"og:locale\" content=\"fr_FR\" \/>\n<meta property=\"og:type\" content=\"article\" \/>\n<meta property=\"og:title\" content=\"Vous devez mettre \u00e0 jour Firefox d\u00e8s que possible | Vie Associative\" \/>\n<meta property=\"og:description\" content=\"Une nouvelle faille de s\u00e9curit\u00e9 Zero Day pr\u00e9sente un exploit actif. Les failles de s\u00e9curit\u00e9 sont malheureusement in\u00e9vitables, quel que soit le programme que vous\" \/>\n<meta property=\"og:url\" content=\"https:\/\/vieassociative.be\/actualites\/vous-devez-mettre-a-jour-firefox-des-que-possible\/\" \/>\n<meta property=\"og:site_name\" content=\"Vie Associative\" \/>\n<meta property=\"article:published_time\" content=\"2024-10-14T04:19:49+00:00\" \/>\n<meta property=\"og:image\" content=\"https:\/\/vieassociative.be\/actualites\/wp-content\/uploads\/2024\/09\/header_backgroundk-01-e1726694325946.png\" \/>\n\t<meta property=\"og:image:width\" content=\"279\" \/>\n\t<meta property=\"og:image:height\" content=\"92\" \/>\n\t<meta property=\"og:image:type\" content=\"image\/png\" \/>\n<meta name=\"author\" content=\"Julien\" \/>\n<meta name=\"twitter:card\" content=\"summary_large_image\" \/>\n<meta name=\"twitter:label1\" content=\"\u00c9crit par\" \/>\n\t<meta name=\"twitter:data1\" content=\"Julien\" \/>\n\t<meta name=\"twitter:label2\" content=\"Dur\u00e9e de lecture est.\" \/>\n\t<meta name=\"twitter:data2\" content=\"2 minutes\" \/>\n<script type=\"application\/ld+json\" class=\"yoast-schema-graph\">{\"@context\":\"https:\/\/schema.org\",\"@graph\":[{\"@type\":\"Article\",\"@id\":\"https:\/\/vieassociative.be\/actualites\/vous-devez-mettre-a-jour-firefox-des-que-possible\/#article\",\"isPartOf\":{\"@id\":\"https:\/\/vieassociative.be\/actualites\/vous-devez-mettre-a-jour-firefox-des-que-possible\/\"},\"author\":{\"name\":\"Julien\",\"@id\":\"https:\/\/vieassociative.be\/actualites\/#\/schema\/person\/b87ac4f82f9d4e7b7cec7395b679edc4\"},\"headline\":\"Vous devez mettre \u00e0 jour Firefox d\u00e8s que possible\",\"datePublished\":\"2024-10-14T04:19:49+00:00\",\"dateModified\":\"2024-10-14T04:19:49+00:00\",\"mainEntityOfPage\":{\"@id\":\"https:\/\/vieassociative.be\/actualites\/vous-devez-mettre-a-jour-firefox-des-que-possible\/\"},\"wordCount\":442,\"publisher\":{\"@id\":\"https:\/\/vieassociative.be\/actualites\/#organization\"},\"image\":{\"@id\":\"https:\/\/vieassociative.be\/actualites\/vous-devez-mettre-a-jour-firefox-des-que-possible\/#primaryimage\"},\"thumbnailUrl\":\"https:\/\/vieassociative.be\/actualites\/wp-content\/uploads\/2024\/10\/Vous-devez-mettre-a-jour-Firefox-des-que-possible.jpg\",\"keywords\":[\"Des\",\"devez\",\"Firefox\",\"jour\",\"mettre\",\"Vous\"],\"articleSection\":[\"Technologie\"],\"inLanguage\":\"fr-BE\"},{\"@type\":\"WebPage\",\"@id\":\"https:\/\/vieassociative.be\/actualites\/vous-devez-mettre-a-jour-firefox-des-que-possible\/\",\"url\":\"https:\/\/vieassociative.be\/actualites\/vous-devez-mettre-a-jour-firefox-des-que-possible\/\",\"name\":\"Vous devez mettre \u00e0 jour Firefox d\u00e8s que possible | Vie Associative\",\"isPartOf\":{\"@id\":\"https:\/\/vieassociative.be\/actualites\/#website\"},\"primaryImageOfPage\":{\"@id\":\"https:\/\/vieassociative.be\/actualites\/vous-devez-mettre-a-jour-firefox-des-que-possible\/#primaryimage\"},\"image\":{\"@id\":\"https:\/\/vieassociative.be\/actualites\/vous-devez-mettre-a-jour-firefox-des-que-possible\/#primaryimage\"},\"thumbnailUrl\":\"https:\/\/vieassociative.be\/actualites\/wp-content\/uploads\/2024\/10\/Vous-devez-mettre-a-jour-Firefox-des-que-possible.jpg\",\"datePublished\":\"2024-10-14T04:19:49+00:00\",\"dateModified\":\"2024-10-14T04:19:49+00:00\",\"breadcrumb\":{\"@id\":\"https:\/\/vieassociative.be\/actualites\/vous-devez-mettre-a-jour-firefox-des-que-possible\/#breadcrumb\"},\"inLanguage\":\"fr-BE\",\"potentialAction\":[{\"@type\":\"ReadAction\",\"target\":[\"https:\/\/vieassociative.be\/actualites\/vous-devez-mettre-a-jour-firefox-des-que-possible\/\"]}]},{\"@type\":\"ImageObject\",\"inLanguage\":\"fr-BE\",\"@id\":\"https:\/\/vieassociative.be\/actualites\/vous-devez-mettre-a-jour-firefox-des-que-possible\/#primaryimage\",\"url\":\"https:\/\/vieassociative.be\/actualites\/wp-content\/uploads\/2024\/10\/Vous-devez-mettre-a-jour-Firefox-des-que-possible.jpg\",\"contentUrl\":\"https:\/\/vieassociative.be\/actualites\/wp-content\/uploads\/2024\/10\/Vous-devez-mettre-a-jour-Firefox-des-que-possible.jpg\",\"width\":1200,\"height\":675,\"caption\":\"Vous devez mettre \u00e0 jour Firefox d\u00e8s que possible\"},{\"@type\":\"BreadcrumbList\",\"@id\":\"https:\/\/vieassociative.be\/actualites\/vous-devez-mettre-a-jour-firefox-des-que-possible\/#breadcrumb\",\"itemListElement\":[{\"@type\":\"ListItem\",\"position\":1,\"name\":\"Accueil\",\"item\":\"https:\/\/vieassociative.be\/actualites\/\"},{\"@type\":\"ListItem\",\"position\":2,\"name\":\"Vous devez mettre \u00e0 jour Firefox d\u00e8s que possible\"}]},{\"@type\":\"WebSite\",\"@id\":\"https:\/\/vieassociative.be\/actualites\/#website\",\"url\":\"https:\/\/vieassociative.be\/actualites\/\",\"name\":\"Vie Associative\",\"description\":\"\",\"publisher\":{\"@id\":\"https:\/\/vieassociative.be\/actualites\/#organization\"},\"potentialAction\":[{\"@type\":\"SearchAction\",\"target\":{\"@type\":\"EntryPoint\",\"urlTemplate\":\"https:\/\/vieassociative.be\/actualites\/?s={search_term_string}\"},\"query-input\":{\"@type\":\"PropertyValueSpecification\",\"valueRequired\":true,\"valueName\":\"search_term_string\"}}],\"inLanguage\":\"fr-BE\"},{\"@type\":\"Organization\",\"@id\":\"https:\/\/vieassociative.be\/actualites\/#organization\",\"name\":\"Vie Associative\",\"url\":\"https:\/\/vieassociative.be\/actualites\/\",\"logo\":{\"@type\":\"ImageObject\",\"inLanguage\":\"fr-BE\",\"@id\":\"https:\/\/vieassociative.be\/actualites\/#\/schema\/logo\/image\/\",\"url\":\"https:\/\/vieassociative.be\/actualites\/wp-content\/uploads\/2024\/09\/cropped-vieassociative_favicon.ico.png\",\"contentUrl\":\"https:\/\/vieassociative.be\/actualites\/wp-content\/uploads\/2024\/09\/cropped-vieassociative_favicon.ico.png\",\"width\":512,\"height\":512,\"caption\":\"Vie Associative\"},\"image\":{\"@id\":\"https:\/\/vieassociative.be\/actualites\/#\/schema\/logo\/image\/\"}},{\"@type\":\"Person\",\"@id\":\"https:\/\/vieassociative.be\/actualites\/#\/schema\/person\/b87ac4f82f9d4e7b7cec7395b679edc4\",\"name\":\"Julien\",\"image\":{\"@type\":\"ImageObject\",\"inLanguage\":\"fr-BE\",\"@id\":\"https:\/\/vieassociative.be\/actualites\/#\/schema\/person\/image\/\",\"url\":\"https:\/\/vieassociative.be\/actualites\/wp-content\/uploads\/2024\/09\/vie-associative-1-150x150.jpg\",\"contentUrl\":\"https:\/\/vieassociative.be\/actualites\/wp-content\/uploads\/2024\/09\/vie-associative-1-150x150.jpg\",\"caption\":\"Julien\"},\"description\":\"Je suis Julien, r\u00e9dacteur pour Vie Associative. Passionn\u00e9 par le monde associatif depuis plus de 10 ans, j'ai \u00e0 c\u0153ur de partager des histoires inspirantes et de mettre en lumi\u00e8re les initiatives locales. Mon objectif est de sensibiliser et d'encourager l'engagement communautaire \u00e0 travers mes articles.\",\"sameAs\":[\"https:\/\/vieassociative.be\/\"]}]}<\/script>\n<!-- \/ Yoast SEO plugin. -->","yoast_head_json":{"title":"Vous devez mettre \u00e0 jour Firefox d\u00e8s que possible | Vie Associative","robots":{"index":"index","follow":"follow","max-snippet":"max-snippet:-1","max-image-preview":"max-image-preview:large","max-video-preview":"max-video-preview:-1"},"canonical":"https:\/\/vieassociative.be\/actualites\/vous-devez-mettre-a-jour-firefox-des-que-possible\/","og_locale":"fr_FR","og_type":"article","og_title":"Vous devez mettre \u00e0 jour Firefox d\u00e8s que possible | Vie Associative","og_description":"Une nouvelle faille de s\u00e9curit\u00e9 Zero Day pr\u00e9sente un exploit actif. Les failles de s\u00e9curit\u00e9 sont malheureusement in\u00e9vitables, quel que soit le programme que vous","og_url":"https:\/\/vieassociative.be\/actualites\/vous-devez-mettre-a-jour-firefox-des-que-possible\/","og_site_name":"Vie Associative","article_published_time":"2024-10-14T04:19:49+00:00","og_image":[{"width":279,"height":92,"url":"https:\/\/vieassociative.be\/actualites\/wp-content\/uploads\/2024\/09\/header_backgroundk-01-e1726694325946.png","type":"image\/png"}],"author":"Julien","twitter_card":"summary_large_image","twitter_misc":{"\u00c9crit par":"Julien","Dur\u00e9e de lecture est.":"2 minutes"},"schema":{"@context":"https:\/\/schema.org","@graph":[{"@type":"Article","@id":"https:\/\/vieassociative.be\/actualites\/vous-devez-mettre-a-jour-firefox-des-que-possible\/#article","isPartOf":{"@id":"https:\/\/vieassociative.be\/actualites\/vous-devez-mettre-a-jour-firefox-des-que-possible\/"},"author":{"name":"Julien","@id":"https:\/\/vieassociative.be\/actualites\/#\/schema\/person\/b87ac4f82f9d4e7b7cec7395b679edc4"},"headline":"Vous devez mettre \u00e0 jour Firefox d\u00e8s que possible","datePublished":"2024-10-14T04:19:49+00:00","dateModified":"2024-10-14T04:19:49+00:00","mainEntityOfPage":{"@id":"https:\/\/vieassociative.be\/actualites\/vous-devez-mettre-a-jour-firefox-des-que-possible\/"},"wordCount":442,"publisher":{"@id":"https:\/\/vieassociative.be\/actualites\/#organization"},"image":{"@id":"https:\/\/vieassociative.be\/actualites\/vous-devez-mettre-a-jour-firefox-des-que-possible\/#primaryimage"},"thumbnailUrl":"https:\/\/vieassociative.be\/actualites\/wp-content\/uploads\/2024\/10\/Vous-devez-mettre-a-jour-Firefox-des-que-possible.jpg","keywords":["Des","devez","Firefox","jour","mettre","Vous"],"articleSection":["Technologie"],"inLanguage":"fr-BE"},{"@type":"WebPage","@id":"https:\/\/vieassociative.be\/actualites\/vous-devez-mettre-a-jour-firefox-des-que-possible\/","url":"https:\/\/vieassociative.be\/actualites\/vous-devez-mettre-a-jour-firefox-des-que-possible\/","name":"Vous devez mettre \u00e0 jour Firefox d\u00e8s que possible | Vie Associative","isPartOf":{"@id":"https:\/\/vieassociative.be\/actualites\/#website"},"primaryImageOfPage":{"@id":"https:\/\/vieassociative.be\/actualites\/vous-devez-mettre-a-jour-firefox-des-que-possible\/#primaryimage"},"image":{"@id":"https:\/\/vieassociative.be\/actualites\/vous-devez-mettre-a-jour-firefox-des-que-possible\/#primaryimage"},"thumbnailUrl":"https:\/\/vieassociative.be\/actualites\/wp-content\/uploads\/2024\/10\/Vous-devez-mettre-a-jour-Firefox-des-que-possible.jpg","datePublished":"2024-10-14T04:19:49+00:00","dateModified":"2024-10-14T04:19:49+00:00","breadcrumb":{"@id":"https:\/\/vieassociative.be\/actualites\/vous-devez-mettre-a-jour-firefox-des-que-possible\/#breadcrumb"},"inLanguage":"fr-BE","potentialAction":[{"@type":"ReadAction","target":["https:\/\/vieassociative.be\/actualites\/vous-devez-mettre-a-jour-firefox-des-que-possible\/"]}]},{"@type":"ImageObject","inLanguage":"fr-BE","@id":"https:\/\/vieassociative.be\/actualites\/vous-devez-mettre-a-jour-firefox-des-que-possible\/#primaryimage","url":"https:\/\/vieassociative.be\/actualites\/wp-content\/uploads\/2024\/10\/Vous-devez-mettre-a-jour-Firefox-des-que-possible.jpg","contentUrl":"https:\/\/vieassociative.be\/actualites\/wp-content\/uploads\/2024\/10\/Vous-devez-mettre-a-jour-Firefox-des-que-possible.jpg","width":1200,"height":675,"caption":"Vous devez mettre \u00e0 jour Firefox d\u00e8s que possible"},{"@type":"BreadcrumbList","@id":"https:\/\/vieassociative.be\/actualites\/vous-devez-mettre-a-jour-firefox-des-que-possible\/#breadcrumb","itemListElement":[{"@type":"ListItem","position":1,"name":"Accueil","item":"https:\/\/vieassociative.be\/actualites\/"},{"@type":"ListItem","position":2,"name":"Vous devez mettre \u00e0 jour Firefox d\u00e8s que possible"}]},{"@type":"WebSite","@id":"https:\/\/vieassociative.be\/actualites\/#website","url":"https:\/\/vieassociative.be\/actualites\/","name":"Vie Associative","description":"","publisher":{"@id":"https:\/\/vieassociative.be\/actualites\/#organization"},"potentialAction":[{"@type":"SearchAction","target":{"@type":"EntryPoint","urlTemplate":"https:\/\/vieassociative.be\/actualites\/?s={search_term_string}"},"query-input":{"@type":"PropertyValueSpecification","valueRequired":true,"valueName":"search_term_string"}}],"inLanguage":"fr-BE"},{"@type":"Organization","@id":"https:\/\/vieassociative.be\/actualites\/#organization","name":"Vie Associative","url":"https:\/\/vieassociative.be\/actualites\/","logo":{"@type":"ImageObject","inLanguage":"fr-BE","@id":"https:\/\/vieassociative.be\/actualites\/#\/schema\/logo\/image\/","url":"https:\/\/vieassociative.be\/actualites\/wp-content\/uploads\/2024\/09\/cropped-vieassociative_favicon.ico.png","contentUrl":"https:\/\/vieassociative.be\/actualites\/wp-content\/uploads\/2024\/09\/cropped-vieassociative_favicon.ico.png","width":512,"height":512,"caption":"Vie Associative"},"image":{"@id":"https:\/\/vieassociative.be\/actualites\/#\/schema\/logo\/image\/"}},{"@type":"Person","@id":"https:\/\/vieassociative.be\/actualites\/#\/schema\/person\/b87ac4f82f9d4e7b7cec7395b679edc4","name":"Julien","image":{"@type":"ImageObject","inLanguage":"fr-BE","@id":"https:\/\/vieassociative.be\/actualites\/#\/schema\/person\/image\/","url":"https:\/\/vieassociative.be\/actualites\/wp-content\/uploads\/2024\/09\/vie-associative-1-150x150.jpg","contentUrl":"https:\/\/vieassociative.be\/actualites\/wp-content\/uploads\/2024\/09\/vie-associative-1-150x150.jpg","caption":"Julien"},"description":"Je suis Julien, r\u00e9dacteur pour Vie Associative. Passionn\u00e9 par le monde associatif depuis plus de 10 ans, j'ai \u00e0 c\u0153ur de partager des histoires inspirantes et de mettre en lumi\u00e8re les initiatives locales. Mon objectif est de sensibiliser et d'encourager l'engagement communautaire \u00e0 travers mes articles.","sameAs":["https:\/\/vieassociative.be\/"]}]}},"_links":{"self":[{"href":"https:\/\/vieassociative.be\/actualites\/wp-json\/wp\/v2\/posts\/1205"}],"collection":[{"href":"https:\/\/vieassociative.be\/actualites\/wp-json\/wp\/v2\/posts"}],"about":[{"href":"https:\/\/vieassociative.be\/actualites\/wp-json\/wp\/v2\/types\/post"}],"author":[{"embeddable":true,"href":"https:\/\/vieassociative.be\/actualites\/wp-json\/wp\/v2\/users\/1"}],"replies":[{"embeddable":true,"href":"https:\/\/vieassociative.be\/actualites\/wp-json\/wp\/v2\/comments?post=1205"}],"version-history":[{"count":0,"href":"https:\/\/vieassociative.be\/actualites\/wp-json\/wp\/v2\/posts\/1205\/revisions"}],"wp:featuredmedia":[{"embeddable":true,"href":"https:\/\/vieassociative.be\/actualites\/wp-json\/wp\/v2\/media\/1206"}],"wp:attachment":[{"href":"https:\/\/vieassociative.be\/actualites\/wp-json\/wp\/v2\/media?parent=1205"}],"wp:term":[{"taxonomy":"category","embeddable":true,"href":"https:\/\/vieassociative.be\/actualites\/wp-json\/wp\/v2\/categories?post=1205"},{"taxonomy":"post_tag","embeddable":true,"href":"https:\/\/vieassociative.be\/actualites\/wp-json\/wp\/v2\/tags?post=1205"}],"curies":[{"name":"wp","href":"https:\/\/api.w.org\/{rel}","templated":true}]}}