{"id":12040,"date":"2025-12-30T19:17:28","date_gmt":"2025-12-30T18:17:28","guid":{"rendered":"https:\/\/vieassociative.be\/actualites\/la-fierte-de-donald-trump-precede-t-elle-sa-chute-le-president-americain-a-faconne-lannee-2025-comme-aucune-autre\/"},"modified":"2025-12-30T19:17:28","modified_gmt":"2025-12-30T18:17:28","slug":"la-fierte-de-donald-trump-precede-t-elle-sa-chute-le-president-americain-a-faconne-lannee-2025-comme-aucune-autre","status":"publish","type":"post","link":"https:\/\/vieassociative.be\/actualites\/la-fierte-de-donald-trump-precede-t-elle-sa-chute-le-president-americain-a-faconne-lannee-2025-comme-aucune-autre\/","title":{"rendered":"La fiert\u00e9 de Donald Trump pr\u00e9c\u00e8de-t-elle sa chute ? \u2013 Le pr\u00e9sident am\u00e9ricain a fa\u00e7onn\u00e9 l\u2019ann\u00e9e 2025 comme aucune autre"},"content":{"rendered":"<p><strong>L\u2019ann\u00e9e 2025 a \u00e9t\u00e9 plac\u00e9e sous le signe de Donald Trump. Le pr\u00e9sident am\u00e9ricain \u00e9tait pr\u00e9sent partout, mais il snobe d\u00e9sormais de plus en plus de personnes dans le pays et \u00e0 l&rsquo;\u00e9tranger. Trump est tomb\u00e9 en disgr\u00e2ce principalement \u00e0 cause de ses relations chaleureuses avec le dirigeant russe Vladimir Poutine. Comment \u00e9valuer l\u2019ann\u00e9e Trump 2025 ?<\/strong><\/p>\n<p><span id=\"more-432912\"><\/span>Presque aucun autre chef d\u2019\u00c9tat ou de gouvernement n\u2019a eu une influence aussi durable sur le d\u00e9bat international que le pr\u00e9sident am\u00e9ricain, de nouveau au pouvoir. Sa pr\u00e9sence \u00e9tait omnipr\u00e9sente \u2013 dans les m\u00e9dias, sur la sc\u00e8ne diplomatique et dans les conflits politiques nationaux. Dans le m\u00eame temps, le nombre de ceux qui \u00e9taient rebut\u00e9s par son style politique et ses d\u00e9cisions de fond a augment\u00e9 au cours de l\u2019ann\u00e9e, tant aux \u00c9tats-Unis que parmi ses alli\u00e9s traditionnels \u00e0 l\u2019\u00e9tranger.<\/p>\n<p>En termes de politique int\u00e9rieure, Trump a mis\u00e9 en 2025 sur la confrontation et la polarisation. Il s\u2019est pr\u00e9sent\u00e9 comme un homme d\u2019action d\u00e9termin\u00e9 qui remettait en question les institutions existantes et attaquait ouvertement ses opposants politiques. Il mena\u00e7ait toujours un autre pays.<\/p>\n<\/p>\n<div id=\"attachment_422438\" class=\"wp-caption alignleft\" style=\"max-width: 240px\"><img fetchpriority=\"high\" decoding=\"async\" class=\"wp-image-422438 size-medium\" src=\"https:\/\/vieassociative.be\/actualites\/wp-content\/uploads\/2025\/12\/La-fierte-de-Donald-Trump-precede-t-elle-sa-chute-\u2013.jpg\" alt=\"\" width=\"240\" height=\"300\"><\/div>\n<p>Pour ses partisans, il incarnait la coh\u00e9rence et la force, mais pour ses critiques, il repr\u00e9sentait une nouvelle \u00e9rosion des normes politiques et une exacerbation d\u00e9lib\u00e9r\u00e9e des divisions sociales. Des manifestations, des litiges juridiques et un climat politique constamment tendu ont accompagn\u00e9 l&rsquo;ann\u00e9e.<\/p>\n<p>En mati\u00e8re de politique \u00e9trang\u00e8re, c&rsquo;est surtout l&rsquo;attitude de Trump \u00e0 l&rsquo;\u00e9gard de la Russie qui a suscit\u00e9 l&rsquo;irritation. Son approche relativement indulgente et orient\u00e9e vers le dialogue envers Vladimir Poutine a \u00e9t\u00e9 per\u00e7ue par de nombreux observateurs comme un \u00ab cours de c\u00e2lins \u00bb. Alors que Trump a pr\u00e9sent\u00e9 cette approche comme une tentative pragmatique visant \u00e0 r\u00e9duire les tensions mondiales et \u00e0 r\u00e9aligner les int\u00e9r\u00eats strat\u00e9giques am\u00e9ricains, de nombreux partenaires europ\u00e9ens et une partie de l\u2019opinion publique am\u00e9ricaine l\u2019ont per\u00e7ue comme une rupture dangereuse par rapport aux alliances et aux valeurs pr\u00e9c\u00e9dentes. La confiance dans la fiabilit\u00e9 des \u00c9tats-Unis en tant que puissance dominante en a sensiblement souffert.<\/p>\n<p>Dans le bilan, l\u2019ann\u00e9e Trump 2025 appara\u00eet comme une ann\u00e9e d\u2019escalade : un pr\u00e9sident qui a suscit\u00e9 une attention maximale mais qui a en m\u00eame temps provoqu\u00e9 un rejet croissant. Les politiques de Trump ont exacerb\u00e9 les fissures existantes dans l\u2019ordre international et approfondi les divisions politiques int\u00e9rieures. On ne savait pas encore \u00e0 la fin de l\u2019ann\u00e9e si son parcours restera dans les m\u00e9moires \u00e0 long terme comme un r\u00e9alignement strat\u00e9gique ou comme une phase de d\u00e9stabilisation. Ce qui est s\u00fbr, cependant, c\u2019est que 2025 sera sans aucun doute consid\u00e9r\u00e9e comme une ann\u00e9e au cours de laquelle Donald Trump a domin\u00e9 l\u2019agenda politique comme aucune autre.<\/p>\n<p>La fiert\u00e9 de Trump pr\u00e9c\u00e8de-t-elle sa chute ? C\u2019est difficile \u00e0 pr\u00e9voir, mais les conditions d\u2019un tournant politique se seront consid\u00e9rablement accrues en 2025. <\/p>\n<\/p>\n<div id=\"attachment_413008\" class=\"wp-caption alignleft\" style=\"max-width: 300px\"><img decoding=\"async\" class=\"wp-image-413008 size-medium\" src=\"https:\/\/vieassociative.be\/actualites\/wp-content\/uploads\/2025\/12\/1767118647_168_La-fierte-de-Donald-Trump-precede-t-elle-sa-chute-\u2013.jpg\" alt=\"\" width=\"300\" height=\"200\"><\/div>\n<p>Donald Trump agit avec un haut degr\u00e9 d\u2019assurance, qui d\u00e9coule de sa position de pouvoir, de la loyaut\u00e9 de son principal \u00e9lectorat et de sa capacit\u00e9 \u00e0 dominer les d\u00e9bats publics. Or, ce sont pr\u00e9cis\u00e9ment ces facteurs qui pr\u00e9sentent des risques.<\/p>\n<p>D\u2019une part, la contre-mobilisation politique int\u00e9rieure s\u2019accro\u00eet. Plus Trump snobera les institutions, les opposants politiques et certaines parties de sa propre administration, plus la r\u00e9sistance sera grande \u2013 l\u00e9galement, au parlement et dans la rue. Ici, l\u2019arrogance peut signifier ignorer les signaux d\u2019alarme : diminution du soutien au-del\u00e0 de sa propre base, fatigue de la population et volont\u00e9 croissante des forces mod\u00e9r\u00e9es de prendre une position claire contre lui.<\/p>\n<p>D\u2019un autre c\u00f4t\u00e9, son orientation en mati\u00e8re de politique \u00e9trang\u00e8re, notamment son approche manifestement d\u00e9tendue \u00e0 l\u2019\u00e9gard des acteurs autoritaires, constitue un point faible potentiel. L\u2019approche de Trump \u00e0 l\u2019\u00e9gard de Vladimir Poutine pourrait s\u2019av\u00e9rer \u00eatre une erreur de calcul strat\u00e9gique, car elle ali\u00e8ne les alli\u00e9s ou augmente les risques pour la s\u00e9curit\u00e9. Son apparence s\u00fbre d\u2019elle est interpr\u00e9t\u00e9e comme de l\u2019arrogance. Les crises de politique \u00e9trang\u00e8re pardonnent rarement l\u2019exc\u00e8s de confiance politique.<\/p>\n<p>Dans le m\u00eame temps, l\u2019histoire montre que Trump est politiquement r\u00e9silient. Les scandales, les critiques et l\u2019isolement ne l\u2019ont jusqu\u2019\u00e0 pr\u00e9sent pas abattu, mais l\u2019ont souvent m\u00eame renforc\u00e9 parce qu\u2019il les a mis en sc\u00e8ne avec succ\u00e8s comme la preuve d\u2019une \u00ab \u00e9lite \u00bb hostile. Son arrogance s\u2019inscrit donc aussi dans une strat\u00e9gie calcul\u00e9e.<\/p>\n<\/p>\n<div id=\"attachment_427600\" class=\"wp-caption alignleft\" style=\"max-width: 300px\"><img decoding=\"async\" class=\"wp-image-427600 size-medium\" src=\"https:\/\/vieassociative.be\/actualites\/wp-content\/uploads\/2025\/10\/No-Kings-Manifestations-massives-contre-Donald-Trump.jpg\" alt=\"\" width=\"300\" height=\"225\"><\/div>\n<p>L\u2019attitude de Trump comporte sans aucun doute des \u00e9l\u00e9ments d\u2019arrogance. Les fondements de son pouvoir sont toujours stables, mais plus l\u2019assurance se confond avec le d\u00e9ni de la r\u00e9alit\u00e9, plus la chute s\u2019accro\u00eet.<\/p>\n<p>Il existe d\u00e9sormais une r\u00e9sistance notable \u00e0 l\u2019\u00e9gard de Donald Trump aux \u00c9tats-Unis, et elle va bien au-del\u00e0 des seuls milieux d\u2019opposition classiques. Alors que les principaux partisans de Trump continuent de le suivre loyalement, une protestation \u00e0 plusieurs niveaux s&rsquo;est d\u00e9velopp\u00e9e en 2025, couvrant les niveaux social, politique et institutionnel.<\/p>\n<p>Les manifestations \u00e0 l\u2019\u00e9chelle nationale, les initiatives locales et les r\u00e9seaux de la soci\u00e9t\u00e9 civile montrent clairement que de nombreux Am\u00e9ricains per\u00e7oivent de plus en plus le style de pouvoir de Trump et son orientation politique comme une menace pour les normes d\u00e9mocratiques. L\u2019accusation d\u2019une conception autoritaire du gouvernement \u2013 \u200b\u200bcondens\u00e9e dans des slogans tels que le rejet d\u2019une \u00ab monarchie pr\u00e9sidentielle \u00bb (\u00ab Pas de rois \u00bb) \u2013 est au c\u0153ur de cette d\u00e9marche.<\/p>\n<p>Dans le m\u00eame temps, la r\u00e9sistance au sein des institutions politiques elles-m\u00eames s\u2019accro\u00eet. Les tribunaux, certains \u00c9tats et certaines parties du Congr\u00e8s tentent de limiter la libert\u00e9 d&rsquo;action de Trump sur le plan juridique et parlementaire. M\u00eame au sein du Parti r\u00e9publicain, des distances discr\u00e8tes mais visibles se creusent, en particulier l\u00e0 o\u00f9 la politique de Trump est per\u00e7ue comme un risque de strat\u00e9gie \u00e9lectorale ou comme irresponsable en termes de politique \u00e9trang\u00e8re. En outre, on constate une attitude de plus en plus critique de la part des m\u00e9dias, de la science, des \u00e9glises et de certains secteurs de l\u2019\u00e9conomie, qui s\u2019exprime de mani\u00e8re moins bruyante mais continue.<\/p>\n<\/p>\n<div id=\"attachment_409522\" class=\"wp-caption alignleft\" style=\"max-width: 300px\"><img loading=\"lazy\" decoding=\"async\" class=\"wp-image-409522 size-medium\" src=\"https:\/\/vieassociative.be\/actualites\/wp-content\/uploads\/2025\/12\/1767118648_106_La-fierte-de-Donald-Trump-precede-t-elle-sa-chute-\u2013.jpg\" alt=\"\" width=\"300\" height=\"200\"><\/div>\n<p>Dans le m\u00eame temps, la r\u00e9sistance reste fragment\u00e9e. Elle n\u2019est pas organis\u00e9e de mani\u00e8re centralis\u00e9e et n\u2019est pas encore assez forte pour briser imm\u00e9diatement le pouvoir de Trump. Mais contrairement aux ann\u00e9es pr\u00e9c\u00e9dentes, elle semble plus durable, plus largement ancr\u00e9e socialement et moins limit\u00e9e \u00e0 l\u2019indignation symbolique.<\/p>\n<p>Le plus grand d\u00e9fi de Trump r\u00e9side dans cette situation complexe : non pas une contre-attaque majeure, mais l\u2019\u00e9rosion progressive de la confiance, de la l\u00e9gitimit\u00e9 et de la cr\u00e9dibilit\u00e9 internationale. La r\u00e9sistance est l\u00e0 \u2013 et elle grandit \u2013 mais il reste \u00e0 voir si elle se consolidera pour devenir une force politique susceptible de constituer une menace s\u00e9rieuse pour Trump.<\/p>\n<p>Quoi qu&rsquo;il en soit, les critiques de Trump comptent d\u00e9j\u00e0 les jours jusqu&rsquo;aux \u00e9lections de mi-mandat de novembre 2026, \u00e0 la prochaine \u00e9lection pr\u00e9sidentielle am\u00e9ricaine en novembre 2028 et \u00e0 l&rsquo;investiture du nouveau pr\u00e9sident am\u00e9ricain en janvier 2029.<\/p>\n<p>En vertu de la Constitution am\u00e9ricaine actuelle, Donald Trump ne peut pas simplement \u00ab continuer \u00e0 gouverner \u00bb ou briguer une troisi\u00e8me pr\u00e9sidence apr\u00e8s son deuxi\u00e8me mandat en 2028. Cet amendement constitutionnel a \u00e9t\u00e9 ratifi\u00e9 en 1951 et stipule clairement que nul ne peut \u00eatre \u00e9lu pr\u00e9sident plus de deux fois. Ceci s&rsquo;applique ind\u00e9pendamment du fait que les termes soient cons\u00e9cutifs ou non.<\/p>\n<p>M\u00eame si Trump a remport\u00e9 deux \u00e9lections non cons\u00e9cutives en 2016 et 2024, cela signifie qu\u2019il lui est interdit de participer \u00e0 une troisi\u00e8me \u00e9lection. \u00c0 moins que Trump ne parvienne \u00e0 contourner la r\u00e8gle des deux mandats lors de l\u2019\u00e9lection pr\u00e9sidentielle. Tu peux lui confier n&rsquo;importe quoi&#8230; (cre)<\/p>\n","protected":false},"excerpt":{"rendered":"<p>L\u2019ann\u00e9e 2025 a \u00e9t\u00e9 plac\u00e9e sous le signe de Donald Trump. Le pr\u00e9sident am\u00e9ricain \u00e9tait pr\u00e9sent partout, mais il snobe d\u00e9sormais de plus en plus<\/p>\n","protected":false},"author":1,"featured_media":6641,"comment_status":"","ping_status":"","sticky":false,"template":"","format":"standard","meta":{"footnotes":""},"categories":[298],"tags":[10,4102,3090,3739,1254,2424,9660,9198,396,9659,3075,2425],"class_list":["post-12040","post","type-post","status-publish","format-standard","has-post-thumbnail","hentry","category-belgique","tag-americain","tag-aucune","tag-autre","tag-chute","tag-comme","tag-donald","tag-faconne","tag-fierte","tag-lannee","tag-precedetelle","tag-president","tag-trump","generate-columns","tablet-grid-50","mobile-grid-100","grid-parent","grid-33"],"yoast_head":"<!-- This site is optimized with the Yoast SEO plugin v24.0 - https:\/\/yoast.com\/wordpress\/plugins\/seo\/ -->\n<title>La fiert\u00e9 de Donald Trump pr\u00e9c\u00e8de-t-elle sa chute ? \u2013 Le pr\u00e9sident am\u00e9ricain a fa\u00e7onn\u00e9 l\u2019ann\u00e9e 2025 comme aucune autre | Vie Associative<\/title>\n<meta name=\"robots\" content=\"index, follow, max-snippet:-1, max-image-preview:large, max-video-preview:-1\" \/>\n<link rel=\"canonical\" href=\"https:\/\/vieassociative.be\/actualites\/la-fierte-de-donald-trump-precede-t-elle-sa-chute-le-president-americain-a-faconne-lannee-2025-comme-aucune-autre\/\" \/>\n<meta property=\"og:locale\" content=\"fr_FR\" \/>\n<meta property=\"og:type\" content=\"article\" \/>\n<meta property=\"og:title\" content=\"La fiert\u00e9 de Donald Trump pr\u00e9c\u00e8de-t-elle sa chute ? \u2013 Le pr\u00e9sident am\u00e9ricain a fa\u00e7onn\u00e9 l\u2019ann\u00e9e 2025 comme aucune autre | Vie Associative\" \/>\n<meta property=\"og:description\" content=\"L\u2019ann\u00e9e 2025 a \u00e9t\u00e9 plac\u00e9e sous le signe de Donald Trump. Le pr\u00e9sident am\u00e9ricain \u00e9tait pr\u00e9sent partout, mais il snobe d\u00e9sormais de plus en plus\" \/>\n<meta property=\"og:url\" content=\"https:\/\/vieassociative.be\/actualites\/la-fierte-de-donald-trump-precede-t-elle-sa-chute-le-president-americain-a-faconne-lannee-2025-comme-aucune-autre\/\" \/>\n<meta property=\"og:site_name\" content=\"Vie Associative\" \/>\n<meta property=\"article:published_time\" content=\"2025-12-30T18:17:28+00:00\" \/>\n<meta property=\"og:image\" content=\"https:\/\/vieassociative.be\/actualites\/wp-content\/uploads\/2025\/10\/No-Kings-Manifestations-massives-contre-Donald-Trump.jpg\" \/>\n<meta name=\"author\" content=\"Julien\" \/>\n<meta name=\"twitter:card\" content=\"summary_large_image\" \/>\n<meta name=\"twitter:label1\" content=\"\u00c9crit par\" \/>\n\t<meta name=\"twitter:data1\" content=\"Julien\" \/>\n\t<meta name=\"twitter:label2\" content=\"Dur\u00e9e de lecture est.\" \/>\n\t<meta name=\"twitter:data2\" content=\"7 minutes\" \/>\n<script type=\"application\/ld+json\" class=\"yoast-schema-graph\">{\"@context\":\"https:\/\/schema.org\",\"@graph\":[{\"@type\":\"Article\",\"@id\":\"https:\/\/vieassociative.be\/actualites\/la-fierte-de-donald-trump-precede-t-elle-sa-chute-le-president-americain-a-faconne-lannee-2025-comme-aucune-autre\/#article\",\"isPartOf\":{\"@id\":\"https:\/\/vieassociative.be\/actualites\/la-fierte-de-donald-trump-precede-t-elle-sa-chute-le-president-americain-a-faconne-lannee-2025-comme-aucune-autre\/\"},\"author\":{\"name\":\"Julien\",\"@id\":\"https:\/\/vieassociative.be\/actualites\/#\/schema\/person\/b87ac4f82f9d4e7b7cec7395b679edc4\"},\"headline\":\"La fiert\u00e9 de Donald Trump pr\u00e9c\u00e8de-t-elle sa chute ? \u2013 Le pr\u00e9sident am\u00e9ricain a fa\u00e7onn\u00e9 l\u2019ann\u00e9e 2025 comme aucune autre\",\"datePublished\":\"2025-12-30T18:17:28+00:00\",\"dateModified\":\"2025-12-30T18:17:28+00:00\",\"mainEntityOfPage\":{\"@id\":\"https:\/\/vieassociative.be\/actualites\/la-fierte-de-donald-trump-precede-t-elle-sa-chute-le-president-americain-a-faconne-lannee-2025-comme-aucune-autre\/\"},\"wordCount\":1428,\"publisher\":{\"@id\":\"https:\/\/vieassociative.be\/actualites\/#organization\"},\"image\":{\"@id\":\"https:\/\/vieassociative.be\/actualites\/la-fierte-de-donald-trump-precede-t-elle-sa-chute-le-president-americain-a-faconne-lannee-2025-comme-aucune-autre\/#primaryimage\"},\"thumbnailUrl\":\"https:\/\/vieassociative.be\/actualites\/wp-content\/uploads\/2025\/04\/1744424245_Une-question-delicate-qui-peut-et-doit-etre-posee-aujourdhui.jpg\",\"keywords\":[\"am\u00e9ricain\",\"Aucune\",\"autre\",\"chute\",\"comme\",\"Donald\",\"fa\u00e7onn\u00e9\",\"fiert\u00e9\",\"lann\u00e9e\",\"pr\u00e9c\u00e8detelle\",\"pr\u00e9sident\",\"Trump\"],\"articleSection\":[\"Belgique\"],\"inLanguage\":\"fr-BE\"},{\"@type\":\"WebPage\",\"@id\":\"https:\/\/vieassociative.be\/actualites\/la-fierte-de-donald-trump-precede-t-elle-sa-chute-le-president-americain-a-faconne-lannee-2025-comme-aucune-autre\/\",\"url\":\"https:\/\/vieassociative.be\/actualites\/la-fierte-de-donald-trump-precede-t-elle-sa-chute-le-president-americain-a-faconne-lannee-2025-comme-aucune-autre\/\",\"name\":\"La fiert\u00e9 de Donald Trump pr\u00e9c\u00e8de-t-elle sa chute ? \u2013 Le pr\u00e9sident am\u00e9ricain a fa\u00e7onn\u00e9 l\u2019ann\u00e9e 2025 comme aucune autre | Vie Associative\",\"isPartOf\":{\"@id\":\"https:\/\/vieassociative.be\/actualites\/#website\"},\"primaryImageOfPage\":{\"@id\":\"https:\/\/vieassociative.be\/actualites\/la-fierte-de-donald-trump-precede-t-elle-sa-chute-le-president-americain-a-faconne-lannee-2025-comme-aucune-autre\/#primaryimage\"},\"image\":{\"@id\":\"https:\/\/vieassociative.be\/actualites\/la-fierte-de-donald-trump-precede-t-elle-sa-chute-le-president-americain-a-faconne-lannee-2025-comme-aucune-autre\/#primaryimage\"},\"thumbnailUrl\":\"https:\/\/vieassociative.be\/actualites\/wp-content\/uploads\/2025\/04\/1744424245_Une-question-delicate-qui-peut-et-doit-etre-posee-aujourdhui.jpg\",\"datePublished\":\"2025-12-30T18:17:28+00:00\",\"dateModified\":\"2025-12-30T18:17:28+00:00\",\"breadcrumb\":{\"@id\":\"https:\/\/vieassociative.be\/actualites\/la-fierte-de-donald-trump-precede-t-elle-sa-chute-le-president-americain-a-faconne-lannee-2025-comme-aucune-autre\/#breadcrumb\"},\"inLanguage\":\"fr-BE\",\"potentialAction\":[{\"@type\":\"ReadAction\",\"target\":[\"https:\/\/vieassociative.be\/actualites\/la-fierte-de-donald-trump-precede-t-elle-sa-chute-le-president-americain-a-faconne-lannee-2025-comme-aucune-autre\/\"]}]},{\"@type\":\"ImageObject\",\"inLanguage\":\"fr-BE\",\"@id\":\"https:\/\/vieassociative.be\/actualites\/la-fierte-de-donald-trump-precede-t-elle-sa-chute-le-president-americain-a-faconne-lannee-2025-comme-aucune-autre\/#primaryimage\",\"url\":\"https:\/\/vieassociative.be\/actualites\/wp-content\/uploads\/2025\/04\/1744424245_Une-question-delicate-qui-peut-et-doit-etre-posee-aujourdhui.jpg\",\"contentUrl\":\"https:\/\/vieassociative.be\/actualites\/wp-content\/uploads\/2025\/04\/1744424245_Une-question-delicate-qui-peut-et-doit-etre-posee-aujourdhui.jpg\",\"width\":1200,\"height\":800,\"caption\":\"Une question d\u00e9licate qui peut et doit \u00eatre pos\u00e9e aujourd'hui: le pr\u00e9sident am\u00e9ricain Donald Trump est-il fou?\"},{\"@type\":\"BreadcrumbList\",\"@id\":\"https:\/\/vieassociative.be\/actualites\/la-fierte-de-donald-trump-precede-t-elle-sa-chute-le-president-americain-a-faconne-lannee-2025-comme-aucune-autre\/#breadcrumb\",\"itemListElement\":[{\"@type\":\"ListItem\",\"position\":1,\"name\":\"Accueil\",\"item\":\"https:\/\/vieassociative.be\/actualites\/\"},{\"@type\":\"ListItem\",\"position\":2,\"name\":\"La fiert\u00e9 de Donald Trump pr\u00e9c\u00e8de-t-elle sa chute ? \u2013 Le pr\u00e9sident am\u00e9ricain a fa\u00e7onn\u00e9 l\u2019ann\u00e9e 2025 comme aucune autre\"}]},{\"@type\":\"WebSite\",\"@id\":\"https:\/\/vieassociative.be\/actualites\/#website\",\"url\":\"https:\/\/vieassociative.be\/actualites\/\",\"name\":\"Vie Associative\",\"description\":\"\",\"publisher\":{\"@id\":\"https:\/\/vieassociative.be\/actualites\/#organization\"},\"potentialAction\":[{\"@type\":\"SearchAction\",\"target\":{\"@type\":\"EntryPoint\",\"urlTemplate\":\"https:\/\/vieassociative.be\/actualites\/?s={search_term_string}\"},\"query-input\":{\"@type\":\"PropertyValueSpecification\",\"valueRequired\":true,\"valueName\":\"search_term_string\"}}],\"inLanguage\":\"fr-BE\"},{\"@type\":\"Organization\",\"@id\":\"https:\/\/vieassociative.be\/actualites\/#organization\",\"name\":\"Vie Associative\",\"url\":\"https:\/\/vieassociative.be\/actualites\/\",\"logo\":{\"@type\":\"ImageObject\",\"inLanguage\":\"fr-BE\",\"@id\":\"https:\/\/vieassociative.be\/actualites\/#\/schema\/logo\/image\/\",\"url\":\"https:\/\/vieassociative.be\/actualites\/wp-content\/uploads\/2024\/09\/cropped-vieassociative_favicon.ico.png\",\"contentUrl\":\"https:\/\/vieassociative.be\/actualites\/wp-content\/uploads\/2024\/09\/cropped-vieassociative_favicon.ico.png\",\"width\":512,\"height\":512,\"caption\":\"Vie Associative\"},\"image\":{\"@id\":\"https:\/\/vieassociative.be\/actualites\/#\/schema\/logo\/image\/\"}},{\"@type\":\"Person\",\"@id\":\"https:\/\/vieassociative.be\/actualites\/#\/schema\/person\/b87ac4f82f9d4e7b7cec7395b679edc4\",\"name\":\"Julien\",\"image\":{\"@type\":\"ImageObject\",\"inLanguage\":\"fr-BE\",\"@id\":\"https:\/\/vieassociative.be\/actualites\/#\/schema\/person\/image\/\",\"url\":\"https:\/\/vieassociative.be\/actualites\/wp-content\/uploads\/2024\/09\/vie-associative-1-150x150.jpg\",\"contentUrl\":\"https:\/\/vieassociative.be\/actualites\/wp-content\/uploads\/2024\/09\/vie-associative-1-150x150.jpg\",\"caption\":\"Julien\"},\"description\":\"Je suis Julien, r\u00e9dacteur pour Vie Associative. Passionn\u00e9 par le monde associatif depuis plus de 10 ans, j'ai \u00e0 c\u0153ur de partager des histoires inspirantes et de mettre en lumi\u00e8re les initiatives locales. Mon objectif est de sensibiliser et d'encourager l'engagement communautaire \u00e0 travers mes articles.\",\"sameAs\":[\"https:\/\/vieassociative.be\/\"]}]}<\/script>\n<!-- \/ Yoast SEO plugin. -->","yoast_head_json":{"title":"La fiert\u00e9 de Donald Trump pr\u00e9c\u00e8de-t-elle sa chute ? \u2013 Le pr\u00e9sident am\u00e9ricain a fa\u00e7onn\u00e9 l\u2019ann\u00e9e 2025 comme aucune autre | Vie Associative","robots":{"index":"index","follow":"follow","max-snippet":"max-snippet:-1","max-image-preview":"max-image-preview:large","max-video-preview":"max-video-preview:-1"},"canonical":"https:\/\/vieassociative.be\/actualites\/la-fierte-de-donald-trump-precede-t-elle-sa-chute-le-president-americain-a-faconne-lannee-2025-comme-aucune-autre\/","og_locale":"fr_FR","og_type":"article","og_title":"La fiert\u00e9 de Donald Trump pr\u00e9c\u00e8de-t-elle sa chute ? \u2013 Le pr\u00e9sident am\u00e9ricain a fa\u00e7onn\u00e9 l\u2019ann\u00e9e 2025 comme aucune autre | Vie Associative","og_description":"L\u2019ann\u00e9e 2025 a \u00e9t\u00e9 plac\u00e9e sous le signe de Donald Trump. Le pr\u00e9sident am\u00e9ricain \u00e9tait pr\u00e9sent partout, mais il snobe d\u00e9sormais de plus en plus","og_url":"https:\/\/vieassociative.be\/actualites\/la-fierte-de-donald-trump-precede-t-elle-sa-chute-le-president-americain-a-faconne-lannee-2025-comme-aucune-autre\/","og_site_name":"Vie Associative","article_published_time":"2025-12-30T18:17:28+00:00","og_image":[{"url":"https:\/\/vieassociative.be\/actualites\/wp-content\/uploads\/2025\/10\/No-Kings-Manifestations-massives-contre-Donald-Trump.jpg","type":"","width":"","height":""}],"author":"Julien","twitter_card":"summary_large_image","twitter_misc":{"\u00c9crit par":"Julien","Dur\u00e9e de lecture est.":"7 minutes"},"schema":{"@context":"https:\/\/schema.org","@graph":[{"@type":"Article","@id":"https:\/\/vieassociative.be\/actualites\/la-fierte-de-donald-trump-precede-t-elle-sa-chute-le-president-americain-a-faconne-lannee-2025-comme-aucune-autre\/#article","isPartOf":{"@id":"https:\/\/vieassociative.be\/actualites\/la-fierte-de-donald-trump-precede-t-elle-sa-chute-le-president-americain-a-faconne-lannee-2025-comme-aucune-autre\/"},"author":{"name":"Julien","@id":"https:\/\/vieassociative.be\/actualites\/#\/schema\/person\/b87ac4f82f9d4e7b7cec7395b679edc4"},"headline":"La fiert\u00e9 de Donald Trump pr\u00e9c\u00e8de-t-elle sa chute ? \u2013 Le pr\u00e9sident am\u00e9ricain a fa\u00e7onn\u00e9 l\u2019ann\u00e9e 2025 comme aucune autre","datePublished":"2025-12-30T18:17:28+00:00","dateModified":"2025-12-30T18:17:28+00:00","mainEntityOfPage":{"@id":"https:\/\/vieassociative.be\/actualites\/la-fierte-de-donald-trump-precede-t-elle-sa-chute-le-president-americain-a-faconne-lannee-2025-comme-aucune-autre\/"},"wordCount":1428,"publisher":{"@id":"https:\/\/vieassociative.be\/actualites\/#organization"},"image":{"@id":"https:\/\/vieassociative.be\/actualites\/la-fierte-de-donald-trump-precede-t-elle-sa-chute-le-president-americain-a-faconne-lannee-2025-comme-aucune-autre\/#primaryimage"},"thumbnailUrl":"https:\/\/vieassociative.be\/actualites\/wp-content\/uploads\/2025\/04\/1744424245_Une-question-delicate-qui-peut-et-doit-etre-posee-aujourdhui.jpg","keywords":["am\u00e9ricain","Aucune","autre","chute","comme","Donald","fa\u00e7onn\u00e9","fiert\u00e9","lann\u00e9e","pr\u00e9c\u00e8detelle","pr\u00e9sident","Trump"],"articleSection":["Belgique"],"inLanguage":"fr-BE"},{"@type":"WebPage","@id":"https:\/\/vieassociative.be\/actualites\/la-fierte-de-donald-trump-precede-t-elle-sa-chute-le-president-americain-a-faconne-lannee-2025-comme-aucune-autre\/","url":"https:\/\/vieassociative.be\/actualites\/la-fierte-de-donald-trump-precede-t-elle-sa-chute-le-president-americain-a-faconne-lannee-2025-comme-aucune-autre\/","name":"La fiert\u00e9 de Donald Trump pr\u00e9c\u00e8de-t-elle sa chute ? \u2013 Le pr\u00e9sident am\u00e9ricain a fa\u00e7onn\u00e9 l\u2019ann\u00e9e 2025 comme aucune autre | Vie Associative","isPartOf":{"@id":"https:\/\/vieassociative.be\/actualites\/#website"},"primaryImageOfPage":{"@id":"https:\/\/vieassociative.be\/actualites\/la-fierte-de-donald-trump-precede-t-elle-sa-chute-le-president-americain-a-faconne-lannee-2025-comme-aucune-autre\/#primaryimage"},"image":{"@id":"https:\/\/vieassociative.be\/actualites\/la-fierte-de-donald-trump-precede-t-elle-sa-chute-le-president-americain-a-faconne-lannee-2025-comme-aucune-autre\/#primaryimage"},"thumbnailUrl":"https:\/\/vieassociative.be\/actualites\/wp-content\/uploads\/2025\/04\/1744424245_Une-question-delicate-qui-peut-et-doit-etre-posee-aujourdhui.jpg","datePublished":"2025-12-30T18:17:28+00:00","dateModified":"2025-12-30T18:17:28+00:00","breadcrumb":{"@id":"https:\/\/vieassociative.be\/actualites\/la-fierte-de-donald-trump-precede-t-elle-sa-chute-le-president-americain-a-faconne-lannee-2025-comme-aucune-autre\/#breadcrumb"},"inLanguage":"fr-BE","potentialAction":[{"@type":"ReadAction","target":["https:\/\/vieassociative.be\/actualites\/la-fierte-de-donald-trump-precede-t-elle-sa-chute-le-president-americain-a-faconne-lannee-2025-comme-aucune-autre\/"]}]},{"@type":"ImageObject","inLanguage":"fr-BE","@id":"https:\/\/vieassociative.be\/actualites\/la-fierte-de-donald-trump-precede-t-elle-sa-chute-le-president-americain-a-faconne-lannee-2025-comme-aucune-autre\/#primaryimage","url":"https:\/\/vieassociative.be\/actualites\/wp-content\/uploads\/2025\/04\/1744424245_Une-question-delicate-qui-peut-et-doit-etre-posee-aujourdhui.jpg","contentUrl":"https:\/\/vieassociative.be\/actualites\/wp-content\/uploads\/2025\/04\/1744424245_Une-question-delicate-qui-peut-et-doit-etre-posee-aujourdhui.jpg","width":1200,"height":800,"caption":"Une question d\u00e9licate qui peut et doit \u00eatre pos\u00e9e aujourd'hui: le pr\u00e9sident am\u00e9ricain Donald Trump est-il fou?"},{"@type":"BreadcrumbList","@id":"https:\/\/vieassociative.be\/actualites\/la-fierte-de-donald-trump-precede-t-elle-sa-chute-le-president-americain-a-faconne-lannee-2025-comme-aucune-autre\/#breadcrumb","itemListElement":[{"@type":"ListItem","position":1,"name":"Accueil","item":"https:\/\/vieassociative.be\/actualites\/"},{"@type":"ListItem","position":2,"name":"La fiert\u00e9 de Donald Trump pr\u00e9c\u00e8de-t-elle sa chute ? \u2013 Le pr\u00e9sident am\u00e9ricain a fa\u00e7onn\u00e9 l\u2019ann\u00e9e 2025 comme aucune autre"}]},{"@type":"WebSite","@id":"https:\/\/vieassociative.be\/actualites\/#website","url":"https:\/\/vieassociative.be\/actualites\/","name":"Vie Associative","description":"","publisher":{"@id":"https:\/\/vieassociative.be\/actualites\/#organization"},"potentialAction":[{"@type":"SearchAction","target":{"@type":"EntryPoint","urlTemplate":"https:\/\/vieassociative.be\/actualites\/?s={search_term_string}"},"query-input":{"@type":"PropertyValueSpecification","valueRequired":true,"valueName":"search_term_string"}}],"inLanguage":"fr-BE"},{"@type":"Organization","@id":"https:\/\/vieassociative.be\/actualites\/#organization","name":"Vie Associative","url":"https:\/\/vieassociative.be\/actualites\/","logo":{"@type":"ImageObject","inLanguage":"fr-BE","@id":"https:\/\/vieassociative.be\/actualites\/#\/schema\/logo\/image\/","url":"https:\/\/vieassociative.be\/actualites\/wp-content\/uploads\/2024\/09\/cropped-vieassociative_favicon.ico.png","contentUrl":"https:\/\/vieassociative.be\/actualites\/wp-content\/uploads\/2024\/09\/cropped-vieassociative_favicon.ico.png","width":512,"height":512,"caption":"Vie Associative"},"image":{"@id":"https:\/\/vieassociative.be\/actualites\/#\/schema\/logo\/image\/"}},{"@type":"Person","@id":"https:\/\/vieassociative.be\/actualites\/#\/schema\/person\/b87ac4f82f9d4e7b7cec7395b679edc4","name":"Julien","image":{"@type":"ImageObject","inLanguage":"fr-BE","@id":"https:\/\/vieassociative.be\/actualites\/#\/schema\/person\/image\/","url":"https:\/\/vieassociative.be\/actualites\/wp-content\/uploads\/2024\/09\/vie-associative-1-150x150.jpg","contentUrl":"https:\/\/vieassociative.be\/actualites\/wp-content\/uploads\/2024\/09\/vie-associative-1-150x150.jpg","caption":"Julien"},"description":"Je suis Julien, r\u00e9dacteur pour Vie Associative. Passionn\u00e9 par le monde associatif depuis plus de 10 ans, j'ai \u00e0 c\u0153ur de partager des histoires inspirantes et de mettre en lumi\u00e8re les initiatives locales. Mon objectif est de sensibiliser et d'encourager l'engagement communautaire \u00e0 travers mes articles.","sameAs":["https:\/\/vieassociative.be\/"]}]}},"_links":{"self":[{"href":"https:\/\/vieassociative.be\/actualites\/wp-json\/wp\/v2\/posts\/12040"}],"collection":[{"href":"https:\/\/vieassociative.be\/actualites\/wp-json\/wp\/v2\/posts"}],"about":[{"href":"https:\/\/vieassociative.be\/actualites\/wp-json\/wp\/v2\/types\/post"}],"author":[{"embeddable":true,"href":"https:\/\/vieassociative.be\/actualites\/wp-json\/wp\/v2\/users\/1"}],"replies":[{"embeddable":true,"href":"https:\/\/vieassociative.be\/actualites\/wp-json\/wp\/v2\/comments?post=12040"}],"version-history":[{"count":0,"href":"https:\/\/vieassociative.be\/actualites\/wp-json\/wp\/v2\/posts\/12040\/revisions"}],"wp:featuredmedia":[{"embeddable":true,"href":"https:\/\/vieassociative.be\/actualites\/wp-json\/wp\/v2\/media\/6641"}],"wp:attachment":[{"href":"https:\/\/vieassociative.be\/actualites\/wp-json\/wp\/v2\/media?parent=12040"}],"wp:term":[{"taxonomy":"category","embeddable":true,"href":"https:\/\/vieassociative.be\/actualites\/wp-json\/wp\/v2\/categories?post=12040"},{"taxonomy":"post_tag","embeddable":true,"href":"https:\/\/vieassociative.be\/actualites\/wp-json\/wp\/v2\/tags?post=12040"}],"curies":[{"name":"wp","href":"https:\/\/api.w.org\/{rel}","templated":true}]}}