{"id":12036,"date":"2025-12-30T13:17:34","date_gmt":"2025-12-30T12:17:34","guid":{"rendered":"https:\/\/vieassociative.be\/actualites\/la-scene-cycliste-a-un-nouveau-couple-de-reve-lotte-kopecky-et-axel-merckx-amoureux\/"},"modified":"2025-12-30T13:17:34","modified_gmt":"2025-12-30T12:17:34","slug":"la-scene-cycliste-a-un-nouveau-couple-de-reve-lotte-kopecky-et-axel-merckx-amoureux","status":"publish","type":"post","link":"https:\/\/vieassociative.be\/actualites\/la-scene-cycliste-a-un-nouveau-couple-de-reve-lotte-kopecky-et-axel-merckx-amoureux\/","title":{"rendered":"La sc\u00e8ne cycliste a un nouveau couple de r\u00eave : Lotte Kopecky et Axel Merckx amoureux"},"content":{"rendered":"<p><strong>La relation n&rsquo;a pas encore \u00e9t\u00e9 officiellement annonc\u00e9e, mais tout indique que Lotte Kopecky, actuellement meilleure cycliste de Belgique, entretient depuis peu une relation avec Axel Merckx (53 ans), fils de l&rsquo;ic\u00f4ne du cyclisme Eddy Merckx.<\/strong><\/p>\n<p><span id=\"more-432885\"><\/span>Il y a quelques jours, la trentenaire avouait sur Sporza, la plateforme en ligne de la VRT, qu&rsquo;elle \u00e9tait de nouveau amoureuse. \u00ab\u00a0Je ne rentre plus seul \u00e0 la maison, je suis tr\u00e8s heureux.\u00a0\u00bb Selon \u00ab Dag Allemaal \u00bb, Axel Merckx est son nouveau partenaire.<\/p>\n<p>Les deux ont \u00e9t\u00e9 vus ensemble \u00e0 plusieurs reprises ces derniers mois, notamment aux championnats de Belgique et aux Six Jours de Gand. Fin octobre, ils ont m\u00eame partag\u00e9 une photo Instagram sur le circuit de Zolder, lui en tant que pilote et elle en tant que passag\u00e8re.<\/p>\n<div id=\"attachment_398026\" class=\"wp-caption alignleft\" style=\"max-width: 300px\"><img fetchpriority=\"high\" decoding=\"async\" class=\"wp-image-398026 size-medium\" src=\"https:\/\/vieassociative.be\/actualites\/wp-content\/uploads\/2025\/12\/La-scene-cycliste-a-un-nouveau-couple-de-reve.jpg\" alt=\"\" width=\"300\" height=\"200\"><\/div>\n<p>\u00ab\u00a0Nous n&rsquo;avons pas l&rsquo;intention de partager une publication Instagram sur notre relation. Il n&rsquo;est pas n\u00e9cessaire que ce soit un sujet, mais cela peut \u00eatre connu. Pas de probl\u00e8me. Nous sommes tr\u00e8s heureux ensemble\u00a0\u00bb, a d\u00e9clar\u00e9 Kopecky, double champion du monde, \u00e0 Sporza.<\/p>\n<p>Lotte Kopecky \u00e9tait autrefois en couple avec son ancien entra\u00eeneur Kieran De Fauw. Axel Merckx (53 ans) est tomb\u00e9 amoureux de l&rsquo;ancienne championne du monde de contre-la-montre Chlo\u00e9 Dygert (28 ans) apr\u00e8s avoir \u00e9t\u00e9 mari\u00e9 \u00e0 l&rsquo;ancienne triathl\u00e8te canadienne Jodi Cross, avec qui il a deux filles : Axana (23 ans) et Athina (19 ans).<\/p>\n<p>Kopecky est consid\u00e9r\u00e9 comme le meilleur cycliste belge du moment. Elle a \u00e9t\u00e9 championne du monde de course sur route en 2023 et 2024. Elle sera la premi\u00e8re cycliste f\u00e9minine \u00e0 \u00eatre \u00e9lue athl\u00e8te belge de l&rsquo;ann\u00e9e en 2023. L&rsquo;as du cyclisme originaire de Rumst dans la province d&rsquo;Anvers a remport\u00e9 trois fois le Tour des Flandres et une fois la classique Paris-Roubaix chez les femmes. Kopecky a \u00e9galement c\u00e9l\u00e9br\u00e9 un grand succ\u00e8s sur la piste.<\/p>\n<p>Aujourd&rsquo;hui, Axel Merckx est surtout connu comme chef d&rsquo;\u00e9quipe et promoteur de talents. Il dirige la c\u00e9l\u00e8bre \u00e9quipe junior Hagens Berman Axeon, dont sont issus plus tard de nombreux professionnels du WorldTour. Le fils d&rsquo;Eddy Merckx a c\u00e9l\u00e9br\u00e9 son plus grand succ\u00e8s au cours de sa p\u00e9riode active de 1993 \u00e0 2007 aux Jeux Olympiques de 2004 \u00e0 Ath\u00e8nes, o\u00f9 il a remport\u00e9 la m\u00e9daille de bronze dans la course sur route. (cr\u00e9er)<\/p>\n","protected":false},"excerpt":{"rendered":"<p>La relation n&rsquo;a pas encore \u00e9t\u00e9 officiellement annonc\u00e9e, mais tout indique que Lotte Kopecky, actuellement meilleure cycliste de Belgique, entretient depuis peu une relation avec<\/p>\n","protected":false},"author":1,"featured_media":12037,"comment_status":"","ping_status":"","sticky":false,"template":"","format":"standard","meta":{"footnotes":""},"categories":[298],"tags":[2564,8774,1950,6884,9656,9655,4098,553,3206,4189],"class_list":["post-12036","post","type-post","status-publish","format-standard","has-post-thumbnail","hentry","category-belgique","tag-amoureux","tag-axel","tag-couple","tag-cycliste","tag-kopecky","tag-lotte","tag-merckx","tag-nouveau","tag-reve","tag-scene","generate-columns","tablet-grid-50","mobile-grid-100","grid-parent","grid-33"],"yoast_head":"<!-- This site is optimized with the Yoast SEO plugin v24.0 - https:\/\/yoast.com\/wordpress\/plugins\/seo\/ -->\n<title>La sc\u00e8ne cycliste a un nouveau couple de r\u00eave : Lotte Kopecky et Axel Merckx amoureux | Vie Associative<\/title>\n<meta name=\"robots\" content=\"index, follow, max-snippet:-1, max-image-preview:large, max-video-preview:-1\" \/>\n<link rel=\"canonical\" href=\"https:\/\/vieassociative.be\/actualites\/la-scene-cycliste-a-un-nouveau-couple-de-reve-lotte-kopecky-et-axel-merckx-amoureux\/\" \/>\n<meta property=\"og:locale\" content=\"fr_FR\" \/>\n<meta property=\"og:type\" content=\"article\" \/>\n<meta property=\"og:title\" content=\"La sc\u00e8ne cycliste a un nouveau couple de r\u00eave : Lotte Kopecky et Axel Merckx amoureux | Vie Associative\" \/>\n<meta property=\"og:description\" content=\"La relation n&rsquo;a pas encore \u00e9t\u00e9 officiellement annonc\u00e9e, mais tout indique que Lotte Kopecky, actuellement meilleure cycliste de Belgique, entretient depuis peu une relation avec\" \/>\n<meta property=\"og:url\" content=\"https:\/\/vieassociative.be\/actualites\/la-scene-cycliste-a-un-nouveau-couple-de-reve-lotte-kopecky-et-axel-merckx-amoureux\/\" \/>\n<meta property=\"og:site_name\" content=\"Vie Associative\" \/>\n<meta property=\"article:published_time\" content=\"2025-12-30T12:17:34+00:00\" \/>\n<meta property=\"og:image\" content=\"https:\/\/vieassociative.be\/actualites\/wp-content\/uploads\/2024\/09\/header_backgroundk-01-e1726694325946.png\" \/>\n\t<meta property=\"og:image:width\" content=\"279\" \/>\n\t<meta property=\"og:image:height\" content=\"92\" \/>\n\t<meta property=\"og:image:type\" content=\"image\/png\" \/>\n<meta name=\"author\" content=\"Julien\" \/>\n<meta name=\"twitter:card\" content=\"summary_large_image\" \/>\n<meta name=\"twitter:label1\" content=\"\u00c9crit par\" \/>\n\t<meta name=\"twitter:data1\" content=\"Julien\" \/>\n\t<meta name=\"twitter:label2\" content=\"Dur\u00e9e de lecture est.\" \/>\n\t<meta name=\"twitter:data2\" content=\"2 minutes\" \/>\n<script type=\"application\/ld+json\" class=\"yoast-schema-graph\">{\"@context\":\"https:\/\/schema.org\",\"@graph\":[{\"@type\":\"Article\",\"@id\":\"https:\/\/vieassociative.be\/actualites\/la-scene-cycliste-a-un-nouveau-couple-de-reve-lotte-kopecky-et-axel-merckx-amoureux\/#article\",\"isPartOf\":{\"@id\":\"https:\/\/vieassociative.be\/actualites\/la-scene-cycliste-a-un-nouveau-couple-de-reve-lotte-kopecky-et-axel-merckx-amoureux\/\"},\"author\":{\"name\":\"Julien\",\"@id\":\"https:\/\/vieassociative.be\/actualites\/#\/schema\/person\/b87ac4f82f9d4e7b7cec7395b679edc4\"},\"headline\":\"La sc\u00e8ne cycliste a un nouveau couple de r\u00eave : Lotte Kopecky et Axel Merckx amoureux\",\"datePublished\":\"2025-12-30T12:17:34+00:00\",\"dateModified\":\"2025-12-30T12:17:34+00:00\",\"mainEntityOfPage\":{\"@id\":\"https:\/\/vieassociative.be\/actualites\/la-scene-cycliste-a-un-nouveau-couple-de-reve-lotte-kopecky-et-axel-merckx-amoureux\/\"},\"wordCount\":415,\"publisher\":{\"@id\":\"https:\/\/vieassociative.be\/actualites\/#organization\"},\"image\":{\"@id\":\"https:\/\/vieassociative.be\/actualites\/la-scene-cycliste-a-un-nouveau-couple-de-reve-lotte-kopecky-et-axel-merckx-amoureux\/#primaryimage\"},\"thumbnailUrl\":\"https:\/\/vieassociative.be\/actualites\/wp-content\/uploads\/2025\/12\/1767097055_La-scene-cycliste-a-un-nouveau-couple-de-reve.jpg\",\"keywords\":[\"amoureux\",\"Axel\",\"couple\",\"cycliste\",\"Kopecky\",\"Lotte\",\"Merckx\",\"nouveau\",\"r\u00eave\",\"sc\u00e8ne\"],\"articleSection\":[\"Belgique\"],\"inLanguage\":\"fr-BE\"},{\"@type\":\"WebPage\",\"@id\":\"https:\/\/vieassociative.be\/actualites\/la-scene-cycliste-a-un-nouveau-couple-de-reve-lotte-kopecky-et-axel-merckx-amoureux\/\",\"url\":\"https:\/\/vieassociative.be\/actualites\/la-scene-cycliste-a-un-nouveau-couple-de-reve-lotte-kopecky-et-axel-merckx-amoureux\/\",\"name\":\"La sc\u00e8ne cycliste a un nouveau couple de r\u00eave : Lotte Kopecky et Axel Merckx amoureux | Vie Associative\",\"isPartOf\":{\"@id\":\"https:\/\/vieassociative.be\/actualites\/#website\"},\"primaryImageOfPage\":{\"@id\":\"https:\/\/vieassociative.be\/actualites\/la-scene-cycliste-a-un-nouveau-couple-de-reve-lotte-kopecky-et-axel-merckx-amoureux\/#primaryimage\"},\"image\":{\"@id\":\"https:\/\/vieassociative.be\/actualites\/la-scene-cycliste-a-un-nouveau-couple-de-reve-lotte-kopecky-et-axel-merckx-amoureux\/#primaryimage\"},\"thumbnailUrl\":\"https:\/\/vieassociative.be\/actualites\/wp-content\/uploads\/2025\/12\/1767097055_La-scene-cycliste-a-un-nouveau-couple-de-reve.jpg\",\"datePublished\":\"2025-12-30T12:17:34+00:00\",\"dateModified\":\"2025-12-30T12:17:34+00:00\",\"breadcrumb\":{\"@id\":\"https:\/\/vieassociative.be\/actualites\/la-scene-cycliste-a-un-nouveau-couple-de-reve-lotte-kopecky-et-axel-merckx-amoureux\/#breadcrumb\"},\"inLanguage\":\"fr-BE\",\"potentialAction\":[{\"@type\":\"ReadAction\",\"target\":[\"https:\/\/vieassociative.be\/actualites\/la-scene-cycliste-a-un-nouveau-couple-de-reve-lotte-kopecky-et-axel-merckx-amoureux\/\"]}]},{\"@type\":\"ImageObject\",\"inLanguage\":\"fr-BE\",\"@id\":\"https:\/\/vieassociative.be\/actualites\/la-scene-cycliste-a-un-nouveau-couple-de-reve-lotte-kopecky-et-axel-merckx-amoureux\/#primaryimage\",\"url\":\"https:\/\/vieassociative.be\/actualites\/wp-content\/uploads\/2025\/12\/1767097055_La-scene-cycliste-a-un-nouveau-couple-de-reve.jpg\",\"contentUrl\":\"https:\/\/vieassociative.be\/actualites\/wp-content\/uploads\/2025\/12\/1767097055_La-scene-cycliste-a-un-nouveau-couple-de-reve.jpg\",\"width\":1200,\"height\":800,\"caption\":\"La sc\u00e8ne cycliste a un nouveau couple de r\u00eave : Lotte Kopecky et Axel Merckx amoureux\"},{\"@type\":\"BreadcrumbList\",\"@id\":\"https:\/\/vieassociative.be\/actualites\/la-scene-cycliste-a-un-nouveau-couple-de-reve-lotte-kopecky-et-axel-merckx-amoureux\/#breadcrumb\",\"itemListElement\":[{\"@type\":\"ListItem\",\"position\":1,\"name\":\"Accueil\",\"item\":\"https:\/\/vieassociative.be\/actualites\/\"},{\"@type\":\"ListItem\",\"position\":2,\"name\":\"La sc\u00e8ne cycliste a un nouveau couple de r\u00eave : Lotte Kopecky et Axel Merckx amoureux\"}]},{\"@type\":\"WebSite\",\"@id\":\"https:\/\/vieassociative.be\/actualites\/#website\",\"url\":\"https:\/\/vieassociative.be\/actualites\/\",\"name\":\"Vie Associative\",\"description\":\"\",\"publisher\":{\"@id\":\"https:\/\/vieassociative.be\/actualites\/#organization\"},\"potentialAction\":[{\"@type\":\"SearchAction\",\"target\":{\"@type\":\"EntryPoint\",\"urlTemplate\":\"https:\/\/vieassociative.be\/actualites\/?s={search_term_string}\"},\"query-input\":{\"@type\":\"PropertyValueSpecification\",\"valueRequired\":true,\"valueName\":\"search_term_string\"}}],\"inLanguage\":\"fr-BE\"},{\"@type\":\"Organization\",\"@id\":\"https:\/\/vieassociative.be\/actualites\/#organization\",\"name\":\"Vie Associative\",\"url\":\"https:\/\/vieassociative.be\/actualites\/\",\"logo\":{\"@type\":\"ImageObject\",\"inLanguage\":\"fr-BE\",\"@id\":\"https:\/\/vieassociative.be\/actualites\/#\/schema\/logo\/image\/\",\"url\":\"https:\/\/vieassociative.be\/actualites\/wp-content\/uploads\/2024\/09\/cropped-vieassociative_favicon.ico.png\",\"contentUrl\":\"https:\/\/vieassociative.be\/actualites\/wp-content\/uploads\/2024\/09\/cropped-vieassociative_favicon.ico.png\",\"width\":512,\"height\":512,\"caption\":\"Vie Associative\"},\"image\":{\"@id\":\"https:\/\/vieassociative.be\/actualites\/#\/schema\/logo\/image\/\"}},{\"@type\":\"Person\",\"@id\":\"https:\/\/vieassociative.be\/actualites\/#\/schema\/person\/b87ac4f82f9d4e7b7cec7395b679edc4\",\"name\":\"Julien\",\"image\":{\"@type\":\"ImageObject\",\"inLanguage\":\"fr-BE\",\"@id\":\"https:\/\/vieassociative.be\/actualites\/#\/schema\/person\/image\/\",\"url\":\"https:\/\/vieassociative.be\/actualites\/wp-content\/uploads\/2024\/09\/vie-associative-1-150x150.jpg\",\"contentUrl\":\"https:\/\/vieassociative.be\/actualites\/wp-content\/uploads\/2024\/09\/vie-associative-1-150x150.jpg\",\"caption\":\"Julien\"},\"description\":\"Je suis Julien, r\u00e9dacteur pour Vie Associative. Passionn\u00e9 par le monde associatif depuis plus de 10 ans, j'ai \u00e0 c\u0153ur de partager des histoires inspirantes et de mettre en lumi\u00e8re les initiatives locales. Mon objectif est de sensibiliser et d'encourager l'engagement communautaire \u00e0 travers mes articles.\",\"sameAs\":[\"https:\/\/vieassociative.be\/\"]}]}<\/script>\n<!-- \/ Yoast SEO plugin. -->","yoast_head_json":{"title":"La sc\u00e8ne cycliste a un nouveau couple de r\u00eave : Lotte Kopecky et Axel Merckx amoureux | Vie Associative","robots":{"index":"index","follow":"follow","max-snippet":"max-snippet:-1","max-image-preview":"max-image-preview:large","max-video-preview":"max-video-preview:-1"},"canonical":"https:\/\/vieassociative.be\/actualites\/la-scene-cycliste-a-un-nouveau-couple-de-reve-lotte-kopecky-et-axel-merckx-amoureux\/","og_locale":"fr_FR","og_type":"article","og_title":"La sc\u00e8ne cycliste a un nouveau couple de r\u00eave : Lotte Kopecky et Axel Merckx amoureux | Vie Associative","og_description":"La relation n&rsquo;a pas encore \u00e9t\u00e9 officiellement annonc\u00e9e, mais tout indique que Lotte Kopecky, actuellement meilleure cycliste de Belgique, entretient depuis peu une relation avec","og_url":"https:\/\/vieassociative.be\/actualites\/la-scene-cycliste-a-un-nouveau-couple-de-reve-lotte-kopecky-et-axel-merckx-amoureux\/","og_site_name":"Vie Associative","article_published_time":"2025-12-30T12:17:34+00:00","og_image":[{"width":279,"height":92,"url":"https:\/\/vieassociative.be\/actualites\/wp-content\/uploads\/2024\/09\/header_backgroundk-01-e1726694325946.png","type":"image\/png"}],"author":"Julien","twitter_card":"summary_large_image","twitter_misc":{"\u00c9crit par":"Julien","Dur\u00e9e de lecture est.":"2 minutes"},"schema":{"@context":"https:\/\/schema.org","@graph":[{"@type":"Article","@id":"https:\/\/vieassociative.be\/actualites\/la-scene-cycliste-a-un-nouveau-couple-de-reve-lotte-kopecky-et-axel-merckx-amoureux\/#article","isPartOf":{"@id":"https:\/\/vieassociative.be\/actualites\/la-scene-cycliste-a-un-nouveau-couple-de-reve-lotte-kopecky-et-axel-merckx-amoureux\/"},"author":{"name":"Julien","@id":"https:\/\/vieassociative.be\/actualites\/#\/schema\/person\/b87ac4f82f9d4e7b7cec7395b679edc4"},"headline":"La sc\u00e8ne cycliste a un nouveau couple de r\u00eave : Lotte Kopecky et Axel Merckx amoureux","datePublished":"2025-12-30T12:17:34+00:00","dateModified":"2025-12-30T12:17:34+00:00","mainEntityOfPage":{"@id":"https:\/\/vieassociative.be\/actualites\/la-scene-cycliste-a-un-nouveau-couple-de-reve-lotte-kopecky-et-axel-merckx-amoureux\/"},"wordCount":415,"publisher":{"@id":"https:\/\/vieassociative.be\/actualites\/#organization"},"image":{"@id":"https:\/\/vieassociative.be\/actualites\/la-scene-cycliste-a-un-nouveau-couple-de-reve-lotte-kopecky-et-axel-merckx-amoureux\/#primaryimage"},"thumbnailUrl":"https:\/\/vieassociative.be\/actualites\/wp-content\/uploads\/2025\/12\/1767097055_La-scene-cycliste-a-un-nouveau-couple-de-reve.jpg","keywords":["amoureux","Axel","couple","cycliste","Kopecky","Lotte","Merckx","nouveau","r\u00eave","sc\u00e8ne"],"articleSection":["Belgique"],"inLanguage":"fr-BE"},{"@type":"WebPage","@id":"https:\/\/vieassociative.be\/actualites\/la-scene-cycliste-a-un-nouveau-couple-de-reve-lotte-kopecky-et-axel-merckx-amoureux\/","url":"https:\/\/vieassociative.be\/actualites\/la-scene-cycliste-a-un-nouveau-couple-de-reve-lotte-kopecky-et-axel-merckx-amoureux\/","name":"La sc\u00e8ne cycliste a un nouveau couple de r\u00eave : Lotte Kopecky et Axel Merckx amoureux | Vie Associative","isPartOf":{"@id":"https:\/\/vieassociative.be\/actualites\/#website"},"primaryImageOfPage":{"@id":"https:\/\/vieassociative.be\/actualites\/la-scene-cycliste-a-un-nouveau-couple-de-reve-lotte-kopecky-et-axel-merckx-amoureux\/#primaryimage"},"image":{"@id":"https:\/\/vieassociative.be\/actualites\/la-scene-cycliste-a-un-nouveau-couple-de-reve-lotte-kopecky-et-axel-merckx-amoureux\/#primaryimage"},"thumbnailUrl":"https:\/\/vieassociative.be\/actualites\/wp-content\/uploads\/2025\/12\/1767097055_La-scene-cycliste-a-un-nouveau-couple-de-reve.jpg","datePublished":"2025-12-30T12:17:34+00:00","dateModified":"2025-12-30T12:17:34+00:00","breadcrumb":{"@id":"https:\/\/vieassociative.be\/actualites\/la-scene-cycliste-a-un-nouveau-couple-de-reve-lotte-kopecky-et-axel-merckx-amoureux\/#breadcrumb"},"inLanguage":"fr-BE","potentialAction":[{"@type":"ReadAction","target":["https:\/\/vieassociative.be\/actualites\/la-scene-cycliste-a-un-nouveau-couple-de-reve-lotte-kopecky-et-axel-merckx-amoureux\/"]}]},{"@type":"ImageObject","inLanguage":"fr-BE","@id":"https:\/\/vieassociative.be\/actualites\/la-scene-cycliste-a-un-nouveau-couple-de-reve-lotte-kopecky-et-axel-merckx-amoureux\/#primaryimage","url":"https:\/\/vieassociative.be\/actualites\/wp-content\/uploads\/2025\/12\/1767097055_La-scene-cycliste-a-un-nouveau-couple-de-reve.jpg","contentUrl":"https:\/\/vieassociative.be\/actualites\/wp-content\/uploads\/2025\/12\/1767097055_La-scene-cycliste-a-un-nouveau-couple-de-reve.jpg","width":1200,"height":800,"caption":"La sc\u00e8ne cycliste a un nouveau couple de r\u00eave : Lotte Kopecky et Axel Merckx amoureux"},{"@type":"BreadcrumbList","@id":"https:\/\/vieassociative.be\/actualites\/la-scene-cycliste-a-un-nouveau-couple-de-reve-lotte-kopecky-et-axel-merckx-amoureux\/#breadcrumb","itemListElement":[{"@type":"ListItem","position":1,"name":"Accueil","item":"https:\/\/vieassociative.be\/actualites\/"},{"@type":"ListItem","position":2,"name":"La sc\u00e8ne cycliste a un nouveau couple de r\u00eave : Lotte Kopecky et Axel Merckx amoureux"}]},{"@type":"WebSite","@id":"https:\/\/vieassociative.be\/actualites\/#website","url":"https:\/\/vieassociative.be\/actualites\/","name":"Vie Associative","description":"","publisher":{"@id":"https:\/\/vieassociative.be\/actualites\/#organization"},"potentialAction":[{"@type":"SearchAction","target":{"@type":"EntryPoint","urlTemplate":"https:\/\/vieassociative.be\/actualites\/?s={search_term_string}"},"query-input":{"@type":"PropertyValueSpecification","valueRequired":true,"valueName":"search_term_string"}}],"inLanguage":"fr-BE"},{"@type":"Organization","@id":"https:\/\/vieassociative.be\/actualites\/#organization","name":"Vie Associative","url":"https:\/\/vieassociative.be\/actualites\/","logo":{"@type":"ImageObject","inLanguage":"fr-BE","@id":"https:\/\/vieassociative.be\/actualites\/#\/schema\/logo\/image\/","url":"https:\/\/vieassociative.be\/actualites\/wp-content\/uploads\/2024\/09\/cropped-vieassociative_favicon.ico.png","contentUrl":"https:\/\/vieassociative.be\/actualites\/wp-content\/uploads\/2024\/09\/cropped-vieassociative_favicon.ico.png","width":512,"height":512,"caption":"Vie Associative"},"image":{"@id":"https:\/\/vieassociative.be\/actualites\/#\/schema\/logo\/image\/"}},{"@type":"Person","@id":"https:\/\/vieassociative.be\/actualites\/#\/schema\/person\/b87ac4f82f9d4e7b7cec7395b679edc4","name":"Julien","image":{"@type":"ImageObject","inLanguage":"fr-BE","@id":"https:\/\/vieassociative.be\/actualites\/#\/schema\/person\/image\/","url":"https:\/\/vieassociative.be\/actualites\/wp-content\/uploads\/2024\/09\/vie-associative-1-150x150.jpg","contentUrl":"https:\/\/vieassociative.be\/actualites\/wp-content\/uploads\/2024\/09\/vie-associative-1-150x150.jpg","caption":"Julien"},"description":"Je suis Julien, r\u00e9dacteur pour Vie Associative. Passionn\u00e9 par le monde associatif depuis plus de 10 ans, j'ai \u00e0 c\u0153ur de partager des histoires inspirantes et de mettre en lumi\u00e8re les initiatives locales. Mon objectif est de sensibiliser et d'encourager l'engagement communautaire \u00e0 travers mes articles.","sameAs":["https:\/\/vieassociative.be\/"]}]}},"_links":{"self":[{"href":"https:\/\/vieassociative.be\/actualites\/wp-json\/wp\/v2\/posts\/12036"}],"collection":[{"href":"https:\/\/vieassociative.be\/actualites\/wp-json\/wp\/v2\/posts"}],"about":[{"href":"https:\/\/vieassociative.be\/actualites\/wp-json\/wp\/v2\/types\/post"}],"author":[{"embeddable":true,"href":"https:\/\/vieassociative.be\/actualites\/wp-json\/wp\/v2\/users\/1"}],"replies":[{"embeddable":true,"href":"https:\/\/vieassociative.be\/actualites\/wp-json\/wp\/v2\/comments?post=12036"}],"version-history":[{"count":0,"href":"https:\/\/vieassociative.be\/actualites\/wp-json\/wp\/v2\/posts\/12036\/revisions"}],"wp:featuredmedia":[{"embeddable":true,"href":"https:\/\/vieassociative.be\/actualites\/wp-json\/wp\/v2\/media\/12037"}],"wp:attachment":[{"href":"https:\/\/vieassociative.be\/actualites\/wp-json\/wp\/v2\/media?parent=12036"}],"wp:term":[{"taxonomy":"category","embeddable":true,"href":"https:\/\/vieassociative.be\/actualites\/wp-json\/wp\/v2\/categories?post=12036"},{"taxonomy":"post_tag","embeddable":true,"href":"https:\/\/vieassociative.be\/actualites\/wp-json\/wp\/v2\/tags?post=12036"}],"curies":[{"name":"wp","href":"https:\/\/api.w.org\/{rel}","templated":true}]}}