{"id":12029,"date":"2025-12-29T19:17:48","date_gmt":"2025-12-29T18:17:48","guid":{"rendered":"https:\/\/vieassociative.be\/actualites\/la-zone-de-police-de-weser-gohl-signale-des-effractions-a-noel-dans-plusieurs-villes\/"},"modified":"2025-12-29T19:17:48","modified_gmt":"2025-12-29T18:17:48","slug":"la-zone-de-police-de-weser-gohl-signale-des-effractions-a-noel-dans-plusieurs-villes","status":"publish","type":"post","link":"https:\/\/vieassociative.be\/actualites\/la-zone-de-police-de-weser-gohl-signale-des-effractions-a-noel-dans-plusieurs-villes\/","title":{"rendered":"La zone de police de Weser-G\u00f6hl signale des effractions \u00e0 No\u00ebl dans plusieurs villes"},"content":{"rendered":"<p><strong>Pendant la p\u00e9riode de No\u00ebl, des immeubles d&rsquo;habitation ont \u00e9t\u00e9 cambriol\u00e9s dans plusieurs villes, rapporte la zone de police de Weser-G\u00f6hl dans son rapport du lundi 29 d\u00e9cembre 2025.<\/strong><\/p>\n<p><span id=\"more-432864\"><\/span>Entre le 22 et le 24 d\u00e9cembre 2025, un immeuble d&rsquo;habitation vide a \u00e9t\u00e9 cambriol\u00e9 \u00e0 Eynatten, \u00e0 Wesselbend. Des agresseurs inconnus ont p\u00e9n\u00e9tr\u00e9 dans les lieux en brisant la porte-patio avec un objet pointu. Toutes les pi\u00e8ces \u00e0 l\u2019int\u00e9rieur ont \u00e9t\u00e9 fouill\u00e9es.<\/p>\n<div id=\"attachment_396327\" class=\"wp-caption alignleft\" style=\"max-width: 300px\"><img fetchpriority=\"high\" decoding=\"async\" class=\"wp-image-396327 size-medium\" src=\"https:\/\/vieassociative.be\/actualites\/wp-content\/uploads\/2024\/12\/Un-differend-entre-conducteur-et-pieton-a-Kelmis-se-termine.jpeg\" alt=\"\" width=\"300\" height=\"200\"  ><\/div>\n<p>Le 25 d\u00e9cembre 2025, un nouvel cambriolage a eu lieu dans la Limburger Strasse \u00e0 Lontzen. Le ou les auteurs ont bris\u00e9 une fen\u00eatre \u00e0 l&rsquo;arri\u00e8re d&rsquo;un immeuble r\u00e9sidentiel, ce qui a permis d&rsquo;ouvrir la porte de la v\u00e9randa. Toutes les pi\u00e8ces ont ensuite \u00e9t\u00e9 fouill\u00e9es. Aucune information n&rsquo;est actuellement disponible sur les biens vol\u00e9s. La p\u00e9riode du crime est limit\u00e9e \u00e0 15 heures. \u00e0 20h10<\/p>\n<p>Un autre cambriolage s&rsquo;est produit entre le mardi 23 d\u00e9cembre 2025, 13h30, et le vendredi 26 d\u00e9cembre 2025, 17h30, \u00e0 Eupen, Sch\u00f6nefelderweg. Le ou les agresseurs se sont rendus \u00e0 l&rsquo;arri\u00e8re d&rsquo;une maison et ont forc\u00e9 une fen\u00eatre du salon. Pour atteindre la hauteur de la fen\u00eatre, on a utilis\u00e9 une chaise trouv\u00e9e dans le jardin. La maison a ensuite \u00e9t\u00e9 p\u00e9n\u00e9tr\u00e9e et enti\u00e8rement fouill\u00e9e. Dans ce cas \u00e9galement, il n\u2019existe actuellement aucune information sur les \u00e9ventuels biens vol\u00e9s.<\/p>\n<p>Par ailleurs, la police a enregistr\u00e9 plusieurs appels pendant les vacances en raison de bruits troublant l&rsquo;ordre public et de d\u00e9clenchements pr\u00e9matur\u00e9s de feux d&rsquo;artifice et\/ou de p\u00e9tards.<\/p>\n","protected":false},"excerpt":{"rendered":"<p>Pendant la p\u00e9riode de No\u00ebl, des immeubles d&rsquo;habitation ont \u00e9t\u00e9 cambriol\u00e9s dans plusieurs villes, rapporte la zone de police de Weser-G\u00f6hl dans son rapport du<\/p>\n","protected":false},"author":1,"featured_media":12030,"comment_status":"","ping_status":"","sticky":false,"template":"","format":"standard","meta":{"footnotes":""},"categories":[298],"tags":[166,29,9652,1557,3320,2741,8205,2678,5023,4291],"class_list":["post-12029","post","type-post","status-publish","format-standard","has-post-thumbnail","hentry","category-belgique","tag-dans","tag-des","tag-effractions","tag-noel","tag-plusieurs","tag-police","tag-signale","tag-villes","tag-wesergohl","tag-zone","generate-columns","tablet-grid-50","mobile-grid-100","grid-parent","grid-33"],"yoast_head":"<!-- This site is optimized with the Yoast SEO plugin v24.0 - https:\/\/yoast.com\/wordpress\/plugins\/seo\/ -->\n<title>La zone de police de Weser-G\u00f6hl signale des effractions \u00e0 No\u00ebl dans plusieurs villes | Vie Associative<\/title>\n<meta name=\"robots\" content=\"index, follow, max-snippet:-1, max-image-preview:large, max-video-preview:-1\" \/>\n<link rel=\"canonical\" href=\"https:\/\/vieassociative.be\/actualites\/la-zone-de-police-de-weser-gohl-signale-des-effractions-a-noel-dans-plusieurs-villes\/\" \/>\n<meta property=\"og:locale\" content=\"fr_FR\" \/>\n<meta property=\"og:type\" content=\"article\" \/>\n<meta property=\"og:title\" content=\"La zone de police de Weser-G\u00f6hl signale des effractions \u00e0 No\u00ebl dans plusieurs villes | Vie Associative\" \/>\n<meta property=\"og:description\" content=\"Pendant la p\u00e9riode de No\u00ebl, des immeubles d&rsquo;habitation ont \u00e9t\u00e9 cambriol\u00e9s dans plusieurs villes, rapporte la zone de police de Weser-G\u00f6hl dans son rapport du\" \/>\n<meta property=\"og:url\" content=\"https:\/\/vieassociative.be\/actualites\/la-zone-de-police-de-weser-gohl-signale-des-effractions-a-noel-dans-plusieurs-villes\/\" \/>\n<meta property=\"og:site_name\" content=\"Vie Associative\" \/>\n<meta property=\"article:published_time\" content=\"2025-12-29T18:17:48+00:00\" \/>\n<meta property=\"og:image\" content=\"https:\/\/vieassociative.be\/actualites\/wp-content\/uploads\/2024\/09\/header_backgroundk-01-e1726694325946.png\" \/>\n\t<meta property=\"og:image:width\" content=\"279\" \/>\n\t<meta property=\"og:image:height\" content=\"92\" \/>\n\t<meta property=\"og:image:type\" content=\"image\/png\" \/>\n<meta name=\"author\" content=\"Julien\" \/>\n<meta name=\"twitter:card\" content=\"summary_large_image\" \/>\n<meta name=\"twitter:label1\" content=\"\u00c9crit par\" \/>\n\t<meta name=\"twitter:data1\" content=\"Julien\" \/>\n\t<meta name=\"twitter:label2\" content=\"Dur\u00e9e de lecture est.\" \/>\n\t<meta name=\"twitter:data2\" content=\"1 minute\" \/>\n<script type=\"application\/ld+json\" class=\"yoast-schema-graph\">{\"@context\":\"https:\/\/schema.org\",\"@graph\":[{\"@type\":\"Article\",\"@id\":\"https:\/\/vieassociative.be\/actualites\/la-zone-de-police-de-weser-gohl-signale-des-effractions-a-noel-dans-plusieurs-villes\/#article\",\"isPartOf\":{\"@id\":\"https:\/\/vieassociative.be\/actualites\/la-zone-de-police-de-weser-gohl-signale-des-effractions-a-noel-dans-plusieurs-villes\/\"},\"author\":{\"name\":\"Julien\",\"@id\":\"https:\/\/vieassociative.be\/actualites\/#\/schema\/person\/b87ac4f82f9d4e7b7cec7395b679edc4\"},\"headline\":\"La zone de police de Weser-G\u00f6hl signale des effractions \u00e0 No\u00ebl dans plusieurs villes\",\"datePublished\":\"2025-12-29T18:17:48+00:00\",\"dateModified\":\"2025-12-29T18:17:48+00:00\",\"mainEntityOfPage\":{\"@id\":\"https:\/\/vieassociative.be\/actualites\/la-zone-de-police-de-weser-gohl-signale-des-effractions-a-noel-dans-plusieurs-villes\/\"},\"wordCount\":291,\"publisher\":{\"@id\":\"https:\/\/vieassociative.be\/actualites\/#organization\"},\"image\":{\"@id\":\"https:\/\/vieassociative.be\/actualites\/la-zone-de-police-de-weser-gohl-signale-des-effractions-a-noel-dans-plusieurs-villes\/#primaryimage\"},\"thumbnailUrl\":\"https:\/\/vieassociative.be\/actualites\/wp-content\/uploads\/2025\/12\/La-zone-de-police-de-Weser-Gohl-signale-des-effractions-a.jpg\",\"keywords\":[\"dans\",\"Des\",\"effractions\",\"No\u00ebl\",\"Plusieurs\",\"police\",\"signale\",\"villes\",\"WeserG\u00f6hl\",\"zone\"],\"articleSection\":[\"Belgique\"],\"inLanguage\":\"fr-BE\"},{\"@type\":\"WebPage\",\"@id\":\"https:\/\/vieassociative.be\/actualites\/la-zone-de-police-de-weser-gohl-signale-des-effractions-a-noel-dans-plusieurs-villes\/\",\"url\":\"https:\/\/vieassociative.be\/actualites\/la-zone-de-police-de-weser-gohl-signale-des-effractions-a-noel-dans-plusieurs-villes\/\",\"name\":\"La zone de police de Weser-G\u00f6hl signale des effractions \u00e0 No\u00ebl dans plusieurs villes | Vie Associative\",\"isPartOf\":{\"@id\":\"https:\/\/vieassociative.be\/actualites\/#website\"},\"primaryImageOfPage\":{\"@id\":\"https:\/\/vieassociative.be\/actualites\/la-zone-de-police-de-weser-gohl-signale-des-effractions-a-noel-dans-plusieurs-villes\/#primaryimage\"},\"image\":{\"@id\":\"https:\/\/vieassociative.be\/actualites\/la-zone-de-police-de-weser-gohl-signale-des-effractions-a-noel-dans-plusieurs-villes\/#primaryimage\"},\"thumbnailUrl\":\"https:\/\/vieassociative.be\/actualites\/wp-content\/uploads\/2025\/12\/La-zone-de-police-de-Weser-Gohl-signale-des-effractions-a.jpg\",\"datePublished\":\"2025-12-29T18:17:48+00:00\",\"dateModified\":\"2025-12-29T18:17:48+00:00\",\"breadcrumb\":{\"@id\":\"https:\/\/vieassociative.be\/actualites\/la-zone-de-police-de-weser-gohl-signale-des-effractions-a-noel-dans-plusieurs-villes\/#breadcrumb\"},\"inLanguage\":\"fr-BE\",\"potentialAction\":[{\"@type\":\"ReadAction\",\"target\":[\"https:\/\/vieassociative.be\/actualites\/la-zone-de-police-de-weser-gohl-signale-des-effractions-a-noel-dans-plusieurs-villes\/\"]}]},{\"@type\":\"ImageObject\",\"inLanguage\":\"fr-BE\",\"@id\":\"https:\/\/vieassociative.be\/actualites\/la-zone-de-police-de-weser-gohl-signale-des-effractions-a-noel-dans-plusieurs-villes\/#primaryimage\",\"url\":\"https:\/\/vieassociative.be\/actualites\/wp-content\/uploads\/2025\/12\/La-zone-de-police-de-Weser-Gohl-signale-des-effractions-a.jpg\",\"contentUrl\":\"https:\/\/vieassociative.be\/actualites\/wp-content\/uploads\/2025\/12\/La-zone-de-police-de-Weser-Gohl-signale-des-effractions-a.jpg\",\"width\":1200,\"height\":800,\"caption\":\"La zone de police de Weser-G\u00f6hl signale des effractions \u00e0 No\u00ebl dans plusieurs villes\"},{\"@type\":\"BreadcrumbList\",\"@id\":\"https:\/\/vieassociative.be\/actualites\/la-zone-de-police-de-weser-gohl-signale-des-effractions-a-noel-dans-plusieurs-villes\/#breadcrumb\",\"itemListElement\":[{\"@type\":\"ListItem\",\"position\":1,\"name\":\"Accueil\",\"item\":\"https:\/\/vieassociative.be\/actualites\/\"},{\"@type\":\"ListItem\",\"position\":2,\"name\":\"La zone de police de Weser-G\u00f6hl signale des effractions \u00e0 No\u00ebl dans plusieurs villes\"}]},{\"@type\":\"WebSite\",\"@id\":\"https:\/\/vieassociative.be\/actualites\/#website\",\"url\":\"https:\/\/vieassociative.be\/actualites\/\",\"name\":\"Vie Associative\",\"description\":\"\",\"publisher\":{\"@id\":\"https:\/\/vieassociative.be\/actualites\/#organization\"},\"potentialAction\":[{\"@type\":\"SearchAction\",\"target\":{\"@type\":\"EntryPoint\",\"urlTemplate\":\"https:\/\/vieassociative.be\/actualites\/?s={search_term_string}\"},\"query-input\":{\"@type\":\"PropertyValueSpecification\",\"valueRequired\":true,\"valueName\":\"search_term_string\"}}],\"inLanguage\":\"fr-BE\"},{\"@type\":\"Organization\",\"@id\":\"https:\/\/vieassociative.be\/actualites\/#organization\",\"name\":\"Vie Associative\",\"url\":\"https:\/\/vieassociative.be\/actualites\/\",\"logo\":{\"@type\":\"ImageObject\",\"inLanguage\":\"fr-BE\",\"@id\":\"https:\/\/vieassociative.be\/actualites\/#\/schema\/logo\/image\/\",\"url\":\"https:\/\/vieassociative.be\/actualites\/wp-content\/uploads\/2024\/09\/cropped-vieassociative_favicon.ico.png\",\"contentUrl\":\"https:\/\/vieassociative.be\/actualites\/wp-content\/uploads\/2024\/09\/cropped-vieassociative_favicon.ico.png\",\"width\":512,\"height\":512,\"caption\":\"Vie Associative\"},\"image\":{\"@id\":\"https:\/\/vieassociative.be\/actualites\/#\/schema\/logo\/image\/\"}},{\"@type\":\"Person\",\"@id\":\"https:\/\/vieassociative.be\/actualites\/#\/schema\/person\/b87ac4f82f9d4e7b7cec7395b679edc4\",\"name\":\"Julien\",\"image\":{\"@type\":\"ImageObject\",\"inLanguage\":\"fr-BE\",\"@id\":\"https:\/\/vieassociative.be\/actualites\/#\/schema\/person\/image\/\",\"url\":\"https:\/\/vieassociative.be\/actualites\/wp-content\/uploads\/2024\/09\/vie-associative-1-150x150.jpg\",\"contentUrl\":\"https:\/\/vieassociative.be\/actualites\/wp-content\/uploads\/2024\/09\/vie-associative-1-150x150.jpg\",\"caption\":\"Julien\"},\"description\":\"Je suis Julien, r\u00e9dacteur pour Vie Associative. Passionn\u00e9 par le monde associatif depuis plus de 10 ans, j'ai \u00e0 c\u0153ur de partager des histoires inspirantes et de mettre en lumi\u00e8re les initiatives locales. Mon objectif est de sensibiliser et d'encourager l'engagement communautaire \u00e0 travers mes articles.\",\"sameAs\":[\"https:\/\/vieassociative.be\/\"]}]}<\/script>\n<!-- \/ Yoast SEO plugin. -->","yoast_head_json":{"title":"La zone de police de Weser-G\u00f6hl signale des effractions \u00e0 No\u00ebl dans plusieurs villes | Vie Associative","robots":{"index":"index","follow":"follow","max-snippet":"max-snippet:-1","max-image-preview":"max-image-preview:large","max-video-preview":"max-video-preview:-1"},"canonical":"https:\/\/vieassociative.be\/actualites\/la-zone-de-police-de-weser-gohl-signale-des-effractions-a-noel-dans-plusieurs-villes\/","og_locale":"fr_FR","og_type":"article","og_title":"La zone de police de Weser-G\u00f6hl signale des effractions \u00e0 No\u00ebl dans plusieurs villes | Vie Associative","og_description":"Pendant la p\u00e9riode de No\u00ebl, des immeubles d&rsquo;habitation ont \u00e9t\u00e9 cambriol\u00e9s dans plusieurs villes, rapporte la zone de police de Weser-G\u00f6hl dans son rapport du","og_url":"https:\/\/vieassociative.be\/actualites\/la-zone-de-police-de-weser-gohl-signale-des-effractions-a-noel-dans-plusieurs-villes\/","og_site_name":"Vie Associative","article_published_time":"2025-12-29T18:17:48+00:00","og_image":[{"width":279,"height":92,"url":"https:\/\/vieassociative.be\/actualites\/wp-content\/uploads\/2024\/09\/header_backgroundk-01-e1726694325946.png","type":"image\/png"}],"author":"Julien","twitter_card":"summary_large_image","twitter_misc":{"\u00c9crit par":"Julien","Dur\u00e9e de lecture est.":"1 minute"},"schema":{"@context":"https:\/\/schema.org","@graph":[{"@type":"Article","@id":"https:\/\/vieassociative.be\/actualites\/la-zone-de-police-de-weser-gohl-signale-des-effractions-a-noel-dans-plusieurs-villes\/#article","isPartOf":{"@id":"https:\/\/vieassociative.be\/actualites\/la-zone-de-police-de-weser-gohl-signale-des-effractions-a-noel-dans-plusieurs-villes\/"},"author":{"name":"Julien","@id":"https:\/\/vieassociative.be\/actualites\/#\/schema\/person\/b87ac4f82f9d4e7b7cec7395b679edc4"},"headline":"La zone de police de Weser-G\u00f6hl signale des effractions \u00e0 No\u00ebl dans plusieurs villes","datePublished":"2025-12-29T18:17:48+00:00","dateModified":"2025-12-29T18:17:48+00:00","mainEntityOfPage":{"@id":"https:\/\/vieassociative.be\/actualites\/la-zone-de-police-de-weser-gohl-signale-des-effractions-a-noel-dans-plusieurs-villes\/"},"wordCount":291,"publisher":{"@id":"https:\/\/vieassociative.be\/actualites\/#organization"},"image":{"@id":"https:\/\/vieassociative.be\/actualites\/la-zone-de-police-de-weser-gohl-signale-des-effractions-a-noel-dans-plusieurs-villes\/#primaryimage"},"thumbnailUrl":"https:\/\/vieassociative.be\/actualites\/wp-content\/uploads\/2025\/12\/La-zone-de-police-de-Weser-Gohl-signale-des-effractions-a.jpg","keywords":["dans","Des","effractions","No\u00ebl","Plusieurs","police","signale","villes","WeserG\u00f6hl","zone"],"articleSection":["Belgique"],"inLanguage":"fr-BE"},{"@type":"WebPage","@id":"https:\/\/vieassociative.be\/actualites\/la-zone-de-police-de-weser-gohl-signale-des-effractions-a-noel-dans-plusieurs-villes\/","url":"https:\/\/vieassociative.be\/actualites\/la-zone-de-police-de-weser-gohl-signale-des-effractions-a-noel-dans-plusieurs-villes\/","name":"La zone de police de Weser-G\u00f6hl signale des effractions \u00e0 No\u00ebl dans plusieurs villes | Vie Associative","isPartOf":{"@id":"https:\/\/vieassociative.be\/actualites\/#website"},"primaryImageOfPage":{"@id":"https:\/\/vieassociative.be\/actualites\/la-zone-de-police-de-weser-gohl-signale-des-effractions-a-noel-dans-plusieurs-villes\/#primaryimage"},"image":{"@id":"https:\/\/vieassociative.be\/actualites\/la-zone-de-police-de-weser-gohl-signale-des-effractions-a-noel-dans-plusieurs-villes\/#primaryimage"},"thumbnailUrl":"https:\/\/vieassociative.be\/actualites\/wp-content\/uploads\/2025\/12\/La-zone-de-police-de-Weser-Gohl-signale-des-effractions-a.jpg","datePublished":"2025-12-29T18:17:48+00:00","dateModified":"2025-12-29T18:17:48+00:00","breadcrumb":{"@id":"https:\/\/vieassociative.be\/actualites\/la-zone-de-police-de-weser-gohl-signale-des-effractions-a-noel-dans-plusieurs-villes\/#breadcrumb"},"inLanguage":"fr-BE","potentialAction":[{"@type":"ReadAction","target":["https:\/\/vieassociative.be\/actualites\/la-zone-de-police-de-weser-gohl-signale-des-effractions-a-noel-dans-plusieurs-villes\/"]}]},{"@type":"ImageObject","inLanguage":"fr-BE","@id":"https:\/\/vieassociative.be\/actualites\/la-zone-de-police-de-weser-gohl-signale-des-effractions-a-noel-dans-plusieurs-villes\/#primaryimage","url":"https:\/\/vieassociative.be\/actualites\/wp-content\/uploads\/2025\/12\/La-zone-de-police-de-Weser-Gohl-signale-des-effractions-a.jpg","contentUrl":"https:\/\/vieassociative.be\/actualites\/wp-content\/uploads\/2025\/12\/La-zone-de-police-de-Weser-Gohl-signale-des-effractions-a.jpg","width":1200,"height":800,"caption":"La zone de police de Weser-G\u00f6hl signale des effractions \u00e0 No\u00ebl dans plusieurs villes"},{"@type":"BreadcrumbList","@id":"https:\/\/vieassociative.be\/actualites\/la-zone-de-police-de-weser-gohl-signale-des-effractions-a-noel-dans-plusieurs-villes\/#breadcrumb","itemListElement":[{"@type":"ListItem","position":1,"name":"Accueil","item":"https:\/\/vieassociative.be\/actualites\/"},{"@type":"ListItem","position":2,"name":"La zone de police de Weser-G\u00f6hl signale des effractions \u00e0 No\u00ebl dans plusieurs villes"}]},{"@type":"WebSite","@id":"https:\/\/vieassociative.be\/actualites\/#website","url":"https:\/\/vieassociative.be\/actualites\/","name":"Vie Associative","description":"","publisher":{"@id":"https:\/\/vieassociative.be\/actualites\/#organization"},"potentialAction":[{"@type":"SearchAction","target":{"@type":"EntryPoint","urlTemplate":"https:\/\/vieassociative.be\/actualites\/?s={search_term_string}"},"query-input":{"@type":"PropertyValueSpecification","valueRequired":true,"valueName":"search_term_string"}}],"inLanguage":"fr-BE"},{"@type":"Organization","@id":"https:\/\/vieassociative.be\/actualites\/#organization","name":"Vie Associative","url":"https:\/\/vieassociative.be\/actualites\/","logo":{"@type":"ImageObject","inLanguage":"fr-BE","@id":"https:\/\/vieassociative.be\/actualites\/#\/schema\/logo\/image\/","url":"https:\/\/vieassociative.be\/actualites\/wp-content\/uploads\/2024\/09\/cropped-vieassociative_favicon.ico.png","contentUrl":"https:\/\/vieassociative.be\/actualites\/wp-content\/uploads\/2024\/09\/cropped-vieassociative_favicon.ico.png","width":512,"height":512,"caption":"Vie Associative"},"image":{"@id":"https:\/\/vieassociative.be\/actualites\/#\/schema\/logo\/image\/"}},{"@type":"Person","@id":"https:\/\/vieassociative.be\/actualites\/#\/schema\/person\/b87ac4f82f9d4e7b7cec7395b679edc4","name":"Julien","image":{"@type":"ImageObject","inLanguage":"fr-BE","@id":"https:\/\/vieassociative.be\/actualites\/#\/schema\/person\/image\/","url":"https:\/\/vieassociative.be\/actualites\/wp-content\/uploads\/2024\/09\/vie-associative-1-150x150.jpg","contentUrl":"https:\/\/vieassociative.be\/actualites\/wp-content\/uploads\/2024\/09\/vie-associative-1-150x150.jpg","caption":"Julien"},"description":"Je suis Julien, r\u00e9dacteur pour Vie Associative. Passionn\u00e9 par le monde associatif depuis plus de 10 ans, j'ai \u00e0 c\u0153ur de partager des histoires inspirantes et de mettre en lumi\u00e8re les initiatives locales. Mon objectif est de sensibiliser et d'encourager l'engagement communautaire \u00e0 travers mes articles.","sameAs":["https:\/\/vieassociative.be\/"]}]}},"_links":{"self":[{"href":"https:\/\/vieassociative.be\/actualites\/wp-json\/wp\/v2\/posts\/12029"}],"collection":[{"href":"https:\/\/vieassociative.be\/actualites\/wp-json\/wp\/v2\/posts"}],"about":[{"href":"https:\/\/vieassociative.be\/actualites\/wp-json\/wp\/v2\/types\/post"}],"author":[{"embeddable":true,"href":"https:\/\/vieassociative.be\/actualites\/wp-json\/wp\/v2\/users\/1"}],"replies":[{"embeddable":true,"href":"https:\/\/vieassociative.be\/actualites\/wp-json\/wp\/v2\/comments?post=12029"}],"version-history":[{"count":0,"href":"https:\/\/vieassociative.be\/actualites\/wp-json\/wp\/v2\/posts\/12029\/revisions"}],"wp:featuredmedia":[{"embeddable":true,"href":"https:\/\/vieassociative.be\/actualites\/wp-json\/wp\/v2\/media\/12030"}],"wp:attachment":[{"href":"https:\/\/vieassociative.be\/actualites\/wp-json\/wp\/v2\/media?parent=12029"}],"wp:term":[{"taxonomy":"category","embeddable":true,"href":"https:\/\/vieassociative.be\/actualites\/wp-json\/wp\/v2\/categories?post=12029"},{"taxonomy":"post_tag","embeddable":true,"href":"https:\/\/vieassociative.be\/actualites\/wp-json\/wp\/v2\/tags?post=12029"}],"curies":[{"name":"wp","href":"https:\/\/api.w.org\/{rel}","templated":true}]}}