{"id":1201,"date":"2024-10-14T04:18:16","date_gmt":"2024-10-14T02:18:16","guid":{"rendered":"https:\/\/vieassociative.be\/actualites\/comment-configurer-le-controle-parental-sur-tiktok\/"},"modified":"2024-10-14T04:18:16","modified_gmt":"2024-10-14T02:18:16","slug":"comment-configurer-le-controle-parental-sur-tiktok","status":"publish","type":"post","link":"https:\/\/vieassociative.be\/actualites\/comment-configurer-le-controle-parental-sur-tiktok\/","title":{"rendered":"Comment configurer le contr\u00f4le parental sur TikTok"},"content":{"rendered":"<div class=\"mt-4 leading-6 md:mb-8\">Lorsque vous avez fini de visionner les vid\u00e9os de danse, essayez le flux STEM.<\/div>\n<p><\/p>\n<p>Depuis plusieurs ann\u00e9es, TikTok propose une fonctionnalit\u00e9 appel\u00e9e \u00ab Family Pairing \u00bb. Il permet aux parents de contr\u00f4ler les param\u00e8tres de confidentialit\u00e9 de leurs enfants en reliant les comptes des parents \u00e0 ceux de leurs enfants. Comme d\u00e9crit dans notre article de 2020, les parents peuvent contr\u00f4ler la dur\u00e9e pendant laquelle leur enfant passe sur l&rsquo;application, restreindre ou d\u00e9sactiver les messages directs, s\u00e9lectionner qui peut voir le contenu de leur enfant et limiter l&rsquo;exposition \u00e0 des vid\u00e9os inappropri\u00e9es en autorisant certains mots ou hashtags \u00e0 \u00eatre affich\u00e9s. filtr\u00e9s et \u00e9vit\u00e9s, le tout depuis leur compte.<\/p>\n<p>Depuis l\u2019introduction du \u00ab Family Pairing \u00bb, TikTok continue d\u2019offrir des am\u00e9liorations qui assurent la s\u00e9curit\u00e9 des jeunes utilisateurs tout en les aidant \u00e0 explorer leurs int\u00e9r\u00eats. Nous avons d\u00e9crit plusieurs options ci-dessous.<\/p>\n<h2 id=\"setting-up-family-pairing-on-tiktok\">Mise en place du \u00ab\u00a0Jumelage familial\u00a0\u00bb sur TikTok<\/h2>\n<p>Avant de plonger dans les nouvelles fonctionnalit\u00e9s destin\u00e9es aux parents, examinons les instructions de configuration de cette fonctionnalit\u00e9, via le centre d&rsquo;aide de TikTok\u00a0: <\/p>\n<blockquote>\n<p>Comment configurer le jumelage familial<\/p>\n<\/blockquote>\n<blockquote>\n<p>Pour lier les comptes parent et adolescent\u00a0:<\/p>\n<\/blockquote>\n<blockquote>\n<p>1. Dans l&rsquo;application TikTok, appuyez sur Profil en bas.<\/p>\n<\/blockquote>\n<blockquote>\n<p>2. Appuyez sur le bouton Menu en haut.<\/p>\n<\/blockquote>\n<blockquote>\n<p>3. Appuyez sur Param\u00e8tres et confidentialit\u00e9, puis appuyez sur Couplage familial.<\/p>\n<\/blockquote>\n<blockquote>\n<p>4. Appuyez sur Parent ou Adolescent.<\/p>\n<\/blockquote>\n<blockquote>\n<p>5. Suivez les \u00e9tapes de l&rsquo;application pour lier des comptes.<\/p>\n<\/blockquote>\n<blockquote>\n<p>Comment g\u00e9rer les commandes de jumelage familial<\/p>\n<\/blockquote>\n<blockquote>\n<p>Pour g\u00e9rer ou afficher les commandes de jumelage familial\u00a0:<\/p>\n<\/blockquote>\n<blockquote>\n<p>1. Dans l&rsquo;application TikTok, appuyez sur Profil en bas.<\/p>\n<\/blockquote>\n<blockquote>\n<p>2. Appuyez sur le bouton Menu en haut.<\/p>\n<\/blockquote>\n<blockquote>\n<p>3. Appuyez sur Param\u00e8tres et confidentialit\u00e9, puis appuyez sur Couplage familial.<\/p>\n<\/blockquote>\n<blockquote>\n<p>4. S\u00e9lectionnez le compte que vous souhaitez g\u00e9rer.<\/p>\n<\/blockquote>\n<blockquote>\n<p>5. Mettez \u00e0 jour les contr\u00f4les, si n\u00e9cessaire.<\/p>\n<\/blockquote>\n<p>Pour en savoir plus, le centre d&rsquo;aide de la plateforme vid\u00e9o propose des instructions d\u00e9taill\u00e9es sur l&rsquo;utilisation de cette fonctionnalit\u00e9 et la personnalisation des param\u00e8tres du compte de votre adolescent.<\/p>\n<h2 id=\"stem-feed\">Alimentation STEM<\/h2>\n<p>Si votre adolescent aime en apprendre davantage sur les sciences, la technologie, l&rsquo;ing\u00e9nierie et les math\u00e9matiques, cette fonctionnalit\u00e9 donne la priorit\u00e9 \u00e0 ces vid\u00e9os dans son flux. Common Sense Networks et Poynter v\u00e9rifient le contenu du flux pour s&rsquo;assurer qu&rsquo;il est appropri\u00e9 et exact. Le flux STEM est activ\u00e9 par d\u00e9faut pour les moins de 18 ans. Parce que les adultes aiment aussi ces vid\u00e9os, vous pouvez vous inscrire en allant sur <strong>Param\u00e8tres et confidentialit\u00e9 > Pr\u00e9f\u00e9rences de contenu > Flux STEM<\/strong> \u00e0 l&rsquo;int\u00e9rieur de l&rsquo;application.<\/p>\n<h2 id=\"screen-time-management\">Gestion du temps d&rsquo;\u00e9cran<\/h2>\n<p>Depuis mars dernier, TikTok a fix\u00e9 une limite d\u2019une heure pour chaque compte appartenant \u00e0 un mineur. Si un adolescent souhaite continuer \u00e0 regarder, TikTok affichera une invite pour saisir un mot de passe pour prolonger sa dur\u00e9e. Toute personne de moins de 18 ans qui se d\u00e9sengage de la p\u00e9riode par d\u00e9faut de 60 minutes et passe plus de 100 minutes sur l&rsquo;application est invit\u00e9e \u00e0 d\u00e9finir une limite de temps d&rsquo;\u00e9cran quotidienne.<\/p>\n<p>De plus, les parents utilisant \u00ab\u00a0Family Pairing\u00a0\u00bb peuvent personnaliser les limites de temps d&rsquo;\u00e9cran, ainsi que pour certains jours de la semaine\u00a0: par exemple, vous pouvez donner \u00e0 vos enfants plus de temps le week-end pour regarder des vid\u00e9os pr\u00e9sentant le dernier d\u00e9fi de danse viral. Les parents ont \u00e9galement acc\u00e8s au tableau de bord du temps d&rsquo;\u00e9cran de leur adolescent, qui affiche le temps pass\u00e9 sur l&rsquo;application, le nombre de moments o\u00f9 elle a \u00e9t\u00e9 ouverte et le moment o\u00f9 elle a \u00e9t\u00e9 utilis\u00e9e. <\/p>\n<h2 id=\"mute-notifications\">D\u00e9sactiver les notifications<\/h2>\n<p>Si vous souhaitez que votre enfant reste concentr\u00e9 pendant les heures d&rsquo;\u00e9cole et de sommeil, un nouveau param\u00e8tre permet aux parents de d\u00e9sactiver les notifications push pour leur enfant. Par d\u00e9faut, les adolescents \u00e2g\u00e9s de 13 \u00e0 15 ans ne re\u00e7oivent pas d&rsquo;alertes apr\u00e8s 21 heures, et les adolescents \u00e2g\u00e9s de 16 et 17 ans ne voient pas les alertes apr\u00e8s 22 heures.<\/p>\n<p>Pour plus d\u2019informations sur ces fonctionnalit\u00e9s, vous pouvez consulter ce guide sur lequel TikTok a travaill\u00e9 avec la National PTA. Il existe \u00e9galement des vid\u00e9os \u00e9ducatives sur la s\u00e9curit\u00e9 et un guide du gardien.<\/p>\n<p><script async src=\"\/\/www.tiktok.com\/embed.js\"><\/script><\/p>\n","protected":false},"excerpt":{"rendered":"<p>Lorsque vous avez fini de visionner les vid\u00e9os de danse, essayez le flux STEM. Depuis plusieurs ann\u00e9es, TikTok propose une fonctionnalit\u00e9 appel\u00e9e \u00ab Family Pairing<\/p>\n","protected":false},"author":1,"featured_media":1202,"comment_status":"","ping_status":"","sticky":false,"template":"","format":"standard","meta":{"footnotes":""},"categories":[37],"tags":[44,1785,360,1044,33,75],"class_list":["post-1201","post","type-post","status-publish","format-standard","has-post-thumbnail","hentry","category-famille","tag-comment","tag-configurer","tag-controle","tag-parental","tag-sur","tag-tiktok","generate-columns","tablet-grid-50","mobile-grid-100","grid-parent","grid-33"],"yoast_head":"<!-- This site is optimized with the Yoast SEO plugin v24.0 - https:\/\/yoast.com\/wordpress\/plugins\/seo\/ -->\n<title>Comment configurer le contr\u00f4le parental sur TikTok | Vie Associative<\/title>\n<meta name=\"robots\" content=\"index, follow, max-snippet:-1, max-image-preview:large, max-video-preview:-1\" \/>\n<link rel=\"canonical\" href=\"https:\/\/vieassociative.be\/actualites\/comment-configurer-le-controle-parental-sur-tiktok\/\" \/>\n<meta property=\"og:locale\" content=\"fr_FR\" \/>\n<meta property=\"og:type\" content=\"article\" \/>\n<meta property=\"og:title\" content=\"Comment configurer le contr\u00f4le parental sur TikTok | Vie Associative\" \/>\n<meta property=\"og:description\" content=\"Lorsque vous avez fini de visionner les vid\u00e9os de danse, essayez le flux STEM. Depuis plusieurs ann\u00e9es, TikTok propose une fonctionnalit\u00e9 appel\u00e9e \u00ab Family Pairing\" \/>\n<meta property=\"og:url\" content=\"https:\/\/vieassociative.be\/actualites\/comment-configurer-le-controle-parental-sur-tiktok\/\" \/>\n<meta property=\"og:site_name\" content=\"Vie Associative\" \/>\n<meta property=\"article:published_time\" content=\"2024-10-14T02:18:16+00:00\" \/>\n<meta property=\"og:image\" content=\"https:\/\/vieassociative.be\/actualites\/wp-content\/uploads\/2024\/09\/header_backgroundk-01-e1726694325946.png\" \/>\n\t<meta property=\"og:image:width\" content=\"279\" \/>\n\t<meta property=\"og:image:height\" content=\"92\" \/>\n\t<meta property=\"og:image:type\" content=\"image\/png\" \/>\n<meta name=\"author\" content=\"Julien\" \/>\n<meta name=\"twitter:card\" content=\"summary_large_image\" \/>\n<meta name=\"twitter:label1\" content=\"\u00c9crit par\" \/>\n\t<meta name=\"twitter:data1\" content=\"Julien\" \/>\n\t<meta name=\"twitter:label2\" content=\"Dur\u00e9e de lecture est.\" \/>\n\t<meta name=\"twitter:data2\" content=\"4 minutes\" \/>\n<script type=\"application\/ld+json\" class=\"yoast-schema-graph\">{\"@context\":\"https:\/\/schema.org\",\"@graph\":[{\"@type\":\"Article\",\"@id\":\"https:\/\/vieassociative.be\/actualites\/comment-configurer-le-controle-parental-sur-tiktok\/#article\",\"isPartOf\":{\"@id\":\"https:\/\/vieassociative.be\/actualites\/comment-configurer-le-controle-parental-sur-tiktok\/\"},\"author\":{\"name\":\"Julien\",\"@id\":\"https:\/\/vieassociative.be\/actualites\/#\/schema\/person\/b87ac4f82f9d4e7b7cec7395b679edc4\"},\"headline\":\"Comment configurer le contr\u00f4le parental sur TikTok\",\"datePublished\":\"2024-10-14T02:18:16+00:00\",\"dateModified\":\"2024-10-14T02:18:16+00:00\",\"mainEntityOfPage\":{\"@id\":\"https:\/\/vieassociative.be\/actualites\/comment-configurer-le-controle-parental-sur-tiktok\/\"},\"wordCount\":732,\"publisher\":{\"@id\":\"https:\/\/vieassociative.be\/actualites\/#organization\"},\"image\":{\"@id\":\"https:\/\/vieassociative.be\/actualites\/comment-configurer-le-controle-parental-sur-tiktok\/#primaryimage\"},\"thumbnailUrl\":\"https:\/\/vieassociative.be\/actualites\/wp-content\/uploads\/2024\/10\/Comment-configurer-le-controle-parental-sur-TikTok.jpg\",\"keywords\":[\"Comment\",\"configurer\",\"contr\u00f4le\",\"parental\",\"sur\",\"TikTok\"],\"articleSection\":[\"Famille\"],\"inLanguage\":\"fr-BE\"},{\"@type\":\"WebPage\",\"@id\":\"https:\/\/vieassociative.be\/actualites\/comment-configurer-le-controle-parental-sur-tiktok\/\",\"url\":\"https:\/\/vieassociative.be\/actualites\/comment-configurer-le-controle-parental-sur-tiktok\/\",\"name\":\"Comment configurer le contr\u00f4le parental sur TikTok | Vie Associative\",\"isPartOf\":{\"@id\":\"https:\/\/vieassociative.be\/actualites\/#website\"},\"primaryImageOfPage\":{\"@id\":\"https:\/\/vieassociative.be\/actualites\/comment-configurer-le-controle-parental-sur-tiktok\/#primaryimage\"},\"image\":{\"@id\":\"https:\/\/vieassociative.be\/actualites\/comment-configurer-le-controle-parental-sur-tiktok\/#primaryimage\"},\"thumbnailUrl\":\"https:\/\/vieassociative.be\/actualites\/wp-content\/uploads\/2024\/10\/Comment-configurer-le-controle-parental-sur-TikTok.jpg\",\"datePublished\":\"2024-10-14T02:18:16+00:00\",\"dateModified\":\"2024-10-14T02:18:16+00:00\",\"breadcrumb\":{\"@id\":\"https:\/\/vieassociative.be\/actualites\/comment-configurer-le-controle-parental-sur-tiktok\/#breadcrumb\"},\"inLanguage\":\"fr-BE\",\"potentialAction\":[{\"@type\":\"ReadAction\",\"target\":[\"https:\/\/vieassociative.be\/actualites\/comment-configurer-le-controle-parental-sur-tiktok\/\"]}]},{\"@type\":\"ImageObject\",\"inLanguage\":\"fr-BE\",\"@id\":\"https:\/\/vieassociative.be\/actualites\/comment-configurer-le-controle-parental-sur-tiktok\/#primaryimage\",\"url\":\"https:\/\/vieassociative.be\/actualites\/wp-content\/uploads\/2024\/10\/Comment-configurer-le-controle-parental-sur-TikTok.jpg\",\"contentUrl\":\"https:\/\/vieassociative.be\/actualites\/wp-content\/uploads\/2024\/10\/Comment-configurer-le-controle-parental-sur-TikTok.jpg\",\"width\":1200,\"height\":675,\"caption\":\"Comment configurer le contr\u00f4le parental sur TikTok\"},{\"@type\":\"BreadcrumbList\",\"@id\":\"https:\/\/vieassociative.be\/actualites\/comment-configurer-le-controle-parental-sur-tiktok\/#breadcrumb\",\"itemListElement\":[{\"@type\":\"ListItem\",\"position\":1,\"name\":\"Accueil\",\"item\":\"https:\/\/vieassociative.be\/actualites\/\"},{\"@type\":\"ListItem\",\"position\":2,\"name\":\"Comment configurer le contr\u00f4le parental sur TikTok\"}]},{\"@type\":\"WebSite\",\"@id\":\"https:\/\/vieassociative.be\/actualites\/#website\",\"url\":\"https:\/\/vieassociative.be\/actualites\/\",\"name\":\"Vie Associative\",\"description\":\"\",\"publisher\":{\"@id\":\"https:\/\/vieassociative.be\/actualites\/#organization\"},\"potentialAction\":[{\"@type\":\"SearchAction\",\"target\":{\"@type\":\"EntryPoint\",\"urlTemplate\":\"https:\/\/vieassociative.be\/actualites\/?s={search_term_string}\"},\"query-input\":{\"@type\":\"PropertyValueSpecification\",\"valueRequired\":true,\"valueName\":\"search_term_string\"}}],\"inLanguage\":\"fr-BE\"},{\"@type\":\"Organization\",\"@id\":\"https:\/\/vieassociative.be\/actualites\/#organization\",\"name\":\"Vie Associative\",\"url\":\"https:\/\/vieassociative.be\/actualites\/\",\"logo\":{\"@type\":\"ImageObject\",\"inLanguage\":\"fr-BE\",\"@id\":\"https:\/\/vieassociative.be\/actualites\/#\/schema\/logo\/image\/\",\"url\":\"https:\/\/vieassociative.be\/actualites\/wp-content\/uploads\/2024\/09\/cropped-vieassociative_favicon.ico.png\",\"contentUrl\":\"https:\/\/vieassociative.be\/actualites\/wp-content\/uploads\/2024\/09\/cropped-vieassociative_favicon.ico.png\",\"width\":512,\"height\":512,\"caption\":\"Vie Associative\"},\"image\":{\"@id\":\"https:\/\/vieassociative.be\/actualites\/#\/schema\/logo\/image\/\"}},{\"@type\":\"Person\",\"@id\":\"https:\/\/vieassociative.be\/actualites\/#\/schema\/person\/b87ac4f82f9d4e7b7cec7395b679edc4\",\"name\":\"Julien\",\"image\":{\"@type\":\"ImageObject\",\"inLanguage\":\"fr-BE\",\"@id\":\"https:\/\/vieassociative.be\/actualites\/#\/schema\/person\/image\/\",\"url\":\"https:\/\/vieassociative.be\/actualites\/wp-content\/uploads\/2024\/09\/vie-associative-1-150x150.jpg\",\"contentUrl\":\"https:\/\/vieassociative.be\/actualites\/wp-content\/uploads\/2024\/09\/vie-associative-1-150x150.jpg\",\"caption\":\"Julien\"},\"description\":\"Je suis Julien, r\u00e9dacteur pour Vie Associative. Passionn\u00e9 par le monde associatif depuis plus de 10 ans, j'ai \u00e0 c\u0153ur de partager des histoires inspirantes et de mettre en lumi\u00e8re les initiatives locales. Mon objectif est de sensibiliser et d'encourager l'engagement communautaire \u00e0 travers mes articles.\",\"sameAs\":[\"https:\/\/vieassociative.be\/\"]}]}<\/script>\n<!-- \/ Yoast SEO plugin. -->","yoast_head_json":{"title":"Comment configurer le contr\u00f4le parental sur TikTok | Vie Associative","robots":{"index":"index","follow":"follow","max-snippet":"max-snippet:-1","max-image-preview":"max-image-preview:large","max-video-preview":"max-video-preview:-1"},"canonical":"https:\/\/vieassociative.be\/actualites\/comment-configurer-le-controle-parental-sur-tiktok\/","og_locale":"fr_FR","og_type":"article","og_title":"Comment configurer le contr\u00f4le parental sur TikTok | Vie Associative","og_description":"Lorsque vous avez fini de visionner les vid\u00e9os de danse, essayez le flux STEM. Depuis plusieurs ann\u00e9es, TikTok propose une fonctionnalit\u00e9 appel\u00e9e \u00ab Family Pairing","og_url":"https:\/\/vieassociative.be\/actualites\/comment-configurer-le-controle-parental-sur-tiktok\/","og_site_name":"Vie Associative","article_published_time":"2024-10-14T02:18:16+00:00","og_image":[{"width":279,"height":92,"url":"https:\/\/vieassociative.be\/actualites\/wp-content\/uploads\/2024\/09\/header_backgroundk-01-e1726694325946.png","type":"image\/png"}],"author":"Julien","twitter_card":"summary_large_image","twitter_misc":{"\u00c9crit par":"Julien","Dur\u00e9e de lecture est.":"4 minutes"},"schema":{"@context":"https:\/\/schema.org","@graph":[{"@type":"Article","@id":"https:\/\/vieassociative.be\/actualites\/comment-configurer-le-controle-parental-sur-tiktok\/#article","isPartOf":{"@id":"https:\/\/vieassociative.be\/actualites\/comment-configurer-le-controle-parental-sur-tiktok\/"},"author":{"name":"Julien","@id":"https:\/\/vieassociative.be\/actualites\/#\/schema\/person\/b87ac4f82f9d4e7b7cec7395b679edc4"},"headline":"Comment configurer le contr\u00f4le parental sur TikTok","datePublished":"2024-10-14T02:18:16+00:00","dateModified":"2024-10-14T02:18:16+00:00","mainEntityOfPage":{"@id":"https:\/\/vieassociative.be\/actualites\/comment-configurer-le-controle-parental-sur-tiktok\/"},"wordCount":732,"publisher":{"@id":"https:\/\/vieassociative.be\/actualites\/#organization"},"image":{"@id":"https:\/\/vieassociative.be\/actualites\/comment-configurer-le-controle-parental-sur-tiktok\/#primaryimage"},"thumbnailUrl":"https:\/\/vieassociative.be\/actualites\/wp-content\/uploads\/2024\/10\/Comment-configurer-le-controle-parental-sur-TikTok.jpg","keywords":["Comment","configurer","contr\u00f4le","parental","sur","TikTok"],"articleSection":["Famille"],"inLanguage":"fr-BE"},{"@type":"WebPage","@id":"https:\/\/vieassociative.be\/actualites\/comment-configurer-le-controle-parental-sur-tiktok\/","url":"https:\/\/vieassociative.be\/actualites\/comment-configurer-le-controle-parental-sur-tiktok\/","name":"Comment configurer le contr\u00f4le parental sur TikTok | Vie Associative","isPartOf":{"@id":"https:\/\/vieassociative.be\/actualites\/#website"},"primaryImageOfPage":{"@id":"https:\/\/vieassociative.be\/actualites\/comment-configurer-le-controle-parental-sur-tiktok\/#primaryimage"},"image":{"@id":"https:\/\/vieassociative.be\/actualites\/comment-configurer-le-controle-parental-sur-tiktok\/#primaryimage"},"thumbnailUrl":"https:\/\/vieassociative.be\/actualites\/wp-content\/uploads\/2024\/10\/Comment-configurer-le-controle-parental-sur-TikTok.jpg","datePublished":"2024-10-14T02:18:16+00:00","dateModified":"2024-10-14T02:18:16+00:00","breadcrumb":{"@id":"https:\/\/vieassociative.be\/actualites\/comment-configurer-le-controle-parental-sur-tiktok\/#breadcrumb"},"inLanguage":"fr-BE","potentialAction":[{"@type":"ReadAction","target":["https:\/\/vieassociative.be\/actualites\/comment-configurer-le-controle-parental-sur-tiktok\/"]}]},{"@type":"ImageObject","inLanguage":"fr-BE","@id":"https:\/\/vieassociative.be\/actualites\/comment-configurer-le-controle-parental-sur-tiktok\/#primaryimage","url":"https:\/\/vieassociative.be\/actualites\/wp-content\/uploads\/2024\/10\/Comment-configurer-le-controle-parental-sur-TikTok.jpg","contentUrl":"https:\/\/vieassociative.be\/actualites\/wp-content\/uploads\/2024\/10\/Comment-configurer-le-controle-parental-sur-TikTok.jpg","width":1200,"height":675,"caption":"Comment configurer le contr\u00f4le parental sur TikTok"},{"@type":"BreadcrumbList","@id":"https:\/\/vieassociative.be\/actualites\/comment-configurer-le-controle-parental-sur-tiktok\/#breadcrumb","itemListElement":[{"@type":"ListItem","position":1,"name":"Accueil","item":"https:\/\/vieassociative.be\/actualites\/"},{"@type":"ListItem","position":2,"name":"Comment configurer le contr\u00f4le parental sur TikTok"}]},{"@type":"WebSite","@id":"https:\/\/vieassociative.be\/actualites\/#website","url":"https:\/\/vieassociative.be\/actualites\/","name":"Vie Associative","description":"","publisher":{"@id":"https:\/\/vieassociative.be\/actualites\/#organization"},"potentialAction":[{"@type":"SearchAction","target":{"@type":"EntryPoint","urlTemplate":"https:\/\/vieassociative.be\/actualites\/?s={search_term_string}"},"query-input":{"@type":"PropertyValueSpecification","valueRequired":true,"valueName":"search_term_string"}}],"inLanguage":"fr-BE"},{"@type":"Organization","@id":"https:\/\/vieassociative.be\/actualites\/#organization","name":"Vie Associative","url":"https:\/\/vieassociative.be\/actualites\/","logo":{"@type":"ImageObject","inLanguage":"fr-BE","@id":"https:\/\/vieassociative.be\/actualites\/#\/schema\/logo\/image\/","url":"https:\/\/vieassociative.be\/actualites\/wp-content\/uploads\/2024\/09\/cropped-vieassociative_favicon.ico.png","contentUrl":"https:\/\/vieassociative.be\/actualites\/wp-content\/uploads\/2024\/09\/cropped-vieassociative_favicon.ico.png","width":512,"height":512,"caption":"Vie Associative"},"image":{"@id":"https:\/\/vieassociative.be\/actualites\/#\/schema\/logo\/image\/"}},{"@type":"Person","@id":"https:\/\/vieassociative.be\/actualites\/#\/schema\/person\/b87ac4f82f9d4e7b7cec7395b679edc4","name":"Julien","image":{"@type":"ImageObject","inLanguage":"fr-BE","@id":"https:\/\/vieassociative.be\/actualites\/#\/schema\/person\/image\/","url":"https:\/\/vieassociative.be\/actualites\/wp-content\/uploads\/2024\/09\/vie-associative-1-150x150.jpg","contentUrl":"https:\/\/vieassociative.be\/actualites\/wp-content\/uploads\/2024\/09\/vie-associative-1-150x150.jpg","caption":"Julien"},"description":"Je suis Julien, r\u00e9dacteur pour Vie Associative. Passionn\u00e9 par le monde associatif depuis plus de 10 ans, j'ai \u00e0 c\u0153ur de partager des histoires inspirantes et de mettre en lumi\u00e8re les initiatives locales. Mon objectif est de sensibiliser et d'encourager l'engagement communautaire \u00e0 travers mes articles.","sameAs":["https:\/\/vieassociative.be\/"]}]}},"_links":{"self":[{"href":"https:\/\/vieassociative.be\/actualites\/wp-json\/wp\/v2\/posts\/1201"}],"collection":[{"href":"https:\/\/vieassociative.be\/actualites\/wp-json\/wp\/v2\/posts"}],"about":[{"href":"https:\/\/vieassociative.be\/actualites\/wp-json\/wp\/v2\/types\/post"}],"author":[{"embeddable":true,"href":"https:\/\/vieassociative.be\/actualites\/wp-json\/wp\/v2\/users\/1"}],"replies":[{"embeddable":true,"href":"https:\/\/vieassociative.be\/actualites\/wp-json\/wp\/v2\/comments?post=1201"}],"version-history":[{"count":0,"href":"https:\/\/vieassociative.be\/actualites\/wp-json\/wp\/v2\/posts\/1201\/revisions"}],"wp:featuredmedia":[{"embeddable":true,"href":"https:\/\/vieassociative.be\/actualites\/wp-json\/wp\/v2\/media\/1202"}],"wp:attachment":[{"href":"https:\/\/vieassociative.be\/actualites\/wp-json\/wp\/v2\/media?parent=1201"}],"wp:term":[{"taxonomy":"category","embeddable":true,"href":"https:\/\/vieassociative.be\/actualites\/wp-json\/wp\/v2\/categories?post=1201"},{"taxonomy":"post_tag","embeddable":true,"href":"https:\/\/vieassociative.be\/actualites\/wp-json\/wp\/v2\/tags?post=1201"}],"curies":[{"name":"wp","href":"https:\/\/api.w.org\/{rel}","templated":true}]}}