{"id":11968,"date":"2025-12-24T13:17:23","date_gmt":"2025-12-24T12:17:23","guid":{"rendered":"https:\/\/vieassociative.be\/actualites\/dans-un-cafe-deupen-une-femme-est-tellement-ivre-quil-faut-appeler-une-ambulance\/"},"modified":"2025-12-24T13:17:23","modified_gmt":"2025-12-24T12:17:23","slug":"dans-un-cafe-deupen-une-femme-est-tellement-ivre-quil-faut-appeler-une-ambulance","status":"publish","type":"post","link":"https:\/\/vieassociative.be\/actualites\/dans-un-cafe-deupen-une-femme-est-tellement-ivre-quil-faut-appeler-une-ambulance\/","title":{"rendered":"Dans un caf\u00e9 d&rsquo;Eupen, une femme est tellement ivre qu&rsquo;il faut appeler une ambulance"},"content":{"rendered":"<p><strong>La zone de police de Weser-G\u00f6hl a signal\u00e9 plusieurs incidents dans son rapport du lundi 22 d\u00e9cembre. Il y avait beaucoup d&rsquo;alcool le dernier week-end avant No\u00ebl.<\/strong><\/p>\n<p><span id=\"more-432537\"><\/span><strong>\u2013 Vitrine bris\u00e9e :<\/strong> Le 19 d\u00e9cembre, une femme s&rsquo;est pr\u00e9sent\u00e9e au commissariat d&rsquo;Eupen. Elle rapporte qu&rsquo;elle a gar\u00e9 sa voiture sur le parking d&rsquo;un magasin \u00e0 Lontzen, dans la Neutralstrasse, \u00e0 13h40. Lorsqu&rsquo;elle regagne son v\u00e9hicule vers 15h10, elle d\u00e9couvre qu&rsquo;une vitre de son v\u00e9hicule avait \u00e9t\u00e9 bris\u00e9e. \u00c0 premi\u00e8re vue, rien n\u2019a \u00e9t\u00e9 vol\u00e9 \u00e0 l\u2019int\u00e9rieur.<\/p>\n<p><strong>\u2013 Coffre-fort vol\u00e9 :<\/strong> Le 19 d\u00e9cembre, entre 15h. Vers 17h20, quelqu&rsquo;un a p\u00e9n\u00e9tr\u00e9 d&rsquo;une mani\u00e8re encore inconnue dans un appartement d&rsquo;un immeuble d&rsquo;Eupen, Marktplatz. Des bijoux et un coffre-fort sont vol\u00e9s \u00e0 l&rsquo;int\u00e9rieur.<\/p>\n<div id=\"attachment_29429\" class=\"wp-caption alignleft\" style=\"max-width: 300px\"><img fetchpriority=\"high\" decoding=\"async\" class=\"wp-image-29429 size-medium\" src=\"https:\/\/vieassociative.be\/actualites\/wp-content\/uploads\/2025\/08\/Planiteurs-de-poesie-aveugles-du-soleil-Collision-avec-une-voiture.jpg\" alt=\"\" width=\"300\" height=\"200\"  ><\/div>\n<p><strong>\u2013 Ivre dans le bus :<\/strong> Le 19 d\u00e9cembre, les services de la zone de police Weser-G\u00f6hl ont \u00e9t\u00e9 appel\u00e9s \u00e0 18h37 dans la Aachener Stra\u00dfe \u00e0 Eupen. Vous signalez des probl\u00e8mes avec une personne dans un bus public. Sur place, la police a d\u00e9couvert un homme compl\u00e8tement ivre qui dormait dans le bus. Il est r\u00e9veill\u00e9 et quitte le bus. L&rsquo;homme ne parvient pas \u00e0 s&rsquo;identifier et affiche un comportement extr\u00eamement agressif. Il est arr\u00eat\u00e9 et conduit en cellule de d\u00e9grisement. Lors de la perquisition de s\u00e9curit\u00e9, de petites quantit\u00e9s de stup\u00e9fiants divers ont \u00e9t\u00e9 trouv\u00e9es.<\/p>\n<p><strong>\u2013 Le conducteur s\u2019enfuit ;<\/strong> Le 19 d\u00e9cembre \u00e0 23h30 un accident a \u00e9t\u00e9 signal\u00e9 \u00e0 Schnellenberg dans la Calamine. Une voiture a percut\u00e9 un talus et plusieurs arbres. Le conducteur a pris la fuite \u00e0 pied. La voiture peut \u00eatre trouv\u00e9e sur place. Tous les airbags sont d\u00e9ploy\u00e9s et une roue est \u00e9teinte. Le chauffeur se cache dans la M\u00fchlenweg. Lorsqu&rsquo;il aper\u00e7oit la police, il s&rsquo;enfuit, mais est rattrap\u00e9 dans un pr\u00e9. Il est fortement sous l&#8217;emprise de l&rsquo;alcool. Son permis de conduire est confisqu\u00e9.<\/p>\n<p><strong>\u2013 Tentative d\u2019effraction :<\/strong> Le 21 d\u00e9cembre, les services de la zone de police de Weser-G\u00f6hl ont \u00e9t\u00e9 appel\u00e9s dans une maison d&rsquo;Eupen, N\u00f6retherstra\u00dfe. On a tent\u00e9 d&rsquo;ouvrir deux fen\u00eatres \u00e0 l&rsquo;arri\u00e8re. Cependant, cela a \u00e9chou\u00e9 et personne n\u2019a pu entrer.<\/p>\n<p><strong>\u2013 Femme compl\u00e8tement ivre dans un caf\u00e9 :<\/strong> Le 21 d\u00e9cembre, nos services ont \u00e9t\u00e9 appel\u00e9s dans un caf\u00e9 d&rsquo;Eupen, Bergstrasse, \u00e0 16h30. parce qu&rsquo;il y avait des probl\u00e8mes avec un client ivre. Elle a jet\u00e9 des lunettes et a d\u00e9conn\u00e9. Sur place, on a d\u00e9couvert que la femme \u00e9tait tellement ivre qu&rsquo;il a fallu appeler une ambulance. La femme est transport\u00e9e \u00e0 l&rsquo;h\u00f4pital d&rsquo;Eupen.<\/p>\n<p><strong>\u2013 Contr\u00f4les de circulation\u00a0:<\/strong> Lors des contr\u00f4les routiers du week-end, les constatations suivantes ont \u00e9t\u00e9 faites : 2 voitures ont \u00e9t\u00e9 retir\u00e9es de la circulation faute d&rsquo;assurance obligatoire. 4 personnes sont signal\u00e9es pour conduite en \u00e9tat d&rsquo;\u00e9bri\u00e9t\u00e9. L&rsquo;alcool de l&rsquo;une de ces personnes \u00e9tait si \u00e9lev\u00e9 que son permis de conduire lui a \u00e9t\u00e9 imm\u00e9diatement confisqu\u00e9. Le permis de conduire d&rsquo;une personne est imm\u00e9diatement retir\u00e9 pour conduite sous l&rsquo;influence de drogues.<\/p>\n","protected":false},"excerpt":{"rendered":"<p>La zone de police de Weser-G\u00f6hl a signal\u00e9 plusieurs incidents dans son rapport du lundi 22 d\u00e9cembre. Il y avait beaucoup d&rsquo;alcool le dernier week-end<\/p>\n","protected":false},"author":1,"featured_media":1939,"comment_status":"","ping_status":"","sticky":false,"template":"","format":"standard","meta":{"footnotes":""},"categories":[298],"tags":[9622,1440,5289,166,2403,76,2548,4918,9621,1855,3682,110],"class_list":["post-11968","post","type-post","status-publish","format-standard","has-post-thumbnail","hentry","category-belgique","tag-ambulance","tag-appeler","tag-cafe","tag-dans","tag-deupen","tag-est","tag-faut","tag-femme","tag-ivre","tag-quil","tag-tellement","tag-une","generate-columns","tablet-grid-50","mobile-grid-100","grid-parent","grid-33"],"yoast_head":"<!-- This site is optimized with the Yoast SEO plugin v24.0 - https:\/\/yoast.com\/wordpress\/plugins\/seo\/ -->\n<title>Dans un caf\u00e9 d&#039;Eupen, une femme est tellement ivre qu&#039;il faut appeler une ambulance | Vie Associative<\/title>\n<meta name=\"robots\" content=\"index, follow, max-snippet:-1, max-image-preview:large, max-video-preview:-1\" \/>\n<link rel=\"canonical\" href=\"https:\/\/vieassociative.be\/actualites\/dans-un-cafe-deupen-une-femme-est-tellement-ivre-quil-faut-appeler-une-ambulance\/\" \/>\n<meta property=\"og:locale\" content=\"fr_FR\" \/>\n<meta property=\"og:type\" content=\"article\" \/>\n<meta property=\"og:title\" content=\"Dans un caf\u00e9 d&#039;Eupen, une femme est tellement ivre qu&#039;il faut appeler une ambulance | Vie Associative\" \/>\n<meta property=\"og:description\" content=\"La zone de police de Weser-G\u00f6hl a signal\u00e9 plusieurs incidents dans son rapport du lundi 22 d\u00e9cembre. Il y avait beaucoup d&rsquo;alcool le dernier week-end\" \/>\n<meta property=\"og:url\" content=\"https:\/\/vieassociative.be\/actualites\/dans-un-cafe-deupen-une-femme-est-tellement-ivre-quil-faut-appeler-une-ambulance\/\" \/>\n<meta property=\"og:site_name\" content=\"Vie Associative\" \/>\n<meta property=\"article:published_time\" content=\"2025-12-24T12:17:23+00:00\" \/>\n<meta property=\"og:image\" content=\"https:\/\/vieassociative.be\/actualites\/wp-content\/uploads\/2024\/09\/header_backgroundk-01-e1726694325946.png\" \/>\n\t<meta property=\"og:image:width\" content=\"279\" \/>\n\t<meta property=\"og:image:height\" content=\"92\" \/>\n\t<meta property=\"og:image:type\" content=\"image\/png\" \/>\n<meta name=\"author\" content=\"Julien\" \/>\n<meta name=\"twitter:card\" content=\"summary_large_image\" \/>\n<meta name=\"twitter:label1\" content=\"\u00c9crit par\" \/>\n\t<meta name=\"twitter:data1\" content=\"Julien\" \/>\n\t<meta name=\"twitter:label2\" content=\"Dur\u00e9e de lecture est.\" \/>\n\t<meta name=\"twitter:data2\" content=\"3 minutes\" \/>\n<script type=\"application\/ld+json\" class=\"yoast-schema-graph\">{\"@context\":\"https:\/\/schema.org\",\"@graph\":[{\"@type\":\"Article\",\"@id\":\"https:\/\/vieassociative.be\/actualites\/dans-un-cafe-deupen-une-femme-est-tellement-ivre-quil-faut-appeler-une-ambulance\/#article\",\"isPartOf\":{\"@id\":\"https:\/\/vieassociative.be\/actualites\/dans-un-cafe-deupen-une-femme-est-tellement-ivre-quil-faut-appeler-une-ambulance\/\"},\"author\":{\"name\":\"Julien\",\"@id\":\"https:\/\/vieassociative.be\/actualites\/#\/schema\/person\/b87ac4f82f9d4e7b7cec7395b679edc4\"},\"headline\":\"Dans un caf\u00e9 d&rsquo;Eupen, une femme est tellement ivre qu&rsquo;il faut appeler une ambulance\",\"datePublished\":\"2025-12-24T12:17:23+00:00\",\"dateModified\":\"2025-12-24T12:17:23+00:00\",\"mainEntityOfPage\":{\"@id\":\"https:\/\/vieassociative.be\/actualites\/dans-un-cafe-deupen-une-femme-est-tellement-ivre-quil-faut-appeler-une-ambulance\/\"},\"wordCount\":557,\"publisher\":{\"@id\":\"https:\/\/vieassociative.be\/actualites\/#organization\"},\"image\":{\"@id\":\"https:\/\/vieassociative.be\/actualites\/dans-un-cafe-deupen-une-femme-est-tellement-ivre-quil-faut-appeler-une-ambulance\/#primaryimage\"},\"thumbnailUrl\":\"https:\/\/vieassociative.be\/actualites\/wp-content\/uploads\/2024\/11\/Raeren-Le-conducteur-tombe-dans-un-micro-sommeil-a-midi.jpeg\",\"keywords\":[\"ambulance\",\"appeler\",\"Cafe\",\"dans\",\"dEupen\",\"est\",\"faut\",\"femme\",\"ivre\",\"quil\",\"tellement\",\"une\"],\"articleSection\":[\"Belgique\"],\"inLanguage\":\"fr-BE\"},{\"@type\":\"WebPage\",\"@id\":\"https:\/\/vieassociative.be\/actualites\/dans-un-cafe-deupen-une-femme-est-tellement-ivre-quil-faut-appeler-une-ambulance\/\",\"url\":\"https:\/\/vieassociative.be\/actualites\/dans-un-cafe-deupen-une-femme-est-tellement-ivre-quil-faut-appeler-une-ambulance\/\",\"name\":\"Dans un caf\u00e9 d'Eupen, une femme est tellement ivre qu'il faut appeler une ambulance | Vie Associative\",\"isPartOf\":{\"@id\":\"https:\/\/vieassociative.be\/actualites\/#website\"},\"primaryImageOfPage\":{\"@id\":\"https:\/\/vieassociative.be\/actualites\/dans-un-cafe-deupen-une-femme-est-tellement-ivre-quil-faut-appeler-une-ambulance\/#primaryimage\"},\"image\":{\"@id\":\"https:\/\/vieassociative.be\/actualites\/dans-un-cafe-deupen-une-femme-est-tellement-ivre-quil-faut-appeler-une-ambulance\/#primaryimage\"},\"thumbnailUrl\":\"https:\/\/vieassociative.be\/actualites\/wp-content\/uploads\/2024\/11\/Raeren-Le-conducteur-tombe-dans-un-micro-sommeil-a-midi.jpeg\",\"datePublished\":\"2025-12-24T12:17:23+00:00\",\"dateModified\":\"2025-12-24T12:17:23+00:00\",\"breadcrumb\":{\"@id\":\"https:\/\/vieassociative.be\/actualites\/dans-un-cafe-deupen-une-femme-est-tellement-ivre-quil-faut-appeler-une-ambulance\/#breadcrumb\"},\"inLanguage\":\"fr-BE\",\"potentialAction\":[{\"@type\":\"ReadAction\",\"target\":[\"https:\/\/vieassociative.be\/actualites\/dans-un-cafe-deupen-une-femme-est-tellement-ivre-quil-faut-appeler-une-ambulance\/\"]}]},{\"@type\":\"ImageObject\",\"inLanguage\":\"fr-BE\",\"@id\":\"https:\/\/vieassociative.be\/actualites\/dans-un-cafe-deupen-une-femme-est-tellement-ivre-quil-faut-appeler-une-ambulance\/#primaryimage\",\"url\":\"https:\/\/vieassociative.be\/actualites\/wp-content\/uploads\/2024\/11\/Raeren-Le-conducteur-tombe-dans-un-micro-sommeil-a-midi.jpeg\",\"contentUrl\":\"https:\/\/vieassociative.be\/actualites\/wp-content\/uploads\/2024\/11\/Raeren-Le-conducteur-tombe-dans-un-micro-sommeil-a-midi.jpeg\",\"width\":1200,\"height\":800,\"caption\":\"Raeren : Le conducteur tombe dans un micro-sommeil \u00e0 midi\"},{\"@type\":\"BreadcrumbList\",\"@id\":\"https:\/\/vieassociative.be\/actualites\/dans-un-cafe-deupen-une-femme-est-tellement-ivre-quil-faut-appeler-une-ambulance\/#breadcrumb\",\"itemListElement\":[{\"@type\":\"ListItem\",\"position\":1,\"name\":\"Accueil\",\"item\":\"https:\/\/vieassociative.be\/actualites\/\"},{\"@type\":\"ListItem\",\"position\":2,\"name\":\"Dans un caf\u00e9 d&rsquo;Eupen, une femme est tellement ivre qu&rsquo;il faut appeler une ambulance\"}]},{\"@type\":\"WebSite\",\"@id\":\"https:\/\/vieassociative.be\/actualites\/#website\",\"url\":\"https:\/\/vieassociative.be\/actualites\/\",\"name\":\"Vie Associative\",\"description\":\"\",\"publisher\":{\"@id\":\"https:\/\/vieassociative.be\/actualites\/#organization\"},\"potentialAction\":[{\"@type\":\"SearchAction\",\"target\":{\"@type\":\"EntryPoint\",\"urlTemplate\":\"https:\/\/vieassociative.be\/actualites\/?s={search_term_string}\"},\"query-input\":{\"@type\":\"PropertyValueSpecification\",\"valueRequired\":true,\"valueName\":\"search_term_string\"}}],\"inLanguage\":\"fr-BE\"},{\"@type\":\"Organization\",\"@id\":\"https:\/\/vieassociative.be\/actualites\/#organization\",\"name\":\"Vie Associative\",\"url\":\"https:\/\/vieassociative.be\/actualites\/\",\"logo\":{\"@type\":\"ImageObject\",\"inLanguage\":\"fr-BE\",\"@id\":\"https:\/\/vieassociative.be\/actualites\/#\/schema\/logo\/image\/\",\"url\":\"https:\/\/vieassociative.be\/actualites\/wp-content\/uploads\/2024\/09\/cropped-vieassociative_favicon.ico.png\",\"contentUrl\":\"https:\/\/vieassociative.be\/actualites\/wp-content\/uploads\/2024\/09\/cropped-vieassociative_favicon.ico.png\",\"width\":512,\"height\":512,\"caption\":\"Vie Associative\"},\"image\":{\"@id\":\"https:\/\/vieassociative.be\/actualites\/#\/schema\/logo\/image\/\"}},{\"@type\":\"Person\",\"@id\":\"https:\/\/vieassociative.be\/actualites\/#\/schema\/person\/b87ac4f82f9d4e7b7cec7395b679edc4\",\"name\":\"Julien\",\"image\":{\"@type\":\"ImageObject\",\"inLanguage\":\"fr-BE\",\"@id\":\"https:\/\/vieassociative.be\/actualites\/#\/schema\/person\/image\/\",\"url\":\"https:\/\/vieassociative.be\/actualites\/wp-content\/uploads\/2024\/09\/vie-associative-1-150x150.jpg\",\"contentUrl\":\"https:\/\/vieassociative.be\/actualites\/wp-content\/uploads\/2024\/09\/vie-associative-1-150x150.jpg\",\"caption\":\"Julien\"},\"description\":\"Je suis Julien, r\u00e9dacteur pour Vie Associative. Passionn\u00e9 par le monde associatif depuis plus de 10 ans, j'ai \u00e0 c\u0153ur de partager des histoires inspirantes et de mettre en lumi\u00e8re les initiatives locales. Mon objectif est de sensibiliser et d'encourager l'engagement communautaire \u00e0 travers mes articles.\",\"sameAs\":[\"https:\/\/vieassociative.be\/\"]}]}<\/script>\n<!-- \/ Yoast SEO plugin. -->","yoast_head_json":{"title":"Dans un caf\u00e9 d'Eupen, une femme est tellement ivre qu'il faut appeler une ambulance | Vie Associative","robots":{"index":"index","follow":"follow","max-snippet":"max-snippet:-1","max-image-preview":"max-image-preview:large","max-video-preview":"max-video-preview:-1"},"canonical":"https:\/\/vieassociative.be\/actualites\/dans-un-cafe-deupen-une-femme-est-tellement-ivre-quil-faut-appeler-une-ambulance\/","og_locale":"fr_FR","og_type":"article","og_title":"Dans un caf\u00e9 d'Eupen, une femme est tellement ivre qu'il faut appeler une ambulance | Vie Associative","og_description":"La zone de police de Weser-G\u00f6hl a signal\u00e9 plusieurs incidents dans son rapport du lundi 22 d\u00e9cembre. Il y avait beaucoup d&rsquo;alcool le dernier week-end","og_url":"https:\/\/vieassociative.be\/actualites\/dans-un-cafe-deupen-une-femme-est-tellement-ivre-quil-faut-appeler-une-ambulance\/","og_site_name":"Vie Associative","article_published_time":"2025-12-24T12:17:23+00:00","og_image":[{"width":279,"height":92,"url":"https:\/\/vieassociative.be\/actualites\/wp-content\/uploads\/2024\/09\/header_backgroundk-01-e1726694325946.png","type":"image\/png"}],"author":"Julien","twitter_card":"summary_large_image","twitter_misc":{"\u00c9crit par":"Julien","Dur\u00e9e de lecture est.":"3 minutes"},"schema":{"@context":"https:\/\/schema.org","@graph":[{"@type":"Article","@id":"https:\/\/vieassociative.be\/actualites\/dans-un-cafe-deupen-une-femme-est-tellement-ivre-quil-faut-appeler-une-ambulance\/#article","isPartOf":{"@id":"https:\/\/vieassociative.be\/actualites\/dans-un-cafe-deupen-une-femme-est-tellement-ivre-quil-faut-appeler-une-ambulance\/"},"author":{"name":"Julien","@id":"https:\/\/vieassociative.be\/actualites\/#\/schema\/person\/b87ac4f82f9d4e7b7cec7395b679edc4"},"headline":"Dans un caf\u00e9 d&rsquo;Eupen, une femme est tellement ivre qu&rsquo;il faut appeler une ambulance","datePublished":"2025-12-24T12:17:23+00:00","dateModified":"2025-12-24T12:17:23+00:00","mainEntityOfPage":{"@id":"https:\/\/vieassociative.be\/actualites\/dans-un-cafe-deupen-une-femme-est-tellement-ivre-quil-faut-appeler-une-ambulance\/"},"wordCount":557,"publisher":{"@id":"https:\/\/vieassociative.be\/actualites\/#organization"},"image":{"@id":"https:\/\/vieassociative.be\/actualites\/dans-un-cafe-deupen-une-femme-est-tellement-ivre-quil-faut-appeler-une-ambulance\/#primaryimage"},"thumbnailUrl":"https:\/\/vieassociative.be\/actualites\/wp-content\/uploads\/2024\/11\/Raeren-Le-conducteur-tombe-dans-un-micro-sommeil-a-midi.jpeg","keywords":["ambulance","appeler","Cafe","dans","dEupen","est","faut","femme","ivre","quil","tellement","une"],"articleSection":["Belgique"],"inLanguage":"fr-BE"},{"@type":"WebPage","@id":"https:\/\/vieassociative.be\/actualites\/dans-un-cafe-deupen-une-femme-est-tellement-ivre-quil-faut-appeler-une-ambulance\/","url":"https:\/\/vieassociative.be\/actualites\/dans-un-cafe-deupen-une-femme-est-tellement-ivre-quil-faut-appeler-une-ambulance\/","name":"Dans un caf\u00e9 d'Eupen, une femme est tellement ivre qu'il faut appeler une ambulance | Vie Associative","isPartOf":{"@id":"https:\/\/vieassociative.be\/actualites\/#website"},"primaryImageOfPage":{"@id":"https:\/\/vieassociative.be\/actualites\/dans-un-cafe-deupen-une-femme-est-tellement-ivre-quil-faut-appeler-une-ambulance\/#primaryimage"},"image":{"@id":"https:\/\/vieassociative.be\/actualites\/dans-un-cafe-deupen-une-femme-est-tellement-ivre-quil-faut-appeler-une-ambulance\/#primaryimage"},"thumbnailUrl":"https:\/\/vieassociative.be\/actualites\/wp-content\/uploads\/2024\/11\/Raeren-Le-conducteur-tombe-dans-un-micro-sommeil-a-midi.jpeg","datePublished":"2025-12-24T12:17:23+00:00","dateModified":"2025-12-24T12:17:23+00:00","breadcrumb":{"@id":"https:\/\/vieassociative.be\/actualites\/dans-un-cafe-deupen-une-femme-est-tellement-ivre-quil-faut-appeler-une-ambulance\/#breadcrumb"},"inLanguage":"fr-BE","potentialAction":[{"@type":"ReadAction","target":["https:\/\/vieassociative.be\/actualites\/dans-un-cafe-deupen-une-femme-est-tellement-ivre-quil-faut-appeler-une-ambulance\/"]}]},{"@type":"ImageObject","inLanguage":"fr-BE","@id":"https:\/\/vieassociative.be\/actualites\/dans-un-cafe-deupen-une-femme-est-tellement-ivre-quil-faut-appeler-une-ambulance\/#primaryimage","url":"https:\/\/vieassociative.be\/actualites\/wp-content\/uploads\/2024\/11\/Raeren-Le-conducteur-tombe-dans-un-micro-sommeil-a-midi.jpeg","contentUrl":"https:\/\/vieassociative.be\/actualites\/wp-content\/uploads\/2024\/11\/Raeren-Le-conducteur-tombe-dans-un-micro-sommeil-a-midi.jpeg","width":1200,"height":800,"caption":"Raeren : Le conducteur tombe dans un micro-sommeil \u00e0 midi"},{"@type":"BreadcrumbList","@id":"https:\/\/vieassociative.be\/actualites\/dans-un-cafe-deupen-une-femme-est-tellement-ivre-quil-faut-appeler-une-ambulance\/#breadcrumb","itemListElement":[{"@type":"ListItem","position":1,"name":"Accueil","item":"https:\/\/vieassociative.be\/actualites\/"},{"@type":"ListItem","position":2,"name":"Dans un caf\u00e9 d&rsquo;Eupen, une femme est tellement ivre qu&rsquo;il faut appeler une ambulance"}]},{"@type":"WebSite","@id":"https:\/\/vieassociative.be\/actualites\/#website","url":"https:\/\/vieassociative.be\/actualites\/","name":"Vie Associative","description":"","publisher":{"@id":"https:\/\/vieassociative.be\/actualites\/#organization"},"potentialAction":[{"@type":"SearchAction","target":{"@type":"EntryPoint","urlTemplate":"https:\/\/vieassociative.be\/actualites\/?s={search_term_string}"},"query-input":{"@type":"PropertyValueSpecification","valueRequired":true,"valueName":"search_term_string"}}],"inLanguage":"fr-BE"},{"@type":"Organization","@id":"https:\/\/vieassociative.be\/actualites\/#organization","name":"Vie Associative","url":"https:\/\/vieassociative.be\/actualites\/","logo":{"@type":"ImageObject","inLanguage":"fr-BE","@id":"https:\/\/vieassociative.be\/actualites\/#\/schema\/logo\/image\/","url":"https:\/\/vieassociative.be\/actualites\/wp-content\/uploads\/2024\/09\/cropped-vieassociative_favicon.ico.png","contentUrl":"https:\/\/vieassociative.be\/actualites\/wp-content\/uploads\/2024\/09\/cropped-vieassociative_favicon.ico.png","width":512,"height":512,"caption":"Vie Associative"},"image":{"@id":"https:\/\/vieassociative.be\/actualites\/#\/schema\/logo\/image\/"}},{"@type":"Person","@id":"https:\/\/vieassociative.be\/actualites\/#\/schema\/person\/b87ac4f82f9d4e7b7cec7395b679edc4","name":"Julien","image":{"@type":"ImageObject","inLanguage":"fr-BE","@id":"https:\/\/vieassociative.be\/actualites\/#\/schema\/person\/image\/","url":"https:\/\/vieassociative.be\/actualites\/wp-content\/uploads\/2024\/09\/vie-associative-1-150x150.jpg","contentUrl":"https:\/\/vieassociative.be\/actualites\/wp-content\/uploads\/2024\/09\/vie-associative-1-150x150.jpg","caption":"Julien"},"description":"Je suis Julien, r\u00e9dacteur pour Vie Associative. Passionn\u00e9 par le monde associatif depuis plus de 10 ans, j'ai \u00e0 c\u0153ur de partager des histoires inspirantes et de mettre en lumi\u00e8re les initiatives locales. Mon objectif est de sensibiliser et d'encourager l'engagement communautaire \u00e0 travers mes articles.","sameAs":["https:\/\/vieassociative.be\/"]}]}},"_links":{"self":[{"href":"https:\/\/vieassociative.be\/actualites\/wp-json\/wp\/v2\/posts\/11968"}],"collection":[{"href":"https:\/\/vieassociative.be\/actualites\/wp-json\/wp\/v2\/posts"}],"about":[{"href":"https:\/\/vieassociative.be\/actualites\/wp-json\/wp\/v2\/types\/post"}],"author":[{"embeddable":true,"href":"https:\/\/vieassociative.be\/actualites\/wp-json\/wp\/v2\/users\/1"}],"replies":[{"embeddable":true,"href":"https:\/\/vieassociative.be\/actualites\/wp-json\/wp\/v2\/comments?post=11968"}],"version-history":[{"count":0,"href":"https:\/\/vieassociative.be\/actualites\/wp-json\/wp\/v2\/posts\/11968\/revisions"}],"wp:featuredmedia":[{"embeddable":true,"href":"https:\/\/vieassociative.be\/actualites\/wp-json\/wp\/v2\/media\/1939"}],"wp:attachment":[{"href":"https:\/\/vieassociative.be\/actualites\/wp-json\/wp\/v2\/media?parent=11968"}],"wp:term":[{"taxonomy":"category","embeddable":true,"href":"https:\/\/vieassociative.be\/actualites\/wp-json\/wp\/v2\/categories?post=11968"},{"taxonomy":"post_tag","embeddable":true,"href":"https:\/\/vieassociative.be\/actualites\/wp-json\/wp\/v2\/tags?post=11968"}],"curies":[{"name":"wp","href":"https:\/\/api.w.org\/{rel}","templated":true}]}}