{"id":11956,"date":"2025-12-23T09:17:25","date_gmt":"2025-12-23T08:17:25","guid":{"rendered":"https:\/\/vieassociative.be\/actualites\/donald-trump-reve-toujours-du-groenland-et-nomme-un-envoye-special-pour-lile\/"},"modified":"2025-12-23T09:17:25","modified_gmt":"2025-12-23T08:17:25","slug":"donald-trump-reve-toujours-du-groenland-et-nomme-un-envoye-special-pour-lile","status":"publish","type":"post","link":"https:\/\/vieassociative.be\/actualites\/donald-trump-reve-toujours-du-groenland-et-nomme-un-envoye-special-pour-lile\/","title":{"rendered":"Donald Trump r\u00eave toujours du Groenland et nomme un envoy\u00e9 sp\u00e9cial pour l&rsquo;\u00eele"},"content":{"rendered":"<p><strong>Le pr\u00e9sident am\u00e9ricain Trump veut annexer le Groenland. Il ne s&rsquo;en cache pas. R\u00e9cemment, cette id\u00e9e controvers\u00e9e est devenue plus discr\u00e8te. Il y a maintenant une nouvelle initiative.<\/strong><\/p>\n<p><span id=\"more-432548\"><\/span>Trump nomme le gouverneur de l&rsquo;\u00c9tat m\u00e9ridional de Louisiane, Jeff Landry, comme envoy\u00e9 sp\u00e9cial au Groenland, qui appartient officiellement au Danemark. Trump a \u00e9crit sur sa plateforme Truth Social qu\u2019il comprend l\u2019importance de l\u2019\u00eele de l\u2019Atlantique Nord pour la s\u00e9curit\u00e9 des \u00c9tats-Unis. Landry travaillera dur pour les int\u00e9r\u00eats et la s\u00e9curit\u00e9 des \u00c9tats-Unis ainsi que pour la \u00ab survie de nos alli\u00e9s \u00bb et du monde entier, a encore \u00e9crit le r\u00e9publicain \u00e0 propos de son coll\u00e8gue du parti.<\/p>\n<div id=\"attachment_432558\" class=\"wp-caption alignnone\" style=\"max-width: 300px\"><img fetchpriority=\"high\" decoding=\"async\" class=\"size-medium wp-image-432558\" src=\"https:\/\/vieassociative.be\/actualites\/wp-content\/uploads\/2025\/12\/Donald-Trump-reve-toujours-du-Groenland-et-nomme-un-envoye.jpg\" alt=\"\" width=\"300\" height=\"200\"><\/div>\n<p>Depuis son entr\u00e9e en fonction en janvier, Trump a d\u00e9clar\u00e9 \u00e0 plusieurs reprises des revendications contest\u00e9es sur la propri\u00e9t\u00e9 du Groenland, invoquant des raisons de s\u00e9curit\u00e9 nationale. Le d\u00e9bat \u00e0 ce sujet s&rsquo;est quelque peu apais\u00e9 r\u00e9cemment.<\/p>\n<p>Le Groenland est la plus grande \u00eele du monde en termes de superficie. Elle est recouverte aux quatre cinqui\u00e8mes de glace et fait environ 70 fois la taille de la Belgique, mais compte un peu moins de 57 000 habitants. L&rsquo;\u00eele est largement autonome, mais appartient officiellement au Royaume du Danemark.<\/p>\n<p>Selon l&rsquo;agence de presse Ritzau, le ministre danois des Affaires \u00e9trang\u00e8res, Lars L\u00f8kke Rasmussen, a d\u00e9clar\u00e9 par \u00e9crit que la nomination de Landry au poste d&rsquo;envoy\u00e9 sp\u00e9cial am\u00e9ricain montre \u00ab que l&rsquo;int\u00e9r\u00eat am\u00e9ricain pour le Groenland persiste \u00bb. Il a appel\u00e9 les \u00c9tats-Unis \u00e0 respecter \u00ab l\u2019int\u00e9grit\u00e9 territoriale du royaume \u00bb.<\/p>\n<p><strong>\u2013 Le gouvernement am\u00e9ricain esp\u00e8re probablement une ligne directe avec les dirigeants du Groenland :<\/strong> Les m\u00e9dias danois ont r\u00e9cemment rapport\u00e9 que le gouvernement am\u00e9ricain tentait d&rsquo;\u00e9tablir des contacts directs avec le gouvernement du Groenland. Cependant, la pratique politique au Royaume du Danemark veut que les repr\u00e9sentants danois et groenlandais doivent \u00eatre pr\u00e9sents aux discussions sur les questions \u00e9trang\u00e8res, de s\u00e9curit\u00e9 ou de d\u00e9fense qui affectent le Groenland.<\/p>\n<div id=\"attachment_432560\" class=\"wp-caption alignnone\" style=\"max-width: 300px\"><img decoding=\"async\" class=\"size-medium wp-image-432560\" src=\"https:\/\/vieassociative.be\/actualites\/wp-content\/uploads\/2025\/12\/1766477845_248_Donald-Trump-reve-toujours-du-Groenland-et-nomme-un-envoye.jpg\" alt=\"\" width=\"300\" height=\"200\"><\/div>\n<p>Landry a qualifi\u00e9 d\u2019honneur sur Plateforme X de contribuer \u00e0 \u00ab int\u00e9grer le Groenland aux \u00c9tats-Unis \u00bb. Il est gouverneur de la Louisiane depuis d\u00e9but 2024. On ne sait pas pourquoi Trump souhaite le nommer envoy\u00e9 sp\u00e9cial. Les \u00c9tats du nord-est des \u00c9tats-Unis, par exemple, sont g\u00e9ographiquement plus proches du Groenland, mais les d\u00e9mocrates y dominent politiquement. De Baton Rouge, la capitale de la Louisiane, il y a environ 4 600 kilom\u00e8tres \u00e0 vol d&rsquo;oiseau jusqu&rsquo;\u00e0 Nuuk, la capitale du Groenland.<\/p>\n<p><strong>\u2013 La Louisiane a \u00e9t\u00e9 achet\u00e9e par les USA :<\/strong> En 1803, les \u00c9tats-Unis ont achet\u00e9 \u00e0 la France un immense territoire appel\u00e9 Louisiane, qui comprend l\u2019\u00c9tat am\u00e9ricain actuel. Trump avait d\u00e9j\u00e0 \u00e9voqu\u00e9 lors de son premier mandat (2017-2021) son intention d\u2019acheter le Groenland pour les \u00c9tats-Unis. Le Danemark et le gouvernement autonome du Groenland rejettent ces efforts.<\/p>\n<p>Les pr\u00e9sidents pr\u00e9c\u00e9dents ont nomm\u00e9 des envoy\u00e9s sp\u00e9ciaux principalement pour les n\u00e9gociations difficiles et les points chauds. Les relations avec les alli\u00e9s, comme le Danemark, pays partenaire de l\u2019OTAN, \u00e9taient traditionnellement entretenues par un ambassadeur am\u00e9ricain. (dpa)<\/p>\n","protected":false},"excerpt":{"rendered":"<p>Le pr\u00e9sident am\u00e9ricain Trump veut annexer le Groenland. Il ne s&rsquo;en cache pas. R\u00e9cemment, cette id\u00e9e controvers\u00e9e est devenue plus discr\u00e8te. Il y a maintenant<\/p>\n","protected":false},"author":1,"featured_media":11957,"comment_status":"","ping_status":"","sticky":false,"template":"","format":"standard","meta":{"footnotes":""},"categories":[298],"tags":[2424,8025,4289,7157,3970,81,3206,5650,572,2425],"class_list":["post-11956","post","type-post","status-publish","format-standard","has-post-thumbnail","hentry","category-belgique","tag-donald","tag-envoye","tag-groenland","tag-lile","tag-nomme","tag-pour","tag-reve","tag-special","tag-toujours","tag-trump","generate-columns","tablet-grid-50","mobile-grid-100","grid-parent","grid-33"],"yoast_head":"<!-- This site is optimized with the Yoast SEO plugin v24.0 - https:\/\/yoast.com\/wordpress\/plugins\/seo\/ -->\n<title>Donald Trump r\u00eave toujours du Groenland et nomme un envoy\u00e9 sp\u00e9cial pour l&#039;\u00eele | Vie Associative<\/title>\n<meta name=\"robots\" content=\"index, follow, max-snippet:-1, max-image-preview:large, max-video-preview:-1\" \/>\n<link rel=\"canonical\" href=\"https:\/\/vieassociative.be\/actualites\/donald-trump-reve-toujours-du-groenland-et-nomme-un-envoye-special-pour-lile\/\" \/>\n<meta property=\"og:locale\" content=\"fr_FR\" \/>\n<meta property=\"og:type\" content=\"article\" \/>\n<meta property=\"og:title\" content=\"Donald Trump r\u00eave toujours du Groenland et nomme un envoy\u00e9 sp\u00e9cial pour l&#039;\u00eele | Vie Associative\" \/>\n<meta property=\"og:description\" content=\"Le pr\u00e9sident am\u00e9ricain Trump veut annexer le Groenland. Il ne s&rsquo;en cache pas. R\u00e9cemment, cette id\u00e9e controvers\u00e9e est devenue plus discr\u00e8te. Il y a maintenant\" \/>\n<meta property=\"og:url\" content=\"https:\/\/vieassociative.be\/actualites\/donald-trump-reve-toujours-du-groenland-et-nomme-un-envoye-special-pour-lile\/\" \/>\n<meta property=\"og:site_name\" content=\"Vie Associative\" \/>\n<meta property=\"article:published_time\" content=\"2025-12-23T08:17:25+00:00\" \/>\n<meta property=\"og:image\" content=\"https:\/\/vieassociative.be\/actualites\/wp-content\/uploads\/2024\/09\/header_backgroundk-01-e1726694325946.png\" \/>\n\t<meta property=\"og:image:width\" content=\"279\" \/>\n\t<meta property=\"og:image:height\" content=\"92\" \/>\n\t<meta property=\"og:image:type\" content=\"image\/png\" \/>\n<meta name=\"author\" content=\"Julien\" \/>\n<meta name=\"twitter:card\" content=\"summary_large_image\" \/>\n<meta name=\"twitter:label1\" content=\"\u00c9crit par\" \/>\n\t<meta name=\"twitter:data1\" content=\"Julien\" \/>\n\t<meta name=\"twitter:label2\" content=\"Dur\u00e9e de lecture est.\" \/>\n\t<meta name=\"twitter:data2\" content=\"3 minutes\" \/>\n<script type=\"application\/ld+json\" class=\"yoast-schema-graph\">{\"@context\":\"https:\/\/schema.org\",\"@graph\":[{\"@type\":\"Article\",\"@id\":\"https:\/\/vieassociative.be\/actualites\/donald-trump-reve-toujours-du-groenland-et-nomme-un-envoye-special-pour-lile\/#article\",\"isPartOf\":{\"@id\":\"https:\/\/vieassociative.be\/actualites\/donald-trump-reve-toujours-du-groenland-et-nomme-un-envoye-special-pour-lile\/\"},\"author\":{\"name\":\"Julien\",\"@id\":\"https:\/\/vieassociative.be\/actualites\/#\/schema\/person\/b87ac4f82f9d4e7b7cec7395b679edc4\"},\"headline\":\"Donald Trump r\u00eave toujours du Groenland et nomme un envoy\u00e9 sp\u00e9cial pour l&rsquo;\u00eele\",\"datePublished\":\"2025-12-23T08:17:25+00:00\",\"dateModified\":\"2025-12-23T08:17:25+00:00\",\"mainEntityOfPage\":{\"@id\":\"https:\/\/vieassociative.be\/actualites\/donald-trump-reve-toujours-du-groenland-et-nomme-un-envoye-special-pour-lile\/\"},\"wordCount\":557,\"publisher\":{\"@id\":\"https:\/\/vieassociative.be\/actualites\/#organization\"},\"image\":{\"@id\":\"https:\/\/vieassociative.be\/actualites\/donald-trump-reve-toujours-du-groenland-et-nomme-un-envoye-special-pour-lile\/#primaryimage\"},\"thumbnailUrl\":\"https:\/\/vieassociative.be\/actualites\/wp-content\/uploads\/2025\/12\/1766477845_Donald-Trump-reve-toujours-du-Groenland-et-nomme-un-envoye.jpg\",\"keywords\":[\"Donald\",\"envoy\u00e9\",\"Groenland\",\"l\u00eele\",\"nomme\",\"pour\",\"r\u00eave\",\"sp\u00e9cial\",\"toujours\",\"Trump\"],\"articleSection\":[\"Belgique\"],\"inLanguage\":\"fr-BE\"},{\"@type\":\"WebPage\",\"@id\":\"https:\/\/vieassociative.be\/actualites\/donald-trump-reve-toujours-du-groenland-et-nomme-un-envoye-special-pour-lile\/\",\"url\":\"https:\/\/vieassociative.be\/actualites\/donald-trump-reve-toujours-du-groenland-et-nomme-un-envoye-special-pour-lile\/\",\"name\":\"Donald Trump r\u00eave toujours du Groenland et nomme un envoy\u00e9 sp\u00e9cial pour l'\u00eele | Vie Associative\",\"isPartOf\":{\"@id\":\"https:\/\/vieassociative.be\/actualites\/#website\"},\"primaryImageOfPage\":{\"@id\":\"https:\/\/vieassociative.be\/actualites\/donald-trump-reve-toujours-du-groenland-et-nomme-un-envoye-special-pour-lile\/#primaryimage\"},\"image\":{\"@id\":\"https:\/\/vieassociative.be\/actualites\/donald-trump-reve-toujours-du-groenland-et-nomme-un-envoye-special-pour-lile\/#primaryimage\"},\"thumbnailUrl\":\"https:\/\/vieassociative.be\/actualites\/wp-content\/uploads\/2025\/12\/1766477845_Donald-Trump-reve-toujours-du-Groenland-et-nomme-un-envoye.jpg\",\"datePublished\":\"2025-12-23T08:17:25+00:00\",\"dateModified\":\"2025-12-23T08:17:25+00:00\",\"breadcrumb\":{\"@id\":\"https:\/\/vieassociative.be\/actualites\/donald-trump-reve-toujours-du-groenland-et-nomme-un-envoye-special-pour-lile\/#breadcrumb\"},\"inLanguage\":\"fr-BE\",\"potentialAction\":[{\"@type\":\"ReadAction\",\"target\":[\"https:\/\/vieassociative.be\/actualites\/donald-trump-reve-toujours-du-groenland-et-nomme-un-envoye-special-pour-lile\/\"]}]},{\"@type\":\"ImageObject\",\"inLanguage\":\"fr-BE\",\"@id\":\"https:\/\/vieassociative.be\/actualites\/donald-trump-reve-toujours-du-groenland-et-nomme-un-envoye-special-pour-lile\/#primaryimage\",\"url\":\"https:\/\/vieassociative.be\/actualites\/wp-content\/uploads\/2025\/12\/1766477845_Donald-Trump-reve-toujours-du-Groenland-et-nomme-un-envoye.jpg\",\"contentUrl\":\"https:\/\/vieassociative.be\/actualites\/wp-content\/uploads\/2025\/12\/1766477845_Donald-Trump-reve-toujours-du-Groenland-et-nomme-un-envoye.jpg\",\"width\":1200,\"height\":800,\"caption\":\"Donald Trump r\u00eave toujours du Groenland et nomme un envoy\u00e9 sp\u00e9cial pour l'\u00eele\"},{\"@type\":\"BreadcrumbList\",\"@id\":\"https:\/\/vieassociative.be\/actualites\/donald-trump-reve-toujours-du-groenland-et-nomme-un-envoye-special-pour-lile\/#breadcrumb\",\"itemListElement\":[{\"@type\":\"ListItem\",\"position\":1,\"name\":\"Accueil\",\"item\":\"https:\/\/vieassociative.be\/actualites\/\"},{\"@type\":\"ListItem\",\"position\":2,\"name\":\"Donald Trump r\u00eave toujours du Groenland et nomme un envoy\u00e9 sp\u00e9cial pour l&rsquo;\u00eele\"}]},{\"@type\":\"WebSite\",\"@id\":\"https:\/\/vieassociative.be\/actualites\/#website\",\"url\":\"https:\/\/vieassociative.be\/actualites\/\",\"name\":\"Vie Associative\",\"description\":\"\",\"publisher\":{\"@id\":\"https:\/\/vieassociative.be\/actualites\/#organization\"},\"potentialAction\":[{\"@type\":\"SearchAction\",\"target\":{\"@type\":\"EntryPoint\",\"urlTemplate\":\"https:\/\/vieassociative.be\/actualites\/?s={search_term_string}\"},\"query-input\":{\"@type\":\"PropertyValueSpecification\",\"valueRequired\":true,\"valueName\":\"search_term_string\"}}],\"inLanguage\":\"fr-BE\"},{\"@type\":\"Organization\",\"@id\":\"https:\/\/vieassociative.be\/actualites\/#organization\",\"name\":\"Vie Associative\",\"url\":\"https:\/\/vieassociative.be\/actualites\/\",\"logo\":{\"@type\":\"ImageObject\",\"inLanguage\":\"fr-BE\",\"@id\":\"https:\/\/vieassociative.be\/actualites\/#\/schema\/logo\/image\/\",\"url\":\"https:\/\/vieassociative.be\/actualites\/wp-content\/uploads\/2024\/09\/cropped-vieassociative_favicon.ico.png\",\"contentUrl\":\"https:\/\/vieassociative.be\/actualites\/wp-content\/uploads\/2024\/09\/cropped-vieassociative_favicon.ico.png\",\"width\":512,\"height\":512,\"caption\":\"Vie Associative\"},\"image\":{\"@id\":\"https:\/\/vieassociative.be\/actualites\/#\/schema\/logo\/image\/\"}},{\"@type\":\"Person\",\"@id\":\"https:\/\/vieassociative.be\/actualites\/#\/schema\/person\/b87ac4f82f9d4e7b7cec7395b679edc4\",\"name\":\"Julien\",\"image\":{\"@type\":\"ImageObject\",\"inLanguage\":\"fr-BE\",\"@id\":\"https:\/\/vieassociative.be\/actualites\/#\/schema\/person\/image\/\",\"url\":\"https:\/\/vieassociative.be\/actualites\/wp-content\/uploads\/2024\/09\/vie-associative-1-150x150.jpg\",\"contentUrl\":\"https:\/\/vieassociative.be\/actualites\/wp-content\/uploads\/2024\/09\/vie-associative-1-150x150.jpg\",\"caption\":\"Julien\"},\"description\":\"Je suis Julien, r\u00e9dacteur pour Vie Associative. Passionn\u00e9 par le monde associatif depuis plus de 10 ans, j'ai \u00e0 c\u0153ur de partager des histoires inspirantes et de mettre en lumi\u00e8re les initiatives locales. Mon objectif est de sensibiliser et d'encourager l'engagement communautaire \u00e0 travers mes articles.\",\"sameAs\":[\"https:\/\/vieassociative.be\/\"]}]}<\/script>\n<!-- \/ Yoast SEO plugin. -->","yoast_head_json":{"title":"Donald Trump r\u00eave toujours du Groenland et nomme un envoy\u00e9 sp\u00e9cial pour l'\u00eele | Vie Associative","robots":{"index":"index","follow":"follow","max-snippet":"max-snippet:-1","max-image-preview":"max-image-preview:large","max-video-preview":"max-video-preview:-1"},"canonical":"https:\/\/vieassociative.be\/actualites\/donald-trump-reve-toujours-du-groenland-et-nomme-un-envoye-special-pour-lile\/","og_locale":"fr_FR","og_type":"article","og_title":"Donald Trump r\u00eave toujours du Groenland et nomme un envoy\u00e9 sp\u00e9cial pour l'\u00eele | Vie Associative","og_description":"Le pr\u00e9sident am\u00e9ricain Trump veut annexer le Groenland. Il ne s&rsquo;en cache pas. R\u00e9cemment, cette id\u00e9e controvers\u00e9e est devenue plus discr\u00e8te. Il y a maintenant","og_url":"https:\/\/vieassociative.be\/actualites\/donald-trump-reve-toujours-du-groenland-et-nomme-un-envoye-special-pour-lile\/","og_site_name":"Vie Associative","article_published_time":"2025-12-23T08:17:25+00:00","og_image":[{"width":279,"height":92,"url":"https:\/\/vieassociative.be\/actualites\/wp-content\/uploads\/2024\/09\/header_backgroundk-01-e1726694325946.png","type":"image\/png"}],"author":"Julien","twitter_card":"summary_large_image","twitter_misc":{"\u00c9crit par":"Julien","Dur\u00e9e de lecture est.":"3 minutes"},"schema":{"@context":"https:\/\/schema.org","@graph":[{"@type":"Article","@id":"https:\/\/vieassociative.be\/actualites\/donald-trump-reve-toujours-du-groenland-et-nomme-un-envoye-special-pour-lile\/#article","isPartOf":{"@id":"https:\/\/vieassociative.be\/actualites\/donald-trump-reve-toujours-du-groenland-et-nomme-un-envoye-special-pour-lile\/"},"author":{"name":"Julien","@id":"https:\/\/vieassociative.be\/actualites\/#\/schema\/person\/b87ac4f82f9d4e7b7cec7395b679edc4"},"headline":"Donald Trump r\u00eave toujours du Groenland et nomme un envoy\u00e9 sp\u00e9cial pour l&rsquo;\u00eele","datePublished":"2025-12-23T08:17:25+00:00","dateModified":"2025-12-23T08:17:25+00:00","mainEntityOfPage":{"@id":"https:\/\/vieassociative.be\/actualites\/donald-trump-reve-toujours-du-groenland-et-nomme-un-envoye-special-pour-lile\/"},"wordCount":557,"publisher":{"@id":"https:\/\/vieassociative.be\/actualites\/#organization"},"image":{"@id":"https:\/\/vieassociative.be\/actualites\/donald-trump-reve-toujours-du-groenland-et-nomme-un-envoye-special-pour-lile\/#primaryimage"},"thumbnailUrl":"https:\/\/vieassociative.be\/actualites\/wp-content\/uploads\/2025\/12\/1766477845_Donald-Trump-reve-toujours-du-Groenland-et-nomme-un-envoye.jpg","keywords":["Donald","envoy\u00e9","Groenland","l\u00eele","nomme","pour","r\u00eave","sp\u00e9cial","toujours","Trump"],"articleSection":["Belgique"],"inLanguage":"fr-BE"},{"@type":"WebPage","@id":"https:\/\/vieassociative.be\/actualites\/donald-trump-reve-toujours-du-groenland-et-nomme-un-envoye-special-pour-lile\/","url":"https:\/\/vieassociative.be\/actualites\/donald-trump-reve-toujours-du-groenland-et-nomme-un-envoye-special-pour-lile\/","name":"Donald Trump r\u00eave toujours du Groenland et nomme un envoy\u00e9 sp\u00e9cial pour l'\u00eele | Vie Associative","isPartOf":{"@id":"https:\/\/vieassociative.be\/actualites\/#website"},"primaryImageOfPage":{"@id":"https:\/\/vieassociative.be\/actualites\/donald-trump-reve-toujours-du-groenland-et-nomme-un-envoye-special-pour-lile\/#primaryimage"},"image":{"@id":"https:\/\/vieassociative.be\/actualites\/donald-trump-reve-toujours-du-groenland-et-nomme-un-envoye-special-pour-lile\/#primaryimage"},"thumbnailUrl":"https:\/\/vieassociative.be\/actualites\/wp-content\/uploads\/2025\/12\/1766477845_Donald-Trump-reve-toujours-du-Groenland-et-nomme-un-envoye.jpg","datePublished":"2025-12-23T08:17:25+00:00","dateModified":"2025-12-23T08:17:25+00:00","breadcrumb":{"@id":"https:\/\/vieassociative.be\/actualites\/donald-trump-reve-toujours-du-groenland-et-nomme-un-envoye-special-pour-lile\/#breadcrumb"},"inLanguage":"fr-BE","potentialAction":[{"@type":"ReadAction","target":["https:\/\/vieassociative.be\/actualites\/donald-trump-reve-toujours-du-groenland-et-nomme-un-envoye-special-pour-lile\/"]}]},{"@type":"ImageObject","inLanguage":"fr-BE","@id":"https:\/\/vieassociative.be\/actualites\/donald-trump-reve-toujours-du-groenland-et-nomme-un-envoye-special-pour-lile\/#primaryimage","url":"https:\/\/vieassociative.be\/actualites\/wp-content\/uploads\/2025\/12\/1766477845_Donald-Trump-reve-toujours-du-Groenland-et-nomme-un-envoye.jpg","contentUrl":"https:\/\/vieassociative.be\/actualites\/wp-content\/uploads\/2025\/12\/1766477845_Donald-Trump-reve-toujours-du-Groenland-et-nomme-un-envoye.jpg","width":1200,"height":800,"caption":"Donald Trump r\u00eave toujours du Groenland et nomme un envoy\u00e9 sp\u00e9cial pour l'\u00eele"},{"@type":"BreadcrumbList","@id":"https:\/\/vieassociative.be\/actualites\/donald-trump-reve-toujours-du-groenland-et-nomme-un-envoye-special-pour-lile\/#breadcrumb","itemListElement":[{"@type":"ListItem","position":1,"name":"Accueil","item":"https:\/\/vieassociative.be\/actualites\/"},{"@type":"ListItem","position":2,"name":"Donald Trump r\u00eave toujours du Groenland et nomme un envoy\u00e9 sp\u00e9cial pour l&rsquo;\u00eele"}]},{"@type":"WebSite","@id":"https:\/\/vieassociative.be\/actualites\/#website","url":"https:\/\/vieassociative.be\/actualites\/","name":"Vie Associative","description":"","publisher":{"@id":"https:\/\/vieassociative.be\/actualites\/#organization"},"potentialAction":[{"@type":"SearchAction","target":{"@type":"EntryPoint","urlTemplate":"https:\/\/vieassociative.be\/actualites\/?s={search_term_string}"},"query-input":{"@type":"PropertyValueSpecification","valueRequired":true,"valueName":"search_term_string"}}],"inLanguage":"fr-BE"},{"@type":"Organization","@id":"https:\/\/vieassociative.be\/actualites\/#organization","name":"Vie Associative","url":"https:\/\/vieassociative.be\/actualites\/","logo":{"@type":"ImageObject","inLanguage":"fr-BE","@id":"https:\/\/vieassociative.be\/actualites\/#\/schema\/logo\/image\/","url":"https:\/\/vieassociative.be\/actualites\/wp-content\/uploads\/2024\/09\/cropped-vieassociative_favicon.ico.png","contentUrl":"https:\/\/vieassociative.be\/actualites\/wp-content\/uploads\/2024\/09\/cropped-vieassociative_favicon.ico.png","width":512,"height":512,"caption":"Vie Associative"},"image":{"@id":"https:\/\/vieassociative.be\/actualites\/#\/schema\/logo\/image\/"}},{"@type":"Person","@id":"https:\/\/vieassociative.be\/actualites\/#\/schema\/person\/b87ac4f82f9d4e7b7cec7395b679edc4","name":"Julien","image":{"@type":"ImageObject","inLanguage":"fr-BE","@id":"https:\/\/vieassociative.be\/actualites\/#\/schema\/person\/image\/","url":"https:\/\/vieassociative.be\/actualites\/wp-content\/uploads\/2024\/09\/vie-associative-1-150x150.jpg","contentUrl":"https:\/\/vieassociative.be\/actualites\/wp-content\/uploads\/2024\/09\/vie-associative-1-150x150.jpg","caption":"Julien"},"description":"Je suis Julien, r\u00e9dacteur pour Vie Associative. Passionn\u00e9 par le monde associatif depuis plus de 10 ans, j'ai \u00e0 c\u0153ur de partager des histoires inspirantes et de mettre en lumi\u00e8re les initiatives locales. Mon objectif est de sensibiliser et d'encourager l'engagement communautaire \u00e0 travers mes articles.","sameAs":["https:\/\/vieassociative.be\/"]}]}},"_links":{"self":[{"href":"https:\/\/vieassociative.be\/actualites\/wp-json\/wp\/v2\/posts\/11956"}],"collection":[{"href":"https:\/\/vieassociative.be\/actualites\/wp-json\/wp\/v2\/posts"}],"about":[{"href":"https:\/\/vieassociative.be\/actualites\/wp-json\/wp\/v2\/types\/post"}],"author":[{"embeddable":true,"href":"https:\/\/vieassociative.be\/actualites\/wp-json\/wp\/v2\/users\/1"}],"replies":[{"embeddable":true,"href":"https:\/\/vieassociative.be\/actualites\/wp-json\/wp\/v2\/comments?post=11956"}],"version-history":[{"count":0,"href":"https:\/\/vieassociative.be\/actualites\/wp-json\/wp\/v2\/posts\/11956\/revisions"}],"wp:featuredmedia":[{"embeddable":true,"href":"https:\/\/vieassociative.be\/actualites\/wp-json\/wp\/v2\/media\/11957"}],"wp:attachment":[{"href":"https:\/\/vieassociative.be\/actualites\/wp-json\/wp\/v2\/media?parent=11956"}],"wp:term":[{"taxonomy":"category","embeddable":true,"href":"https:\/\/vieassociative.be\/actualites\/wp-json\/wp\/v2\/categories?post=11956"},{"taxonomy":"post_tag","embeddable":true,"href":"https:\/\/vieassociative.be\/actualites\/wp-json\/wp\/v2\/tags?post=11956"}],"curies":[{"name":"wp","href":"https:\/\/api.w.org\/{rel}","templated":true}]}}