{"id":11952,"date":"2025-12-23T03:18:04","date_gmt":"2025-12-23T02:18:04","guid":{"rendered":"https:\/\/vieassociative.be\/actualites\/noel-nouvel-an-et-jour-de-lan-au-brf\/"},"modified":"2025-12-23T03:18:04","modified_gmt":"2025-12-23T02:18:04","slug":"noel-nouvel-an-et-jour-de-lan-au-brf","status":"publish","type":"post","link":"https:\/\/vieassociative.be\/actualites\/noel-nouvel-an-et-jour-de-lan-au-brf\/","title":{"rendered":"No\u00ebl, Nouvel An et Jour de l&rsquo;An au BRF"},"content":{"rendered":"<p><strong>En fin d&rsquo;ann\u00e9e, la Radio Belge (BRF) propose une programmation vari\u00e9e sur brf.be et dans ses \u00e9missions de radio et de t\u00e9l\u00e9vision. Inclus : des classiques des f\u00eates bien connus pour toute la famille, des revues annuelles et un concours exclusif.<\/strong><\/p>\n<p><span id=\"more-432592\"><\/span>L&rsquo;\u00e9mission radiophonique \u00ab BRF Christmas Bazaar \u00bb la veille de No\u00ebl marque le d\u00e9but de No\u00ebl pour de nombreuses personnes dans l&rsquo;Est de la Belgique. Apr\u00e8s plus de 40 ans au programme, la s\u00e9rie jouit d\u00e9sormais d&rsquo;un statut culte. Lena Orban et Robin Emonts adresseront \u00e0 nouveau leurs v\u0153ux au monde entier le 24 d\u00e9cembre \u00e0 partir de 12h. sur BRF1 et BRF2.<\/p>\n<div id=\"attachment_371403\" class=\"wp-caption alignleft\" style=\"max-width: 300px\"><img fetchpriority=\"high\" decoding=\"async\" class=\"wp-image-371403 size-medium\" src=\"https:\/\/vieassociative.be\/actualites\/wp-content\/uploads\/2025\/12\/Noel-Nouvel-An-et-Jour-de-lAn-au-BRF.jpg\" alt=\"\" width=\"300\" height=\"200\"><\/div>\n<p>A 13 heures, la BRF diffuse traditionnellement le discours de No\u00ebl du Roi sur toutes les cha\u00eenes.<\/p>\n<p>Le matin de la veille de No\u00ebl, l&rsquo;esprit de No\u00ebl r\u00e8gnera sur BRF2 : \u00e0 partir de 10 heures, vous pourrez entendre les plus belles m\u00e9lodies du troisi\u00e8me \u00ab BRF Christmas Singing \u00bb, un \u00e9v\u00e9nement \u00e0 chanter pour une bonne cause.<\/p>\n<p><strong>D&rsquo;autres programmes se concentrent sur la radio :<\/strong><\/p>\n<p>\u2013 Le 25 d\u00e9cembre \u00e0 10h, BRF2 diffusera la messe de No\u00ebl en direct depuis l&rsquo;\u00e9glise Saint-Nicolas d&rsquo;Eupen. On continue avec \u00ab Tir\u00e9 des archives : No\u00ebl \u00e0 la BRF \u00bb. La b\u00e9n\u00e9diction papale \u00ab Urbi et Orbi \u00bb suit en direct de Rome \u00e0 12 heures pr\u00e9cises. Imm\u00e9diatement apr\u00e8s, le pr\u00e9sentateur Horst Senker prend le relais avec \u00ab No\u00ebl \u00e0 la maison \u00bb.<\/p>\n<p>\u2013 Sur BRF1, le pr\u00e9sentateur Patrick Knops assurera une ambiance festive \u00e0 la radio le jour de No\u00ebl \u00e0 partir de 10h dans la \u00ab Weihnachtliche Brasserie \u00bb.<\/p>\n<p>\u2013 Le 29 d\u00e9cembre, \u00ab BRF Aktuell \u00bb (BRF1 et BRF2) reviendra sur l&rsquo;ann\u00e9e en cours du point de vue bruxellois ; le bilan radio r\u00e9gional 2025 suivra le 30 d\u00e9cembre \u2013 \u00e0 partir de 18h.<\/p>\n<p>\u2013 Avec \u00ab K\u00fcnstlertreff \u00bb (26 d\u00e9cembre \u00e0 10h sur BRF2), \u00ab BRF1-Hitparade \u00bb (27 d\u00e9cembre \u00e0 13h), \u00ab Gro\u00dfe BRF2-Schlagerparade \u00bb (28 d\u00e9cembre \u00e0 10h) et \u00ab BPM \u00bb (R\u00e9veillon du Nouvel An \u00e0 20h sur BRF1), plusieurs programmes entre No\u00ebl et Nouvel An ont un \u00ab Best of \u00bb.<\/p>\n<div id=\"attachment_60926\" class=\"wp-caption alignleft\" style=\"max-width: 300px\"><img decoding=\"async\" class=\"wp-image-60926 size-medium\" src=\"https:\/\/vieassociative.be\/actualites\/wp-content\/uploads\/2025\/12\/1766456283_888_Noel-Nouvel-An-et-Jour-de-lAn-au-BRF.jpg\" alt=\"\" width=\"300\" height=\"200\"  ><\/div>\n<p>\u2013 Pour le r\u00e9veillon du Nouvel An, BRF1 offre un voyage de r\u00eave \u00e0 l\u2019\u00eele Maurice dans Lifeline.<\/p>\n<p><strong>T\u00e9l\u00e9vision et Internet<\/strong><\/p>\n<p>Un moment fort \u00e0 la t\u00e9l\u00e9vision BRF et dans la m\u00e9diath\u00e8que BRF sont les bilans de l&rsquo;ann\u00e9e 2025. La premi\u00e8re partie est diffus\u00e9e les 22 et 27 d\u00e9cembre ainsi que le 2 janvier ; La deuxi\u00e8me partie les 23 et 28 d\u00e9cembre ainsi que le 3 janvier et l&rsquo;ann\u00e9e sportive dans l&rsquo;Est de la Belgique seront r\u00e9trospectives les 29 d\u00e9cembre et 4 janvier &#8211; toutes les heures \u00e0 partir de 17h45.<\/p>\n<p>De plus, des enregistrements des trois \u00e9ditions pr\u00e9c\u00e9dentes du chant de No\u00ebl BRF seront diffus\u00e9s le 25 d\u00e9cembre. Les 26 et 30 d\u00e9cembre le BRF revisitera le concert YKONS pour le 80\u00e8me anniversaire du BRF, le 31 d\u00e9cembre les amis du jecken time en auront pour leur argent avec \u00ab\u00a0Doheem is Carnival\u00a0\u00bb et le 1er janvier. La t\u00e9l\u00e9vision BRF diffuse le discours du Premier ministre Oliver Paasch pour le Nouvel An.<\/p>\n<p>Tous les programmes et reportages sont \u00e9galement accessibles via le portail en ligne brf.be : dans le live stream (BRF1 et BRF2), dans la m\u00e9diath\u00e8que BRF et sur Auvio.<\/p>\n<p><em><strong>Ci-dessous tous les programmes des t\u00e9l\u00e9visions BRF1, BRF2 et BRF en un coup d&rsquo;oeil (cliquez sur l&rsquo;image pour l&rsquo;agrandir) :<\/strong><\/em><\/p>\n<p><img decoding=\"async\" class=\"aligncenter wp-image-432597 size-medium\" src=\"https:\/\/vieassociative.be\/actualites\/wp-content\/uploads\/2025\/12\/1766456283_565_Noel-Nouvel-An-et-Jour-de-lAn-au-BRF.jpg\" alt=\"\" width=\"300\" height=\"180\"  ><\/p>\n<p><img loading=\"lazy\" decoding=\"async\" class=\"aligncenter wp-image-432598 size-medium\" src=\"https:\/\/vieassociative.be\/actualites\/wp-content\/uploads\/2025\/12\/1766456284_874_Noel-Nouvel-An-et-Jour-de-lAn-au-BRF.jpg\" alt=\"\" width=\"300\" height=\"180\"  ><\/p>\n<p><img loading=\"lazy\" decoding=\"async\" class=\"aligncenter wp-image-432599 size-medium\" src=\"https:\/\/vieassociative.be\/actualites\/wp-content\/uploads\/2025\/12\/1766456284_704_Noel-Nouvel-An-et-Jour-de-lAn-au-BRF.jpg\" alt=\"\" width=\"300\" height=\"180\"  ><\/p>\n","protected":false},"excerpt":{"rendered":"<p>En fin d&rsquo;ann\u00e9e, la Radio Belge (BRF) propose une programmation vari\u00e9e sur brf.be et dans ses \u00e9missions de radio et de t\u00e9l\u00e9vision. Inclus : des<\/p>\n","protected":false},"author":1,"featured_media":11953,"comment_status":"","ping_status":"","sticky":false,"template":"","format":"standard","meta":{"footnotes":""},"categories":[298],"tags":[3600,53,4417,1557,929],"class_list":["post-11952","post","type-post","status-publish","format-standard","has-post-thumbnail","hentry","category-belgique","tag-brf","tag-jour","tag-lan","tag-noel","tag-nouvel","generate-columns","tablet-grid-50","mobile-grid-100","grid-parent","grid-33"],"yoast_head":"<!-- This site is optimized with the Yoast SEO plugin v24.0 - https:\/\/yoast.com\/wordpress\/plugins\/seo\/ -->\n<title>No\u00ebl, Nouvel An et Jour de l&#039;An au BRF | Vie Associative<\/title>\n<meta name=\"robots\" content=\"index, follow, max-snippet:-1, max-image-preview:large, max-video-preview:-1\" \/>\n<link rel=\"canonical\" href=\"https:\/\/vieassociative.be\/actualites\/noel-nouvel-an-et-jour-de-lan-au-brf\/\" \/>\n<meta property=\"og:locale\" content=\"fr_FR\" \/>\n<meta property=\"og:type\" content=\"article\" \/>\n<meta property=\"og:title\" content=\"No\u00ebl, Nouvel An et Jour de l&#039;An au BRF | Vie Associative\" \/>\n<meta property=\"og:description\" content=\"En fin d&rsquo;ann\u00e9e, la Radio Belge (BRF) propose une programmation vari\u00e9e sur brf.be et dans ses \u00e9missions de radio et de t\u00e9l\u00e9vision. Inclus : des\" \/>\n<meta property=\"og:url\" content=\"https:\/\/vieassociative.be\/actualites\/noel-nouvel-an-et-jour-de-lan-au-brf\/\" \/>\n<meta property=\"og:site_name\" content=\"Vie Associative\" \/>\n<meta property=\"article:published_time\" content=\"2025-12-23T02:18:04+00:00\" \/>\n<meta property=\"og:image\" content=\"https:\/\/vieassociative.be\/actualites\/wp-content\/uploads\/2024\/09\/header_backgroundk-01-e1726694325946.png\" \/>\n\t<meta property=\"og:image:width\" content=\"279\" \/>\n\t<meta property=\"og:image:height\" content=\"92\" \/>\n\t<meta property=\"og:image:type\" content=\"image\/png\" \/>\n<meta name=\"author\" content=\"Julien\" \/>\n<meta name=\"twitter:card\" content=\"summary_large_image\" \/>\n<meta name=\"twitter:label1\" content=\"\u00c9crit par\" \/>\n\t<meta name=\"twitter:data1\" content=\"Julien\" \/>\n\t<meta name=\"twitter:label2\" content=\"Dur\u00e9e de lecture est.\" \/>\n\t<meta name=\"twitter:data2\" content=\"3 minutes\" \/>\n<script type=\"application\/ld+json\" class=\"yoast-schema-graph\">{\"@context\":\"https:\/\/schema.org\",\"@graph\":[{\"@type\":\"Article\",\"@id\":\"https:\/\/vieassociative.be\/actualites\/noel-nouvel-an-et-jour-de-lan-au-brf\/#article\",\"isPartOf\":{\"@id\":\"https:\/\/vieassociative.be\/actualites\/noel-nouvel-an-et-jour-de-lan-au-brf\/\"},\"author\":{\"name\":\"Julien\",\"@id\":\"https:\/\/vieassociative.be\/actualites\/#\/schema\/person\/b87ac4f82f9d4e7b7cec7395b679edc4\"},\"headline\":\"No\u00ebl, Nouvel An et Jour de l&rsquo;An au BRF\",\"datePublished\":\"2025-12-23T02:18:04+00:00\",\"dateModified\":\"2025-12-23T02:18:04+00:00\",\"mainEntityOfPage\":{\"@id\":\"https:\/\/vieassociative.be\/actualites\/noel-nouvel-an-et-jour-de-lan-au-brf\/\"},\"wordCount\":585,\"publisher\":{\"@id\":\"https:\/\/vieassociative.be\/actualites\/#organization\"},\"image\":{\"@id\":\"https:\/\/vieassociative.be\/actualites\/noel-nouvel-an-et-jour-de-lan-au-brf\/#primaryimage\"},\"thumbnailUrl\":\"https:\/\/vieassociative.be\/actualites\/wp-content\/uploads\/2025\/12\/1766456284_Noel-Nouvel-An-et-Jour-de-lAn-au-BRF.jpg\",\"keywords\":[\"BRF\",\"jour\",\"lAn\",\"No\u00ebl\",\"nouvel\"],\"articleSection\":[\"Belgique\"],\"inLanguage\":\"fr-BE\"},{\"@type\":\"WebPage\",\"@id\":\"https:\/\/vieassociative.be\/actualites\/noel-nouvel-an-et-jour-de-lan-au-brf\/\",\"url\":\"https:\/\/vieassociative.be\/actualites\/noel-nouvel-an-et-jour-de-lan-au-brf\/\",\"name\":\"No\u00ebl, Nouvel An et Jour de l'An au BRF | Vie Associative\",\"isPartOf\":{\"@id\":\"https:\/\/vieassociative.be\/actualites\/#website\"},\"primaryImageOfPage\":{\"@id\":\"https:\/\/vieassociative.be\/actualites\/noel-nouvel-an-et-jour-de-lan-au-brf\/#primaryimage\"},\"image\":{\"@id\":\"https:\/\/vieassociative.be\/actualites\/noel-nouvel-an-et-jour-de-lan-au-brf\/#primaryimage\"},\"thumbnailUrl\":\"https:\/\/vieassociative.be\/actualites\/wp-content\/uploads\/2025\/12\/1766456284_Noel-Nouvel-An-et-Jour-de-lAn-au-BRF.jpg\",\"datePublished\":\"2025-12-23T02:18:04+00:00\",\"dateModified\":\"2025-12-23T02:18:04+00:00\",\"breadcrumb\":{\"@id\":\"https:\/\/vieassociative.be\/actualites\/noel-nouvel-an-et-jour-de-lan-au-brf\/#breadcrumb\"},\"inLanguage\":\"fr-BE\",\"potentialAction\":[{\"@type\":\"ReadAction\",\"target\":[\"https:\/\/vieassociative.be\/actualites\/noel-nouvel-an-et-jour-de-lan-au-brf\/\"]}]},{\"@type\":\"ImageObject\",\"inLanguage\":\"fr-BE\",\"@id\":\"https:\/\/vieassociative.be\/actualites\/noel-nouvel-an-et-jour-de-lan-au-brf\/#primaryimage\",\"url\":\"https:\/\/vieassociative.be\/actualites\/wp-content\/uploads\/2025\/12\/1766456284_Noel-Nouvel-An-et-Jour-de-lAn-au-BRF.jpg\",\"contentUrl\":\"https:\/\/vieassociative.be\/actualites\/wp-content\/uploads\/2025\/12\/1766456284_Noel-Nouvel-An-et-Jour-de-lAn-au-BRF.jpg\",\"width\":1200,\"height\":800,\"caption\":\"No\u00ebl, Nouvel An et Jour de l'An au BRF\"},{\"@type\":\"BreadcrumbList\",\"@id\":\"https:\/\/vieassociative.be\/actualites\/noel-nouvel-an-et-jour-de-lan-au-brf\/#breadcrumb\",\"itemListElement\":[{\"@type\":\"ListItem\",\"position\":1,\"name\":\"Accueil\",\"item\":\"https:\/\/vieassociative.be\/actualites\/\"},{\"@type\":\"ListItem\",\"position\":2,\"name\":\"No\u00ebl, Nouvel An et Jour de l&rsquo;An au BRF\"}]},{\"@type\":\"WebSite\",\"@id\":\"https:\/\/vieassociative.be\/actualites\/#website\",\"url\":\"https:\/\/vieassociative.be\/actualites\/\",\"name\":\"Vie Associative\",\"description\":\"\",\"publisher\":{\"@id\":\"https:\/\/vieassociative.be\/actualites\/#organization\"},\"potentialAction\":[{\"@type\":\"SearchAction\",\"target\":{\"@type\":\"EntryPoint\",\"urlTemplate\":\"https:\/\/vieassociative.be\/actualites\/?s={search_term_string}\"},\"query-input\":{\"@type\":\"PropertyValueSpecification\",\"valueRequired\":true,\"valueName\":\"search_term_string\"}}],\"inLanguage\":\"fr-BE\"},{\"@type\":\"Organization\",\"@id\":\"https:\/\/vieassociative.be\/actualites\/#organization\",\"name\":\"Vie Associative\",\"url\":\"https:\/\/vieassociative.be\/actualites\/\",\"logo\":{\"@type\":\"ImageObject\",\"inLanguage\":\"fr-BE\",\"@id\":\"https:\/\/vieassociative.be\/actualites\/#\/schema\/logo\/image\/\",\"url\":\"https:\/\/vieassociative.be\/actualites\/wp-content\/uploads\/2024\/09\/cropped-vieassociative_favicon.ico.png\",\"contentUrl\":\"https:\/\/vieassociative.be\/actualites\/wp-content\/uploads\/2024\/09\/cropped-vieassociative_favicon.ico.png\",\"width\":512,\"height\":512,\"caption\":\"Vie Associative\"},\"image\":{\"@id\":\"https:\/\/vieassociative.be\/actualites\/#\/schema\/logo\/image\/\"}},{\"@type\":\"Person\",\"@id\":\"https:\/\/vieassociative.be\/actualites\/#\/schema\/person\/b87ac4f82f9d4e7b7cec7395b679edc4\",\"name\":\"Julien\",\"image\":{\"@type\":\"ImageObject\",\"inLanguage\":\"fr-BE\",\"@id\":\"https:\/\/vieassociative.be\/actualites\/#\/schema\/person\/image\/\",\"url\":\"https:\/\/vieassociative.be\/actualites\/wp-content\/uploads\/2024\/09\/vie-associative-1-150x150.jpg\",\"contentUrl\":\"https:\/\/vieassociative.be\/actualites\/wp-content\/uploads\/2024\/09\/vie-associative-1-150x150.jpg\",\"caption\":\"Julien\"},\"description\":\"Je suis Julien, r\u00e9dacteur pour Vie Associative. Passionn\u00e9 par le monde associatif depuis plus de 10 ans, j'ai \u00e0 c\u0153ur de partager des histoires inspirantes et de mettre en lumi\u00e8re les initiatives locales. Mon objectif est de sensibiliser et d'encourager l'engagement communautaire \u00e0 travers mes articles.\",\"sameAs\":[\"https:\/\/vieassociative.be\/\"]}]}<\/script>\n<!-- \/ Yoast SEO plugin. -->","yoast_head_json":{"title":"No\u00ebl, Nouvel An et Jour de l'An au BRF | Vie Associative","robots":{"index":"index","follow":"follow","max-snippet":"max-snippet:-1","max-image-preview":"max-image-preview:large","max-video-preview":"max-video-preview:-1"},"canonical":"https:\/\/vieassociative.be\/actualites\/noel-nouvel-an-et-jour-de-lan-au-brf\/","og_locale":"fr_FR","og_type":"article","og_title":"No\u00ebl, Nouvel An et Jour de l'An au BRF | Vie Associative","og_description":"En fin d&rsquo;ann\u00e9e, la Radio Belge (BRF) propose une programmation vari\u00e9e sur brf.be et dans ses \u00e9missions de radio et de t\u00e9l\u00e9vision. Inclus : des","og_url":"https:\/\/vieassociative.be\/actualites\/noel-nouvel-an-et-jour-de-lan-au-brf\/","og_site_name":"Vie Associative","article_published_time":"2025-12-23T02:18:04+00:00","og_image":[{"width":279,"height":92,"url":"https:\/\/vieassociative.be\/actualites\/wp-content\/uploads\/2024\/09\/header_backgroundk-01-e1726694325946.png","type":"image\/png"}],"author":"Julien","twitter_card":"summary_large_image","twitter_misc":{"\u00c9crit par":"Julien","Dur\u00e9e de lecture est.":"3 minutes"},"schema":{"@context":"https:\/\/schema.org","@graph":[{"@type":"Article","@id":"https:\/\/vieassociative.be\/actualites\/noel-nouvel-an-et-jour-de-lan-au-brf\/#article","isPartOf":{"@id":"https:\/\/vieassociative.be\/actualites\/noel-nouvel-an-et-jour-de-lan-au-brf\/"},"author":{"name":"Julien","@id":"https:\/\/vieassociative.be\/actualites\/#\/schema\/person\/b87ac4f82f9d4e7b7cec7395b679edc4"},"headline":"No\u00ebl, Nouvel An et Jour de l&rsquo;An au BRF","datePublished":"2025-12-23T02:18:04+00:00","dateModified":"2025-12-23T02:18:04+00:00","mainEntityOfPage":{"@id":"https:\/\/vieassociative.be\/actualites\/noel-nouvel-an-et-jour-de-lan-au-brf\/"},"wordCount":585,"publisher":{"@id":"https:\/\/vieassociative.be\/actualites\/#organization"},"image":{"@id":"https:\/\/vieassociative.be\/actualites\/noel-nouvel-an-et-jour-de-lan-au-brf\/#primaryimage"},"thumbnailUrl":"https:\/\/vieassociative.be\/actualites\/wp-content\/uploads\/2025\/12\/1766456284_Noel-Nouvel-An-et-Jour-de-lAn-au-BRF.jpg","keywords":["BRF","jour","lAn","No\u00ebl","nouvel"],"articleSection":["Belgique"],"inLanguage":"fr-BE"},{"@type":"WebPage","@id":"https:\/\/vieassociative.be\/actualites\/noel-nouvel-an-et-jour-de-lan-au-brf\/","url":"https:\/\/vieassociative.be\/actualites\/noel-nouvel-an-et-jour-de-lan-au-brf\/","name":"No\u00ebl, Nouvel An et Jour de l'An au BRF | Vie Associative","isPartOf":{"@id":"https:\/\/vieassociative.be\/actualites\/#website"},"primaryImageOfPage":{"@id":"https:\/\/vieassociative.be\/actualites\/noel-nouvel-an-et-jour-de-lan-au-brf\/#primaryimage"},"image":{"@id":"https:\/\/vieassociative.be\/actualites\/noel-nouvel-an-et-jour-de-lan-au-brf\/#primaryimage"},"thumbnailUrl":"https:\/\/vieassociative.be\/actualites\/wp-content\/uploads\/2025\/12\/1766456284_Noel-Nouvel-An-et-Jour-de-lAn-au-BRF.jpg","datePublished":"2025-12-23T02:18:04+00:00","dateModified":"2025-12-23T02:18:04+00:00","breadcrumb":{"@id":"https:\/\/vieassociative.be\/actualites\/noel-nouvel-an-et-jour-de-lan-au-brf\/#breadcrumb"},"inLanguage":"fr-BE","potentialAction":[{"@type":"ReadAction","target":["https:\/\/vieassociative.be\/actualites\/noel-nouvel-an-et-jour-de-lan-au-brf\/"]}]},{"@type":"ImageObject","inLanguage":"fr-BE","@id":"https:\/\/vieassociative.be\/actualites\/noel-nouvel-an-et-jour-de-lan-au-brf\/#primaryimage","url":"https:\/\/vieassociative.be\/actualites\/wp-content\/uploads\/2025\/12\/1766456284_Noel-Nouvel-An-et-Jour-de-lAn-au-BRF.jpg","contentUrl":"https:\/\/vieassociative.be\/actualites\/wp-content\/uploads\/2025\/12\/1766456284_Noel-Nouvel-An-et-Jour-de-lAn-au-BRF.jpg","width":1200,"height":800,"caption":"No\u00ebl, Nouvel An et Jour de l'An au BRF"},{"@type":"BreadcrumbList","@id":"https:\/\/vieassociative.be\/actualites\/noel-nouvel-an-et-jour-de-lan-au-brf\/#breadcrumb","itemListElement":[{"@type":"ListItem","position":1,"name":"Accueil","item":"https:\/\/vieassociative.be\/actualites\/"},{"@type":"ListItem","position":2,"name":"No\u00ebl, Nouvel An et Jour de l&rsquo;An au BRF"}]},{"@type":"WebSite","@id":"https:\/\/vieassociative.be\/actualites\/#website","url":"https:\/\/vieassociative.be\/actualites\/","name":"Vie Associative","description":"","publisher":{"@id":"https:\/\/vieassociative.be\/actualites\/#organization"},"potentialAction":[{"@type":"SearchAction","target":{"@type":"EntryPoint","urlTemplate":"https:\/\/vieassociative.be\/actualites\/?s={search_term_string}"},"query-input":{"@type":"PropertyValueSpecification","valueRequired":true,"valueName":"search_term_string"}}],"inLanguage":"fr-BE"},{"@type":"Organization","@id":"https:\/\/vieassociative.be\/actualites\/#organization","name":"Vie Associative","url":"https:\/\/vieassociative.be\/actualites\/","logo":{"@type":"ImageObject","inLanguage":"fr-BE","@id":"https:\/\/vieassociative.be\/actualites\/#\/schema\/logo\/image\/","url":"https:\/\/vieassociative.be\/actualites\/wp-content\/uploads\/2024\/09\/cropped-vieassociative_favicon.ico.png","contentUrl":"https:\/\/vieassociative.be\/actualites\/wp-content\/uploads\/2024\/09\/cropped-vieassociative_favicon.ico.png","width":512,"height":512,"caption":"Vie Associative"},"image":{"@id":"https:\/\/vieassociative.be\/actualites\/#\/schema\/logo\/image\/"}},{"@type":"Person","@id":"https:\/\/vieassociative.be\/actualites\/#\/schema\/person\/b87ac4f82f9d4e7b7cec7395b679edc4","name":"Julien","image":{"@type":"ImageObject","inLanguage":"fr-BE","@id":"https:\/\/vieassociative.be\/actualites\/#\/schema\/person\/image\/","url":"https:\/\/vieassociative.be\/actualites\/wp-content\/uploads\/2024\/09\/vie-associative-1-150x150.jpg","contentUrl":"https:\/\/vieassociative.be\/actualites\/wp-content\/uploads\/2024\/09\/vie-associative-1-150x150.jpg","caption":"Julien"},"description":"Je suis Julien, r\u00e9dacteur pour Vie Associative. Passionn\u00e9 par le monde associatif depuis plus de 10 ans, j'ai \u00e0 c\u0153ur de partager des histoires inspirantes et de mettre en lumi\u00e8re les initiatives locales. Mon objectif est de sensibiliser et d'encourager l'engagement communautaire \u00e0 travers mes articles.","sameAs":["https:\/\/vieassociative.be\/"]}]}},"_links":{"self":[{"href":"https:\/\/vieassociative.be\/actualites\/wp-json\/wp\/v2\/posts\/11952"}],"collection":[{"href":"https:\/\/vieassociative.be\/actualites\/wp-json\/wp\/v2\/posts"}],"about":[{"href":"https:\/\/vieassociative.be\/actualites\/wp-json\/wp\/v2\/types\/post"}],"author":[{"embeddable":true,"href":"https:\/\/vieassociative.be\/actualites\/wp-json\/wp\/v2\/users\/1"}],"replies":[{"embeddable":true,"href":"https:\/\/vieassociative.be\/actualites\/wp-json\/wp\/v2\/comments?post=11952"}],"version-history":[{"count":0,"href":"https:\/\/vieassociative.be\/actualites\/wp-json\/wp\/v2\/posts\/11952\/revisions"}],"wp:featuredmedia":[{"embeddable":true,"href":"https:\/\/vieassociative.be\/actualites\/wp-json\/wp\/v2\/media\/11953"}],"wp:attachment":[{"href":"https:\/\/vieassociative.be\/actualites\/wp-json\/wp\/v2\/media?parent=11952"}],"wp:term":[{"taxonomy":"category","embeddable":true,"href":"https:\/\/vieassociative.be\/actualites\/wp-json\/wp\/v2\/categories?post=11952"},{"taxonomy":"post_tag","embeddable":true,"href":"https:\/\/vieassociative.be\/actualites\/wp-json\/wp\/v2\/tags?post=11952"}],"curies":[{"name":"wp","href":"https:\/\/api.w.org\/{rel}","templated":true}]}}