{"id":11944,"date":"2025-12-22T15:18:39","date_gmt":"2025-12-22T14:18:39","guid":{"rendered":"https:\/\/vieassociative.be\/actualites\/protocoles-de-droit-penal-en-allemand-mockel-ecolo-interroge-le-depute-dolimont\/"},"modified":"2025-12-22T15:18:39","modified_gmt":"2025-12-22T14:18:39","slug":"protocoles-de-droit-penal-en-allemand-mockel-ecolo-interroge-le-depute-dolimont","status":"publish","type":"post","link":"https:\/\/vieassociative.be\/actualites\/protocoles-de-droit-penal-en-allemand-mockel-ecolo-interroge-le-depute-dolimont\/","title":{"rendered":"Protocoles de droit p\u00e9nal en allemand : Mockel (Ecolo) interroge le d\u00e9put\u00e9 Dolimont"},"content":{"rendered":"<p><strong>Un arr\u00eat de la Cour constitutionnelle belge du 27 novembre 2025 l&rsquo;a pr\u00e9cis\u00e9 : les protocoles de droit p\u00e9nal qui font r\u00e9f\u00e9rence \u00e0 des actes survenus dans la communaut\u00e9 germanophone doivent d\u00e9sormais \u00eatre r\u00e9dig\u00e9s en allemand, quel que soit le lieu o\u00f9 le protocole officiel est \u00e9mis.<\/strong><\/p>\n<p><span id=\"more-432565\"><\/span>Jusqu\u2019\u00e0 pr\u00e9sent, le lieu d\u2019exposition \u00e9tait consid\u00e9r\u00e9 comme d\u00e9terminant pour le langage utilis\u00e9. Outre les affaires p\u00e9nales, qui sont principalement de nature f\u00e9d\u00e9rale, la d\u00e9cision a des implications plus larges. La r\u00e9glementation linguistique affecte \u00e9galement les responsabilit\u00e9s r\u00e9gionales. Dans des domaines tels que l&rsquo;environnement, la foresterie et l&rsquo;agriculture, la r\u00e9gion peut adopter sa propre l\u00e9gislation et charger les fonctionnaires de tirer des conclusions.<\/p>\n<div id=\"attachment_334153\" class=\"wp-caption alignleft\" style=\"max-width: 300px\"><img fetchpriority=\"high\" decoding=\"async\" class=\"wp-image-334153 size-medium\" src=\"https:\/\/vieassociative.be\/actualites\/wp-content\/uploads\/2025\/04\/Mockel-Ecolo-E23-est-un-nombre-fiable.jpeg\" alt=\"\" width=\"300\" height=\"200\"><\/div>\n<p>Le repr\u00e9sentant r\u00e9gional de l&rsquo;Est de la Belgique Freddy Mockel (Ecolo) a donc adress\u00e9 une question \u00e9crite au Premier ministre wallon Adrien Dolimont (MR). \u00abIl veut contribuer \u00e0 ce que les diff\u00e9rentes autorit\u00e9s ne traitent pas la d\u00e9cision une par une, mais plut\u00f4t que toutes les personnes concern\u00e9es en soient inform\u00e9es rapidement et en m\u00eame temps et puissent commencer \u00e0 la mettre en \u0153uvre\u00bb, a d\u00e9clar\u00e9 Mockel.<\/p>\n<p>Le Premier ministre wallon a inform\u00e9 Mockel que la d\u00e9cision \u00e9tait actuellement analys\u00e9e par l&rsquo;administration et transmise \u00e0 tous les services concern\u00e9s du Service Public wallon (\u00d6DW) afin qu&rsquo;ils puissent adapter leurs pratiques ant\u00e9rieures. Par ailleurs, la question sera \u00e9galement inscrite \u00e0 l&rsquo;ordre du jour de la prochaine r\u00e9union de la \u00ab Plateforme permanente wallonne pour la politique criminelle et de s\u00e9curit\u00e9 \u00bb, au sein de laquelle sont notamment repr\u00e9sent\u00e9s tous les \u00e9tablissements du service public de Wallonie (\u00d6DW) et les organismes publics actifs dans le domaine de la r\u00e9pression.<\/p>\n<div id=\"attachment_399556\" class=\"wp-caption alignleft\" style=\"max-width: 300px\"><img decoding=\"async\" class=\"wp-image-399556 size-medium\" src=\"https:\/\/vieassociative.be\/actualites\/wp-content\/uploads\/2025\/01\/Mauel-MRPFF-salue-les-economies-realisees-par-les-gouvernements-de.jpg\" alt=\"\" width=\"300\" height=\"200\"><\/div>\n<p>D&rsquo;une mani\u00e8re g\u00e9n\u00e9rale, selon Dolimont, un inventaire des cas possibles est en cours, puisqu&rsquo;il s&rsquo;agit uniquement des protocoles qui repr\u00e9sentent \u00ab\u00a0un \u00e9l\u00e9ment de poursuite dans les affaires p\u00e9nales\u00a0\u00bb et, selon la Cour Constitutionnelle, \u00ab\u00a0constituent le point de d\u00e9part pour l&rsquo;application de toutes les dispositions l\u00e9gales li\u00e9es \u00e0 l&rsquo;enqu\u00eate, \u00e0 la poursuite et \u00e0 la condamnation des personnes soup\u00e7onn\u00e9es d&rsquo;avoir commis un acte criminel\u00a0\u00bb. Les autres documents restent soumis aux r\u00e8gles d&rsquo;usage linguistique en mati\u00e8re administrative.<\/p>\n<p>Le service \u00ab Agriculture, ressources naturelles et environnement \u00bb, avec ses domaines de tutelle tels que la police de l&rsquo;environnement et l&rsquo;administration foresti\u00e8re, est concern\u00e9 de plusieurs mani\u00e8res par la d\u00e9cision de la Cour constitutionnelle. Dolimont a d\u00e9clar\u00e9 qu&rsquo;il avait d\u00e9j\u00e0 contact\u00e9 le bureau du procureur g\u00e9n\u00e9ral pour prendre les premi\u00e8res mesures bas\u00e9es sur la d\u00e9cision.<\/p>\n<p>Freddy Mockel conclut de la r\u00e9ponse que l&rsquo;\u00e9tendue du verdict n&rsquo;a pas encore \u00e9t\u00e9 enti\u00e8rement d\u00e9termin\u00e9e, ce qui est difficile \u00e0 faire en si peu de temps. N\u00e9anmoins, cet inventaire doit \u00eatre r\u00e9alis\u00e9 le plus rapidement possible afin de pouvoir ensuite proc\u00e9der aux ajustements n\u00e9cessaires. \u00ab\u00a0Le citoyen doit avoir le droit \u00e0 une proc\u00e9dure en allemand et les autorit\u00e9s wallonnes doivent pouvoir garantir que les proc\u00e9dures p\u00e9nales n&rsquo;\u00e9chouent pas en raison d&rsquo;une mauvaise langue officielle.\u00a0\u00bb Le d\u00e9put\u00e9 Ecolo de l&rsquo;Est de la Belgique a ainsi annonc\u00e9 qu&rsquo;il continuerait \u00e0 suivre l&rsquo;\u00e9volution de ce dossier. (cr\u00e9er)<\/p>\n","protected":false},"excerpt":{"rendered":"<p>Un arr\u00eat de la Cour constitutionnelle belge du 27 novembre 2025 l&rsquo;a pr\u00e9cis\u00e9 : les protocoles de droit p\u00e9nal qui font r\u00e9f\u00e9rence \u00e0 des actes<\/p>\n","protected":false},"author":1,"featured_media":11945,"comment_status":"","ping_status":"","sticky":false,"template":"","format":"standard","meta":{"footnotes":""},"categories":[298],"tags":[2732,6922,5762,4072,2607,3528,6327,9611,9610],"class_list":["post-11944","post","type-post","status-publish","format-standard","has-post-thumbnail","hentry","category-belgique","tag-allemand","tag-depute","tag-dolimont","tag-droit","tag-ecolo","tag-interroge","tag-mockel","tag-penal","tag-protocoles","generate-columns","tablet-grid-50","mobile-grid-100","grid-parent","grid-33"],"yoast_head":"<!-- This site is optimized with the Yoast SEO plugin v24.0 - https:\/\/yoast.com\/wordpress\/plugins\/seo\/ -->\n<title>Protocoles de droit p\u00e9nal en allemand : Mockel (Ecolo) interroge le d\u00e9put\u00e9 Dolimont | Vie Associative<\/title>\n<meta name=\"robots\" content=\"index, follow, max-snippet:-1, max-image-preview:large, max-video-preview:-1\" \/>\n<link rel=\"canonical\" href=\"https:\/\/vieassociative.be\/actualites\/protocoles-de-droit-penal-en-allemand-mockel-ecolo-interroge-le-depute-dolimont\/\" \/>\n<meta property=\"og:locale\" content=\"fr_FR\" \/>\n<meta property=\"og:type\" content=\"article\" \/>\n<meta property=\"og:title\" content=\"Protocoles de droit p\u00e9nal en allemand : Mockel (Ecolo) interroge le d\u00e9put\u00e9 Dolimont | Vie Associative\" \/>\n<meta property=\"og:description\" content=\"Un arr\u00eat de la Cour constitutionnelle belge du 27 novembre 2025 l&rsquo;a pr\u00e9cis\u00e9 : les protocoles de droit p\u00e9nal qui font r\u00e9f\u00e9rence \u00e0 des actes\" \/>\n<meta property=\"og:url\" content=\"https:\/\/vieassociative.be\/actualites\/protocoles-de-droit-penal-en-allemand-mockel-ecolo-interroge-le-depute-dolimont\/\" \/>\n<meta property=\"og:site_name\" content=\"Vie Associative\" \/>\n<meta property=\"article:published_time\" content=\"2025-12-22T14:18:39+00:00\" \/>\n<meta property=\"og:image\" content=\"https:\/\/vieassociative.be\/actualites\/wp-content\/uploads\/2024\/09\/header_backgroundk-01-e1726694325946.png\" \/>\n\t<meta property=\"og:image:width\" content=\"279\" \/>\n\t<meta property=\"og:image:height\" content=\"92\" \/>\n\t<meta property=\"og:image:type\" content=\"image\/png\" \/>\n<meta name=\"author\" content=\"Julien\" \/>\n<meta name=\"twitter:card\" content=\"summary_large_image\" \/>\n<meta name=\"twitter:label1\" content=\"\u00c9crit par\" \/>\n\t<meta name=\"twitter:data1\" content=\"Julien\" \/>\n\t<meta name=\"twitter:label2\" content=\"Dur\u00e9e de lecture est.\" \/>\n\t<meta name=\"twitter:data2\" content=\"3 minutes\" \/>\n<script type=\"application\/ld+json\" class=\"yoast-schema-graph\">{\"@context\":\"https:\/\/schema.org\",\"@graph\":[{\"@type\":\"Article\",\"@id\":\"https:\/\/vieassociative.be\/actualites\/protocoles-de-droit-penal-en-allemand-mockel-ecolo-interroge-le-depute-dolimont\/#article\",\"isPartOf\":{\"@id\":\"https:\/\/vieassociative.be\/actualites\/protocoles-de-droit-penal-en-allemand-mockel-ecolo-interroge-le-depute-dolimont\/\"},\"author\":{\"name\":\"Julien\",\"@id\":\"https:\/\/vieassociative.be\/actualites\/#\/schema\/person\/b87ac4f82f9d4e7b7cec7395b679edc4\"},\"headline\":\"Protocoles de droit p\u00e9nal en allemand : Mockel (Ecolo) interroge le d\u00e9put\u00e9 Dolimont\",\"datePublished\":\"2025-12-22T14:18:39+00:00\",\"dateModified\":\"2025-12-22T14:18:39+00:00\",\"mainEntityOfPage\":{\"@id\":\"https:\/\/vieassociative.be\/actualites\/protocoles-de-droit-penal-en-allemand-mockel-ecolo-interroge-le-depute-dolimont\/\"},\"wordCount\":591,\"publisher\":{\"@id\":\"https:\/\/vieassociative.be\/actualites\/#organization\"},\"image\":{\"@id\":\"https:\/\/vieassociative.be\/actualites\/protocoles-de-droit-penal-en-allemand-mockel-ecolo-interroge-le-depute-dolimont\/#primaryimage\"},\"thumbnailUrl\":\"https:\/\/vieassociative.be\/actualites\/wp-content\/uploads\/2025\/12\/Protocoles-de-droit-penal-en-allemand-Mockel-Ecolo-interroge.jpg\",\"keywords\":[\"allemand\",\"d\u00e9put\u00e9\",\"DOLIMONT\",\"droit\",\"Ecolo\",\"interrog\u00e9\",\"Mockel\",\"p\u00e9nal\",\"Protocoles\"],\"articleSection\":[\"Belgique\"],\"inLanguage\":\"fr-BE\"},{\"@type\":\"WebPage\",\"@id\":\"https:\/\/vieassociative.be\/actualites\/protocoles-de-droit-penal-en-allemand-mockel-ecolo-interroge-le-depute-dolimont\/\",\"url\":\"https:\/\/vieassociative.be\/actualites\/protocoles-de-droit-penal-en-allemand-mockel-ecolo-interroge-le-depute-dolimont\/\",\"name\":\"Protocoles de droit p\u00e9nal en allemand : Mockel (Ecolo) interroge le d\u00e9put\u00e9 Dolimont | Vie Associative\",\"isPartOf\":{\"@id\":\"https:\/\/vieassociative.be\/actualites\/#website\"},\"primaryImageOfPage\":{\"@id\":\"https:\/\/vieassociative.be\/actualites\/protocoles-de-droit-penal-en-allemand-mockel-ecolo-interroge-le-depute-dolimont\/#primaryimage\"},\"image\":{\"@id\":\"https:\/\/vieassociative.be\/actualites\/protocoles-de-droit-penal-en-allemand-mockel-ecolo-interroge-le-depute-dolimont\/#primaryimage\"},\"thumbnailUrl\":\"https:\/\/vieassociative.be\/actualites\/wp-content\/uploads\/2025\/12\/Protocoles-de-droit-penal-en-allemand-Mockel-Ecolo-interroge.jpg\",\"datePublished\":\"2025-12-22T14:18:39+00:00\",\"dateModified\":\"2025-12-22T14:18:39+00:00\",\"breadcrumb\":{\"@id\":\"https:\/\/vieassociative.be\/actualites\/protocoles-de-droit-penal-en-allemand-mockel-ecolo-interroge-le-depute-dolimont\/#breadcrumb\"},\"inLanguage\":\"fr-BE\",\"potentialAction\":[{\"@type\":\"ReadAction\",\"target\":[\"https:\/\/vieassociative.be\/actualites\/protocoles-de-droit-penal-en-allemand-mockel-ecolo-interroge-le-depute-dolimont\/\"]}]},{\"@type\":\"ImageObject\",\"inLanguage\":\"fr-BE\",\"@id\":\"https:\/\/vieassociative.be\/actualites\/protocoles-de-droit-penal-en-allemand-mockel-ecolo-interroge-le-depute-dolimont\/#primaryimage\",\"url\":\"https:\/\/vieassociative.be\/actualites\/wp-content\/uploads\/2025\/12\/Protocoles-de-droit-penal-en-allemand-Mockel-Ecolo-interroge.jpg\",\"contentUrl\":\"https:\/\/vieassociative.be\/actualites\/wp-content\/uploads\/2025\/12\/Protocoles-de-droit-penal-en-allemand-Mockel-Ecolo-interroge.jpg\",\"width\":1200,\"height\":787,\"caption\":\"Protocoles de droit p\u00e9nal en allemand : Mockel (Ecolo) interroge le d\u00e9put\u00e9 Dolimont\"},{\"@type\":\"BreadcrumbList\",\"@id\":\"https:\/\/vieassociative.be\/actualites\/protocoles-de-droit-penal-en-allemand-mockel-ecolo-interroge-le-depute-dolimont\/#breadcrumb\",\"itemListElement\":[{\"@type\":\"ListItem\",\"position\":1,\"name\":\"Accueil\",\"item\":\"https:\/\/vieassociative.be\/actualites\/\"},{\"@type\":\"ListItem\",\"position\":2,\"name\":\"Protocoles de droit p\u00e9nal en allemand : Mockel (Ecolo) interroge le d\u00e9put\u00e9 Dolimont\"}]},{\"@type\":\"WebSite\",\"@id\":\"https:\/\/vieassociative.be\/actualites\/#website\",\"url\":\"https:\/\/vieassociative.be\/actualites\/\",\"name\":\"Vie Associative\",\"description\":\"\",\"publisher\":{\"@id\":\"https:\/\/vieassociative.be\/actualites\/#organization\"},\"potentialAction\":[{\"@type\":\"SearchAction\",\"target\":{\"@type\":\"EntryPoint\",\"urlTemplate\":\"https:\/\/vieassociative.be\/actualites\/?s={search_term_string}\"},\"query-input\":{\"@type\":\"PropertyValueSpecification\",\"valueRequired\":true,\"valueName\":\"search_term_string\"}}],\"inLanguage\":\"fr-BE\"},{\"@type\":\"Organization\",\"@id\":\"https:\/\/vieassociative.be\/actualites\/#organization\",\"name\":\"Vie Associative\",\"url\":\"https:\/\/vieassociative.be\/actualites\/\",\"logo\":{\"@type\":\"ImageObject\",\"inLanguage\":\"fr-BE\",\"@id\":\"https:\/\/vieassociative.be\/actualites\/#\/schema\/logo\/image\/\",\"url\":\"https:\/\/vieassociative.be\/actualites\/wp-content\/uploads\/2024\/09\/cropped-vieassociative_favicon.ico.png\",\"contentUrl\":\"https:\/\/vieassociative.be\/actualites\/wp-content\/uploads\/2024\/09\/cropped-vieassociative_favicon.ico.png\",\"width\":512,\"height\":512,\"caption\":\"Vie Associative\"},\"image\":{\"@id\":\"https:\/\/vieassociative.be\/actualites\/#\/schema\/logo\/image\/\"}},{\"@type\":\"Person\",\"@id\":\"https:\/\/vieassociative.be\/actualites\/#\/schema\/person\/b87ac4f82f9d4e7b7cec7395b679edc4\",\"name\":\"Julien\",\"image\":{\"@type\":\"ImageObject\",\"inLanguage\":\"fr-BE\",\"@id\":\"https:\/\/vieassociative.be\/actualites\/#\/schema\/person\/image\/\",\"url\":\"https:\/\/vieassociative.be\/actualites\/wp-content\/uploads\/2024\/09\/vie-associative-1-150x150.jpg\",\"contentUrl\":\"https:\/\/vieassociative.be\/actualites\/wp-content\/uploads\/2024\/09\/vie-associative-1-150x150.jpg\",\"caption\":\"Julien\"},\"description\":\"Je suis Julien, r\u00e9dacteur pour Vie Associative. Passionn\u00e9 par le monde associatif depuis plus de 10 ans, j'ai \u00e0 c\u0153ur de partager des histoires inspirantes et de mettre en lumi\u00e8re les initiatives locales. Mon objectif est de sensibiliser et d'encourager l'engagement communautaire \u00e0 travers mes articles.\",\"sameAs\":[\"https:\/\/vieassociative.be\/\"]}]}<\/script>\n<!-- \/ Yoast SEO plugin. -->","yoast_head_json":{"title":"Protocoles de droit p\u00e9nal en allemand : Mockel (Ecolo) interroge le d\u00e9put\u00e9 Dolimont | Vie Associative","robots":{"index":"index","follow":"follow","max-snippet":"max-snippet:-1","max-image-preview":"max-image-preview:large","max-video-preview":"max-video-preview:-1"},"canonical":"https:\/\/vieassociative.be\/actualites\/protocoles-de-droit-penal-en-allemand-mockel-ecolo-interroge-le-depute-dolimont\/","og_locale":"fr_FR","og_type":"article","og_title":"Protocoles de droit p\u00e9nal en allemand : Mockel (Ecolo) interroge le d\u00e9put\u00e9 Dolimont | Vie Associative","og_description":"Un arr\u00eat de la Cour constitutionnelle belge du 27 novembre 2025 l&rsquo;a pr\u00e9cis\u00e9 : les protocoles de droit p\u00e9nal qui font r\u00e9f\u00e9rence \u00e0 des actes","og_url":"https:\/\/vieassociative.be\/actualites\/protocoles-de-droit-penal-en-allemand-mockel-ecolo-interroge-le-depute-dolimont\/","og_site_name":"Vie Associative","article_published_time":"2025-12-22T14:18:39+00:00","og_image":[{"width":279,"height":92,"url":"https:\/\/vieassociative.be\/actualites\/wp-content\/uploads\/2024\/09\/header_backgroundk-01-e1726694325946.png","type":"image\/png"}],"author":"Julien","twitter_card":"summary_large_image","twitter_misc":{"\u00c9crit par":"Julien","Dur\u00e9e de lecture est.":"3 minutes"},"schema":{"@context":"https:\/\/schema.org","@graph":[{"@type":"Article","@id":"https:\/\/vieassociative.be\/actualites\/protocoles-de-droit-penal-en-allemand-mockel-ecolo-interroge-le-depute-dolimont\/#article","isPartOf":{"@id":"https:\/\/vieassociative.be\/actualites\/protocoles-de-droit-penal-en-allemand-mockel-ecolo-interroge-le-depute-dolimont\/"},"author":{"name":"Julien","@id":"https:\/\/vieassociative.be\/actualites\/#\/schema\/person\/b87ac4f82f9d4e7b7cec7395b679edc4"},"headline":"Protocoles de droit p\u00e9nal en allemand : Mockel (Ecolo) interroge le d\u00e9put\u00e9 Dolimont","datePublished":"2025-12-22T14:18:39+00:00","dateModified":"2025-12-22T14:18:39+00:00","mainEntityOfPage":{"@id":"https:\/\/vieassociative.be\/actualites\/protocoles-de-droit-penal-en-allemand-mockel-ecolo-interroge-le-depute-dolimont\/"},"wordCount":591,"publisher":{"@id":"https:\/\/vieassociative.be\/actualites\/#organization"},"image":{"@id":"https:\/\/vieassociative.be\/actualites\/protocoles-de-droit-penal-en-allemand-mockel-ecolo-interroge-le-depute-dolimont\/#primaryimage"},"thumbnailUrl":"https:\/\/vieassociative.be\/actualites\/wp-content\/uploads\/2025\/12\/Protocoles-de-droit-penal-en-allemand-Mockel-Ecolo-interroge.jpg","keywords":["allemand","d\u00e9put\u00e9","DOLIMONT","droit","Ecolo","interrog\u00e9","Mockel","p\u00e9nal","Protocoles"],"articleSection":["Belgique"],"inLanguage":"fr-BE"},{"@type":"WebPage","@id":"https:\/\/vieassociative.be\/actualites\/protocoles-de-droit-penal-en-allemand-mockel-ecolo-interroge-le-depute-dolimont\/","url":"https:\/\/vieassociative.be\/actualites\/protocoles-de-droit-penal-en-allemand-mockel-ecolo-interroge-le-depute-dolimont\/","name":"Protocoles de droit p\u00e9nal en allemand : Mockel (Ecolo) interroge le d\u00e9put\u00e9 Dolimont | Vie Associative","isPartOf":{"@id":"https:\/\/vieassociative.be\/actualites\/#website"},"primaryImageOfPage":{"@id":"https:\/\/vieassociative.be\/actualites\/protocoles-de-droit-penal-en-allemand-mockel-ecolo-interroge-le-depute-dolimont\/#primaryimage"},"image":{"@id":"https:\/\/vieassociative.be\/actualites\/protocoles-de-droit-penal-en-allemand-mockel-ecolo-interroge-le-depute-dolimont\/#primaryimage"},"thumbnailUrl":"https:\/\/vieassociative.be\/actualites\/wp-content\/uploads\/2025\/12\/Protocoles-de-droit-penal-en-allemand-Mockel-Ecolo-interroge.jpg","datePublished":"2025-12-22T14:18:39+00:00","dateModified":"2025-12-22T14:18:39+00:00","breadcrumb":{"@id":"https:\/\/vieassociative.be\/actualites\/protocoles-de-droit-penal-en-allemand-mockel-ecolo-interroge-le-depute-dolimont\/#breadcrumb"},"inLanguage":"fr-BE","potentialAction":[{"@type":"ReadAction","target":["https:\/\/vieassociative.be\/actualites\/protocoles-de-droit-penal-en-allemand-mockel-ecolo-interroge-le-depute-dolimont\/"]}]},{"@type":"ImageObject","inLanguage":"fr-BE","@id":"https:\/\/vieassociative.be\/actualites\/protocoles-de-droit-penal-en-allemand-mockel-ecolo-interroge-le-depute-dolimont\/#primaryimage","url":"https:\/\/vieassociative.be\/actualites\/wp-content\/uploads\/2025\/12\/Protocoles-de-droit-penal-en-allemand-Mockel-Ecolo-interroge.jpg","contentUrl":"https:\/\/vieassociative.be\/actualites\/wp-content\/uploads\/2025\/12\/Protocoles-de-droit-penal-en-allemand-Mockel-Ecolo-interroge.jpg","width":1200,"height":787,"caption":"Protocoles de droit p\u00e9nal en allemand : Mockel (Ecolo) interroge le d\u00e9put\u00e9 Dolimont"},{"@type":"BreadcrumbList","@id":"https:\/\/vieassociative.be\/actualites\/protocoles-de-droit-penal-en-allemand-mockel-ecolo-interroge-le-depute-dolimont\/#breadcrumb","itemListElement":[{"@type":"ListItem","position":1,"name":"Accueil","item":"https:\/\/vieassociative.be\/actualites\/"},{"@type":"ListItem","position":2,"name":"Protocoles de droit p\u00e9nal en allemand : Mockel (Ecolo) interroge le d\u00e9put\u00e9 Dolimont"}]},{"@type":"WebSite","@id":"https:\/\/vieassociative.be\/actualites\/#website","url":"https:\/\/vieassociative.be\/actualites\/","name":"Vie Associative","description":"","publisher":{"@id":"https:\/\/vieassociative.be\/actualites\/#organization"},"potentialAction":[{"@type":"SearchAction","target":{"@type":"EntryPoint","urlTemplate":"https:\/\/vieassociative.be\/actualites\/?s={search_term_string}"},"query-input":{"@type":"PropertyValueSpecification","valueRequired":true,"valueName":"search_term_string"}}],"inLanguage":"fr-BE"},{"@type":"Organization","@id":"https:\/\/vieassociative.be\/actualites\/#organization","name":"Vie Associative","url":"https:\/\/vieassociative.be\/actualites\/","logo":{"@type":"ImageObject","inLanguage":"fr-BE","@id":"https:\/\/vieassociative.be\/actualites\/#\/schema\/logo\/image\/","url":"https:\/\/vieassociative.be\/actualites\/wp-content\/uploads\/2024\/09\/cropped-vieassociative_favicon.ico.png","contentUrl":"https:\/\/vieassociative.be\/actualites\/wp-content\/uploads\/2024\/09\/cropped-vieassociative_favicon.ico.png","width":512,"height":512,"caption":"Vie Associative"},"image":{"@id":"https:\/\/vieassociative.be\/actualites\/#\/schema\/logo\/image\/"}},{"@type":"Person","@id":"https:\/\/vieassociative.be\/actualites\/#\/schema\/person\/b87ac4f82f9d4e7b7cec7395b679edc4","name":"Julien","image":{"@type":"ImageObject","inLanguage":"fr-BE","@id":"https:\/\/vieassociative.be\/actualites\/#\/schema\/person\/image\/","url":"https:\/\/vieassociative.be\/actualites\/wp-content\/uploads\/2024\/09\/vie-associative-1-150x150.jpg","contentUrl":"https:\/\/vieassociative.be\/actualites\/wp-content\/uploads\/2024\/09\/vie-associative-1-150x150.jpg","caption":"Julien"},"description":"Je suis Julien, r\u00e9dacteur pour Vie Associative. Passionn\u00e9 par le monde associatif depuis plus de 10 ans, j'ai \u00e0 c\u0153ur de partager des histoires inspirantes et de mettre en lumi\u00e8re les initiatives locales. Mon objectif est de sensibiliser et d'encourager l'engagement communautaire \u00e0 travers mes articles.","sameAs":["https:\/\/vieassociative.be\/"]}]}},"_links":{"self":[{"href":"https:\/\/vieassociative.be\/actualites\/wp-json\/wp\/v2\/posts\/11944"}],"collection":[{"href":"https:\/\/vieassociative.be\/actualites\/wp-json\/wp\/v2\/posts"}],"about":[{"href":"https:\/\/vieassociative.be\/actualites\/wp-json\/wp\/v2\/types\/post"}],"author":[{"embeddable":true,"href":"https:\/\/vieassociative.be\/actualites\/wp-json\/wp\/v2\/users\/1"}],"replies":[{"embeddable":true,"href":"https:\/\/vieassociative.be\/actualites\/wp-json\/wp\/v2\/comments?post=11944"}],"version-history":[{"count":0,"href":"https:\/\/vieassociative.be\/actualites\/wp-json\/wp\/v2\/posts\/11944\/revisions"}],"wp:featuredmedia":[{"embeddable":true,"href":"https:\/\/vieassociative.be\/actualites\/wp-json\/wp\/v2\/media\/11945"}],"wp:attachment":[{"href":"https:\/\/vieassociative.be\/actualites\/wp-json\/wp\/v2\/media?parent=11944"}],"wp:term":[{"taxonomy":"category","embeddable":true,"href":"https:\/\/vieassociative.be\/actualites\/wp-json\/wp\/v2\/categories?post=11944"},{"taxonomy":"post_tag","embeddable":true,"href":"https:\/\/vieassociative.be\/actualites\/wp-json\/wp\/v2\/tags?post=11944"}],"curies":[{"name":"wp","href":"https:\/\/api.w.org\/{rel}","templated":true}]}}