{"id":11929,"date":"2025-12-21T15:17:22","date_gmt":"2025-12-21T14:17:22","guid":{"rendered":"https:\/\/vieassociative.be\/actualites\/las-eupen-vise-ce-soir-19h15-sa-quatrieme-victoire-consecutive-au-kehrweg-face-a-lolympic-charleroi\/"},"modified":"2025-12-21T15:17:22","modified_gmt":"2025-12-21T14:17:22","slug":"las-eupen-vise-ce-soir-19h15-sa-quatrieme-victoire-consecutive-au-kehrweg-face-a-lolympic-charleroi","status":"publish","type":"post","link":"https:\/\/vieassociative.be\/actualites\/las-eupen-vise-ce-soir-19h15-sa-quatrieme-victoire-consecutive-au-kehrweg-face-a-lolympic-charleroi\/","title":{"rendered":"L&rsquo;AS Eupen vise ce soir (19h15) sa quatri\u00e8me victoire cons\u00e9cutive au Kehrweg face \u00e0 l&rsquo;Olympic Charleroi."},"content":{"rendered":"<p><strong>L&rsquo;\u00e9quipe de football de deuxi\u00e8me division, l&rsquo;AS Eupen, s&rsquo;est am\u00e9lior\u00e9e \u00e0 la 5\u00e8me place du classement gr\u00e2ce \u00e0 sa victoire \u00e0 l&rsquo;ext\u00e9rieur au Patro Eisden, malheureusement \u00e9clips\u00e9e par des sc\u00e8nes d\u00e9sagr\u00e9ables apr\u00e8s le coup de sifflet final (voir communiqu\u00e9 de l&rsquo;AS ci-dessous), et veut dire au revoir \u00e0 la tr\u00eave hivernale ce dimanche contre l&rsquo;Olympic Charleroi avec une quatri\u00e8me victoire cons\u00e9cutive.<\/strong><\/p>\n<p><span id=\"more-432461\"><\/span>Quiconque a suivi les derniers matchs entre les Noirs et les Blancs a constat\u00e9 que le rachat annonc\u00e9 du club par Qatar Sports Investments (QSI) avait d\u00e9j\u00e0 donn\u00e9 un nouveau souffle \u00e0 l&rsquo;\u00e9quipe, avant m\u00eame que des renforts puissent \u00eatre engag\u00e9s. Chaque joueur souhaite se recommander pour la p\u00e9riode qui suit les vacances d&rsquo;hiver &#8211; soit pour rester \u00e0 Eupen, soit dans un autre club.<\/p>\n<div id=\"attachment_419229\" class=\"wp-caption alignleft\" style=\"max-width: 300px\"><img fetchpriority=\"high\" decoding=\"async\" class=\"wp-image-419229 size-medium\" src=\"https:\/\/vieassociative.be\/actualites\/wp-content\/uploads\/2025\/12\/LAS-Eupen-vise-ce-soir-19h15-sa-quatrieme-victoire-consecutive.jpg\" alt=\"\" width=\"300\" height=\"201\"  ><\/div>\n<p>Normalement, tous les joueurs sont \u00e0 la disposition de l&rsquo;entra\u00eeneur-chef Bruno Pinheiro. Le match de ce dimanche soir (19h15 \/ en direct sur l&rsquo;application DAZN) donnera l&rsquo;occasion au nouveau directeur sportif Pasquale Sensibile d&rsquo;analyser \u00e0 nouveau les forces et les faiblesses de l&rsquo;\u00e9quipe avant de devenir actif sur le march\u00e9 des transferts apr\u00e8s No\u00ebl, car malgr\u00e9 les r\u00e9centes victoires, il ne fait aucun doute que les \u00ab\u00a0Pandas\u00a0\u00bb ont absolument besoin de renforts s&rsquo;ils veulent rester jusqu&rsquo;au bout dans la lutte pour le top 6.<\/p>\n<p>Les deux premi\u00e8res places du classement, qui donnent droit \u00e0 une promotion directe en Jupiler Pro League, sont probablement d\u00e9j\u00e0 hors de port\u00e9e pour Eupen. Surtout, le leader du SK Beveren est dans une classe \u00e0 part cette saison. En th\u00e9orie du moins, le KV Courtrai pourrait avoir 13 points d&rsquo;avance sur l&rsquo;AS et pourrait encore rattraper son retard avec un match de plus.<\/p>\n<p>Il serait plus r\u00e9aliste de supposer qu&rsquo;apr\u00e8s la fin du championnat r\u00e9gulier de la Challenger Pro League, l&rsquo;AS Eupen, avec le Beerschot, le SK Lommel et le FC L\u00fcttich, disputeront les \u00e9liminatoires de promotion, dont le vainqueur disputera deux matches contre les derniers du classement de la Jupiler Pro League pour une promotion dans la Jupiler Pro League ou pour rester dans la premi\u00e8re division. (cr\u00e9er)<\/p>\n<p><em><strong>Vous trouverez ci-dessous une d\u00e9claration de l&rsquo;AS Eupen sur les incidents d&rsquo;Eisden :<\/strong><\/em><\/p>\n<p><u>https:\/\/www.as-eupen.be\/stellungnahme-zu-den-vorfaellen-nach-dem-spiel-gegen-patro-eisden\/<\/u><\/p><\/p>\n","protected":false},"excerpt":{"rendered":"<p>L&rsquo;\u00e9quipe de football de deuxi\u00e8me division, l&rsquo;AS Eupen, s&rsquo;est am\u00e9lior\u00e9e \u00e0 la 5\u00e8me place du classement gr\u00e2ce \u00e0 sa victoire \u00e0 l&rsquo;ext\u00e9rieur au Patro Eisden,<\/p>\n","protected":false},"author":1,"featured_media":10733,"comment_status":"","ping_status":"","sticky":false,"template":"","format":"standard","meta":{"footnotes":""},"categories":[298],"tags":[2331,8043,4809,2329,733,2500,2353,9603,7154,1795,784,9114],"class_list":["post-11929","post","type-post","status-publish","format-standard","has-post-thumbnail","hentry","category-belgique","tag-19h15","tag-charleroi","tag-consecutive","tag-eupen","tag-face","tag-kehrweg","tag-las","tag-lolympic","tag-quatrieme","tag-soir","tag-victoire","tag-vise","generate-columns","tablet-grid-50","mobile-grid-100","grid-parent","grid-33"],"yoast_head":"<!-- This site is optimized with the Yoast SEO plugin v24.0 - https:\/\/yoast.com\/wordpress\/plugins\/seo\/ -->\n<title>L&#039;AS Eupen vise ce soir (19h15) sa quatri\u00e8me victoire cons\u00e9cutive au Kehrweg face \u00e0 l&#039;Olympic Charleroi. | Vie Associative<\/title>\n<meta name=\"robots\" content=\"index, follow, max-snippet:-1, max-image-preview:large, max-video-preview:-1\" \/>\n<link rel=\"canonical\" href=\"https:\/\/vieassociative.be\/actualites\/las-eupen-vise-ce-soir-19h15-sa-quatrieme-victoire-consecutive-au-kehrweg-face-a-lolympic-charleroi\/\" \/>\n<meta property=\"og:locale\" content=\"fr_FR\" \/>\n<meta property=\"og:type\" content=\"article\" \/>\n<meta property=\"og:title\" content=\"L&#039;AS Eupen vise ce soir (19h15) sa quatri\u00e8me victoire cons\u00e9cutive au Kehrweg face \u00e0 l&#039;Olympic Charleroi. | Vie Associative\" \/>\n<meta property=\"og:description\" content=\"L&rsquo;\u00e9quipe de football de deuxi\u00e8me division, l&rsquo;AS Eupen, s&rsquo;est am\u00e9lior\u00e9e \u00e0 la 5\u00e8me place du classement gr\u00e2ce \u00e0 sa victoire \u00e0 l&rsquo;ext\u00e9rieur au Patro Eisden,\" \/>\n<meta property=\"og:url\" content=\"https:\/\/vieassociative.be\/actualites\/las-eupen-vise-ce-soir-19h15-sa-quatrieme-victoire-consecutive-au-kehrweg-face-a-lolympic-charleroi\/\" \/>\n<meta property=\"og:site_name\" content=\"Vie Associative\" \/>\n<meta property=\"article:published_time\" content=\"2025-12-21T14:17:22+00:00\" \/>\n<meta property=\"og:image\" content=\"https:\/\/vieassociative.be\/actualites\/wp-content\/uploads\/2024\/09\/header_backgroundk-01-e1726694325946.png\" \/>\n\t<meta property=\"og:image:width\" content=\"279\" \/>\n\t<meta property=\"og:image:height\" content=\"92\" \/>\n\t<meta property=\"og:image:type\" content=\"image\/png\" \/>\n<meta name=\"author\" content=\"Julien\" \/>\n<meta name=\"twitter:card\" content=\"summary_large_image\" \/>\n<meta name=\"twitter:label1\" content=\"\u00c9crit par\" \/>\n\t<meta name=\"twitter:data1\" content=\"Julien\" \/>\n\t<meta name=\"twitter:label2\" content=\"Dur\u00e9e de lecture est.\" \/>\n\t<meta name=\"twitter:data2\" content=\"2 minutes\" \/>\n<script type=\"application\/ld+json\" class=\"yoast-schema-graph\">{\"@context\":\"https:\/\/schema.org\",\"@graph\":[{\"@type\":\"Article\",\"@id\":\"https:\/\/vieassociative.be\/actualites\/las-eupen-vise-ce-soir-19h15-sa-quatrieme-victoire-consecutive-au-kehrweg-face-a-lolympic-charleroi\/#article\",\"isPartOf\":{\"@id\":\"https:\/\/vieassociative.be\/actualites\/las-eupen-vise-ce-soir-19h15-sa-quatrieme-victoire-consecutive-au-kehrweg-face-a-lolympic-charleroi\/\"},\"author\":{\"name\":\"Julien\",\"@id\":\"https:\/\/vieassociative.be\/actualites\/#\/schema\/person\/b87ac4f82f9d4e7b7cec7395b679edc4\"},\"headline\":\"L&rsquo;AS Eupen vise ce soir (19h15) sa quatri\u00e8me victoire cons\u00e9cutive au Kehrweg face \u00e0 l&rsquo;Olympic Charleroi.\",\"datePublished\":\"2025-12-21T14:17:22+00:00\",\"dateModified\":\"2025-12-21T14:17:22+00:00\",\"mainEntityOfPage\":{\"@id\":\"https:\/\/vieassociative.be\/actualites\/las-eupen-vise-ce-soir-19h15-sa-quatrieme-victoire-consecutive-au-kehrweg-face-a-lolympic-charleroi\/\"},\"wordCount\":416,\"publisher\":{\"@id\":\"https:\/\/vieassociative.be\/actualites\/#organization\"},\"image\":{\"@id\":\"https:\/\/vieassociative.be\/actualites\/las-eupen-vise-ce-soir-19h15-sa-quatrieme-victoire-consecutive-au-kehrweg-face-a-lolympic-charleroi\/#primaryimage\"},\"thumbnailUrl\":\"https:\/\/vieassociative.be\/actualites\/wp-content\/uploads\/2025\/10\/1760732226_LAS-Eupen-simpose-de-justesse-1-0-apres-une-tres-mauvaise.jpg\",\"keywords\":[\"19h15\",\"Charleroi\",\"cons\u00e9cutive\",\"Eupen\",\"face\",\"Kehrweg\",\"lAS\",\"lOlympic\",\"quatri\u00e8me\",\"soir\",\"victoire\",\"vise\"],\"articleSection\":[\"Belgique\"],\"inLanguage\":\"fr-BE\"},{\"@type\":\"WebPage\",\"@id\":\"https:\/\/vieassociative.be\/actualites\/las-eupen-vise-ce-soir-19h15-sa-quatrieme-victoire-consecutive-au-kehrweg-face-a-lolympic-charleroi\/\",\"url\":\"https:\/\/vieassociative.be\/actualites\/las-eupen-vise-ce-soir-19h15-sa-quatrieme-victoire-consecutive-au-kehrweg-face-a-lolympic-charleroi\/\",\"name\":\"L'AS Eupen vise ce soir (19h15) sa quatri\u00e8me victoire cons\u00e9cutive au Kehrweg face \u00e0 l'Olympic Charleroi. | Vie Associative\",\"isPartOf\":{\"@id\":\"https:\/\/vieassociative.be\/actualites\/#website\"},\"primaryImageOfPage\":{\"@id\":\"https:\/\/vieassociative.be\/actualites\/las-eupen-vise-ce-soir-19h15-sa-quatrieme-victoire-consecutive-au-kehrweg-face-a-lolympic-charleroi\/#primaryimage\"},\"image\":{\"@id\":\"https:\/\/vieassociative.be\/actualites\/las-eupen-vise-ce-soir-19h15-sa-quatrieme-victoire-consecutive-au-kehrweg-face-a-lolympic-charleroi\/#primaryimage\"},\"thumbnailUrl\":\"https:\/\/vieassociative.be\/actualites\/wp-content\/uploads\/2025\/10\/1760732226_LAS-Eupen-simpose-de-justesse-1-0-apres-une-tres-mauvaise.jpg\",\"datePublished\":\"2025-12-21T14:17:22+00:00\",\"dateModified\":\"2025-12-21T14:17:22+00:00\",\"breadcrumb\":{\"@id\":\"https:\/\/vieassociative.be\/actualites\/las-eupen-vise-ce-soir-19h15-sa-quatrieme-victoire-consecutive-au-kehrweg-face-a-lolympic-charleroi\/#breadcrumb\"},\"inLanguage\":\"fr-BE\",\"potentialAction\":[{\"@type\":\"ReadAction\",\"target\":[\"https:\/\/vieassociative.be\/actualites\/las-eupen-vise-ce-soir-19h15-sa-quatrieme-victoire-consecutive-au-kehrweg-face-a-lolympic-charleroi\/\"]}]},{\"@type\":\"ImageObject\",\"inLanguage\":\"fr-BE\",\"@id\":\"https:\/\/vieassociative.be\/actualites\/las-eupen-vise-ce-soir-19h15-sa-quatrieme-victoire-consecutive-au-kehrweg-face-a-lolympic-charleroi\/#primaryimage\",\"url\":\"https:\/\/vieassociative.be\/actualites\/wp-content\/uploads\/2025\/10\/1760732226_LAS-Eupen-simpose-de-justesse-1-0-apres-une-tres-mauvaise.jpg\",\"contentUrl\":\"https:\/\/vieassociative.be\/actualites\/wp-content\/uploads\/2025\/10\/1760732226_LAS-Eupen-simpose-de-justesse-1-0-apres-une-tres-mauvaise.jpg\",\"width\":1200,\"height\":850,\"caption\":\"L'AS Eupen s'impose de justesse 1-0 apr\u00e8s une tr\u00e8s mauvaise performance \u00e0 Charleroi, dernier du classement olympique\"},{\"@type\":\"BreadcrumbList\",\"@id\":\"https:\/\/vieassociative.be\/actualites\/las-eupen-vise-ce-soir-19h15-sa-quatrieme-victoire-consecutive-au-kehrweg-face-a-lolympic-charleroi\/#breadcrumb\",\"itemListElement\":[{\"@type\":\"ListItem\",\"position\":1,\"name\":\"Accueil\",\"item\":\"https:\/\/vieassociative.be\/actualites\/\"},{\"@type\":\"ListItem\",\"position\":2,\"name\":\"L&rsquo;AS Eupen vise ce soir (19h15) sa quatri\u00e8me victoire cons\u00e9cutive au Kehrweg face \u00e0 l&rsquo;Olympic Charleroi.\"}]},{\"@type\":\"WebSite\",\"@id\":\"https:\/\/vieassociative.be\/actualites\/#website\",\"url\":\"https:\/\/vieassociative.be\/actualites\/\",\"name\":\"Vie Associative\",\"description\":\"\",\"publisher\":{\"@id\":\"https:\/\/vieassociative.be\/actualites\/#organization\"},\"potentialAction\":[{\"@type\":\"SearchAction\",\"target\":{\"@type\":\"EntryPoint\",\"urlTemplate\":\"https:\/\/vieassociative.be\/actualites\/?s={search_term_string}\"},\"query-input\":{\"@type\":\"PropertyValueSpecification\",\"valueRequired\":true,\"valueName\":\"search_term_string\"}}],\"inLanguage\":\"fr-BE\"},{\"@type\":\"Organization\",\"@id\":\"https:\/\/vieassociative.be\/actualites\/#organization\",\"name\":\"Vie Associative\",\"url\":\"https:\/\/vieassociative.be\/actualites\/\",\"logo\":{\"@type\":\"ImageObject\",\"inLanguage\":\"fr-BE\",\"@id\":\"https:\/\/vieassociative.be\/actualites\/#\/schema\/logo\/image\/\",\"url\":\"https:\/\/vieassociative.be\/actualites\/wp-content\/uploads\/2024\/09\/cropped-vieassociative_favicon.ico.png\",\"contentUrl\":\"https:\/\/vieassociative.be\/actualites\/wp-content\/uploads\/2024\/09\/cropped-vieassociative_favicon.ico.png\",\"width\":512,\"height\":512,\"caption\":\"Vie Associative\"},\"image\":{\"@id\":\"https:\/\/vieassociative.be\/actualites\/#\/schema\/logo\/image\/\"}},{\"@type\":\"Person\",\"@id\":\"https:\/\/vieassociative.be\/actualites\/#\/schema\/person\/b87ac4f82f9d4e7b7cec7395b679edc4\",\"name\":\"Julien\",\"image\":{\"@type\":\"ImageObject\",\"inLanguage\":\"fr-BE\",\"@id\":\"https:\/\/vieassociative.be\/actualites\/#\/schema\/person\/image\/\",\"url\":\"https:\/\/vieassociative.be\/actualites\/wp-content\/uploads\/2024\/09\/vie-associative-1-150x150.jpg\",\"contentUrl\":\"https:\/\/vieassociative.be\/actualites\/wp-content\/uploads\/2024\/09\/vie-associative-1-150x150.jpg\",\"caption\":\"Julien\"},\"description\":\"Je suis Julien, r\u00e9dacteur pour Vie Associative. Passionn\u00e9 par le monde associatif depuis plus de 10 ans, j'ai \u00e0 c\u0153ur de partager des histoires inspirantes et de mettre en lumi\u00e8re les initiatives locales. Mon objectif est de sensibiliser et d'encourager l'engagement communautaire \u00e0 travers mes articles.\",\"sameAs\":[\"https:\/\/vieassociative.be\/\"]}]}<\/script>\n<!-- \/ Yoast SEO plugin. -->","yoast_head_json":{"title":"L'AS Eupen vise ce soir (19h15) sa quatri\u00e8me victoire cons\u00e9cutive au Kehrweg face \u00e0 l'Olympic Charleroi. | Vie Associative","robots":{"index":"index","follow":"follow","max-snippet":"max-snippet:-1","max-image-preview":"max-image-preview:large","max-video-preview":"max-video-preview:-1"},"canonical":"https:\/\/vieassociative.be\/actualites\/las-eupen-vise-ce-soir-19h15-sa-quatrieme-victoire-consecutive-au-kehrweg-face-a-lolympic-charleroi\/","og_locale":"fr_FR","og_type":"article","og_title":"L'AS Eupen vise ce soir (19h15) sa quatri\u00e8me victoire cons\u00e9cutive au Kehrweg face \u00e0 l'Olympic Charleroi. | Vie Associative","og_description":"L&rsquo;\u00e9quipe de football de deuxi\u00e8me division, l&rsquo;AS Eupen, s&rsquo;est am\u00e9lior\u00e9e \u00e0 la 5\u00e8me place du classement gr\u00e2ce \u00e0 sa victoire \u00e0 l&rsquo;ext\u00e9rieur au Patro Eisden,","og_url":"https:\/\/vieassociative.be\/actualites\/las-eupen-vise-ce-soir-19h15-sa-quatrieme-victoire-consecutive-au-kehrweg-face-a-lolympic-charleroi\/","og_site_name":"Vie Associative","article_published_time":"2025-12-21T14:17:22+00:00","og_image":[{"width":279,"height":92,"url":"https:\/\/vieassociative.be\/actualites\/wp-content\/uploads\/2024\/09\/header_backgroundk-01-e1726694325946.png","type":"image\/png"}],"author":"Julien","twitter_card":"summary_large_image","twitter_misc":{"\u00c9crit par":"Julien","Dur\u00e9e de lecture est.":"2 minutes"},"schema":{"@context":"https:\/\/schema.org","@graph":[{"@type":"Article","@id":"https:\/\/vieassociative.be\/actualites\/las-eupen-vise-ce-soir-19h15-sa-quatrieme-victoire-consecutive-au-kehrweg-face-a-lolympic-charleroi\/#article","isPartOf":{"@id":"https:\/\/vieassociative.be\/actualites\/las-eupen-vise-ce-soir-19h15-sa-quatrieme-victoire-consecutive-au-kehrweg-face-a-lolympic-charleroi\/"},"author":{"name":"Julien","@id":"https:\/\/vieassociative.be\/actualites\/#\/schema\/person\/b87ac4f82f9d4e7b7cec7395b679edc4"},"headline":"L&rsquo;AS Eupen vise ce soir (19h15) sa quatri\u00e8me victoire cons\u00e9cutive au Kehrweg face \u00e0 l&rsquo;Olympic Charleroi.","datePublished":"2025-12-21T14:17:22+00:00","dateModified":"2025-12-21T14:17:22+00:00","mainEntityOfPage":{"@id":"https:\/\/vieassociative.be\/actualites\/las-eupen-vise-ce-soir-19h15-sa-quatrieme-victoire-consecutive-au-kehrweg-face-a-lolympic-charleroi\/"},"wordCount":416,"publisher":{"@id":"https:\/\/vieassociative.be\/actualites\/#organization"},"image":{"@id":"https:\/\/vieassociative.be\/actualites\/las-eupen-vise-ce-soir-19h15-sa-quatrieme-victoire-consecutive-au-kehrweg-face-a-lolympic-charleroi\/#primaryimage"},"thumbnailUrl":"https:\/\/vieassociative.be\/actualites\/wp-content\/uploads\/2025\/10\/1760732226_LAS-Eupen-simpose-de-justesse-1-0-apres-une-tres-mauvaise.jpg","keywords":["19h15","Charleroi","cons\u00e9cutive","Eupen","face","Kehrweg","lAS","lOlympic","quatri\u00e8me","soir","victoire","vise"],"articleSection":["Belgique"],"inLanguage":"fr-BE"},{"@type":"WebPage","@id":"https:\/\/vieassociative.be\/actualites\/las-eupen-vise-ce-soir-19h15-sa-quatrieme-victoire-consecutive-au-kehrweg-face-a-lolympic-charleroi\/","url":"https:\/\/vieassociative.be\/actualites\/las-eupen-vise-ce-soir-19h15-sa-quatrieme-victoire-consecutive-au-kehrweg-face-a-lolympic-charleroi\/","name":"L'AS Eupen vise ce soir (19h15) sa quatri\u00e8me victoire cons\u00e9cutive au Kehrweg face \u00e0 l'Olympic Charleroi. | Vie Associative","isPartOf":{"@id":"https:\/\/vieassociative.be\/actualites\/#website"},"primaryImageOfPage":{"@id":"https:\/\/vieassociative.be\/actualites\/las-eupen-vise-ce-soir-19h15-sa-quatrieme-victoire-consecutive-au-kehrweg-face-a-lolympic-charleroi\/#primaryimage"},"image":{"@id":"https:\/\/vieassociative.be\/actualites\/las-eupen-vise-ce-soir-19h15-sa-quatrieme-victoire-consecutive-au-kehrweg-face-a-lolympic-charleroi\/#primaryimage"},"thumbnailUrl":"https:\/\/vieassociative.be\/actualites\/wp-content\/uploads\/2025\/10\/1760732226_LAS-Eupen-simpose-de-justesse-1-0-apres-une-tres-mauvaise.jpg","datePublished":"2025-12-21T14:17:22+00:00","dateModified":"2025-12-21T14:17:22+00:00","breadcrumb":{"@id":"https:\/\/vieassociative.be\/actualites\/las-eupen-vise-ce-soir-19h15-sa-quatrieme-victoire-consecutive-au-kehrweg-face-a-lolympic-charleroi\/#breadcrumb"},"inLanguage":"fr-BE","potentialAction":[{"@type":"ReadAction","target":["https:\/\/vieassociative.be\/actualites\/las-eupen-vise-ce-soir-19h15-sa-quatrieme-victoire-consecutive-au-kehrweg-face-a-lolympic-charleroi\/"]}]},{"@type":"ImageObject","inLanguage":"fr-BE","@id":"https:\/\/vieassociative.be\/actualites\/las-eupen-vise-ce-soir-19h15-sa-quatrieme-victoire-consecutive-au-kehrweg-face-a-lolympic-charleroi\/#primaryimage","url":"https:\/\/vieassociative.be\/actualites\/wp-content\/uploads\/2025\/10\/1760732226_LAS-Eupen-simpose-de-justesse-1-0-apres-une-tres-mauvaise.jpg","contentUrl":"https:\/\/vieassociative.be\/actualites\/wp-content\/uploads\/2025\/10\/1760732226_LAS-Eupen-simpose-de-justesse-1-0-apres-une-tres-mauvaise.jpg","width":1200,"height":850,"caption":"L'AS Eupen s'impose de justesse 1-0 apr\u00e8s une tr\u00e8s mauvaise performance \u00e0 Charleroi, dernier du classement olympique"},{"@type":"BreadcrumbList","@id":"https:\/\/vieassociative.be\/actualites\/las-eupen-vise-ce-soir-19h15-sa-quatrieme-victoire-consecutive-au-kehrweg-face-a-lolympic-charleroi\/#breadcrumb","itemListElement":[{"@type":"ListItem","position":1,"name":"Accueil","item":"https:\/\/vieassociative.be\/actualites\/"},{"@type":"ListItem","position":2,"name":"L&rsquo;AS Eupen vise ce soir (19h15) sa quatri\u00e8me victoire cons\u00e9cutive au Kehrweg face \u00e0 l&rsquo;Olympic Charleroi."}]},{"@type":"WebSite","@id":"https:\/\/vieassociative.be\/actualites\/#website","url":"https:\/\/vieassociative.be\/actualites\/","name":"Vie Associative","description":"","publisher":{"@id":"https:\/\/vieassociative.be\/actualites\/#organization"},"potentialAction":[{"@type":"SearchAction","target":{"@type":"EntryPoint","urlTemplate":"https:\/\/vieassociative.be\/actualites\/?s={search_term_string}"},"query-input":{"@type":"PropertyValueSpecification","valueRequired":true,"valueName":"search_term_string"}}],"inLanguage":"fr-BE"},{"@type":"Organization","@id":"https:\/\/vieassociative.be\/actualites\/#organization","name":"Vie Associative","url":"https:\/\/vieassociative.be\/actualites\/","logo":{"@type":"ImageObject","inLanguage":"fr-BE","@id":"https:\/\/vieassociative.be\/actualites\/#\/schema\/logo\/image\/","url":"https:\/\/vieassociative.be\/actualites\/wp-content\/uploads\/2024\/09\/cropped-vieassociative_favicon.ico.png","contentUrl":"https:\/\/vieassociative.be\/actualites\/wp-content\/uploads\/2024\/09\/cropped-vieassociative_favicon.ico.png","width":512,"height":512,"caption":"Vie Associative"},"image":{"@id":"https:\/\/vieassociative.be\/actualites\/#\/schema\/logo\/image\/"}},{"@type":"Person","@id":"https:\/\/vieassociative.be\/actualites\/#\/schema\/person\/b87ac4f82f9d4e7b7cec7395b679edc4","name":"Julien","image":{"@type":"ImageObject","inLanguage":"fr-BE","@id":"https:\/\/vieassociative.be\/actualites\/#\/schema\/person\/image\/","url":"https:\/\/vieassociative.be\/actualites\/wp-content\/uploads\/2024\/09\/vie-associative-1-150x150.jpg","contentUrl":"https:\/\/vieassociative.be\/actualites\/wp-content\/uploads\/2024\/09\/vie-associative-1-150x150.jpg","caption":"Julien"},"description":"Je suis Julien, r\u00e9dacteur pour Vie Associative. Passionn\u00e9 par le monde associatif depuis plus de 10 ans, j'ai \u00e0 c\u0153ur de partager des histoires inspirantes et de mettre en lumi\u00e8re les initiatives locales. Mon objectif est de sensibiliser et d'encourager l'engagement communautaire \u00e0 travers mes articles.","sameAs":["https:\/\/vieassociative.be\/"]}]}},"_links":{"self":[{"href":"https:\/\/vieassociative.be\/actualites\/wp-json\/wp\/v2\/posts\/11929"}],"collection":[{"href":"https:\/\/vieassociative.be\/actualites\/wp-json\/wp\/v2\/posts"}],"about":[{"href":"https:\/\/vieassociative.be\/actualites\/wp-json\/wp\/v2\/types\/post"}],"author":[{"embeddable":true,"href":"https:\/\/vieassociative.be\/actualites\/wp-json\/wp\/v2\/users\/1"}],"replies":[{"embeddable":true,"href":"https:\/\/vieassociative.be\/actualites\/wp-json\/wp\/v2\/comments?post=11929"}],"version-history":[{"count":0,"href":"https:\/\/vieassociative.be\/actualites\/wp-json\/wp\/v2\/posts\/11929\/revisions"}],"wp:featuredmedia":[{"embeddable":true,"href":"https:\/\/vieassociative.be\/actualites\/wp-json\/wp\/v2\/media\/10733"}],"wp:attachment":[{"href":"https:\/\/vieassociative.be\/actualites\/wp-json\/wp\/v2\/media?parent=11929"}],"wp:term":[{"taxonomy":"category","embeddable":true,"href":"https:\/\/vieassociative.be\/actualites\/wp-json\/wp\/v2\/categories?post=11929"},{"taxonomy":"post_tag","embeddable":true,"href":"https:\/\/vieassociative.be\/actualites\/wp-json\/wp\/v2\/tags?post=11929"}],"curies":[{"name":"wp","href":"https:\/\/api.w.org\/{rel}","templated":true}]}}