{"id":11923,"date":"2025-12-21T02:17:33","date_gmt":"2025-12-21T01:17:33","guid":{"rendered":"https:\/\/vieassociative.be\/actualites\/cette-imprimante-dautocollants-thermiques-est-ma-mise-a-niveau-technologique-de-lannee\/"},"modified":"2025-12-21T02:17:33","modified_gmt":"2025-12-21T01:17:33","slug":"cette-imprimante-dautocollants-thermiques-est-ma-mise-a-niveau-technologique-de-lannee","status":"publish","type":"post","link":"https:\/\/vieassociative.be\/actualites\/cette-imprimante-dautocollants-thermiques-est-ma-mise-a-niveau-technologique-de-lannee\/","title":{"rendered":"Cette imprimante d\u2019autocollants thermiques est ma \u00ab mise \u00e0 niveau technologique de l\u2019ann\u00e9e \u00bb"},"content":{"rendered":"<p>Nous pouvons gagner une commission sur les liens sur cette page.<\/p>\n<p>Vous ne savez pas combien de fois au cours des derni\u00e8res ann\u00e9es j&rsquo;ai vu que les mini-imprimantes thermiques existaient, j&rsquo;ai envisag\u00e9 de m&rsquo;en procurer une, puis j&rsquo;ai d\u00e9cid\u00e9 que non, c&rsquo;\u00e9tait trop idiot et je ne l&rsquo;utiliserai jamais. Mes amis, j&rsquo;ai finalement c\u00e9d\u00e9 et mon seul regret est de ne pas en avoir re\u00e7u plus t\u00f4t. Je n&rsquo;ai ce petit gadget que depuis environ un mois, mais il est utilis\u00e9 quotidiennement chez moi. \u00c0 l\u2019approche de No\u00ebl, je l\u2019utilise pour imprimer des \u00e9tiquettes et des \u00e9tiquettes cadeaux. J&rsquo;utilise des autocollants personnalis\u00e9s pour cr\u00e9er des graphiques dans mon journal d&rsquo;entra\u00eenement, et c&rsquo;est m\u00eame devenu la pi\u00e8ce ma\u00eetresse de l&rsquo;interaction de Elf on the Shelf avec ma fille. (Oui, elle pr\u00e9tend toujours y croire, probablement juste pour le plaisir de voir ce que je propose ensuite \u2013 le d\u00e9sespoir est la m\u00e8re de la cr\u00e9ativit\u00e9.)<\/p>\n<p>Je suis le genre de personne qui aime les objets physiques, en particulier le papier et les cahiers, mais d&rsquo;une mani\u00e8re ou d&rsquo;une autre, je finis toujours coll\u00e9 \u00e0 mon t\u00e9l\u00e9phone. \u00catre capable d&rsquo;imprimer des choses me permet de rester dans le monde r\u00e9el, surtout si je peux faire quelque chose sur papier (ou sur un autocollant) que je ferais normalement avec une application.<\/p>\n<div class=\"pogoClear mb-12 mt-10 rounded-md border-2 border-gray-100 py-7 shadow-xl md:py-6\">\n<div class=\"flex flex-wrap justify-between px-7 text-black no-underline md:flex-nowrap md:px-8\">\n<div class=\"order-1 mx-auto flex flex-col justify-center md:order-2 md:ml-4 md:w-full md:grow\">\n<div class=\"block cursor-pointer text-center font-akshar text-2xl font-medium leading-7 text-brand-green duration-200 ease-in-out hover:text-brand-green-700 md:text-left md:text-xl md:leading-6\">Mini-imprimante d&rsquo;autocollants T02\n                <\/div>\n<div class=\"mt-4 hidden md:flex md:justify-between\">\n<div class=\"self-end\">\n<div class=\"mb-0 h-11 md:flex md:flex-col md:justify-center\">\n<div class=\" font-sans leading-4 text-black\">\n<div class=\"flex flex-wrap items-center justify-center gap-1 md:justify-start\">\n        <span class=\"font-bold\"><\/p>\n<p>            42,99\u00a0$<br \/>\n                            <span class=\"font-medium\">chez Amazon<\/span><br \/>\n                    <\/span>\n            <\/div>\n<\/p><\/div>\n<\/p><\/div>\n<\/p><\/div>\n<div class=\"w-44 self-end\">\n                            <button class=\"flex justify-center items-center w-full bg-brand-green text-white text-base font-sans font-medium rounded-md hover:bg-brand-green-700 hover:cursor-pointer md:text-sm h-11\"><\/p>\n<p>    Obtenez une offre<br \/>\n<\/button>\n                        <\/div>\n<\/p><\/div>\n<\/p><\/div>\n<div class=\"order-2 mt-5 h-auto w-full md:order-1 md:mt-0 md:hidden\">\n<div class=\"flex aspect-video items-center justify-center\">\n                                            <img decoding=\"async\" class=\"m-0 max-h-full max-w-full rounded-md\" src=\"https:\/\/vieassociative.be\/actualites\/wp-content\/uploads\/2025\/12\/Cette-imprimante-dautocollants-thermiques-est-ma-mise-a-niveau.jpg\" alt=\"Mini imprimante \u2013 Imprimante d'autocollants T02 Imprimante thermique portable sans encre Machine de cr\u00e9ation d'autocollants Imprimante de re\u00e7us Bluetooth de poche Imprimante de t\u00e9l\u00e9phone pour l'apprentissage, les notes d'\u00e9tude, le diagramme anatomique, les photos, le journal\" width=\"auto\" height=\"auto\" loading=\"lazy\">\n                                    <\/div>\n<\/p><\/div>\n<div class=\"order-2 ml-2 hidden w-32 shrink-0 items-center md:order-1 md:ml-0 md:flex\">\n<div class=\"flex aspect-video items-center justify-center\">\n                                            <img decoding=\"async\" class=\"m-0 max-h-full max-w-full rounded-md\" src=\"https:\/\/vieassociative.be\/actualites\/wp-content\/uploads\/2025\/12\/Cette-imprimante-dautocollants-thermiques-est-ma-mise-a-niveau.jpg\" alt=\"Mini imprimante \u2013 Imprimante d'autocollants T02 Imprimante thermique portable sans encre Machine de cr\u00e9ation d'autocollants Imprimante de re\u00e7us Bluetooth de poche Imprimante de t\u00e9l\u00e9phone pour l'apprentissage, les notes d'\u00e9tude, le diagramme anatomique, les photos, le journal\" width=\"auto\" height=\"auto\" loading=\"lazy\">\n                                    <\/div>\n<\/p><\/div>\n<div class=\"order-3 flex grow flex-wrap md:hidden md:grow-0\">\n<div class=\"mt-4 w-full\">\n                        <button class=\"flex justify-center items-center w-full bg-brand-green text-white text-base font-sans font-medium rounded-md hover:bg-brand-green-700 hover:cursor-pointer md:text-sm h-11\"><\/p>\n<p>    Obtenez une offre<br \/>\n<\/button>\n                    <\/div>\n<div class=\"mx-2 mt-4 w-full\">\n<div class=\" font-sans leading-4 text-black\">\n<div class=\"flex flex-wrap items-center justify-center gap-1 md:justify-start\">\n        <span class=\"font-bold\"><\/p>\n<p>            42,99\u00a0$<br \/>\n                            <span class=\"font-medium\">chez Amazon<\/span><br \/>\n                    <\/span>\n            <\/div>\n<\/p><\/div>\n<\/p><\/div>\n<\/p><\/div>\n<\/p><\/div>\n<\/div>\n<h2 id=\"what-exactly-is-a-thermal-sticker-printer\">Qu\u2019est-ce qu\u2019une imprimante thermique d\u2019autocollants exactement ?<\/h2>\n<p>Vous avez d\u00e9j\u00e0 vu cela, m\u00eame si vous ne vous en rendez pas compte. Les re\u00e7us que vous obtenez dans la plupart des \u00e9piceries et autres grands magasins sont imprim\u00e9s thermiquement ; il en va de m\u00eame pour de nombreuses \u00e9tiquettes de codes-barres et d&rsquo;ingr\u00e9dients qui pourraient \u00eatre appos\u00e9es, par exemple, sur un poulet r\u00f4ti ou une bo\u00eete de biscuits de boulangerie.<\/p>\n<p>Ceux-ci sont imprim\u00e9s \u00ab thermiquement \u00bb car il n\u2019y a pas d\u2019encre. Au lieu de cela, les re\u00e7us ou les \u00e9tiquettes sont constitu\u00e9s d&rsquo;un papier couch\u00e9 qui devient fonc\u00e9 lorsqu&rsquo;il est expos\u00e9 \u00e0 la chaleur. L&rsquo;imprimante chauffe simplement les zones appropri\u00e9es du papier \u00e0 sa sortie de la machine.<\/p>\n<p>Les magasins adorent ces imprimantes parce que la technologie est ancienne et bon march\u00e9, le papier est bon march\u00e9, il n&rsquo;y a pas d&rsquo;encre \u00e0 recharger et les re\u00e7us ou autocollants s&rsquo;impriment rapidement. Peu importe que la sortie soit en noir et blanc et en basse r\u00e9solution ; nous ne les utilisons pas pour les beaux-arts.<\/p>\n<p>Ces fonctionnalit\u00e9s sont \u00e9galement ce que j\u2019aime dans ma version mini. L&rsquo;imprimante elle-m\u00eame ne co\u00fbtait que 25 $ lors d&rsquo;une offre du Black Friday, et les rouleaux de papier durent \u00e9ternellement et ne co\u00fbtent qu&rsquo;environ un dollar chacun. En revanche, je poss\u00e8de \u00e9galement une mini-imprimante photo couleur qui utilise du papier Zink, et c&rsquo;est le contraire : du papier cher, une impression lente et une autonomie de batterie terrible. Les impressions sont plut\u00f4t belles, mais \u00e0 cause de ces inconv\u00e9nients, je ne les utilise presque jamais. Pendant ce temps, j\u2019utilise l\u2019imprimante thermique tout le temps.<\/p>\n<h2 id=\"how-its-useful\">En quoi c&rsquo;est utile<\/h2>\n<div class=\"eloquent-imagery-image\">\n<div class=\"flex justify-center\">\n                    <img decoding=\"async\" class=\"border border-gray-100\" src=\"https:\/\/vieassociative.be\/actualites\/wp-content\/uploads\/2025\/12\/1766279852_259_Cette-imprimante-dautocollants-thermiques-est-ma-mise-a-niveau.jpg\" alt=\"Mon journal d'entra\u00eenement avec des grilles dessin\u00e9es \u00e0 la main et une imprim\u00e9e\" width=\"2000\" height=\"1125\" loading=\"lazy\">\n            <\/div>\n<div class=\"mt-2 font-akshar\">\n                            <span class=\"image-caption block text-sm leading-4 tracking-wide text-(#1F2937)\"><\/span><br \/>\n                                        <span class=\"mt-1 block font-sans text-xs tracking-normal text-gray-600\">Cr\u00e9dit : Beth Skwarecki<\/span>\n                    <\/div>\n<\/p><\/div>\n<p>D&rsquo;une part, je mets enfin des \u00e9tiquettes appropri\u00e9es sur les bonbons que j&rsquo;offre en cadeau \u00e0 chaque No\u00ebl, avec les ingr\u00e9dients et tout. Au cours des ann\u00e9es pass\u00e9es, j&rsquo;ai <em>recherch\u00e9<\/em> mais ensuite je devrais trouver comment concevoir une \u00e9tiquette et sur quoi l&rsquo;imprimer, puis je devrais demander \u00e0 un enfant de les d\u00e9couper et de les coller ou de les attacher &#8211; rien de tout cela n&rsquo;est difficile, mais c&rsquo;est juste une chose de plus. Cette ann\u00e9e, je vais taper l&rsquo;\u00e9tiquette dans l&rsquo;application et l&rsquo;imprimer.<\/p>\n<p>L&rsquo;application de l&rsquo;imprimante, appel\u00e9e Phomemo, est simple \u00e0 utiliser m\u00eame si vous devez \u00e9viter un certain nombre de fonctionnalit\u00e9s \u00ab premium \u00bb. Vous pouvez imprimer rapidement le texte de votre choix, n&rsquo;importe quelle photo de votre rouleau de photos ou choisir parmi une biblioth\u00e8que de cliparts et de mod\u00e8les. Une fois que je sais ce que je veux imprimer, je peux concevoir et imprimer une \u00e9tiquette en quelques secondes.<\/p>\n<p>J&rsquo;utilise donc l&rsquo;imprimante tout le temps pour tout ce qui est un peu plus compliqu\u00e9 que d&rsquo;\u00e9crire un mot ou deux avec un Sharpie, mais qui n&rsquo;a pas besoin d&rsquo;\u00eatre une production compl\u00e8te o\u00f9 vous achetez ou fabriquez une \u00e9tiquette ou une fiche d&rsquo;information appropri\u00e9e.<\/p>\n<p>Par exemple, j&rsquo;ai imprim\u00e9 un tableau des tailles d&rsquo;aiguilles \u00e0 tricoter et je l&rsquo;ai coll\u00e9 sur l&rsquo;\u00e9tui o\u00f9 je range mes aiguilles \u00e0 tricoter. J&rsquo;ai imprim\u00e9 une grille de cases de 2 x 10 pour suivre un entra\u00eenement comprenant 10 s\u00e9ries de 2 exercices. (Je le colle dans mon journal d&rsquo;entra\u00eenement, puis je coche les s\u00e9ries au fur et \u00e0 mesure que je les termine. J&rsquo;avais l&rsquo;habitude de dessiner les bo\u00eetes \u00e0 la main, mais une fois, j&rsquo;ai termin\u00e9 une s\u00e9ance d&rsquo;entra\u00eenement plus t\u00f4t parce que j&rsquo;avais mal compt\u00e9. L&rsquo;autocollant m&#8217;emp\u00eache de faire des erreurs.)<\/p>\n<p>Bien s\u00fbr, je pourrais rechercher un tableau des tailles d\u2019aiguilles ou conserver mes donn\u00e9es d\u2019entra\u00eenement dans une application. Mais avoir ces informations sous format papier physique m&#8217;emp\u00eache d&rsquo;acc\u00e9der \u00e0 mon t\u00e9l\u00e9phone exactement au moment o\u00f9 j&rsquo;essaie de le d\u00e9brancher.<\/p>\n<h2 id=\"how-its-fun\">Comme c&rsquo;est amusant<\/h2>\n<div class=\"eloquent-imagery-image\">\n<div class=\"flex justify-center\">\n                    <img decoding=\"async\" class=\"border border-gray-100\" src=\"https:\/\/vieassociative.be\/actualites\/wp-content\/uploads\/2025\/12\/1766279853_609_Cette-imprimante-dautocollants-thermiques-est-ma-mise-a-niveau.jpg\" alt=\"Elfe sur l'\u00e9tag\u00e8re avec une imprimante\" width=\"2000\" height=\"1125\" loading=\"lazy\">\n            <\/div>\n<div class=\"mt-2 font-akshar\">\n                            <span class=\"image-caption block text-sm leading-4 tracking-wide text-(#1F2937)\"><\/span><br \/>\n                                        <span class=\"mt-1 block font-sans text-xs tracking-normal text-gray-600\">Cr\u00e9dit : Beth Skwarecki<\/span>\n                    <\/div>\n<\/p><\/div>\n<p>C&rsquo;est l\u00e0 que les enfants entrent en jeu. Plus particuli\u00e8rement ma plus jeune, qui a imm\u00e9diatement imprim\u00e9 des autocollants pour elle et ses amis. (Comme le papier est tr\u00e8s bon march\u00e9, cela ne me d\u00e9range pas de lui donner un acc\u00e8s Bluetooth depuis son propre appareil : elle peut aller en ville.)<\/p>\n<p>C&rsquo;est la m\u00eame enfant qui insiste chaque ann\u00e9e pour croire \u00e0 Elf on the Shelf, m\u00eame si elle sait que je suis le P\u00e8re No\u00ebl. Vous vous souviendrez peut-\u00eatre que je refuse que l&rsquo;elfe \u00ab ait des ennuis \u00bb et \u00ab fasse des d\u00e9g\u00e2ts \u00bb et recherche plut\u00f4t des pitreries plus propres et n\u00e9cessitant moins d&rsquo;efforts. Cela a toujours \u00e9t\u00e9 un succ\u00e8s lorsque l&rsquo;elfe \u00e9crit des notes \u00e0 mon enfant, c&rsquo;est pourquoi j&rsquo;ai pass\u00e9 le mois de d\u00e9cembre dernier \u00e0 \u00e9crire de petites notes avec un petit stylo, puis \u00e0 cacher mes fournitures. Cette ann\u00e9e, <em>elle<\/em> J&rsquo;ai pens\u00e9 \u00e0 utiliser l&rsquo;imprimante pour \u00e9crire sa note \u00e0 l&rsquo;elfe, puis j&rsquo;ai juste d\u00fb inventer une histoire sur la fa\u00e7on dont l&rsquo;elfe a un t\u00e9l\u00e9phone secret qu&rsquo;elle peut utiliser pour se connecter et imprimer des r\u00e9ponses.<\/p>\n<p>Les pitreries des elfes de chaque nuit sont donc une chose que je peux faire en quelques minutes. J&rsquo;allume l&rsquo;imprimante, j&rsquo;imprime la note et (si n\u00e9cessaire) je d\u00e9place l&rsquo;elfe vers une autre \u00e9tag\u00e8re ou autre. Mon enfant et l&rsquo;elfe ont fait des chasses au tr\u00e9sor, se sont fait des dessins et ce soir, ils s&rsquo;\u00e9criront des po\u00e8mes. J&rsquo;adore la cr\u00e9ativit\u00e9 et elle a sauvegard\u00e9 toutes les notes. Il y a juste quelque chose dans le fait d&rsquo;avoir un rappel physique de quelque chose d&rsquo;\u00e9ph\u00e9m\u00e8re.<\/p>\n","protected":false},"excerpt":{"rendered":"<p>Nous pouvons gagner une commission sur les liens sur cette page. Vous ne savez pas combien de fois au cours des derni\u00e8res ann\u00e9es j&rsquo;ai vu<\/p>\n","protected":false},"author":1,"featured_media":11924,"comment_status":"","ping_status":"","sticky":false,"template":"","format":"standard","meta":{"footnotes":""},"categories":[13],"tags":[206,9598,76,6524,396,2183,3540,9596,9599],"class_list":["post-11923","post","type-post","status-publish","format-standard","has-post-thumbnail","hentry","category-technologie","tag-cette","tag-dautocollants","tag-est","tag-imprimante","tag-lannee","tag-mise","tag-niveau","tag-technologique","tag-thermiques","generate-columns","tablet-grid-50","mobile-grid-100","grid-parent","grid-33"],"yoast_head":"<!-- This site is optimized with the Yoast SEO plugin v24.0 - https:\/\/yoast.com\/wordpress\/plugins\/seo\/ -->\n<title>Cette imprimante d\u2019autocollants thermiques est ma \u00ab mise \u00e0 niveau technologique de l\u2019ann\u00e9e \u00bb | Vie Associative<\/title>\n<meta name=\"robots\" content=\"index, follow, max-snippet:-1, max-image-preview:large, max-video-preview:-1\" \/>\n<link rel=\"canonical\" href=\"https:\/\/vieassociative.be\/actualites\/cette-imprimante-dautocollants-thermiques-est-ma-mise-a-niveau-technologique-de-lannee\/\" \/>\n<meta property=\"og:locale\" content=\"fr_FR\" \/>\n<meta property=\"og:type\" content=\"article\" \/>\n<meta property=\"og:title\" content=\"Cette imprimante d\u2019autocollants thermiques est ma \u00ab mise \u00e0 niveau technologique de l\u2019ann\u00e9e \u00bb | Vie Associative\" \/>\n<meta property=\"og:description\" content=\"Nous pouvons gagner une commission sur les liens sur cette page. Vous ne savez pas combien de fois au cours des derni\u00e8res ann\u00e9es j&rsquo;ai vu\" \/>\n<meta property=\"og:url\" content=\"https:\/\/vieassociative.be\/actualites\/cette-imprimante-dautocollants-thermiques-est-ma-mise-a-niveau-technologique-de-lannee\/\" \/>\n<meta property=\"og:site_name\" content=\"Vie Associative\" \/>\n<meta property=\"article:published_time\" content=\"2025-12-21T01:17:33+00:00\" \/>\n<meta property=\"og:image\" content=\"https:\/\/vieassociative.be\/actualites\/wp-content\/uploads\/2025\/12\/Cette-imprimante-dautocollants-thermiques-est-ma-mise-a-niveau.jpg\" \/>\n<meta name=\"author\" content=\"Julien\" \/>\n<meta name=\"twitter:card\" content=\"summary_large_image\" \/>\n<meta name=\"twitter:label1\" content=\"\u00c9crit par\" \/>\n\t<meta name=\"twitter:data1\" content=\"Julien\" \/>\n\t<meta name=\"twitter:label2\" content=\"Dur\u00e9e de lecture est.\" \/>\n\t<meta name=\"twitter:data2\" content=\"6 minutes\" \/>\n<script type=\"application\/ld+json\" class=\"yoast-schema-graph\">{\"@context\":\"https:\/\/schema.org\",\"@graph\":[{\"@type\":\"Article\",\"@id\":\"https:\/\/vieassociative.be\/actualites\/cette-imprimante-dautocollants-thermiques-est-ma-mise-a-niveau-technologique-de-lannee\/#article\",\"isPartOf\":{\"@id\":\"https:\/\/vieassociative.be\/actualites\/cette-imprimante-dautocollants-thermiques-est-ma-mise-a-niveau-technologique-de-lannee\/\"},\"author\":{\"name\":\"Julien\",\"@id\":\"https:\/\/vieassociative.be\/actualites\/#\/schema\/person\/b87ac4f82f9d4e7b7cec7395b679edc4\"},\"headline\":\"Cette imprimante d\u2019autocollants thermiques est ma \u00ab mise \u00e0 niveau technologique de l\u2019ann\u00e9e \u00bb\",\"datePublished\":\"2025-12-21T01:17:33+00:00\",\"dateModified\":\"2025-12-21T01:17:33+00:00\",\"mainEntityOfPage\":{\"@id\":\"https:\/\/vieassociative.be\/actualites\/cette-imprimante-dautocollants-thermiques-est-ma-mise-a-niveau-technologique-de-lannee\/\"},\"wordCount\":1292,\"publisher\":{\"@id\":\"https:\/\/vieassociative.be\/actualites\/#organization\"},\"image\":{\"@id\":\"https:\/\/vieassociative.be\/actualites\/cette-imprimante-dautocollants-thermiques-est-ma-mise-a-niveau-technologique-de-lannee\/#primaryimage\"},\"thumbnailUrl\":\"https:\/\/vieassociative.be\/actualites\/wp-content\/uploads\/2025\/12\/Cette-imprimante-dautocollants-thermiques-est-ma-mise-a-niveau.png\",\"keywords\":[\"cette\",\"dautocollants\",\"est\",\"imprimante\",\"lann\u00e9e\",\"mise\",\"niveau\",\"technologique\",\"thermiques\"],\"articleSection\":[\"Technologie\"],\"inLanguage\":\"fr-BE\"},{\"@type\":\"WebPage\",\"@id\":\"https:\/\/vieassociative.be\/actualites\/cette-imprimante-dautocollants-thermiques-est-ma-mise-a-niveau-technologique-de-lannee\/\",\"url\":\"https:\/\/vieassociative.be\/actualites\/cette-imprimante-dautocollants-thermiques-est-ma-mise-a-niveau-technologique-de-lannee\/\",\"name\":\"Cette imprimante d\u2019autocollants thermiques est ma \u00ab mise \u00e0 niveau technologique de l\u2019ann\u00e9e \u00bb | Vie Associative\",\"isPartOf\":{\"@id\":\"https:\/\/vieassociative.be\/actualites\/#website\"},\"primaryImageOfPage\":{\"@id\":\"https:\/\/vieassociative.be\/actualites\/cette-imprimante-dautocollants-thermiques-est-ma-mise-a-niveau-technologique-de-lannee\/#primaryimage\"},\"image\":{\"@id\":\"https:\/\/vieassociative.be\/actualites\/cette-imprimante-dautocollants-thermiques-est-ma-mise-a-niveau-technologique-de-lannee\/#primaryimage\"},\"thumbnailUrl\":\"https:\/\/vieassociative.be\/actualites\/wp-content\/uploads\/2025\/12\/Cette-imprimante-dautocollants-thermiques-est-ma-mise-a-niveau.png\",\"datePublished\":\"2025-12-21T01:17:33+00:00\",\"dateModified\":\"2025-12-21T01:17:33+00:00\",\"breadcrumb\":{\"@id\":\"https:\/\/vieassociative.be\/actualites\/cette-imprimante-dautocollants-thermiques-est-ma-mise-a-niveau-technologique-de-lannee\/#breadcrumb\"},\"inLanguage\":\"fr-BE\",\"potentialAction\":[{\"@type\":\"ReadAction\",\"target\":[\"https:\/\/vieassociative.be\/actualites\/cette-imprimante-dautocollants-thermiques-est-ma-mise-a-niveau-technologique-de-lannee\/\"]}]},{\"@type\":\"ImageObject\",\"inLanguage\":\"fr-BE\",\"@id\":\"https:\/\/vieassociative.be\/actualites\/cette-imprimante-dautocollants-thermiques-est-ma-mise-a-niveau-technologique-de-lannee\/#primaryimage\",\"url\":\"https:\/\/vieassociative.be\/actualites\/wp-content\/uploads\/2025\/12\/Cette-imprimante-dautocollants-thermiques-est-ma-mise-a-niveau.png\",\"contentUrl\":\"https:\/\/vieassociative.be\/actualites\/wp-content\/uploads\/2025\/12\/Cette-imprimante-dautocollants-thermiques-est-ma-mise-a-niveau.png\",\"width\":1200,\"height\":675,\"caption\":\"Cette imprimante d\u2019autocollants thermiques est ma \u00ab mise \u00e0 niveau technologique de l\u2019ann\u00e9e \u00bb\"},{\"@type\":\"BreadcrumbList\",\"@id\":\"https:\/\/vieassociative.be\/actualites\/cette-imprimante-dautocollants-thermiques-est-ma-mise-a-niveau-technologique-de-lannee\/#breadcrumb\",\"itemListElement\":[{\"@type\":\"ListItem\",\"position\":1,\"name\":\"Accueil\",\"item\":\"https:\/\/vieassociative.be\/actualites\/\"},{\"@type\":\"ListItem\",\"position\":2,\"name\":\"Cette imprimante d\u2019autocollants thermiques est ma \u00ab mise \u00e0 niveau technologique de l\u2019ann\u00e9e \u00bb\"}]},{\"@type\":\"WebSite\",\"@id\":\"https:\/\/vieassociative.be\/actualites\/#website\",\"url\":\"https:\/\/vieassociative.be\/actualites\/\",\"name\":\"Vie Associative\",\"description\":\"\",\"publisher\":{\"@id\":\"https:\/\/vieassociative.be\/actualites\/#organization\"},\"potentialAction\":[{\"@type\":\"SearchAction\",\"target\":{\"@type\":\"EntryPoint\",\"urlTemplate\":\"https:\/\/vieassociative.be\/actualites\/?s={search_term_string}\"},\"query-input\":{\"@type\":\"PropertyValueSpecification\",\"valueRequired\":true,\"valueName\":\"search_term_string\"}}],\"inLanguage\":\"fr-BE\"},{\"@type\":\"Organization\",\"@id\":\"https:\/\/vieassociative.be\/actualites\/#organization\",\"name\":\"Vie Associative\",\"url\":\"https:\/\/vieassociative.be\/actualites\/\",\"logo\":{\"@type\":\"ImageObject\",\"inLanguage\":\"fr-BE\",\"@id\":\"https:\/\/vieassociative.be\/actualites\/#\/schema\/logo\/image\/\",\"url\":\"https:\/\/vieassociative.be\/actualites\/wp-content\/uploads\/2024\/09\/cropped-vieassociative_favicon.ico.png\",\"contentUrl\":\"https:\/\/vieassociative.be\/actualites\/wp-content\/uploads\/2024\/09\/cropped-vieassociative_favicon.ico.png\",\"width\":512,\"height\":512,\"caption\":\"Vie Associative\"},\"image\":{\"@id\":\"https:\/\/vieassociative.be\/actualites\/#\/schema\/logo\/image\/\"}},{\"@type\":\"Person\",\"@id\":\"https:\/\/vieassociative.be\/actualites\/#\/schema\/person\/b87ac4f82f9d4e7b7cec7395b679edc4\",\"name\":\"Julien\",\"image\":{\"@type\":\"ImageObject\",\"inLanguage\":\"fr-BE\",\"@id\":\"https:\/\/vieassociative.be\/actualites\/#\/schema\/person\/image\/\",\"url\":\"https:\/\/vieassociative.be\/actualites\/wp-content\/uploads\/2024\/09\/vie-associative-1-150x150.jpg\",\"contentUrl\":\"https:\/\/vieassociative.be\/actualites\/wp-content\/uploads\/2024\/09\/vie-associative-1-150x150.jpg\",\"caption\":\"Julien\"},\"description\":\"Je suis Julien, r\u00e9dacteur pour Vie Associative. Passionn\u00e9 par le monde associatif depuis plus de 10 ans, j'ai \u00e0 c\u0153ur de partager des histoires inspirantes et de mettre en lumi\u00e8re les initiatives locales. Mon objectif est de sensibiliser et d'encourager l'engagement communautaire \u00e0 travers mes articles.\",\"sameAs\":[\"https:\/\/vieassociative.be\/\"]}]}<\/script>\n<!-- \/ Yoast SEO plugin. -->","yoast_head_json":{"title":"Cette imprimante d\u2019autocollants thermiques est ma \u00ab mise \u00e0 niveau technologique de l\u2019ann\u00e9e \u00bb | Vie Associative","robots":{"index":"index","follow":"follow","max-snippet":"max-snippet:-1","max-image-preview":"max-image-preview:large","max-video-preview":"max-video-preview:-1"},"canonical":"https:\/\/vieassociative.be\/actualites\/cette-imprimante-dautocollants-thermiques-est-ma-mise-a-niveau-technologique-de-lannee\/","og_locale":"fr_FR","og_type":"article","og_title":"Cette imprimante d\u2019autocollants thermiques est ma \u00ab mise \u00e0 niveau technologique de l\u2019ann\u00e9e \u00bb | Vie Associative","og_description":"Nous pouvons gagner une commission sur les liens sur cette page. Vous ne savez pas combien de fois au cours des derni\u00e8res ann\u00e9es j&rsquo;ai vu","og_url":"https:\/\/vieassociative.be\/actualites\/cette-imprimante-dautocollants-thermiques-est-ma-mise-a-niveau-technologique-de-lannee\/","og_site_name":"Vie Associative","article_published_time":"2025-12-21T01:17:33+00:00","og_image":[{"url":"https:\/\/vieassociative.be\/actualites\/wp-content\/uploads\/2025\/12\/Cette-imprimante-dautocollants-thermiques-est-ma-mise-a-niveau.jpg","type":"","width":"","height":""}],"author":"Julien","twitter_card":"summary_large_image","twitter_misc":{"\u00c9crit par":"Julien","Dur\u00e9e de lecture est.":"6 minutes"},"schema":{"@context":"https:\/\/schema.org","@graph":[{"@type":"Article","@id":"https:\/\/vieassociative.be\/actualites\/cette-imprimante-dautocollants-thermiques-est-ma-mise-a-niveau-technologique-de-lannee\/#article","isPartOf":{"@id":"https:\/\/vieassociative.be\/actualites\/cette-imprimante-dautocollants-thermiques-est-ma-mise-a-niveau-technologique-de-lannee\/"},"author":{"name":"Julien","@id":"https:\/\/vieassociative.be\/actualites\/#\/schema\/person\/b87ac4f82f9d4e7b7cec7395b679edc4"},"headline":"Cette imprimante d\u2019autocollants thermiques est ma \u00ab mise \u00e0 niveau technologique de l\u2019ann\u00e9e \u00bb","datePublished":"2025-12-21T01:17:33+00:00","dateModified":"2025-12-21T01:17:33+00:00","mainEntityOfPage":{"@id":"https:\/\/vieassociative.be\/actualites\/cette-imprimante-dautocollants-thermiques-est-ma-mise-a-niveau-technologique-de-lannee\/"},"wordCount":1292,"publisher":{"@id":"https:\/\/vieassociative.be\/actualites\/#organization"},"image":{"@id":"https:\/\/vieassociative.be\/actualites\/cette-imprimante-dautocollants-thermiques-est-ma-mise-a-niveau-technologique-de-lannee\/#primaryimage"},"thumbnailUrl":"https:\/\/vieassociative.be\/actualites\/wp-content\/uploads\/2025\/12\/Cette-imprimante-dautocollants-thermiques-est-ma-mise-a-niveau.png","keywords":["cette","dautocollants","est","imprimante","lann\u00e9e","mise","niveau","technologique","thermiques"],"articleSection":["Technologie"],"inLanguage":"fr-BE"},{"@type":"WebPage","@id":"https:\/\/vieassociative.be\/actualites\/cette-imprimante-dautocollants-thermiques-est-ma-mise-a-niveau-technologique-de-lannee\/","url":"https:\/\/vieassociative.be\/actualites\/cette-imprimante-dautocollants-thermiques-est-ma-mise-a-niveau-technologique-de-lannee\/","name":"Cette imprimante d\u2019autocollants thermiques est ma \u00ab mise \u00e0 niveau technologique de l\u2019ann\u00e9e \u00bb | Vie Associative","isPartOf":{"@id":"https:\/\/vieassociative.be\/actualites\/#website"},"primaryImageOfPage":{"@id":"https:\/\/vieassociative.be\/actualites\/cette-imprimante-dautocollants-thermiques-est-ma-mise-a-niveau-technologique-de-lannee\/#primaryimage"},"image":{"@id":"https:\/\/vieassociative.be\/actualites\/cette-imprimante-dautocollants-thermiques-est-ma-mise-a-niveau-technologique-de-lannee\/#primaryimage"},"thumbnailUrl":"https:\/\/vieassociative.be\/actualites\/wp-content\/uploads\/2025\/12\/Cette-imprimante-dautocollants-thermiques-est-ma-mise-a-niveau.png","datePublished":"2025-12-21T01:17:33+00:00","dateModified":"2025-12-21T01:17:33+00:00","breadcrumb":{"@id":"https:\/\/vieassociative.be\/actualites\/cette-imprimante-dautocollants-thermiques-est-ma-mise-a-niveau-technologique-de-lannee\/#breadcrumb"},"inLanguage":"fr-BE","potentialAction":[{"@type":"ReadAction","target":["https:\/\/vieassociative.be\/actualites\/cette-imprimante-dautocollants-thermiques-est-ma-mise-a-niveau-technologique-de-lannee\/"]}]},{"@type":"ImageObject","inLanguage":"fr-BE","@id":"https:\/\/vieassociative.be\/actualites\/cette-imprimante-dautocollants-thermiques-est-ma-mise-a-niveau-technologique-de-lannee\/#primaryimage","url":"https:\/\/vieassociative.be\/actualites\/wp-content\/uploads\/2025\/12\/Cette-imprimante-dautocollants-thermiques-est-ma-mise-a-niveau.png","contentUrl":"https:\/\/vieassociative.be\/actualites\/wp-content\/uploads\/2025\/12\/Cette-imprimante-dautocollants-thermiques-est-ma-mise-a-niveau.png","width":1200,"height":675,"caption":"Cette imprimante d\u2019autocollants thermiques est ma \u00ab mise \u00e0 niveau technologique de l\u2019ann\u00e9e \u00bb"},{"@type":"BreadcrumbList","@id":"https:\/\/vieassociative.be\/actualites\/cette-imprimante-dautocollants-thermiques-est-ma-mise-a-niveau-technologique-de-lannee\/#breadcrumb","itemListElement":[{"@type":"ListItem","position":1,"name":"Accueil","item":"https:\/\/vieassociative.be\/actualites\/"},{"@type":"ListItem","position":2,"name":"Cette imprimante d\u2019autocollants thermiques est ma \u00ab mise \u00e0 niveau technologique de l\u2019ann\u00e9e \u00bb"}]},{"@type":"WebSite","@id":"https:\/\/vieassociative.be\/actualites\/#website","url":"https:\/\/vieassociative.be\/actualites\/","name":"Vie Associative","description":"","publisher":{"@id":"https:\/\/vieassociative.be\/actualites\/#organization"},"potentialAction":[{"@type":"SearchAction","target":{"@type":"EntryPoint","urlTemplate":"https:\/\/vieassociative.be\/actualites\/?s={search_term_string}"},"query-input":{"@type":"PropertyValueSpecification","valueRequired":true,"valueName":"search_term_string"}}],"inLanguage":"fr-BE"},{"@type":"Organization","@id":"https:\/\/vieassociative.be\/actualites\/#organization","name":"Vie Associative","url":"https:\/\/vieassociative.be\/actualites\/","logo":{"@type":"ImageObject","inLanguage":"fr-BE","@id":"https:\/\/vieassociative.be\/actualites\/#\/schema\/logo\/image\/","url":"https:\/\/vieassociative.be\/actualites\/wp-content\/uploads\/2024\/09\/cropped-vieassociative_favicon.ico.png","contentUrl":"https:\/\/vieassociative.be\/actualites\/wp-content\/uploads\/2024\/09\/cropped-vieassociative_favicon.ico.png","width":512,"height":512,"caption":"Vie Associative"},"image":{"@id":"https:\/\/vieassociative.be\/actualites\/#\/schema\/logo\/image\/"}},{"@type":"Person","@id":"https:\/\/vieassociative.be\/actualites\/#\/schema\/person\/b87ac4f82f9d4e7b7cec7395b679edc4","name":"Julien","image":{"@type":"ImageObject","inLanguage":"fr-BE","@id":"https:\/\/vieassociative.be\/actualites\/#\/schema\/person\/image\/","url":"https:\/\/vieassociative.be\/actualites\/wp-content\/uploads\/2024\/09\/vie-associative-1-150x150.jpg","contentUrl":"https:\/\/vieassociative.be\/actualites\/wp-content\/uploads\/2024\/09\/vie-associative-1-150x150.jpg","caption":"Julien"},"description":"Je suis Julien, r\u00e9dacteur pour Vie Associative. Passionn\u00e9 par le monde associatif depuis plus de 10 ans, j'ai \u00e0 c\u0153ur de partager des histoires inspirantes et de mettre en lumi\u00e8re les initiatives locales. Mon objectif est de sensibiliser et d'encourager l'engagement communautaire \u00e0 travers mes articles.","sameAs":["https:\/\/vieassociative.be\/"]}]}},"_links":{"self":[{"href":"https:\/\/vieassociative.be\/actualites\/wp-json\/wp\/v2\/posts\/11923"}],"collection":[{"href":"https:\/\/vieassociative.be\/actualites\/wp-json\/wp\/v2\/posts"}],"about":[{"href":"https:\/\/vieassociative.be\/actualites\/wp-json\/wp\/v2\/types\/post"}],"author":[{"embeddable":true,"href":"https:\/\/vieassociative.be\/actualites\/wp-json\/wp\/v2\/users\/1"}],"replies":[{"embeddable":true,"href":"https:\/\/vieassociative.be\/actualites\/wp-json\/wp\/v2\/comments?post=11923"}],"version-history":[{"count":0,"href":"https:\/\/vieassociative.be\/actualites\/wp-json\/wp\/v2\/posts\/11923\/revisions"}],"wp:featuredmedia":[{"embeddable":true,"href":"https:\/\/vieassociative.be\/actualites\/wp-json\/wp\/v2\/media\/11924"}],"wp:attachment":[{"href":"https:\/\/vieassociative.be\/actualites\/wp-json\/wp\/v2\/media?parent=11923"}],"wp:term":[{"taxonomy":"category","embeddable":true,"href":"https:\/\/vieassociative.be\/actualites\/wp-json\/wp\/v2\/categories?post=11923"},{"taxonomy":"post_tag","embeddable":true,"href":"https:\/\/vieassociative.be\/actualites\/wp-json\/wp\/v2\/tags?post=11923"}],"curies":[{"name":"wp","href":"https:\/\/api.w.org\/{rel}","templated":true}]}}