{"id":11911,"date":"2025-12-19T21:19:06","date_gmt":"2025-12-19T20:19:06","guid":{"rendered":"https:\/\/vieassociative.be\/actualites\/celebrez-ensemble-en-toute-securite-la-zone-de-police-annonce-les-regles-et-recommandations-pour-lutilisation-des-feux-dartifice\/"},"modified":"2025-12-19T21:19:06","modified_gmt":"2025-12-19T20:19:06","slug":"celebrez-ensemble-en-toute-securite-la-zone-de-police-annonce-les-regles-et-recommandations-pour-lutilisation-des-feux-dartifice","status":"publish","type":"post","link":"https:\/\/vieassociative.be\/actualites\/celebrez-ensemble-en-toute-securite-la-zone-de-police-annonce-les-regles-et-recommandations-pour-lutilisation-des-feux-dartifice\/","title":{"rendered":"C\u00e9l\u00e9brez ensemble en toute s\u00e9curit\u00e9 : la zone de police annonce les r\u00e8gles et recommandations pour l&rsquo;utilisation des feux d&rsquo;artifice"},"content":{"rendered":"<p><strong>\u00c0 l&rsquo;occasion du nouvel an prochain, la zone de police de Weser-G\u00f6hl informe sur les r\u00e9glementations communales en vigueur concernant l&rsquo;utilisation des feux d&rsquo;artifice et des p\u00e9tards ainsi que sur les aspects importants de s\u00e9curit\u00e9.<\/strong><\/p>\n<p><span id=\"more-432271\"><\/span>\u00ab\u00a0L&rsquo;objectif est d&rsquo;assurer la clart\u00e9 des r\u00e9glementations dans les quatre communes de la zone de police et en m\u00eame temps d&rsquo;attirer l&rsquo;attention sur les risques pour les personnes, les animaux et l&rsquo;environnement\u00a0\u00bb, a indiqu\u00e9 la police.<\/p>\n<p>L&rsquo;usage des feux d&rsquo;artifice est autoris\u00e9 sur la commune d&rsquo;Eupen \u00e0 partir du 31 d\u00e9cembre \u00e0 23h45. au 1er janvier \u00e0 1h30, sur la commune de La Calamine du 31 d\u00e9cembre \u00e0 23h30. jusqu&rsquo;au 1er janvier \u00e0 1h du matin, dans les communes de Lontzen et Raeren \u00ab\u00a0dans la nuit du 31 d\u00e9cembre au 1er janvier\u00a0\u00bb. En dehors des plages horaires pr\u00e9cis\u00e9es par la commune, l&rsquo;allumage de feux d&rsquo;artifice dans les espaces publics et priv\u00e9s n&rsquo;est autoris\u00e9 qu&rsquo;avec l&rsquo;accord pr\u00e9alable du maire.<\/p>\n<p>En principe, la vente et la distribution de feux d&rsquo;artifice aux personnes de moins de 16 ans sont interdites.<\/p>\n<div id=\"attachment_159076\" class=\"wp-caption alignleft\" style=\"max-width: 300px\"><img fetchpriority=\"high\" decoding=\"async\" class=\"wp-image-159076 size-medium\" src=\"https:\/\/vieassociative.be\/actualites\/wp-content\/uploads\/2024\/12\/Comment-preparer-votre-animal-pour-les-feux-dartifice-du-Nouvel.jpeg\" alt=\"\" width=\"300\" height=\"200\"  ><\/div>\n<p>Les feux d&rsquo;artifice pr\u00e9sentent des risques importants, surtout s&rsquo;ils sont mal utilis\u00e9s. Selon la Fondation belge des Br\u00fbl\u00e9s, les blessures aux mains\/doigts (57 pour cent), aux yeux (15 pour cent) et au visage\/\u00e0 la t\u00eate (13 pour cent) comptent parmi les incidents les plus courants \u00e0 la fin de l&rsquo;ann\u00e9e. Le site Internet \u00ab\u00a0Knalles Gute\u00a0\u00bb du SPF Economie indique : \u00ab\u00a0Fin 2024, un total de 122 victimes de feux d&rsquo;artifice ont \u00e9t\u00e9 enregistr\u00e9es, 91 pour cent des victimes \u00e9taient des hommes. 30 pour cent des victimes ont moins de 18 ans.\u00a0\u00bb<\/p>\n<p>La zone de police de Weser-G\u00f6hl recommande donc :<\/p>\n<p>\u2022 Les feux d&rsquo;artifice ne doivent \u00eatre utilis\u00e9s que conform\u00e9ment aux instructions du fabricant. Utilisez une position stable et faites attention \u00e0 la direction du vol. N&rsquo;allumez jamais de feux d&rsquo;artifice dans votre main. Apr\u00e8s le feu d&rsquo;artifice, faites le tour de la maison pour \u00e9teindre les restes fumants de roquettes ou de p\u00e9tards.<\/p>\n<p>N&rsquo;allumez jamais une seconde fois des feux d&rsquo;artifice non explos\u00e9s (appel\u00e9s rat\u00e9s)\u00a0: versez un seau d&rsquo;eau sur un produit non enflamm\u00e9 et laissez-le l\u00e0 toute la nuit. Ces objets dangereux peuvent ensuite \u00eatre achemin\u00e9s vers le parc \u00e0 conteneurs. La plupart des accidents surviennent le 1er janvier, et non le soir du Nouvel An lui-m\u00eame. \u00c9vitez de tirer des roquettes par vent fort pour \u00e9viter des cons\u00e9quences ind\u00e9sirables.<\/p>\n<\/p>\n<div id=\"attachment_340342\" class=\"wp-caption alignleft\" style=\"max-width: 300px\"><img decoding=\"async\" class=\"wp-image-340342 size-medium\" src=\"https:\/\/vieassociative.be\/actualites\/wp-content\/uploads\/2025\/12\/Celebrez-ensemble-en-toute-securite-la-zone-de-police.jpeg\" alt=\"\" width=\"300\" height=\"200\"><\/div>\n<p>\u2022 Utilisez uniquement des produits conformes \u00e0 l&rsquo;UE, portant le marquage CE et bas\u00e9s sur des mat\u00e9riaux improvis\u00e9s ou<br \/>\n<\/p>\n<p>Les feux d&rsquo;artifice manipul\u00e9s doivent \u00eatre strictement \u00e9vit\u00e9s.<\/p>\n<p><strong>\u2022 Maintenez une distance avec les personnes, les b\u00e2timents et les mat\u00e9riaux combustibles.<\/strong> Gardez les balcons, les patios et les environs de votre maison exempts de mat\u00e9riaux inflammables tels que des bo\u00eetes, du papier ou des compositions de No\u00ebl s\u00e9ch\u00e9es. Les fen\u00eatres, lucarnes et portes ferm\u00e9es emp\u00eachent les feux d\u2019artifice de p\u00e9n\u00e9trer dans la maison. Il est pr\u00e9f\u00e9rable de garer votre v\u00e9hicule dans un garage ou sur un parking priv\u00e9 et calme pour le prot\u00e9ger des dommages.<\/p>\n<p>\u2022 \u00c9loignez les enfants des feux d&rsquo;artifice et fournissez-leur une protection appropri\u00e9e lorsqu&rsquo;ils les regardent (y compris une protection auditive).<\/p>\n<p>\u2022 Ne laissez pas une personne ivre allumer des feux d&rsquo;artifice. Quant \u00e0 la conduite, il est pr\u00e9f\u00e9rable de choisir un \u00ab BOB feu d&rsquo;artifice \u00bb avant le d\u00e9but des festivit\u00e9s. Pr\u00e9parez de l\u2019eau, du sable ou un extincteur pour intervenir rapidement en cas d\u2019urgence.<\/p>\n<p><strong>\u2013 Impact sur les animaux :<\/strong> Les animaux de compagnie, les animaux de ferme et les animaux sauvages r\u00e9agissent souvent au stress et \u00e0 la peur aux fortes d\u00e9tonations et aux \u00e9clairs lumineux. La zone de police demande :<\/p>\n<p>\u2022 N&rsquo;allumez pas de feux d&rsquo;artifice \u00e0 proximit\u00e9 d&rsquo;\u00e9curies, de p\u00e2turages ou de fermes d&rsquo;\u00e9levage.<\/p>\n<p>\u2022 Respectez strictement les plages horaires autoris\u00e9es afin de maintenir le stress le plus bas possible.<\/p>\n<p>\u2022 Informez t\u00f4t les personnes qui \u00e9l\u00e8vent des animaux si des feux d&rsquo;artifice sont pr\u00e9vus dans les environs imm\u00e9diats. Cela signifie que les animaux domestiques peuvent \u00eatre gard\u00e9s dans l&rsquo;appartement la nuit.<\/p>\n<div id=\"attachment_219037\" class=\"wp-caption alignleft\" style=\"max-width: 300px\"><img decoding=\"async\" class=\"wp-image-219037 size-medium\" src=\"https:\/\/vieassociative.be\/actualites\/wp-content\/uploads\/2025\/12\/1766175546_278_Celebrez-ensemble-en-toute-securite-la-zone-de-police.jpeg\" alt=\"\" width=\"300\" height=\"200\"  ><\/div>\n<p><strong>\u2013 Environnement et propret\u00e9 :<\/strong> Les feux d\u2019artifice entra\u00eenent non seulement une pollution par des polluants et des poussi\u00e8res fines, mais \u00e9galement une quantit\u00e9 importante de d\u00e9chets. Nous demandons donc les mesures suivantes :<\/p>\n<p>\u2022 \u00c9liminer compl\u00e8tement les r\u00e9sidus pour garder les espaces publics et priv\u00e9s propres.<\/p>\n<p>\u2022 Si possible, utilisez des alternatives \u00e0 faibles \u00e9missions ou silencieuses.<\/p>\n<p>\u2022 Les feux d&rsquo;artifice ne doivent \u00eatre utilis\u00e9s que dans des plages horaires clairement d\u00e9finies.<\/p>\n<p><strong>\u2013 Autre note de la zone de police de Weser-G\u00f6hl :<\/strong> La zone de police appelle tous les citoyens des communes d&rsquo;Eupen, La Calamine, Raeren et Lontzen \u00e0 respecter la r\u00e9glementation en vigueur. Utiliser les feux d\u2019artifice de mani\u00e8re responsable contribue de mani\u00e8re significative \u00e0 une nouvelle ann\u00e9e s\u00fbre, sans probl\u00e8me et respectueuse.<\/p>\n<p>Faites attention \u00e0 vos semblables et \u00e0 vos animaux et soutenez les forces de l&rsquo;ordre,<br \/>\nServices d&rsquo;incendie et de secours en agissant de mani\u00e8re responsable. Et en cas d&rsquo;urgence, n&rsquo;h\u00e9sitez pas et appelez toujours le num\u00e9ro d&rsquo;urgence 112.<\/p>\n<p><strong><em>Les communes d&rsquo;Eupen, La Calamine, Raeren et Lontzen ainsi que la peuvent vous fournir de plus amples informations.<\/em><\/strong><br \/>\n<strong><em>Zone de police Weser-G\u00f6hl disponible.<\/em><\/strong><\/p>\n","protected":false},"excerpt":{"rendered":"<p>\u00c0 l&rsquo;occasion du nouvel an prochain, la zone de police de Weser-G\u00f6hl informe sur les r\u00e9glementations communales en vigueur concernant l&rsquo;utilisation des feux d&rsquo;artifice et<\/p>\n","protected":false},"author":1,"featured_media":11912,"comment_status":"","ping_status":"","sticky":false,"template":"","format":"standard","meta":{"footnotes":""},"categories":[298],"tags":[1987,4092,2091,29,1921,2090,14,450,2741,81,5733,226,151,150,4291],"class_list":["post-11911","post","type-post","status-publish","format-standard","has-post-thumbnail","hentry","category-belgique","tag-annonce","tag-celebrez","tag-dartifice","tag-des","tag-ensemble","tag-feux","tag-les","tag-lutilisation","tag-police","tag-pour","tag-recommandations","tag-regles","tag-securite","tag-toute","tag-zone","generate-columns","tablet-grid-50","mobile-grid-100","grid-parent","grid-33"],"yoast_head":"<!-- This site is optimized with the Yoast SEO plugin v24.0 - https:\/\/yoast.com\/wordpress\/plugins\/seo\/ -->\n<title>C\u00e9l\u00e9brez ensemble en toute s\u00e9curit\u00e9 : la zone de police annonce les r\u00e8gles et recommandations pour l&#039;utilisation des feux d&#039;artifice | Vie Associative<\/title>\n<meta name=\"robots\" content=\"index, follow, max-snippet:-1, max-image-preview:large, max-video-preview:-1\" \/>\n<link rel=\"canonical\" href=\"https:\/\/vieassociative.be\/actualites\/celebrez-ensemble-en-toute-securite-la-zone-de-police-annonce-les-regles-et-recommandations-pour-lutilisation-des-feux-dartifice\/\" \/>\n<meta property=\"og:locale\" content=\"fr_FR\" \/>\n<meta property=\"og:type\" content=\"article\" \/>\n<meta property=\"og:title\" content=\"C\u00e9l\u00e9brez ensemble en toute s\u00e9curit\u00e9 : la zone de police annonce les r\u00e8gles et recommandations pour l&#039;utilisation des feux d&#039;artifice | Vie Associative\" \/>\n<meta property=\"og:description\" content=\"\u00c0 l&rsquo;occasion du nouvel an prochain, la zone de police de Weser-G\u00f6hl informe sur les r\u00e9glementations communales en vigueur concernant l&rsquo;utilisation des feux d&rsquo;artifice et\" \/>\n<meta property=\"og:url\" content=\"https:\/\/vieassociative.be\/actualites\/celebrez-ensemble-en-toute-securite-la-zone-de-police-annonce-les-regles-et-recommandations-pour-lutilisation-des-feux-dartifice\/\" \/>\n<meta property=\"og:site_name\" content=\"Vie Associative\" \/>\n<meta property=\"article:published_time\" content=\"2025-12-19T20:19:06+00:00\" \/>\n<meta property=\"og:image\" content=\"https:\/\/vieassociative.be\/actualites\/wp-content\/uploads\/2024\/09\/header_backgroundk-01-e1726694325946.png\" \/>\n\t<meta property=\"og:image:width\" content=\"279\" \/>\n\t<meta property=\"og:image:height\" content=\"92\" \/>\n\t<meta property=\"og:image:type\" content=\"image\/png\" \/>\n<meta name=\"author\" content=\"Julien\" \/>\n<meta name=\"twitter:card\" content=\"summary_large_image\" \/>\n<meta name=\"twitter:label1\" content=\"\u00c9crit par\" \/>\n\t<meta name=\"twitter:data1\" content=\"Julien\" \/>\n\t<meta name=\"twitter:label2\" content=\"Dur\u00e9e de lecture est.\" \/>\n\t<meta name=\"twitter:data2\" content=\"4 minutes\" \/>\n<script type=\"application\/ld+json\" class=\"yoast-schema-graph\">{\"@context\":\"https:\/\/schema.org\",\"@graph\":[{\"@type\":\"Article\",\"@id\":\"https:\/\/vieassociative.be\/actualites\/celebrez-ensemble-en-toute-securite-la-zone-de-police-annonce-les-regles-et-recommandations-pour-lutilisation-des-feux-dartifice\/#article\",\"isPartOf\":{\"@id\":\"https:\/\/vieassociative.be\/actualites\/celebrez-ensemble-en-toute-securite-la-zone-de-police-annonce-les-regles-et-recommandations-pour-lutilisation-des-feux-dartifice\/\"},\"author\":{\"name\":\"Julien\",\"@id\":\"https:\/\/vieassociative.be\/actualites\/#\/schema\/person\/b87ac4f82f9d4e7b7cec7395b679edc4\"},\"headline\":\"C\u00e9l\u00e9brez ensemble en toute s\u00e9curit\u00e9 : la zone de police annonce les r\u00e8gles et recommandations pour l&rsquo;utilisation des feux d&rsquo;artifice\",\"datePublished\":\"2025-12-19T20:19:06+00:00\",\"dateModified\":\"2025-12-19T20:19:06+00:00\",\"mainEntityOfPage\":{\"@id\":\"https:\/\/vieassociative.be\/actualites\/celebrez-ensemble-en-toute-securite-la-zone-de-police-annonce-les-regles-et-recommandations-pour-lutilisation-des-feux-dartifice\/\"},\"wordCount\":965,\"publisher\":{\"@id\":\"https:\/\/vieassociative.be\/actualites\/#organization\"},\"image\":{\"@id\":\"https:\/\/vieassociative.be\/actualites\/celebrez-ensemble-en-toute-securite-la-zone-de-police-annonce-les-regles-et-recommandations-pour-lutilisation-des-feux-dartifice\/#primaryimage\"},\"thumbnailUrl\":\"https:\/\/vieassociative.be\/actualites\/wp-content\/uploads\/2025\/12\/Celebrez-ensemble-en-toute-securite-la-zone-de-police.jpg\",\"keywords\":[\"annonce\",\"c\u00e9l\u00e9brez\",\"dartifice\",\"Des\",\"ensemble\",\"feux\",\"Les\",\"lutilisation\",\"police\",\"pour\",\"recommandations\",\"r\u00e8gles\",\"s\u00e9curit\u00e9\",\"toute\",\"zone\"],\"articleSection\":[\"Belgique\"],\"inLanguage\":\"fr-BE\"},{\"@type\":\"WebPage\",\"@id\":\"https:\/\/vieassociative.be\/actualites\/celebrez-ensemble-en-toute-securite-la-zone-de-police-annonce-les-regles-et-recommandations-pour-lutilisation-des-feux-dartifice\/\",\"url\":\"https:\/\/vieassociative.be\/actualites\/celebrez-ensemble-en-toute-securite-la-zone-de-police-annonce-les-regles-et-recommandations-pour-lutilisation-des-feux-dartifice\/\",\"name\":\"C\u00e9l\u00e9brez ensemble en toute s\u00e9curit\u00e9 : la zone de police annonce les r\u00e8gles et recommandations pour l'utilisation des feux d'artifice | Vie Associative\",\"isPartOf\":{\"@id\":\"https:\/\/vieassociative.be\/actualites\/#website\"},\"primaryImageOfPage\":{\"@id\":\"https:\/\/vieassociative.be\/actualites\/celebrez-ensemble-en-toute-securite-la-zone-de-police-annonce-les-regles-et-recommandations-pour-lutilisation-des-feux-dartifice\/#primaryimage\"},\"image\":{\"@id\":\"https:\/\/vieassociative.be\/actualites\/celebrez-ensemble-en-toute-securite-la-zone-de-police-annonce-les-regles-et-recommandations-pour-lutilisation-des-feux-dartifice\/#primaryimage\"},\"thumbnailUrl\":\"https:\/\/vieassociative.be\/actualites\/wp-content\/uploads\/2025\/12\/Celebrez-ensemble-en-toute-securite-la-zone-de-police.jpg\",\"datePublished\":\"2025-12-19T20:19:06+00:00\",\"dateModified\":\"2025-12-19T20:19:06+00:00\",\"breadcrumb\":{\"@id\":\"https:\/\/vieassociative.be\/actualites\/celebrez-ensemble-en-toute-securite-la-zone-de-police-annonce-les-regles-et-recommandations-pour-lutilisation-des-feux-dartifice\/#breadcrumb\"},\"inLanguage\":\"fr-BE\",\"potentialAction\":[{\"@type\":\"ReadAction\",\"target\":[\"https:\/\/vieassociative.be\/actualites\/celebrez-ensemble-en-toute-securite-la-zone-de-police-annonce-les-regles-et-recommandations-pour-lutilisation-des-feux-dartifice\/\"]}]},{\"@type\":\"ImageObject\",\"inLanguage\":\"fr-BE\",\"@id\":\"https:\/\/vieassociative.be\/actualites\/celebrez-ensemble-en-toute-securite-la-zone-de-police-annonce-les-regles-et-recommandations-pour-lutilisation-des-feux-dartifice\/#primaryimage\",\"url\":\"https:\/\/vieassociative.be\/actualites\/wp-content\/uploads\/2025\/12\/Celebrez-ensemble-en-toute-securite-la-zone-de-police.jpg\",\"contentUrl\":\"https:\/\/vieassociative.be\/actualites\/wp-content\/uploads\/2025\/12\/Celebrez-ensemble-en-toute-securite-la-zone-de-police.jpg\",\"width\":1000,\"height\":666,\"caption\":\"C\u00e9l\u00e9brez ensemble en toute s\u00e9curit\u00e9 : la zone de police annonce les r\u00e8gles et recommandations pour l'utilisation des feux d'artifice\"},{\"@type\":\"BreadcrumbList\",\"@id\":\"https:\/\/vieassociative.be\/actualites\/celebrez-ensemble-en-toute-securite-la-zone-de-police-annonce-les-regles-et-recommandations-pour-lutilisation-des-feux-dartifice\/#breadcrumb\",\"itemListElement\":[{\"@type\":\"ListItem\",\"position\":1,\"name\":\"Accueil\",\"item\":\"https:\/\/vieassociative.be\/actualites\/\"},{\"@type\":\"ListItem\",\"position\":2,\"name\":\"C\u00e9l\u00e9brez ensemble en toute s\u00e9curit\u00e9 : la zone de police annonce les r\u00e8gles et recommandations pour l&rsquo;utilisation des feux d&rsquo;artifice\"}]},{\"@type\":\"WebSite\",\"@id\":\"https:\/\/vieassociative.be\/actualites\/#website\",\"url\":\"https:\/\/vieassociative.be\/actualites\/\",\"name\":\"Vie Associative\",\"description\":\"\",\"publisher\":{\"@id\":\"https:\/\/vieassociative.be\/actualites\/#organization\"},\"potentialAction\":[{\"@type\":\"SearchAction\",\"target\":{\"@type\":\"EntryPoint\",\"urlTemplate\":\"https:\/\/vieassociative.be\/actualites\/?s={search_term_string}\"},\"query-input\":{\"@type\":\"PropertyValueSpecification\",\"valueRequired\":true,\"valueName\":\"search_term_string\"}}],\"inLanguage\":\"fr-BE\"},{\"@type\":\"Organization\",\"@id\":\"https:\/\/vieassociative.be\/actualites\/#organization\",\"name\":\"Vie Associative\",\"url\":\"https:\/\/vieassociative.be\/actualites\/\",\"logo\":{\"@type\":\"ImageObject\",\"inLanguage\":\"fr-BE\",\"@id\":\"https:\/\/vieassociative.be\/actualites\/#\/schema\/logo\/image\/\",\"url\":\"https:\/\/vieassociative.be\/actualites\/wp-content\/uploads\/2024\/09\/cropped-vieassociative_favicon.ico.png\",\"contentUrl\":\"https:\/\/vieassociative.be\/actualites\/wp-content\/uploads\/2024\/09\/cropped-vieassociative_favicon.ico.png\",\"width\":512,\"height\":512,\"caption\":\"Vie Associative\"},\"image\":{\"@id\":\"https:\/\/vieassociative.be\/actualites\/#\/schema\/logo\/image\/\"}},{\"@type\":\"Person\",\"@id\":\"https:\/\/vieassociative.be\/actualites\/#\/schema\/person\/b87ac4f82f9d4e7b7cec7395b679edc4\",\"name\":\"Julien\",\"image\":{\"@type\":\"ImageObject\",\"inLanguage\":\"fr-BE\",\"@id\":\"https:\/\/vieassociative.be\/actualites\/#\/schema\/person\/image\/\",\"url\":\"https:\/\/vieassociative.be\/actualites\/wp-content\/uploads\/2024\/09\/vie-associative-1-150x150.jpg\",\"contentUrl\":\"https:\/\/vieassociative.be\/actualites\/wp-content\/uploads\/2024\/09\/vie-associative-1-150x150.jpg\",\"caption\":\"Julien\"},\"description\":\"Je suis Julien, r\u00e9dacteur pour Vie Associative. Passionn\u00e9 par le monde associatif depuis plus de 10 ans, j'ai \u00e0 c\u0153ur de partager des histoires inspirantes et de mettre en lumi\u00e8re les initiatives locales. Mon objectif est de sensibiliser et d'encourager l'engagement communautaire \u00e0 travers mes articles.\",\"sameAs\":[\"https:\/\/vieassociative.be\/\"]}]}<\/script>\n<!-- \/ Yoast SEO plugin. -->","yoast_head_json":{"title":"C\u00e9l\u00e9brez ensemble en toute s\u00e9curit\u00e9 : la zone de police annonce les r\u00e8gles et recommandations pour l'utilisation des feux d'artifice | Vie Associative","robots":{"index":"index","follow":"follow","max-snippet":"max-snippet:-1","max-image-preview":"max-image-preview:large","max-video-preview":"max-video-preview:-1"},"canonical":"https:\/\/vieassociative.be\/actualites\/celebrez-ensemble-en-toute-securite-la-zone-de-police-annonce-les-regles-et-recommandations-pour-lutilisation-des-feux-dartifice\/","og_locale":"fr_FR","og_type":"article","og_title":"C\u00e9l\u00e9brez ensemble en toute s\u00e9curit\u00e9 : la zone de police annonce les r\u00e8gles et recommandations pour l'utilisation des feux d'artifice | Vie Associative","og_description":"\u00c0 l&rsquo;occasion du nouvel an prochain, la zone de police de Weser-G\u00f6hl informe sur les r\u00e9glementations communales en vigueur concernant l&rsquo;utilisation des feux d&rsquo;artifice et","og_url":"https:\/\/vieassociative.be\/actualites\/celebrez-ensemble-en-toute-securite-la-zone-de-police-annonce-les-regles-et-recommandations-pour-lutilisation-des-feux-dartifice\/","og_site_name":"Vie Associative","article_published_time":"2025-12-19T20:19:06+00:00","og_image":[{"width":279,"height":92,"url":"https:\/\/vieassociative.be\/actualites\/wp-content\/uploads\/2024\/09\/header_backgroundk-01-e1726694325946.png","type":"image\/png"}],"author":"Julien","twitter_card":"summary_large_image","twitter_misc":{"\u00c9crit par":"Julien","Dur\u00e9e de lecture est.":"4 minutes"},"schema":{"@context":"https:\/\/schema.org","@graph":[{"@type":"Article","@id":"https:\/\/vieassociative.be\/actualites\/celebrez-ensemble-en-toute-securite-la-zone-de-police-annonce-les-regles-et-recommandations-pour-lutilisation-des-feux-dartifice\/#article","isPartOf":{"@id":"https:\/\/vieassociative.be\/actualites\/celebrez-ensemble-en-toute-securite-la-zone-de-police-annonce-les-regles-et-recommandations-pour-lutilisation-des-feux-dartifice\/"},"author":{"name":"Julien","@id":"https:\/\/vieassociative.be\/actualites\/#\/schema\/person\/b87ac4f82f9d4e7b7cec7395b679edc4"},"headline":"C\u00e9l\u00e9brez ensemble en toute s\u00e9curit\u00e9 : la zone de police annonce les r\u00e8gles et recommandations pour l&rsquo;utilisation des feux d&rsquo;artifice","datePublished":"2025-12-19T20:19:06+00:00","dateModified":"2025-12-19T20:19:06+00:00","mainEntityOfPage":{"@id":"https:\/\/vieassociative.be\/actualites\/celebrez-ensemble-en-toute-securite-la-zone-de-police-annonce-les-regles-et-recommandations-pour-lutilisation-des-feux-dartifice\/"},"wordCount":965,"publisher":{"@id":"https:\/\/vieassociative.be\/actualites\/#organization"},"image":{"@id":"https:\/\/vieassociative.be\/actualites\/celebrez-ensemble-en-toute-securite-la-zone-de-police-annonce-les-regles-et-recommandations-pour-lutilisation-des-feux-dartifice\/#primaryimage"},"thumbnailUrl":"https:\/\/vieassociative.be\/actualites\/wp-content\/uploads\/2025\/12\/Celebrez-ensemble-en-toute-securite-la-zone-de-police.jpg","keywords":["annonce","c\u00e9l\u00e9brez","dartifice","Des","ensemble","feux","Les","lutilisation","police","pour","recommandations","r\u00e8gles","s\u00e9curit\u00e9","toute","zone"],"articleSection":["Belgique"],"inLanguage":"fr-BE"},{"@type":"WebPage","@id":"https:\/\/vieassociative.be\/actualites\/celebrez-ensemble-en-toute-securite-la-zone-de-police-annonce-les-regles-et-recommandations-pour-lutilisation-des-feux-dartifice\/","url":"https:\/\/vieassociative.be\/actualites\/celebrez-ensemble-en-toute-securite-la-zone-de-police-annonce-les-regles-et-recommandations-pour-lutilisation-des-feux-dartifice\/","name":"C\u00e9l\u00e9brez ensemble en toute s\u00e9curit\u00e9 : la zone de police annonce les r\u00e8gles et recommandations pour l'utilisation des feux d'artifice | Vie Associative","isPartOf":{"@id":"https:\/\/vieassociative.be\/actualites\/#website"},"primaryImageOfPage":{"@id":"https:\/\/vieassociative.be\/actualites\/celebrez-ensemble-en-toute-securite-la-zone-de-police-annonce-les-regles-et-recommandations-pour-lutilisation-des-feux-dartifice\/#primaryimage"},"image":{"@id":"https:\/\/vieassociative.be\/actualites\/celebrez-ensemble-en-toute-securite-la-zone-de-police-annonce-les-regles-et-recommandations-pour-lutilisation-des-feux-dartifice\/#primaryimage"},"thumbnailUrl":"https:\/\/vieassociative.be\/actualites\/wp-content\/uploads\/2025\/12\/Celebrez-ensemble-en-toute-securite-la-zone-de-police.jpg","datePublished":"2025-12-19T20:19:06+00:00","dateModified":"2025-12-19T20:19:06+00:00","breadcrumb":{"@id":"https:\/\/vieassociative.be\/actualites\/celebrez-ensemble-en-toute-securite-la-zone-de-police-annonce-les-regles-et-recommandations-pour-lutilisation-des-feux-dartifice\/#breadcrumb"},"inLanguage":"fr-BE","potentialAction":[{"@type":"ReadAction","target":["https:\/\/vieassociative.be\/actualites\/celebrez-ensemble-en-toute-securite-la-zone-de-police-annonce-les-regles-et-recommandations-pour-lutilisation-des-feux-dartifice\/"]}]},{"@type":"ImageObject","inLanguage":"fr-BE","@id":"https:\/\/vieassociative.be\/actualites\/celebrez-ensemble-en-toute-securite-la-zone-de-police-annonce-les-regles-et-recommandations-pour-lutilisation-des-feux-dartifice\/#primaryimage","url":"https:\/\/vieassociative.be\/actualites\/wp-content\/uploads\/2025\/12\/Celebrez-ensemble-en-toute-securite-la-zone-de-police.jpg","contentUrl":"https:\/\/vieassociative.be\/actualites\/wp-content\/uploads\/2025\/12\/Celebrez-ensemble-en-toute-securite-la-zone-de-police.jpg","width":1000,"height":666,"caption":"C\u00e9l\u00e9brez ensemble en toute s\u00e9curit\u00e9 : la zone de police annonce les r\u00e8gles et recommandations pour l'utilisation des feux d'artifice"},{"@type":"BreadcrumbList","@id":"https:\/\/vieassociative.be\/actualites\/celebrez-ensemble-en-toute-securite-la-zone-de-police-annonce-les-regles-et-recommandations-pour-lutilisation-des-feux-dartifice\/#breadcrumb","itemListElement":[{"@type":"ListItem","position":1,"name":"Accueil","item":"https:\/\/vieassociative.be\/actualites\/"},{"@type":"ListItem","position":2,"name":"C\u00e9l\u00e9brez ensemble en toute s\u00e9curit\u00e9 : la zone de police annonce les r\u00e8gles et recommandations pour l&rsquo;utilisation des feux d&rsquo;artifice"}]},{"@type":"WebSite","@id":"https:\/\/vieassociative.be\/actualites\/#website","url":"https:\/\/vieassociative.be\/actualites\/","name":"Vie Associative","description":"","publisher":{"@id":"https:\/\/vieassociative.be\/actualites\/#organization"},"potentialAction":[{"@type":"SearchAction","target":{"@type":"EntryPoint","urlTemplate":"https:\/\/vieassociative.be\/actualites\/?s={search_term_string}"},"query-input":{"@type":"PropertyValueSpecification","valueRequired":true,"valueName":"search_term_string"}}],"inLanguage":"fr-BE"},{"@type":"Organization","@id":"https:\/\/vieassociative.be\/actualites\/#organization","name":"Vie Associative","url":"https:\/\/vieassociative.be\/actualites\/","logo":{"@type":"ImageObject","inLanguage":"fr-BE","@id":"https:\/\/vieassociative.be\/actualites\/#\/schema\/logo\/image\/","url":"https:\/\/vieassociative.be\/actualites\/wp-content\/uploads\/2024\/09\/cropped-vieassociative_favicon.ico.png","contentUrl":"https:\/\/vieassociative.be\/actualites\/wp-content\/uploads\/2024\/09\/cropped-vieassociative_favicon.ico.png","width":512,"height":512,"caption":"Vie Associative"},"image":{"@id":"https:\/\/vieassociative.be\/actualites\/#\/schema\/logo\/image\/"}},{"@type":"Person","@id":"https:\/\/vieassociative.be\/actualites\/#\/schema\/person\/b87ac4f82f9d4e7b7cec7395b679edc4","name":"Julien","image":{"@type":"ImageObject","inLanguage":"fr-BE","@id":"https:\/\/vieassociative.be\/actualites\/#\/schema\/person\/image\/","url":"https:\/\/vieassociative.be\/actualites\/wp-content\/uploads\/2024\/09\/vie-associative-1-150x150.jpg","contentUrl":"https:\/\/vieassociative.be\/actualites\/wp-content\/uploads\/2024\/09\/vie-associative-1-150x150.jpg","caption":"Julien"},"description":"Je suis Julien, r\u00e9dacteur pour Vie Associative. Passionn\u00e9 par le monde associatif depuis plus de 10 ans, j'ai \u00e0 c\u0153ur de partager des histoires inspirantes et de mettre en lumi\u00e8re les initiatives locales. Mon objectif est de sensibiliser et d'encourager l'engagement communautaire \u00e0 travers mes articles.","sameAs":["https:\/\/vieassociative.be\/"]}]}},"_links":{"self":[{"href":"https:\/\/vieassociative.be\/actualites\/wp-json\/wp\/v2\/posts\/11911"}],"collection":[{"href":"https:\/\/vieassociative.be\/actualites\/wp-json\/wp\/v2\/posts"}],"about":[{"href":"https:\/\/vieassociative.be\/actualites\/wp-json\/wp\/v2\/types\/post"}],"author":[{"embeddable":true,"href":"https:\/\/vieassociative.be\/actualites\/wp-json\/wp\/v2\/users\/1"}],"replies":[{"embeddable":true,"href":"https:\/\/vieassociative.be\/actualites\/wp-json\/wp\/v2\/comments?post=11911"}],"version-history":[{"count":0,"href":"https:\/\/vieassociative.be\/actualites\/wp-json\/wp\/v2\/posts\/11911\/revisions"}],"wp:featuredmedia":[{"embeddable":true,"href":"https:\/\/vieassociative.be\/actualites\/wp-json\/wp\/v2\/media\/11912"}],"wp:attachment":[{"href":"https:\/\/vieassociative.be\/actualites\/wp-json\/wp\/v2\/media?parent=11911"}],"wp:term":[{"taxonomy":"category","embeddable":true,"href":"https:\/\/vieassociative.be\/actualites\/wp-json\/wp\/v2\/categories?post=11911"},{"taxonomy":"post_tag","embeddable":true,"href":"https:\/\/vieassociative.be\/actualites\/wp-json\/wp\/v2\/tags?post=11911"}],"curies":[{"name":"wp","href":"https:\/\/api.w.org\/{rel}","templated":true}]}}