{"id":11896,"date":"2025-12-18T15:17:20","date_gmt":"2025-12-18T14:17:20","guid":{"rendered":"https:\/\/vieassociative.be\/actualites\/des-temps-passionnants-sannoncent-pour-las-eupen-aujourdhui-a-20-heures-ils-seront-les-invites-du-top-6-patro-eisden\/"},"modified":"2025-12-18T15:17:20","modified_gmt":"2025-12-18T14:17:20","slug":"des-temps-passionnants-sannoncent-pour-las-eupen-aujourdhui-a-20-heures-ils-seront-les-invites-du-top-6-patro-eisden","status":"publish","type":"post","link":"https:\/\/vieassociative.be\/actualites\/des-temps-passionnants-sannoncent-pour-las-eupen-aujourdhui-a-20-heures-ils-seront-les-invites-du-top-6-patro-eisden\/","title":{"rendered":"Des temps passionnants s\u2019annoncent pour l\u2019AS Eupen : aujourd\u2019hui \u00e0 20 heures. ils seront les invit\u00e9s du top 6 Patro Eisden"},"content":{"rendered":"<p><strong>Lors d&rsquo;un jeudi inhabituel pour eux et leurs supporters, l&rsquo;AS Eupen disputera son prochain match de championnat. Au Patro Eisden ce soir, les noirs et blancs affronteront un concurrent dans la lutte pour une place dans le top 6.<\/strong><\/p>\n<p><span id=\"more-432182\"><\/span>Apr\u00e8s deux victoires obligatoires \u00e0 Seraing et face au Club NXT, l&rsquo;\u00e9quipe du s\u00e9lectionneur Bruno Pinheiro vise un troisi\u00e8me tripl\u00e9 de suite. Si cela r\u00e9ussit et qu&rsquo;AS encha\u00eene avec une nouvelle victoire lors du dernier match avant No\u00ebl contre l&rsquo;Olympic Charleroi, on pourrait aborder 2026 avec beaucoup de confiance, d&rsquo;autant plus que le rachat annonc\u00e9 du club par Qatar Sports Investments (QSI) offre de toutes nouvelles perspectives.<\/p>\n<div id=\"attachment_99972\" class=\"wp-caption alignleft\" style=\"max-width: 300px\"><img fetchpriority=\"high\" decoding=\"async\" class=\"wp-image-99972 size-medium\" src=\"https:\/\/vieassociative.be\/actualites\/wp-content\/uploads\/2025\/12\/Des-temps-passionnants-sannoncent-pour-lAS-Eupen-aujourdhui-a.jpeg\" alt=\"\" width=\"300\" height=\"200\"  ><\/div>\n<p>Cette semaine, le nouveau directeur sportif Pasquale Sensibile a encore une fois affirm\u00e9 lors d&rsquo;entretiens avec la presse que le retour en 1\u00e8re Division \u00e9tait l&rsquo;objectif d\u00e9clar\u00e9.<\/p>\n<p>\u00ab\u00a0Bien s\u00fbr, QSI ne veut pas diviser \u00e0 nouveau son camp ici en avril ou en mai. Le plan est de ramener le club en 1\u00e8re Division le plus rapidement possible. Si cela ne fonctionne pas cette saison, alors la prochaine\u00a0\u00bb, a d\u00e9clar\u00e9 Sensibile dans la presse. Des temps passionnants s\u2019annoncent pour le club de football le plus prestigieux de l\u2019Est de la Belgique et pour ses supporters.<\/p>\n<p>Il y a quelques semaines \u00e0 peine, personne n&rsquo;aurait imagin\u00e9 que le retour en Jupiler Pro League serait un objectif r\u00e9aliste pour l&rsquo;AS Eupen. L&rsquo;entra\u00eeneur Bruno Pinheiro a effectivement \u00e9voqu\u00e9 le mot promotion \u00e0 plusieurs reprises, mais personne n&rsquo;osait vraiment y croire. Le projet de rachat du club par QSI change tout.<\/p>\n<div id=\"attachment_422108\" class=\"wp-caption alignleft\" style=\"max-width: 300px\"><img decoding=\"async\" class=\"wp-image-422108 size-medium\" src=\"https:\/\/vieassociative.be\/actualites\/wp-content\/uploads\/2025\/11\/AS-Eupen-a-Jong-Genk-et-Anvers-a-Jong-Gent.jpg\" alt=\"\" width=\"300\" height=\"201\"  ><\/div>\n<p>Le futur investisseur, qui a \u00e9galement remport\u00e9 mercredi la Coupe Intercontinentale avec le Paris SG (voir reportage ailleurs), est plus orient\u00e9 vers le succ\u00e8s et plus ambitieux que la Fondation Aspire Zone, qui a g\u00e9r\u00e9 plut\u00f4t que fa\u00e7onn\u00e9 le club d&rsquo;Eupener Kehrweg au cours des trois derni\u00e8res ann\u00e9es.<\/p>\n<p>En attendant l&rsquo;arriv\u00e9e des renforts pendant la p\u00e9riode des transferts hivernaux, l&rsquo;entra\u00eeneur Pinheiro devra se contenter de ce qui est \u00e0 sa disposition. Dans sa forme actuelle, l&rsquo;\u00e9quipe de l&rsquo;AS n&rsquo;est pas comparable \u00e0 celle de Beveren, Courtrai ou Beerschot. A cet \u00e9gard &#8211; comme lors du match aller \u00e0 Eupen en septembre &#8211; un match nul ce soir \u00e0 Maasmechelen contre le Patro Eisden (20h00 \/ en direct sur l&rsquo;application DAZN) serait un bon r\u00e9sultat.<\/p>\n<p>Pour la rencontre dans l&rsquo;ancienne r\u00e9gion charbonni\u00e8re, Pinheiro peut \u00e0 nouveau compter sur le d\u00e9fenseur central Igor Plastun, qui a purg\u00e9 sa suspension. (cr\u00e9er)<\/p>\n<p><b>Tous les matchs de l&rsquo;AS Eupen jusqu&rsquo;\u00e0 la fin de la saison<\/b><\/p>\n<p>La Pro League a d\u00e9sormais fix\u00e9 les dates exactes de tous les matches de la Challenger Pro League jusqu&rsquo;\u00e0 la fin de la phase r\u00e9guli\u00e8re du championnat. Apr\u00e8s les matches d&rsquo;avant No\u00ebl au Patro Eisden et face \u00e0 l&rsquo;Olympic Charleroi, la deuxi\u00e8me division prend une tr\u00eave hivernale. Les Noirs et Blancs joueront leur premier match de l&rsquo;ann\u00e9e 2026 le samedi 17 janvier 2026 \u00e0 20h. au stade Kehrweg contre le leader du championnat, le SK Beveren.<\/p>\n<ul>\n<li><strong>Jeudi 18 d\u00e9cembre 2025, 20h :<\/strong> Patro Eisden \u2013 AS Eupen<\/li>\n<li><strong>Dimanche 21 d\u00e9cembre 2025, 19h15 :<\/strong> AS Eupen \u2013 Charleroi Olympique<\/li>\n<\/ul>\n<p><em>VACANCES D&rsquo;HIVER<\/em><\/p>\n<ul>\n<li><strong>Samedi 17 janvier 2026, 20h :<\/strong> AS Eupen \u2013 SK Beveren<\/li>\n<li><strong>Samedi 24 janvier 2026, 20h :<\/strong> Lommel SK \u2013 AS Eupen<\/li>\n<li><strong>Mardi 27 janvier 2026, 20h :<\/strong> AS Eupen \u2013 KSC Lokeren<\/li>\n<li><strong>Vendredi 30 janvier 2026, 20h :<\/strong> Jong Genk \u2013 AS Eupen<\/li>\n<li><strong>Samedi 7 f\u00e9vrier 2026, 16h :<\/strong> AS Eupen \u2013 KV Courtrai<\/li>\n<li><em>13 &#8211; 15 f\u00e9vrier 2026 : AS Eupen libre de jeu<\/em><\/li>\n<li><strong>Samedi 21 f\u00e9vrier 2026, 20h :<\/strong> AS Eupen \u2013 Francs Borains<\/li>\n<li><strong>Dimanche 1er mars 2026, 16h :<\/strong> RWDM \u2013 AS Eupen<\/li>\n<li><strong>Vendredi 6 mars 2026, 20h :<\/strong> AS Eupen \u2013 Jong La Gantoise<\/li>\n<li><strong>Mardi 10 mars 2026, 20h00 :<\/strong> AS Eupen \u2013 Lierse SK<\/li>\n<li><strong>Vendredi 13 mars 2026, 20h :<\/strong> RSCA Futures \u2013 AS Eupen<\/li>\n<li><strong>Vendredi 20 mars 2026, 20h :<\/strong> AS Eupen \u2013 RFC Seraing<\/li>\n<li><strong>Samedi 4 avril 2026, 20h :<\/strong> Club NXT \u2013 AS Eupen<\/li>\n<li><strong>Vendredi 10 avril 2026, 20h :<\/strong> AS Eupen \u2013 Beerschot<\/li>\n<li><strong>Vendredi 17 avril 2026, 20h :<\/strong> RFC Li\u00e8ge \u2013 AS Eupen<\/li>\n<\/ul>\n","protected":false},"excerpt":{"rendered":"<p>Lors d&rsquo;un jeudi inhabituel pour eux et leurs supporters, l&rsquo;AS Eupen disputera son prochain match de championnat. Au Patro Eisden ce soir, les noirs et<\/p>\n","protected":false},"author":1,"featured_media":10153,"comment_status":"","ping_status":"","sticky":false,"template":"","format":"standard","meta":{"footnotes":""},"categories":[298],"tags":[2330,29,3043,2329,3258,4317,3678,2353,14,9585,3042,81,9586,2099,790,3169],"class_list":["post-11896","post","type-post","status-publish","format-standard","has-post-thumbnail","hentry","category-belgique","tag-aujourdhui","tag-des","tag-eisden","tag-eupen","tag-heures","tag-ils","tag-invites","tag-las","tag-les","tag-passionnants","tag-patro","tag-pour","tag-sannoncent","tag-seront","tag-temps","tag-top","generate-columns","tablet-grid-50","mobile-grid-100","grid-parent","grid-33"],"yoast_head":"<!-- This site is optimized with the Yoast SEO plugin v24.0 - https:\/\/yoast.com\/wordpress\/plugins\/seo\/ -->\n<title>Des temps passionnants s\u2019annoncent pour l\u2019AS Eupen : aujourd\u2019hui \u00e0 20 heures. ils seront les invit\u00e9s du top 6 Patro Eisden | Vie Associative<\/title>\n<meta name=\"robots\" content=\"index, follow, max-snippet:-1, max-image-preview:large, max-video-preview:-1\" \/>\n<link rel=\"canonical\" href=\"https:\/\/vieassociative.be\/actualites\/des-temps-passionnants-sannoncent-pour-las-eupen-aujourdhui-a-20-heures-ils-seront-les-invites-du-top-6-patro-eisden\/\" \/>\n<meta property=\"og:locale\" content=\"fr_FR\" \/>\n<meta property=\"og:type\" content=\"article\" \/>\n<meta property=\"og:title\" content=\"Des temps passionnants s\u2019annoncent pour l\u2019AS Eupen : aujourd\u2019hui \u00e0 20 heures. ils seront les invit\u00e9s du top 6 Patro Eisden | Vie Associative\" \/>\n<meta property=\"og:description\" content=\"Lors d&rsquo;un jeudi inhabituel pour eux et leurs supporters, l&rsquo;AS Eupen disputera son prochain match de championnat. Au Patro Eisden ce soir, les noirs et\" \/>\n<meta property=\"og:url\" content=\"https:\/\/vieassociative.be\/actualites\/des-temps-passionnants-sannoncent-pour-las-eupen-aujourdhui-a-20-heures-ils-seront-les-invites-du-top-6-patro-eisden\/\" \/>\n<meta property=\"og:site_name\" content=\"Vie Associative\" \/>\n<meta property=\"article:published_time\" content=\"2025-12-18T14:17:20+00:00\" \/>\n<meta property=\"og:image\" content=\"https:\/\/vieassociative.be\/actualites\/wp-content\/uploads\/2024\/09\/header_backgroundk-01-e1726694325946.png\" \/>\n\t<meta property=\"og:image:width\" content=\"279\" \/>\n\t<meta property=\"og:image:height\" content=\"92\" \/>\n\t<meta property=\"og:image:type\" content=\"image\/png\" \/>\n<meta name=\"author\" content=\"Julien\" \/>\n<meta name=\"twitter:card\" content=\"summary_large_image\" \/>\n<meta name=\"twitter:label1\" content=\"\u00c9crit par\" \/>\n\t<meta name=\"twitter:data1\" content=\"Julien\" \/>\n\t<meta name=\"twitter:label2\" content=\"Dur\u00e9e de lecture est.\" \/>\n\t<meta name=\"twitter:data2\" content=\"3 minutes\" \/>\n<script type=\"application\/ld+json\" class=\"yoast-schema-graph\">{\"@context\":\"https:\/\/schema.org\",\"@graph\":[{\"@type\":\"Article\",\"@id\":\"https:\/\/vieassociative.be\/actualites\/des-temps-passionnants-sannoncent-pour-las-eupen-aujourdhui-a-20-heures-ils-seront-les-invites-du-top-6-patro-eisden\/#article\",\"isPartOf\":{\"@id\":\"https:\/\/vieassociative.be\/actualites\/des-temps-passionnants-sannoncent-pour-las-eupen-aujourdhui-a-20-heures-ils-seront-les-invites-du-top-6-patro-eisden\/\"},\"author\":{\"name\":\"Julien\",\"@id\":\"https:\/\/vieassociative.be\/actualites\/#\/schema\/person\/b87ac4f82f9d4e7b7cec7395b679edc4\"},\"headline\":\"Des temps passionnants s\u2019annoncent pour l\u2019AS Eupen : aujourd\u2019hui \u00e0 20 heures. ils seront les invit\u00e9s du top 6 Patro Eisden\",\"datePublished\":\"2025-12-18T14:17:20+00:00\",\"dateModified\":\"2025-12-18T14:17:20+00:00\",\"mainEntityOfPage\":{\"@id\":\"https:\/\/vieassociative.be\/actualites\/des-temps-passionnants-sannoncent-pour-las-eupen-aujourdhui-a-20-heures-ils-seront-les-invites-du-top-6-patro-eisden\/\"},\"wordCount\":680,\"publisher\":{\"@id\":\"https:\/\/vieassociative.be\/actualites\/#organization\"},\"image\":{\"@id\":\"https:\/\/vieassociative.be\/actualites\/des-temps-passionnants-sannoncent-pour-las-eupen-aujourdhui-a-20-heures-ils-seront-les-invites-du-top-6-patro-eisden\/#primaryimage\"},\"thumbnailUrl\":\"https:\/\/vieassociative.be\/actualites\/wp-content\/uploads\/2025\/09\/Amortisseurs-pour-As-Eupen-Seulement-0-0-contre-Patro-Eisden.jpg\",\"keywords\":[\"aujourdhui\",\"Des\",\"Eisden\",\"Eupen\",\"heures\",\"ils\",\"invit\u00e9s\",\"lAS\",\"Les\",\"passionnants\",\"Patro\",\"pour\",\"sannoncent\",\"seront\",\"temps\",\"top\"],\"articleSection\":[\"Belgique\"],\"inLanguage\":\"fr-BE\"},{\"@type\":\"WebPage\",\"@id\":\"https:\/\/vieassociative.be\/actualites\/des-temps-passionnants-sannoncent-pour-las-eupen-aujourdhui-a-20-heures-ils-seront-les-invites-du-top-6-patro-eisden\/\",\"url\":\"https:\/\/vieassociative.be\/actualites\/des-temps-passionnants-sannoncent-pour-las-eupen-aujourdhui-a-20-heures-ils-seront-les-invites-du-top-6-patro-eisden\/\",\"name\":\"Des temps passionnants s\u2019annoncent pour l\u2019AS Eupen : aujourd\u2019hui \u00e0 20 heures. ils seront les invit\u00e9s du top 6 Patro Eisden | Vie Associative\",\"isPartOf\":{\"@id\":\"https:\/\/vieassociative.be\/actualites\/#website\"},\"primaryImageOfPage\":{\"@id\":\"https:\/\/vieassociative.be\/actualites\/des-temps-passionnants-sannoncent-pour-las-eupen-aujourdhui-a-20-heures-ils-seront-les-invites-du-top-6-patro-eisden\/#primaryimage\"},\"image\":{\"@id\":\"https:\/\/vieassociative.be\/actualites\/des-temps-passionnants-sannoncent-pour-las-eupen-aujourdhui-a-20-heures-ils-seront-les-invites-du-top-6-patro-eisden\/#primaryimage\"},\"thumbnailUrl\":\"https:\/\/vieassociative.be\/actualites\/wp-content\/uploads\/2025\/09\/Amortisseurs-pour-As-Eupen-Seulement-0-0-contre-Patro-Eisden.jpg\",\"datePublished\":\"2025-12-18T14:17:20+00:00\",\"dateModified\":\"2025-12-18T14:17:20+00:00\",\"breadcrumb\":{\"@id\":\"https:\/\/vieassociative.be\/actualites\/des-temps-passionnants-sannoncent-pour-las-eupen-aujourdhui-a-20-heures-ils-seront-les-invites-du-top-6-patro-eisden\/#breadcrumb\"},\"inLanguage\":\"fr-BE\",\"potentialAction\":[{\"@type\":\"ReadAction\",\"target\":[\"https:\/\/vieassociative.be\/actualites\/des-temps-passionnants-sannoncent-pour-las-eupen-aujourdhui-a-20-heures-ils-seront-les-invites-du-top-6-patro-eisden\/\"]}]},{\"@type\":\"ImageObject\",\"inLanguage\":\"fr-BE\",\"@id\":\"https:\/\/vieassociative.be\/actualites\/des-temps-passionnants-sannoncent-pour-las-eupen-aujourdhui-a-20-heures-ils-seront-les-invites-du-top-6-patro-eisden\/#primaryimage\",\"url\":\"https:\/\/vieassociative.be\/actualites\/wp-content\/uploads\/2025\/09\/Amortisseurs-pour-As-Eupen-Seulement-0-0-contre-Patro-Eisden.jpg\",\"contentUrl\":\"https:\/\/vieassociative.be\/actualites\/wp-content\/uploads\/2025\/09\/Amortisseurs-pour-As-Eupen-Seulement-0-0-contre-Patro-Eisden.jpg\",\"width\":1434,\"height\":954,\"caption\":\"Amortisseurs pour As Eupen - Seulement 0-0 contre Patro Eisden\"},{\"@type\":\"BreadcrumbList\",\"@id\":\"https:\/\/vieassociative.be\/actualites\/des-temps-passionnants-sannoncent-pour-las-eupen-aujourdhui-a-20-heures-ils-seront-les-invites-du-top-6-patro-eisden\/#breadcrumb\",\"itemListElement\":[{\"@type\":\"ListItem\",\"position\":1,\"name\":\"Accueil\",\"item\":\"https:\/\/vieassociative.be\/actualites\/\"},{\"@type\":\"ListItem\",\"position\":2,\"name\":\"Des temps passionnants s\u2019annoncent pour l\u2019AS Eupen : aujourd\u2019hui \u00e0 20 heures. ils seront les invit\u00e9s du top 6 Patro Eisden\"}]},{\"@type\":\"WebSite\",\"@id\":\"https:\/\/vieassociative.be\/actualites\/#website\",\"url\":\"https:\/\/vieassociative.be\/actualites\/\",\"name\":\"Vie Associative\",\"description\":\"\",\"publisher\":{\"@id\":\"https:\/\/vieassociative.be\/actualites\/#organization\"},\"potentialAction\":[{\"@type\":\"SearchAction\",\"target\":{\"@type\":\"EntryPoint\",\"urlTemplate\":\"https:\/\/vieassociative.be\/actualites\/?s={search_term_string}\"},\"query-input\":{\"@type\":\"PropertyValueSpecification\",\"valueRequired\":true,\"valueName\":\"search_term_string\"}}],\"inLanguage\":\"fr-BE\"},{\"@type\":\"Organization\",\"@id\":\"https:\/\/vieassociative.be\/actualites\/#organization\",\"name\":\"Vie Associative\",\"url\":\"https:\/\/vieassociative.be\/actualites\/\",\"logo\":{\"@type\":\"ImageObject\",\"inLanguage\":\"fr-BE\",\"@id\":\"https:\/\/vieassociative.be\/actualites\/#\/schema\/logo\/image\/\",\"url\":\"https:\/\/vieassociative.be\/actualites\/wp-content\/uploads\/2024\/09\/cropped-vieassociative_favicon.ico.png\",\"contentUrl\":\"https:\/\/vieassociative.be\/actualites\/wp-content\/uploads\/2024\/09\/cropped-vieassociative_favicon.ico.png\",\"width\":512,\"height\":512,\"caption\":\"Vie Associative\"},\"image\":{\"@id\":\"https:\/\/vieassociative.be\/actualites\/#\/schema\/logo\/image\/\"}},{\"@type\":\"Person\",\"@id\":\"https:\/\/vieassociative.be\/actualites\/#\/schema\/person\/b87ac4f82f9d4e7b7cec7395b679edc4\",\"name\":\"Julien\",\"image\":{\"@type\":\"ImageObject\",\"inLanguage\":\"fr-BE\",\"@id\":\"https:\/\/vieassociative.be\/actualites\/#\/schema\/person\/image\/\",\"url\":\"https:\/\/vieassociative.be\/actualites\/wp-content\/uploads\/2024\/09\/vie-associative-1-150x150.jpg\",\"contentUrl\":\"https:\/\/vieassociative.be\/actualites\/wp-content\/uploads\/2024\/09\/vie-associative-1-150x150.jpg\",\"caption\":\"Julien\"},\"description\":\"Je suis Julien, r\u00e9dacteur pour Vie Associative. Passionn\u00e9 par le monde associatif depuis plus de 10 ans, j'ai \u00e0 c\u0153ur de partager des histoires inspirantes et de mettre en lumi\u00e8re les initiatives locales. Mon objectif est de sensibiliser et d'encourager l'engagement communautaire \u00e0 travers mes articles.\",\"sameAs\":[\"https:\/\/vieassociative.be\/\"]}]}<\/script>\n<!-- \/ Yoast SEO plugin. -->","yoast_head_json":{"title":"Des temps passionnants s\u2019annoncent pour l\u2019AS Eupen : aujourd\u2019hui \u00e0 20 heures. ils seront les invit\u00e9s du top 6 Patro Eisden | Vie Associative","robots":{"index":"index","follow":"follow","max-snippet":"max-snippet:-1","max-image-preview":"max-image-preview:large","max-video-preview":"max-video-preview:-1"},"canonical":"https:\/\/vieassociative.be\/actualites\/des-temps-passionnants-sannoncent-pour-las-eupen-aujourdhui-a-20-heures-ils-seront-les-invites-du-top-6-patro-eisden\/","og_locale":"fr_FR","og_type":"article","og_title":"Des temps passionnants s\u2019annoncent pour l\u2019AS Eupen : aujourd\u2019hui \u00e0 20 heures. ils seront les invit\u00e9s du top 6 Patro Eisden | Vie Associative","og_description":"Lors d&rsquo;un jeudi inhabituel pour eux et leurs supporters, l&rsquo;AS Eupen disputera son prochain match de championnat. Au Patro Eisden ce soir, les noirs et","og_url":"https:\/\/vieassociative.be\/actualites\/des-temps-passionnants-sannoncent-pour-las-eupen-aujourdhui-a-20-heures-ils-seront-les-invites-du-top-6-patro-eisden\/","og_site_name":"Vie Associative","article_published_time":"2025-12-18T14:17:20+00:00","og_image":[{"width":279,"height":92,"url":"https:\/\/vieassociative.be\/actualites\/wp-content\/uploads\/2024\/09\/header_backgroundk-01-e1726694325946.png","type":"image\/png"}],"author":"Julien","twitter_card":"summary_large_image","twitter_misc":{"\u00c9crit par":"Julien","Dur\u00e9e de lecture est.":"3 minutes"},"schema":{"@context":"https:\/\/schema.org","@graph":[{"@type":"Article","@id":"https:\/\/vieassociative.be\/actualites\/des-temps-passionnants-sannoncent-pour-las-eupen-aujourdhui-a-20-heures-ils-seront-les-invites-du-top-6-patro-eisden\/#article","isPartOf":{"@id":"https:\/\/vieassociative.be\/actualites\/des-temps-passionnants-sannoncent-pour-las-eupen-aujourdhui-a-20-heures-ils-seront-les-invites-du-top-6-patro-eisden\/"},"author":{"name":"Julien","@id":"https:\/\/vieassociative.be\/actualites\/#\/schema\/person\/b87ac4f82f9d4e7b7cec7395b679edc4"},"headline":"Des temps passionnants s\u2019annoncent pour l\u2019AS Eupen : aujourd\u2019hui \u00e0 20 heures. ils seront les invit\u00e9s du top 6 Patro Eisden","datePublished":"2025-12-18T14:17:20+00:00","dateModified":"2025-12-18T14:17:20+00:00","mainEntityOfPage":{"@id":"https:\/\/vieassociative.be\/actualites\/des-temps-passionnants-sannoncent-pour-las-eupen-aujourdhui-a-20-heures-ils-seront-les-invites-du-top-6-patro-eisden\/"},"wordCount":680,"publisher":{"@id":"https:\/\/vieassociative.be\/actualites\/#organization"},"image":{"@id":"https:\/\/vieassociative.be\/actualites\/des-temps-passionnants-sannoncent-pour-las-eupen-aujourdhui-a-20-heures-ils-seront-les-invites-du-top-6-patro-eisden\/#primaryimage"},"thumbnailUrl":"https:\/\/vieassociative.be\/actualites\/wp-content\/uploads\/2025\/09\/Amortisseurs-pour-As-Eupen-Seulement-0-0-contre-Patro-Eisden.jpg","keywords":["aujourdhui","Des","Eisden","Eupen","heures","ils","invit\u00e9s","lAS","Les","passionnants","Patro","pour","sannoncent","seront","temps","top"],"articleSection":["Belgique"],"inLanguage":"fr-BE"},{"@type":"WebPage","@id":"https:\/\/vieassociative.be\/actualites\/des-temps-passionnants-sannoncent-pour-las-eupen-aujourdhui-a-20-heures-ils-seront-les-invites-du-top-6-patro-eisden\/","url":"https:\/\/vieassociative.be\/actualites\/des-temps-passionnants-sannoncent-pour-las-eupen-aujourdhui-a-20-heures-ils-seront-les-invites-du-top-6-patro-eisden\/","name":"Des temps passionnants s\u2019annoncent pour l\u2019AS Eupen : aujourd\u2019hui \u00e0 20 heures. ils seront les invit\u00e9s du top 6 Patro Eisden | Vie Associative","isPartOf":{"@id":"https:\/\/vieassociative.be\/actualites\/#website"},"primaryImageOfPage":{"@id":"https:\/\/vieassociative.be\/actualites\/des-temps-passionnants-sannoncent-pour-las-eupen-aujourdhui-a-20-heures-ils-seront-les-invites-du-top-6-patro-eisden\/#primaryimage"},"image":{"@id":"https:\/\/vieassociative.be\/actualites\/des-temps-passionnants-sannoncent-pour-las-eupen-aujourdhui-a-20-heures-ils-seront-les-invites-du-top-6-patro-eisden\/#primaryimage"},"thumbnailUrl":"https:\/\/vieassociative.be\/actualites\/wp-content\/uploads\/2025\/09\/Amortisseurs-pour-As-Eupen-Seulement-0-0-contre-Patro-Eisden.jpg","datePublished":"2025-12-18T14:17:20+00:00","dateModified":"2025-12-18T14:17:20+00:00","breadcrumb":{"@id":"https:\/\/vieassociative.be\/actualites\/des-temps-passionnants-sannoncent-pour-las-eupen-aujourdhui-a-20-heures-ils-seront-les-invites-du-top-6-patro-eisden\/#breadcrumb"},"inLanguage":"fr-BE","potentialAction":[{"@type":"ReadAction","target":["https:\/\/vieassociative.be\/actualites\/des-temps-passionnants-sannoncent-pour-las-eupen-aujourdhui-a-20-heures-ils-seront-les-invites-du-top-6-patro-eisden\/"]}]},{"@type":"ImageObject","inLanguage":"fr-BE","@id":"https:\/\/vieassociative.be\/actualites\/des-temps-passionnants-sannoncent-pour-las-eupen-aujourdhui-a-20-heures-ils-seront-les-invites-du-top-6-patro-eisden\/#primaryimage","url":"https:\/\/vieassociative.be\/actualites\/wp-content\/uploads\/2025\/09\/Amortisseurs-pour-As-Eupen-Seulement-0-0-contre-Patro-Eisden.jpg","contentUrl":"https:\/\/vieassociative.be\/actualites\/wp-content\/uploads\/2025\/09\/Amortisseurs-pour-As-Eupen-Seulement-0-0-contre-Patro-Eisden.jpg","width":1434,"height":954,"caption":"Amortisseurs pour As Eupen - Seulement 0-0 contre Patro Eisden"},{"@type":"BreadcrumbList","@id":"https:\/\/vieassociative.be\/actualites\/des-temps-passionnants-sannoncent-pour-las-eupen-aujourdhui-a-20-heures-ils-seront-les-invites-du-top-6-patro-eisden\/#breadcrumb","itemListElement":[{"@type":"ListItem","position":1,"name":"Accueil","item":"https:\/\/vieassociative.be\/actualites\/"},{"@type":"ListItem","position":2,"name":"Des temps passionnants s\u2019annoncent pour l\u2019AS Eupen : aujourd\u2019hui \u00e0 20 heures. ils seront les invit\u00e9s du top 6 Patro Eisden"}]},{"@type":"WebSite","@id":"https:\/\/vieassociative.be\/actualites\/#website","url":"https:\/\/vieassociative.be\/actualites\/","name":"Vie Associative","description":"","publisher":{"@id":"https:\/\/vieassociative.be\/actualites\/#organization"},"potentialAction":[{"@type":"SearchAction","target":{"@type":"EntryPoint","urlTemplate":"https:\/\/vieassociative.be\/actualites\/?s={search_term_string}"},"query-input":{"@type":"PropertyValueSpecification","valueRequired":true,"valueName":"search_term_string"}}],"inLanguage":"fr-BE"},{"@type":"Organization","@id":"https:\/\/vieassociative.be\/actualites\/#organization","name":"Vie Associative","url":"https:\/\/vieassociative.be\/actualites\/","logo":{"@type":"ImageObject","inLanguage":"fr-BE","@id":"https:\/\/vieassociative.be\/actualites\/#\/schema\/logo\/image\/","url":"https:\/\/vieassociative.be\/actualites\/wp-content\/uploads\/2024\/09\/cropped-vieassociative_favicon.ico.png","contentUrl":"https:\/\/vieassociative.be\/actualites\/wp-content\/uploads\/2024\/09\/cropped-vieassociative_favicon.ico.png","width":512,"height":512,"caption":"Vie Associative"},"image":{"@id":"https:\/\/vieassociative.be\/actualites\/#\/schema\/logo\/image\/"}},{"@type":"Person","@id":"https:\/\/vieassociative.be\/actualites\/#\/schema\/person\/b87ac4f82f9d4e7b7cec7395b679edc4","name":"Julien","image":{"@type":"ImageObject","inLanguage":"fr-BE","@id":"https:\/\/vieassociative.be\/actualites\/#\/schema\/person\/image\/","url":"https:\/\/vieassociative.be\/actualites\/wp-content\/uploads\/2024\/09\/vie-associative-1-150x150.jpg","contentUrl":"https:\/\/vieassociative.be\/actualites\/wp-content\/uploads\/2024\/09\/vie-associative-1-150x150.jpg","caption":"Julien"},"description":"Je suis Julien, r\u00e9dacteur pour Vie Associative. Passionn\u00e9 par le monde associatif depuis plus de 10 ans, j'ai \u00e0 c\u0153ur de partager des histoires inspirantes et de mettre en lumi\u00e8re les initiatives locales. Mon objectif est de sensibiliser et d'encourager l'engagement communautaire \u00e0 travers mes articles.","sameAs":["https:\/\/vieassociative.be\/"]}]}},"_links":{"self":[{"href":"https:\/\/vieassociative.be\/actualites\/wp-json\/wp\/v2\/posts\/11896"}],"collection":[{"href":"https:\/\/vieassociative.be\/actualites\/wp-json\/wp\/v2\/posts"}],"about":[{"href":"https:\/\/vieassociative.be\/actualites\/wp-json\/wp\/v2\/types\/post"}],"author":[{"embeddable":true,"href":"https:\/\/vieassociative.be\/actualites\/wp-json\/wp\/v2\/users\/1"}],"replies":[{"embeddable":true,"href":"https:\/\/vieassociative.be\/actualites\/wp-json\/wp\/v2\/comments?post=11896"}],"version-history":[{"count":0,"href":"https:\/\/vieassociative.be\/actualites\/wp-json\/wp\/v2\/posts\/11896\/revisions"}],"wp:featuredmedia":[{"embeddable":true,"href":"https:\/\/vieassociative.be\/actualites\/wp-json\/wp\/v2\/media\/10153"}],"wp:attachment":[{"href":"https:\/\/vieassociative.be\/actualites\/wp-json\/wp\/v2\/media?parent=11896"}],"wp:term":[{"taxonomy":"category","embeddable":true,"href":"https:\/\/vieassociative.be\/actualites\/wp-json\/wp\/v2\/categories?post=11896"},{"taxonomy":"post_tag","embeddable":true,"href":"https:\/\/vieassociative.be\/actualites\/wp-json\/wp\/v2\/tags?post=11896"}],"curies":[{"name":"wp","href":"https:\/\/api.w.org\/{rel}","templated":true}]}}