{"id":11890,"date":"2025-12-18T03:18:11","date_gmt":"2025-12-18T02:18:11","guid":{"rendered":"https:\/\/vieassociative.be\/actualites\/la-coupe-intercontinentale-revient-au-paris-saint-germain-victoire-aux-tirs-au-but-contre-flamengo\/"},"modified":"2025-12-18T03:18:11","modified_gmt":"2025-12-18T02:18:11","slug":"la-coupe-intercontinentale-revient-au-paris-saint-germain-victoire-aux-tirs-au-but-contre-flamengo","status":"publish","type":"post","link":"https:\/\/vieassociative.be\/actualites\/la-coupe-intercontinentale-revient-au-paris-saint-germain-victoire-aux-tirs-au-but-contre-flamengo\/","title":{"rendered":"La Coupe Intercontinentale revient au Paris Saint-Germain \u2013 victoire aux tirs au but contre Flamengo"},"content":{"rendered":"<p><strong>Au Qatar, le Paris Saint-Germain, vainqueur de la Ligue des champions, a battu Flamengo en finale. Le gardien devient un h\u00e9ros.<\/strong><\/p>\n<p><span id=\"more-432126\"><\/span>Les g\u00e9ants fran\u00e7ais du Paris Saint-Germain ont remport\u00e9 la Coupe Intercontinentale, ajoutant un autre troph\u00e9e \u00e0 leur impressionnante collection de titres. Le vainqueur de la Ligue des Champions a battu le club br\u00e9silien du CR Flamengo 2-1 aux tirs au but en finale au Qatar. Apr\u00e8s 90 minutes et apr\u00e8s prolongation, le score \u00e9tait de 1-1.<\/p>\n<div id=\"attachment_432130\" class=\"wp-caption alignleft\" style=\"max-width: 300px\"><img fetchpriority=\"high\" decoding=\"async\" class=\"wp-image-432130 size-medium\" src=\"https:\/\/vieassociative.be\/actualites\/wp-content\/uploads\/2025\/12\/La-Coupe-Intercontinentale-revient-au-Paris-Saint-Germain-\u2013-victoire-aux.jpg\" alt=\"\" width=\"300\" height=\"200\"><\/div>\n<p>Le nouveau footballeur mondial Ousmane Demb\u00e9l\u00e9 est entr\u00e9 en jeu pour le PSG \u00e0 la 78e minute \u2013 et n&rsquo;a pas pass\u00e9 une bonne journ\u00e9e. La star offensive a rat\u00e9 une belle occasion de porter le score \u00e0 2-1 en prolongation et a tir\u00e9 le ballon au-dessus du but lors des tirs au but. Le PSG a quand m\u00eame gagn\u00e9 parce que le gardien Matwei Safonov a r\u00e9ussi \u00e0 arr\u00eater quatre des cinq penaltys.<\/p>\n<p>Le favori parisien a pris l&rsquo;avantage gr\u00e2ce \u00e0 un but de Chwitscha Kwarazchelia (38e minute). Mais Flamengo \u00e9galisait sur un penalty de Jorginho (62e).<\/p>\n<p>La Coupe Intercontinentale n&rsquo;a eu lieu sous ce nom que pour la deuxi\u00e8me fois et a remplac\u00e9 la pr\u00e9c\u00e9dente Coupe du Monde des Clubs annuelle. Cette comp\u00e9tition a eu lieu l&rsquo;\u00e9t\u00e9 dernier avec 32 \u00e9quipes et aura lieu \u00e0 l&rsquo;avenir tous les quatre ans.<\/p>\n<p>Flamengo a atteint la finale samedi avec une victoire contre le Pyramids FC d&rsquo;\u00c9gypte. Le PSG \u00e9tait pr\u00eat pour la finale en tant que vainqueur de la Ligue des Champions. (dpa\/cr\u00e9)<\/p>\n","protected":false},"excerpt":{"rendered":"<p>Au Qatar, le Paris Saint-Germain, vainqueur de la Ligue des champions, a battu Flamengo en finale. Le gardien devient un h\u00e9ros. Les g\u00e9ants fran\u00e7ais du<\/p>\n","protected":false},"author":1,"featured_media":11891,"comment_status":"","ping_status":"","sticky":false,"template":"","format":"standard","meta":{"footnotes":""},"categories":[298],"tags":[289,796,2472,9583,9582,2447,4762,7124,5161,784],"class_list":["post-11890","post","type-post","status-publish","format-standard","has-post-thumbnail","hentry","category-belgique","tag-aux","tag-contre","tag-coupe","tag-flamengo","tag-intercontinentale","tag-paris","tag-revient","tag-saintgermain","tag-tirs","tag-victoire","generate-columns","tablet-grid-50","mobile-grid-100","grid-parent","grid-33"],"yoast_head":"<!-- This site is optimized with the Yoast SEO plugin v24.0 - https:\/\/yoast.com\/wordpress\/plugins\/seo\/ -->\n<title>La Coupe Intercontinentale revient au Paris Saint-Germain \u2013 victoire aux tirs au but contre Flamengo | Vie Associative<\/title>\n<meta name=\"robots\" content=\"index, follow, max-snippet:-1, max-image-preview:large, max-video-preview:-1\" \/>\n<link rel=\"canonical\" href=\"https:\/\/vieassociative.be\/actualites\/la-coupe-intercontinentale-revient-au-paris-saint-germain-victoire-aux-tirs-au-but-contre-flamengo\/\" \/>\n<meta property=\"og:locale\" content=\"fr_FR\" \/>\n<meta property=\"og:type\" content=\"article\" \/>\n<meta property=\"og:title\" content=\"La Coupe Intercontinentale revient au Paris Saint-Germain \u2013 victoire aux tirs au but contre Flamengo | Vie Associative\" \/>\n<meta property=\"og:description\" content=\"Au Qatar, le Paris Saint-Germain, vainqueur de la Ligue des champions, a battu Flamengo en finale. Le gardien devient un h\u00e9ros. Les g\u00e9ants fran\u00e7ais du\" \/>\n<meta property=\"og:url\" content=\"https:\/\/vieassociative.be\/actualites\/la-coupe-intercontinentale-revient-au-paris-saint-germain-victoire-aux-tirs-au-but-contre-flamengo\/\" \/>\n<meta property=\"og:site_name\" content=\"Vie Associative\" \/>\n<meta property=\"article:published_time\" content=\"2025-12-18T02:18:11+00:00\" \/>\n<meta property=\"og:image\" content=\"https:\/\/vieassociative.be\/actualites\/wp-content\/uploads\/2024\/09\/header_backgroundk-01-e1726694325946.png\" \/>\n\t<meta property=\"og:image:width\" content=\"279\" \/>\n\t<meta property=\"og:image:height\" content=\"92\" \/>\n\t<meta property=\"og:image:type\" content=\"image\/png\" \/>\n<meta name=\"author\" content=\"Julien\" \/>\n<meta name=\"twitter:card\" content=\"summary_large_image\" \/>\n<meta name=\"twitter:label1\" content=\"\u00c9crit par\" \/>\n\t<meta name=\"twitter:data1\" content=\"Julien\" \/>\n\t<meta name=\"twitter:label2\" content=\"Dur\u00e9e de lecture est.\" \/>\n\t<meta name=\"twitter:data2\" content=\"1 minute\" \/>\n<script type=\"application\/ld+json\" class=\"yoast-schema-graph\">{\"@context\":\"https:\/\/schema.org\",\"@graph\":[{\"@type\":\"Article\",\"@id\":\"https:\/\/vieassociative.be\/actualites\/la-coupe-intercontinentale-revient-au-paris-saint-germain-victoire-aux-tirs-au-but-contre-flamengo\/#article\",\"isPartOf\":{\"@id\":\"https:\/\/vieassociative.be\/actualites\/la-coupe-intercontinentale-revient-au-paris-saint-germain-victoire-aux-tirs-au-but-contre-flamengo\/\"},\"author\":{\"name\":\"Julien\",\"@id\":\"https:\/\/vieassociative.be\/actualites\/#\/schema\/person\/b87ac4f82f9d4e7b7cec7395b679edc4\"},\"headline\":\"La Coupe Intercontinentale revient au Paris Saint-Germain \u2013 victoire aux tirs au but contre Flamengo\",\"datePublished\":\"2025-12-18T02:18:11+00:00\",\"dateModified\":\"2025-12-18T02:18:11+00:00\",\"mainEntityOfPage\":{\"@id\":\"https:\/\/vieassociative.be\/actualites\/la-coupe-intercontinentale-revient-au-paris-saint-germain-victoire-aux-tirs-au-but-contre-flamengo\/\"},\"wordCount\":280,\"publisher\":{\"@id\":\"https:\/\/vieassociative.be\/actualites\/#organization\"},\"image\":{\"@id\":\"https:\/\/vieassociative.be\/actualites\/la-coupe-intercontinentale-revient-au-paris-saint-germain-victoire-aux-tirs-au-but-contre-flamengo\/#primaryimage\"},\"thumbnailUrl\":\"https:\/\/vieassociative.be\/actualites\/wp-content\/uploads\/2025\/12\/1766024291_La-Coupe-Intercontinentale-revient-au-Paris-Saint-Germain-\u2013-victoire-aux.jpg\",\"keywords\":[\"aux\",\"contre\",\"Coupe\",\"Flamengo\",\"Intercontinentale\",\"Paris\",\"revient\",\"SaintGermain\",\"tirs\",\"victoire\"],\"articleSection\":[\"Belgique\"],\"inLanguage\":\"fr-BE\"},{\"@type\":\"WebPage\",\"@id\":\"https:\/\/vieassociative.be\/actualites\/la-coupe-intercontinentale-revient-au-paris-saint-germain-victoire-aux-tirs-au-but-contre-flamengo\/\",\"url\":\"https:\/\/vieassociative.be\/actualites\/la-coupe-intercontinentale-revient-au-paris-saint-germain-victoire-aux-tirs-au-but-contre-flamengo\/\",\"name\":\"La Coupe Intercontinentale revient au Paris Saint-Germain \u2013 victoire aux tirs au but contre Flamengo | Vie Associative\",\"isPartOf\":{\"@id\":\"https:\/\/vieassociative.be\/actualites\/#website\"},\"primaryImageOfPage\":{\"@id\":\"https:\/\/vieassociative.be\/actualites\/la-coupe-intercontinentale-revient-au-paris-saint-germain-victoire-aux-tirs-au-but-contre-flamengo\/#primaryimage\"},\"image\":{\"@id\":\"https:\/\/vieassociative.be\/actualites\/la-coupe-intercontinentale-revient-au-paris-saint-germain-victoire-aux-tirs-au-but-contre-flamengo\/#primaryimage\"},\"thumbnailUrl\":\"https:\/\/vieassociative.be\/actualites\/wp-content\/uploads\/2025\/12\/1766024291_La-Coupe-Intercontinentale-revient-au-Paris-Saint-Germain-\u2013-victoire-aux.jpg\",\"datePublished\":\"2025-12-18T02:18:11+00:00\",\"dateModified\":\"2025-12-18T02:18:11+00:00\",\"breadcrumb\":{\"@id\":\"https:\/\/vieassociative.be\/actualites\/la-coupe-intercontinentale-revient-au-paris-saint-germain-victoire-aux-tirs-au-but-contre-flamengo\/#breadcrumb\"},\"inLanguage\":\"fr-BE\",\"potentialAction\":[{\"@type\":\"ReadAction\",\"target\":[\"https:\/\/vieassociative.be\/actualites\/la-coupe-intercontinentale-revient-au-paris-saint-germain-victoire-aux-tirs-au-but-contre-flamengo\/\"]}]},{\"@type\":\"ImageObject\",\"inLanguage\":\"fr-BE\",\"@id\":\"https:\/\/vieassociative.be\/actualites\/la-coupe-intercontinentale-revient-au-paris-saint-germain-victoire-aux-tirs-au-but-contre-flamengo\/#primaryimage\",\"url\":\"https:\/\/vieassociative.be\/actualites\/wp-content\/uploads\/2025\/12\/1766024291_La-Coupe-Intercontinentale-revient-au-Paris-Saint-Germain-\u2013-victoire-aux.jpg\",\"contentUrl\":\"https:\/\/vieassociative.be\/actualites\/wp-content\/uploads\/2025\/12\/1766024291_La-Coupe-Intercontinentale-revient-au-Paris-Saint-Germain-\u2013-victoire-aux.jpg\",\"width\":1200,\"height\":800,\"caption\":\"La Coupe Intercontinentale revient au Paris Saint-Germain \u2013 victoire aux tirs au but contre Flamengo\"},{\"@type\":\"BreadcrumbList\",\"@id\":\"https:\/\/vieassociative.be\/actualites\/la-coupe-intercontinentale-revient-au-paris-saint-germain-victoire-aux-tirs-au-but-contre-flamengo\/#breadcrumb\",\"itemListElement\":[{\"@type\":\"ListItem\",\"position\":1,\"name\":\"Accueil\",\"item\":\"https:\/\/vieassociative.be\/actualites\/\"},{\"@type\":\"ListItem\",\"position\":2,\"name\":\"La Coupe Intercontinentale revient au Paris Saint-Germain \u2013 victoire aux tirs au but contre Flamengo\"}]},{\"@type\":\"WebSite\",\"@id\":\"https:\/\/vieassociative.be\/actualites\/#website\",\"url\":\"https:\/\/vieassociative.be\/actualites\/\",\"name\":\"Vie Associative\",\"description\":\"\",\"publisher\":{\"@id\":\"https:\/\/vieassociative.be\/actualites\/#organization\"},\"potentialAction\":[{\"@type\":\"SearchAction\",\"target\":{\"@type\":\"EntryPoint\",\"urlTemplate\":\"https:\/\/vieassociative.be\/actualites\/?s={search_term_string}\"},\"query-input\":{\"@type\":\"PropertyValueSpecification\",\"valueRequired\":true,\"valueName\":\"search_term_string\"}}],\"inLanguage\":\"fr-BE\"},{\"@type\":\"Organization\",\"@id\":\"https:\/\/vieassociative.be\/actualites\/#organization\",\"name\":\"Vie Associative\",\"url\":\"https:\/\/vieassociative.be\/actualites\/\",\"logo\":{\"@type\":\"ImageObject\",\"inLanguage\":\"fr-BE\",\"@id\":\"https:\/\/vieassociative.be\/actualites\/#\/schema\/logo\/image\/\",\"url\":\"https:\/\/vieassociative.be\/actualites\/wp-content\/uploads\/2024\/09\/cropped-vieassociative_favicon.ico.png\",\"contentUrl\":\"https:\/\/vieassociative.be\/actualites\/wp-content\/uploads\/2024\/09\/cropped-vieassociative_favicon.ico.png\",\"width\":512,\"height\":512,\"caption\":\"Vie Associative\"},\"image\":{\"@id\":\"https:\/\/vieassociative.be\/actualites\/#\/schema\/logo\/image\/\"}},{\"@type\":\"Person\",\"@id\":\"https:\/\/vieassociative.be\/actualites\/#\/schema\/person\/b87ac4f82f9d4e7b7cec7395b679edc4\",\"name\":\"Julien\",\"image\":{\"@type\":\"ImageObject\",\"inLanguage\":\"fr-BE\",\"@id\":\"https:\/\/vieassociative.be\/actualites\/#\/schema\/person\/image\/\",\"url\":\"https:\/\/vieassociative.be\/actualites\/wp-content\/uploads\/2024\/09\/vie-associative-1-150x150.jpg\",\"contentUrl\":\"https:\/\/vieassociative.be\/actualites\/wp-content\/uploads\/2024\/09\/vie-associative-1-150x150.jpg\",\"caption\":\"Julien\"},\"description\":\"Je suis Julien, r\u00e9dacteur pour Vie Associative. Passionn\u00e9 par le monde associatif depuis plus de 10 ans, j'ai \u00e0 c\u0153ur de partager des histoires inspirantes et de mettre en lumi\u00e8re les initiatives locales. Mon objectif est de sensibiliser et d'encourager l'engagement communautaire \u00e0 travers mes articles.\",\"sameAs\":[\"https:\/\/vieassociative.be\/\"]}]}<\/script>\n<!-- \/ Yoast SEO plugin. -->","yoast_head_json":{"title":"La Coupe Intercontinentale revient au Paris Saint-Germain \u2013 victoire aux tirs au but contre Flamengo | Vie Associative","robots":{"index":"index","follow":"follow","max-snippet":"max-snippet:-1","max-image-preview":"max-image-preview:large","max-video-preview":"max-video-preview:-1"},"canonical":"https:\/\/vieassociative.be\/actualites\/la-coupe-intercontinentale-revient-au-paris-saint-germain-victoire-aux-tirs-au-but-contre-flamengo\/","og_locale":"fr_FR","og_type":"article","og_title":"La Coupe Intercontinentale revient au Paris Saint-Germain \u2013 victoire aux tirs au but contre Flamengo | Vie Associative","og_description":"Au Qatar, le Paris Saint-Germain, vainqueur de la Ligue des champions, a battu Flamengo en finale. Le gardien devient un h\u00e9ros. Les g\u00e9ants fran\u00e7ais du","og_url":"https:\/\/vieassociative.be\/actualites\/la-coupe-intercontinentale-revient-au-paris-saint-germain-victoire-aux-tirs-au-but-contre-flamengo\/","og_site_name":"Vie Associative","article_published_time":"2025-12-18T02:18:11+00:00","og_image":[{"width":279,"height":92,"url":"https:\/\/vieassociative.be\/actualites\/wp-content\/uploads\/2024\/09\/header_backgroundk-01-e1726694325946.png","type":"image\/png"}],"author":"Julien","twitter_card":"summary_large_image","twitter_misc":{"\u00c9crit par":"Julien","Dur\u00e9e de lecture est.":"1 minute"},"schema":{"@context":"https:\/\/schema.org","@graph":[{"@type":"Article","@id":"https:\/\/vieassociative.be\/actualites\/la-coupe-intercontinentale-revient-au-paris-saint-germain-victoire-aux-tirs-au-but-contre-flamengo\/#article","isPartOf":{"@id":"https:\/\/vieassociative.be\/actualites\/la-coupe-intercontinentale-revient-au-paris-saint-germain-victoire-aux-tirs-au-but-contre-flamengo\/"},"author":{"name":"Julien","@id":"https:\/\/vieassociative.be\/actualites\/#\/schema\/person\/b87ac4f82f9d4e7b7cec7395b679edc4"},"headline":"La Coupe Intercontinentale revient au Paris Saint-Germain \u2013 victoire aux tirs au but contre Flamengo","datePublished":"2025-12-18T02:18:11+00:00","dateModified":"2025-12-18T02:18:11+00:00","mainEntityOfPage":{"@id":"https:\/\/vieassociative.be\/actualites\/la-coupe-intercontinentale-revient-au-paris-saint-germain-victoire-aux-tirs-au-but-contre-flamengo\/"},"wordCount":280,"publisher":{"@id":"https:\/\/vieassociative.be\/actualites\/#organization"},"image":{"@id":"https:\/\/vieassociative.be\/actualites\/la-coupe-intercontinentale-revient-au-paris-saint-germain-victoire-aux-tirs-au-but-contre-flamengo\/#primaryimage"},"thumbnailUrl":"https:\/\/vieassociative.be\/actualites\/wp-content\/uploads\/2025\/12\/1766024291_La-Coupe-Intercontinentale-revient-au-Paris-Saint-Germain-\u2013-victoire-aux.jpg","keywords":["aux","contre","Coupe","Flamengo","Intercontinentale","Paris","revient","SaintGermain","tirs","victoire"],"articleSection":["Belgique"],"inLanguage":"fr-BE"},{"@type":"WebPage","@id":"https:\/\/vieassociative.be\/actualites\/la-coupe-intercontinentale-revient-au-paris-saint-germain-victoire-aux-tirs-au-but-contre-flamengo\/","url":"https:\/\/vieassociative.be\/actualites\/la-coupe-intercontinentale-revient-au-paris-saint-germain-victoire-aux-tirs-au-but-contre-flamengo\/","name":"La Coupe Intercontinentale revient au Paris Saint-Germain \u2013 victoire aux tirs au but contre Flamengo | Vie Associative","isPartOf":{"@id":"https:\/\/vieassociative.be\/actualites\/#website"},"primaryImageOfPage":{"@id":"https:\/\/vieassociative.be\/actualites\/la-coupe-intercontinentale-revient-au-paris-saint-germain-victoire-aux-tirs-au-but-contre-flamengo\/#primaryimage"},"image":{"@id":"https:\/\/vieassociative.be\/actualites\/la-coupe-intercontinentale-revient-au-paris-saint-germain-victoire-aux-tirs-au-but-contre-flamengo\/#primaryimage"},"thumbnailUrl":"https:\/\/vieassociative.be\/actualites\/wp-content\/uploads\/2025\/12\/1766024291_La-Coupe-Intercontinentale-revient-au-Paris-Saint-Germain-\u2013-victoire-aux.jpg","datePublished":"2025-12-18T02:18:11+00:00","dateModified":"2025-12-18T02:18:11+00:00","breadcrumb":{"@id":"https:\/\/vieassociative.be\/actualites\/la-coupe-intercontinentale-revient-au-paris-saint-germain-victoire-aux-tirs-au-but-contre-flamengo\/#breadcrumb"},"inLanguage":"fr-BE","potentialAction":[{"@type":"ReadAction","target":["https:\/\/vieassociative.be\/actualites\/la-coupe-intercontinentale-revient-au-paris-saint-germain-victoire-aux-tirs-au-but-contre-flamengo\/"]}]},{"@type":"ImageObject","inLanguage":"fr-BE","@id":"https:\/\/vieassociative.be\/actualites\/la-coupe-intercontinentale-revient-au-paris-saint-germain-victoire-aux-tirs-au-but-contre-flamengo\/#primaryimage","url":"https:\/\/vieassociative.be\/actualites\/wp-content\/uploads\/2025\/12\/1766024291_La-Coupe-Intercontinentale-revient-au-Paris-Saint-Germain-\u2013-victoire-aux.jpg","contentUrl":"https:\/\/vieassociative.be\/actualites\/wp-content\/uploads\/2025\/12\/1766024291_La-Coupe-Intercontinentale-revient-au-Paris-Saint-Germain-\u2013-victoire-aux.jpg","width":1200,"height":800,"caption":"La Coupe Intercontinentale revient au Paris Saint-Germain \u2013 victoire aux tirs au but contre Flamengo"},{"@type":"BreadcrumbList","@id":"https:\/\/vieassociative.be\/actualites\/la-coupe-intercontinentale-revient-au-paris-saint-germain-victoire-aux-tirs-au-but-contre-flamengo\/#breadcrumb","itemListElement":[{"@type":"ListItem","position":1,"name":"Accueil","item":"https:\/\/vieassociative.be\/actualites\/"},{"@type":"ListItem","position":2,"name":"La Coupe Intercontinentale revient au Paris Saint-Germain \u2013 victoire aux tirs au but contre Flamengo"}]},{"@type":"WebSite","@id":"https:\/\/vieassociative.be\/actualites\/#website","url":"https:\/\/vieassociative.be\/actualites\/","name":"Vie Associative","description":"","publisher":{"@id":"https:\/\/vieassociative.be\/actualites\/#organization"},"potentialAction":[{"@type":"SearchAction","target":{"@type":"EntryPoint","urlTemplate":"https:\/\/vieassociative.be\/actualites\/?s={search_term_string}"},"query-input":{"@type":"PropertyValueSpecification","valueRequired":true,"valueName":"search_term_string"}}],"inLanguage":"fr-BE"},{"@type":"Organization","@id":"https:\/\/vieassociative.be\/actualites\/#organization","name":"Vie Associative","url":"https:\/\/vieassociative.be\/actualites\/","logo":{"@type":"ImageObject","inLanguage":"fr-BE","@id":"https:\/\/vieassociative.be\/actualites\/#\/schema\/logo\/image\/","url":"https:\/\/vieassociative.be\/actualites\/wp-content\/uploads\/2024\/09\/cropped-vieassociative_favicon.ico.png","contentUrl":"https:\/\/vieassociative.be\/actualites\/wp-content\/uploads\/2024\/09\/cropped-vieassociative_favicon.ico.png","width":512,"height":512,"caption":"Vie Associative"},"image":{"@id":"https:\/\/vieassociative.be\/actualites\/#\/schema\/logo\/image\/"}},{"@type":"Person","@id":"https:\/\/vieassociative.be\/actualites\/#\/schema\/person\/b87ac4f82f9d4e7b7cec7395b679edc4","name":"Julien","image":{"@type":"ImageObject","inLanguage":"fr-BE","@id":"https:\/\/vieassociative.be\/actualites\/#\/schema\/person\/image\/","url":"https:\/\/vieassociative.be\/actualites\/wp-content\/uploads\/2024\/09\/vie-associative-1-150x150.jpg","contentUrl":"https:\/\/vieassociative.be\/actualites\/wp-content\/uploads\/2024\/09\/vie-associative-1-150x150.jpg","caption":"Julien"},"description":"Je suis Julien, r\u00e9dacteur pour Vie Associative. Passionn\u00e9 par le monde associatif depuis plus de 10 ans, j'ai \u00e0 c\u0153ur de partager des histoires inspirantes et de mettre en lumi\u00e8re les initiatives locales. Mon objectif est de sensibiliser et d'encourager l'engagement communautaire \u00e0 travers mes articles.","sameAs":["https:\/\/vieassociative.be\/"]}]}},"_links":{"self":[{"href":"https:\/\/vieassociative.be\/actualites\/wp-json\/wp\/v2\/posts\/11890"}],"collection":[{"href":"https:\/\/vieassociative.be\/actualites\/wp-json\/wp\/v2\/posts"}],"about":[{"href":"https:\/\/vieassociative.be\/actualites\/wp-json\/wp\/v2\/types\/post"}],"author":[{"embeddable":true,"href":"https:\/\/vieassociative.be\/actualites\/wp-json\/wp\/v2\/users\/1"}],"replies":[{"embeddable":true,"href":"https:\/\/vieassociative.be\/actualites\/wp-json\/wp\/v2\/comments?post=11890"}],"version-history":[{"count":0,"href":"https:\/\/vieassociative.be\/actualites\/wp-json\/wp\/v2\/posts\/11890\/revisions"}],"wp:featuredmedia":[{"embeddable":true,"href":"https:\/\/vieassociative.be\/actualites\/wp-json\/wp\/v2\/media\/11891"}],"wp:attachment":[{"href":"https:\/\/vieassociative.be\/actualites\/wp-json\/wp\/v2\/media?parent=11890"}],"wp:term":[{"taxonomy":"category","embeddable":true,"href":"https:\/\/vieassociative.be\/actualites\/wp-json\/wp\/v2\/categories?post=11890"},{"taxonomy":"post_tag","embeddable":true,"href":"https:\/\/vieassociative.be\/actualites\/wp-json\/wp\/v2\/tags?post=11890"}],"curies":[{"name":"wp","href":"https:\/\/api.w.org\/{rel}","templated":true}]}}