{"id":11886,"date":"2025-12-17T20:17:14","date_gmt":"2025-12-17T19:17:14","guid":{"rendered":"https:\/\/vieassociative.be\/actualites\/apple-vient-de-changer-la-facon-dont-vous-airdrop-avec-des-inconnus\/"},"modified":"2025-12-17T20:17:14","modified_gmt":"2025-12-17T19:17:14","slug":"apple-vient-de-changer-la-facon-dont-vous-airdrop-avec-des-inconnus","status":"publish","type":"post","link":"https:\/\/vieassociative.be\/actualites\/apple-vient-de-changer-la-facon-dont-vous-airdrop-avec-des-inconnus\/","title":{"rendered":"Apple vient de changer la fa\u00e7on dont vous AirDrop avec des inconnus"},"content":{"rendered":"<p>AirDrop est l&rsquo;une des meilleures fonctionnalit\u00e9s d&rsquo;Apple. Je l&rsquo;utilise quotidiennement pour partager des fichiers entre mes diff\u00e9rents appareils Apple, mais il brille vraiment lorsque je partage des contenus avec d&rsquo;autres personnes, ou vice versa. Il peut \u00eatre difficile de trouver une solution rapide pour envoyer des fichiers plus volumineux. Les e-mails ont une limite de taille de fichier trop basse, les applications de chat peuvent compresser les fichiers et le stockage cloud peut se remplir rapidement, mais AirDrop est simple, int\u00e9gr\u00e9 et fiable. Il fonctionne m\u00eame d\u00e9sormais avec Android, mais uniquement avec le Pixel 10.<\/p>\n<p>Si AirDrop a un d\u00e9faut, c&rsquo;est qu&rsquo;il n&rsquo;est pas particuli\u00e8rement simple \u00e0 utiliser avec des inconnus. Apple a chang\u00e9 le fonctionnement de ce c\u00f4t\u00e9 d&rsquo;AirDrop au fil des ans. Pendant tr\u00e8s longtemps, vous disposiez de deux param\u00e8tres AirDrop\u00a0: \u00ab\u00a0Contacts uniquement\u00a0\u00bb, qui permet uniquement \u00e0 vos contacts enregistr\u00e9s de trouver votre appareil pour les fichiers AirDropping, et \u00ab\u00a0Tout le monde\u00a0\u00bb, qui laisse votre AirDrop ouvert \u00e0 toute personne poss\u00e9dant un iPhone pour vous envoyer des \u00e9l\u00e9ments. C&rsquo;\u00e9tait pratique lorsque vous deviez partager des fichiers avec des inconnus, mais peu pratique si vous le laissiez allum\u00e9 : toute personne poss\u00e9dant un iPhone pouvait voir votre iPhone et vous envoyer des messages. <em>rien<\/em>\u2013 comme, disons, une alerte \u00e0 la bombe dans un avion. Pas bon. <\/p>\n<p>Ensuite, Apple a modifi\u00e9 cette derni\u00e8re fonctionnalit\u00e9 en \u00ab Tout le monde pendant 10 minutes \u00bb. Depuis, si vous souhaitez ouvrir votre AirDrop \u00e0 des personnes ext\u00e9rieures \u00e0 vos contacts, vous devez activer manuellement cette bascule, qui ne restera ouverte que pendant 10 minutes. Apr\u00e8s cela, il revient \u00e0 \u00ab\u00a0Contacts uniquement\u00a0\u00bb. C&rsquo;est une am\u00e9lioration en termes de s\u00e9curit\u00e9, mais pas en termes de commodit\u00e9. Si jamais vous \u00eates dans une situation o\u00f9 vous devez envoyer quelque chose \u00e0 quelqu&rsquo;un par AirDrop assez fr\u00e9quemment mais que vous ne souhaitez pas ajouter son contact \u00e0 votre iPhone, vous reviendrez \u00e0 \u00ab Tout le monde pendant 10 minutes \u00bb toutes les 10 minutes. <\/p>\n<p>iOS 26.2, la derni\u00e8re mise \u00e0 jour iPhone d&rsquo;Apple au moment d&rsquo;\u00e9crire ces lignes, introduit une solution : les codes AirDrop. Cette fonctionnalit\u00e9 oblige toute personne non enregistr\u00e9e dans vos contacts et souhaitant partager quelque chose avec vous via AirDrop \u00e0 demander d&rsquo;abord un code \u00e0 usage unique. Une fois que vous partagez ce code, cet utilisateur est temporairement enregistr\u00e9 sur votre iPhone pendant 30 jours, vous permettant d&rsquo;AirDrop \u00e0 plusieurs reprises sans probl\u00e8me. Une fois ces 30 jours \u00e9coul\u00e9s, l&rsquo;utilisateur quitte votre iPhone et vous n&rsquo;avez pas \u00e0 vous soucier de supprimer votre application Contacts sur toute la ligne. (Cette m\u00eame fonctionnalit\u00e9 s&rsquo;applique \u00e9galement \u00e0 AirDrop sur iPadOS 26.2 et macOS 26.2.)<\/p>\n<h2 id=\"how-to-airdrop-with-strangers-using-airdrop-codes\">Comment AirDrop avec des inconnus en utilisant les codes AirDrop<\/h2>\n<p>Voici comment cette nouvelle exp\u00e9rience AirDrop fonctionnera d\u00e9sormais avec des inconnus. Disons que vous \u00eates \u00e0 une conf\u00e9rence et que vous rencontrez quelqu&rsquo;un qui souhaite vous envoyer des documents pertinents via AirDrop. Vous d\u00e9finissez vos param\u00e8tres AirDrop sur \u00ab Tout le monde pendant 10 minutes \u00bb, ils voient votre contact et tentent de vous envoyer le fichier. <\/p>\n<p>De votre c\u00f4t\u00e9, vous voyez la demande, avec une option \u00ab\u00a0Continuer\u00a0\u00bb\u00a0: une fois que vous avez appuy\u00e9 dessus, vous verrez le code AirDrop sur votre iPhone, iPad ou Mac. Vous pouvez communiquer le code \u00e0 l&rsquo;exp\u00e9diteur, qui peut le saisir sur son appareil. En cas de succ\u00e8s, le fichier sera partag\u00e9 comme toute autre interaction AirDrop. <\/p>\n<p>Comme indiqu\u00e9 ci-dessus, cela vous permet d&rsquo;AirDrop avec ce contact pendant 30 jours sans avoir \u00e0 vous soucier d&rsquo;un autre code AirDrop. Mais si vous avez d\u00e9finitivement fini de partager avec l\u2019\u00e9tranger, vous pouvez supprimer son contact temporaire plus t\u00f4t. Dirigez-vous vers l&rsquo;application Contacts, appuyez sur le bouton Retour en haut \u00e0 gauche, le cas \u00e9ch\u00e9ant, pour acc\u00e9der \u00e0 <strong>Listes<\/strong>puis choisissez <strong>Autre connu<\/strong>. Ici, vous verrez tous les contacts temporaires g\u00e9n\u00e9r\u00e9s \u00e0 partir des sessions AirDrop pr\u00e9c\u00e9dentes, que vous pouvez supprimer avant ce d\u00e9lai de 30 jours. Sinon, votre appareil s\u2019en chargera une fois ce d\u00e9lai \u00e9coul\u00e9. <\/p>\n","protected":false},"excerpt":{"rendered":"<p>AirDrop est l&rsquo;une des meilleures fonctionnalit\u00e9s d&rsquo;Apple. Je l&rsquo;utilise quotidiennement pour partager des fichiers entre mes diff\u00e9rents appareils Apple, mais il brille vraiment lorsque je<\/p>\n","protected":false},"author":1,"featured_media":11887,"comment_status":"","ping_status":"","sticky":false,"template":"","format":"standard","meta":{"footnotes":""},"categories":[1],"tags":[4122,54,61,1360,29,257,531,9578,1213,4],"class_list":["post-11886","post","type-post","status-publish","format-standard","has-post-thumbnail","hentry","category-non-classe","tag-airdrop","tag-apple","tag-avec","tag-changer","tag-des","tag-dont","tag-facon","tag-inconnus","tag-vient","tag-vous","generate-columns","tablet-grid-50","mobile-grid-100","grid-parent","grid-33"],"yoast_head":"<!-- This site is optimized with the Yoast SEO plugin v24.0 - https:\/\/yoast.com\/wordpress\/plugins\/seo\/ -->\n<title>Apple vient de changer la fa\u00e7on dont vous AirDrop avec des inconnus | Vie Associative<\/title>\n<meta name=\"robots\" content=\"index, follow, max-snippet:-1, max-image-preview:large, max-video-preview:-1\" \/>\n<link rel=\"canonical\" href=\"https:\/\/vieassociative.be\/actualites\/apple-vient-de-changer-la-facon-dont-vous-airdrop-avec-des-inconnus\/\" \/>\n<meta property=\"og:locale\" content=\"fr_FR\" \/>\n<meta property=\"og:type\" content=\"article\" \/>\n<meta property=\"og:title\" content=\"Apple vient de changer la fa\u00e7on dont vous AirDrop avec des inconnus | Vie Associative\" \/>\n<meta property=\"og:description\" content=\"AirDrop est l&rsquo;une des meilleures fonctionnalit\u00e9s d&rsquo;Apple. Je l&rsquo;utilise quotidiennement pour partager des fichiers entre mes diff\u00e9rents appareils Apple, mais il brille vraiment lorsque je\" \/>\n<meta property=\"og:url\" content=\"https:\/\/vieassociative.be\/actualites\/apple-vient-de-changer-la-facon-dont-vous-airdrop-avec-des-inconnus\/\" \/>\n<meta property=\"og:site_name\" content=\"Vie Associative\" \/>\n<meta property=\"article:published_time\" content=\"2025-12-17T19:17:14+00:00\" \/>\n<meta property=\"og:image\" content=\"https:\/\/vieassociative.be\/actualites\/wp-content\/uploads\/2024\/09\/header_backgroundk-01-e1726694325946.png\" \/>\n\t<meta property=\"og:image:width\" content=\"279\" \/>\n\t<meta property=\"og:image:height\" content=\"92\" \/>\n\t<meta property=\"og:image:type\" content=\"image\/png\" \/>\n<meta name=\"author\" content=\"Julien\" \/>\n<meta name=\"twitter:card\" content=\"summary_large_image\" \/>\n<meta name=\"twitter:label1\" content=\"\u00c9crit par\" \/>\n\t<meta name=\"twitter:data1\" content=\"Julien\" \/>\n\t<meta name=\"twitter:label2\" content=\"Dur\u00e9e de lecture est.\" \/>\n\t<meta name=\"twitter:data2\" content=\"3 minutes\" \/>\n<script type=\"application\/ld+json\" class=\"yoast-schema-graph\">{\"@context\":\"https:\/\/schema.org\",\"@graph\":[{\"@type\":\"Article\",\"@id\":\"https:\/\/vieassociative.be\/actualites\/apple-vient-de-changer-la-facon-dont-vous-airdrop-avec-des-inconnus\/#article\",\"isPartOf\":{\"@id\":\"https:\/\/vieassociative.be\/actualites\/apple-vient-de-changer-la-facon-dont-vous-airdrop-avec-des-inconnus\/\"},\"author\":{\"name\":\"Julien\",\"@id\":\"https:\/\/vieassociative.be\/actualites\/#\/schema\/person\/b87ac4f82f9d4e7b7cec7395b679edc4\"},\"headline\":\"Apple vient de changer la fa\u00e7on dont vous AirDrop avec des inconnus\",\"datePublished\":\"2025-12-17T19:17:14+00:00\",\"dateModified\":\"2025-12-17T19:17:14+00:00\",\"mainEntityOfPage\":{\"@id\":\"https:\/\/vieassociative.be\/actualites\/apple-vient-de-changer-la-facon-dont-vous-airdrop-avec-des-inconnus\/\"},\"wordCount\":699,\"publisher\":{\"@id\":\"https:\/\/vieassociative.be\/actualites\/#organization\"},\"image\":{\"@id\":\"https:\/\/vieassociative.be\/actualites\/apple-vient-de-changer-la-facon-dont-vous-airdrop-avec-des-inconnus\/#primaryimage\"},\"thumbnailUrl\":\"https:\/\/vieassociative.be\/actualites\/wp-content\/uploads\/2025\/12\/Apple-vient-de-changer-la-facon-dont-vous-AirDrop-avec.jpg\",\"keywords\":[\"AirDrop\",\"Apple\",\"avec\",\"changer\",\"Des\",\"dont\",\"fa\u00e7on\",\"inconnus\",\"vient\",\"Vous\"],\"inLanguage\":\"fr-BE\"},{\"@type\":\"WebPage\",\"@id\":\"https:\/\/vieassociative.be\/actualites\/apple-vient-de-changer-la-facon-dont-vous-airdrop-avec-des-inconnus\/\",\"url\":\"https:\/\/vieassociative.be\/actualites\/apple-vient-de-changer-la-facon-dont-vous-airdrop-avec-des-inconnus\/\",\"name\":\"Apple vient de changer la fa\u00e7on dont vous AirDrop avec des inconnus | Vie Associative\",\"isPartOf\":{\"@id\":\"https:\/\/vieassociative.be\/actualites\/#website\"},\"primaryImageOfPage\":{\"@id\":\"https:\/\/vieassociative.be\/actualites\/apple-vient-de-changer-la-facon-dont-vous-airdrop-avec-des-inconnus\/#primaryimage\"},\"image\":{\"@id\":\"https:\/\/vieassociative.be\/actualites\/apple-vient-de-changer-la-facon-dont-vous-airdrop-avec-des-inconnus\/#primaryimage\"},\"thumbnailUrl\":\"https:\/\/vieassociative.be\/actualites\/wp-content\/uploads\/2025\/12\/Apple-vient-de-changer-la-facon-dont-vous-AirDrop-avec.jpg\",\"datePublished\":\"2025-12-17T19:17:14+00:00\",\"dateModified\":\"2025-12-17T19:17:14+00:00\",\"breadcrumb\":{\"@id\":\"https:\/\/vieassociative.be\/actualites\/apple-vient-de-changer-la-facon-dont-vous-airdrop-avec-des-inconnus\/#breadcrumb\"},\"inLanguage\":\"fr-BE\",\"potentialAction\":[{\"@type\":\"ReadAction\",\"target\":[\"https:\/\/vieassociative.be\/actualites\/apple-vient-de-changer-la-facon-dont-vous-airdrop-avec-des-inconnus\/\"]}]},{\"@type\":\"ImageObject\",\"inLanguage\":\"fr-BE\",\"@id\":\"https:\/\/vieassociative.be\/actualites\/apple-vient-de-changer-la-facon-dont-vous-airdrop-avec-des-inconnus\/#primaryimage\",\"url\":\"https:\/\/vieassociative.be\/actualites\/wp-content\/uploads\/2025\/12\/Apple-vient-de-changer-la-facon-dont-vous-AirDrop-avec.jpg\",\"contentUrl\":\"https:\/\/vieassociative.be\/actualites\/wp-content\/uploads\/2025\/12\/Apple-vient-de-changer-la-facon-dont-vous-AirDrop-avec.jpg\",\"width\":1200,\"height\":675,\"caption\":\"Apple vient de changer la fa\u00e7on dont vous AirDrop avec des inconnus\"},{\"@type\":\"BreadcrumbList\",\"@id\":\"https:\/\/vieassociative.be\/actualites\/apple-vient-de-changer-la-facon-dont-vous-airdrop-avec-des-inconnus\/#breadcrumb\",\"itemListElement\":[{\"@type\":\"ListItem\",\"position\":1,\"name\":\"Accueil\",\"item\":\"https:\/\/vieassociative.be\/actualites\/\"},{\"@type\":\"ListItem\",\"position\":2,\"name\":\"Apple vient de changer la fa\u00e7on dont vous AirDrop avec des inconnus\"}]},{\"@type\":\"WebSite\",\"@id\":\"https:\/\/vieassociative.be\/actualites\/#website\",\"url\":\"https:\/\/vieassociative.be\/actualites\/\",\"name\":\"Vie Associative\",\"description\":\"\",\"publisher\":{\"@id\":\"https:\/\/vieassociative.be\/actualites\/#organization\"},\"potentialAction\":[{\"@type\":\"SearchAction\",\"target\":{\"@type\":\"EntryPoint\",\"urlTemplate\":\"https:\/\/vieassociative.be\/actualites\/?s={search_term_string}\"},\"query-input\":{\"@type\":\"PropertyValueSpecification\",\"valueRequired\":true,\"valueName\":\"search_term_string\"}}],\"inLanguage\":\"fr-BE\"},{\"@type\":\"Organization\",\"@id\":\"https:\/\/vieassociative.be\/actualites\/#organization\",\"name\":\"Vie Associative\",\"url\":\"https:\/\/vieassociative.be\/actualites\/\",\"logo\":{\"@type\":\"ImageObject\",\"inLanguage\":\"fr-BE\",\"@id\":\"https:\/\/vieassociative.be\/actualites\/#\/schema\/logo\/image\/\",\"url\":\"https:\/\/vieassociative.be\/actualites\/wp-content\/uploads\/2024\/09\/cropped-vieassociative_favicon.ico.png\",\"contentUrl\":\"https:\/\/vieassociative.be\/actualites\/wp-content\/uploads\/2024\/09\/cropped-vieassociative_favicon.ico.png\",\"width\":512,\"height\":512,\"caption\":\"Vie Associative\"},\"image\":{\"@id\":\"https:\/\/vieassociative.be\/actualites\/#\/schema\/logo\/image\/\"}},{\"@type\":\"Person\",\"@id\":\"https:\/\/vieassociative.be\/actualites\/#\/schema\/person\/b87ac4f82f9d4e7b7cec7395b679edc4\",\"name\":\"Julien\",\"image\":{\"@type\":\"ImageObject\",\"inLanguage\":\"fr-BE\",\"@id\":\"https:\/\/vieassociative.be\/actualites\/#\/schema\/person\/image\/\",\"url\":\"https:\/\/vieassociative.be\/actualites\/wp-content\/uploads\/2024\/09\/vie-associative-1-150x150.jpg\",\"contentUrl\":\"https:\/\/vieassociative.be\/actualites\/wp-content\/uploads\/2024\/09\/vie-associative-1-150x150.jpg\",\"caption\":\"Julien\"},\"description\":\"Je suis Julien, r\u00e9dacteur pour Vie Associative. Passionn\u00e9 par le monde associatif depuis plus de 10 ans, j'ai \u00e0 c\u0153ur de partager des histoires inspirantes et de mettre en lumi\u00e8re les initiatives locales. Mon objectif est de sensibiliser et d'encourager l'engagement communautaire \u00e0 travers mes articles.\",\"sameAs\":[\"https:\/\/vieassociative.be\/\"]}]}<\/script>\n<!-- \/ Yoast SEO plugin. -->","yoast_head_json":{"title":"Apple vient de changer la fa\u00e7on dont vous AirDrop avec des inconnus | Vie Associative","robots":{"index":"index","follow":"follow","max-snippet":"max-snippet:-1","max-image-preview":"max-image-preview:large","max-video-preview":"max-video-preview:-1"},"canonical":"https:\/\/vieassociative.be\/actualites\/apple-vient-de-changer-la-facon-dont-vous-airdrop-avec-des-inconnus\/","og_locale":"fr_FR","og_type":"article","og_title":"Apple vient de changer la fa\u00e7on dont vous AirDrop avec des inconnus | Vie Associative","og_description":"AirDrop est l&rsquo;une des meilleures fonctionnalit\u00e9s d&rsquo;Apple. Je l&rsquo;utilise quotidiennement pour partager des fichiers entre mes diff\u00e9rents appareils Apple, mais il brille vraiment lorsque je","og_url":"https:\/\/vieassociative.be\/actualites\/apple-vient-de-changer-la-facon-dont-vous-airdrop-avec-des-inconnus\/","og_site_name":"Vie Associative","article_published_time":"2025-12-17T19:17:14+00:00","og_image":[{"width":279,"height":92,"url":"https:\/\/vieassociative.be\/actualites\/wp-content\/uploads\/2024\/09\/header_backgroundk-01-e1726694325946.png","type":"image\/png"}],"author":"Julien","twitter_card":"summary_large_image","twitter_misc":{"\u00c9crit par":"Julien","Dur\u00e9e de lecture est.":"3 minutes"},"schema":{"@context":"https:\/\/schema.org","@graph":[{"@type":"Article","@id":"https:\/\/vieassociative.be\/actualites\/apple-vient-de-changer-la-facon-dont-vous-airdrop-avec-des-inconnus\/#article","isPartOf":{"@id":"https:\/\/vieassociative.be\/actualites\/apple-vient-de-changer-la-facon-dont-vous-airdrop-avec-des-inconnus\/"},"author":{"name":"Julien","@id":"https:\/\/vieassociative.be\/actualites\/#\/schema\/person\/b87ac4f82f9d4e7b7cec7395b679edc4"},"headline":"Apple vient de changer la fa\u00e7on dont vous AirDrop avec des inconnus","datePublished":"2025-12-17T19:17:14+00:00","dateModified":"2025-12-17T19:17:14+00:00","mainEntityOfPage":{"@id":"https:\/\/vieassociative.be\/actualites\/apple-vient-de-changer-la-facon-dont-vous-airdrop-avec-des-inconnus\/"},"wordCount":699,"publisher":{"@id":"https:\/\/vieassociative.be\/actualites\/#organization"},"image":{"@id":"https:\/\/vieassociative.be\/actualites\/apple-vient-de-changer-la-facon-dont-vous-airdrop-avec-des-inconnus\/#primaryimage"},"thumbnailUrl":"https:\/\/vieassociative.be\/actualites\/wp-content\/uploads\/2025\/12\/Apple-vient-de-changer-la-facon-dont-vous-AirDrop-avec.jpg","keywords":["AirDrop","Apple","avec","changer","Des","dont","fa\u00e7on","inconnus","vient","Vous"],"inLanguage":"fr-BE"},{"@type":"WebPage","@id":"https:\/\/vieassociative.be\/actualites\/apple-vient-de-changer-la-facon-dont-vous-airdrop-avec-des-inconnus\/","url":"https:\/\/vieassociative.be\/actualites\/apple-vient-de-changer-la-facon-dont-vous-airdrop-avec-des-inconnus\/","name":"Apple vient de changer la fa\u00e7on dont vous AirDrop avec des inconnus | Vie Associative","isPartOf":{"@id":"https:\/\/vieassociative.be\/actualites\/#website"},"primaryImageOfPage":{"@id":"https:\/\/vieassociative.be\/actualites\/apple-vient-de-changer-la-facon-dont-vous-airdrop-avec-des-inconnus\/#primaryimage"},"image":{"@id":"https:\/\/vieassociative.be\/actualites\/apple-vient-de-changer-la-facon-dont-vous-airdrop-avec-des-inconnus\/#primaryimage"},"thumbnailUrl":"https:\/\/vieassociative.be\/actualites\/wp-content\/uploads\/2025\/12\/Apple-vient-de-changer-la-facon-dont-vous-AirDrop-avec.jpg","datePublished":"2025-12-17T19:17:14+00:00","dateModified":"2025-12-17T19:17:14+00:00","breadcrumb":{"@id":"https:\/\/vieassociative.be\/actualites\/apple-vient-de-changer-la-facon-dont-vous-airdrop-avec-des-inconnus\/#breadcrumb"},"inLanguage":"fr-BE","potentialAction":[{"@type":"ReadAction","target":["https:\/\/vieassociative.be\/actualites\/apple-vient-de-changer-la-facon-dont-vous-airdrop-avec-des-inconnus\/"]}]},{"@type":"ImageObject","inLanguage":"fr-BE","@id":"https:\/\/vieassociative.be\/actualites\/apple-vient-de-changer-la-facon-dont-vous-airdrop-avec-des-inconnus\/#primaryimage","url":"https:\/\/vieassociative.be\/actualites\/wp-content\/uploads\/2025\/12\/Apple-vient-de-changer-la-facon-dont-vous-AirDrop-avec.jpg","contentUrl":"https:\/\/vieassociative.be\/actualites\/wp-content\/uploads\/2025\/12\/Apple-vient-de-changer-la-facon-dont-vous-AirDrop-avec.jpg","width":1200,"height":675,"caption":"Apple vient de changer la fa\u00e7on dont vous AirDrop avec des inconnus"},{"@type":"BreadcrumbList","@id":"https:\/\/vieassociative.be\/actualites\/apple-vient-de-changer-la-facon-dont-vous-airdrop-avec-des-inconnus\/#breadcrumb","itemListElement":[{"@type":"ListItem","position":1,"name":"Accueil","item":"https:\/\/vieassociative.be\/actualites\/"},{"@type":"ListItem","position":2,"name":"Apple vient de changer la fa\u00e7on dont vous AirDrop avec des inconnus"}]},{"@type":"WebSite","@id":"https:\/\/vieassociative.be\/actualites\/#website","url":"https:\/\/vieassociative.be\/actualites\/","name":"Vie Associative","description":"","publisher":{"@id":"https:\/\/vieassociative.be\/actualites\/#organization"},"potentialAction":[{"@type":"SearchAction","target":{"@type":"EntryPoint","urlTemplate":"https:\/\/vieassociative.be\/actualites\/?s={search_term_string}"},"query-input":{"@type":"PropertyValueSpecification","valueRequired":true,"valueName":"search_term_string"}}],"inLanguage":"fr-BE"},{"@type":"Organization","@id":"https:\/\/vieassociative.be\/actualites\/#organization","name":"Vie Associative","url":"https:\/\/vieassociative.be\/actualites\/","logo":{"@type":"ImageObject","inLanguage":"fr-BE","@id":"https:\/\/vieassociative.be\/actualites\/#\/schema\/logo\/image\/","url":"https:\/\/vieassociative.be\/actualites\/wp-content\/uploads\/2024\/09\/cropped-vieassociative_favicon.ico.png","contentUrl":"https:\/\/vieassociative.be\/actualites\/wp-content\/uploads\/2024\/09\/cropped-vieassociative_favicon.ico.png","width":512,"height":512,"caption":"Vie Associative"},"image":{"@id":"https:\/\/vieassociative.be\/actualites\/#\/schema\/logo\/image\/"}},{"@type":"Person","@id":"https:\/\/vieassociative.be\/actualites\/#\/schema\/person\/b87ac4f82f9d4e7b7cec7395b679edc4","name":"Julien","image":{"@type":"ImageObject","inLanguage":"fr-BE","@id":"https:\/\/vieassociative.be\/actualites\/#\/schema\/person\/image\/","url":"https:\/\/vieassociative.be\/actualites\/wp-content\/uploads\/2024\/09\/vie-associative-1-150x150.jpg","contentUrl":"https:\/\/vieassociative.be\/actualites\/wp-content\/uploads\/2024\/09\/vie-associative-1-150x150.jpg","caption":"Julien"},"description":"Je suis Julien, r\u00e9dacteur pour Vie Associative. Passionn\u00e9 par le monde associatif depuis plus de 10 ans, j'ai \u00e0 c\u0153ur de partager des histoires inspirantes et de mettre en lumi\u00e8re les initiatives locales. Mon objectif est de sensibiliser et d'encourager l'engagement communautaire \u00e0 travers mes articles.","sameAs":["https:\/\/vieassociative.be\/"]}]}},"_links":{"self":[{"href":"https:\/\/vieassociative.be\/actualites\/wp-json\/wp\/v2\/posts\/11886"}],"collection":[{"href":"https:\/\/vieassociative.be\/actualites\/wp-json\/wp\/v2\/posts"}],"about":[{"href":"https:\/\/vieassociative.be\/actualites\/wp-json\/wp\/v2\/types\/post"}],"author":[{"embeddable":true,"href":"https:\/\/vieassociative.be\/actualites\/wp-json\/wp\/v2\/users\/1"}],"replies":[{"embeddable":true,"href":"https:\/\/vieassociative.be\/actualites\/wp-json\/wp\/v2\/comments?post=11886"}],"version-history":[{"count":0,"href":"https:\/\/vieassociative.be\/actualites\/wp-json\/wp\/v2\/posts\/11886\/revisions"}],"wp:featuredmedia":[{"embeddable":true,"href":"https:\/\/vieassociative.be\/actualites\/wp-json\/wp\/v2\/media\/11887"}],"wp:attachment":[{"href":"https:\/\/vieassociative.be\/actualites\/wp-json\/wp\/v2\/media?parent=11886"}],"wp:term":[{"taxonomy":"category","embeddable":true,"href":"https:\/\/vieassociative.be\/actualites\/wp-json\/wp\/v2\/categories?post=11886"},{"taxonomy":"post_tag","embeddable":true,"href":"https:\/\/vieassociative.be\/actualites\/wp-json\/wp\/v2\/tags?post=11886"}],"curies":[{"name":"wp","href":"https:\/\/api.w.org\/{rel}","templated":true}]}}