{"id":11878,"date":"2025-12-17T08:17:56","date_gmt":"2025-12-17T07:17:56","guid":{"rendered":"https:\/\/vieassociative.be\/actualites\/cette-barre-de-son-samsung-tres-bien-notee-est-actuellement-a-plus-de-50-de-reduction\/"},"modified":"2025-12-17T08:17:56","modified_gmt":"2025-12-17T07:17:56","slug":"cette-barre-de-son-samsung-tres-bien-notee-est-actuellement-a-plus-de-50-de-reduction","status":"publish","type":"post","link":"https:\/\/vieassociative.be\/actualites\/cette-barre-de-son-samsung-tres-bien-notee-est-actuellement-a-plus-de-50-de-reduction\/","title":{"rendered":"Cette barre de son Samsung tr\u00e8s bien not\u00e9e est actuellement \u00e0 plus de 50\u00a0% de r\u00e9duction"},"content":{"rendered":"<p>Nous pouvons gagner une commission sur les liens sur cette page. Les prix et la disponibilit\u00e9 de l&rsquo;offre sont sujets \u00e0 changement apr\u00e8s la publication.<\/p>\n<p>Que vous recherchiez une exp\u00e9rience sonore plus immersive (et des dialogues plus clairs) pour rehausser les soir\u00e9es cin\u00e9ma et les \u00e9missions de t\u00e9l\u00e9vision, ou pour am\u00e9liorer votre exp\u00e9rience d&rsquo;\u00e9coute musicale, Samsung est largement connu pour ses barres de son tr\u00e8s appr\u00e9ci\u00e9es qui combinent une esth\u00e9tique \u00e9l\u00e9gante avec un design peu encombrant qui \u00e9vite l&rsquo;encombrement d&rsquo;un syst\u00e8me de cin\u00e9ma maison complet. \u00c0 l\u2019heure actuelle, une nouvelle barre de son Samsung Q990F est \u00e0 plus de 50 % de r\u00e9duction \u00e0 967,99 $ (\u00e0 l\u2019origine 1\u00a0997,99 $) sur Woot, ce qui en fait un moment particuli\u00e8rement propice pour investir.<\/p>\n<div class=\"pogoClear mb-12 mt-10 rounded-md border-2 border-gray-100 py-7 shadow-xl md:py-6\">\n<div class=\"flex flex-wrap justify-between px-7 text-black no-underline md:flex-nowrap md:px-8\">\n<div class=\"order-1 mx-auto flex flex-col justify-center md:order-2 md:ml-4 md:w-full md:grow\">\n<div class=\"block cursor-pointer text-center font-akshar text-2xl font-medium leading-7 text-brand-green duration-200 ease-in-out hover:text-brand-green-700 md:text-left md:text-xl md:leading-6\">Barre de son Samsung Q990F 11.1.4 canaux s\u00e9rie Q\n                <\/div>\n<div class=\"mt-4 hidden md:flex md:justify-between\">\n<div class=\"self-end\">\n<div class=\"mb-0 h-11 md:flex md:flex-col md:justify-center\">\n<div class=\" font-sans leading-4 text-black\">\n<div class=\"flex flex-wrap items-center justify-center gap-1 md:justify-start\">\n        <span class=\"font-bold\"><\/p>\n<p>            967,99 $ CA<br \/>\n                            <span class=\"font-medium\">chez Woot<\/span><br \/>\n                    <\/span>\n            <\/div>\n<div class=\"flex items-center justify-center gap-x-1 font-bold md:justify-start\">\n            <span class=\"text-sm line-through\">1 997,99 $CA<\/span><br \/>\n            <span class=\"text-sm text-brand-green\">\u00c9conomisez 1 030,00 $ CA<\/span>\n        <\/div>\n<\/p><\/div>\n<\/p><\/div>\n<\/p><\/div>\n<div class=\"w-44 self-end\">\n                            <button class=\"flex justify-center items-center w-full bg-brand-green text-white text-base font-sans font-medium rounded-md hover:bg-brand-green-700 hover:cursor-pointer md:text-sm h-11\"><\/p>\n<p>    Obtenez une offre<br \/>\n<\/button>\n                        <\/div>\n<\/p><\/div>\n<\/p><\/div>\n<div class=\"order-2 mt-5 h-auto w-full md:order-1 md:mt-0 md:hidden\">\n<div class=\"flex aspect-video items-center justify-center\">\n                                            <img decoding=\"async\" class=\"m-0 max-h-full max-w-full rounded-md\" src=\"https:\/\/vieassociative.be\/actualites\/wp-content\/uploads\/2025\/12\/Cette-barre-de-son-Samsung-tres-bien-notee-est-actuellement.png\" alt=\"Barre de son Samsung Q990F\" width=\"auto\" height=\"auto\" loading=\"lazy\">\n                                    <\/div>\n<\/p><\/div>\n<div class=\"order-2 ml-2 hidden w-32 shrink-0 items-center md:order-1 md:ml-0 md:flex\">\n<div class=\"flex aspect-video items-center justify-center\">\n                                            <img decoding=\"async\" class=\"m-0 max-h-full max-w-full rounded-md\" src=\"https:\/\/vieassociative.be\/actualites\/wp-content\/uploads\/2025\/12\/Cette-barre-de-son-Samsung-tres-bien-notee-est-actuellement.png\" alt=\"Barre de son Samsung Q990F\" width=\"auto\" height=\"auto\" loading=\"lazy\">\n                                    <\/div>\n<\/p><\/div>\n<div class=\"order-3 flex grow flex-wrap md:hidden md:grow-0\">\n<div class=\"mt-4 w-full\">\n                        <button class=\"flex justify-center items-center w-full bg-brand-green text-white text-base font-sans font-medium rounded-md hover:bg-brand-green-700 hover:cursor-pointer md:text-sm h-11\"><\/p>\n<p>    Obtenez une offre<br \/>\n<\/button>\n                    <\/div>\n<div class=\"mx-2 mt-4 w-full\">\n<div class=\" font-sans leading-4 text-black\">\n<div class=\"flex flex-wrap items-center justify-center gap-1 md:justify-start\">\n        <span class=\"font-bold\"><\/p>\n<p>            967,99 $ CA<br \/>\n                            <span class=\"font-medium\">chez Woot<\/span><br \/>\n                    <\/span>\n            <\/div>\n<div class=\"flex items-center justify-center gap-x-1 font-bold md:justify-start\">\n            <span class=\"text-sm line-through\">1 997,99 $ CA<\/span><br \/>\n            <span class=\"text-sm text-brand-green\">\u00c9conomisez 1 030,00 $ CA<\/span>\n        <\/div>\n<\/p><\/div>\n<\/p><\/div>\n<\/p><\/div>\n<\/p><\/div>\n<\/div>\n<p>PCMag donne \u00e0 cette barre de son des critiques \u00e9logieuses et un prix du choix des \u00e9diteurs, la qualifiant de \u00ab barre de son offrant le meilleur son que vous puissiez acheter \u00bb. Le Q990F est un syst\u00e8me surround haut de gamme en quatre parties comprenant une barre de son, un caisson de basses et une paire de haut-parleurs satellites arri\u00e8re. Par rapport \u00e0 son pr\u00e9d\u00e9cesseur, le HW-Q990D, ce mod\u00e8le dispose de 23 pilotes, d&rsquo;une compatibilit\u00e9 transparente avec d&rsquo;autres produits Samsung et de plusieurs connexions filaires et sans fil. Bien qu&rsquo;elle soit l\u00e9g\u00e8rement plus grande que les autres barres de son du march\u00e9, ses performances justifient sa taille suppl\u00e9mentaire.<\/p>\n<p>Son son, d\u00e9crit par PCMag comme \u00ab des graves profonds et des aigus nets et d\u00e9taill\u00e9s \u00bb, offre un son \u00e9poustouflant, tout comme la multitude de haut-parleurs et de gamme de fr\u00e9quences. Il offre les performances les plus proches d\u2019un syst\u00e8me de cin\u00e9ma maison \u00e0 son surround, mais il est beaucoup plus pratique, compact et abordable avec cette remise importante.<\/p>\n<p>Outre un c\u00e2ble HDMI et un c\u00e2ble d&rsquo;alimentation \u00e0 connecter \u00e0 chaque enceinte, il est \u00e9galement livr\u00e9 avec une petite t\u00e9l\u00e9commande simple et intuitive \u00e0 utiliser. La connectivit\u00e9 Bluetooth 5.3 et wifi lui permet de fonctionner avec Google Cast et Apple AirPlay 2, permettant un son multi-pi\u00e8ces, et il prend \u00e9galement en charge le streaming direct via Spotify Connect et Tidal Connect. L&rsquo;application compagnon dispose de commandes d&rsquo;\u00e9galisation r\u00e9glables et, m\u00eame si elle vous permet uniquement de modifier les basses et les aigus, vous pouvez contr\u00f4ler enti\u00e8rement le niveau de volume de chaque canal pour un r\u00e9glage plus pr\u00e9cis.<\/p>\n<p>Si vous recherchez un syst\u00e8me de son surround bas\u00e9 sur une barre de son qui offre l&rsquo;exp\u00e9rience d&rsquo;\u00e9coute la plus immersive avec le moins de composants possible, le<strong> <\/strong>La barre de son Samsung Q990F est dans une classe \u00e0 part et vaut bien la folie avec une r\u00e9duction de 1 030 $. Notez simplement que Woot exp\u00e9die uniquement vers les 48 \u00c9tats contigus des \u00c9tats-Unis. Si vous avez Amazon Prime, vous b\u00e9n\u00e9ficiez de la livraison gratuite ; sinon, l&rsquo;exp\u00e9dition co\u00fbtera 6\u00a0$.<\/p>\n<div class=\" relative flex justify-center py-16 md:left-1\/2 md:w-(780px) md:max-w-max md:-translate-x-1\/2\">\n<div class=\"w-max text-center sm:text-left\">\n<div class=\"custom-gradient-background mb-6 rounded-md p-(2px) sm:rounded-tl-none\">\n<div class=\"flex flex-col rounded bg-white sm:rounded-tl-none\">\n                    <span class=\"-mt-4 block w-fit max-w-(calc(100%-1rem)) self-center bg-white px-3 text-center font-akshar text-xl font-medium capitalize text-gray-800 sm:max-w-(calc(100%-2.5rem)) sm:self-start sm:px-10 sm:text-left sm:text-2xl\">Nos meilleures offres technologiques approuv\u00e9es par les \u00e9diteurs en ce moment<\/span><\/p>\n<div class=\"flex flex-col gap-3 p-3 pb-4 text-sm sm:p-10 sm:pt-6 sm:text-justify sm:text-base\">\n<div>\n<p>    \u00c9couteurs sans fil Apple AirPods Pro 3 \u00e0 r\u00e9duction de bruit et fr\u00e9quence cardiaque<\/p>\n<p>                                <span class=\"text-black\"><br \/>\n                                    \u2014<br \/>\n                                    <span class=\"font-bold\">209,99\u00a0$<\/span><br \/>\n                                    <span class=\"!text-xs italic sm:!text-sm\"><\/p>\n<p>                                        (Prix catalogue 249,00 $)<br \/>\n                                    <\/span><br \/>\n                                <\/span>\n                            <\/div>\n<div>\n<p>    Apple iPad 11&Prime; 128 Go A16 WiFi Tablette (Bleu, 2025)<\/p>\n<p>                                <span class=\"text-black\"><br \/>\n                                    \u2014<br \/>\n                                    <span class=\"font-bold\">299,00\u00a0$<\/span><br \/>\n                                    <span class=\"!text-xs italic sm:!text-sm\"><\/p>\n<p>                                        (Prix catalogue 349,00 $)<br \/>\n                                    <\/span><br \/>\n                                <\/span>\n                            <\/div>\n<div>\n<p>    Sony WH-1000XM5<\/p>\n<p>                                <span class=\"text-black\"><br \/>\n                                    \u2014<br \/>\n                                    <span class=\"font-bold\">248,00\u00a0$<\/span><br \/>\n                                    <span class=\"!text-xs italic sm:!text-sm\"><\/p>\n<p>                                        (Prix catalogue 399,99\u00a0$)<br \/>\n                                    <\/span><br \/>\n                                <\/span>\n                            <\/div>\n<div>\n<p>    Tablette Wi-Fi Samsung Galaxy Tab A9+ 10,9 po 64 Go (graphite)<\/p>\n<p>                                <span class=\"text-black\"><br \/>\n                                    \u2014<br \/>\n                                    <span class=\"font-bold\">149,99\u00a0$<\/span><br \/>\n                                    <span class=\"!text-xs italic sm:!text-sm\"><\/p>\n<p>                                        (Prix catalogue 219,99 $)<br \/>\n                                    <\/span><br \/>\n                                <\/span>\n                            <\/div>\n<div>\n<p>    Montre intelligente Apple Watch Series 11 (GPS 46 mm) avec bo\u00eetier en aluminium noir de jais et bracelet sport noir &#8211; M\/L. Score de sommeil, tracker d&rsquo;activit\u00e9, surveillance de la sant\u00e9, affichage permanent, r\u00e9sistant \u00e0 l&rsquo;eau<\/p>\n<p>                                <span class=\"text-black\"><br \/>\n                                    \u2014<br \/>\n                                    <span class=\"font-bold\">329,00\u00a0$<\/span><br \/>\n                                    <span class=\"!text-xs italic sm:!text-sm\"><\/p>\n<p>                                        (Prix catalogue 429,00 $)<br \/>\n                                    <\/span><br \/>\n                                <\/span>\n                            <\/div>\n<div>\n<p>    Kit de 3 cam\u00e9ras Blink Outdoor 4 1080p avec module de synchronisation<\/p>\n<p>                                <span class=\"text-black\"><br \/>\n                                    \u2014<br \/>\n                                    <span class=\"font-bold\">74,99\u00a0$<\/span><br \/>\n                                    <span class=\"!text-xs italic sm:!text-sm\"><\/p>\n<p>                                        (Prix catalogue 189,99 $)<br \/>\n                                    <\/span><br \/>\n                                <\/span>\n                            <\/div>\n<div>\n<p>    Cl\u00e9 Amazon Fire TV 4K Plus<\/p>\n<p>                                <span class=\"text-black\"><br \/>\n                                    \u2014<br \/>\n                                    <span class=\"font-bold\">29,99\u00a0$<\/span><br \/>\n                                    <span class=\"!text-xs italic sm:!text-sm\"><\/p>\n<p>                                        (Prix catalogue 49,99 $)<br \/>\n                                    <\/span><br \/>\n                                <\/span>\n                            <\/div>\n<div>\n<p>    Casque VR de r\u00e9alit\u00e9 mixte Meta Quest 3 512 Go avec contr\u00f4leurs<\/p>\n<p>                                <span class=\"text-black\"><br \/>\n                                    \u2014<br \/>\n                                    <span class=\"font-bold\"><\/span><br \/>\n                                    <span class=\"!text-xs italic sm:!text-sm\"><\/p>\n<p>                                        (Prix catalogue 499 $ avec le code \u00ab QUEST50 \u00bb)<br \/>\n                                    <\/span><br \/>\n                                <\/span>\n                            <\/div>\n<\/p><\/div>\n<\/p><\/div>\n<\/p><\/div>\n<div class=\"flex flex-col items-center justify-between text-black sm:flex-row sm:px-6\">\n                <span class=\"text-xs italic sm:ml-7 sm:text-sm\">Les offres sont s\u00e9lectionn\u00e9es par notre \u00e9quipe commerciale<\/span><\/p><\/div>\n<\/p><\/div>\n<\/p><\/div>\n","protected":false},"excerpt":{"rendered":"<p>Nous pouvons gagner une commission sur les liens sur cette page. Les prix et la disponibilit\u00e9 de l&rsquo;offre sont sujets \u00e0 changement apr\u00e8s la publication.<\/p>\n","protected":false},"author":1,"featured_media":11879,"comment_status":"","ping_status":"","sticky":false,"template":"","format":"standard","meta":{"footnotes":""},"categories":[13],"tags":[19,2178,254,206,76,6381,308,1878,800,2493],"class_list":["post-11878","post","type-post","status-publish","format-standard","has-post-thumbnail","hentry","category-technologie","tag-actuellement","tag-barre","tag-bien","tag-cette","tag-est","tag-notee","tag-reduction","tag-samsung","tag-son","tag-tres","generate-columns","tablet-grid-50","mobile-grid-100","grid-parent","grid-33"],"yoast_head":"<!-- This site is optimized with the Yoast SEO plugin v24.0 - https:\/\/yoast.com\/wordpress\/plugins\/seo\/ -->\n<title>Cette barre de son Samsung tr\u00e8s bien not\u00e9e est actuellement \u00e0 plus de 50\u00a0% de r\u00e9duction | Vie Associative<\/title>\n<meta name=\"robots\" content=\"index, follow, max-snippet:-1, max-image-preview:large, max-video-preview:-1\" \/>\n<link rel=\"canonical\" href=\"https:\/\/vieassociative.be\/actualites\/cette-barre-de-son-samsung-tres-bien-notee-est-actuellement-a-plus-de-50-de-reduction\/\" \/>\n<meta property=\"og:locale\" content=\"fr_FR\" \/>\n<meta property=\"og:type\" content=\"article\" \/>\n<meta property=\"og:title\" content=\"Cette barre de son Samsung tr\u00e8s bien not\u00e9e est actuellement \u00e0 plus de 50\u00a0% de r\u00e9duction | Vie Associative\" \/>\n<meta property=\"og:description\" content=\"Nous pouvons gagner une commission sur les liens sur cette page. Les prix et la disponibilit\u00e9 de l&rsquo;offre sont sujets \u00e0 changement apr\u00e8s la publication.\" \/>\n<meta property=\"og:url\" content=\"https:\/\/vieassociative.be\/actualites\/cette-barre-de-son-samsung-tres-bien-notee-est-actuellement-a-plus-de-50-de-reduction\/\" \/>\n<meta property=\"og:site_name\" content=\"Vie Associative\" \/>\n<meta property=\"article:published_time\" content=\"2025-12-17T07:17:56+00:00\" \/>\n<meta property=\"og:image\" content=\"https:\/\/vieassociative.be\/actualites\/wp-content\/uploads\/2025\/12\/Cette-barre-de-son-Samsung-tres-bien-notee-est-actuellement.png\" \/>\n<meta name=\"author\" content=\"Julien\" \/>\n<meta name=\"twitter:card\" content=\"summary_large_image\" \/>\n<meta name=\"twitter:label1\" content=\"\u00c9crit par\" \/>\n\t<meta name=\"twitter:data1\" content=\"Julien\" \/>\n\t<meta name=\"twitter:label2\" content=\"Dur\u00e9e de lecture est.\" \/>\n\t<meta name=\"twitter:data2\" content=\"3 minutes\" \/>\n<script type=\"application\/ld+json\" class=\"yoast-schema-graph\">{\"@context\":\"https:\/\/schema.org\",\"@graph\":[{\"@type\":\"Article\",\"@id\":\"https:\/\/vieassociative.be\/actualites\/cette-barre-de-son-samsung-tres-bien-notee-est-actuellement-a-plus-de-50-de-reduction\/#article\",\"isPartOf\":{\"@id\":\"https:\/\/vieassociative.be\/actualites\/cette-barre-de-son-samsung-tres-bien-notee-est-actuellement-a-plus-de-50-de-reduction\/\"},\"author\":{\"name\":\"Julien\",\"@id\":\"https:\/\/vieassociative.be\/actualites\/#\/schema\/person\/b87ac4f82f9d4e7b7cec7395b679edc4\"},\"headline\":\"Cette barre de son Samsung tr\u00e8s bien not\u00e9e est actuellement \u00e0 plus de 50\u00a0% de r\u00e9duction\",\"datePublished\":\"2025-12-17T07:17:56+00:00\",\"dateModified\":\"2025-12-17T07:17:56+00:00\",\"mainEntityOfPage\":{\"@id\":\"https:\/\/vieassociative.be\/actualites\/cette-barre-de-son-samsung-tres-bien-notee-est-actuellement-a-plus-de-50-de-reduction\/\"},\"wordCount\":697,\"publisher\":{\"@id\":\"https:\/\/vieassociative.be\/actualites\/#organization\"},\"image\":{\"@id\":\"https:\/\/vieassociative.be\/actualites\/cette-barre-de-son-samsung-tres-bien-notee-est-actuellement-a-plus-de-50-de-reduction\/#primaryimage\"},\"thumbnailUrl\":\"https:\/\/vieassociative.be\/actualites\/wp-content\/uploads\/2025\/12\/1765955877_Cette-barre-de-son-Samsung-tres-bien-notee-est-actuellement.png\",\"keywords\":[\"actuellement\",\"barre\",\"bien\",\"cette\",\"est\",\"not\u00e9e\",\"r\u00e9duction\",\"Samsung\",\"son\",\"tr\u00e8s\"],\"articleSection\":[\"Technologie\"],\"inLanguage\":\"fr-BE\"},{\"@type\":\"WebPage\",\"@id\":\"https:\/\/vieassociative.be\/actualites\/cette-barre-de-son-samsung-tres-bien-notee-est-actuellement-a-plus-de-50-de-reduction\/\",\"url\":\"https:\/\/vieassociative.be\/actualites\/cette-barre-de-son-samsung-tres-bien-notee-est-actuellement-a-plus-de-50-de-reduction\/\",\"name\":\"Cette barre de son Samsung tr\u00e8s bien not\u00e9e est actuellement \u00e0 plus de 50\u00a0% de r\u00e9duction | Vie Associative\",\"isPartOf\":{\"@id\":\"https:\/\/vieassociative.be\/actualites\/#website\"},\"primaryImageOfPage\":{\"@id\":\"https:\/\/vieassociative.be\/actualites\/cette-barre-de-son-samsung-tres-bien-notee-est-actuellement-a-plus-de-50-de-reduction\/#primaryimage\"},\"image\":{\"@id\":\"https:\/\/vieassociative.be\/actualites\/cette-barre-de-son-samsung-tres-bien-notee-est-actuellement-a-plus-de-50-de-reduction\/#primaryimage\"},\"thumbnailUrl\":\"https:\/\/vieassociative.be\/actualites\/wp-content\/uploads\/2025\/12\/1765955877_Cette-barre-de-son-Samsung-tres-bien-notee-est-actuellement.png\",\"datePublished\":\"2025-12-17T07:17:56+00:00\",\"dateModified\":\"2025-12-17T07:17:56+00:00\",\"breadcrumb\":{\"@id\":\"https:\/\/vieassociative.be\/actualites\/cette-barre-de-son-samsung-tres-bien-notee-est-actuellement-a-plus-de-50-de-reduction\/#breadcrumb\"},\"inLanguage\":\"fr-BE\",\"potentialAction\":[{\"@type\":\"ReadAction\",\"target\":[\"https:\/\/vieassociative.be\/actualites\/cette-barre-de-son-samsung-tres-bien-notee-est-actuellement-a-plus-de-50-de-reduction\/\"]}]},{\"@type\":\"ImageObject\",\"inLanguage\":\"fr-BE\",\"@id\":\"https:\/\/vieassociative.be\/actualites\/cette-barre-de-son-samsung-tres-bien-notee-est-actuellement-a-plus-de-50-de-reduction\/#primaryimage\",\"url\":\"https:\/\/vieassociative.be\/actualites\/wp-content\/uploads\/2025\/12\/1765955877_Cette-barre-de-son-Samsung-tres-bien-notee-est-actuellement.png\",\"contentUrl\":\"https:\/\/vieassociative.be\/actualites\/wp-content\/uploads\/2025\/12\/1765955877_Cette-barre-de-son-Samsung-tres-bien-notee-est-actuellement.png\",\"width\":1200,\"height\":675,\"caption\":\"Cette barre de son Samsung tr\u00e8s bien not\u00e9e est actuellement \u00e0 plus de 50\u00a0% de r\u00e9duction\"},{\"@type\":\"BreadcrumbList\",\"@id\":\"https:\/\/vieassociative.be\/actualites\/cette-barre-de-son-samsung-tres-bien-notee-est-actuellement-a-plus-de-50-de-reduction\/#breadcrumb\",\"itemListElement\":[{\"@type\":\"ListItem\",\"position\":1,\"name\":\"Accueil\",\"item\":\"https:\/\/vieassociative.be\/actualites\/\"},{\"@type\":\"ListItem\",\"position\":2,\"name\":\"Cette barre de son Samsung tr\u00e8s bien not\u00e9e est actuellement \u00e0 plus de 50\u00a0% de r\u00e9duction\"}]},{\"@type\":\"WebSite\",\"@id\":\"https:\/\/vieassociative.be\/actualites\/#website\",\"url\":\"https:\/\/vieassociative.be\/actualites\/\",\"name\":\"Vie Associative\",\"description\":\"\",\"publisher\":{\"@id\":\"https:\/\/vieassociative.be\/actualites\/#organization\"},\"potentialAction\":[{\"@type\":\"SearchAction\",\"target\":{\"@type\":\"EntryPoint\",\"urlTemplate\":\"https:\/\/vieassociative.be\/actualites\/?s={search_term_string}\"},\"query-input\":{\"@type\":\"PropertyValueSpecification\",\"valueRequired\":true,\"valueName\":\"search_term_string\"}}],\"inLanguage\":\"fr-BE\"},{\"@type\":\"Organization\",\"@id\":\"https:\/\/vieassociative.be\/actualites\/#organization\",\"name\":\"Vie Associative\",\"url\":\"https:\/\/vieassociative.be\/actualites\/\",\"logo\":{\"@type\":\"ImageObject\",\"inLanguage\":\"fr-BE\",\"@id\":\"https:\/\/vieassociative.be\/actualites\/#\/schema\/logo\/image\/\",\"url\":\"https:\/\/vieassociative.be\/actualites\/wp-content\/uploads\/2024\/09\/cropped-vieassociative_favicon.ico.png\",\"contentUrl\":\"https:\/\/vieassociative.be\/actualites\/wp-content\/uploads\/2024\/09\/cropped-vieassociative_favicon.ico.png\",\"width\":512,\"height\":512,\"caption\":\"Vie Associative\"},\"image\":{\"@id\":\"https:\/\/vieassociative.be\/actualites\/#\/schema\/logo\/image\/\"}},{\"@type\":\"Person\",\"@id\":\"https:\/\/vieassociative.be\/actualites\/#\/schema\/person\/b87ac4f82f9d4e7b7cec7395b679edc4\",\"name\":\"Julien\",\"image\":{\"@type\":\"ImageObject\",\"inLanguage\":\"fr-BE\",\"@id\":\"https:\/\/vieassociative.be\/actualites\/#\/schema\/person\/image\/\",\"url\":\"https:\/\/vieassociative.be\/actualites\/wp-content\/uploads\/2024\/09\/vie-associative-1-150x150.jpg\",\"contentUrl\":\"https:\/\/vieassociative.be\/actualites\/wp-content\/uploads\/2024\/09\/vie-associative-1-150x150.jpg\",\"caption\":\"Julien\"},\"description\":\"Je suis Julien, r\u00e9dacteur pour Vie Associative. Passionn\u00e9 par le monde associatif depuis plus de 10 ans, j'ai \u00e0 c\u0153ur de partager des histoires inspirantes et de mettre en lumi\u00e8re les initiatives locales. Mon objectif est de sensibiliser et d'encourager l'engagement communautaire \u00e0 travers mes articles.\",\"sameAs\":[\"https:\/\/vieassociative.be\/\"]}]}<\/script>\n<!-- \/ Yoast SEO plugin. -->","yoast_head_json":{"title":"Cette barre de son Samsung tr\u00e8s bien not\u00e9e est actuellement \u00e0 plus de 50\u00a0% de r\u00e9duction | Vie Associative","robots":{"index":"index","follow":"follow","max-snippet":"max-snippet:-1","max-image-preview":"max-image-preview:large","max-video-preview":"max-video-preview:-1"},"canonical":"https:\/\/vieassociative.be\/actualites\/cette-barre-de-son-samsung-tres-bien-notee-est-actuellement-a-plus-de-50-de-reduction\/","og_locale":"fr_FR","og_type":"article","og_title":"Cette barre de son Samsung tr\u00e8s bien not\u00e9e est actuellement \u00e0 plus de 50\u00a0% de r\u00e9duction | Vie Associative","og_description":"Nous pouvons gagner une commission sur les liens sur cette page. Les prix et la disponibilit\u00e9 de l&rsquo;offre sont sujets \u00e0 changement apr\u00e8s la publication.","og_url":"https:\/\/vieassociative.be\/actualites\/cette-barre-de-son-samsung-tres-bien-notee-est-actuellement-a-plus-de-50-de-reduction\/","og_site_name":"Vie Associative","article_published_time":"2025-12-17T07:17:56+00:00","og_image":[{"url":"https:\/\/vieassociative.be\/actualites\/wp-content\/uploads\/2025\/12\/Cette-barre-de-son-Samsung-tres-bien-notee-est-actuellement.png","type":"","width":"","height":""}],"author":"Julien","twitter_card":"summary_large_image","twitter_misc":{"\u00c9crit par":"Julien","Dur\u00e9e de lecture est.":"3 minutes"},"schema":{"@context":"https:\/\/schema.org","@graph":[{"@type":"Article","@id":"https:\/\/vieassociative.be\/actualites\/cette-barre-de-son-samsung-tres-bien-notee-est-actuellement-a-plus-de-50-de-reduction\/#article","isPartOf":{"@id":"https:\/\/vieassociative.be\/actualites\/cette-barre-de-son-samsung-tres-bien-notee-est-actuellement-a-plus-de-50-de-reduction\/"},"author":{"name":"Julien","@id":"https:\/\/vieassociative.be\/actualites\/#\/schema\/person\/b87ac4f82f9d4e7b7cec7395b679edc4"},"headline":"Cette barre de son Samsung tr\u00e8s bien not\u00e9e est actuellement \u00e0 plus de 50\u00a0% de r\u00e9duction","datePublished":"2025-12-17T07:17:56+00:00","dateModified":"2025-12-17T07:17:56+00:00","mainEntityOfPage":{"@id":"https:\/\/vieassociative.be\/actualites\/cette-barre-de-son-samsung-tres-bien-notee-est-actuellement-a-plus-de-50-de-reduction\/"},"wordCount":697,"publisher":{"@id":"https:\/\/vieassociative.be\/actualites\/#organization"},"image":{"@id":"https:\/\/vieassociative.be\/actualites\/cette-barre-de-son-samsung-tres-bien-notee-est-actuellement-a-plus-de-50-de-reduction\/#primaryimage"},"thumbnailUrl":"https:\/\/vieassociative.be\/actualites\/wp-content\/uploads\/2025\/12\/1765955877_Cette-barre-de-son-Samsung-tres-bien-notee-est-actuellement.png","keywords":["actuellement","barre","bien","cette","est","not\u00e9e","r\u00e9duction","Samsung","son","tr\u00e8s"],"articleSection":["Technologie"],"inLanguage":"fr-BE"},{"@type":"WebPage","@id":"https:\/\/vieassociative.be\/actualites\/cette-barre-de-son-samsung-tres-bien-notee-est-actuellement-a-plus-de-50-de-reduction\/","url":"https:\/\/vieassociative.be\/actualites\/cette-barre-de-son-samsung-tres-bien-notee-est-actuellement-a-plus-de-50-de-reduction\/","name":"Cette barre de son Samsung tr\u00e8s bien not\u00e9e est actuellement \u00e0 plus de 50\u00a0% de r\u00e9duction | Vie Associative","isPartOf":{"@id":"https:\/\/vieassociative.be\/actualites\/#website"},"primaryImageOfPage":{"@id":"https:\/\/vieassociative.be\/actualites\/cette-barre-de-son-samsung-tres-bien-notee-est-actuellement-a-plus-de-50-de-reduction\/#primaryimage"},"image":{"@id":"https:\/\/vieassociative.be\/actualites\/cette-barre-de-son-samsung-tres-bien-notee-est-actuellement-a-plus-de-50-de-reduction\/#primaryimage"},"thumbnailUrl":"https:\/\/vieassociative.be\/actualites\/wp-content\/uploads\/2025\/12\/1765955877_Cette-barre-de-son-Samsung-tres-bien-notee-est-actuellement.png","datePublished":"2025-12-17T07:17:56+00:00","dateModified":"2025-12-17T07:17:56+00:00","breadcrumb":{"@id":"https:\/\/vieassociative.be\/actualites\/cette-barre-de-son-samsung-tres-bien-notee-est-actuellement-a-plus-de-50-de-reduction\/#breadcrumb"},"inLanguage":"fr-BE","potentialAction":[{"@type":"ReadAction","target":["https:\/\/vieassociative.be\/actualites\/cette-barre-de-son-samsung-tres-bien-notee-est-actuellement-a-plus-de-50-de-reduction\/"]}]},{"@type":"ImageObject","inLanguage":"fr-BE","@id":"https:\/\/vieassociative.be\/actualites\/cette-barre-de-son-samsung-tres-bien-notee-est-actuellement-a-plus-de-50-de-reduction\/#primaryimage","url":"https:\/\/vieassociative.be\/actualites\/wp-content\/uploads\/2025\/12\/1765955877_Cette-barre-de-son-Samsung-tres-bien-notee-est-actuellement.png","contentUrl":"https:\/\/vieassociative.be\/actualites\/wp-content\/uploads\/2025\/12\/1765955877_Cette-barre-de-son-Samsung-tres-bien-notee-est-actuellement.png","width":1200,"height":675,"caption":"Cette barre de son Samsung tr\u00e8s bien not\u00e9e est actuellement \u00e0 plus de 50\u00a0% de r\u00e9duction"},{"@type":"BreadcrumbList","@id":"https:\/\/vieassociative.be\/actualites\/cette-barre-de-son-samsung-tres-bien-notee-est-actuellement-a-plus-de-50-de-reduction\/#breadcrumb","itemListElement":[{"@type":"ListItem","position":1,"name":"Accueil","item":"https:\/\/vieassociative.be\/actualites\/"},{"@type":"ListItem","position":2,"name":"Cette barre de son Samsung tr\u00e8s bien not\u00e9e est actuellement \u00e0 plus de 50\u00a0% de r\u00e9duction"}]},{"@type":"WebSite","@id":"https:\/\/vieassociative.be\/actualites\/#website","url":"https:\/\/vieassociative.be\/actualites\/","name":"Vie Associative","description":"","publisher":{"@id":"https:\/\/vieassociative.be\/actualites\/#organization"},"potentialAction":[{"@type":"SearchAction","target":{"@type":"EntryPoint","urlTemplate":"https:\/\/vieassociative.be\/actualites\/?s={search_term_string}"},"query-input":{"@type":"PropertyValueSpecification","valueRequired":true,"valueName":"search_term_string"}}],"inLanguage":"fr-BE"},{"@type":"Organization","@id":"https:\/\/vieassociative.be\/actualites\/#organization","name":"Vie Associative","url":"https:\/\/vieassociative.be\/actualites\/","logo":{"@type":"ImageObject","inLanguage":"fr-BE","@id":"https:\/\/vieassociative.be\/actualites\/#\/schema\/logo\/image\/","url":"https:\/\/vieassociative.be\/actualites\/wp-content\/uploads\/2024\/09\/cropped-vieassociative_favicon.ico.png","contentUrl":"https:\/\/vieassociative.be\/actualites\/wp-content\/uploads\/2024\/09\/cropped-vieassociative_favicon.ico.png","width":512,"height":512,"caption":"Vie Associative"},"image":{"@id":"https:\/\/vieassociative.be\/actualites\/#\/schema\/logo\/image\/"}},{"@type":"Person","@id":"https:\/\/vieassociative.be\/actualites\/#\/schema\/person\/b87ac4f82f9d4e7b7cec7395b679edc4","name":"Julien","image":{"@type":"ImageObject","inLanguage":"fr-BE","@id":"https:\/\/vieassociative.be\/actualites\/#\/schema\/person\/image\/","url":"https:\/\/vieassociative.be\/actualites\/wp-content\/uploads\/2024\/09\/vie-associative-1-150x150.jpg","contentUrl":"https:\/\/vieassociative.be\/actualites\/wp-content\/uploads\/2024\/09\/vie-associative-1-150x150.jpg","caption":"Julien"},"description":"Je suis Julien, r\u00e9dacteur pour Vie Associative. Passionn\u00e9 par le monde associatif depuis plus de 10 ans, j'ai \u00e0 c\u0153ur de partager des histoires inspirantes et de mettre en lumi\u00e8re les initiatives locales. Mon objectif est de sensibiliser et d'encourager l'engagement communautaire \u00e0 travers mes articles.","sameAs":["https:\/\/vieassociative.be\/"]}]}},"_links":{"self":[{"href":"https:\/\/vieassociative.be\/actualites\/wp-json\/wp\/v2\/posts\/11878"}],"collection":[{"href":"https:\/\/vieassociative.be\/actualites\/wp-json\/wp\/v2\/posts"}],"about":[{"href":"https:\/\/vieassociative.be\/actualites\/wp-json\/wp\/v2\/types\/post"}],"author":[{"embeddable":true,"href":"https:\/\/vieassociative.be\/actualites\/wp-json\/wp\/v2\/users\/1"}],"replies":[{"embeddable":true,"href":"https:\/\/vieassociative.be\/actualites\/wp-json\/wp\/v2\/comments?post=11878"}],"version-history":[{"count":0,"href":"https:\/\/vieassociative.be\/actualites\/wp-json\/wp\/v2\/posts\/11878\/revisions"}],"wp:featuredmedia":[{"embeddable":true,"href":"https:\/\/vieassociative.be\/actualites\/wp-json\/wp\/v2\/media\/11879"}],"wp:attachment":[{"href":"https:\/\/vieassociative.be\/actualites\/wp-json\/wp\/v2\/media?parent=11878"}],"wp:term":[{"taxonomy":"category","embeddable":true,"href":"https:\/\/vieassociative.be\/actualites\/wp-json\/wp\/v2\/categories?post=11878"},{"taxonomy":"post_tag","embeddable":true,"href":"https:\/\/vieassociative.be\/actualites\/wp-json\/wp\/v2\/tags?post=11878"}],"curies":[{"name":"wp","href":"https:\/\/api.w.org\/{rel}","templated":true}]}}