{"id":11873,"date":"2025-12-16T21:17:19","date_gmt":"2025-12-16T20:17:19","guid":{"rendered":"https:\/\/vieassociative.be\/actualites\/brigitte-macron-sexcuse-apres-avoir-qualifie-les-feministes-de-sales-connes\/"},"modified":"2025-12-16T21:17:19","modified_gmt":"2025-12-16T20:17:19","slug":"brigitte-macron-sexcuse-apres-avoir-qualifie-les-feministes-de-sales-connes","status":"publish","type":"post","link":"https:\/\/vieassociative.be\/actualites\/brigitte-macron-sexcuse-apres-avoir-qualifie-les-feministes-de-sales-connes\/","title":{"rendered":"Brigitte Macron s&rsquo;excuse apr\u00e8s avoir qualifi\u00e9 les f\u00e9ministes de \u00ab sales connes \u00bb"},"content":{"rendered":"<p><strong>Brigitte Macron a pr\u00e9sent\u00e9 ses excuses apr\u00e8s ses propos durs envers un groupe de f\u00e9ministes \u00e0 Paris. \u00ab\u00a0Je suis d\u00e9sol\u00e9e si j&rsquo;ai bless\u00e9 les femmes victimes, je ne pense qu&rsquo;\u00e0 elles et seulement \u00e0 elles\u00a0\u00bb, a d\u00e9clar\u00e9 la Premi\u00e8re dame de France au magazine en ligne Brut.<\/strong><\/p>\n<p><span id=\"more-432091\"><\/span>Il y a un peu plus d&rsquo;une semaine, lors d&rsquo;une conversation avec l&rsquo;acteur et com\u00e9dien Ary Abittan, Macron s&rsquo;en est pris \u00e0 un groupe de f\u00e9ministes qui avaient interrompu sa prestation sur sc\u00e8ne la veille et l&rsquo;avaient trait\u00e9 de violeur.<\/p>\n<p>Alors qu&rsquo;elle parlait \u00e0 un petit cercle de personnes dans les coulisses, elle s&rsquo;est sentie priv\u00e9e et inaper\u00e7ue et n&rsquo;a pas remarqu\u00e9 que quelqu&rsquo;un filmait son bref \u00e9change avec l&rsquo;acteur. Elle a voulu calmer l&rsquo;acteur apr\u00e8s l&rsquo;incident, \u00ab\u00a0certainement maladroitement, mais je n&rsquo;avais pas d&rsquo;autres mots disponibles \u00e0 ce moment-l\u00e0\u00a0\u00bb.<\/p>\n<div id=\"attachment_316588\" class=\"wp-caption alignleft\" style=\"max-width: 300px\"><img fetchpriority=\"high\" decoding=\"async\" class=\"wp-image-316588 size-medium\" src=\"https:\/\/vieassociative.be\/actualites\/wp-content\/uploads\/2025\/12\/Brigitte-Macron-sexcuse-apres-avoir-qualifie-les-feministes-de.jpeg\" alt=\"\" width=\"300\" height=\"200\"  ><\/div>\n<p>Brigitte Macron a \u00e9galement pr\u00e9cis\u00e9 qu&rsquo;elle n&rsquo;\u00e9tait pas l&rsquo;\u00e9pouse du pr\u00e9sident 24h\/24 et 7j\/7. \u00ab\u00a0Je suis peut-\u00eatre l&rsquo;\u00e9pouse du pr\u00e9sident de la R\u00e9publique, mais je suis avant tout moi-m\u00eame. Et lorsque je me d\u00e9place \u00e0 des fins priv\u00e9es, je peux me laisser aller de mani\u00e8re totalement inappropri\u00e9e.\u00a0\u00bb<\/p>\n<p>Macron avait qualifi\u00e9 les f\u00e9ministes de \u00ab sales connes \u00bb, dont la traduction en allemand va de \u00ab sales salopes \u00bb \u00e0 \u00ab de parfaits idiots \u00bb en passant par \u00ab sales salopes \u00bb.<\/p>\n<p>Abittan, \u00e9galement connu en Allemagne pour son r\u00f4le dans le film \u00e0 succ\u00e8s \u00ab Monsieur Claude et ses filles \u00bb, a \u00e9t\u00e9 accus\u00e9 de viol en 2021 par une femme alors \u00e2g\u00e9e de 23 ans avec qui il sortait depuis quelques semaines. L\u2019enqu\u00eate \u00e0 son encontre a \u00e9t\u00e9 cl\u00f4tur\u00e9e en avril 2024. Ce n\u2019est qu\u2019apr\u00e8s une longue p\u00e9riode de perturbation de sa carri\u00e8re qu\u2019Abittan est revenu sur sc\u00e8ne avec un spectacle qui avait auparavant pr\u00e9sent\u00e9 des actions de militants. (dpa)<\/p>\n","protected":false},"excerpt":{"rendered":"<p>Brigitte Macron a pr\u00e9sent\u00e9 ses excuses apr\u00e8s ses propos durs envers un groupe de f\u00e9ministes \u00e0 Paris. \u00ab\u00a0Je suis d\u00e9sol\u00e9e si j&rsquo;ai bless\u00e9 les femmes<\/p>\n","protected":false},"author":1,"featured_media":10936,"comment_status":"","ping_status":"","sticky":false,"template":"","format":"standard","meta":{"footnotes":""},"categories":[298],"tags":[472,224,7160,9568,9566,14,3988,4062,9567,9565],"class_list":["post-11873","post","type-post","status-publish","format-standard","has-post-thumbnail","hentry","category-belgique","tag-apres","tag-avoir","tag-brigitte","tag-connes","tag-feministes","tag-les","tag-macron","tag-qualifie","tag-sales","tag-sexcuse","generate-columns","tablet-grid-50","mobile-grid-100","grid-parent","grid-33"],"yoast_head":"<!-- This site is optimized with the Yoast SEO plugin v24.0 - https:\/\/yoast.com\/wordpress\/plugins\/seo\/ -->\n<title>Brigitte Macron s&#039;excuse apr\u00e8s avoir qualifi\u00e9 les f\u00e9ministes de \u00ab sales connes \u00bb | Vie Associative<\/title>\n<meta name=\"robots\" content=\"index, follow, max-snippet:-1, max-image-preview:large, max-video-preview:-1\" \/>\n<link rel=\"canonical\" href=\"https:\/\/vieassociative.be\/actualites\/brigitte-macron-sexcuse-apres-avoir-qualifie-les-feministes-de-sales-connes\/\" \/>\n<meta property=\"og:locale\" content=\"fr_FR\" \/>\n<meta property=\"og:type\" content=\"article\" \/>\n<meta property=\"og:title\" content=\"Brigitte Macron s&#039;excuse apr\u00e8s avoir qualifi\u00e9 les f\u00e9ministes de \u00ab sales connes \u00bb | Vie Associative\" \/>\n<meta property=\"og:description\" content=\"Brigitte Macron a pr\u00e9sent\u00e9 ses excuses apr\u00e8s ses propos durs envers un groupe de f\u00e9ministes \u00e0 Paris. \u00ab\u00a0Je suis d\u00e9sol\u00e9e si j&rsquo;ai bless\u00e9 les femmes\" \/>\n<meta property=\"og:url\" content=\"https:\/\/vieassociative.be\/actualites\/brigitte-macron-sexcuse-apres-avoir-qualifie-les-feministes-de-sales-connes\/\" \/>\n<meta property=\"og:site_name\" content=\"Vie Associative\" \/>\n<meta property=\"article:published_time\" content=\"2025-12-16T20:17:19+00:00\" \/>\n<meta property=\"og:image\" content=\"https:\/\/vieassociative.be\/actualites\/wp-content\/uploads\/2024\/09\/header_backgroundk-01-e1726694325946.png\" \/>\n\t<meta property=\"og:image:width\" content=\"279\" \/>\n\t<meta property=\"og:image:height\" content=\"92\" \/>\n\t<meta property=\"og:image:type\" content=\"image\/png\" \/>\n<meta name=\"author\" content=\"Julien\" \/>\n<meta name=\"twitter:card\" content=\"summary_large_image\" \/>\n<meta name=\"twitter:label1\" content=\"\u00c9crit par\" \/>\n\t<meta name=\"twitter:data1\" content=\"Julien\" \/>\n\t<meta name=\"twitter:label2\" content=\"Dur\u00e9e de lecture est.\" \/>\n\t<meta name=\"twitter:data2\" content=\"2 minutes\" \/>\n<script type=\"application\/ld+json\" class=\"yoast-schema-graph\">{\"@context\":\"https:\/\/schema.org\",\"@graph\":[{\"@type\":\"Article\",\"@id\":\"https:\/\/vieassociative.be\/actualites\/brigitte-macron-sexcuse-apres-avoir-qualifie-les-feministes-de-sales-connes\/#article\",\"isPartOf\":{\"@id\":\"https:\/\/vieassociative.be\/actualites\/brigitte-macron-sexcuse-apres-avoir-qualifie-les-feministes-de-sales-connes\/\"},\"author\":{\"name\":\"Julien\",\"@id\":\"https:\/\/vieassociative.be\/actualites\/#\/schema\/person\/b87ac4f82f9d4e7b7cec7395b679edc4\"},\"headline\":\"Brigitte Macron s&rsquo;excuse apr\u00e8s avoir qualifi\u00e9 les f\u00e9ministes de \u00ab sales connes \u00bb\",\"datePublished\":\"2025-12-16T20:17:19+00:00\",\"dateModified\":\"2025-12-16T20:17:19+00:00\",\"mainEntityOfPage\":{\"@id\":\"https:\/\/vieassociative.be\/actualites\/brigitte-macron-sexcuse-apres-avoir-qualifie-les-feministes-de-sales-connes\/\"},\"wordCount\":347,\"publisher\":{\"@id\":\"https:\/\/vieassociative.be\/actualites\/#organization\"},\"image\":{\"@id\":\"https:\/\/vieassociative.be\/actualites\/brigitte-macron-sexcuse-apres-avoir-qualifie-les-feministes-de-sales-connes\/#primaryimage\"},\"thumbnailUrl\":\"https:\/\/vieassociative.be\/actualites\/wp-content\/uploads\/2025\/10\/1761574623_10-personnes-au-tribunal-de-Paris-pour-avoir-repandu-des.jpg\",\"keywords\":[\"Apr\u00e8s\",\"avoir\",\"Brigitte\",\"connes\",\"f\u00e9ministes\",\"Les\",\"Macron\",\"qualifie\",\"sales\",\"sexcuse\"],\"articleSection\":[\"Belgique\"],\"inLanguage\":\"fr-BE\"},{\"@type\":\"WebPage\",\"@id\":\"https:\/\/vieassociative.be\/actualites\/brigitte-macron-sexcuse-apres-avoir-qualifie-les-feministes-de-sales-connes\/\",\"url\":\"https:\/\/vieassociative.be\/actualites\/brigitte-macron-sexcuse-apres-avoir-qualifie-les-feministes-de-sales-connes\/\",\"name\":\"Brigitte Macron s'excuse apr\u00e8s avoir qualifi\u00e9 les f\u00e9ministes de \u00ab sales connes \u00bb | Vie Associative\",\"isPartOf\":{\"@id\":\"https:\/\/vieassociative.be\/actualites\/#website\"},\"primaryImageOfPage\":{\"@id\":\"https:\/\/vieassociative.be\/actualites\/brigitte-macron-sexcuse-apres-avoir-qualifie-les-feministes-de-sales-connes\/#primaryimage\"},\"image\":{\"@id\":\"https:\/\/vieassociative.be\/actualites\/brigitte-macron-sexcuse-apres-avoir-qualifie-les-feministes-de-sales-connes\/#primaryimage\"},\"thumbnailUrl\":\"https:\/\/vieassociative.be\/actualites\/wp-content\/uploads\/2025\/10\/1761574623_10-personnes-au-tribunal-de-Paris-pour-avoir-repandu-des.jpg\",\"datePublished\":\"2025-12-16T20:17:19+00:00\",\"dateModified\":\"2025-12-16T20:17:19+00:00\",\"breadcrumb\":{\"@id\":\"https:\/\/vieassociative.be\/actualites\/brigitte-macron-sexcuse-apres-avoir-qualifie-les-feministes-de-sales-connes\/#breadcrumb\"},\"inLanguage\":\"fr-BE\",\"potentialAction\":[{\"@type\":\"ReadAction\",\"target\":[\"https:\/\/vieassociative.be\/actualites\/brigitte-macron-sexcuse-apres-avoir-qualifie-les-feministes-de-sales-connes\/\"]}]},{\"@type\":\"ImageObject\",\"inLanguage\":\"fr-BE\",\"@id\":\"https:\/\/vieassociative.be\/actualites\/brigitte-macron-sexcuse-apres-avoir-qualifie-les-feministes-de-sales-connes\/#primaryimage\",\"url\":\"https:\/\/vieassociative.be\/actualites\/wp-content\/uploads\/2025\/10\/1761574623_10-personnes-au-tribunal-de-Paris-pour-avoir-repandu-des.jpg\",\"contentUrl\":\"https:\/\/vieassociative.be\/actualites\/wp-content\/uploads\/2025\/10\/1761574623_10-personnes-au-tribunal-de-Paris-pour-avoir-repandu-des.jpg\",\"width\":1200,\"height\":800,\"caption\":\"10 personnes au tribunal de Paris pour avoir r\u00e9pandu des rumeurs trans sur Brigitte, l'\u00e9pouse de Macron\"},{\"@type\":\"BreadcrumbList\",\"@id\":\"https:\/\/vieassociative.be\/actualites\/brigitte-macron-sexcuse-apres-avoir-qualifie-les-feministes-de-sales-connes\/#breadcrumb\",\"itemListElement\":[{\"@type\":\"ListItem\",\"position\":1,\"name\":\"Accueil\",\"item\":\"https:\/\/vieassociative.be\/actualites\/\"},{\"@type\":\"ListItem\",\"position\":2,\"name\":\"Brigitte Macron s&rsquo;excuse apr\u00e8s avoir qualifi\u00e9 les f\u00e9ministes de \u00ab sales connes \u00bb\"}]},{\"@type\":\"WebSite\",\"@id\":\"https:\/\/vieassociative.be\/actualites\/#website\",\"url\":\"https:\/\/vieassociative.be\/actualites\/\",\"name\":\"Vie Associative\",\"description\":\"\",\"publisher\":{\"@id\":\"https:\/\/vieassociative.be\/actualites\/#organization\"},\"potentialAction\":[{\"@type\":\"SearchAction\",\"target\":{\"@type\":\"EntryPoint\",\"urlTemplate\":\"https:\/\/vieassociative.be\/actualites\/?s={search_term_string}\"},\"query-input\":{\"@type\":\"PropertyValueSpecification\",\"valueRequired\":true,\"valueName\":\"search_term_string\"}}],\"inLanguage\":\"fr-BE\"},{\"@type\":\"Organization\",\"@id\":\"https:\/\/vieassociative.be\/actualites\/#organization\",\"name\":\"Vie Associative\",\"url\":\"https:\/\/vieassociative.be\/actualites\/\",\"logo\":{\"@type\":\"ImageObject\",\"inLanguage\":\"fr-BE\",\"@id\":\"https:\/\/vieassociative.be\/actualites\/#\/schema\/logo\/image\/\",\"url\":\"https:\/\/vieassociative.be\/actualites\/wp-content\/uploads\/2024\/09\/cropped-vieassociative_favicon.ico.png\",\"contentUrl\":\"https:\/\/vieassociative.be\/actualites\/wp-content\/uploads\/2024\/09\/cropped-vieassociative_favicon.ico.png\",\"width\":512,\"height\":512,\"caption\":\"Vie Associative\"},\"image\":{\"@id\":\"https:\/\/vieassociative.be\/actualites\/#\/schema\/logo\/image\/\"}},{\"@type\":\"Person\",\"@id\":\"https:\/\/vieassociative.be\/actualites\/#\/schema\/person\/b87ac4f82f9d4e7b7cec7395b679edc4\",\"name\":\"Julien\",\"image\":{\"@type\":\"ImageObject\",\"inLanguage\":\"fr-BE\",\"@id\":\"https:\/\/vieassociative.be\/actualites\/#\/schema\/person\/image\/\",\"url\":\"https:\/\/vieassociative.be\/actualites\/wp-content\/uploads\/2024\/09\/vie-associative-1-150x150.jpg\",\"contentUrl\":\"https:\/\/vieassociative.be\/actualites\/wp-content\/uploads\/2024\/09\/vie-associative-1-150x150.jpg\",\"caption\":\"Julien\"},\"description\":\"Je suis Julien, r\u00e9dacteur pour Vie Associative. Passionn\u00e9 par le monde associatif depuis plus de 10 ans, j'ai \u00e0 c\u0153ur de partager des histoires inspirantes et de mettre en lumi\u00e8re les initiatives locales. Mon objectif est de sensibiliser et d'encourager l'engagement communautaire \u00e0 travers mes articles.\",\"sameAs\":[\"https:\/\/vieassociative.be\/\"]}]}<\/script>\n<!-- \/ Yoast SEO plugin. -->","yoast_head_json":{"title":"Brigitte Macron s'excuse apr\u00e8s avoir qualifi\u00e9 les f\u00e9ministes de \u00ab sales connes \u00bb | Vie Associative","robots":{"index":"index","follow":"follow","max-snippet":"max-snippet:-1","max-image-preview":"max-image-preview:large","max-video-preview":"max-video-preview:-1"},"canonical":"https:\/\/vieassociative.be\/actualites\/brigitte-macron-sexcuse-apres-avoir-qualifie-les-feministes-de-sales-connes\/","og_locale":"fr_FR","og_type":"article","og_title":"Brigitte Macron s'excuse apr\u00e8s avoir qualifi\u00e9 les f\u00e9ministes de \u00ab sales connes \u00bb | Vie Associative","og_description":"Brigitte Macron a pr\u00e9sent\u00e9 ses excuses apr\u00e8s ses propos durs envers un groupe de f\u00e9ministes \u00e0 Paris. \u00ab\u00a0Je suis d\u00e9sol\u00e9e si j&rsquo;ai bless\u00e9 les femmes","og_url":"https:\/\/vieassociative.be\/actualites\/brigitte-macron-sexcuse-apres-avoir-qualifie-les-feministes-de-sales-connes\/","og_site_name":"Vie Associative","article_published_time":"2025-12-16T20:17:19+00:00","og_image":[{"width":279,"height":92,"url":"https:\/\/vieassociative.be\/actualites\/wp-content\/uploads\/2024\/09\/header_backgroundk-01-e1726694325946.png","type":"image\/png"}],"author":"Julien","twitter_card":"summary_large_image","twitter_misc":{"\u00c9crit par":"Julien","Dur\u00e9e de lecture est.":"2 minutes"},"schema":{"@context":"https:\/\/schema.org","@graph":[{"@type":"Article","@id":"https:\/\/vieassociative.be\/actualites\/brigitte-macron-sexcuse-apres-avoir-qualifie-les-feministes-de-sales-connes\/#article","isPartOf":{"@id":"https:\/\/vieassociative.be\/actualites\/brigitte-macron-sexcuse-apres-avoir-qualifie-les-feministes-de-sales-connes\/"},"author":{"name":"Julien","@id":"https:\/\/vieassociative.be\/actualites\/#\/schema\/person\/b87ac4f82f9d4e7b7cec7395b679edc4"},"headline":"Brigitte Macron s&rsquo;excuse apr\u00e8s avoir qualifi\u00e9 les f\u00e9ministes de \u00ab sales connes \u00bb","datePublished":"2025-12-16T20:17:19+00:00","dateModified":"2025-12-16T20:17:19+00:00","mainEntityOfPage":{"@id":"https:\/\/vieassociative.be\/actualites\/brigitte-macron-sexcuse-apres-avoir-qualifie-les-feministes-de-sales-connes\/"},"wordCount":347,"publisher":{"@id":"https:\/\/vieassociative.be\/actualites\/#organization"},"image":{"@id":"https:\/\/vieassociative.be\/actualites\/brigitte-macron-sexcuse-apres-avoir-qualifie-les-feministes-de-sales-connes\/#primaryimage"},"thumbnailUrl":"https:\/\/vieassociative.be\/actualites\/wp-content\/uploads\/2025\/10\/1761574623_10-personnes-au-tribunal-de-Paris-pour-avoir-repandu-des.jpg","keywords":["Apr\u00e8s","avoir","Brigitte","connes","f\u00e9ministes","Les","Macron","qualifie","sales","sexcuse"],"articleSection":["Belgique"],"inLanguage":"fr-BE"},{"@type":"WebPage","@id":"https:\/\/vieassociative.be\/actualites\/brigitte-macron-sexcuse-apres-avoir-qualifie-les-feministes-de-sales-connes\/","url":"https:\/\/vieassociative.be\/actualites\/brigitte-macron-sexcuse-apres-avoir-qualifie-les-feministes-de-sales-connes\/","name":"Brigitte Macron s'excuse apr\u00e8s avoir qualifi\u00e9 les f\u00e9ministes de \u00ab sales connes \u00bb | Vie Associative","isPartOf":{"@id":"https:\/\/vieassociative.be\/actualites\/#website"},"primaryImageOfPage":{"@id":"https:\/\/vieassociative.be\/actualites\/brigitte-macron-sexcuse-apres-avoir-qualifie-les-feministes-de-sales-connes\/#primaryimage"},"image":{"@id":"https:\/\/vieassociative.be\/actualites\/brigitte-macron-sexcuse-apres-avoir-qualifie-les-feministes-de-sales-connes\/#primaryimage"},"thumbnailUrl":"https:\/\/vieassociative.be\/actualites\/wp-content\/uploads\/2025\/10\/1761574623_10-personnes-au-tribunal-de-Paris-pour-avoir-repandu-des.jpg","datePublished":"2025-12-16T20:17:19+00:00","dateModified":"2025-12-16T20:17:19+00:00","breadcrumb":{"@id":"https:\/\/vieassociative.be\/actualites\/brigitte-macron-sexcuse-apres-avoir-qualifie-les-feministes-de-sales-connes\/#breadcrumb"},"inLanguage":"fr-BE","potentialAction":[{"@type":"ReadAction","target":["https:\/\/vieassociative.be\/actualites\/brigitte-macron-sexcuse-apres-avoir-qualifie-les-feministes-de-sales-connes\/"]}]},{"@type":"ImageObject","inLanguage":"fr-BE","@id":"https:\/\/vieassociative.be\/actualites\/brigitte-macron-sexcuse-apres-avoir-qualifie-les-feministes-de-sales-connes\/#primaryimage","url":"https:\/\/vieassociative.be\/actualites\/wp-content\/uploads\/2025\/10\/1761574623_10-personnes-au-tribunal-de-Paris-pour-avoir-repandu-des.jpg","contentUrl":"https:\/\/vieassociative.be\/actualites\/wp-content\/uploads\/2025\/10\/1761574623_10-personnes-au-tribunal-de-Paris-pour-avoir-repandu-des.jpg","width":1200,"height":800,"caption":"10 personnes au tribunal de Paris pour avoir r\u00e9pandu des rumeurs trans sur Brigitte, l'\u00e9pouse de Macron"},{"@type":"BreadcrumbList","@id":"https:\/\/vieassociative.be\/actualites\/brigitte-macron-sexcuse-apres-avoir-qualifie-les-feministes-de-sales-connes\/#breadcrumb","itemListElement":[{"@type":"ListItem","position":1,"name":"Accueil","item":"https:\/\/vieassociative.be\/actualites\/"},{"@type":"ListItem","position":2,"name":"Brigitte Macron s&rsquo;excuse apr\u00e8s avoir qualifi\u00e9 les f\u00e9ministes de \u00ab sales connes \u00bb"}]},{"@type":"WebSite","@id":"https:\/\/vieassociative.be\/actualites\/#website","url":"https:\/\/vieassociative.be\/actualites\/","name":"Vie Associative","description":"","publisher":{"@id":"https:\/\/vieassociative.be\/actualites\/#organization"},"potentialAction":[{"@type":"SearchAction","target":{"@type":"EntryPoint","urlTemplate":"https:\/\/vieassociative.be\/actualites\/?s={search_term_string}"},"query-input":{"@type":"PropertyValueSpecification","valueRequired":true,"valueName":"search_term_string"}}],"inLanguage":"fr-BE"},{"@type":"Organization","@id":"https:\/\/vieassociative.be\/actualites\/#organization","name":"Vie Associative","url":"https:\/\/vieassociative.be\/actualites\/","logo":{"@type":"ImageObject","inLanguage":"fr-BE","@id":"https:\/\/vieassociative.be\/actualites\/#\/schema\/logo\/image\/","url":"https:\/\/vieassociative.be\/actualites\/wp-content\/uploads\/2024\/09\/cropped-vieassociative_favicon.ico.png","contentUrl":"https:\/\/vieassociative.be\/actualites\/wp-content\/uploads\/2024\/09\/cropped-vieassociative_favicon.ico.png","width":512,"height":512,"caption":"Vie Associative"},"image":{"@id":"https:\/\/vieassociative.be\/actualites\/#\/schema\/logo\/image\/"}},{"@type":"Person","@id":"https:\/\/vieassociative.be\/actualites\/#\/schema\/person\/b87ac4f82f9d4e7b7cec7395b679edc4","name":"Julien","image":{"@type":"ImageObject","inLanguage":"fr-BE","@id":"https:\/\/vieassociative.be\/actualites\/#\/schema\/person\/image\/","url":"https:\/\/vieassociative.be\/actualites\/wp-content\/uploads\/2024\/09\/vie-associative-1-150x150.jpg","contentUrl":"https:\/\/vieassociative.be\/actualites\/wp-content\/uploads\/2024\/09\/vie-associative-1-150x150.jpg","caption":"Julien"},"description":"Je suis Julien, r\u00e9dacteur pour Vie Associative. Passionn\u00e9 par le monde associatif depuis plus de 10 ans, j'ai \u00e0 c\u0153ur de partager des histoires inspirantes et de mettre en lumi\u00e8re les initiatives locales. Mon objectif est de sensibiliser et d'encourager l'engagement communautaire \u00e0 travers mes articles.","sameAs":["https:\/\/vieassociative.be\/"]}]}},"_links":{"self":[{"href":"https:\/\/vieassociative.be\/actualites\/wp-json\/wp\/v2\/posts\/11873"}],"collection":[{"href":"https:\/\/vieassociative.be\/actualites\/wp-json\/wp\/v2\/posts"}],"about":[{"href":"https:\/\/vieassociative.be\/actualites\/wp-json\/wp\/v2\/types\/post"}],"author":[{"embeddable":true,"href":"https:\/\/vieassociative.be\/actualites\/wp-json\/wp\/v2\/users\/1"}],"replies":[{"embeddable":true,"href":"https:\/\/vieassociative.be\/actualites\/wp-json\/wp\/v2\/comments?post=11873"}],"version-history":[{"count":0,"href":"https:\/\/vieassociative.be\/actualites\/wp-json\/wp\/v2\/posts\/11873\/revisions"}],"wp:featuredmedia":[{"embeddable":true,"href":"https:\/\/vieassociative.be\/actualites\/wp-json\/wp\/v2\/media\/10936"}],"wp:attachment":[{"href":"https:\/\/vieassociative.be\/actualites\/wp-json\/wp\/v2\/media?parent=11873"}],"wp:term":[{"taxonomy":"category","embeddable":true,"href":"https:\/\/vieassociative.be\/actualites\/wp-json\/wp\/v2\/categories?post=11873"},{"taxonomy":"post_tag","embeddable":true,"href":"https:\/\/vieassociative.be\/actualites\/wp-json\/wp\/v2\/tags?post=11873"}],"curies":[{"name":"wp","href":"https:\/\/api.w.org\/{rel}","templated":true}]}}