{"id":11871,"date":"2025-12-16T20:17:42","date_gmt":"2025-12-16T19:17:42","guid":{"rendered":"https:\/\/vieassociative.be\/actualites\/des-bobines-instagram-pourraient-arriver-sur-votre-televiseur\/"},"modified":"2025-12-16T20:17:42","modified_gmt":"2025-12-16T19:17:42","slug":"des-bobines-instagram-pourraient-arriver-sur-votre-televiseur","status":"publish","type":"post","link":"https:\/\/vieassociative.be\/actualites\/des-bobines-instagram-pourraient-arriver-sur-votre-televiseur\/","title":{"rendered":"Des bobines Instagram pourraient arriver sur votre t\u00e9l\u00e9viseur"},"content":{"rendered":"<p>Au moment o\u00f9 j&rsquo;\u00e9cris ces lignes, je sors d&rsquo;une pause d\u00e9jeuner qui a dur\u00e9 un peu trop longtemps car je ne pouvais pas m&rsquo;arr\u00eater de regarder YouTube Shorts sur ma t\u00e9l\u00e9. Et si les Instagram Reels sont votre propre poison vid\u00e9o vertical et que vous poss\u00e9dez un appareil Amazon Fire TV, vous pouvez d\u00e9sormais faire de m\u00eame. \u00c0 partir d&rsquo;aujourd&rsquo;hui, vous pouvez t\u00e9l\u00e9charger la nouvelle application Instagram pour TV pour regarder Reels sur votre grand \u00e9cran via une interface d\u00e9di\u00e9e qui devrait \u00eatre bien plus naturelle que de simplement diffuser l&rsquo;application mobile depuis votre t\u00e9l\u00e9phone.<\/p>\n<p>Actuellement exclusive aux appareils Amazon, l&rsquo;application Instagram pour TV prend en charge jusqu&rsquo;\u00e0 cinq comptes et est dot\u00e9e de fonctionnalit\u00e9s compl\u00e8tes pour rechercher des bobines et des profils, ainsi que pour aimer les bobines et parcourir les commentaires ou les r\u00e9actions (bien que les publications texte et les publications photo ne soient pas incluses). Contrairement au flux mobile standard, Amazon indique que \u00ab les bobines sont organis\u00e9es en cha\u00eenes adapt\u00e9es \u00e0 vos int\u00e9r\u00eats \u00bb, que vous pouvez voir sur un \u00e9cran d&rsquo;accueil horizontal. <\/p>\n<p>Ces cha\u00eenes sont quelque peu similaires \u00e0 l&rsquo;interface YouTube Shorts int\u00e9gr\u00e9e \u00e0 l&rsquo;application YouTube TV standard, vous montrant une petite s\u00e9lection de courts m\u00e9trages parmi lesquels vous pouvez choisir en fonction d&rsquo;une vignette. Les exemples incluent \u00ab\u00a0Pour vous\u00a0\u00bb et \u00ab\u00a0Populaire aupr\u00e8s des amis\u00a0\u00bb, mais vous pouvez \u00e9galement toujours parcourir n&rsquo;importe quelle bobine \u00e0 votre guise et laisser l&rsquo;algorithme vous emmener faire un tour. Un article de Meta indique \u00e9galement que les cha\u00eenes pourraient inclure des bobines adapt\u00e9es \u00e0 des sujets sp\u00e9cifiques qui correspondent \u00e0 vos int\u00e9r\u00eats, comme des \u00ab moments forts sportifs \u00bb ou des \u00ab joyaux de voyage cach\u00e9s \u00bb, bien que la soci\u00e9t\u00e9 n&rsquo;ait pas encore fourni de captures d&rsquo;\u00e9cran ou de vid\u00e9os montrant cela.<\/p>\n<p>Selon Meta, la nouvelle application est actuellement \u00ab un premier test \u00bb. Cela commence avec les appareils Amazon bas\u00e9s aux \u00c9tats-Unis, et la soci\u00e9t\u00e9 affirme qu&rsquo;elle \u00ab s&rsquo;\u00e9tendra \u00e0 davantage d&rsquo;appareils et de pays \u00bb \u00e0 mesure qu&rsquo;elle en apprendra davantage (Amazon affirme \u00e9galement qu&rsquo;elle est la \u00ab premi\u00e8re \u00bb entreprise \u00e0 obtenir l&rsquo;application, ce qui implique que d&rsquo;autres obtiendront leurs propres versions \u00e0 l&rsquo;avenir). <\/p>\n<h2 id=\"what-devices-support-instagram-for-tv\">Quels appareils prennent en charge Instagram pour la t\u00e9l\u00e9vision\u00a0?<\/h2>\n<p>Actuellement, l&rsquo;application Instagram pour TV est disponible dans l&rsquo;Amazon Appstore pour les appareils suivants :<\/p>\n<ul>\n<li>\n<p>Cl\u00e9 TV Fire HD<\/p>\n<\/li>\n<li>\n<p>Cl\u00e9 Fire TV 4K Plus<\/p>\n<\/li>\n<li>\n<p>Fire TV Stick 4K Max (1re et 2e g\u00e9n\u00e9ration)<\/p>\n<\/li>\n<li>\n<p>S\u00e9rie Fire TV 2<\/p>\n<\/li>\n<li>\n<p>Fire TV s\u00e9rie 4<\/p>\n<\/li>\n<li>\n<p>S\u00e9rie Fire TV Omni QLED<\/p>\n<\/li>\n<\/ul>\n<p>En plus d&rsquo;ajouter des cha\u00eenes \u00e0 l&rsquo;exp\u00e9rience Reels, Meta indique que les futures mises \u00e0 jour pourraient \u00e9galement ajouter des moyens d&rsquo;utiliser votre t\u00e9l\u00e9phone comme t\u00e9l\u00e9commande, de partager des flux avec des amis et d&rsquo;explorer \u00ab\u00a0une mani\u00e8re plus intuitive de surfer sur les cha\u00eenes\u00a0\u00bb.<\/p>\n<p>Instagram pour la t\u00e9l\u00e9vision laisse TikTok comme la derni\u00e8re grande plate-forme vid\u00e9o courte sans application TV d\u00e9di\u00e9e, bien que The Information ait rapport\u00e9 plus t\u00f4t cet \u00e9t\u00e9 que TikTok cherche \u00e0 rattraper son retard bient\u00f4t.<\/p>\n<h2 id=\"how-to-watch-instagram-reels-on-any-smart-tv-or-streaming-device\">Comment regarder Instagram Reels sur n\u2019importe quel t\u00e9l\u00e9viseur intelligent ou appareil de streaming<\/h2>\n<p>Bien que la prise en charge officielle d&rsquo;Instagram pour la t\u00e9l\u00e9vision soit actuellement limit\u00e9e aux appareils Amazon, cela ne signifie pas que vous n&rsquo;avez pas de chance si vous n&rsquo;avez pas de cl\u00e9 ou d&rsquo;\u00e9cran Fire TV. Pour regarder Instagram Reels sur votre t\u00e9l\u00e9viseur sans utiliser l&rsquo;application Instagram pour TV, ouvrez Instagram Reels sur votre t\u00e9l\u00e9phone et commencez \u00e0 naviguer. Ensuite, ouvrez le menu des param\u00e8tres rapides de votre t\u00e9l\u00e9phone en faisant glisser votre doigt depuis le coin sup\u00e9rieur droit. <\/p>\n<p>Sur iOS, recherchez le bouton de mise en miroir d&rsquo;\u00e9cran (qui ressemble \u00e0 deux \u00e9crans qui se chevauchent) et sur Android, recherchez un bouton qui dit quelque chose comme \u00ab\u00a0Cast\u00a0\u00bb (cela varie en fonction de votre appareil). Appuyez dessus pour voir tous les appareils de mise en miroir d&rsquo;\u00e9cran sans fil compatibles \u00e0 proximit\u00e9, ce qui vous permettra de visualiser l&rsquo;application mobile Instagram sur un \u00e9cran de t\u00e9l\u00e9viseur et m\u00eame d&rsquo;envoyer de l&rsquo;audio avec. Ce n&rsquo;est pas infaillible (mon t\u00e9l\u00e9viseur LG OLED fonctionne avec iOS Screen Mirroring mais pas avec Pixel Casting), mais cela vaut le coup.<\/p>\n<p><script async src=\"\/\/www.instagram.com\/embed.js\"><\/script><\/p>\n","protected":false},"excerpt":{"rendered":"<p>Au moment o\u00f9 j&rsquo;\u00e9cris ces lignes, je sors d&rsquo;une pause d\u00e9jeuner qui a dur\u00e9 un peu trop longtemps car je ne pouvais pas m&rsquo;arr\u00eater de<\/p>\n","protected":false},"author":1,"featured_media":11872,"comment_status":"","ping_status":"","sticky":false,"template":"","format":"standard","meta":{"footnotes":""},"categories":[13],"tags":[8209,9564,29,2282,1168,33,1978,8],"class_list":["post-11871","post","type-post","status-publish","format-standard","has-post-thumbnail","hentry","category-technologie","tag-arriver","tag-bobines","tag-des","tag-instagram","tag-pourraient","tag-sur","tag-televiseur","tag-votre","generate-columns","tablet-grid-50","mobile-grid-100","grid-parent","grid-33"],"yoast_head":"<!-- This site is optimized with the Yoast SEO plugin v24.0 - https:\/\/yoast.com\/wordpress\/plugins\/seo\/ -->\n<title>Des bobines Instagram pourraient arriver sur votre t\u00e9l\u00e9viseur | Vie Associative<\/title>\n<meta name=\"robots\" content=\"index, follow, max-snippet:-1, max-image-preview:large, max-video-preview:-1\" \/>\n<link rel=\"canonical\" href=\"https:\/\/vieassociative.be\/actualites\/des-bobines-instagram-pourraient-arriver-sur-votre-televiseur\/\" \/>\n<meta property=\"og:locale\" content=\"fr_FR\" \/>\n<meta property=\"og:type\" content=\"article\" \/>\n<meta property=\"og:title\" content=\"Des bobines Instagram pourraient arriver sur votre t\u00e9l\u00e9viseur | Vie Associative\" \/>\n<meta property=\"og:description\" content=\"Au moment o\u00f9 j&rsquo;\u00e9cris ces lignes, je sors d&rsquo;une pause d\u00e9jeuner qui a dur\u00e9 un peu trop longtemps car je ne pouvais pas m&rsquo;arr\u00eater de\" \/>\n<meta property=\"og:url\" content=\"https:\/\/vieassociative.be\/actualites\/des-bobines-instagram-pourraient-arriver-sur-votre-televiseur\/\" \/>\n<meta property=\"og:site_name\" content=\"Vie Associative\" \/>\n<meta property=\"article:published_time\" content=\"2025-12-16T19:17:42+00:00\" \/>\n<meta property=\"og:image\" content=\"https:\/\/vieassociative.be\/actualites\/wp-content\/uploads\/2024\/09\/header_backgroundk-01-e1726694325946.png\" \/>\n\t<meta property=\"og:image:width\" content=\"279\" \/>\n\t<meta property=\"og:image:height\" content=\"92\" \/>\n\t<meta property=\"og:image:type\" content=\"image\/png\" \/>\n<meta name=\"author\" content=\"Julien\" \/>\n<meta name=\"twitter:card\" content=\"summary_large_image\" \/>\n<meta name=\"twitter:label1\" content=\"\u00c9crit par\" \/>\n\t<meta name=\"twitter:data1\" content=\"Julien\" \/>\n\t<meta name=\"twitter:label2\" content=\"Dur\u00e9e de lecture est.\" \/>\n\t<meta name=\"twitter:data2\" content=\"4 minutes\" \/>\n<script type=\"application\/ld+json\" class=\"yoast-schema-graph\">{\"@context\":\"https:\/\/schema.org\",\"@graph\":[{\"@type\":\"Article\",\"@id\":\"https:\/\/vieassociative.be\/actualites\/des-bobines-instagram-pourraient-arriver-sur-votre-televiseur\/#article\",\"isPartOf\":{\"@id\":\"https:\/\/vieassociative.be\/actualites\/des-bobines-instagram-pourraient-arriver-sur-votre-televiseur\/\"},\"author\":{\"name\":\"Julien\",\"@id\":\"https:\/\/vieassociative.be\/actualites\/#\/schema\/person\/b87ac4f82f9d4e7b7cec7395b679edc4\"},\"headline\":\"Des bobines Instagram pourraient arriver sur votre t\u00e9l\u00e9viseur\",\"datePublished\":\"2025-12-16T19:17:42+00:00\",\"dateModified\":\"2025-12-16T19:17:42+00:00\",\"mainEntityOfPage\":{\"@id\":\"https:\/\/vieassociative.be\/actualites\/des-bobines-instagram-pourraient-arriver-sur-votre-televiseur\/\"},\"wordCount\":783,\"publisher\":{\"@id\":\"https:\/\/vieassociative.be\/actualites\/#organization\"},\"image\":{\"@id\":\"https:\/\/vieassociative.be\/actualites\/des-bobines-instagram-pourraient-arriver-sur-votre-televiseur\/#primaryimage\"},\"thumbnailUrl\":\"https:\/\/vieassociative.be\/actualites\/wp-content\/uploads\/2025\/12\/Des-bobines-Instagram-pourraient-arriver-sur-votre-televiseur.webp.webp\",\"keywords\":[\"arriver\",\"bobines\",\"Des\",\"Instagram\",\"pourraient\",\"sur\",\"t\u00e9l\u00e9viseur\",\"votre\"],\"articleSection\":[\"Technologie\"],\"inLanguage\":\"fr-BE\"},{\"@type\":\"WebPage\",\"@id\":\"https:\/\/vieassociative.be\/actualites\/des-bobines-instagram-pourraient-arriver-sur-votre-televiseur\/\",\"url\":\"https:\/\/vieassociative.be\/actualites\/des-bobines-instagram-pourraient-arriver-sur-votre-televiseur\/\",\"name\":\"Des bobines Instagram pourraient arriver sur votre t\u00e9l\u00e9viseur | Vie Associative\",\"isPartOf\":{\"@id\":\"https:\/\/vieassociative.be\/actualites\/#website\"},\"primaryImageOfPage\":{\"@id\":\"https:\/\/vieassociative.be\/actualites\/des-bobines-instagram-pourraient-arriver-sur-votre-televiseur\/#primaryimage\"},\"image\":{\"@id\":\"https:\/\/vieassociative.be\/actualites\/des-bobines-instagram-pourraient-arriver-sur-votre-televiseur\/#primaryimage\"},\"thumbnailUrl\":\"https:\/\/vieassociative.be\/actualites\/wp-content\/uploads\/2025\/12\/Des-bobines-Instagram-pourraient-arriver-sur-votre-televiseur.webp.webp\",\"datePublished\":\"2025-12-16T19:17:42+00:00\",\"dateModified\":\"2025-12-16T19:17:42+00:00\",\"breadcrumb\":{\"@id\":\"https:\/\/vieassociative.be\/actualites\/des-bobines-instagram-pourraient-arriver-sur-votre-televiseur\/#breadcrumb\"},\"inLanguage\":\"fr-BE\",\"potentialAction\":[{\"@type\":\"ReadAction\",\"target\":[\"https:\/\/vieassociative.be\/actualites\/des-bobines-instagram-pourraient-arriver-sur-votre-televiseur\/\"]}]},{\"@type\":\"ImageObject\",\"inLanguage\":\"fr-BE\",\"@id\":\"https:\/\/vieassociative.be\/actualites\/des-bobines-instagram-pourraient-arriver-sur-votre-televiseur\/#primaryimage\",\"url\":\"https:\/\/vieassociative.be\/actualites\/wp-content\/uploads\/2025\/12\/Des-bobines-Instagram-pourraient-arriver-sur-votre-televiseur.webp.webp\",\"contentUrl\":\"https:\/\/vieassociative.be\/actualites\/wp-content\/uploads\/2025\/12\/Des-bobines-Instagram-pourraient-arriver-sur-votre-televiseur.webp.webp\",\"width\":1200,\"height\":675,\"caption\":\"Des bobines Instagram pourraient arriver sur votre t\u00e9l\u00e9viseur\"},{\"@type\":\"BreadcrumbList\",\"@id\":\"https:\/\/vieassociative.be\/actualites\/des-bobines-instagram-pourraient-arriver-sur-votre-televiseur\/#breadcrumb\",\"itemListElement\":[{\"@type\":\"ListItem\",\"position\":1,\"name\":\"Accueil\",\"item\":\"https:\/\/vieassociative.be\/actualites\/\"},{\"@type\":\"ListItem\",\"position\":2,\"name\":\"Des bobines Instagram pourraient arriver sur votre t\u00e9l\u00e9viseur\"}]},{\"@type\":\"WebSite\",\"@id\":\"https:\/\/vieassociative.be\/actualites\/#website\",\"url\":\"https:\/\/vieassociative.be\/actualites\/\",\"name\":\"Vie Associative\",\"description\":\"\",\"publisher\":{\"@id\":\"https:\/\/vieassociative.be\/actualites\/#organization\"},\"potentialAction\":[{\"@type\":\"SearchAction\",\"target\":{\"@type\":\"EntryPoint\",\"urlTemplate\":\"https:\/\/vieassociative.be\/actualites\/?s={search_term_string}\"},\"query-input\":{\"@type\":\"PropertyValueSpecification\",\"valueRequired\":true,\"valueName\":\"search_term_string\"}}],\"inLanguage\":\"fr-BE\"},{\"@type\":\"Organization\",\"@id\":\"https:\/\/vieassociative.be\/actualites\/#organization\",\"name\":\"Vie Associative\",\"url\":\"https:\/\/vieassociative.be\/actualites\/\",\"logo\":{\"@type\":\"ImageObject\",\"inLanguage\":\"fr-BE\",\"@id\":\"https:\/\/vieassociative.be\/actualites\/#\/schema\/logo\/image\/\",\"url\":\"https:\/\/vieassociative.be\/actualites\/wp-content\/uploads\/2024\/09\/cropped-vieassociative_favicon.ico.png\",\"contentUrl\":\"https:\/\/vieassociative.be\/actualites\/wp-content\/uploads\/2024\/09\/cropped-vieassociative_favicon.ico.png\",\"width\":512,\"height\":512,\"caption\":\"Vie Associative\"},\"image\":{\"@id\":\"https:\/\/vieassociative.be\/actualites\/#\/schema\/logo\/image\/\"}},{\"@type\":\"Person\",\"@id\":\"https:\/\/vieassociative.be\/actualites\/#\/schema\/person\/b87ac4f82f9d4e7b7cec7395b679edc4\",\"name\":\"Julien\",\"image\":{\"@type\":\"ImageObject\",\"inLanguage\":\"fr-BE\",\"@id\":\"https:\/\/vieassociative.be\/actualites\/#\/schema\/person\/image\/\",\"url\":\"https:\/\/vieassociative.be\/actualites\/wp-content\/uploads\/2024\/09\/vie-associative-1-150x150.jpg\",\"contentUrl\":\"https:\/\/vieassociative.be\/actualites\/wp-content\/uploads\/2024\/09\/vie-associative-1-150x150.jpg\",\"caption\":\"Julien\"},\"description\":\"Je suis Julien, r\u00e9dacteur pour Vie Associative. Passionn\u00e9 par le monde associatif depuis plus de 10 ans, j'ai \u00e0 c\u0153ur de partager des histoires inspirantes et de mettre en lumi\u00e8re les initiatives locales. Mon objectif est de sensibiliser et d'encourager l'engagement communautaire \u00e0 travers mes articles.\",\"sameAs\":[\"https:\/\/vieassociative.be\/\"]}]}<\/script>\n<!-- \/ Yoast SEO plugin. -->","yoast_head_json":{"title":"Des bobines Instagram pourraient arriver sur votre t\u00e9l\u00e9viseur | Vie Associative","robots":{"index":"index","follow":"follow","max-snippet":"max-snippet:-1","max-image-preview":"max-image-preview:large","max-video-preview":"max-video-preview:-1"},"canonical":"https:\/\/vieassociative.be\/actualites\/des-bobines-instagram-pourraient-arriver-sur-votre-televiseur\/","og_locale":"fr_FR","og_type":"article","og_title":"Des bobines Instagram pourraient arriver sur votre t\u00e9l\u00e9viseur | Vie Associative","og_description":"Au moment o\u00f9 j&rsquo;\u00e9cris ces lignes, je sors d&rsquo;une pause d\u00e9jeuner qui a dur\u00e9 un peu trop longtemps car je ne pouvais pas m&rsquo;arr\u00eater de","og_url":"https:\/\/vieassociative.be\/actualites\/des-bobines-instagram-pourraient-arriver-sur-votre-televiseur\/","og_site_name":"Vie Associative","article_published_time":"2025-12-16T19:17:42+00:00","og_image":[{"width":279,"height":92,"url":"https:\/\/vieassociative.be\/actualites\/wp-content\/uploads\/2024\/09\/header_backgroundk-01-e1726694325946.png","type":"image\/png"}],"author":"Julien","twitter_card":"summary_large_image","twitter_misc":{"\u00c9crit par":"Julien","Dur\u00e9e de lecture est.":"4 minutes"},"schema":{"@context":"https:\/\/schema.org","@graph":[{"@type":"Article","@id":"https:\/\/vieassociative.be\/actualites\/des-bobines-instagram-pourraient-arriver-sur-votre-televiseur\/#article","isPartOf":{"@id":"https:\/\/vieassociative.be\/actualites\/des-bobines-instagram-pourraient-arriver-sur-votre-televiseur\/"},"author":{"name":"Julien","@id":"https:\/\/vieassociative.be\/actualites\/#\/schema\/person\/b87ac4f82f9d4e7b7cec7395b679edc4"},"headline":"Des bobines Instagram pourraient arriver sur votre t\u00e9l\u00e9viseur","datePublished":"2025-12-16T19:17:42+00:00","dateModified":"2025-12-16T19:17:42+00:00","mainEntityOfPage":{"@id":"https:\/\/vieassociative.be\/actualites\/des-bobines-instagram-pourraient-arriver-sur-votre-televiseur\/"},"wordCount":783,"publisher":{"@id":"https:\/\/vieassociative.be\/actualites\/#organization"},"image":{"@id":"https:\/\/vieassociative.be\/actualites\/des-bobines-instagram-pourraient-arriver-sur-votre-televiseur\/#primaryimage"},"thumbnailUrl":"https:\/\/vieassociative.be\/actualites\/wp-content\/uploads\/2025\/12\/Des-bobines-Instagram-pourraient-arriver-sur-votre-televiseur.webp.webp","keywords":["arriver","bobines","Des","Instagram","pourraient","sur","t\u00e9l\u00e9viseur","votre"],"articleSection":["Technologie"],"inLanguage":"fr-BE"},{"@type":"WebPage","@id":"https:\/\/vieassociative.be\/actualites\/des-bobines-instagram-pourraient-arriver-sur-votre-televiseur\/","url":"https:\/\/vieassociative.be\/actualites\/des-bobines-instagram-pourraient-arriver-sur-votre-televiseur\/","name":"Des bobines Instagram pourraient arriver sur votre t\u00e9l\u00e9viseur | Vie Associative","isPartOf":{"@id":"https:\/\/vieassociative.be\/actualites\/#website"},"primaryImageOfPage":{"@id":"https:\/\/vieassociative.be\/actualites\/des-bobines-instagram-pourraient-arriver-sur-votre-televiseur\/#primaryimage"},"image":{"@id":"https:\/\/vieassociative.be\/actualites\/des-bobines-instagram-pourraient-arriver-sur-votre-televiseur\/#primaryimage"},"thumbnailUrl":"https:\/\/vieassociative.be\/actualites\/wp-content\/uploads\/2025\/12\/Des-bobines-Instagram-pourraient-arriver-sur-votre-televiseur.webp.webp","datePublished":"2025-12-16T19:17:42+00:00","dateModified":"2025-12-16T19:17:42+00:00","breadcrumb":{"@id":"https:\/\/vieassociative.be\/actualites\/des-bobines-instagram-pourraient-arriver-sur-votre-televiseur\/#breadcrumb"},"inLanguage":"fr-BE","potentialAction":[{"@type":"ReadAction","target":["https:\/\/vieassociative.be\/actualites\/des-bobines-instagram-pourraient-arriver-sur-votre-televiseur\/"]}]},{"@type":"ImageObject","inLanguage":"fr-BE","@id":"https:\/\/vieassociative.be\/actualites\/des-bobines-instagram-pourraient-arriver-sur-votre-televiseur\/#primaryimage","url":"https:\/\/vieassociative.be\/actualites\/wp-content\/uploads\/2025\/12\/Des-bobines-Instagram-pourraient-arriver-sur-votre-televiseur.webp.webp","contentUrl":"https:\/\/vieassociative.be\/actualites\/wp-content\/uploads\/2025\/12\/Des-bobines-Instagram-pourraient-arriver-sur-votre-televiseur.webp.webp","width":1200,"height":675,"caption":"Des bobines Instagram pourraient arriver sur votre t\u00e9l\u00e9viseur"},{"@type":"BreadcrumbList","@id":"https:\/\/vieassociative.be\/actualites\/des-bobines-instagram-pourraient-arriver-sur-votre-televiseur\/#breadcrumb","itemListElement":[{"@type":"ListItem","position":1,"name":"Accueil","item":"https:\/\/vieassociative.be\/actualites\/"},{"@type":"ListItem","position":2,"name":"Des bobines Instagram pourraient arriver sur votre t\u00e9l\u00e9viseur"}]},{"@type":"WebSite","@id":"https:\/\/vieassociative.be\/actualites\/#website","url":"https:\/\/vieassociative.be\/actualites\/","name":"Vie Associative","description":"","publisher":{"@id":"https:\/\/vieassociative.be\/actualites\/#organization"},"potentialAction":[{"@type":"SearchAction","target":{"@type":"EntryPoint","urlTemplate":"https:\/\/vieassociative.be\/actualites\/?s={search_term_string}"},"query-input":{"@type":"PropertyValueSpecification","valueRequired":true,"valueName":"search_term_string"}}],"inLanguage":"fr-BE"},{"@type":"Organization","@id":"https:\/\/vieassociative.be\/actualites\/#organization","name":"Vie Associative","url":"https:\/\/vieassociative.be\/actualites\/","logo":{"@type":"ImageObject","inLanguage":"fr-BE","@id":"https:\/\/vieassociative.be\/actualites\/#\/schema\/logo\/image\/","url":"https:\/\/vieassociative.be\/actualites\/wp-content\/uploads\/2024\/09\/cropped-vieassociative_favicon.ico.png","contentUrl":"https:\/\/vieassociative.be\/actualites\/wp-content\/uploads\/2024\/09\/cropped-vieassociative_favicon.ico.png","width":512,"height":512,"caption":"Vie Associative"},"image":{"@id":"https:\/\/vieassociative.be\/actualites\/#\/schema\/logo\/image\/"}},{"@type":"Person","@id":"https:\/\/vieassociative.be\/actualites\/#\/schema\/person\/b87ac4f82f9d4e7b7cec7395b679edc4","name":"Julien","image":{"@type":"ImageObject","inLanguage":"fr-BE","@id":"https:\/\/vieassociative.be\/actualites\/#\/schema\/person\/image\/","url":"https:\/\/vieassociative.be\/actualites\/wp-content\/uploads\/2024\/09\/vie-associative-1-150x150.jpg","contentUrl":"https:\/\/vieassociative.be\/actualites\/wp-content\/uploads\/2024\/09\/vie-associative-1-150x150.jpg","caption":"Julien"},"description":"Je suis Julien, r\u00e9dacteur pour Vie Associative. Passionn\u00e9 par le monde associatif depuis plus de 10 ans, j'ai \u00e0 c\u0153ur de partager des histoires inspirantes et de mettre en lumi\u00e8re les initiatives locales. Mon objectif est de sensibiliser et d'encourager l'engagement communautaire \u00e0 travers mes articles.","sameAs":["https:\/\/vieassociative.be\/"]}]}},"_links":{"self":[{"href":"https:\/\/vieassociative.be\/actualites\/wp-json\/wp\/v2\/posts\/11871"}],"collection":[{"href":"https:\/\/vieassociative.be\/actualites\/wp-json\/wp\/v2\/posts"}],"about":[{"href":"https:\/\/vieassociative.be\/actualites\/wp-json\/wp\/v2\/types\/post"}],"author":[{"embeddable":true,"href":"https:\/\/vieassociative.be\/actualites\/wp-json\/wp\/v2\/users\/1"}],"replies":[{"embeddable":true,"href":"https:\/\/vieassociative.be\/actualites\/wp-json\/wp\/v2\/comments?post=11871"}],"version-history":[{"count":0,"href":"https:\/\/vieassociative.be\/actualites\/wp-json\/wp\/v2\/posts\/11871\/revisions"}],"wp:featuredmedia":[{"embeddable":true,"href":"https:\/\/vieassociative.be\/actualites\/wp-json\/wp\/v2\/media\/11872"}],"wp:attachment":[{"href":"https:\/\/vieassociative.be\/actualites\/wp-json\/wp\/v2\/media?parent=11871"}],"wp:term":[{"taxonomy":"category","embeddable":true,"href":"https:\/\/vieassociative.be\/actualites\/wp-json\/wp\/v2\/categories?post=11871"},{"taxonomy":"post_tag","embeddable":true,"href":"https:\/\/vieassociative.be\/actualites\/wp-json\/wp\/v2\/tags?post=11871"}],"curies":[{"name":"wp","href":"https:\/\/api.w.org\/{rel}","templated":true}]}}