{"id":11869,"date":"2025-12-16T15:18:45","date_gmt":"2025-12-16T14:18:45","guid":{"rendered":"https:\/\/vieassociative.be\/actualites\/lukaku-sur-le-point-de-faire-son-retour-apres-une-pause-de-quatre-mois\/"},"modified":"2025-12-16T15:18:45","modified_gmt":"2025-12-16T14:18:45","slug":"lukaku-sur-le-point-de-faire-son-retour-apres-une-pause-de-quatre-mois","status":"publish","type":"post","link":"https:\/\/vieassociative.be\/actualites\/lukaku-sur-le-point-de-faire-son-retour-apres-une-pause-de-quatre-mois\/","title":{"rendered":"Lukaku sur le point de faire son retour apr\u00e8s une pause de quatre mois"},"content":{"rendered":"<p><strong>Les Tifosi du SSC Napoli et les supporters de l&rsquo;\u00e9quipe nationale belge de football l&rsquo;attendaient avec impatience : apr\u00e8s quatre mois d&rsquo;arr\u00eat pour blessure, Romelu Lukaku est sur le point de faire son grand retour.<\/strong><\/p>\n<p><span id=\"more-432052\"><\/span>L&rsquo;avant-centre de 32 ans fait partie de l&rsquo;\u00e9quipe de Naples qui se rendra en Arabie Saoudite. La Supercoupe d&rsquo;Italie s&rsquo;y d\u00e9roule. Le tournoi \u00e0 quatre \u00e9quipes comprend le SSC Napoli et l&rsquo;AC Milan ce jeudi 18 d\u00e9cembre, ainsi que Bologne et l&rsquo;Inter Milan vendredi 19 d\u00e9cembre. La finale aura ensuite lieu le lundi 22 d\u00e9cembre.<\/p>\n<p>Il est fort possible que Romelu Lukaku dispute ses premi\u00e8res minutes en match officiel cette saison \u00e0 Riyad. Le Diable Rouge, bless\u00e9 depuis un match amical contre l&rsquo;Olympiakos \u00e0 la mi-ao\u00fbt, fait partie du groupe de joueurs nomm\u00e9s par l&rsquo;entra\u00eeneur Antonio Conte pour la Super Coupe.<\/p>\n<div id=\"attachment_416168\" class=\"wp-caption alignleft\" style=\"max-width: 300px\"><img fetchpriority=\"high\" decoding=\"async\" class=\"wp-image-416168 size-medium\" src=\"https:\/\/vieassociative.be\/actualites\/wp-content\/uploads\/2025\/08\/Breaks-for-the-ssc-Naples-and-the-Red-Devil-Torganant.jpg\" alt=\"\" width=\"300\" height=\"200\"><\/div>\n<p>Le 14 ao\u00fbt, \u00ab Big Rom \u00bb est victime d&rsquo;une d\u00e9chirure du muscle ant\u00e9rieur droit qui l&#8217;emp\u00eache de jouer sur les terrains pendant quatre mois. Le retour de Lukaku sera tr\u00e8s bon pour le SSC Napoli, qui occupe actuellement la troisi\u00e8me place de la Serie A, \u00e0 deux points du leader, l&rsquo;Inter Milan, car les Napolitains ont besoin de leur meilleur buteur pour d\u00e9fendre leur titre de champion. Lukaku a marqu\u00e9 14 buts en 38 matchs la saison derni\u00e8re.<\/p>\n<p>Le retour du meilleur buteur est \u00e9galement crucial pour les Diables Rouges : en son absence, le s\u00e9lectionneur national belge Rudi Garcia a d\u00fb constamment improviser car Lo\u00efs Openda n&rsquo;a pas r\u00e9ussi \u00e0 marquer de but. Charles De Ketelaere \u00e9tait donc align\u00e9 comme un \u00ab faux 9 \u00bb, mais ce n&rsquo;\u00e9tait qu&rsquo;une solution d&rsquo;urgence. Un v\u00e9ritable attaquant comme Lukaku est n\u00e9cessaire de toute urgence pour la Coupe du monde 2026, o\u00f9 la Belgique affrontera l\u2019\u00c9gypte, l\u2019Iran et la Nouvelle-Z\u00e9lande au tour pr\u00e9liminaire.<\/p>\n<p>Selon le journal sportif \u00ab\u00a0La Gazzetta dello Sport\u00a0\u00bb, le retour de Lukaku est important, surtout pour l&rsquo;\u00e9quipe du SSC Napoli : \u00ab\u00a0Big Roma est un symbole, un v\u00e9ritable leader, et pas seulement \u00e0 cause de ses exploits sur le terrain. R\u00e9cemment, il a \u00e9galement \u00e9t\u00e9 vu sur le banc de touche, donnant des instructions \u00e0 ses co\u00e9quipiers, pr\u00e9cis\u00e9ment parce qu&rsquo;il ne supporte plus de regarder depuis le banc de touche.\u00a0\u00bb<\/p>\n<p>L&rsquo;international belge remplace \u00e9galement son co\u00e9quipier et compatriote Kevin De Bruyne sur la liste europ\u00e9enne de l&rsquo;UEFA, puisque le milieu de terrain, qui a quitt\u00e9 Manchester City pour le V\u00e9suve cet \u00e9t\u00e9, sera absent jusqu&rsquo;au d\u00e9but de l&rsquo;ann\u00e9e 2026. Apr\u00e8s la nouvelle ann\u00e9e, les Napolitains affronteront d&rsquo;abord le FC Copenhague en Ligue des champions, puis Chelsea, o\u00f9 Lukaku \u00e9tait sous contrat de 2011 \u00e0 2013 et de 2021 \u00e0 2022. (cr\u00e9er)<\/p>\n","protected":false},"excerpt":{"rendered":"<p>Les Tifosi du SSC Napoli et les supporters de l&rsquo;\u00e9quipe nationale belge de football l&rsquo;attendaient avec impatience : apr\u00e8s quatre mois d&rsquo;arr\u00eat pour blessure, Romelu<\/p>\n","protected":false},"author":1,"featured_media":11870,"comment_status":"","ping_status":"","sticky":false,"template":"","format":"standard","meta":{"footnotes":""},"categories":[298],"tags":[472,127,3002,232,5739,174,1435,787,800,33,110],"class_list":["post-11869","post","type-post","status-publish","format-standard","has-post-thumbnail","hentry","category-belgique","tag-apres","tag-faire","tag-lukaku","tag-mois","tag-pause","tag-point","tag-quatre","tag-retour","tag-son","tag-sur","tag-une","generate-columns","tablet-grid-50","mobile-grid-100","grid-parent","grid-33"],"yoast_head":"<!-- This site is optimized with the Yoast SEO plugin v24.0 - https:\/\/yoast.com\/wordpress\/plugins\/seo\/ -->\n<title>Lukaku sur le point de faire son retour apr\u00e8s une pause de quatre mois | Vie Associative<\/title>\n<meta name=\"robots\" content=\"index, follow, max-snippet:-1, max-image-preview:large, max-video-preview:-1\" \/>\n<link rel=\"canonical\" href=\"https:\/\/vieassociative.be\/actualites\/lukaku-sur-le-point-de-faire-son-retour-apres-une-pause-de-quatre-mois\/\" \/>\n<meta property=\"og:locale\" content=\"fr_FR\" \/>\n<meta property=\"og:type\" content=\"article\" \/>\n<meta property=\"og:title\" content=\"Lukaku sur le point de faire son retour apr\u00e8s une pause de quatre mois | Vie Associative\" \/>\n<meta property=\"og:description\" content=\"Les Tifosi du SSC Napoli et les supporters de l&rsquo;\u00e9quipe nationale belge de football l&rsquo;attendaient avec impatience : apr\u00e8s quatre mois d&rsquo;arr\u00eat pour blessure, Romelu\" \/>\n<meta property=\"og:url\" content=\"https:\/\/vieassociative.be\/actualites\/lukaku-sur-le-point-de-faire-son-retour-apres-une-pause-de-quatre-mois\/\" \/>\n<meta property=\"og:site_name\" content=\"Vie Associative\" \/>\n<meta property=\"article:published_time\" content=\"2025-12-16T14:18:45+00:00\" \/>\n<meta property=\"og:image\" content=\"https:\/\/vieassociative.be\/actualites\/wp-content\/uploads\/2024\/09\/header_backgroundk-01-e1726694325946.png\" \/>\n\t<meta property=\"og:image:width\" content=\"279\" \/>\n\t<meta property=\"og:image:height\" content=\"92\" \/>\n\t<meta property=\"og:image:type\" content=\"image\/png\" \/>\n<meta name=\"author\" content=\"Julien\" \/>\n<meta name=\"twitter:card\" content=\"summary_large_image\" \/>\n<meta name=\"twitter:label1\" content=\"\u00c9crit par\" \/>\n\t<meta name=\"twitter:data1\" content=\"Julien\" \/>\n\t<meta name=\"twitter:label2\" content=\"Dur\u00e9e de lecture est.\" \/>\n\t<meta name=\"twitter:data2\" content=\"2 minutes\" \/>\n<script type=\"application\/ld+json\" class=\"yoast-schema-graph\">{\"@context\":\"https:\/\/schema.org\",\"@graph\":[{\"@type\":\"Article\",\"@id\":\"https:\/\/vieassociative.be\/actualites\/lukaku-sur-le-point-de-faire-son-retour-apres-une-pause-de-quatre-mois\/#article\",\"isPartOf\":{\"@id\":\"https:\/\/vieassociative.be\/actualites\/lukaku-sur-le-point-de-faire-son-retour-apres-une-pause-de-quatre-mois\/\"},\"author\":{\"name\":\"Julien\",\"@id\":\"https:\/\/vieassociative.be\/actualites\/#\/schema\/person\/b87ac4f82f9d4e7b7cec7395b679edc4\"},\"headline\":\"Lukaku sur le point de faire son retour apr\u00e8s une pause de quatre mois\",\"datePublished\":\"2025-12-16T14:18:45+00:00\",\"dateModified\":\"2025-12-16T14:18:45+00:00\",\"mainEntityOfPage\":{\"@id\":\"https:\/\/vieassociative.be\/actualites\/lukaku-sur-le-point-de-faire-son-retour-apres-une-pause-de-quatre-mois\/\"},\"wordCount\":488,\"publisher\":{\"@id\":\"https:\/\/vieassociative.be\/actualites\/#organization\"},\"image\":{\"@id\":\"https:\/\/vieassociative.be\/actualites\/lukaku-sur-le-point-de-faire-son-retour-apres-une-pause-de-quatre-mois\/#primaryimage\"},\"thumbnailUrl\":\"https:\/\/vieassociative.be\/actualites\/wp-content\/uploads\/2025\/12\/Lukaku-sur-le-point-de-faire-son-retour-apres-une.jpg\",\"keywords\":[\"Apr\u00e8s\",\"faire\",\"Lukaku\",\"mois\",\"pause\",\"point\",\"Quatre\",\"retour\",\"son\",\"sur\",\"une\"],\"articleSection\":[\"Belgique\"],\"inLanguage\":\"fr-BE\"},{\"@type\":\"WebPage\",\"@id\":\"https:\/\/vieassociative.be\/actualites\/lukaku-sur-le-point-de-faire-son-retour-apres-une-pause-de-quatre-mois\/\",\"url\":\"https:\/\/vieassociative.be\/actualites\/lukaku-sur-le-point-de-faire-son-retour-apres-une-pause-de-quatre-mois\/\",\"name\":\"Lukaku sur le point de faire son retour apr\u00e8s une pause de quatre mois | Vie Associative\",\"isPartOf\":{\"@id\":\"https:\/\/vieassociative.be\/actualites\/#website\"},\"primaryImageOfPage\":{\"@id\":\"https:\/\/vieassociative.be\/actualites\/lukaku-sur-le-point-de-faire-son-retour-apres-une-pause-de-quatre-mois\/#primaryimage\"},\"image\":{\"@id\":\"https:\/\/vieassociative.be\/actualites\/lukaku-sur-le-point-de-faire-son-retour-apres-une-pause-de-quatre-mois\/#primaryimage\"},\"thumbnailUrl\":\"https:\/\/vieassociative.be\/actualites\/wp-content\/uploads\/2025\/12\/Lukaku-sur-le-point-de-faire-son-retour-apres-une.jpg\",\"datePublished\":\"2025-12-16T14:18:45+00:00\",\"dateModified\":\"2025-12-16T14:18:45+00:00\",\"breadcrumb\":{\"@id\":\"https:\/\/vieassociative.be\/actualites\/lukaku-sur-le-point-de-faire-son-retour-apres-une-pause-de-quatre-mois\/#breadcrumb\"},\"inLanguage\":\"fr-BE\",\"potentialAction\":[{\"@type\":\"ReadAction\",\"target\":[\"https:\/\/vieassociative.be\/actualites\/lukaku-sur-le-point-de-faire-son-retour-apres-une-pause-de-quatre-mois\/\"]}]},{\"@type\":\"ImageObject\",\"inLanguage\":\"fr-BE\",\"@id\":\"https:\/\/vieassociative.be\/actualites\/lukaku-sur-le-point-de-faire-son-retour-apres-une-pause-de-quatre-mois\/#primaryimage\",\"url\":\"https:\/\/vieassociative.be\/actualites\/wp-content\/uploads\/2025\/12\/Lukaku-sur-le-point-de-faire-son-retour-apres-une.jpg\",\"contentUrl\":\"https:\/\/vieassociative.be\/actualites\/wp-content\/uploads\/2025\/12\/Lukaku-sur-le-point-de-faire-son-retour-apres-une.jpg\",\"width\":1200,\"height\":800,\"caption\":\"Lukaku sur le point de faire son retour apr\u00e8s une pause de quatre mois\"},{\"@type\":\"BreadcrumbList\",\"@id\":\"https:\/\/vieassociative.be\/actualites\/lukaku-sur-le-point-de-faire-son-retour-apres-une-pause-de-quatre-mois\/#breadcrumb\",\"itemListElement\":[{\"@type\":\"ListItem\",\"position\":1,\"name\":\"Accueil\",\"item\":\"https:\/\/vieassociative.be\/actualites\/\"},{\"@type\":\"ListItem\",\"position\":2,\"name\":\"Lukaku sur le point de faire son retour apr\u00e8s une pause de quatre mois\"}]},{\"@type\":\"WebSite\",\"@id\":\"https:\/\/vieassociative.be\/actualites\/#website\",\"url\":\"https:\/\/vieassociative.be\/actualites\/\",\"name\":\"Vie Associative\",\"description\":\"\",\"publisher\":{\"@id\":\"https:\/\/vieassociative.be\/actualites\/#organization\"},\"potentialAction\":[{\"@type\":\"SearchAction\",\"target\":{\"@type\":\"EntryPoint\",\"urlTemplate\":\"https:\/\/vieassociative.be\/actualites\/?s={search_term_string}\"},\"query-input\":{\"@type\":\"PropertyValueSpecification\",\"valueRequired\":true,\"valueName\":\"search_term_string\"}}],\"inLanguage\":\"fr-BE\"},{\"@type\":\"Organization\",\"@id\":\"https:\/\/vieassociative.be\/actualites\/#organization\",\"name\":\"Vie Associative\",\"url\":\"https:\/\/vieassociative.be\/actualites\/\",\"logo\":{\"@type\":\"ImageObject\",\"inLanguage\":\"fr-BE\",\"@id\":\"https:\/\/vieassociative.be\/actualites\/#\/schema\/logo\/image\/\",\"url\":\"https:\/\/vieassociative.be\/actualites\/wp-content\/uploads\/2024\/09\/cropped-vieassociative_favicon.ico.png\",\"contentUrl\":\"https:\/\/vieassociative.be\/actualites\/wp-content\/uploads\/2024\/09\/cropped-vieassociative_favicon.ico.png\",\"width\":512,\"height\":512,\"caption\":\"Vie Associative\"},\"image\":{\"@id\":\"https:\/\/vieassociative.be\/actualites\/#\/schema\/logo\/image\/\"}},{\"@type\":\"Person\",\"@id\":\"https:\/\/vieassociative.be\/actualites\/#\/schema\/person\/b87ac4f82f9d4e7b7cec7395b679edc4\",\"name\":\"Julien\",\"image\":{\"@type\":\"ImageObject\",\"inLanguage\":\"fr-BE\",\"@id\":\"https:\/\/vieassociative.be\/actualites\/#\/schema\/person\/image\/\",\"url\":\"https:\/\/vieassociative.be\/actualites\/wp-content\/uploads\/2024\/09\/vie-associative-1-150x150.jpg\",\"contentUrl\":\"https:\/\/vieassociative.be\/actualites\/wp-content\/uploads\/2024\/09\/vie-associative-1-150x150.jpg\",\"caption\":\"Julien\"},\"description\":\"Je suis Julien, r\u00e9dacteur pour Vie Associative. Passionn\u00e9 par le monde associatif depuis plus de 10 ans, j'ai \u00e0 c\u0153ur de partager des histoires inspirantes et de mettre en lumi\u00e8re les initiatives locales. Mon objectif est de sensibiliser et d'encourager l'engagement communautaire \u00e0 travers mes articles.\",\"sameAs\":[\"https:\/\/vieassociative.be\/\"]}]}<\/script>\n<!-- \/ Yoast SEO plugin. -->","yoast_head_json":{"title":"Lukaku sur le point de faire son retour apr\u00e8s une pause de quatre mois | Vie Associative","robots":{"index":"index","follow":"follow","max-snippet":"max-snippet:-1","max-image-preview":"max-image-preview:large","max-video-preview":"max-video-preview:-1"},"canonical":"https:\/\/vieassociative.be\/actualites\/lukaku-sur-le-point-de-faire-son-retour-apres-une-pause-de-quatre-mois\/","og_locale":"fr_FR","og_type":"article","og_title":"Lukaku sur le point de faire son retour apr\u00e8s une pause de quatre mois | Vie Associative","og_description":"Les Tifosi du SSC Napoli et les supporters de l&rsquo;\u00e9quipe nationale belge de football l&rsquo;attendaient avec impatience : apr\u00e8s quatre mois d&rsquo;arr\u00eat pour blessure, Romelu","og_url":"https:\/\/vieassociative.be\/actualites\/lukaku-sur-le-point-de-faire-son-retour-apres-une-pause-de-quatre-mois\/","og_site_name":"Vie Associative","article_published_time":"2025-12-16T14:18:45+00:00","og_image":[{"width":279,"height":92,"url":"https:\/\/vieassociative.be\/actualites\/wp-content\/uploads\/2024\/09\/header_backgroundk-01-e1726694325946.png","type":"image\/png"}],"author":"Julien","twitter_card":"summary_large_image","twitter_misc":{"\u00c9crit par":"Julien","Dur\u00e9e de lecture est.":"2 minutes"},"schema":{"@context":"https:\/\/schema.org","@graph":[{"@type":"Article","@id":"https:\/\/vieassociative.be\/actualites\/lukaku-sur-le-point-de-faire-son-retour-apres-une-pause-de-quatre-mois\/#article","isPartOf":{"@id":"https:\/\/vieassociative.be\/actualites\/lukaku-sur-le-point-de-faire-son-retour-apres-une-pause-de-quatre-mois\/"},"author":{"name":"Julien","@id":"https:\/\/vieassociative.be\/actualites\/#\/schema\/person\/b87ac4f82f9d4e7b7cec7395b679edc4"},"headline":"Lukaku sur le point de faire son retour apr\u00e8s une pause de quatre mois","datePublished":"2025-12-16T14:18:45+00:00","dateModified":"2025-12-16T14:18:45+00:00","mainEntityOfPage":{"@id":"https:\/\/vieassociative.be\/actualites\/lukaku-sur-le-point-de-faire-son-retour-apres-une-pause-de-quatre-mois\/"},"wordCount":488,"publisher":{"@id":"https:\/\/vieassociative.be\/actualites\/#organization"},"image":{"@id":"https:\/\/vieassociative.be\/actualites\/lukaku-sur-le-point-de-faire-son-retour-apres-une-pause-de-quatre-mois\/#primaryimage"},"thumbnailUrl":"https:\/\/vieassociative.be\/actualites\/wp-content\/uploads\/2025\/12\/Lukaku-sur-le-point-de-faire-son-retour-apres-une.jpg","keywords":["Apr\u00e8s","faire","Lukaku","mois","pause","point","Quatre","retour","son","sur","une"],"articleSection":["Belgique"],"inLanguage":"fr-BE"},{"@type":"WebPage","@id":"https:\/\/vieassociative.be\/actualites\/lukaku-sur-le-point-de-faire-son-retour-apres-une-pause-de-quatre-mois\/","url":"https:\/\/vieassociative.be\/actualites\/lukaku-sur-le-point-de-faire-son-retour-apres-une-pause-de-quatre-mois\/","name":"Lukaku sur le point de faire son retour apr\u00e8s une pause de quatre mois | Vie Associative","isPartOf":{"@id":"https:\/\/vieassociative.be\/actualites\/#website"},"primaryImageOfPage":{"@id":"https:\/\/vieassociative.be\/actualites\/lukaku-sur-le-point-de-faire-son-retour-apres-une-pause-de-quatre-mois\/#primaryimage"},"image":{"@id":"https:\/\/vieassociative.be\/actualites\/lukaku-sur-le-point-de-faire-son-retour-apres-une-pause-de-quatre-mois\/#primaryimage"},"thumbnailUrl":"https:\/\/vieassociative.be\/actualites\/wp-content\/uploads\/2025\/12\/Lukaku-sur-le-point-de-faire-son-retour-apres-une.jpg","datePublished":"2025-12-16T14:18:45+00:00","dateModified":"2025-12-16T14:18:45+00:00","breadcrumb":{"@id":"https:\/\/vieassociative.be\/actualites\/lukaku-sur-le-point-de-faire-son-retour-apres-une-pause-de-quatre-mois\/#breadcrumb"},"inLanguage":"fr-BE","potentialAction":[{"@type":"ReadAction","target":["https:\/\/vieassociative.be\/actualites\/lukaku-sur-le-point-de-faire-son-retour-apres-une-pause-de-quatre-mois\/"]}]},{"@type":"ImageObject","inLanguage":"fr-BE","@id":"https:\/\/vieassociative.be\/actualites\/lukaku-sur-le-point-de-faire-son-retour-apres-une-pause-de-quatre-mois\/#primaryimage","url":"https:\/\/vieassociative.be\/actualites\/wp-content\/uploads\/2025\/12\/Lukaku-sur-le-point-de-faire-son-retour-apres-une.jpg","contentUrl":"https:\/\/vieassociative.be\/actualites\/wp-content\/uploads\/2025\/12\/Lukaku-sur-le-point-de-faire-son-retour-apres-une.jpg","width":1200,"height":800,"caption":"Lukaku sur le point de faire son retour apr\u00e8s une pause de quatre mois"},{"@type":"BreadcrumbList","@id":"https:\/\/vieassociative.be\/actualites\/lukaku-sur-le-point-de-faire-son-retour-apres-une-pause-de-quatre-mois\/#breadcrumb","itemListElement":[{"@type":"ListItem","position":1,"name":"Accueil","item":"https:\/\/vieassociative.be\/actualites\/"},{"@type":"ListItem","position":2,"name":"Lukaku sur le point de faire son retour apr\u00e8s une pause de quatre mois"}]},{"@type":"WebSite","@id":"https:\/\/vieassociative.be\/actualites\/#website","url":"https:\/\/vieassociative.be\/actualites\/","name":"Vie Associative","description":"","publisher":{"@id":"https:\/\/vieassociative.be\/actualites\/#organization"},"potentialAction":[{"@type":"SearchAction","target":{"@type":"EntryPoint","urlTemplate":"https:\/\/vieassociative.be\/actualites\/?s={search_term_string}"},"query-input":{"@type":"PropertyValueSpecification","valueRequired":true,"valueName":"search_term_string"}}],"inLanguage":"fr-BE"},{"@type":"Organization","@id":"https:\/\/vieassociative.be\/actualites\/#organization","name":"Vie Associative","url":"https:\/\/vieassociative.be\/actualites\/","logo":{"@type":"ImageObject","inLanguage":"fr-BE","@id":"https:\/\/vieassociative.be\/actualites\/#\/schema\/logo\/image\/","url":"https:\/\/vieassociative.be\/actualites\/wp-content\/uploads\/2024\/09\/cropped-vieassociative_favicon.ico.png","contentUrl":"https:\/\/vieassociative.be\/actualites\/wp-content\/uploads\/2024\/09\/cropped-vieassociative_favicon.ico.png","width":512,"height":512,"caption":"Vie Associative"},"image":{"@id":"https:\/\/vieassociative.be\/actualites\/#\/schema\/logo\/image\/"}},{"@type":"Person","@id":"https:\/\/vieassociative.be\/actualites\/#\/schema\/person\/b87ac4f82f9d4e7b7cec7395b679edc4","name":"Julien","image":{"@type":"ImageObject","inLanguage":"fr-BE","@id":"https:\/\/vieassociative.be\/actualites\/#\/schema\/person\/image\/","url":"https:\/\/vieassociative.be\/actualites\/wp-content\/uploads\/2024\/09\/vie-associative-1-150x150.jpg","contentUrl":"https:\/\/vieassociative.be\/actualites\/wp-content\/uploads\/2024\/09\/vie-associative-1-150x150.jpg","caption":"Julien"},"description":"Je suis Julien, r\u00e9dacteur pour Vie Associative. Passionn\u00e9 par le monde associatif depuis plus de 10 ans, j'ai \u00e0 c\u0153ur de partager des histoires inspirantes et de mettre en lumi\u00e8re les initiatives locales. Mon objectif est de sensibiliser et d'encourager l'engagement communautaire \u00e0 travers mes articles.","sameAs":["https:\/\/vieassociative.be\/"]}]}},"_links":{"self":[{"href":"https:\/\/vieassociative.be\/actualites\/wp-json\/wp\/v2\/posts\/11869"}],"collection":[{"href":"https:\/\/vieassociative.be\/actualites\/wp-json\/wp\/v2\/posts"}],"about":[{"href":"https:\/\/vieassociative.be\/actualites\/wp-json\/wp\/v2\/types\/post"}],"author":[{"embeddable":true,"href":"https:\/\/vieassociative.be\/actualites\/wp-json\/wp\/v2\/users\/1"}],"replies":[{"embeddable":true,"href":"https:\/\/vieassociative.be\/actualites\/wp-json\/wp\/v2\/comments?post=11869"}],"version-history":[{"count":0,"href":"https:\/\/vieassociative.be\/actualites\/wp-json\/wp\/v2\/posts\/11869\/revisions"}],"wp:featuredmedia":[{"embeddable":true,"href":"https:\/\/vieassociative.be\/actualites\/wp-json\/wp\/v2\/media\/11870"}],"wp:attachment":[{"href":"https:\/\/vieassociative.be\/actualites\/wp-json\/wp\/v2\/media?parent=11869"}],"wp:term":[{"taxonomy":"category","embeddable":true,"href":"https:\/\/vieassociative.be\/actualites\/wp-json\/wp\/v2\/categories?post=11869"},{"taxonomy":"post_tag","embeddable":true,"href":"https:\/\/vieassociative.be\/actualites\/wp-json\/wp\/v2\/tags?post=11869"}],"curies":[{"name":"wp","href":"https:\/\/api.w.org\/{rel}","templated":true}]}}